{"id":127194,"date":"2024-01-08T08:40:03","date_gmt":"2024-01-08T11:40:03","guid":{"rendered":"https:\/\/eltrabajo.cl\/web\/?p=127194"},"modified":"2024-01-07T21:54:52","modified_gmt":"2024-01-08T00:54:52","slug":"trabajadoras-de-integra-nuevamente-en-paro-por-incumplimiento-de-promesas","status":"publish","type":"post","link":"https:\/\/eltrabajo.cl\/web\/trabajadoras-de-integra-nuevamente-en-paro-por-incumplimiento-de-promesas\/","title":{"rendered":"Trabajadoras de Integra nuevamente en paro por incumplimiento de promesas"},"content":{"rendered":"<p>Nuevamente las trabajadoras de Fundaci\u00f3n Integra se encuentran en paro indefinido, acusando incumplimiento de compromisos previos. Falta de profesionales para cumplir con las tareas que d\u00eda a d\u00eda realizan es parte de la principal demanda que est\u00e1n presentando en la actualidad.<\/p>\n<p><strong>Gustavo Lepe<\/strong>, presidente del sindicato Sinati de la Fundaci\u00f3n Integra, explic\u00f3 que <em>\u00abeste Gobierno no nos escucha nuestras demandas desde hace tiempo, comenzamos esta negociaci\u00f3n desde octubre y nos est\u00e1n negando recursos para contrataci\u00f3n de personas que participan en sala; dado esto, es que hicimos el llamado a paro porque es nuestra \u00fanica arma para defendernos y hacerle saber al Gobierno que necesitamos este personal\u00bb. <\/em><\/p>\n<p>En este sentido, Lepe detall\u00f3 que <em>\u00aben agosto pasado estuvimos casi todo el mes con protestas y marchas, y esa vez fue porque hab\u00eda existido un acuerdo en el a\u00f1o 2022 de que se nos iban a integrar 188 educadoras y nivelar sueldos, por lo menos, logramos la situaci\u00f3n de 188 educadoras para todo Chile y tratamos de nivelar en escala, y ahora nos encontramos con esta situaci\u00f3n donde la autoridad nos dice que no hay recursos\u00bb.<\/em><\/p>\n<p>Falta de profesionales que afecta la atenci\u00f3n y el trabajo con los ni\u00f1os y ni\u00f1as que est\u00e1n en los establecimientos, <em>\u00abson dos personas por sala, tanto de sala cuna y jard\u00edn infantil, cuando existen ni\u00f1os con pa\u00f1ales nos encontramos con que la t\u00eda tiene que cumplir con un calendario educativo, pero no puede realizarlas porque tiene que pasar el d\u00eda mudando, necesitamos esos recursos para que los jardines los tengan\u00bb,<\/em> sostuvo el dirigente.<\/p>\n<p>Respecto de las instancias de di\u00e1logo para destrabar esta situaci\u00f3n, Gustavo Lepe indic\u00f3 que <em>\u00abhemos tenido di\u00e1logos, algunas dirigentes estuvieron en el congreso para poder destrabar este conflicto que ha sido interminable, nuestra gente nos presiona porque para marzo vamos a seguir con el mismo problema, con mucha sobrecarga laboral de las t\u00edas en salas\u00bb.<\/em><\/p>\n<p>Finalmente, el presidente del sindicato Sinati de Fundaci\u00f3n Integra asegur\u00f3 que <em>\u00abhasta el momento es un paro indefinido, estamos desde el 14 de diciembre, hicimos una toma en la casa central en Santiago, pero ni por eso el Gobierno nos ha escuchado, no se ponen en nuestros zapatos y menos en los de los ni\u00f1os\u00bb. <\/em><\/p>\n<figure id=\"attachment_127195\" aria-describedby=\"caption-attachment-127195\" style=\"width: 698px\" class=\"wp-caption alignnone\"><img loading=\"lazy\" decoding=\"async\" class=\"size-full wp-image-127195\" src=\"https:\/\/eltrabajo.cl\/web\/wp-content\/uploads\/2024\/01\/integra-1.jpg\" alt=\"Trabajadoras se tomaron el jard\u00edn infantil \u2018Las Hormiguitas\u2019 en modo de protesta. \" width=\"698\" height=\"497\" srcset=\"https:\/\/eltrabajo.cl\/web\/wp-content\/uploads\/2024\/01\/integra-1.jpg 698w, https:\/\/eltrabajo.cl\/web\/wp-content\/uploads\/2024\/01\/integra-1-300x214.jpg 300w, https:\/\/eltrabajo.cl\/web\/wp-content\/uploads\/2024\/01\/integra-1-150x107.jpg 150w, https:\/\/eltrabajo.cl\/web\/wp-content\/uploads\/2024\/01\/integra-1-696x496.jpg 696w, https:\/\/eltrabajo.cl\/web\/wp-content\/uploads\/2024\/01\/integra-1-590x420.jpg 590w, https:\/\/eltrabajo.cl\/web\/wp-content\/uploads\/2024\/01\/integra-1-100x70.jpg 100w\" sizes=\"auto, (max-width: 698px) 100vw, 698px\" \/><figcaption id=\"caption-attachment-127195\" class=\"wp-caption-text\">Trabajadoras se tomaron el jard\u00edn infantil \u2018Las Hormiguitas\u2019 en modo de protesta.<\/figcaption><\/figure>\n","protected":false},"excerpt":{"rendered":"<p>Nuevamente las trabajadoras de Fundaci\u00f3n Integra se encuentran en paro indefinido, acusando incumplimiento de compromisos previos. Falta de profesionales para cumplir con las tareas que d\u00eda a d\u00eda realizan es parte de la principal demanda que est\u00e1n presentando en la actualidad. Gustavo Lepe, presidente del sindicato Sinati de la Fundaci\u00f3n Integra, explic\u00f3 que \u00abeste Gobierno [&hellip;]<\/p>\n","protected":false},"author":1,"featured_media":127195,"comment_status":"open","ping_status":"open","sticky":false,"template":"","format":"standard","meta":{"footnotes":""},"categories":[3],"tags":[],"class_list":{"0":"post-127194","1":"post","2":"type-post","3":"status-publish","4":"format-standard","5":"has-post-thumbnail","7":"category-cronica-2"},"yoast_head":"<!-- This site is optimized with the Yoast SEO plugin v27.5 - https:\/\/yoast.com\/product\/yoast-seo-wordpress\/ -->\n<title>Trabajadoras de Integra nuevamente en paro por incumplimiento de promesas - Diario El Trabajo<\/title>\n<meta name=\"robots\" content=\"index, follow, max-snippet:-1, max-image-preview:large, max-video-preview:-1\" \/>\n<link rel=\"canonical\" href=\"https:\/\/eltrabajo.cl\/web\/trabajadoras-de-integra-nuevamente-en-paro-por-incumplimiento-de-promesas\/\" \/>\n<meta property=\"og:locale\" content=\"es_ES\" \/>\n<meta property=\"og:type\" content=\"article\" \/>\n<meta property=\"og:title\" content=\"Trabajadoras de Integra nuevamente en paro por incumplimiento de promesas - Diario El Trabajo\" \/>\n<meta property=\"og:description\" content=\"Nuevamente las trabajadoras de Fundaci\u00f3n Integra se encuentran en paro indefinido, acusando incumplimiento de compromisos previos. Falta de profesionales para cumplir con las tareas que d\u00eda a d\u00eda realizan es parte de la principal demanda que est\u00e1n presentando en la actualidad. Gustavo Lepe, presidente del sindicato Sinati de la Fundaci\u00f3n Integra, explic\u00f3 que \u00abeste Gobierno [&hellip;]\" \/>\n<meta property=\"og:url\" content=\"https:\/\/eltrabajo.cl\/web\/trabajadoras-de-integra-nuevamente-en-paro-por-incumplimiento-de-promesas\/\" \/>\n<meta property=\"og:site_name\" content=\"Diario El Trabajo\" \/>\n<meta property=\"article:publisher\" content=\"https:\/\/www.facebook.com\/ElTrabajoDiario\" \/>\n<meta property=\"article:published_time\" content=\"2024-01-08T11:40:03+00:00\" \/>\n<meta property=\"og:image\" content=\"https:\/\/eltrabajo.cl\/web\/wp-content\/uploads\/2024\/01\/integra-1.jpg\" \/>\n\t<meta property=\"og:image:width\" content=\"698\" \/>\n\t<meta property=\"og:image:height\" content=\"497\" \/>\n\t<meta property=\"og:image:type\" content=\"image\/jpeg\" \/>\n<meta name=\"author\" content=\"Diario El Trabajo\" \/>\n<meta name=\"twitter:card\" content=\"summary_large_image\" \/>\n<meta name=\"twitter:creator\" content=\"@diarioeltrabajo\" \/>\n<meta name=\"twitter:site\" content=\"@diarioeltrabajo\" \/>\n<meta name=\"twitter:label1\" content=\"Escrito por\" \/>\n\t<meta name=\"twitter:data1\" content=\"Diario El Trabajo\" \/>\n\t<meta name=\"twitter:label2\" content=\"Tiempo estimado de lectura\" \/>\n\t<meta name=\"twitter:data2\" content=\"2 minutos\" \/>\n<script type=\"application\/ld+json\" class=\"yoast-schema-graph\">{\"@context\":\"https:\\\/\\\/schema.org\",\"@graph\":[{\"@type\":\"Article\",\"@id\":\"https:\\\/\\\/eltrabajo.cl\\\/web\\\/trabajadoras-de-integra-nuevamente-en-paro-por-incumplimiento-de-promesas\\\/#article\",\"isPartOf\":{\"@id\":\"https:\\\/\\\/eltrabajo.cl\\\/web\\\/trabajadoras-de-integra-nuevamente-en-paro-por-incumplimiento-de-promesas\\\/\"},\"author\":{\"name\":\"Diario El Trabajo\",\"@id\":\"https:\\\/\\\/eltrabajo.cl\\\/web\\\/#\\\/schema\\\/person\\\/45efd3d17f86ec456e44dd7debe1bf19\"},\"headline\":\"Trabajadoras de Integra nuevamente en paro por incumplimiento de promesas\",\"datePublished\":\"2024-01-08T11:40:03+00:00\",\"mainEntityOfPage\":{\"@id\":\"https:\\\/\\\/eltrabajo.cl\\\/web\\\/trabajadoras-de-integra-nuevamente-en-paro-por-incumplimiento-de-promesas\\\/\"},\"wordCount\":419,\"commentCount\":0,\"publisher\":{\"@id\":\"https:\\\/\\\/eltrabajo.cl\\\/web\\\/#organization\"},\"image\":{\"@id\":\"https:\\\/\\\/eltrabajo.cl\\\/web\\\/trabajadoras-de-integra-nuevamente-en-paro-por-incumplimiento-de-promesas\\\/#primaryimage\"},\"thumbnailUrl\":\"https:\\\/\\\/eltrabajo.cl\\\/web\\\/wp-content\\\/uploads\\\/2024\\\/01\\\/integra-1.jpg\",\"articleSection\":[\"Cr\u00f3nica\"],\"inLanguage\":\"es-CL\",\"potentialAction\":[{\"@type\":\"CommentAction\",\"name\":\"Comment\",\"target\":[\"https:\\\/\\\/eltrabajo.cl\\\/web\\\/trabajadoras-de-integra-nuevamente-en-paro-por-incumplimiento-de-promesas\\\/#respond\"]}]},{\"@type\":\"WebPage\",\"@id\":\"https:\\\/\\\/eltrabajo.cl\\\/web\\\/trabajadoras-de-integra-nuevamente-en-paro-por-incumplimiento-de-promesas\\\/\",\"url\":\"https:\\\/\\\/eltrabajo.cl\\\/web\\\/trabajadoras-de-integra-nuevamente-en-paro-por-incumplimiento-de-promesas\\\/\",\"name\":\"Trabajadoras de Integra nuevamente en paro por incumplimiento de promesas - Diario El Trabajo\",\"isPartOf\":{\"@id\":\"https:\\\/\\\/eltrabajo.cl\\\/web\\\/#website\"},\"primaryImageOfPage\":{\"@id\":\"https:\\\/\\\/eltrabajo.cl\\\/web\\\/trabajadoras-de-integra-nuevamente-en-paro-por-incumplimiento-de-promesas\\\/#primaryimage\"},\"image\":{\"@id\":\"https:\\\/\\\/eltrabajo.cl\\\/web\\\/trabajadoras-de-integra-nuevamente-en-paro-por-incumplimiento-de-promesas\\\/#primaryimage\"},\"thumbnailUrl\":\"https:\\\/\\\/eltrabajo.cl\\\/web\\\/wp-content\\\/uploads\\\/2024\\\/01\\\/integra-1.jpg\",\"datePublished\":\"2024-01-08T11:40:03+00:00\",\"breadcrumb\":{\"@id\":\"https:\\\/\\\/eltrabajo.cl\\\/web\\\/trabajadoras-de-integra-nuevamente-en-paro-por-incumplimiento-de-promesas\\\/#breadcrumb\"},\"inLanguage\":\"es-CL\",\"potentialAction\":[{\"@type\":\"ReadAction\",\"target\":[\"https:\\\/\\\/eltrabajo.cl\\\/web\\\/trabajadoras-de-integra-nuevamente-en-paro-por-incumplimiento-de-promesas\\\/\"]}]},{\"@type\":\"ImageObject\",\"inLanguage\":\"es-CL\",\"@id\":\"https:\\\/\\\/eltrabajo.cl\\\/web\\\/trabajadoras-de-integra-nuevamente-en-paro-por-incumplimiento-de-promesas\\\/#primaryimage\",\"url\":\"https:\\\/\\\/eltrabajo.cl\\\/web\\\/wp-content\\\/uploads\\\/2024\\\/01\\\/integra-1.jpg\",\"contentUrl\":\"https:\\\/\\\/eltrabajo.cl\\\/web\\\/wp-content\\\/uploads\\\/2024\\\/01\\\/integra-1.jpg\",\"width\":698,\"height\":497,\"caption\":\"Trabajadoras se tomaron el jard\u00edn infantil \u2018Las Hormiguitas\u2019 en modo de protesta.\"},{\"@type\":\"BreadcrumbList\",\"@id\":\"https:\\\/\\\/eltrabajo.cl\\\/web\\\/trabajadoras-de-integra-nuevamente-en-paro-por-incumplimiento-de-promesas\\\/#breadcrumb\",\"itemListElement\":[{\"@type\":\"ListItem\",\"position\":1,\"name\":\"Portada\",\"item\":\"https:\\\/\\\/eltrabajo.cl\\\/web\\\/\"},{\"@type\":\"ListItem\",\"position\":2,\"name\":\"Trabajadoras de Integra nuevamente en paro por incumplimiento de promesas\"}]},{\"@type\":\"WebSite\",\"@id\":\"https:\\\/\\\/eltrabajo.cl\\\/web\\\/#website\",\"url\":\"https:\\\/\\\/eltrabajo.cl\\\/web\\\/\",\"name\":\"Diario El Trabajo\",\"description\":\"Desde 1929 construyendo Identidad Local\",\"publisher\":{\"@id\":\"https:\\\/\\\/eltrabajo.cl\\\/web\\\/#organization\"},\"potentialAction\":[{\"@type\":\"SearchAction\",\"target\":{\"@type\":\"EntryPoint\",\"urlTemplate\":\"https:\\\/\\\/eltrabajo.cl\\\/web\\\/?s={search_term_string}\"},\"query-input\":{\"@type\":\"PropertyValueSpecification\",\"valueRequired\":true,\"valueName\":\"search_term_string\"}}],\"inLanguage\":\"es-CL\"},{\"@type\":\"Organization\",\"@id\":\"https:\\\/\\\/eltrabajo.cl\\\/web\\\/#organization\",\"name\":\"Diario El Trabajo\",\"url\":\"https:\\\/\\\/eltrabajo.cl\\\/web\\\/\",\"logo\":{\"@type\":\"ImageObject\",\"inLanguage\":\"es-CL\",\"@id\":\"https:\\\/\\\/eltrabajo.cl\\\/web\\\/#\\\/schema\\\/logo\\\/image\\\/\",\"url\":\"https:\\\/\\\/eltrabajo.cl\\\/web\\\/wp-content\\\/uploads\\\/2024\\\/06\\\/profile-image-ig-page-diarioeltrabajo.jpg\",\"contentUrl\":\"https:\\\/\\\/eltrabajo.cl\\\/web\\\/wp-content\\\/uploads\\\/2024\\\/06\\\/profile-image-ig-page-diarioeltrabajo.jpg\",\"width\":823,\"height\":823,\"caption\":\"Diario El Trabajo\"},\"image\":{\"@id\":\"https:\\\/\\\/eltrabajo.cl\\\/web\\\/#\\\/schema\\\/logo\\\/image\\\/\"},\"sameAs\":[\"https:\\\/\\\/www.facebook.com\\\/ElTrabajoDiario\",\"https:\\\/\\\/x.com\\\/diarioeltrabajo\"]},{\"@type\":\"Person\",\"@id\":\"https:\\\/\\\/eltrabajo.cl\\\/web\\\/#\\\/schema\\\/person\\\/45efd3d17f86ec456e44dd7debe1bf19\",\"name\":\"Diario El Trabajo\",\"image\":{\"@type\":\"ImageObject\",\"inLanguage\":\"es-CL\",\"@id\":\"https:\\\/\\\/secure.gravatar.com\\\/avatar\\\/7e6ec277dc4aea2677c2dc301d4227957219329c985ab69a3efc12518b5161aa?s=96&d=mm&r=g\",\"url\":\"https:\\\/\\\/secure.gravatar.com\\\/avatar\\\/7e6ec277dc4aea2677c2dc301d4227957219329c985ab69a3efc12518b5161aa?s=96&d=mm&r=g\",\"contentUrl\":\"https:\\\/\\\/secure.gravatar.com\\\/avatar\\\/7e6ec277dc4aea2677c2dc301d4227957219329c985ab69a3efc12518b5161aa?s=96&d=mm&r=g\",\"caption\":\"Diario El Trabajo\"},\"sameAs\":[\"https:\\\/\\\/eltrabajo.cl\\\/web\"],\"url\":\"https:\\\/\\\/eltrabajo.cl\\\/web\\\/author\\\/diario-el-trabajo\\\/\"}]}<\/script>\n<!-- \/ Yoast SEO plugin. -->","yoast_head_json":{"title":"Trabajadoras de Integra nuevamente en paro por incumplimiento de promesas - Diario El Trabajo","robots":{"index":"index","follow":"follow","max-snippet":"max-snippet:-1","max-image-preview":"max-image-preview:large","max-video-preview":"max-video-preview:-1"},"canonical":"https:\/\/eltrabajo.cl\/web\/trabajadoras-de-integra-nuevamente-en-paro-por-incumplimiento-de-promesas\/","og_locale":"es_ES","og_type":"article","og_title":"Trabajadoras de Integra nuevamente en paro por incumplimiento de promesas - Diario El Trabajo","og_description":"Nuevamente las trabajadoras de Fundaci\u00f3n Integra se encuentran en paro indefinido, acusando incumplimiento de compromisos previos. Falta de profesionales para cumplir con las tareas que d\u00eda a d\u00eda realizan es parte de la principal demanda que est\u00e1n presentando en la actualidad. Gustavo Lepe, presidente del sindicato Sinati de la Fundaci\u00f3n Integra, explic\u00f3 que \u00abeste Gobierno [&hellip;]","og_url":"https:\/\/eltrabajo.cl\/web\/trabajadoras-de-integra-nuevamente-en-paro-por-incumplimiento-de-promesas\/","og_site_name":"Diario El Trabajo","article_publisher":"https:\/\/www.facebook.com\/ElTrabajoDiario","article_published_time":"2024-01-08T11:40:03+00:00","og_image":[{"width":698,"height":497,"url":"https:\/\/eltrabajo.cl\/web\/wp-content\/uploads\/2024\/01\/integra-1.jpg","type":"image\/jpeg"}],"author":"Diario El Trabajo","twitter_card":"summary_large_image","twitter_creator":"@diarioeltrabajo","twitter_site":"@diarioeltrabajo","twitter_misc":{"Escrito por":"Diario El Trabajo","Tiempo estimado de lectura":"2 minutos"},"schema":{"@context":"https:\/\/schema.org","@graph":[{"@type":"Article","@id":"https:\/\/eltrabajo.cl\/web\/trabajadoras-de-integra-nuevamente-en-paro-por-incumplimiento-de-promesas\/#article","isPartOf":{"@id":"https:\/\/eltrabajo.cl\/web\/trabajadoras-de-integra-nuevamente-en-paro-por-incumplimiento-de-promesas\/"},"author":{"name":"Diario El Trabajo","@id":"https:\/\/eltrabajo.cl\/web\/#\/schema\/person\/45efd3d17f86ec456e44dd7debe1bf19"},"headline":"Trabajadoras de Integra nuevamente en paro por incumplimiento de promesas","datePublished":"2024-01-08T11:40:03+00:00","mainEntityOfPage":{"@id":"https:\/\/eltrabajo.cl\/web\/trabajadoras-de-integra-nuevamente-en-paro-por-incumplimiento-de-promesas\/"},"wordCount":419,"commentCount":0,"publisher":{"@id":"https:\/\/eltrabajo.cl\/web\/#organization"},"image":{"@id":"https:\/\/eltrabajo.cl\/web\/trabajadoras-de-integra-nuevamente-en-paro-por-incumplimiento-de-promesas\/#primaryimage"},"thumbnailUrl":"https:\/\/eltrabajo.cl\/web\/wp-content\/uploads\/2024\/01\/integra-1.jpg","articleSection":["Cr\u00f3nica"],"inLanguage":"es-CL","potentialAction":[{"@type":"CommentAction","name":"Comment","target":["https:\/\/eltrabajo.cl\/web\/trabajadoras-de-integra-nuevamente-en-paro-por-incumplimiento-de-promesas\/#respond"]}]},{"@type":"WebPage","@id":"https:\/\/eltrabajo.cl\/web\/trabajadoras-de-integra-nuevamente-en-paro-por-incumplimiento-de-promesas\/","url":"https:\/\/eltrabajo.cl\/web\/trabajadoras-de-integra-nuevamente-en-paro-por-incumplimiento-de-promesas\/","name":"Trabajadoras de Integra nuevamente en paro por incumplimiento de promesas - Diario El Trabajo","isPartOf":{"@id":"https:\/\/eltrabajo.cl\/web\/#website"},"primaryImageOfPage":{"@id":"https:\/\/eltrabajo.cl\/web\/trabajadoras-de-integra-nuevamente-en-paro-por-incumplimiento-de-promesas\/#primaryimage"},"image":{"@id":"https:\/\/eltrabajo.cl\/web\/trabajadoras-de-integra-nuevamente-en-paro-por-incumplimiento-de-promesas\/#primaryimage"},"thumbnailUrl":"https:\/\/eltrabajo.cl\/web\/wp-content\/uploads\/2024\/01\/integra-1.jpg","datePublished":"2024-01-08T11:40:03+00:00","breadcrumb":{"@id":"https:\/\/eltrabajo.cl\/web\/trabajadoras-de-integra-nuevamente-en-paro-por-incumplimiento-de-promesas\/#breadcrumb"},"inLanguage":"es-CL","potentialAction":[{"@type":"ReadAction","target":["https:\/\/eltrabajo.cl\/web\/trabajadoras-de-integra-nuevamente-en-paro-por-incumplimiento-de-promesas\/"]}]},{"@type":"ImageObject","inLanguage":"es-CL","@id":"https:\/\/eltrabajo.cl\/web\/trabajadoras-de-integra-nuevamente-en-paro-por-incumplimiento-de-promesas\/#primaryimage","url":"https:\/\/eltrabajo.cl\/web\/wp-content\/uploads\/2024\/01\/integra-1.jpg","contentUrl":"https:\/\/eltrabajo.cl\/web\/wp-content\/uploads\/2024\/01\/integra-1.jpg","width":698,"height":497,"caption":"Trabajadoras se tomaron el jard\u00edn infantil \u2018Las Hormiguitas\u2019 en modo de protesta."},{"@type":"BreadcrumbList","@id":"https:\/\/eltrabajo.cl\/web\/trabajadoras-de-integra-nuevamente-en-paro-por-incumplimiento-de-promesas\/#breadcrumb","itemListElement":[{"@type":"ListItem","position":1,"name":"Portada","item":"https:\/\/eltrabajo.cl\/web\/"},{"@type":"ListItem","position":2,"name":"Trabajadoras de Integra nuevamente en paro por incumplimiento de promesas"}]},{"@type":"WebSite","@id":"https:\/\/eltrabajo.cl\/web\/#website","url":"https:\/\/eltrabajo.cl\/web\/","name":"Diario El Trabajo","description":"Desde 1929 construyendo Identidad Local","publisher":{"@id":"https:\/\/eltrabajo.cl\/web\/#organization"},"potentialAction":[{"@type":"SearchAction","target":{"@type":"EntryPoint","urlTemplate":"https:\/\/eltrabajo.cl\/web\/?s={search_term_string}"},"query-input":{"@type":"PropertyValueSpecification","valueRequired":true,"valueName":"search_term_string"}}],"inLanguage":"es-CL"},{"@type":"Organization","@id":"https:\/\/eltrabajo.cl\/web\/#organization","name":"Diario El Trabajo","url":"https:\/\/eltrabajo.cl\/web\/","logo":{"@type":"ImageObject","inLanguage":"es-CL","@id":"https:\/\/eltrabajo.cl\/web\/#\/schema\/logo\/image\/","url":"https:\/\/eltrabajo.cl\/web\/wp-content\/uploads\/2024\/06\/profile-image-ig-page-diarioeltrabajo.jpg","contentUrl":"https:\/\/eltrabajo.cl\/web\/wp-content\/uploads\/2024\/06\/profile-image-ig-page-diarioeltrabajo.jpg","width":823,"height":823,"caption":"Diario El Trabajo"},"image":{"@id":"https:\/\/eltrabajo.cl\/web\/#\/schema\/logo\/image\/"},"sameAs":["https:\/\/www.facebook.com\/ElTrabajoDiario","https:\/\/x.com\/diarioeltrabajo"]},{"@type":"Person","@id":"https:\/\/eltrabajo.cl\/web\/#\/schema\/person\/45efd3d17f86ec456e44dd7debe1bf19","name":"Diario El Trabajo","image":{"@type":"ImageObject","inLanguage":"es-CL","@id":"https:\/\/secure.gravatar.com\/avatar\/7e6ec277dc4aea2677c2dc301d4227957219329c985ab69a3efc12518b5161aa?s=96&d=mm&r=g","url":"https:\/\/secure.gravatar.com\/avatar\/7e6ec277dc4aea2677c2dc301d4227957219329c985ab69a3efc12518b5161aa?s=96&d=mm&r=g","contentUrl":"https:\/\/secure.gravatar.com\/avatar\/7e6ec277dc4aea2677c2dc301d4227957219329c985ab69a3efc12518b5161aa?s=96&d=mm&r=g","caption":"Diario El Trabajo"},"sameAs":["https:\/\/eltrabajo.cl\/web"],"url":"https:\/\/eltrabajo.cl\/web\/author\/diario-el-trabajo\/"}]}},"_links":{"self":[{"href":"https:\/\/eltrabajo.cl\/web\/wp-json\/wp\/v2\/posts\/127194","targetHints":{"allow":["GET"]}}],"collection":[{"href":"https:\/\/eltrabajo.cl\/web\/wp-json\/wp\/v2\/posts"}],"about":[{"href":"https:\/\/eltrabajo.cl\/web\/wp-json\/wp\/v2\/types\/post"}],"author":[{"embeddable":true,"href":"https:\/\/eltrabajo.cl\/web\/wp-json\/wp\/v2\/users\/1"}],"replies":[{"embeddable":true,"href":"https:\/\/eltrabajo.cl\/web\/wp-json\/wp\/v2\/comments?post=127194"}],"version-history":[{"count":0,"href":"https:\/\/eltrabajo.cl\/web\/wp-json\/wp\/v2\/posts\/127194\/revisions"}],"wp:featuredmedia":[{"embeddable":true,"href":"https:\/\/eltrabajo.cl\/web\/wp-json\/wp\/v2\/media\/127195"}],"wp:attachment":[{"href":"https:\/\/eltrabajo.cl\/web\/wp-json\/wp\/v2\/media?parent=127194"}],"wp:term":[{"taxonomy":"category","embeddable":true,"href":"https:\/\/eltrabajo.cl\/web\/wp-json\/wp\/v2\/categories?post=127194"},{"taxonomy":"post_tag","embeddable":true,"href":"https:\/\/eltrabajo.cl\/web\/wp-json\/wp\/v2\/tags?post=127194"}],"curies":[{"name":"wp","href":"https:\/\/api.w.org\/{rel}","templated":true}]}}