{"id":127398,"date":"2024-01-14T23:15:31","date_gmt":"2024-01-15T02:15:31","guid":{"rendered":"https:\/\/eltrabajo.cl\/web\/?p=127398"},"modified":"2024-01-14T21:32:29","modified_gmt":"2024-01-15T00:32:29","slug":"en-prision-preventiva-delincuente-de-19-anos-de-edad-detenido-en-llay-llay","status":"publish","type":"post","link":"https:\/\/eltrabajo.cl\/web\/en-prision-preventiva-delincuente-de-19-anos-de-edad-detenido-en-llay-llay\/","title":{"rendered":"En prisi\u00f3n preventiva delincuente de 19 a\u00f1os de edad detenido en Llay Llay"},"content":{"rendered":"<ul>\n<li><strong>Joven malviviente era buscado por los delitos de robo con intimidaci\u00f3n y robo con violencia.-<\/strong><\/li>\n<\/ul>\n<p>Carabineros de la Secci\u00f3n de Investigaci\u00f3n Policial (SIP) de la Segunda Comisar\u00eda de San Felipe, lograron detener a un delincuente de 19 a\u00f1os de edad identificado como <strong>J.A.P.M.<\/strong>, quien era intensamente buscado por ser el autor de dos delitos de robo con intimidaci\u00f3n y uno por robo con sorpresa en la comuna de Llay Llay.<\/p>\n<p>Tras las denuncias realizadas por las v\u00edctimas y el trabajo investigativo de personal de la SIP de Carabineros, el joven malviviente fue aprehendido la tarde del pasado viernes en la misma comuna del viento.<\/p>\n<p>La joven carrera delictual de este sujeto se vio frenada gracias a la acci\u00f3n de Carabineros, que logr\u00f3 detenerlo tras haber cometido al menos estos tres delitos en la comuna de Llay Llay.<\/p>\n<p>El delincuente finalmente pas\u00f3 a control de detenci\u00f3n en el Juzgado de Garant\u00eda de San Felipe, donde fue formalizado y qued\u00f3 en prisi\u00f3n preventiva.<\/p>\n<figure id=\"attachment_127399\" aria-describedby=\"caption-attachment-127399\" style=\"width: 699px\" class=\"wp-caption alignnone\"><img loading=\"lazy\" decoding=\"async\" class=\"size-full wp-image-127399\" src=\"https:\/\/eltrabajo.cl\/web\/wp-content\/uploads\/2024\/01\/detenido.jpg\" alt=\"Este es el momento exacto donde el delincuente de 19 a\u00f1os fue detenido.\" width=\"699\" height=\"420\" srcset=\"https:\/\/eltrabajo.cl\/web\/wp-content\/uploads\/2024\/01\/detenido.jpg 699w, https:\/\/eltrabajo.cl\/web\/wp-content\/uploads\/2024\/01\/detenido-300x180.jpg 300w, https:\/\/eltrabajo.cl\/web\/wp-content\/uploads\/2024\/01\/detenido-150x90.jpg 150w, https:\/\/eltrabajo.cl\/web\/wp-content\/uploads\/2024\/01\/detenido-696x418.jpg 696w\" sizes=\"auto, (max-width: 699px) 100vw, 699px\" \/><figcaption id=\"caption-attachment-127399\" class=\"wp-caption-text\">Este es el momento exacto donde el delincuente de 19 a\u00f1os fue detenido.<\/figcaption><\/figure>\n","protected":false},"excerpt":{"rendered":"<p>Joven malviviente era buscado por los delitos de robo con intimidaci\u00f3n y robo con violencia.- Carabineros de la Secci\u00f3n de Investigaci\u00f3n Policial (SIP) de la Segunda Comisar\u00eda de San Felipe, lograron detener a un delincuente de 19 a\u00f1os de edad identificado como J.A.P.M., quien era intensamente buscado por ser el autor de dos delitos de [&hellip;]<\/p>\n","protected":false},"author":1,"featured_media":127399,"comment_status":"open","ping_status":"open","sticky":false,"template":"","format":"standard","meta":{"footnotes":""},"categories":[5],"tags":[],"class_list":{"0":"post-127398","1":"post","2":"type-post","3":"status-publish","4":"format-standard","5":"has-post-thumbnail","7":"category-policial"},"yoast_head":"<!-- This site is optimized with the Yoast SEO plugin v27.4 - https:\/\/yoast.com\/product\/yoast-seo-wordpress\/ -->\n<title>En prisi\u00f3n preventiva delincuente de 19 a\u00f1os de edad detenido en Llay Llay - Diario El Trabajo<\/title>\n<meta name=\"robots\" content=\"index, follow, max-snippet:-1, max-image-preview:large, max-video-preview:-1\" \/>\n<link rel=\"canonical\" href=\"https:\/\/eltrabajo.cl\/web\/en-prision-preventiva-delincuente-de-19-anos-de-edad-detenido-en-llay-llay\/\" \/>\n<meta property=\"og:locale\" content=\"es_ES\" \/>\n<meta property=\"og:type\" content=\"article\" \/>\n<meta property=\"og:title\" content=\"En prisi\u00f3n preventiva delincuente de 19 a\u00f1os de edad detenido en Llay Llay - Diario El Trabajo\" \/>\n<meta property=\"og:description\" content=\"Joven malviviente era buscado por los delitos de robo con intimidaci\u00f3n y robo con violencia.- Carabineros de la Secci\u00f3n de Investigaci\u00f3n Policial (SIP) de la Segunda Comisar\u00eda de San Felipe, lograron detener a un delincuente de 19 a\u00f1os de edad identificado como J.A.P.M., quien era intensamente buscado por ser el autor de dos delitos de [&hellip;]\" \/>\n<meta property=\"og:url\" content=\"https:\/\/eltrabajo.cl\/web\/en-prision-preventiva-delincuente-de-19-anos-de-edad-detenido-en-llay-llay\/\" \/>\n<meta property=\"og:site_name\" content=\"Diario El Trabajo\" \/>\n<meta property=\"article:publisher\" content=\"https:\/\/www.facebook.com\/ElTrabajoDiario\" \/>\n<meta property=\"article:published_time\" content=\"2024-01-15T02:15:31+00:00\" \/>\n<meta property=\"og:image\" content=\"https:\/\/eltrabajo.cl\/web\/wp-content\/uploads\/2024\/01\/detenido.jpg\" \/>\n\t<meta property=\"og:image:width\" content=\"699\" \/>\n\t<meta property=\"og:image:height\" content=\"420\" \/>\n\t<meta property=\"og:image:type\" content=\"image\/jpeg\" \/>\n<meta name=\"author\" content=\"Diario El Trabajo\" \/>\n<meta name=\"twitter:card\" content=\"summary_large_image\" \/>\n<meta name=\"twitter:creator\" content=\"@diarioeltrabajo\" \/>\n<meta name=\"twitter:site\" content=\"@diarioeltrabajo\" \/>\n<meta name=\"twitter:label1\" content=\"Escrito por\" \/>\n\t<meta name=\"twitter:data1\" content=\"Diario El Trabajo\" \/>\n\t<meta name=\"twitter:label2\" content=\"Tiempo estimado de lectura\" \/>\n\t<meta name=\"twitter:data2\" content=\"1 minuto\" \/>\n<script type=\"application\/ld+json\" class=\"yoast-schema-graph\">{\"@context\":\"https:\\\/\\\/schema.org\",\"@graph\":[{\"@type\":\"Article\",\"@id\":\"https:\\\/\\\/eltrabajo.cl\\\/web\\\/en-prision-preventiva-delincuente-de-19-anos-de-edad-detenido-en-llay-llay\\\/#article\",\"isPartOf\":{\"@id\":\"https:\\\/\\\/eltrabajo.cl\\\/web\\\/en-prision-preventiva-delincuente-de-19-anos-de-edad-detenido-en-llay-llay\\\/\"},\"author\":{\"name\":\"Diario El Trabajo\",\"@id\":\"https:\\\/\\\/eltrabajo.cl\\\/web\\\/#\\\/schema\\\/person\\\/45efd3d17f86ec456e44dd7debe1bf19\"},\"headline\":\"En prisi\u00f3n preventiva delincuente de 19 a\u00f1os de edad detenido en Llay Llay\",\"datePublished\":\"2024-01-15T02:15:31+00:00\",\"mainEntityOfPage\":{\"@id\":\"https:\\\/\\\/eltrabajo.cl\\\/web\\\/en-prision-preventiva-delincuente-de-19-anos-de-edad-detenido-en-llay-llay\\\/\"},\"wordCount\":209,\"commentCount\":0,\"publisher\":{\"@id\":\"https:\\\/\\\/eltrabajo.cl\\\/web\\\/#organization\"},\"image\":{\"@id\":\"https:\\\/\\\/eltrabajo.cl\\\/web\\\/en-prision-preventiva-delincuente-de-19-anos-de-edad-detenido-en-llay-llay\\\/#primaryimage\"},\"thumbnailUrl\":\"https:\\\/\\\/eltrabajo.cl\\\/web\\\/wp-content\\\/uploads\\\/2024\\\/01\\\/detenido.jpg\",\"articleSection\":[\"Policial\"],\"inLanguage\":\"es-CL\",\"potentialAction\":[{\"@type\":\"CommentAction\",\"name\":\"Comment\",\"target\":[\"https:\\\/\\\/eltrabajo.cl\\\/web\\\/en-prision-preventiva-delincuente-de-19-anos-de-edad-detenido-en-llay-llay\\\/#respond\"]}]},{\"@type\":\"WebPage\",\"@id\":\"https:\\\/\\\/eltrabajo.cl\\\/web\\\/en-prision-preventiva-delincuente-de-19-anos-de-edad-detenido-en-llay-llay\\\/\",\"url\":\"https:\\\/\\\/eltrabajo.cl\\\/web\\\/en-prision-preventiva-delincuente-de-19-anos-de-edad-detenido-en-llay-llay\\\/\",\"name\":\"En prisi\u00f3n preventiva delincuente de 19 a\u00f1os de edad detenido en Llay Llay - Diario El Trabajo\",\"isPartOf\":{\"@id\":\"https:\\\/\\\/eltrabajo.cl\\\/web\\\/#website\"},\"primaryImageOfPage\":{\"@id\":\"https:\\\/\\\/eltrabajo.cl\\\/web\\\/en-prision-preventiva-delincuente-de-19-anos-de-edad-detenido-en-llay-llay\\\/#primaryimage\"},\"image\":{\"@id\":\"https:\\\/\\\/eltrabajo.cl\\\/web\\\/en-prision-preventiva-delincuente-de-19-anos-de-edad-detenido-en-llay-llay\\\/#primaryimage\"},\"thumbnailUrl\":\"https:\\\/\\\/eltrabajo.cl\\\/web\\\/wp-content\\\/uploads\\\/2024\\\/01\\\/detenido.jpg\",\"datePublished\":\"2024-01-15T02:15:31+00:00\",\"breadcrumb\":{\"@id\":\"https:\\\/\\\/eltrabajo.cl\\\/web\\\/en-prision-preventiva-delincuente-de-19-anos-de-edad-detenido-en-llay-llay\\\/#breadcrumb\"},\"inLanguage\":\"es-CL\",\"potentialAction\":[{\"@type\":\"ReadAction\",\"target\":[\"https:\\\/\\\/eltrabajo.cl\\\/web\\\/en-prision-preventiva-delincuente-de-19-anos-de-edad-detenido-en-llay-llay\\\/\"]}]},{\"@type\":\"ImageObject\",\"inLanguage\":\"es-CL\",\"@id\":\"https:\\\/\\\/eltrabajo.cl\\\/web\\\/en-prision-preventiva-delincuente-de-19-anos-de-edad-detenido-en-llay-llay\\\/#primaryimage\",\"url\":\"https:\\\/\\\/eltrabajo.cl\\\/web\\\/wp-content\\\/uploads\\\/2024\\\/01\\\/detenido.jpg\",\"contentUrl\":\"https:\\\/\\\/eltrabajo.cl\\\/web\\\/wp-content\\\/uploads\\\/2024\\\/01\\\/detenido.jpg\",\"width\":699,\"height\":420,\"caption\":\"Este es el momento exacto donde el delincuente de 19 a\u00f1os fue detenido.\"},{\"@type\":\"BreadcrumbList\",\"@id\":\"https:\\\/\\\/eltrabajo.cl\\\/web\\\/en-prision-preventiva-delincuente-de-19-anos-de-edad-detenido-en-llay-llay\\\/#breadcrumb\",\"itemListElement\":[{\"@type\":\"ListItem\",\"position\":1,\"name\":\"Portada\",\"item\":\"https:\\\/\\\/eltrabajo.cl\\\/web\\\/\"},{\"@type\":\"ListItem\",\"position\":2,\"name\":\"En prisi\u00f3n preventiva delincuente de 19 a\u00f1os de edad detenido en Llay Llay\"}]},{\"@type\":\"WebSite\",\"@id\":\"https:\\\/\\\/eltrabajo.cl\\\/web\\\/#website\",\"url\":\"https:\\\/\\\/eltrabajo.cl\\\/web\\\/\",\"name\":\"Diario El Trabajo\",\"description\":\"Desde 1929 construyendo Identidad Local\",\"publisher\":{\"@id\":\"https:\\\/\\\/eltrabajo.cl\\\/web\\\/#organization\"},\"potentialAction\":[{\"@type\":\"SearchAction\",\"target\":{\"@type\":\"EntryPoint\",\"urlTemplate\":\"https:\\\/\\\/eltrabajo.cl\\\/web\\\/?s={search_term_string}\"},\"query-input\":{\"@type\":\"PropertyValueSpecification\",\"valueRequired\":true,\"valueName\":\"search_term_string\"}}],\"inLanguage\":\"es-CL\"},{\"@type\":\"Organization\",\"@id\":\"https:\\\/\\\/eltrabajo.cl\\\/web\\\/#organization\",\"name\":\"Diario El Trabajo\",\"url\":\"https:\\\/\\\/eltrabajo.cl\\\/web\\\/\",\"logo\":{\"@type\":\"ImageObject\",\"inLanguage\":\"es-CL\",\"@id\":\"https:\\\/\\\/eltrabajo.cl\\\/web\\\/#\\\/schema\\\/logo\\\/image\\\/\",\"url\":\"https:\\\/\\\/eltrabajo.cl\\\/web\\\/wp-content\\\/uploads\\\/2024\\\/06\\\/profile-image-ig-page-diarioeltrabajo.jpg\",\"contentUrl\":\"https:\\\/\\\/eltrabajo.cl\\\/web\\\/wp-content\\\/uploads\\\/2024\\\/06\\\/profile-image-ig-page-diarioeltrabajo.jpg\",\"width\":823,\"height\":823,\"caption\":\"Diario El Trabajo\"},\"image\":{\"@id\":\"https:\\\/\\\/eltrabajo.cl\\\/web\\\/#\\\/schema\\\/logo\\\/image\\\/\"},\"sameAs\":[\"https:\\\/\\\/www.facebook.com\\\/ElTrabajoDiario\",\"https:\\\/\\\/x.com\\\/diarioeltrabajo\"]},{\"@type\":\"Person\",\"@id\":\"https:\\\/\\\/eltrabajo.cl\\\/web\\\/#\\\/schema\\\/person\\\/45efd3d17f86ec456e44dd7debe1bf19\",\"name\":\"Diario El Trabajo\",\"image\":{\"@type\":\"ImageObject\",\"inLanguage\":\"es-CL\",\"@id\":\"https:\\\/\\\/secure.gravatar.com\\\/avatar\\\/7e6ec277dc4aea2677c2dc301d4227957219329c985ab69a3efc12518b5161aa?s=96&d=mm&r=g\",\"url\":\"https:\\\/\\\/secure.gravatar.com\\\/avatar\\\/7e6ec277dc4aea2677c2dc301d4227957219329c985ab69a3efc12518b5161aa?s=96&d=mm&r=g\",\"contentUrl\":\"https:\\\/\\\/secure.gravatar.com\\\/avatar\\\/7e6ec277dc4aea2677c2dc301d4227957219329c985ab69a3efc12518b5161aa?s=96&d=mm&r=g\",\"caption\":\"Diario El Trabajo\"},\"sameAs\":[\"https:\\\/\\\/eltrabajo.cl\\\/web\"],\"url\":\"https:\\\/\\\/eltrabajo.cl\\\/web\\\/author\\\/diario-el-trabajo\\\/\"}]}<\/script>\n<!-- \/ Yoast SEO plugin. -->","yoast_head_json":{"title":"En prisi\u00f3n preventiva delincuente de 19 a\u00f1os de edad detenido en Llay Llay - Diario El Trabajo","robots":{"index":"index","follow":"follow","max-snippet":"max-snippet:-1","max-image-preview":"max-image-preview:large","max-video-preview":"max-video-preview:-1"},"canonical":"https:\/\/eltrabajo.cl\/web\/en-prision-preventiva-delincuente-de-19-anos-de-edad-detenido-en-llay-llay\/","og_locale":"es_ES","og_type":"article","og_title":"En prisi\u00f3n preventiva delincuente de 19 a\u00f1os de edad detenido en Llay Llay - Diario El Trabajo","og_description":"Joven malviviente era buscado por los delitos de robo con intimidaci\u00f3n y robo con violencia.- Carabineros de la Secci\u00f3n de Investigaci\u00f3n Policial (SIP) de la Segunda Comisar\u00eda de San Felipe, lograron detener a un delincuente de 19 a\u00f1os de edad identificado como J.A.P.M., quien era intensamente buscado por ser el autor de dos delitos de [&hellip;]","og_url":"https:\/\/eltrabajo.cl\/web\/en-prision-preventiva-delincuente-de-19-anos-de-edad-detenido-en-llay-llay\/","og_site_name":"Diario El Trabajo","article_publisher":"https:\/\/www.facebook.com\/ElTrabajoDiario","article_published_time":"2024-01-15T02:15:31+00:00","og_image":[{"width":699,"height":420,"url":"https:\/\/eltrabajo.cl\/web\/wp-content\/uploads\/2024\/01\/detenido.jpg","type":"image\/jpeg"}],"author":"Diario El Trabajo","twitter_card":"summary_large_image","twitter_creator":"@diarioeltrabajo","twitter_site":"@diarioeltrabajo","twitter_misc":{"Escrito por":"Diario El Trabajo","Tiempo estimado de lectura":"1 minuto"},"schema":{"@context":"https:\/\/schema.org","@graph":[{"@type":"Article","@id":"https:\/\/eltrabajo.cl\/web\/en-prision-preventiva-delincuente-de-19-anos-de-edad-detenido-en-llay-llay\/#article","isPartOf":{"@id":"https:\/\/eltrabajo.cl\/web\/en-prision-preventiva-delincuente-de-19-anos-de-edad-detenido-en-llay-llay\/"},"author":{"name":"Diario El Trabajo","@id":"https:\/\/eltrabajo.cl\/web\/#\/schema\/person\/45efd3d17f86ec456e44dd7debe1bf19"},"headline":"En prisi\u00f3n preventiva delincuente de 19 a\u00f1os de edad detenido en Llay Llay","datePublished":"2024-01-15T02:15:31+00:00","mainEntityOfPage":{"@id":"https:\/\/eltrabajo.cl\/web\/en-prision-preventiva-delincuente-de-19-anos-de-edad-detenido-en-llay-llay\/"},"wordCount":209,"commentCount":0,"publisher":{"@id":"https:\/\/eltrabajo.cl\/web\/#organization"},"image":{"@id":"https:\/\/eltrabajo.cl\/web\/en-prision-preventiva-delincuente-de-19-anos-de-edad-detenido-en-llay-llay\/#primaryimage"},"thumbnailUrl":"https:\/\/eltrabajo.cl\/web\/wp-content\/uploads\/2024\/01\/detenido.jpg","articleSection":["Policial"],"inLanguage":"es-CL","potentialAction":[{"@type":"CommentAction","name":"Comment","target":["https:\/\/eltrabajo.cl\/web\/en-prision-preventiva-delincuente-de-19-anos-de-edad-detenido-en-llay-llay\/#respond"]}]},{"@type":"WebPage","@id":"https:\/\/eltrabajo.cl\/web\/en-prision-preventiva-delincuente-de-19-anos-de-edad-detenido-en-llay-llay\/","url":"https:\/\/eltrabajo.cl\/web\/en-prision-preventiva-delincuente-de-19-anos-de-edad-detenido-en-llay-llay\/","name":"En prisi\u00f3n preventiva delincuente de 19 a\u00f1os de edad detenido en Llay Llay - Diario El Trabajo","isPartOf":{"@id":"https:\/\/eltrabajo.cl\/web\/#website"},"primaryImageOfPage":{"@id":"https:\/\/eltrabajo.cl\/web\/en-prision-preventiva-delincuente-de-19-anos-de-edad-detenido-en-llay-llay\/#primaryimage"},"image":{"@id":"https:\/\/eltrabajo.cl\/web\/en-prision-preventiva-delincuente-de-19-anos-de-edad-detenido-en-llay-llay\/#primaryimage"},"thumbnailUrl":"https:\/\/eltrabajo.cl\/web\/wp-content\/uploads\/2024\/01\/detenido.jpg","datePublished":"2024-01-15T02:15:31+00:00","breadcrumb":{"@id":"https:\/\/eltrabajo.cl\/web\/en-prision-preventiva-delincuente-de-19-anos-de-edad-detenido-en-llay-llay\/#breadcrumb"},"inLanguage":"es-CL","potentialAction":[{"@type":"ReadAction","target":["https:\/\/eltrabajo.cl\/web\/en-prision-preventiva-delincuente-de-19-anos-de-edad-detenido-en-llay-llay\/"]}]},{"@type":"ImageObject","inLanguage":"es-CL","@id":"https:\/\/eltrabajo.cl\/web\/en-prision-preventiva-delincuente-de-19-anos-de-edad-detenido-en-llay-llay\/#primaryimage","url":"https:\/\/eltrabajo.cl\/web\/wp-content\/uploads\/2024\/01\/detenido.jpg","contentUrl":"https:\/\/eltrabajo.cl\/web\/wp-content\/uploads\/2024\/01\/detenido.jpg","width":699,"height":420,"caption":"Este es el momento exacto donde el delincuente de 19 a\u00f1os fue detenido."},{"@type":"BreadcrumbList","@id":"https:\/\/eltrabajo.cl\/web\/en-prision-preventiva-delincuente-de-19-anos-de-edad-detenido-en-llay-llay\/#breadcrumb","itemListElement":[{"@type":"ListItem","position":1,"name":"Portada","item":"https:\/\/eltrabajo.cl\/web\/"},{"@type":"ListItem","position":2,"name":"En prisi\u00f3n preventiva delincuente de 19 a\u00f1os de edad detenido en Llay Llay"}]},{"@type":"WebSite","@id":"https:\/\/eltrabajo.cl\/web\/#website","url":"https:\/\/eltrabajo.cl\/web\/","name":"Diario El Trabajo","description":"Desde 1929 construyendo Identidad Local","publisher":{"@id":"https:\/\/eltrabajo.cl\/web\/#organization"},"potentialAction":[{"@type":"SearchAction","target":{"@type":"EntryPoint","urlTemplate":"https:\/\/eltrabajo.cl\/web\/?s={search_term_string}"},"query-input":{"@type":"PropertyValueSpecification","valueRequired":true,"valueName":"search_term_string"}}],"inLanguage":"es-CL"},{"@type":"Organization","@id":"https:\/\/eltrabajo.cl\/web\/#organization","name":"Diario El Trabajo","url":"https:\/\/eltrabajo.cl\/web\/","logo":{"@type":"ImageObject","inLanguage":"es-CL","@id":"https:\/\/eltrabajo.cl\/web\/#\/schema\/logo\/image\/","url":"https:\/\/eltrabajo.cl\/web\/wp-content\/uploads\/2024\/06\/profile-image-ig-page-diarioeltrabajo.jpg","contentUrl":"https:\/\/eltrabajo.cl\/web\/wp-content\/uploads\/2024\/06\/profile-image-ig-page-diarioeltrabajo.jpg","width":823,"height":823,"caption":"Diario El Trabajo"},"image":{"@id":"https:\/\/eltrabajo.cl\/web\/#\/schema\/logo\/image\/"},"sameAs":["https:\/\/www.facebook.com\/ElTrabajoDiario","https:\/\/x.com\/diarioeltrabajo"]},{"@type":"Person","@id":"https:\/\/eltrabajo.cl\/web\/#\/schema\/person\/45efd3d17f86ec456e44dd7debe1bf19","name":"Diario El Trabajo","image":{"@type":"ImageObject","inLanguage":"es-CL","@id":"https:\/\/secure.gravatar.com\/avatar\/7e6ec277dc4aea2677c2dc301d4227957219329c985ab69a3efc12518b5161aa?s=96&d=mm&r=g","url":"https:\/\/secure.gravatar.com\/avatar\/7e6ec277dc4aea2677c2dc301d4227957219329c985ab69a3efc12518b5161aa?s=96&d=mm&r=g","contentUrl":"https:\/\/secure.gravatar.com\/avatar\/7e6ec277dc4aea2677c2dc301d4227957219329c985ab69a3efc12518b5161aa?s=96&d=mm&r=g","caption":"Diario El Trabajo"},"sameAs":["https:\/\/eltrabajo.cl\/web"],"url":"https:\/\/eltrabajo.cl\/web\/author\/diario-el-trabajo\/"}]}},"_links":{"self":[{"href":"https:\/\/eltrabajo.cl\/web\/wp-json\/wp\/v2\/posts\/127398","targetHints":{"allow":["GET"]}}],"collection":[{"href":"https:\/\/eltrabajo.cl\/web\/wp-json\/wp\/v2\/posts"}],"about":[{"href":"https:\/\/eltrabajo.cl\/web\/wp-json\/wp\/v2\/types\/post"}],"author":[{"embeddable":true,"href":"https:\/\/eltrabajo.cl\/web\/wp-json\/wp\/v2\/users\/1"}],"replies":[{"embeddable":true,"href":"https:\/\/eltrabajo.cl\/web\/wp-json\/wp\/v2\/comments?post=127398"}],"version-history":[{"count":0,"href":"https:\/\/eltrabajo.cl\/web\/wp-json\/wp\/v2\/posts\/127398\/revisions"}],"wp:featuredmedia":[{"embeddable":true,"href":"https:\/\/eltrabajo.cl\/web\/wp-json\/wp\/v2\/media\/127399"}],"wp:attachment":[{"href":"https:\/\/eltrabajo.cl\/web\/wp-json\/wp\/v2\/media?parent=127398"}],"wp:term":[{"taxonomy":"category","embeddable":true,"href":"https:\/\/eltrabajo.cl\/web\/wp-json\/wp\/v2\/categories?post=127398"},{"taxonomy":"post_tag","embeddable":true,"href":"https:\/\/eltrabajo.cl\/web\/wp-json\/wp\/v2\/tags?post=127398"}],"curies":[{"name":"wp","href":"https:\/\/api.w.org\/{rel}","templated":true}]}}