{"id":127401,"date":"2024-01-14T23:20:38","date_gmt":"2024-01-15T02:20:38","guid":{"rendered":"https:\/\/eltrabajo.cl\/web\/?p=127401"},"modified":"2024-01-14T21:36:10","modified_gmt":"2024-01-15T00:36:10","slug":"vecino-reclama-por-abandono-de-transitada-calle-en-sector-oriente","status":"publish","type":"post","link":"https:\/\/eltrabajo.cl\/web\/vecino-reclama-por-abandono-de-transitada-calle-en-sector-oriente\/","title":{"rendered":"Vecino reclama por abandono de transitada calle en sector Oriente"},"content":{"rendered":"<p><span style=\"color: #ff0000;\"><strong>Mar\u00eda Eufrasia llegando a Villa El Se\u00f1orial:<\/strong><\/span><\/p>\n<p><strong>Javier B\u00f3rquez<\/strong>, vecino de Vila El Se\u00f1orial y cercano a Mar\u00eda Eufrasia (prolongaci\u00f3n de San Mart\u00edn al Oriente), est\u00e1 haciendo p\u00fablica su preocupaci\u00f3n por el abandono en que se encuentra ese sector o intersecci\u00f3n.<\/p>\n<p>Abundante pasto seco y zarzamoras hacen temer por un incendio de proporciones, a lo que se suman escombros que quedan en el lugar producto de de la limpieza del canal, cuya agua en invierno se pasa a las casas.<\/p>\n<p>As\u00ed lo detalla en conversaci\u00f3n con nuestro medio, se\u00f1alando que <em>\u00abesta calle desde que se inaugur\u00f3, la cual no estamos en contra del avance de San Felipe, que tenemos problemas con este canal que se ve ac\u00e1, porque cuando lo corrieron se hizo una v\u00eda nueva para \u00e9l, donde el agua en invierno se pasa para las casas que est\u00e1n para el lado de Ren\u00e9 Flores. Adem\u00e1s una vez que limpian, que le corresponde a la parte de los canales y lo hacen una vez al a\u00f1o, es muy buena la limpieza, pero queda todo el escombro que sacan del barro y eso lo tiene que ver la municipalidad, lo tienen que venir a sacar. La \u00faltima que vez que vinieron fue el a\u00f1o pasado y todav\u00eda est\u00e1 ah\u00ed. En una reuni\u00f3n que tuvimos con la municipalidad vino Dideco, Aseo y Ornato, en la cual estaba don <strong>Mauricio Castro<\/strong>. Se comprometi\u00f3 que dentro de la semana iba a empezar a hacer el aseo, esto fue el 23 de septiembre y ah\u00ed est\u00e1 todav\u00eda el escombro. Estamos con peligro de incendio producto que hay mucho pasto seco y zarzamora. S\u00ed estamos en contacto con don Fernando, que es el due\u00f1o del terreno, quien dice si vamos a cerrar se puede hacer, pero con algo bueno, no las panderetas que est\u00e1n en estos momentos que las est\u00e1n echando abajo de apoco, aqu\u00ed habr\u00eda que colocar ladrillos,\u00a0 entonces ah\u00ed estamos viendo qu\u00e9 hacemos para juntar plata entre los vecinos y hacer algo bueno\u00bb.<\/em><\/p>\n<p>&#8211;<strong> Se ve harto pasto seco y largo.<\/strong><\/p>\n<p>&#8211; Claro, este problema ya es parte de la municipalidad, le corresponde a ellos. Una vez que hacen el aseo los ni\u00f1os del canal\u2026 los ratones que se pasan para las casas, tenemos ese problema con el canal.<\/p>\n<p>&#8211; <strong>O sea todo eso es a consecuencia del canal.<\/strong><\/p>\n<p>&#8211; A consecuencia del canal y falta de preocupaci\u00f3n por parte de la municipalidad. Nosotros hemos conversado con Dideco y se han portado muy bien con nosotros que nos ha estado ayudando, estamos postulando a unos programas que est\u00e1n aqu\u00ed, una plazoleta que est\u00e1 all\u00e1 atr\u00e1s, nos van a tirar agua, postulamos para ver qu\u00e9 pasa con eso, pero por la parte de aseo\u2026 nada, nada.<\/p>\n<p>&#8211; <strong>\u00bfEso eso es lo que le urge a ustedes?<\/strong><\/p>\n<p>&#8211; Lo que no urge es que nos limpien ac\u00e1, porque el a\u00f1o ante pasado hubo un incendio como a las 4 de la tarde y el cuartelero lleg\u00f3 solo, yo tuve que pitonear ah\u00ed y despu\u00e9s en la ma\u00f1ana se volvi\u00f3 incendiar eso, as\u00ed es que aqu\u00ed estamos.<\/p>\n<p>&#8211; <strong>\u00bfPor qu\u00e9 hacerlo p\u00fablico?<\/strong><\/p>\n<p>&#8211; Lo hago p\u00fablico porque ya estamos aburridos de la parte del aseo de parte de don Mauricio, que no viene, y por lo que tengo entendido le avisan y no viene, le dan la informaci\u00f3n que tiene que venir para ac\u00e1 y no lo hace. Ahora se invirti\u00f3 cu\u00e1nta plata en lo que est\u00e1n haciendo con el Palmenia Pizarro en la plaza, y como no van a poder venir a limpiar ac\u00e1, esta es una parte que se ve muy bonito, pero cuando est\u00e1 limpio.<\/p>\n<p>&#8211; <strong>Hay harto tr\u00e1nsito vehicular.<\/strong><\/p>\n<p>&#8211; Hay harto tr\u00e1nsito tambi\u00e9n, aqu\u00ed tambi\u00e9n se mete gente para el otro lado, escolares cuando est\u00e1n en clases, se meten ellos para ac\u00e1 y tenemos que estar sac\u00e1ndolos, parejas, ni\u00f1os, vienen a hacer sus cosas, se ponen a fumar marihuana o tomar;\u00a0 all\u00e1 adentro est\u00e1 lleno de basura, uniformes de colegio.<\/p>\n<p>&#8211; <strong>\u00bfEsa parte es privada?<\/strong><\/p>\n<p>&#8211; Esa parte es privada, de la cual nosotros tenemos que estar sacando, correteando\u00a0 gente porque se han tratado de meter a robar a las casas.<\/p>\n<p>&#8211; <strong>O sea usan como trampol\u00edn para tratar de meterse a robar a las casas.<\/strong><\/p>\n<p>&#8211; Claro, y tambi\u00e9n se meten a tomar ah\u00ed.<\/p>\n<p>&#8211; <strong>\u00bfAlgo m\u00e1s?<\/strong><\/p>\n<p>&#8211; Por parte de la constructora de la cual estamos bien agradecidos, ellos van a tapar unos hoyos que hay por all\u00e1 en la calle Ren\u00e9 Flores y por Isaura Beltr\u00e1n. Porque nosotros tambi\u00e9n estamos preocupados, se mete gente por ah\u00ed, entonces ellos van a tapar, creo que esta semana, eso es lo que tenemos entendido.<\/p>\n<p>Consultado al respecto Mauricio Castro, nos dijo que se necesita una retroexcavadora. Es un tema delicado que est\u00e1 pendiente, que se va a hacer en los pr\u00f3ximos d\u00edas.<\/p>\n<figure id=\"attachment_127402\" aria-describedby=\"caption-attachment-127402\" style=\"width: 700px\" class=\"wp-caption alignnone\"><img loading=\"lazy\" decoding=\"async\" class=\"size-full wp-image-127402\" src=\"https:\/\/eltrabajo.cl\/web\/wp-content\/uploads\/2024\/01\/Eufrasia-Canal-3.jpg\" alt=\"Una imagen m\u00e1s amplia del canal tapado con arbustos que cuando se limpia aparecen plagas de ratones.\" width=\"700\" height=\"525\" srcset=\"https:\/\/eltrabajo.cl\/web\/wp-content\/uploads\/2024\/01\/Eufrasia-Canal-3.jpg 700w, https:\/\/eltrabajo.cl\/web\/wp-content\/uploads\/2024\/01\/Eufrasia-Canal-3-300x225.jpg 300w, https:\/\/eltrabajo.cl\/web\/wp-content\/uploads\/2024\/01\/Eufrasia-Canal-3-150x113.jpg 150w, https:\/\/eltrabajo.cl\/web\/wp-content\/uploads\/2024\/01\/Eufrasia-Canal-3-696x522.jpg 696w, https:\/\/eltrabajo.cl\/web\/wp-content\/uploads\/2024\/01\/Eufrasia-Canal-3-560x420.jpg 560w, https:\/\/eltrabajo.cl\/web\/wp-content\/uploads\/2024\/01\/Eufrasia-Canal-3-80x60.jpg 80w, https:\/\/eltrabajo.cl\/web\/wp-content\/uploads\/2024\/01\/Eufrasia-Canal-3-265x198.jpg 265w\" sizes=\"auto, (max-width: 700px) 100vw, 700px\" \/><figcaption id=\"caption-attachment-127402\" class=\"wp-caption-text\">Una imagen m\u00e1s amplia del canal tapado con arbustos que cuando se limpia aparecen plagas de ratones.<\/figcaption><\/figure>\n<figure id=\"attachment_127403\" aria-describedby=\"caption-attachment-127403\" style=\"width: 700px\" class=\"wp-caption alignnone\"><img loading=\"lazy\" decoding=\"async\" class=\"size-full wp-image-127403\" src=\"https:\/\/eltrabajo.cl\/web\/wp-content\/uploads\/2024\/01\/Eufrasia-Pandereta.jpg\" alt=\"Ac\u00e1 se aprecia la falta de panderetas que poco a poco las han ido echando abajo. Eso s\u00ed, corresponde a un terreno privado, pero por ac\u00e1 ingresar\u00edan estudiantes y otros con claras intenciones de pasar a robar a domicilios aleda\u00f1os.\" width=\"700\" height=\"525\" srcset=\"https:\/\/eltrabajo.cl\/web\/wp-content\/uploads\/2024\/01\/Eufrasia-Pandereta.jpg 700w, https:\/\/eltrabajo.cl\/web\/wp-content\/uploads\/2024\/01\/Eufrasia-Pandereta-300x225.jpg 300w, https:\/\/eltrabajo.cl\/web\/wp-content\/uploads\/2024\/01\/Eufrasia-Pandereta-150x113.jpg 150w, https:\/\/eltrabajo.cl\/web\/wp-content\/uploads\/2024\/01\/Eufrasia-Pandereta-696x522.jpg 696w, https:\/\/eltrabajo.cl\/web\/wp-content\/uploads\/2024\/01\/Eufrasia-Pandereta-560x420.jpg 560w, https:\/\/eltrabajo.cl\/web\/wp-content\/uploads\/2024\/01\/Eufrasia-Pandereta-80x60.jpg 80w, https:\/\/eltrabajo.cl\/web\/wp-content\/uploads\/2024\/01\/Eufrasia-Pandereta-265x198.jpg 265w\" sizes=\"auto, (max-width: 700px) 100vw, 700px\" \/><figcaption id=\"caption-attachment-127403\" class=\"wp-caption-text\">Ac\u00e1 se aprecia la falta de panderetas que poco a poco las han ido echando abajo. Eso s\u00ed, corresponde a un terreno privado, pero por ac\u00e1 ingresar\u00edan estudiantes y otros con claras intenciones de pasar a robar a domicilios aleda\u00f1os.<\/figcaption><\/figure>\n<figure id=\"attachment_127404\" aria-describedby=\"caption-attachment-127404\" style=\"width: 700px\" class=\"wp-caption alignnone\"><img loading=\"lazy\" decoding=\"async\" class=\"size-full wp-image-127404\" src=\"https:\/\/eltrabajo.cl\/web\/wp-content\/uploads\/2024\/01\/Eufrasia-Pasto-seco.jpg\" alt=\"El pasto seco que est\u00e1 propenso a un incendio teniendo en cuenta las altas temperaturas.\" width=\"700\" height=\"525\" srcset=\"https:\/\/eltrabajo.cl\/web\/wp-content\/uploads\/2024\/01\/Eufrasia-Pasto-seco.jpg 700w, https:\/\/eltrabajo.cl\/web\/wp-content\/uploads\/2024\/01\/Eufrasia-Pasto-seco-300x225.jpg 300w, https:\/\/eltrabajo.cl\/web\/wp-content\/uploads\/2024\/01\/Eufrasia-Pasto-seco-150x113.jpg 150w, https:\/\/eltrabajo.cl\/web\/wp-content\/uploads\/2024\/01\/Eufrasia-Pasto-seco-696x522.jpg 696w, https:\/\/eltrabajo.cl\/web\/wp-content\/uploads\/2024\/01\/Eufrasia-Pasto-seco-560x420.jpg 560w, https:\/\/eltrabajo.cl\/web\/wp-content\/uploads\/2024\/01\/Eufrasia-Pasto-seco-80x60.jpg 80w, https:\/\/eltrabajo.cl\/web\/wp-content\/uploads\/2024\/01\/Eufrasia-Pasto-seco-265x198.jpg 265w\" sizes=\"auto, (max-width: 700px) 100vw, 700px\" \/><figcaption id=\"caption-attachment-127404\" class=\"wp-caption-text\">El pasto seco que est\u00e1 propenso a un incendio teniendo en cuenta las altas temperaturas.<\/figcaption><\/figure>\n","protected":false},"excerpt":{"rendered":"<p>Mar\u00eda Eufrasia llegando a Villa El Se\u00f1orial: Javier B\u00f3rquez, vecino de Vila El Se\u00f1orial y cercano a Mar\u00eda Eufrasia (prolongaci\u00f3n de San Mart\u00edn al Oriente), est\u00e1 haciendo p\u00fablica su preocupaci\u00f3n por el abandono en que se encuentra ese sector o intersecci\u00f3n. Abundante pasto seco y zarzamoras hacen temer por un incendio de proporciones, a lo [&hellip;]<\/p>\n","protected":false},"author":1,"featured_media":127404,"comment_status":"open","ping_status":"open","sticky":false,"template":"","format":"standard","meta":{"footnotes":""},"categories":[4],"tags":[],"class_list":{"0":"post-127401","1":"post","2":"type-post","3":"status-publish","4":"format-standard","5":"has-post-thumbnail","7":"category-comunidad"},"yoast_head":"<!-- This site is optimized with the Yoast SEO plugin v27.5 - https:\/\/yoast.com\/product\/yoast-seo-wordpress\/ -->\n<title>Vecino reclama por abandono de transitada calle en sector Oriente - Diario El Trabajo<\/title>\n<meta name=\"robots\" content=\"index, follow, max-snippet:-1, max-image-preview:large, max-video-preview:-1\" \/>\n<link rel=\"canonical\" href=\"https:\/\/eltrabajo.cl\/web\/vecino-reclama-por-abandono-de-transitada-calle-en-sector-oriente\/\" \/>\n<meta property=\"og:locale\" content=\"es_ES\" \/>\n<meta property=\"og:type\" content=\"article\" \/>\n<meta property=\"og:title\" content=\"Vecino reclama por abandono de transitada calle en sector Oriente - Diario El Trabajo\" \/>\n<meta property=\"og:description\" content=\"Mar\u00eda Eufrasia llegando a Villa El Se\u00f1orial: Javier B\u00f3rquez, vecino de Vila El Se\u00f1orial y cercano a Mar\u00eda Eufrasia (prolongaci\u00f3n de San Mart\u00edn al Oriente), est\u00e1 haciendo p\u00fablica su preocupaci\u00f3n por el abandono en que se encuentra ese sector o intersecci\u00f3n. Abundante pasto seco y zarzamoras hacen temer por un incendio de proporciones, a lo [&hellip;]\" \/>\n<meta property=\"og:url\" content=\"https:\/\/eltrabajo.cl\/web\/vecino-reclama-por-abandono-de-transitada-calle-en-sector-oriente\/\" \/>\n<meta property=\"og:site_name\" content=\"Diario El Trabajo\" \/>\n<meta property=\"article:publisher\" content=\"https:\/\/www.facebook.com\/ElTrabajoDiario\" \/>\n<meta property=\"article:published_time\" content=\"2024-01-15T02:20:38+00:00\" \/>\n<meta property=\"og:image\" content=\"https:\/\/eltrabajo.cl\/web\/wp-content\/uploads\/2024\/01\/Eufrasia-Pasto-seco.jpg\" \/>\n\t<meta property=\"og:image:width\" content=\"700\" \/>\n\t<meta property=\"og:image:height\" content=\"525\" \/>\n\t<meta property=\"og:image:type\" content=\"image\/jpeg\" \/>\n<meta name=\"author\" content=\"Diario El Trabajo\" \/>\n<meta name=\"twitter:card\" content=\"summary_large_image\" \/>\n<meta name=\"twitter:creator\" content=\"@diarioeltrabajo\" \/>\n<meta name=\"twitter:site\" content=\"@diarioeltrabajo\" \/>\n<meta name=\"twitter:label1\" content=\"Escrito por\" \/>\n\t<meta name=\"twitter:data1\" content=\"Diario El Trabajo\" \/>\n\t<meta name=\"twitter:label2\" content=\"Tiempo estimado de lectura\" \/>\n\t<meta name=\"twitter:data2\" content=\"5 minutos\" \/>\n<script type=\"application\/ld+json\" class=\"yoast-schema-graph\">{\"@context\":\"https:\\\/\\\/schema.org\",\"@graph\":[{\"@type\":\"Article\",\"@id\":\"https:\\\/\\\/eltrabajo.cl\\\/web\\\/vecino-reclama-por-abandono-de-transitada-calle-en-sector-oriente\\\/#article\",\"isPartOf\":{\"@id\":\"https:\\\/\\\/eltrabajo.cl\\\/web\\\/vecino-reclama-por-abandono-de-transitada-calle-en-sector-oriente\\\/\"},\"author\":{\"name\":\"Diario El Trabajo\",\"@id\":\"https:\\\/\\\/eltrabajo.cl\\\/web\\\/#\\\/schema\\\/person\\\/45efd3d17f86ec456e44dd7debe1bf19\"},\"headline\":\"Vecino reclama por abandono de transitada calle en sector Oriente\",\"datePublished\":\"2024-01-15T02:20:38+00:00\",\"mainEntityOfPage\":{\"@id\":\"https:\\\/\\\/eltrabajo.cl\\\/web\\\/vecino-reclama-por-abandono-de-transitada-calle-en-sector-oriente\\\/\"},\"wordCount\":955,\"commentCount\":1,\"publisher\":{\"@id\":\"https:\\\/\\\/eltrabajo.cl\\\/web\\\/#organization\"},\"image\":{\"@id\":\"https:\\\/\\\/eltrabajo.cl\\\/web\\\/vecino-reclama-por-abandono-de-transitada-calle-en-sector-oriente\\\/#primaryimage\"},\"thumbnailUrl\":\"https:\\\/\\\/eltrabajo.cl\\\/web\\\/wp-content\\\/uploads\\\/2024\\\/01\\\/Eufrasia-Pasto-seco.jpg\",\"articleSection\":[\"Comunidad\"],\"inLanguage\":\"es-CL\",\"potentialAction\":[{\"@type\":\"CommentAction\",\"name\":\"Comment\",\"target\":[\"https:\\\/\\\/eltrabajo.cl\\\/web\\\/vecino-reclama-por-abandono-de-transitada-calle-en-sector-oriente\\\/#respond\"]}]},{\"@type\":\"WebPage\",\"@id\":\"https:\\\/\\\/eltrabajo.cl\\\/web\\\/vecino-reclama-por-abandono-de-transitada-calle-en-sector-oriente\\\/\",\"url\":\"https:\\\/\\\/eltrabajo.cl\\\/web\\\/vecino-reclama-por-abandono-de-transitada-calle-en-sector-oriente\\\/\",\"name\":\"Vecino reclama por abandono de transitada calle en sector Oriente - Diario El Trabajo\",\"isPartOf\":{\"@id\":\"https:\\\/\\\/eltrabajo.cl\\\/web\\\/#website\"},\"primaryImageOfPage\":{\"@id\":\"https:\\\/\\\/eltrabajo.cl\\\/web\\\/vecino-reclama-por-abandono-de-transitada-calle-en-sector-oriente\\\/#primaryimage\"},\"image\":{\"@id\":\"https:\\\/\\\/eltrabajo.cl\\\/web\\\/vecino-reclama-por-abandono-de-transitada-calle-en-sector-oriente\\\/#primaryimage\"},\"thumbnailUrl\":\"https:\\\/\\\/eltrabajo.cl\\\/web\\\/wp-content\\\/uploads\\\/2024\\\/01\\\/Eufrasia-Pasto-seco.jpg\",\"datePublished\":\"2024-01-15T02:20:38+00:00\",\"breadcrumb\":{\"@id\":\"https:\\\/\\\/eltrabajo.cl\\\/web\\\/vecino-reclama-por-abandono-de-transitada-calle-en-sector-oriente\\\/#breadcrumb\"},\"inLanguage\":\"es-CL\",\"potentialAction\":[{\"@type\":\"ReadAction\",\"target\":[\"https:\\\/\\\/eltrabajo.cl\\\/web\\\/vecino-reclama-por-abandono-de-transitada-calle-en-sector-oriente\\\/\"]}]},{\"@type\":\"ImageObject\",\"inLanguage\":\"es-CL\",\"@id\":\"https:\\\/\\\/eltrabajo.cl\\\/web\\\/vecino-reclama-por-abandono-de-transitada-calle-en-sector-oriente\\\/#primaryimage\",\"url\":\"https:\\\/\\\/eltrabajo.cl\\\/web\\\/wp-content\\\/uploads\\\/2024\\\/01\\\/Eufrasia-Pasto-seco.jpg\",\"contentUrl\":\"https:\\\/\\\/eltrabajo.cl\\\/web\\\/wp-content\\\/uploads\\\/2024\\\/01\\\/Eufrasia-Pasto-seco.jpg\",\"width\":700,\"height\":525,\"caption\":\"El pasto seco que est\u00e1 propenso a un incendio teniendo en cuenta las altas temperaturas.\"},{\"@type\":\"BreadcrumbList\",\"@id\":\"https:\\\/\\\/eltrabajo.cl\\\/web\\\/vecino-reclama-por-abandono-de-transitada-calle-en-sector-oriente\\\/#breadcrumb\",\"itemListElement\":[{\"@type\":\"ListItem\",\"position\":1,\"name\":\"Portada\",\"item\":\"https:\\\/\\\/eltrabajo.cl\\\/web\\\/\"},{\"@type\":\"ListItem\",\"position\":2,\"name\":\"Vecino reclama por abandono de transitada calle en sector Oriente\"}]},{\"@type\":\"WebSite\",\"@id\":\"https:\\\/\\\/eltrabajo.cl\\\/web\\\/#website\",\"url\":\"https:\\\/\\\/eltrabajo.cl\\\/web\\\/\",\"name\":\"Diario El Trabajo\",\"description\":\"Desde 1929 construyendo Identidad Local\",\"publisher\":{\"@id\":\"https:\\\/\\\/eltrabajo.cl\\\/web\\\/#organization\"},\"potentialAction\":[{\"@type\":\"SearchAction\",\"target\":{\"@type\":\"EntryPoint\",\"urlTemplate\":\"https:\\\/\\\/eltrabajo.cl\\\/web\\\/?s={search_term_string}\"},\"query-input\":{\"@type\":\"PropertyValueSpecification\",\"valueRequired\":true,\"valueName\":\"search_term_string\"}}],\"inLanguage\":\"es-CL\"},{\"@type\":\"Organization\",\"@id\":\"https:\\\/\\\/eltrabajo.cl\\\/web\\\/#organization\",\"name\":\"Diario El Trabajo\",\"url\":\"https:\\\/\\\/eltrabajo.cl\\\/web\\\/\",\"logo\":{\"@type\":\"ImageObject\",\"inLanguage\":\"es-CL\",\"@id\":\"https:\\\/\\\/eltrabajo.cl\\\/web\\\/#\\\/schema\\\/logo\\\/image\\\/\",\"url\":\"https:\\\/\\\/eltrabajo.cl\\\/web\\\/wp-content\\\/uploads\\\/2024\\\/06\\\/profile-image-ig-page-diarioeltrabajo.jpg\",\"contentUrl\":\"https:\\\/\\\/eltrabajo.cl\\\/web\\\/wp-content\\\/uploads\\\/2024\\\/06\\\/profile-image-ig-page-diarioeltrabajo.jpg\",\"width\":823,\"height\":823,\"caption\":\"Diario El Trabajo\"},\"image\":{\"@id\":\"https:\\\/\\\/eltrabajo.cl\\\/web\\\/#\\\/schema\\\/logo\\\/image\\\/\"},\"sameAs\":[\"https:\\\/\\\/www.facebook.com\\\/ElTrabajoDiario\",\"https:\\\/\\\/x.com\\\/diarioeltrabajo\"]},{\"@type\":\"Person\",\"@id\":\"https:\\\/\\\/eltrabajo.cl\\\/web\\\/#\\\/schema\\\/person\\\/45efd3d17f86ec456e44dd7debe1bf19\",\"name\":\"Diario El Trabajo\",\"image\":{\"@type\":\"ImageObject\",\"inLanguage\":\"es-CL\",\"@id\":\"https:\\\/\\\/secure.gravatar.com\\\/avatar\\\/7e6ec277dc4aea2677c2dc301d4227957219329c985ab69a3efc12518b5161aa?s=96&d=mm&r=g\",\"url\":\"https:\\\/\\\/secure.gravatar.com\\\/avatar\\\/7e6ec277dc4aea2677c2dc301d4227957219329c985ab69a3efc12518b5161aa?s=96&d=mm&r=g\",\"contentUrl\":\"https:\\\/\\\/secure.gravatar.com\\\/avatar\\\/7e6ec277dc4aea2677c2dc301d4227957219329c985ab69a3efc12518b5161aa?s=96&d=mm&r=g\",\"caption\":\"Diario El Trabajo\"},\"sameAs\":[\"https:\\\/\\\/eltrabajo.cl\\\/web\"],\"url\":\"https:\\\/\\\/eltrabajo.cl\\\/web\\\/author\\\/diario-el-trabajo\\\/\"}]}<\/script>\n<!-- \/ Yoast SEO plugin. -->","yoast_head_json":{"title":"Vecino reclama por abandono de transitada calle en sector Oriente - Diario El Trabajo","robots":{"index":"index","follow":"follow","max-snippet":"max-snippet:-1","max-image-preview":"max-image-preview:large","max-video-preview":"max-video-preview:-1"},"canonical":"https:\/\/eltrabajo.cl\/web\/vecino-reclama-por-abandono-de-transitada-calle-en-sector-oriente\/","og_locale":"es_ES","og_type":"article","og_title":"Vecino reclama por abandono de transitada calle en sector Oriente - Diario El Trabajo","og_description":"Mar\u00eda Eufrasia llegando a Villa El Se\u00f1orial: Javier B\u00f3rquez, vecino de Vila El Se\u00f1orial y cercano a Mar\u00eda Eufrasia (prolongaci\u00f3n de San Mart\u00edn al Oriente), est\u00e1 haciendo p\u00fablica su preocupaci\u00f3n por el abandono en que se encuentra ese sector o intersecci\u00f3n. Abundante pasto seco y zarzamoras hacen temer por un incendio de proporciones, a lo [&hellip;]","og_url":"https:\/\/eltrabajo.cl\/web\/vecino-reclama-por-abandono-de-transitada-calle-en-sector-oriente\/","og_site_name":"Diario El Trabajo","article_publisher":"https:\/\/www.facebook.com\/ElTrabajoDiario","article_published_time":"2024-01-15T02:20:38+00:00","og_image":[{"width":700,"height":525,"url":"https:\/\/eltrabajo.cl\/web\/wp-content\/uploads\/2024\/01\/Eufrasia-Pasto-seco.jpg","type":"image\/jpeg"}],"author":"Diario El Trabajo","twitter_card":"summary_large_image","twitter_creator":"@diarioeltrabajo","twitter_site":"@diarioeltrabajo","twitter_misc":{"Escrito por":"Diario El Trabajo","Tiempo estimado de lectura":"5 minutos"},"schema":{"@context":"https:\/\/schema.org","@graph":[{"@type":"Article","@id":"https:\/\/eltrabajo.cl\/web\/vecino-reclama-por-abandono-de-transitada-calle-en-sector-oriente\/#article","isPartOf":{"@id":"https:\/\/eltrabajo.cl\/web\/vecino-reclama-por-abandono-de-transitada-calle-en-sector-oriente\/"},"author":{"name":"Diario El Trabajo","@id":"https:\/\/eltrabajo.cl\/web\/#\/schema\/person\/45efd3d17f86ec456e44dd7debe1bf19"},"headline":"Vecino reclama por abandono de transitada calle en sector Oriente","datePublished":"2024-01-15T02:20:38+00:00","mainEntityOfPage":{"@id":"https:\/\/eltrabajo.cl\/web\/vecino-reclama-por-abandono-de-transitada-calle-en-sector-oriente\/"},"wordCount":955,"commentCount":1,"publisher":{"@id":"https:\/\/eltrabajo.cl\/web\/#organization"},"image":{"@id":"https:\/\/eltrabajo.cl\/web\/vecino-reclama-por-abandono-de-transitada-calle-en-sector-oriente\/#primaryimage"},"thumbnailUrl":"https:\/\/eltrabajo.cl\/web\/wp-content\/uploads\/2024\/01\/Eufrasia-Pasto-seco.jpg","articleSection":["Comunidad"],"inLanguage":"es-CL","potentialAction":[{"@type":"CommentAction","name":"Comment","target":["https:\/\/eltrabajo.cl\/web\/vecino-reclama-por-abandono-de-transitada-calle-en-sector-oriente\/#respond"]}]},{"@type":"WebPage","@id":"https:\/\/eltrabajo.cl\/web\/vecino-reclama-por-abandono-de-transitada-calle-en-sector-oriente\/","url":"https:\/\/eltrabajo.cl\/web\/vecino-reclama-por-abandono-de-transitada-calle-en-sector-oriente\/","name":"Vecino reclama por abandono de transitada calle en sector Oriente - Diario El Trabajo","isPartOf":{"@id":"https:\/\/eltrabajo.cl\/web\/#website"},"primaryImageOfPage":{"@id":"https:\/\/eltrabajo.cl\/web\/vecino-reclama-por-abandono-de-transitada-calle-en-sector-oriente\/#primaryimage"},"image":{"@id":"https:\/\/eltrabajo.cl\/web\/vecino-reclama-por-abandono-de-transitada-calle-en-sector-oriente\/#primaryimage"},"thumbnailUrl":"https:\/\/eltrabajo.cl\/web\/wp-content\/uploads\/2024\/01\/Eufrasia-Pasto-seco.jpg","datePublished":"2024-01-15T02:20:38+00:00","breadcrumb":{"@id":"https:\/\/eltrabajo.cl\/web\/vecino-reclama-por-abandono-de-transitada-calle-en-sector-oriente\/#breadcrumb"},"inLanguage":"es-CL","potentialAction":[{"@type":"ReadAction","target":["https:\/\/eltrabajo.cl\/web\/vecino-reclama-por-abandono-de-transitada-calle-en-sector-oriente\/"]}]},{"@type":"ImageObject","inLanguage":"es-CL","@id":"https:\/\/eltrabajo.cl\/web\/vecino-reclama-por-abandono-de-transitada-calle-en-sector-oriente\/#primaryimage","url":"https:\/\/eltrabajo.cl\/web\/wp-content\/uploads\/2024\/01\/Eufrasia-Pasto-seco.jpg","contentUrl":"https:\/\/eltrabajo.cl\/web\/wp-content\/uploads\/2024\/01\/Eufrasia-Pasto-seco.jpg","width":700,"height":525,"caption":"El pasto seco que est\u00e1 propenso a un incendio teniendo en cuenta las altas temperaturas."},{"@type":"BreadcrumbList","@id":"https:\/\/eltrabajo.cl\/web\/vecino-reclama-por-abandono-de-transitada-calle-en-sector-oriente\/#breadcrumb","itemListElement":[{"@type":"ListItem","position":1,"name":"Portada","item":"https:\/\/eltrabajo.cl\/web\/"},{"@type":"ListItem","position":2,"name":"Vecino reclama por abandono de transitada calle en sector Oriente"}]},{"@type":"WebSite","@id":"https:\/\/eltrabajo.cl\/web\/#website","url":"https:\/\/eltrabajo.cl\/web\/","name":"Diario El Trabajo","description":"Desde 1929 construyendo Identidad Local","publisher":{"@id":"https:\/\/eltrabajo.cl\/web\/#organization"},"potentialAction":[{"@type":"SearchAction","target":{"@type":"EntryPoint","urlTemplate":"https:\/\/eltrabajo.cl\/web\/?s={search_term_string}"},"query-input":{"@type":"PropertyValueSpecification","valueRequired":true,"valueName":"search_term_string"}}],"inLanguage":"es-CL"},{"@type":"Organization","@id":"https:\/\/eltrabajo.cl\/web\/#organization","name":"Diario El Trabajo","url":"https:\/\/eltrabajo.cl\/web\/","logo":{"@type":"ImageObject","inLanguage":"es-CL","@id":"https:\/\/eltrabajo.cl\/web\/#\/schema\/logo\/image\/","url":"https:\/\/eltrabajo.cl\/web\/wp-content\/uploads\/2024\/06\/profile-image-ig-page-diarioeltrabajo.jpg","contentUrl":"https:\/\/eltrabajo.cl\/web\/wp-content\/uploads\/2024\/06\/profile-image-ig-page-diarioeltrabajo.jpg","width":823,"height":823,"caption":"Diario El Trabajo"},"image":{"@id":"https:\/\/eltrabajo.cl\/web\/#\/schema\/logo\/image\/"},"sameAs":["https:\/\/www.facebook.com\/ElTrabajoDiario","https:\/\/x.com\/diarioeltrabajo"]},{"@type":"Person","@id":"https:\/\/eltrabajo.cl\/web\/#\/schema\/person\/45efd3d17f86ec456e44dd7debe1bf19","name":"Diario El Trabajo","image":{"@type":"ImageObject","inLanguage":"es-CL","@id":"https:\/\/secure.gravatar.com\/avatar\/7e6ec277dc4aea2677c2dc301d4227957219329c985ab69a3efc12518b5161aa?s=96&d=mm&r=g","url":"https:\/\/secure.gravatar.com\/avatar\/7e6ec277dc4aea2677c2dc301d4227957219329c985ab69a3efc12518b5161aa?s=96&d=mm&r=g","contentUrl":"https:\/\/secure.gravatar.com\/avatar\/7e6ec277dc4aea2677c2dc301d4227957219329c985ab69a3efc12518b5161aa?s=96&d=mm&r=g","caption":"Diario El Trabajo"},"sameAs":["https:\/\/eltrabajo.cl\/web"],"url":"https:\/\/eltrabajo.cl\/web\/author\/diario-el-trabajo\/"}]}},"_links":{"self":[{"href":"https:\/\/eltrabajo.cl\/web\/wp-json\/wp\/v2\/posts\/127401","targetHints":{"allow":["GET"]}}],"collection":[{"href":"https:\/\/eltrabajo.cl\/web\/wp-json\/wp\/v2\/posts"}],"about":[{"href":"https:\/\/eltrabajo.cl\/web\/wp-json\/wp\/v2\/types\/post"}],"author":[{"embeddable":true,"href":"https:\/\/eltrabajo.cl\/web\/wp-json\/wp\/v2\/users\/1"}],"replies":[{"embeddable":true,"href":"https:\/\/eltrabajo.cl\/web\/wp-json\/wp\/v2\/comments?post=127401"}],"version-history":[{"count":0,"href":"https:\/\/eltrabajo.cl\/web\/wp-json\/wp\/v2\/posts\/127401\/revisions"}],"wp:featuredmedia":[{"embeddable":true,"href":"https:\/\/eltrabajo.cl\/web\/wp-json\/wp\/v2\/media\/127404"}],"wp:attachment":[{"href":"https:\/\/eltrabajo.cl\/web\/wp-json\/wp\/v2\/media?parent=127401"}],"wp:term":[{"taxonomy":"category","embeddable":true,"href":"https:\/\/eltrabajo.cl\/web\/wp-json\/wp\/v2\/categories?post=127401"},{"taxonomy":"post_tag","embeddable":true,"href":"https:\/\/eltrabajo.cl\/web\/wp-json\/wp\/v2\/tags?post=127401"}],"curies":[{"name":"wp","href":"https:\/\/api.w.org\/{rel}","templated":true}]}}