{"id":127585,"date":"2024-01-24T23:10:35","date_gmt":"2024-01-25T02:10:35","guid":{"rendered":"https:\/\/eltrabajo.cl\/web\/?p=127585"},"modified":"2024-01-24T22:34:38","modified_gmt":"2024-01-25T01:34:38","slug":"todas-las-miradas-puestas-en-el-regreso-del-festival-de-la-cancion-palmenia-pizarro","status":"publish","type":"post","link":"https:\/\/eltrabajo.cl\/web\/todas-las-miradas-puestas-en-el-regreso-del-festival-de-la-cancion-palmenia-pizarro\/","title":{"rendered":"Todas las miradas puestas en el regreso del Festival de la Canci\u00f3n Palmenia Pizarro"},"content":{"rendered":"<ul>\n<li><strong>Este s\u00e1bado se desarrollar\u00e1 la Trilla Almendral con la participaci\u00f3n de \u2018Los Charros de Lumaco\u2019, y este 2 y 3 de febrero vuelve el tradicional festival sanfelipe\u00f1o.-<\/strong><\/li>\n<\/ul>\n<p>Luego de lo que fueron las exitosas noches tem\u00e1ticas que se realizaron durante la semana pasada en el centro de la comuna y que, bajo una gran convocatoria de la comunidad, reuni\u00f3 artistas como \u2018Los Kuatreros del Sur\u2019, \u2018Los \u00c1ngeles Negros Cl\u00e1sicos\u2019, \u2018Quique Neira\u2019, \u2018Tommy Rey\u2019 y \u2018Luis Jara\u2019, adem\u00e1s de diferentes grupos locales, las actividades siguen y las miradas se centran especialmente en la vuelta de nuestro festival.<\/p>\n<p>En este sentido, este s\u00e1bado se realizar\u00e1 el show de la \u2018Trilla Almendral\u2019 en el Estadio Almendral desde las 20:00 horas y contar\u00e1 con la presencia de los \u2018Charros de Lumaco\u2019 y \u2018Sonora Santa Cecilia\u2019. Por otro lado, este 2 y 3 de febrero, luego de cuatro a\u00f1os, vuelve el tradicional Festival de la Canci\u00f3n Palmenia Pizarro, evento que mantiene una alta expectativa por su retorno y los artistas que convocar\u00e1.<\/p>\n<p>Al respecto, el administrador <strong>Hern\u00e1n Herrera<\/strong>, destac\u00f3 un gran balance de las noches tem\u00e1ticas. <em>\u00abHay un balance bastante positivo en las actividades que se realizaron durante la semana pasada en nuestra Plaza de Armas, donde existi\u00f3 la convocatoria dependiendo de las noches de los distintos rangos etarios de todos los sanfelipe\u00f1os. Creo que todos disfrutaron, los que participaron de un momento grato durante el verano, de hacer de San Felipe un poco m\u00e1s entretenido, lo que se suma precisamente a todo el resto de actividades culturales que se han ido desarrollando\u00bb<\/em>, indic\u00f3.<\/p>\n<p>Siguiendo esta l\u00ednea, Herrera se refiri\u00f3 a los eventos que a\u00fan esperan captar la atenci\u00f3n de la comunidad, siendo el \u2018Palmenia Pizarro\u2019 el plato fuerte, estableciendo que <em>\u00abesto contin\u00faa, est\u00e1 la Trilla en el sector del Almendral donde estamos apoyando una actividad tradicional del Almendral Alto, donde vamos a tener un show, van a estar los Charros del Lumaco, en conjunto con bandas locales que van a participar y obviamente tambi\u00e9n a presenciar la Trilla a Yegua Suelta, que es una actividad tradicional de nuestro valle, que se est\u00e1 recuperando tambi\u00e9n post pandemia, que se hab\u00eda dejado de desarrollar. Por otro lado, ya el pr\u00f3ximo 2 y 3 de febrero efectivamente se retoma luego de cuatro a\u00f1os el Festival Palmenia Pizarro\u00bb<\/em>, asegur\u00f3.<\/p>\n<p>Finalmente, se\u00f1al\u00f3 que existen altas expectativas por la vuelta del tradicional festival de nuestra comuna, comentando que <em>\u00abhay unas expectativas altas por parte de la comunidad como de nosotros como administraci\u00f3n, que hemos tenido que retomar esto, es una cuesti\u00f3n que requiere un alto nivel t\u00e9cnico de preparaci\u00f3n, porque precisamente se busca entregar un espect\u00e1culo de calidad en tiempos que han sido bastante dif\u00edciles, hemos hablado con las distintas comunas que han desarrollado el festival y nos hemos enfrentado a que efectivamente hoy d\u00eda existe un precio bastante alto en comparaci\u00f3n con a\u00f1os anteriores respecto a los artistas, pero sin embargo, hay que llevar y seguir tratando de incentivar estas actividades de car\u00e1cter cultural, enfoc\u00e1ndonos principalmente en nuestras bandas locales que han tenido una participaci\u00f3n importante durante todo el desarrollo de las actividades de verano y tambi\u00e9n durante el Festival Palmenia Pizarro\u00bb<\/em>, cerr\u00f3 el administrador municipal.<\/p>\n<figure id=\"attachment_127586\" aria-describedby=\"caption-attachment-127586\" style=\"width: 698px\" class=\"wp-caption alignnone\"><img loading=\"lazy\" decoding=\"async\" class=\"size-full wp-image-127586\" src=\"https:\/\/eltrabajo.cl\/web\/wp-content\/uploads\/2024\/01\/palmenia-expect.jpg\" alt=\"La comunidad tuvo una gran acogida a las noches tem\u00e1ticas, como fue en la presentaci\u00f3n de \u2018Tommy Rey\u2019.\" width=\"698\" height=\"364\" srcset=\"https:\/\/eltrabajo.cl\/web\/wp-content\/uploads\/2024\/01\/palmenia-expect.jpg 698w, https:\/\/eltrabajo.cl\/web\/wp-content\/uploads\/2024\/01\/palmenia-expect-300x156.jpg 300w, https:\/\/eltrabajo.cl\/web\/wp-content\/uploads\/2024\/01\/palmenia-expect-150x78.jpg 150w, https:\/\/eltrabajo.cl\/web\/wp-content\/uploads\/2024\/01\/palmenia-expect-696x364.jpg 696w\" sizes=\"auto, (max-width: 698px) 100vw, 698px\" \/><figcaption id=\"caption-attachment-127586\" class=\"wp-caption-text\">La comunidad tuvo una gran acogida a las noches tem\u00e1ticas, como fue en la presentaci\u00f3n de \u2018Tommy Rey\u2019.<\/figcaption><\/figure>\n","protected":false},"excerpt":{"rendered":"<p>Este s\u00e1bado se desarrollar\u00e1 la Trilla Almendral con la participaci\u00f3n de \u2018Los Charros de Lumaco\u2019, y este 2 y 3 de febrero vuelve el tradicional festival sanfelipe\u00f1o.- Luego de lo que fueron las exitosas noches tem\u00e1ticas que se realizaron durante la semana pasada en el centro de la comuna y que, bajo una gran convocatoria [&hellip;]<\/p>\n","protected":false},"author":1,"featured_media":127586,"comment_status":"open","ping_status":"open","sticky":false,"template":"","format":"standard","meta":{"footnotes":""},"categories":[3],"tags":[],"class_list":{"0":"post-127585","1":"post","2":"type-post","3":"status-publish","4":"format-standard","5":"has-post-thumbnail","7":"category-cronica-2"},"yoast_head":"<!-- This site is optimized with the Yoast SEO plugin v27.4 - https:\/\/yoast.com\/product\/yoast-seo-wordpress\/ -->\n<title>Todas las miradas puestas en el regreso del Festival de la Canci\u00f3n Palmenia Pizarro - Diario El Trabajo<\/title>\n<meta name=\"robots\" content=\"index, follow, max-snippet:-1, max-image-preview:large, max-video-preview:-1\" \/>\n<link rel=\"canonical\" href=\"https:\/\/eltrabajo.cl\/web\/todas-las-miradas-puestas-en-el-regreso-del-festival-de-la-cancion-palmenia-pizarro\/\" \/>\n<meta property=\"og:locale\" content=\"es_ES\" \/>\n<meta property=\"og:type\" content=\"article\" \/>\n<meta property=\"og:title\" content=\"Todas las miradas puestas en el regreso del Festival de la Canci\u00f3n Palmenia Pizarro - Diario El Trabajo\" \/>\n<meta property=\"og:description\" content=\"Este s\u00e1bado se desarrollar\u00e1 la Trilla Almendral con la participaci\u00f3n de \u2018Los Charros de Lumaco\u2019, y este 2 y 3 de febrero vuelve el tradicional festival sanfelipe\u00f1o.- Luego de lo que fueron las exitosas noches tem\u00e1ticas que se realizaron durante la semana pasada en el centro de la comuna y que, bajo una gran convocatoria [&hellip;]\" \/>\n<meta property=\"og:url\" content=\"https:\/\/eltrabajo.cl\/web\/todas-las-miradas-puestas-en-el-regreso-del-festival-de-la-cancion-palmenia-pizarro\/\" \/>\n<meta property=\"og:site_name\" content=\"Diario El Trabajo\" \/>\n<meta property=\"article:publisher\" content=\"https:\/\/www.facebook.com\/ElTrabajoDiario\" \/>\n<meta property=\"article:published_time\" content=\"2024-01-25T02:10:35+00:00\" \/>\n<meta property=\"og:image\" content=\"https:\/\/eltrabajo.cl\/web\/wp-content\/uploads\/2024\/01\/palmenia-expect.jpg\" \/>\n\t<meta property=\"og:image:width\" content=\"698\" \/>\n\t<meta property=\"og:image:height\" content=\"364\" \/>\n\t<meta property=\"og:image:type\" content=\"image\/jpeg\" \/>\n<meta name=\"author\" content=\"Diario El Trabajo\" \/>\n<meta name=\"twitter:card\" content=\"summary_large_image\" \/>\n<meta name=\"twitter:creator\" content=\"@diarioeltrabajo\" \/>\n<meta name=\"twitter:site\" content=\"@diarioeltrabajo\" \/>\n<meta name=\"twitter:label1\" content=\"Escrito por\" \/>\n\t<meta name=\"twitter:data1\" content=\"Diario El Trabajo\" \/>\n\t<meta name=\"twitter:label2\" content=\"Tiempo estimado de lectura\" \/>\n\t<meta name=\"twitter:data2\" content=\"3 minutos\" \/>\n<script type=\"application\/ld+json\" class=\"yoast-schema-graph\">{\"@context\":\"https:\\\/\\\/schema.org\",\"@graph\":[{\"@type\":\"Article\",\"@id\":\"https:\\\/\\\/eltrabajo.cl\\\/web\\\/todas-las-miradas-puestas-en-el-regreso-del-festival-de-la-cancion-palmenia-pizarro\\\/#article\",\"isPartOf\":{\"@id\":\"https:\\\/\\\/eltrabajo.cl\\\/web\\\/todas-las-miradas-puestas-en-el-regreso-del-festival-de-la-cancion-palmenia-pizarro\\\/\"},\"author\":{\"name\":\"Diario El Trabajo\",\"@id\":\"https:\\\/\\\/eltrabajo.cl\\\/web\\\/#\\\/schema\\\/person\\\/45efd3d17f86ec456e44dd7debe1bf19\"},\"headline\":\"Todas las miradas puestas en el regreso del Festival de la Canci\u00f3n Palmenia Pizarro\",\"datePublished\":\"2024-01-25T02:10:35+00:00\",\"mainEntityOfPage\":{\"@id\":\"https:\\\/\\\/eltrabajo.cl\\\/web\\\/todas-las-miradas-puestas-en-el-regreso-del-festival-de-la-cancion-palmenia-pizarro\\\/\"},\"wordCount\":599,\"commentCount\":0,\"publisher\":{\"@id\":\"https:\\\/\\\/eltrabajo.cl\\\/web\\\/#organization\"},\"image\":{\"@id\":\"https:\\\/\\\/eltrabajo.cl\\\/web\\\/todas-las-miradas-puestas-en-el-regreso-del-festival-de-la-cancion-palmenia-pizarro\\\/#primaryimage\"},\"thumbnailUrl\":\"https:\\\/\\\/eltrabajo.cl\\\/web\\\/wp-content\\\/uploads\\\/2024\\\/01\\\/palmenia-expect.jpg\",\"articleSection\":[\"Cr\u00f3nica\"],\"inLanguage\":\"es-CL\",\"potentialAction\":[{\"@type\":\"CommentAction\",\"name\":\"Comment\",\"target\":[\"https:\\\/\\\/eltrabajo.cl\\\/web\\\/todas-las-miradas-puestas-en-el-regreso-del-festival-de-la-cancion-palmenia-pizarro\\\/#respond\"]}]},{\"@type\":\"WebPage\",\"@id\":\"https:\\\/\\\/eltrabajo.cl\\\/web\\\/todas-las-miradas-puestas-en-el-regreso-del-festival-de-la-cancion-palmenia-pizarro\\\/\",\"url\":\"https:\\\/\\\/eltrabajo.cl\\\/web\\\/todas-las-miradas-puestas-en-el-regreso-del-festival-de-la-cancion-palmenia-pizarro\\\/\",\"name\":\"Todas las miradas puestas en el regreso del Festival de la Canci\u00f3n Palmenia Pizarro - Diario El Trabajo\",\"isPartOf\":{\"@id\":\"https:\\\/\\\/eltrabajo.cl\\\/web\\\/#website\"},\"primaryImageOfPage\":{\"@id\":\"https:\\\/\\\/eltrabajo.cl\\\/web\\\/todas-las-miradas-puestas-en-el-regreso-del-festival-de-la-cancion-palmenia-pizarro\\\/#primaryimage\"},\"image\":{\"@id\":\"https:\\\/\\\/eltrabajo.cl\\\/web\\\/todas-las-miradas-puestas-en-el-regreso-del-festival-de-la-cancion-palmenia-pizarro\\\/#primaryimage\"},\"thumbnailUrl\":\"https:\\\/\\\/eltrabajo.cl\\\/web\\\/wp-content\\\/uploads\\\/2024\\\/01\\\/palmenia-expect.jpg\",\"datePublished\":\"2024-01-25T02:10:35+00:00\",\"breadcrumb\":{\"@id\":\"https:\\\/\\\/eltrabajo.cl\\\/web\\\/todas-las-miradas-puestas-en-el-regreso-del-festival-de-la-cancion-palmenia-pizarro\\\/#breadcrumb\"},\"inLanguage\":\"es-CL\",\"potentialAction\":[{\"@type\":\"ReadAction\",\"target\":[\"https:\\\/\\\/eltrabajo.cl\\\/web\\\/todas-las-miradas-puestas-en-el-regreso-del-festival-de-la-cancion-palmenia-pizarro\\\/\"]}]},{\"@type\":\"ImageObject\",\"inLanguage\":\"es-CL\",\"@id\":\"https:\\\/\\\/eltrabajo.cl\\\/web\\\/todas-las-miradas-puestas-en-el-regreso-del-festival-de-la-cancion-palmenia-pizarro\\\/#primaryimage\",\"url\":\"https:\\\/\\\/eltrabajo.cl\\\/web\\\/wp-content\\\/uploads\\\/2024\\\/01\\\/palmenia-expect.jpg\",\"contentUrl\":\"https:\\\/\\\/eltrabajo.cl\\\/web\\\/wp-content\\\/uploads\\\/2024\\\/01\\\/palmenia-expect.jpg\",\"width\":698,\"height\":364,\"caption\":\"La comunidad tuvo una gran acogida a las noches tem\u00e1ticas, como fue en la presentaci\u00f3n de \u2018Tommy Rey\u2019.\"},{\"@type\":\"BreadcrumbList\",\"@id\":\"https:\\\/\\\/eltrabajo.cl\\\/web\\\/todas-las-miradas-puestas-en-el-regreso-del-festival-de-la-cancion-palmenia-pizarro\\\/#breadcrumb\",\"itemListElement\":[{\"@type\":\"ListItem\",\"position\":1,\"name\":\"Portada\",\"item\":\"https:\\\/\\\/eltrabajo.cl\\\/web\\\/\"},{\"@type\":\"ListItem\",\"position\":2,\"name\":\"Todas las miradas puestas en el regreso del Festival de la Canci\u00f3n Palmenia Pizarro\"}]},{\"@type\":\"WebSite\",\"@id\":\"https:\\\/\\\/eltrabajo.cl\\\/web\\\/#website\",\"url\":\"https:\\\/\\\/eltrabajo.cl\\\/web\\\/\",\"name\":\"Diario El Trabajo\",\"description\":\"Desde 1929 construyendo Identidad Local\",\"publisher\":{\"@id\":\"https:\\\/\\\/eltrabajo.cl\\\/web\\\/#organization\"},\"potentialAction\":[{\"@type\":\"SearchAction\",\"target\":{\"@type\":\"EntryPoint\",\"urlTemplate\":\"https:\\\/\\\/eltrabajo.cl\\\/web\\\/?s={search_term_string}\"},\"query-input\":{\"@type\":\"PropertyValueSpecification\",\"valueRequired\":true,\"valueName\":\"search_term_string\"}}],\"inLanguage\":\"es-CL\"},{\"@type\":\"Organization\",\"@id\":\"https:\\\/\\\/eltrabajo.cl\\\/web\\\/#organization\",\"name\":\"Diario El Trabajo\",\"url\":\"https:\\\/\\\/eltrabajo.cl\\\/web\\\/\",\"logo\":{\"@type\":\"ImageObject\",\"inLanguage\":\"es-CL\",\"@id\":\"https:\\\/\\\/eltrabajo.cl\\\/web\\\/#\\\/schema\\\/logo\\\/image\\\/\",\"url\":\"https:\\\/\\\/eltrabajo.cl\\\/web\\\/wp-content\\\/uploads\\\/2024\\\/06\\\/profile-image-ig-page-diarioeltrabajo.jpg\",\"contentUrl\":\"https:\\\/\\\/eltrabajo.cl\\\/web\\\/wp-content\\\/uploads\\\/2024\\\/06\\\/profile-image-ig-page-diarioeltrabajo.jpg\",\"width\":823,\"height\":823,\"caption\":\"Diario El Trabajo\"},\"image\":{\"@id\":\"https:\\\/\\\/eltrabajo.cl\\\/web\\\/#\\\/schema\\\/logo\\\/image\\\/\"},\"sameAs\":[\"https:\\\/\\\/www.facebook.com\\\/ElTrabajoDiario\",\"https:\\\/\\\/x.com\\\/diarioeltrabajo\"]},{\"@type\":\"Person\",\"@id\":\"https:\\\/\\\/eltrabajo.cl\\\/web\\\/#\\\/schema\\\/person\\\/45efd3d17f86ec456e44dd7debe1bf19\",\"name\":\"Diario El Trabajo\",\"image\":{\"@type\":\"ImageObject\",\"inLanguage\":\"es-CL\",\"@id\":\"https:\\\/\\\/secure.gravatar.com\\\/avatar\\\/7e6ec277dc4aea2677c2dc301d4227957219329c985ab69a3efc12518b5161aa?s=96&d=mm&r=g\",\"url\":\"https:\\\/\\\/secure.gravatar.com\\\/avatar\\\/7e6ec277dc4aea2677c2dc301d4227957219329c985ab69a3efc12518b5161aa?s=96&d=mm&r=g\",\"contentUrl\":\"https:\\\/\\\/secure.gravatar.com\\\/avatar\\\/7e6ec277dc4aea2677c2dc301d4227957219329c985ab69a3efc12518b5161aa?s=96&d=mm&r=g\",\"caption\":\"Diario El Trabajo\"},\"sameAs\":[\"https:\\\/\\\/eltrabajo.cl\\\/web\"],\"url\":\"https:\\\/\\\/eltrabajo.cl\\\/web\\\/author\\\/diario-el-trabajo\\\/\"}]}<\/script>\n<!-- \/ Yoast SEO plugin. -->","yoast_head_json":{"title":"Todas las miradas puestas en el regreso del Festival de la Canci\u00f3n Palmenia Pizarro - Diario El Trabajo","robots":{"index":"index","follow":"follow","max-snippet":"max-snippet:-1","max-image-preview":"max-image-preview:large","max-video-preview":"max-video-preview:-1"},"canonical":"https:\/\/eltrabajo.cl\/web\/todas-las-miradas-puestas-en-el-regreso-del-festival-de-la-cancion-palmenia-pizarro\/","og_locale":"es_ES","og_type":"article","og_title":"Todas las miradas puestas en el regreso del Festival de la Canci\u00f3n Palmenia Pizarro - Diario El Trabajo","og_description":"Este s\u00e1bado se desarrollar\u00e1 la Trilla Almendral con la participaci\u00f3n de \u2018Los Charros de Lumaco\u2019, y este 2 y 3 de febrero vuelve el tradicional festival sanfelipe\u00f1o.- Luego de lo que fueron las exitosas noches tem\u00e1ticas que se realizaron durante la semana pasada en el centro de la comuna y que, bajo una gran convocatoria [&hellip;]","og_url":"https:\/\/eltrabajo.cl\/web\/todas-las-miradas-puestas-en-el-regreso-del-festival-de-la-cancion-palmenia-pizarro\/","og_site_name":"Diario El Trabajo","article_publisher":"https:\/\/www.facebook.com\/ElTrabajoDiario","article_published_time":"2024-01-25T02:10:35+00:00","og_image":[{"width":698,"height":364,"url":"https:\/\/eltrabajo.cl\/web\/wp-content\/uploads\/2024\/01\/palmenia-expect.jpg","type":"image\/jpeg"}],"author":"Diario El Trabajo","twitter_card":"summary_large_image","twitter_creator":"@diarioeltrabajo","twitter_site":"@diarioeltrabajo","twitter_misc":{"Escrito por":"Diario El Trabajo","Tiempo estimado de lectura":"3 minutos"},"schema":{"@context":"https:\/\/schema.org","@graph":[{"@type":"Article","@id":"https:\/\/eltrabajo.cl\/web\/todas-las-miradas-puestas-en-el-regreso-del-festival-de-la-cancion-palmenia-pizarro\/#article","isPartOf":{"@id":"https:\/\/eltrabajo.cl\/web\/todas-las-miradas-puestas-en-el-regreso-del-festival-de-la-cancion-palmenia-pizarro\/"},"author":{"name":"Diario El Trabajo","@id":"https:\/\/eltrabajo.cl\/web\/#\/schema\/person\/45efd3d17f86ec456e44dd7debe1bf19"},"headline":"Todas las miradas puestas en el regreso del Festival de la Canci\u00f3n Palmenia Pizarro","datePublished":"2024-01-25T02:10:35+00:00","mainEntityOfPage":{"@id":"https:\/\/eltrabajo.cl\/web\/todas-las-miradas-puestas-en-el-regreso-del-festival-de-la-cancion-palmenia-pizarro\/"},"wordCount":599,"commentCount":0,"publisher":{"@id":"https:\/\/eltrabajo.cl\/web\/#organization"},"image":{"@id":"https:\/\/eltrabajo.cl\/web\/todas-las-miradas-puestas-en-el-regreso-del-festival-de-la-cancion-palmenia-pizarro\/#primaryimage"},"thumbnailUrl":"https:\/\/eltrabajo.cl\/web\/wp-content\/uploads\/2024\/01\/palmenia-expect.jpg","articleSection":["Cr\u00f3nica"],"inLanguage":"es-CL","potentialAction":[{"@type":"CommentAction","name":"Comment","target":["https:\/\/eltrabajo.cl\/web\/todas-las-miradas-puestas-en-el-regreso-del-festival-de-la-cancion-palmenia-pizarro\/#respond"]}]},{"@type":"WebPage","@id":"https:\/\/eltrabajo.cl\/web\/todas-las-miradas-puestas-en-el-regreso-del-festival-de-la-cancion-palmenia-pizarro\/","url":"https:\/\/eltrabajo.cl\/web\/todas-las-miradas-puestas-en-el-regreso-del-festival-de-la-cancion-palmenia-pizarro\/","name":"Todas las miradas puestas en el regreso del Festival de la Canci\u00f3n Palmenia Pizarro - Diario El Trabajo","isPartOf":{"@id":"https:\/\/eltrabajo.cl\/web\/#website"},"primaryImageOfPage":{"@id":"https:\/\/eltrabajo.cl\/web\/todas-las-miradas-puestas-en-el-regreso-del-festival-de-la-cancion-palmenia-pizarro\/#primaryimage"},"image":{"@id":"https:\/\/eltrabajo.cl\/web\/todas-las-miradas-puestas-en-el-regreso-del-festival-de-la-cancion-palmenia-pizarro\/#primaryimage"},"thumbnailUrl":"https:\/\/eltrabajo.cl\/web\/wp-content\/uploads\/2024\/01\/palmenia-expect.jpg","datePublished":"2024-01-25T02:10:35+00:00","breadcrumb":{"@id":"https:\/\/eltrabajo.cl\/web\/todas-las-miradas-puestas-en-el-regreso-del-festival-de-la-cancion-palmenia-pizarro\/#breadcrumb"},"inLanguage":"es-CL","potentialAction":[{"@type":"ReadAction","target":["https:\/\/eltrabajo.cl\/web\/todas-las-miradas-puestas-en-el-regreso-del-festival-de-la-cancion-palmenia-pizarro\/"]}]},{"@type":"ImageObject","inLanguage":"es-CL","@id":"https:\/\/eltrabajo.cl\/web\/todas-las-miradas-puestas-en-el-regreso-del-festival-de-la-cancion-palmenia-pizarro\/#primaryimage","url":"https:\/\/eltrabajo.cl\/web\/wp-content\/uploads\/2024\/01\/palmenia-expect.jpg","contentUrl":"https:\/\/eltrabajo.cl\/web\/wp-content\/uploads\/2024\/01\/palmenia-expect.jpg","width":698,"height":364,"caption":"La comunidad tuvo una gran acogida a las noches tem\u00e1ticas, como fue en la presentaci\u00f3n de \u2018Tommy Rey\u2019."},{"@type":"BreadcrumbList","@id":"https:\/\/eltrabajo.cl\/web\/todas-las-miradas-puestas-en-el-regreso-del-festival-de-la-cancion-palmenia-pizarro\/#breadcrumb","itemListElement":[{"@type":"ListItem","position":1,"name":"Portada","item":"https:\/\/eltrabajo.cl\/web\/"},{"@type":"ListItem","position":2,"name":"Todas las miradas puestas en el regreso del Festival de la Canci\u00f3n Palmenia Pizarro"}]},{"@type":"WebSite","@id":"https:\/\/eltrabajo.cl\/web\/#website","url":"https:\/\/eltrabajo.cl\/web\/","name":"Diario El Trabajo","description":"Desde 1929 construyendo Identidad Local","publisher":{"@id":"https:\/\/eltrabajo.cl\/web\/#organization"},"potentialAction":[{"@type":"SearchAction","target":{"@type":"EntryPoint","urlTemplate":"https:\/\/eltrabajo.cl\/web\/?s={search_term_string}"},"query-input":{"@type":"PropertyValueSpecification","valueRequired":true,"valueName":"search_term_string"}}],"inLanguage":"es-CL"},{"@type":"Organization","@id":"https:\/\/eltrabajo.cl\/web\/#organization","name":"Diario El Trabajo","url":"https:\/\/eltrabajo.cl\/web\/","logo":{"@type":"ImageObject","inLanguage":"es-CL","@id":"https:\/\/eltrabajo.cl\/web\/#\/schema\/logo\/image\/","url":"https:\/\/eltrabajo.cl\/web\/wp-content\/uploads\/2024\/06\/profile-image-ig-page-diarioeltrabajo.jpg","contentUrl":"https:\/\/eltrabajo.cl\/web\/wp-content\/uploads\/2024\/06\/profile-image-ig-page-diarioeltrabajo.jpg","width":823,"height":823,"caption":"Diario El Trabajo"},"image":{"@id":"https:\/\/eltrabajo.cl\/web\/#\/schema\/logo\/image\/"},"sameAs":["https:\/\/www.facebook.com\/ElTrabajoDiario","https:\/\/x.com\/diarioeltrabajo"]},{"@type":"Person","@id":"https:\/\/eltrabajo.cl\/web\/#\/schema\/person\/45efd3d17f86ec456e44dd7debe1bf19","name":"Diario El Trabajo","image":{"@type":"ImageObject","inLanguage":"es-CL","@id":"https:\/\/secure.gravatar.com\/avatar\/7e6ec277dc4aea2677c2dc301d4227957219329c985ab69a3efc12518b5161aa?s=96&d=mm&r=g","url":"https:\/\/secure.gravatar.com\/avatar\/7e6ec277dc4aea2677c2dc301d4227957219329c985ab69a3efc12518b5161aa?s=96&d=mm&r=g","contentUrl":"https:\/\/secure.gravatar.com\/avatar\/7e6ec277dc4aea2677c2dc301d4227957219329c985ab69a3efc12518b5161aa?s=96&d=mm&r=g","caption":"Diario El Trabajo"},"sameAs":["https:\/\/eltrabajo.cl\/web"],"url":"https:\/\/eltrabajo.cl\/web\/author\/diario-el-trabajo\/"}]}},"_links":{"self":[{"href":"https:\/\/eltrabajo.cl\/web\/wp-json\/wp\/v2\/posts\/127585","targetHints":{"allow":["GET"]}}],"collection":[{"href":"https:\/\/eltrabajo.cl\/web\/wp-json\/wp\/v2\/posts"}],"about":[{"href":"https:\/\/eltrabajo.cl\/web\/wp-json\/wp\/v2\/types\/post"}],"author":[{"embeddable":true,"href":"https:\/\/eltrabajo.cl\/web\/wp-json\/wp\/v2\/users\/1"}],"replies":[{"embeddable":true,"href":"https:\/\/eltrabajo.cl\/web\/wp-json\/wp\/v2\/comments?post=127585"}],"version-history":[{"count":0,"href":"https:\/\/eltrabajo.cl\/web\/wp-json\/wp\/v2\/posts\/127585\/revisions"}],"wp:featuredmedia":[{"embeddable":true,"href":"https:\/\/eltrabajo.cl\/web\/wp-json\/wp\/v2\/media\/127586"}],"wp:attachment":[{"href":"https:\/\/eltrabajo.cl\/web\/wp-json\/wp\/v2\/media?parent=127585"}],"wp:term":[{"taxonomy":"category","embeddable":true,"href":"https:\/\/eltrabajo.cl\/web\/wp-json\/wp\/v2\/categories?post=127585"},{"taxonomy":"post_tag","embeddable":true,"href":"https:\/\/eltrabajo.cl\/web\/wp-json\/wp\/v2\/tags?post=127585"}],"curies":[{"name":"wp","href":"https:\/\/api.w.org\/{rel}","templated":true}]}}