{"id":128175,"date":"2024-02-25T23:10:14","date_gmt":"2024-02-26T02:10:14","guid":{"rendered":"https:\/\/eltrabajo.cl\/web\/?p=128175"},"modified":"2024-02-25T22:38:22","modified_gmt":"2024-02-26T01:38:22","slug":"cerefan-la-fundacion-que-rehabilita-fauna-nativa-del-valle-del-aconcagua","status":"publish","type":"post","link":"https:\/\/eltrabajo.cl\/web\/cerefan-la-fundacion-que-rehabilita-fauna-nativa-del-valle-del-aconcagua\/","title":{"rendered":"\u2018Cerefan\u2019: La fundaci\u00f3n que rehabilita fauna nativa del Valle del Aconcagua"},"content":{"rendered":"<ul>\n<li><strong>La agrupaci\u00f3n sin fines de lucro ha tratado y liberado cerca de 500 especies desde el inicio de su conformaci\u00f3n como c\u00f3ndores, \u00e1guilas, halcones, guanacos, gatos colocolo, entre otros.-<\/strong><\/li>\n<\/ul>\n<p>El Centro de Rehabilitaci\u00f3n de Fauna Nativa, <strong>\u2018Cerefan\u2019<\/strong>, lleva m\u00e1s de 5 a\u00f1os tratando animales heridos que habitan el Valle del Aconcagua y otros sectores de la regi\u00f3n Quinta Cordillera. Sus inicios se remontan al a\u00f1o 2018, cuando identificaron la falta de asistencia veterinaria para tratar especies silvestres en la zona.<\/p>\n<p><strong>Maximiano Lemaitre<\/strong>, veterinario y director de la organizaci\u00f3n, se\u00f1al\u00f3 que <em>\u00abcuando hab\u00eda fauna silvestre herida, se llamaba al SAG para que la fuera a retirar o recogerla, y el SAG se las llevaba directamente a la oficina, pero no ten\u00eda donde derivarla, entonces ten\u00edan que conseguir permisos para viajar a Santiago u otros lugares, lo que hac\u00eda que en esas demoras los animales se murieran\u00bb<\/em>.<\/p>\n<p>Ante tales circunstancias, el SAG, en reiteradas ocasiones, acud\u00eda a veterinarios locales para tratar a las especies nativas, por lo que Maximiano, junto a <strong>Marcia G\u00e1lvez<\/strong> y otros colegas, decidieron oficializar en el a\u00f1o 2019 esta fundaci\u00f3n sin fines de lucro para dar a los animales la atenci\u00f3n necesaria.<\/p>\n<p>Cabe decir que en Chile no existen centros de rescate estatales, la mayor\u00eda nace por iniciativa ciudadana o particular.<\/p>\n<p>El organismo se compone de profesionales de distintos rubros, entre ellos, veterinarios, profesores, historiadores, quienes idean los trabajos y financiamientos. Adem\u00e1s, la red se compone de varios voluntarios que cooperan en alimentar especies, hacer aseo, participar de charlas y ferias, y se van organizando acorde a su disponibilidad.<\/p>\n<p>Desde su nacimiento, la fundaci\u00f3n ha tratado cerca de 500 casos. Dentro de las especies rescatadas, Lemaitre indic\u00f3 que <em>\u00abhemos rescatado aves rapaces como \u00e1guilas, peucos, halcones, cern\u00edcalos, tambi\u00e9n aves rapaces nocturnas; tuc\u00faqueres, lechuzas, chunchos, tambi\u00e9n c\u00f3ndores. Hemos tenido varios casos, guanacos, zorros, coipos, que son mam\u00edferos de la zona: gato colocolo, etc\u00e9tera,\u00a0 muchos animales, todos de la fauna propia de la localidad<\/em>.<\/p>\n<p>\u00ab<em>Lo m\u00e1s frecuente son las aves rapaces nocturnas y las aves rapaces diurnas, peucos por ejemplo, a los que les disparan, o aves rapaces nocturnas envenenadas por veneno de rat\u00f3n; como envenenan al rat\u00f3n, ellas se lo comen y se envenenan. Eso es como lo m\u00e1s frecuente que tenemos. Lo otro son mam\u00edferos como coipos, zorros atacados por perros o aves menores atrapadas por gatos tambi\u00e9n\u00bb, <\/em>mencion\u00f3 el veterinario.<\/p>\n<p>Los principales problemas que afectan a la fauna silvestre derivan del ser humano. Lo m\u00e1s com\u00fan es la expansi\u00f3n urbana, la p\u00e9rdida de h\u00e1bitat, la caza ilegal, la falta de tenencia responsable de mascotas, entre otras. <em>\u00abLa gente que suelta a su perro y se van al cerro, por ejemplo; todos los guanacos que hemos tenido han sido por tenencia responsable de mascotas, mordidos por perros, etc\u00e9tera. Los gatos tambi\u00e9n, la intoxicaci\u00f3n por un veneno agr\u00edcola o por raticida, atropellos, la caza ilegal, yo creo que son los principales factores; como ver\u00e1s, son todos derivados de la acci\u00f3n humana\u00bb, <\/em>manifest\u00f3 Maximiano Lemaitre.<\/p>\n<p>En cuanto al procedimiento que llevan a cabo, el director de la fundaci\u00f3n explic\u00f3 que <em>\u00abgeneralmente las personas cuando encuentran un animal herido llaman al SAG, el SAG se presenta en el lugar, y ellos capturan al animal y lo trasladan a nuestro centro de rescate, y ah\u00ed nosotros le prestamos primeros auxilios, tomamos decisiones sobre qu\u00e9 es lo que se puede hacer; por ejemplo, si viene en muy malas condiciones y no tiene una recuperaci\u00f3n posible, lo que hacemos ah\u00ed es eutanasia; si vemos que s\u00ed se puede recuperar, empezamos los tratamientos necesarios y hacemos una rehabilitaci\u00f3n intensiva, que es la que se hace dentro de la cl\u00ednica.<\/em><\/p>\n<p>\u00ab<em>Una vez que vemos que est\u00e1 en condiciones de valerse por s\u00ed mismo, pasa a un galp\u00f3n que tenemos de rehabilitaci\u00f3n extensiva, donde empieza a desarrollar las conductas propias de la especie, volar y todo eso, y hay que hacer una etapa de preliberaci\u00f3n, donde vemos si est\u00e1n aptos para liberarse, que se pueden valer por s\u00ed mismos y despu\u00e9s los liberamos de vuelta en el lugar donde fueron encontrados\u00bb,<\/em> expres\u00f3.<\/p>\n<p>Para que no ocurra una <strong>\u2018impronta\u2019<\/strong> -cuando el animal empieza a percibir al ser humano como un amigo que le da alimento- los especialistas al realizar el tratamiento cl\u00ednico, evitan el mayor contacto posible. Una vez que las especies pasan a la rehabilitaci\u00f3n extensiva en un galp\u00f3n, el tacto es m\u00ednimo para que as\u00ed ellos generen el rechazo y alejamiento hacia el ser humano.<\/p>\n<p>A fin de conseguir una positiva liberaci\u00f3n, Lemaitre coment\u00f3 que <em>\u00abun animal que se domestica y que se acostumbre a que el ser humano le d\u00e9 su alimento, despu\u00e9s no puede sobrevivir en su estado natural, entonces nosotros necesitamos evitar eso y hay una serie de formas y t\u00e9cnicas de alimentarlo para que eso no suceda, porque la idea es que ellos puedan sobrevivir a su medio ambiente natural, que puedan cazar y conseguir su alimento\u00bb<\/em>.<\/p>\n<p>Algunos de los casos especiales donde ha intervenido la fundaci\u00f3n, han sido en la liberaci\u00f3n de dos c\u00f3ndores, un \u00e1guila mora con un ala fracturada y soltada en San Francisco Lodge, y dos tuc\u00faqueres que estuvieron en rehabilitaci\u00f3n por casi un a\u00f1o.<\/p>\n<p>Finalmente, el veterinario indic\u00f3 la importancia de tratar la tem\u00e1tica sobre el rescate de animales silvestres lesionados o en grave peligro. <em>\u00abPara generar un cambio, lo m\u00e1s importante es la educaci\u00f3n ambiental, nosotros hacemos educaci\u00f3n ambiental en colegios, estamos dispuestos a participar en charlas e ir a todas las comunas a explicar lo que hacemos, explicar cu\u00e1les son los riesgos de la fauna silvestre, as\u00ed que les invitamos a que nos contacten y porque nuestro objetivo m\u00e1s que rescatar a un animal, a la vez es hacer un cambio en la sociedad para que la sociedad sea consciente de c\u00f3mo podemos evitar que este da\u00f1o se produzca.<\/em><\/p>\n<p>\u00ab<em>Tambi\u00e9n los invito a ser socios de \u2018Cerefan\u2019, a seguirnos en el Instagram que es \u2018cerefanaconcagua\u2019 y a aportar porque as\u00ed nos ayudan, aportar puede ser no necesariamente con plata, pero puede ser con alimento, con materiales, todas esas cosas siempre nos sirven. Para hacerse socios, solamente tienen que escribirnos un mensaje, puede ser al mail o al Instagram y nosotros le mandamos un enlace donde explica todas las cosas que pueden hacer o c\u00f3mo nos pueden ayudar\u00bb,<\/em> cerr\u00f3.<\/p>\n<figure id=\"attachment_128177\" aria-describedby=\"caption-attachment-128177\" style=\"width: 699px\" class=\"wp-caption alignnone\"><img loading=\"lazy\" decoding=\"async\" class=\"size-full wp-image-128177\" src=\"https:\/\/eltrabajo.cl\/web\/wp-content\/uploads\/2024\/02\/cerefan-Maximiano-Lemaitre-Marcia-Galvez.jpg\" alt=\"Maximiano Lemaitre junto a Marcia G\u00e1lvez, ambos integrantes del Centro de Rescate de Fauna Nativa, \u2018Cerefan\u2019.\" width=\"699\" height=\"689\" srcset=\"https:\/\/eltrabajo.cl\/web\/wp-content\/uploads\/2024\/02\/cerefan-Maximiano-Lemaitre-Marcia-Galvez.jpg 699w, https:\/\/eltrabajo.cl\/web\/wp-content\/uploads\/2024\/02\/cerefan-Maximiano-Lemaitre-Marcia-Galvez-300x296.jpg 300w, https:\/\/eltrabajo.cl\/web\/wp-content\/uploads\/2024\/02\/cerefan-Maximiano-Lemaitre-Marcia-Galvez-150x148.jpg 150w, https:\/\/eltrabajo.cl\/web\/wp-content\/uploads\/2024\/02\/cerefan-Maximiano-Lemaitre-Marcia-Galvez-696x686.jpg 696w, https:\/\/eltrabajo.cl\/web\/wp-content\/uploads\/2024\/02\/cerefan-Maximiano-Lemaitre-Marcia-Galvez-426x420.jpg 426w\" sizes=\"auto, (max-width: 699px) 100vw, 699px\" \/><figcaption id=\"caption-attachment-128177\" class=\"wp-caption-text\">Maximiano Lemaitre junto a Marcia G\u00e1lvez, ambos integrantes del Centro de Rescate de Fauna Nativa, \u2018Cerefan\u2019.<\/figcaption><\/figure>\n<figure id=\"attachment_128176\" aria-describedby=\"caption-attachment-128176\" style=\"width: 698px\" class=\"wp-caption alignnone\"><img loading=\"lazy\" decoding=\"async\" class=\"size-full wp-image-128176\" src=\"https:\/\/eltrabajo.cl\/web\/wp-content\/uploads\/2024\/02\/cerefan-aguila-mora.jpg\" alt=\"Liberaci\u00f3n de un \u00e1guila mora, ave rapaz diurna que recibi\u00f3 tratamiento en la fundaci\u00f3n \u2018Cerefan\u2019.\" width=\"698\" height=\"532\" srcset=\"https:\/\/eltrabajo.cl\/web\/wp-content\/uploads\/2024\/02\/cerefan-aguila-mora.jpg 698w, https:\/\/eltrabajo.cl\/web\/wp-content\/uploads\/2024\/02\/cerefan-aguila-mora-300x229.jpg 300w, https:\/\/eltrabajo.cl\/web\/wp-content\/uploads\/2024\/02\/cerefan-aguila-mora-150x114.jpg 150w, https:\/\/eltrabajo.cl\/web\/wp-content\/uploads\/2024\/02\/cerefan-aguila-mora-696x530.jpg 696w, https:\/\/eltrabajo.cl\/web\/wp-content\/uploads\/2024\/02\/cerefan-aguila-mora-551x420.jpg 551w, https:\/\/eltrabajo.cl\/web\/wp-content\/uploads\/2024\/02\/cerefan-aguila-mora-80x60.jpg 80w\" sizes=\"auto, (max-width: 698px) 100vw, 698px\" \/><figcaption id=\"caption-attachment-128176\" class=\"wp-caption-text\">Liberaci\u00f3n de un \u00e1guila mora, ave rapaz diurna que recibi\u00f3 tratamiento en la fundaci\u00f3n \u2018Cerefan\u2019.<\/figcaption><\/figure>\n","protected":false},"excerpt":{"rendered":"<p>La agrupaci\u00f3n sin fines de lucro ha tratado y liberado cerca de 500 especies desde el inicio de su conformaci\u00f3n como c\u00f3ndores, \u00e1guilas, halcones, guanacos, gatos colocolo, entre otros.- El Centro de Rehabilitaci\u00f3n de Fauna Nativa, \u2018Cerefan\u2019, lleva m\u00e1s de 5 a\u00f1os tratando animales heridos que habitan el Valle del Aconcagua y otros sectores de [&hellip;]<\/p>\n","protected":false},"author":1,"featured_media":128176,"comment_status":"open","ping_status":"open","sticky":false,"template":"","format":"standard","meta":{"footnotes":""},"categories":[4],"tags":[],"class_list":{"0":"post-128175","1":"post","2":"type-post","3":"status-publish","4":"format-standard","5":"has-post-thumbnail","7":"category-comunidad"},"yoast_head":"<!-- This site is optimized with the Yoast SEO plugin v27.5 - https:\/\/yoast.com\/product\/yoast-seo-wordpress\/ -->\n<title>\u2018Cerefan\u2019: La fundaci\u00f3n que rehabilita fauna nativa del Valle del Aconcagua - Diario El Trabajo<\/title>\n<meta name=\"robots\" content=\"index, follow, max-snippet:-1, max-image-preview:large, max-video-preview:-1\" \/>\n<link rel=\"canonical\" href=\"https:\/\/eltrabajo.cl\/web\/cerefan-la-fundacion-que-rehabilita-fauna-nativa-del-valle-del-aconcagua\/\" \/>\n<meta property=\"og:locale\" content=\"es_ES\" \/>\n<meta property=\"og:type\" content=\"article\" \/>\n<meta property=\"og:title\" content=\"\u2018Cerefan\u2019: La fundaci\u00f3n que rehabilita fauna nativa del Valle del Aconcagua - Diario El Trabajo\" \/>\n<meta property=\"og:description\" content=\"La agrupaci\u00f3n sin fines de lucro ha tratado y liberado cerca de 500 especies desde el inicio de su conformaci\u00f3n como c\u00f3ndores, \u00e1guilas, halcones, guanacos, gatos colocolo, entre otros.- El Centro de Rehabilitaci\u00f3n de Fauna Nativa, \u2018Cerefan\u2019, lleva m\u00e1s de 5 a\u00f1os tratando animales heridos que habitan el Valle del Aconcagua y otros sectores de [&hellip;]\" \/>\n<meta property=\"og:url\" content=\"https:\/\/eltrabajo.cl\/web\/cerefan-la-fundacion-que-rehabilita-fauna-nativa-del-valle-del-aconcagua\/\" \/>\n<meta property=\"og:site_name\" content=\"Diario El Trabajo\" \/>\n<meta property=\"article:publisher\" content=\"https:\/\/www.facebook.com\/ElTrabajoDiario\" \/>\n<meta property=\"article:published_time\" content=\"2024-02-26T02:10:14+00:00\" \/>\n<meta property=\"og:image\" content=\"https:\/\/eltrabajo.cl\/web\/wp-content\/uploads\/2024\/02\/cerefan-aguila-mora.jpg\" \/>\n\t<meta property=\"og:image:width\" content=\"698\" \/>\n\t<meta property=\"og:image:height\" content=\"532\" \/>\n\t<meta property=\"og:image:type\" content=\"image\/jpeg\" \/>\n<meta name=\"author\" content=\"Diario El Trabajo\" \/>\n<meta name=\"twitter:card\" content=\"summary_large_image\" \/>\n<meta name=\"twitter:creator\" content=\"@diarioeltrabajo\" \/>\n<meta name=\"twitter:site\" content=\"@diarioeltrabajo\" \/>\n<meta name=\"twitter:label1\" content=\"Escrito por\" \/>\n\t<meta name=\"twitter:data1\" content=\"Diario El Trabajo\" \/>\n\t<meta name=\"twitter:label2\" content=\"Tiempo estimado de lectura\" \/>\n\t<meta name=\"twitter:data2\" content=\"6 minutos\" \/>\n<script type=\"application\/ld+json\" class=\"yoast-schema-graph\">{\"@context\":\"https:\\\/\\\/schema.org\",\"@graph\":[{\"@type\":\"Article\",\"@id\":\"https:\\\/\\\/eltrabajo.cl\\\/web\\\/cerefan-la-fundacion-que-rehabilita-fauna-nativa-del-valle-del-aconcagua\\\/#article\",\"isPartOf\":{\"@id\":\"https:\\\/\\\/eltrabajo.cl\\\/web\\\/cerefan-la-fundacion-que-rehabilita-fauna-nativa-del-valle-del-aconcagua\\\/\"},\"author\":{\"name\":\"Diario El Trabajo\",\"@id\":\"https:\\\/\\\/eltrabajo.cl\\\/web\\\/#\\\/schema\\\/person\\\/45efd3d17f86ec456e44dd7debe1bf19\"},\"headline\":\"\u2018Cerefan\u2019: La fundaci\u00f3n que rehabilita fauna nativa del Valle del Aconcagua\",\"datePublished\":\"2024-02-26T02:10:14+00:00\",\"mainEntityOfPage\":{\"@id\":\"https:\\\/\\\/eltrabajo.cl\\\/web\\\/cerefan-la-fundacion-que-rehabilita-fauna-nativa-del-valle-del-aconcagua\\\/\"},\"wordCount\":1177,\"commentCount\":0,\"publisher\":{\"@id\":\"https:\\\/\\\/eltrabajo.cl\\\/web\\\/#organization\"},\"image\":{\"@id\":\"https:\\\/\\\/eltrabajo.cl\\\/web\\\/cerefan-la-fundacion-que-rehabilita-fauna-nativa-del-valle-del-aconcagua\\\/#primaryimage\"},\"thumbnailUrl\":\"https:\\\/\\\/eltrabajo.cl\\\/web\\\/wp-content\\\/uploads\\\/2024\\\/02\\\/cerefan-aguila-mora.jpg\",\"articleSection\":[\"Comunidad\"],\"inLanguage\":\"es-CL\",\"potentialAction\":[{\"@type\":\"CommentAction\",\"name\":\"Comment\",\"target\":[\"https:\\\/\\\/eltrabajo.cl\\\/web\\\/cerefan-la-fundacion-que-rehabilita-fauna-nativa-del-valle-del-aconcagua\\\/#respond\"]}]},{\"@type\":\"WebPage\",\"@id\":\"https:\\\/\\\/eltrabajo.cl\\\/web\\\/cerefan-la-fundacion-que-rehabilita-fauna-nativa-del-valle-del-aconcagua\\\/\",\"url\":\"https:\\\/\\\/eltrabajo.cl\\\/web\\\/cerefan-la-fundacion-que-rehabilita-fauna-nativa-del-valle-del-aconcagua\\\/\",\"name\":\"\u2018Cerefan\u2019: La fundaci\u00f3n que rehabilita fauna nativa del Valle del Aconcagua - Diario El Trabajo\",\"isPartOf\":{\"@id\":\"https:\\\/\\\/eltrabajo.cl\\\/web\\\/#website\"},\"primaryImageOfPage\":{\"@id\":\"https:\\\/\\\/eltrabajo.cl\\\/web\\\/cerefan-la-fundacion-que-rehabilita-fauna-nativa-del-valle-del-aconcagua\\\/#primaryimage\"},\"image\":{\"@id\":\"https:\\\/\\\/eltrabajo.cl\\\/web\\\/cerefan-la-fundacion-que-rehabilita-fauna-nativa-del-valle-del-aconcagua\\\/#primaryimage\"},\"thumbnailUrl\":\"https:\\\/\\\/eltrabajo.cl\\\/web\\\/wp-content\\\/uploads\\\/2024\\\/02\\\/cerefan-aguila-mora.jpg\",\"datePublished\":\"2024-02-26T02:10:14+00:00\",\"breadcrumb\":{\"@id\":\"https:\\\/\\\/eltrabajo.cl\\\/web\\\/cerefan-la-fundacion-que-rehabilita-fauna-nativa-del-valle-del-aconcagua\\\/#breadcrumb\"},\"inLanguage\":\"es-CL\",\"potentialAction\":[{\"@type\":\"ReadAction\",\"target\":[\"https:\\\/\\\/eltrabajo.cl\\\/web\\\/cerefan-la-fundacion-que-rehabilita-fauna-nativa-del-valle-del-aconcagua\\\/\"]}]},{\"@type\":\"ImageObject\",\"inLanguage\":\"es-CL\",\"@id\":\"https:\\\/\\\/eltrabajo.cl\\\/web\\\/cerefan-la-fundacion-que-rehabilita-fauna-nativa-del-valle-del-aconcagua\\\/#primaryimage\",\"url\":\"https:\\\/\\\/eltrabajo.cl\\\/web\\\/wp-content\\\/uploads\\\/2024\\\/02\\\/cerefan-aguila-mora.jpg\",\"contentUrl\":\"https:\\\/\\\/eltrabajo.cl\\\/web\\\/wp-content\\\/uploads\\\/2024\\\/02\\\/cerefan-aguila-mora.jpg\",\"width\":698,\"height\":532,\"caption\":\"Liberaci\u00f3n de un \u00e1guila mora, ave rapaz diurna que recibi\u00f3 tratamiento en la fundaci\u00f3n \u2018Cerefan\u2019.\"},{\"@type\":\"BreadcrumbList\",\"@id\":\"https:\\\/\\\/eltrabajo.cl\\\/web\\\/cerefan-la-fundacion-que-rehabilita-fauna-nativa-del-valle-del-aconcagua\\\/#breadcrumb\",\"itemListElement\":[{\"@type\":\"ListItem\",\"position\":1,\"name\":\"Portada\",\"item\":\"https:\\\/\\\/eltrabajo.cl\\\/web\\\/\"},{\"@type\":\"ListItem\",\"position\":2,\"name\":\"\u2018Cerefan\u2019: La fundaci\u00f3n que rehabilita fauna nativa del Valle del Aconcagua\"}]},{\"@type\":\"WebSite\",\"@id\":\"https:\\\/\\\/eltrabajo.cl\\\/web\\\/#website\",\"url\":\"https:\\\/\\\/eltrabajo.cl\\\/web\\\/\",\"name\":\"Diario El Trabajo\",\"description\":\"Desde 1929 construyendo Identidad Local\",\"publisher\":{\"@id\":\"https:\\\/\\\/eltrabajo.cl\\\/web\\\/#organization\"},\"potentialAction\":[{\"@type\":\"SearchAction\",\"target\":{\"@type\":\"EntryPoint\",\"urlTemplate\":\"https:\\\/\\\/eltrabajo.cl\\\/web\\\/?s={search_term_string}\"},\"query-input\":{\"@type\":\"PropertyValueSpecification\",\"valueRequired\":true,\"valueName\":\"search_term_string\"}}],\"inLanguage\":\"es-CL\"},{\"@type\":\"Organization\",\"@id\":\"https:\\\/\\\/eltrabajo.cl\\\/web\\\/#organization\",\"name\":\"Diario El Trabajo\",\"url\":\"https:\\\/\\\/eltrabajo.cl\\\/web\\\/\",\"logo\":{\"@type\":\"ImageObject\",\"inLanguage\":\"es-CL\",\"@id\":\"https:\\\/\\\/eltrabajo.cl\\\/web\\\/#\\\/schema\\\/logo\\\/image\\\/\",\"url\":\"https:\\\/\\\/eltrabajo.cl\\\/web\\\/wp-content\\\/uploads\\\/2024\\\/06\\\/profile-image-ig-page-diarioeltrabajo.jpg\",\"contentUrl\":\"https:\\\/\\\/eltrabajo.cl\\\/web\\\/wp-content\\\/uploads\\\/2024\\\/06\\\/profile-image-ig-page-diarioeltrabajo.jpg\",\"width\":823,\"height\":823,\"caption\":\"Diario El Trabajo\"},\"image\":{\"@id\":\"https:\\\/\\\/eltrabajo.cl\\\/web\\\/#\\\/schema\\\/logo\\\/image\\\/\"},\"sameAs\":[\"https:\\\/\\\/www.facebook.com\\\/ElTrabajoDiario\",\"https:\\\/\\\/x.com\\\/diarioeltrabajo\"]},{\"@type\":\"Person\",\"@id\":\"https:\\\/\\\/eltrabajo.cl\\\/web\\\/#\\\/schema\\\/person\\\/45efd3d17f86ec456e44dd7debe1bf19\",\"name\":\"Diario El Trabajo\",\"image\":{\"@type\":\"ImageObject\",\"inLanguage\":\"es-CL\",\"@id\":\"https:\\\/\\\/secure.gravatar.com\\\/avatar\\\/7e6ec277dc4aea2677c2dc301d4227957219329c985ab69a3efc12518b5161aa?s=96&d=mm&r=g\",\"url\":\"https:\\\/\\\/secure.gravatar.com\\\/avatar\\\/7e6ec277dc4aea2677c2dc301d4227957219329c985ab69a3efc12518b5161aa?s=96&d=mm&r=g\",\"contentUrl\":\"https:\\\/\\\/secure.gravatar.com\\\/avatar\\\/7e6ec277dc4aea2677c2dc301d4227957219329c985ab69a3efc12518b5161aa?s=96&d=mm&r=g\",\"caption\":\"Diario El Trabajo\"},\"sameAs\":[\"https:\\\/\\\/eltrabajo.cl\\\/web\"],\"url\":\"https:\\\/\\\/eltrabajo.cl\\\/web\\\/author\\\/diario-el-trabajo\\\/\"}]}<\/script>\n<!-- \/ Yoast SEO plugin. -->","yoast_head_json":{"title":"\u2018Cerefan\u2019: La fundaci\u00f3n que rehabilita fauna nativa del Valle del Aconcagua - Diario El Trabajo","robots":{"index":"index","follow":"follow","max-snippet":"max-snippet:-1","max-image-preview":"max-image-preview:large","max-video-preview":"max-video-preview:-1"},"canonical":"https:\/\/eltrabajo.cl\/web\/cerefan-la-fundacion-que-rehabilita-fauna-nativa-del-valle-del-aconcagua\/","og_locale":"es_ES","og_type":"article","og_title":"\u2018Cerefan\u2019: La fundaci\u00f3n que rehabilita fauna nativa del Valle del Aconcagua - Diario El Trabajo","og_description":"La agrupaci\u00f3n sin fines de lucro ha tratado y liberado cerca de 500 especies desde el inicio de su conformaci\u00f3n como c\u00f3ndores, \u00e1guilas, halcones, guanacos, gatos colocolo, entre otros.- El Centro de Rehabilitaci\u00f3n de Fauna Nativa, \u2018Cerefan\u2019, lleva m\u00e1s de 5 a\u00f1os tratando animales heridos que habitan el Valle del Aconcagua y otros sectores de [&hellip;]","og_url":"https:\/\/eltrabajo.cl\/web\/cerefan-la-fundacion-que-rehabilita-fauna-nativa-del-valle-del-aconcagua\/","og_site_name":"Diario El Trabajo","article_publisher":"https:\/\/www.facebook.com\/ElTrabajoDiario","article_published_time":"2024-02-26T02:10:14+00:00","og_image":[{"width":698,"height":532,"url":"https:\/\/eltrabajo.cl\/web\/wp-content\/uploads\/2024\/02\/cerefan-aguila-mora.jpg","type":"image\/jpeg"}],"author":"Diario El Trabajo","twitter_card":"summary_large_image","twitter_creator":"@diarioeltrabajo","twitter_site":"@diarioeltrabajo","twitter_misc":{"Escrito por":"Diario El Trabajo","Tiempo estimado de lectura":"6 minutos"},"schema":{"@context":"https:\/\/schema.org","@graph":[{"@type":"Article","@id":"https:\/\/eltrabajo.cl\/web\/cerefan-la-fundacion-que-rehabilita-fauna-nativa-del-valle-del-aconcagua\/#article","isPartOf":{"@id":"https:\/\/eltrabajo.cl\/web\/cerefan-la-fundacion-que-rehabilita-fauna-nativa-del-valle-del-aconcagua\/"},"author":{"name":"Diario El Trabajo","@id":"https:\/\/eltrabajo.cl\/web\/#\/schema\/person\/45efd3d17f86ec456e44dd7debe1bf19"},"headline":"\u2018Cerefan\u2019: La fundaci\u00f3n que rehabilita fauna nativa del Valle del Aconcagua","datePublished":"2024-02-26T02:10:14+00:00","mainEntityOfPage":{"@id":"https:\/\/eltrabajo.cl\/web\/cerefan-la-fundacion-que-rehabilita-fauna-nativa-del-valle-del-aconcagua\/"},"wordCount":1177,"commentCount":0,"publisher":{"@id":"https:\/\/eltrabajo.cl\/web\/#organization"},"image":{"@id":"https:\/\/eltrabajo.cl\/web\/cerefan-la-fundacion-que-rehabilita-fauna-nativa-del-valle-del-aconcagua\/#primaryimage"},"thumbnailUrl":"https:\/\/eltrabajo.cl\/web\/wp-content\/uploads\/2024\/02\/cerefan-aguila-mora.jpg","articleSection":["Comunidad"],"inLanguage":"es-CL","potentialAction":[{"@type":"CommentAction","name":"Comment","target":["https:\/\/eltrabajo.cl\/web\/cerefan-la-fundacion-que-rehabilita-fauna-nativa-del-valle-del-aconcagua\/#respond"]}]},{"@type":"WebPage","@id":"https:\/\/eltrabajo.cl\/web\/cerefan-la-fundacion-que-rehabilita-fauna-nativa-del-valle-del-aconcagua\/","url":"https:\/\/eltrabajo.cl\/web\/cerefan-la-fundacion-que-rehabilita-fauna-nativa-del-valle-del-aconcagua\/","name":"\u2018Cerefan\u2019: La fundaci\u00f3n que rehabilita fauna nativa del Valle del Aconcagua - Diario El Trabajo","isPartOf":{"@id":"https:\/\/eltrabajo.cl\/web\/#website"},"primaryImageOfPage":{"@id":"https:\/\/eltrabajo.cl\/web\/cerefan-la-fundacion-que-rehabilita-fauna-nativa-del-valle-del-aconcagua\/#primaryimage"},"image":{"@id":"https:\/\/eltrabajo.cl\/web\/cerefan-la-fundacion-que-rehabilita-fauna-nativa-del-valle-del-aconcagua\/#primaryimage"},"thumbnailUrl":"https:\/\/eltrabajo.cl\/web\/wp-content\/uploads\/2024\/02\/cerefan-aguila-mora.jpg","datePublished":"2024-02-26T02:10:14+00:00","breadcrumb":{"@id":"https:\/\/eltrabajo.cl\/web\/cerefan-la-fundacion-que-rehabilita-fauna-nativa-del-valle-del-aconcagua\/#breadcrumb"},"inLanguage":"es-CL","potentialAction":[{"@type":"ReadAction","target":["https:\/\/eltrabajo.cl\/web\/cerefan-la-fundacion-que-rehabilita-fauna-nativa-del-valle-del-aconcagua\/"]}]},{"@type":"ImageObject","inLanguage":"es-CL","@id":"https:\/\/eltrabajo.cl\/web\/cerefan-la-fundacion-que-rehabilita-fauna-nativa-del-valle-del-aconcagua\/#primaryimage","url":"https:\/\/eltrabajo.cl\/web\/wp-content\/uploads\/2024\/02\/cerefan-aguila-mora.jpg","contentUrl":"https:\/\/eltrabajo.cl\/web\/wp-content\/uploads\/2024\/02\/cerefan-aguila-mora.jpg","width":698,"height":532,"caption":"Liberaci\u00f3n de un \u00e1guila mora, ave rapaz diurna que recibi\u00f3 tratamiento en la fundaci\u00f3n \u2018Cerefan\u2019."},{"@type":"BreadcrumbList","@id":"https:\/\/eltrabajo.cl\/web\/cerefan-la-fundacion-que-rehabilita-fauna-nativa-del-valle-del-aconcagua\/#breadcrumb","itemListElement":[{"@type":"ListItem","position":1,"name":"Portada","item":"https:\/\/eltrabajo.cl\/web\/"},{"@type":"ListItem","position":2,"name":"\u2018Cerefan\u2019: La fundaci\u00f3n que rehabilita fauna nativa del Valle del Aconcagua"}]},{"@type":"WebSite","@id":"https:\/\/eltrabajo.cl\/web\/#website","url":"https:\/\/eltrabajo.cl\/web\/","name":"Diario El Trabajo","description":"Desde 1929 construyendo Identidad Local","publisher":{"@id":"https:\/\/eltrabajo.cl\/web\/#organization"},"potentialAction":[{"@type":"SearchAction","target":{"@type":"EntryPoint","urlTemplate":"https:\/\/eltrabajo.cl\/web\/?s={search_term_string}"},"query-input":{"@type":"PropertyValueSpecification","valueRequired":true,"valueName":"search_term_string"}}],"inLanguage":"es-CL"},{"@type":"Organization","@id":"https:\/\/eltrabajo.cl\/web\/#organization","name":"Diario El Trabajo","url":"https:\/\/eltrabajo.cl\/web\/","logo":{"@type":"ImageObject","inLanguage":"es-CL","@id":"https:\/\/eltrabajo.cl\/web\/#\/schema\/logo\/image\/","url":"https:\/\/eltrabajo.cl\/web\/wp-content\/uploads\/2024\/06\/profile-image-ig-page-diarioeltrabajo.jpg","contentUrl":"https:\/\/eltrabajo.cl\/web\/wp-content\/uploads\/2024\/06\/profile-image-ig-page-diarioeltrabajo.jpg","width":823,"height":823,"caption":"Diario El Trabajo"},"image":{"@id":"https:\/\/eltrabajo.cl\/web\/#\/schema\/logo\/image\/"},"sameAs":["https:\/\/www.facebook.com\/ElTrabajoDiario","https:\/\/x.com\/diarioeltrabajo"]},{"@type":"Person","@id":"https:\/\/eltrabajo.cl\/web\/#\/schema\/person\/45efd3d17f86ec456e44dd7debe1bf19","name":"Diario El Trabajo","image":{"@type":"ImageObject","inLanguage":"es-CL","@id":"https:\/\/secure.gravatar.com\/avatar\/7e6ec277dc4aea2677c2dc301d4227957219329c985ab69a3efc12518b5161aa?s=96&d=mm&r=g","url":"https:\/\/secure.gravatar.com\/avatar\/7e6ec277dc4aea2677c2dc301d4227957219329c985ab69a3efc12518b5161aa?s=96&d=mm&r=g","contentUrl":"https:\/\/secure.gravatar.com\/avatar\/7e6ec277dc4aea2677c2dc301d4227957219329c985ab69a3efc12518b5161aa?s=96&d=mm&r=g","caption":"Diario El Trabajo"},"sameAs":["https:\/\/eltrabajo.cl\/web"],"url":"https:\/\/eltrabajo.cl\/web\/author\/diario-el-trabajo\/"}]}},"_links":{"self":[{"href":"https:\/\/eltrabajo.cl\/web\/wp-json\/wp\/v2\/posts\/128175","targetHints":{"allow":["GET"]}}],"collection":[{"href":"https:\/\/eltrabajo.cl\/web\/wp-json\/wp\/v2\/posts"}],"about":[{"href":"https:\/\/eltrabajo.cl\/web\/wp-json\/wp\/v2\/types\/post"}],"author":[{"embeddable":true,"href":"https:\/\/eltrabajo.cl\/web\/wp-json\/wp\/v2\/users\/1"}],"replies":[{"embeddable":true,"href":"https:\/\/eltrabajo.cl\/web\/wp-json\/wp\/v2\/comments?post=128175"}],"version-history":[{"count":0,"href":"https:\/\/eltrabajo.cl\/web\/wp-json\/wp\/v2\/posts\/128175\/revisions"}],"wp:featuredmedia":[{"embeddable":true,"href":"https:\/\/eltrabajo.cl\/web\/wp-json\/wp\/v2\/media\/128176"}],"wp:attachment":[{"href":"https:\/\/eltrabajo.cl\/web\/wp-json\/wp\/v2\/media?parent=128175"}],"wp:term":[{"taxonomy":"category","embeddable":true,"href":"https:\/\/eltrabajo.cl\/web\/wp-json\/wp\/v2\/categories?post=128175"},{"taxonomy":"post_tag","embeddable":true,"href":"https:\/\/eltrabajo.cl\/web\/wp-json\/wp\/v2\/tags?post=128175"}],"curies":[{"name":"wp","href":"https:\/\/api.w.org\/{rel}","templated":true}]}}