{"id":128850,"date":"2024-04-01T22:55:39","date_gmt":"2024-04-02T01:55:39","guid":{"rendered":"https:\/\/eltrabajo.cl\/web\/?p=128850"},"modified":"2024-04-01T21:46:13","modified_gmt":"2024-04-02T00:46:13","slug":"equipo-de-san-felipe-basket-subio-al-podio-en-torneo-internacional-en-argentina","status":"publish","type":"post","link":"https:\/\/eltrabajo.cl\/web\/equipo-de-san-felipe-basket-subio-al-podio-en-torneo-internacional-en-argentina\/","title":{"rendered":"Equipo de San Felipe Basket subi\u00f3 al podio en torneo internacional en Argentina"},"content":{"rendered":"<p>Una experiencia que con toda seguridad se notificar\u00e1 como un paso adelante en la historia del club, es la que durante el pasado fin de Semana Santa vivieron tres equipos formativos del club San Felipe Basket.<\/p>\n<p>Entre el jueves y domingo reci\u00e9n pasados, las series U-15, U-17 y U-19 de la instituci\u00f3n sanfelipe\u00f1a tuvieron la oportunidad de competir en un torneo que tuvo como sede la ciudad de Bah\u00eda Blanca, urbe muy cotizada en el ambiente cestero al otro lado de la cordillera, a ra\u00edz que es la tierra de Emanuel Gin\u00f3bili, quien es considerado el Mejor basquetbolista de todos los tiempos en la Argentina y uno de los 100 m\u00e1s influyentes en la historia de la NBA.<\/p>\n<p>En dicha cita internacional, San Felipe Basket fue el \u00fanico club del valle de Aconcagua que dijo presente en este encuentro, en el que lograron hacer historia al culminar segundos en la serie menor de 19 a\u00f1os en la competencia que tuvo como nombre \u2018Cuna de Campeones\u2019.<\/p>\n<p>La tercera edici\u00f3n de este encuentro cont\u00f3 con la presencia de quintetos de Argentina, y otros doce que llegaron desde Colombia, Per\u00fa y Chile, lo que a todas luces nos dice que hablamos de una competencia de real nivel, en la cual los sanfelipe\u00f1os dejaron muy bien representados a toda nuestra zona.<\/p>\n<figure id=\"attachment_128851\" aria-describedby=\"caption-attachment-128851\" style=\"width: 699px\" class=\"wp-caption alignnone\"><img loading=\"lazy\" decoding=\"async\" class=\"size-full wp-image-128851\" src=\"https:\/\/eltrabajo.cl\/web\/wp-content\/uploads\/2024\/04\/U-19-SFB.jpg\" alt=\"El equipo U19 de SFB fue segundo en el torneo \u2018Cuna de Campeones\u2019.\" width=\"699\" height=\"340\" srcset=\"https:\/\/eltrabajo.cl\/web\/wp-content\/uploads\/2024\/04\/U-19-SFB.jpg 699w, https:\/\/eltrabajo.cl\/web\/wp-content\/uploads\/2024\/04\/U-19-SFB-300x146.jpg 300w, https:\/\/eltrabajo.cl\/web\/wp-content\/uploads\/2024\/04\/U-19-SFB-150x73.jpg 150w, https:\/\/eltrabajo.cl\/web\/wp-content\/uploads\/2024\/04\/U-19-SFB-696x340.jpg 696w\" sizes=\"auto, (max-width: 699px) 100vw, 699px\" \/><figcaption id=\"caption-attachment-128851\" class=\"wp-caption-text\">El equipo U19 de SFB fue segundo en el torneo \u2018Cuna de Campeones\u2019.<\/figcaption><\/figure>\n","protected":false},"excerpt":{"rendered":"<p>Una experiencia que con toda seguridad se notificar\u00e1 como un paso adelante en la historia del club, es la que durante el pasado fin de Semana Santa vivieron tres equipos formativos del club San Felipe Basket. Entre el jueves y domingo reci\u00e9n pasados, las series U-15, U-17 y U-19 de la instituci\u00f3n sanfelipe\u00f1a tuvieron la [&hellip;]<\/p>\n","protected":false},"author":1,"featured_media":128851,"comment_status":"open","ping_status":"open","sticky":false,"template":"","format":"standard","meta":{"footnotes":""},"categories":[2],"tags":[],"class_list":{"0":"post-128850","1":"post","2":"type-post","3":"status-publish","4":"format-standard","5":"has-post-thumbnail","7":"category-deportes"},"yoast_head":"<!-- This site is optimized with the Yoast SEO plugin v27.5 - https:\/\/yoast.com\/product\/yoast-seo-wordpress\/ -->\n<title>Equipo de San Felipe Basket subi\u00f3 al podio en torneo internacional en Argentina - Diario El Trabajo<\/title>\n<meta name=\"robots\" content=\"index, follow, max-snippet:-1, max-image-preview:large, max-video-preview:-1\" \/>\n<link rel=\"canonical\" href=\"https:\/\/eltrabajo.cl\/web\/equipo-de-san-felipe-basket-subio-al-podio-en-torneo-internacional-en-argentina\/\" \/>\n<meta property=\"og:locale\" content=\"es_ES\" \/>\n<meta property=\"og:type\" content=\"article\" \/>\n<meta property=\"og:title\" content=\"Equipo de San Felipe Basket subi\u00f3 al podio en torneo internacional en Argentina - Diario El Trabajo\" \/>\n<meta property=\"og:description\" content=\"Una experiencia que con toda seguridad se notificar\u00e1 como un paso adelante en la historia del club, es la que durante el pasado fin de Semana Santa vivieron tres equipos formativos del club San Felipe Basket. Entre el jueves y domingo reci\u00e9n pasados, las series U-15, U-17 y U-19 de la instituci\u00f3n sanfelipe\u00f1a tuvieron la [&hellip;]\" \/>\n<meta property=\"og:url\" content=\"https:\/\/eltrabajo.cl\/web\/equipo-de-san-felipe-basket-subio-al-podio-en-torneo-internacional-en-argentina\/\" \/>\n<meta property=\"og:site_name\" content=\"Diario El Trabajo\" \/>\n<meta property=\"article:publisher\" content=\"https:\/\/www.facebook.com\/ElTrabajoDiario\" \/>\n<meta property=\"article:published_time\" content=\"2024-04-02T01:55:39+00:00\" \/>\n<meta property=\"og:image\" content=\"https:\/\/eltrabajo.cl\/web\/wp-content\/uploads\/2024\/04\/U-19-SFB.jpg\" \/>\n\t<meta property=\"og:image:width\" content=\"699\" \/>\n\t<meta property=\"og:image:height\" content=\"340\" \/>\n\t<meta property=\"og:image:type\" content=\"image\/jpeg\" \/>\n<meta name=\"author\" content=\"Diario El Trabajo\" \/>\n<meta name=\"twitter:card\" content=\"summary_large_image\" \/>\n<meta name=\"twitter:creator\" content=\"@diarioeltrabajo\" \/>\n<meta name=\"twitter:site\" content=\"@diarioeltrabajo\" \/>\n<meta name=\"twitter:label1\" content=\"Escrito por\" \/>\n\t<meta name=\"twitter:data1\" content=\"Diario El Trabajo\" \/>\n\t<meta name=\"twitter:label2\" content=\"Tiempo estimado de lectura\" \/>\n\t<meta name=\"twitter:data2\" content=\"1 minuto\" \/>\n<script type=\"application\/ld+json\" class=\"yoast-schema-graph\">{\"@context\":\"https:\\\/\\\/schema.org\",\"@graph\":[{\"@type\":\"Article\",\"@id\":\"https:\\\/\\\/eltrabajo.cl\\\/web\\\/equipo-de-san-felipe-basket-subio-al-podio-en-torneo-internacional-en-argentina\\\/#article\",\"isPartOf\":{\"@id\":\"https:\\\/\\\/eltrabajo.cl\\\/web\\\/equipo-de-san-felipe-basket-subio-al-podio-en-torneo-internacional-en-argentina\\\/\"},\"author\":{\"name\":\"Diario El Trabajo\",\"@id\":\"https:\\\/\\\/eltrabajo.cl\\\/web\\\/#\\\/schema\\\/person\\\/45efd3d17f86ec456e44dd7debe1bf19\"},\"headline\":\"Equipo de San Felipe Basket subi\u00f3 al podio en torneo internacional en Argentina\",\"datePublished\":\"2024-04-02T01:55:39+00:00\",\"mainEntityOfPage\":{\"@id\":\"https:\\\/\\\/eltrabajo.cl\\\/web\\\/equipo-de-san-felipe-basket-subio-al-podio-en-torneo-internacional-en-argentina\\\/\"},\"wordCount\":258,\"commentCount\":0,\"publisher\":{\"@id\":\"https:\\\/\\\/eltrabajo.cl\\\/web\\\/#organization\"},\"image\":{\"@id\":\"https:\\\/\\\/eltrabajo.cl\\\/web\\\/equipo-de-san-felipe-basket-subio-al-podio-en-torneo-internacional-en-argentina\\\/#primaryimage\"},\"thumbnailUrl\":\"https:\\\/\\\/eltrabajo.cl\\\/web\\\/wp-content\\\/uploads\\\/2024\\\/04\\\/U-19-SFB.jpg\",\"articleSection\":[\"Deportes\"],\"inLanguage\":\"es-CL\",\"potentialAction\":[{\"@type\":\"CommentAction\",\"name\":\"Comment\",\"target\":[\"https:\\\/\\\/eltrabajo.cl\\\/web\\\/equipo-de-san-felipe-basket-subio-al-podio-en-torneo-internacional-en-argentina\\\/#respond\"]}]},{\"@type\":\"WebPage\",\"@id\":\"https:\\\/\\\/eltrabajo.cl\\\/web\\\/equipo-de-san-felipe-basket-subio-al-podio-en-torneo-internacional-en-argentina\\\/\",\"url\":\"https:\\\/\\\/eltrabajo.cl\\\/web\\\/equipo-de-san-felipe-basket-subio-al-podio-en-torneo-internacional-en-argentina\\\/\",\"name\":\"Equipo de San Felipe Basket subi\u00f3 al podio en torneo internacional en Argentina - Diario El Trabajo\",\"isPartOf\":{\"@id\":\"https:\\\/\\\/eltrabajo.cl\\\/web\\\/#website\"},\"primaryImageOfPage\":{\"@id\":\"https:\\\/\\\/eltrabajo.cl\\\/web\\\/equipo-de-san-felipe-basket-subio-al-podio-en-torneo-internacional-en-argentina\\\/#primaryimage\"},\"image\":{\"@id\":\"https:\\\/\\\/eltrabajo.cl\\\/web\\\/equipo-de-san-felipe-basket-subio-al-podio-en-torneo-internacional-en-argentina\\\/#primaryimage\"},\"thumbnailUrl\":\"https:\\\/\\\/eltrabajo.cl\\\/web\\\/wp-content\\\/uploads\\\/2024\\\/04\\\/U-19-SFB.jpg\",\"datePublished\":\"2024-04-02T01:55:39+00:00\",\"breadcrumb\":{\"@id\":\"https:\\\/\\\/eltrabajo.cl\\\/web\\\/equipo-de-san-felipe-basket-subio-al-podio-en-torneo-internacional-en-argentina\\\/#breadcrumb\"},\"inLanguage\":\"es-CL\",\"potentialAction\":[{\"@type\":\"ReadAction\",\"target\":[\"https:\\\/\\\/eltrabajo.cl\\\/web\\\/equipo-de-san-felipe-basket-subio-al-podio-en-torneo-internacional-en-argentina\\\/\"]}]},{\"@type\":\"ImageObject\",\"inLanguage\":\"es-CL\",\"@id\":\"https:\\\/\\\/eltrabajo.cl\\\/web\\\/equipo-de-san-felipe-basket-subio-al-podio-en-torneo-internacional-en-argentina\\\/#primaryimage\",\"url\":\"https:\\\/\\\/eltrabajo.cl\\\/web\\\/wp-content\\\/uploads\\\/2024\\\/04\\\/U-19-SFB.jpg\",\"contentUrl\":\"https:\\\/\\\/eltrabajo.cl\\\/web\\\/wp-content\\\/uploads\\\/2024\\\/04\\\/U-19-SFB.jpg\",\"width\":699,\"height\":340,\"caption\":\"El equipo U19 de SFB fue segundo en el torneo \u2018Cuna de Campeones\u2019.\"},{\"@type\":\"BreadcrumbList\",\"@id\":\"https:\\\/\\\/eltrabajo.cl\\\/web\\\/equipo-de-san-felipe-basket-subio-al-podio-en-torneo-internacional-en-argentina\\\/#breadcrumb\",\"itemListElement\":[{\"@type\":\"ListItem\",\"position\":1,\"name\":\"Portada\",\"item\":\"https:\\\/\\\/eltrabajo.cl\\\/web\\\/\"},{\"@type\":\"ListItem\",\"position\":2,\"name\":\"Equipo de San Felipe Basket subi\u00f3 al podio en torneo internacional en Argentina\"}]},{\"@type\":\"WebSite\",\"@id\":\"https:\\\/\\\/eltrabajo.cl\\\/web\\\/#website\",\"url\":\"https:\\\/\\\/eltrabajo.cl\\\/web\\\/\",\"name\":\"Diario El Trabajo\",\"description\":\"Desde 1929 construyendo Identidad Local\",\"publisher\":{\"@id\":\"https:\\\/\\\/eltrabajo.cl\\\/web\\\/#organization\"},\"potentialAction\":[{\"@type\":\"SearchAction\",\"target\":{\"@type\":\"EntryPoint\",\"urlTemplate\":\"https:\\\/\\\/eltrabajo.cl\\\/web\\\/?s={search_term_string}\"},\"query-input\":{\"@type\":\"PropertyValueSpecification\",\"valueRequired\":true,\"valueName\":\"search_term_string\"}}],\"inLanguage\":\"es-CL\"},{\"@type\":\"Organization\",\"@id\":\"https:\\\/\\\/eltrabajo.cl\\\/web\\\/#organization\",\"name\":\"Diario El Trabajo\",\"url\":\"https:\\\/\\\/eltrabajo.cl\\\/web\\\/\",\"logo\":{\"@type\":\"ImageObject\",\"inLanguage\":\"es-CL\",\"@id\":\"https:\\\/\\\/eltrabajo.cl\\\/web\\\/#\\\/schema\\\/logo\\\/image\\\/\",\"url\":\"https:\\\/\\\/eltrabajo.cl\\\/web\\\/wp-content\\\/uploads\\\/2024\\\/06\\\/profile-image-ig-page-diarioeltrabajo.jpg\",\"contentUrl\":\"https:\\\/\\\/eltrabajo.cl\\\/web\\\/wp-content\\\/uploads\\\/2024\\\/06\\\/profile-image-ig-page-diarioeltrabajo.jpg\",\"width\":823,\"height\":823,\"caption\":\"Diario El Trabajo\"},\"image\":{\"@id\":\"https:\\\/\\\/eltrabajo.cl\\\/web\\\/#\\\/schema\\\/logo\\\/image\\\/\"},\"sameAs\":[\"https:\\\/\\\/www.facebook.com\\\/ElTrabajoDiario\",\"https:\\\/\\\/x.com\\\/diarioeltrabajo\"]},{\"@type\":\"Person\",\"@id\":\"https:\\\/\\\/eltrabajo.cl\\\/web\\\/#\\\/schema\\\/person\\\/45efd3d17f86ec456e44dd7debe1bf19\",\"name\":\"Diario El Trabajo\",\"image\":{\"@type\":\"ImageObject\",\"inLanguage\":\"es-CL\",\"@id\":\"https:\\\/\\\/secure.gravatar.com\\\/avatar\\\/7e6ec277dc4aea2677c2dc301d4227957219329c985ab69a3efc12518b5161aa?s=96&d=mm&r=g\",\"url\":\"https:\\\/\\\/secure.gravatar.com\\\/avatar\\\/7e6ec277dc4aea2677c2dc301d4227957219329c985ab69a3efc12518b5161aa?s=96&d=mm&r=g\",\"contentUrl\":\"https:\\\/\\\/secure.gravatar.com\\\/avatar\\\/7e6ec277dc4aea2677c2dc301d4227957219329c985ab69a3efc12518b5161aa?s=96&d=mm&r=g\",\"caption\":\"Diario El Trabajo\"},\"sameAs\":[\"https:\\\/\\\/eltrabajo.cl\\\/web\"],\"url\":\"https:\\\/\\\/eltrabajo.cl\\\/web\\\/author\\\/diario-el-trabajo\\\/\"}]}<\/script>\n<!-- \/ Yoast SEO plugin. -->","yoast_head_json":{"title":"Equipo de San Felipe Basket subi\u00f3 al podio en torneo internacional en Argentina - Diario El Trabajo","robots":{"index":"index","follow":"follow","max-snippet":"max-snippet:-1","max-image-preview":"max-image-preview:large","max-video-preview":"max-video-preview:-1"},"canonical":"https:\/\/eltrabajo.cl\/web\/equipo-de-san-felipe-basket-subio-al-podio-en-torneo-internacional-en-argentina\/","og_locale":"es_ES","og_type":"article","og_title":"Equipo de San Felipe Basket subi\u00f3 al podio en torneo internacional en Argentina - Diario El Trabajo","og_description":"Una experiencia que con toda seguridad se notificar\u00e1 como un paso adelante en la historia del club, es la que durante el pasado fin de Semana Santa vivieron tres equipos formativos del club San Felipe Basket. Entre el jueves y domingo reci\u00e9n pasados, las series U-15, U-17 y U-19 de la instituci\u00f3n sanfelipe\u00f1a tuvieron la [&hellip;]","og_url":"https:\/\/eltrabajo.cl\/web\/equipo-de-san-felipe-basket-subio-al-podio-en-torneo-internacional-en-argentina\/","og_site_name":"Diario El Trabajo","article_publisher":"https:\/\/www.facebook.com\/ElTrabajoDiario","article_published_time":"2024-04-02T01:55:39+00:00","og_image":[{"width":699,"height":340,"url":"https:\/\/eltrabajo.cl\/web\/wp-content\/uploads\/2024\/04\/U-19-SFB.jpg","type":"image\/jpeg"}],"author":"Diario El Trabajo","twitter_card":"summary_large_image","twitter_creator":"@diarioeltrabajo","twitter_site":"@diarioeltrabajo","twitter_misc":{"Escrito por":"Diario El Trabajo","Tiempo estimado de lectura":"1 minuto"},"schema":{"@context":"https:\/\/schema.org","@graph":[{"@type":"Article","@id":"https:\/\/eltrabajo.cl\/web\/equipo-de-san-felipe-basket-subio-al-podio-en-torneo-internacional-en-argentina\/#article","isPartOf":{"@id":"https:\/\/eltrabajo.cl\/web\/equipo-de-san-felipe-basket-subio-al-podio-en-torneo-internacional-en-argentina\/"},"author":{"name":"Diario El Trabajo","@id":"https:\/\/eltrabajo.cl\/web\/#\/schema\/person\/45efd3d17f86ec456e44dd7debe1bf19"},"headline":"Equipo de San Felipe Basket subi\u00f3 al podio en torneo internacional en Argentina","datePublished":"2024-04-02T01:55:39+00:00","mainEntityOfPage":{"@id":"https:\/\/eltrabajo.cl\/web\/equipo-de-san-felipe-basket-subio-al-podio-en-torneo-internacional-en-argentina\/"},"wordCount":258,"commentCount":0,"publisher":{"@id":"https:\/\/eltrabajo.cl\/web\/#organization"},"image":{"@id":"https:\/\/eltrabajo.cl\/web\/equipo-de-san-felipe-basket-subio-al-podio-en-torneo-internacional-en-argentina\/#primaryimage"},"thumbnailUrl":"https:\/\/eltrabajo.cl\/web\/wp-content\/uploads\/2024\/04\/U-19-SFB.jpg","articleSection":["Deportes"],"inLanguage":"es-CL","potentialAction":[{"@type":"CommentAction","name":"Comment","target":["https:\/\/eltrabajo.cl\/web\/equipo-de-san-felipe-basket-subio-al-podio-en-torneo-internacional-en-argentina\/#respond"]}]},{"@type":"WebPage","@id":"https:\/\/eltrabajo.cl\/web\/equipo-de-san-felipe-basket-subio-al-podio-en-torneo-internacional-en-argentina\/","url":"https:\/\/eltrabajo.cl\/web\/equipo-de-san-felipe-basket-subio-al-podio-en-torneo-internacional-en-argentina\/","name":"Equipo de San Felipe Basket subi\u00f3 al podio en torneo internacional en Argentina - Diario El Trabajo","isPartOf":{"@id":"https:\/\/eltrabajo.cl\/web\/#website"},"primaryImageOfPage":{"@id":"https:\/\/eltrabajo.cl\/web\/equipo-de-san-felipe-basket-subio-al-podio-en-torneo-internacional-en-argentina\/#primaryimage"},"image":{"@id":"https:\/\/eltrabajo.cl\/web\/equipo-de-san-felipe-basket-subio-al-podio-en-torneo-internacional-en-argentina\/#primaryimage"},"thumbnailUrl":"https:\/\/eltrabajo.cl\/web\/wp-content\/uploads\/2024\/04\/U-19-SFB.jpg","datePublished":"2024-04-02T01:55:39+00:00","breadcrumb":{"@id":"https:\/\/eltrabajo.cl\/web\/equipo-de-san-felipe-basket-subio-al-podio-en-torneo-internacional-en-argentina\/#breadcrumb"},"inLanguage":"es-CL","potentialAction":[{"@type":"ReadAction","target":["https:\/\/eltrabajo.cl\/web\/equipo-de-san-felipe-basket-subio-al-podio-en-torneo-internacional-en-argentina\/"]}]},{"@type":"ImageObject","inLanguage":"es-CL","@id":"https:\/\/eltrabajo.cl\/web\/equipo-de-san-felipe-basket-subio-al-podio-en-torneo-internacional-en-argentina\/#primaryimage","url":"https:\/\/eltrabajo.cl\/web\/wp-content\/uploads\/2024\/04\/U-19-SFB.jpg","contentUrl":"https:\/\/eltrabajo.cl\/web\/wp-content\/uploads\/2024\/04\/U-19-SFB.jpg","width":699,"height":340,"caption":"El equipo U19 de SFB fue segundo en el torneo \u2018Cuna de Campeones\u2019."},{"@type":"BreadcrumbList","@id":"https:\/\/eltrabajo.cl\/web\/equipo-de-san-felipe-basket-subio-al-podio-en-torneo-internacional-en-argentina\/#breadcrumb","itemListElement":[{"@type":"ListItem","position":1,"name":"Portada","item":"https:\/\/eltrabajo.cl\/web\/"},{"@type":"ListItem","position":2,"name":"Equipo de San Felipe Basket subi\u00f3 al podio en torneo internacional en Argentina"}]},{"@type":"WebSite","@id":"https:\/\/eltrabajo.cl\/web\/#website","url":"https:\/\/eltrabajo.cl\/web\/","name":"Diario El Trabajo","description":"Desde 1929 construyendo Identidad Local","publisher":{"@id":"https:\/\/eltrabajo.cl\/web\/#organization"},"potentialAction":[{"@type":"SearchAction","target":{"@type":"EntryPoint","urlTemplate":"https:\/\/eltrabajo.cl\/web\/?s={search_term_string}"},"query-input":{"@type":"PropertyValueSpecification","valueRequired":true,"valueName":"search_term_string"}}],"inLanguage":"es-CL"},{"@type":"Organization","@id":"https:\/\/eltrabajo.cl\/web\/#organization","name":"Diario El Trabajo","url":"https:\/\/eltrabajo.cl\/web\/","logo":{"@type":"ImageObject","inLanguage":"es-CL","@id":"https:\/\/eltrabajo.cl\/web\/#\/schema\/logo\/image\/","url":"https:\/\/eltrabajo.cl\/web\/wp-content\/uploads\/2024\/06\/profile-image-ig-page-diarioeltrabajo.jpg","contentUrl":"https:\/\/eltrabajo.cl\/web\/wp-content\/uploads\/2024\/06\/profile-image-ig-page-diarioeltrabajo.jpg","width":823,"height":823,"caption":"Diario El Trabajo"},"image":{"@id":"https:\/\/eltrabajo.cl\/web\/#\/schema\/logo\/image\/"},"sameAs":["https:\/\/www.facebook.com\/ElTrabajoDiario","https:\/\/x.com\/diarioeltrabajo"]},{"@type":"Person","@id":"https:\/\/eltrabajo.cl\/web\/#\/schema\/person\/45efd3d17f86ec456e44dd7debe1bf19","name":"Diario El Trabajo","image":{"@type":"ImageObject","inLanguage":"es-CL","@id":"https:\/\/secure.gravatar.com\/avatar\/7e6ec277dc4aea2677c2dc301d4227957219329c985ab69a3efc12518b5161aa?s=96&d=mm&r=g","url":"https:\/\/secure.gravatar.com\/avatar\/7e6ec277dc4aea2677c2dc301d4227957219329c985ab69a3efc12518b5161aa?s=96&d=mm&r=g","contentUrl":"https:\/\/secure.gravatar.com\/avatar\/7e6ec277dc4aea2677c2dc301d4227957219329c985ab69a3efc12518b5161aa?s=96&d=mm&r=g","caption":"Diario El Trabajo"},"sameAs":["https:\/\/eltrabajo.cl\/web"],"url":"https:\/\/eltrabajo.cl\/web\/author\/diario-el-trabajo\/"}]}},"_links":{"self":[{"href":"https:\/\/eltrabajo.cl\/web\/wp-json\/wp\/v2\/posts\/128850","targetHints":{"allow":["GET"]}}],"collection":[{"href":"https:\/\/eltrabajo.cl\/web\/wp-json\/wp\/v2\/posts"}],"about":[{"href":"https:\/\/eltrabajo.cl\/web\/wp-json\/wp\/v2\/types\/post"}],"author":[{"embeddable":true,"href":"https:\/\/eltrabajo.cl\/web\/wp-json\/wp\/v2\/users\/1"}],"replies":[{"embeddable":true,"href":"https:\/\/eltrabajo.cl\/web\/wp-json\/wp\/v2\/comments?post=128850"}],"version-history":[{"count":0,"href":"https:\/\/eltrabajo.cl\/web\/wp-json\/wp\/v2\/posts\/128850\/revisions"}],"wp:featuredmedia":[{"embeddable":true,"href":"https:\/\/eltrabajo.cl\/web\/wp-json\/wp\/v2\/media\/128851"}],"wp:attachment":[{"href":"https:\/\/eltrabajo.cl\/web\/wp-json\/wp\/v2\/media?parent=128850"}],"wp:term":[{"taxonomy":"category","embeddable":true,"href":"https:\/\/eltrabajo.cl\/web\/wp-json\/wp\/v2\/categories?post=128850"},{"taxonomy":"post_tag","embeddable":true,"href":"https:\/\/eltrabajo.cl\/web\/wp-json\/wp\/v2\/tags?post=128850"}],"curies":[{"name":"wp","href":"https:\/\/api.w.org\/{rel}","templated":true}]}}