{"id":129210,"date":"2024-04-17T23:18:02","date_gmt":"2024-04-18T02:18:02","guid":{"rendered":"https:\/\/eltrabajo.cl\/web\/?p=129210"},"modified":"2024-04-17T22:00:36","modified_gmt":"2024-04-18T01:00:36","slug":"lovrincevich-y-su-titanica-tarea-por-sacar-al-uni-uni-del-fondo-de-la-tabla","status":"publish","type":"post","link":"https:\/\/eltrabajo.cl\/web\/lovrincevich-y-su-titanica-tarea-por-sacar-al-uni-uni-del-fondo-de-la-tabla\/","title":{"rendered":"Lovrincevich y su tit\u00e1nica tarea por sacar al Un\u00ed Un\u00ed del fondo de la tabla"},"content":{"rendered":"<p>El actual t\u00e9cnico de Uni\u00f3n San Felipe, <strong>Christian Lovrincevich<\/strong>, cree que con mucho trabajo de por medio, la escuadra albirroja podr\u00e1 salir a flote. Para el profesional trasandino, es fundamental que cada jugador ponga lo mejor de s\u00ed para poder sacar adelante una tarea que asoma en extremo compleja, y por lo mismo desde ahora las exigencias en los entrenamientos y partidos ser\u00e1n mayores. <em>\u00abSi por ejemplo contra Temuco, un jugador jug\u00f3 seis puntos, la semana pr\u00f3xima deber\u00e1 jugar siete. Si corri\u00f3 una determinada cantidad de metros en el campo, en el siguiente partido tendr\u00e1 que correr m\u00e1s. Lo mismo la tolerancia al esfuerzo, ya que solo de esa manera se podr\u00e1 crecer y levantar\u00bb,<\/em> afirm\u00f3 el coach.<\/p>\n<p>Teniendo como par\u00e1metro el anterior duelo contra Deportes Temuco, se requiri\u00f3 al entrenador para que hiciera un an\u00e1lisis de las falencias que detecta en el equipo. <em>\u00abHa sido una constante durante toda la temporada que el rival no genera m\u00e1s que Uni\u00f3n San Felipe, sin embargo, lo poco que generan lo concretan en goles, y cuando eso pasa los partidos se ponen cuesta arriba, as\u00ed que el camino que habr\u00e1 que seguir ser\u00e1 el hacer crecer al futbolista. Es vital hacerlo con urgencia de ac\u00e1 al t\u00e9rmino de la primera rueda; despu\u00e9s podremos hacer algunas incrustaciones que nos dar\u00e1n algo distinto\u00bb,<\/em> formul\u00f3.<\/p>\n<p>Dentro de las cosas que se buscar\u00e1 entregar al plantel, el profesor Lovrincevich se\u00f1al\u00f3 con seguridad: <em>\u00abSabemos perfectamente que a este equipo hay que darle fuerzas y otro impulso; en todo caso no creo que haya sido un justo perdedor en el partido anterior. Habr\u00e1 que tener calma y la cabeza fr\u00eda, porque hay que tener en cuenta que, por ejemplo, Temuco tiene un proceso de varios meses, mientras que el actual a cargo nuestro, reci\u00e9n empieza\u00bb. <\/em><\/p>\n<figure id=\"attachment_129211\" aria-describedby=\"caption-attachment-129211\" style=\"width: 699px\" class=\"wp-caption alignnone\"><img loading=\"lazy\" decoding=\"async\" class=\"size-full wp-image-129211\" src=\"https:\/\/eltrabajo.cl\/web\/wp-content\/uploads\/2024\/04\/lovrincevich.jpg\" alt=\"Christian Lovrincevich sabe perfectamente qu\u00e9 deber\u00e1 hacer para levantar al plantel.\" width=\"699\" height=\"507\" srcset=\"https:\/\/eltrabajo.cl\/web\/wp-content\/uploads\/2024\/04\/lovrincevich.jpg 699w, https:\/\/eltrabajo.cl\/web\/wp-content\/uploads\/2024\/04\/lovrincevich-300x218.jpg 300w, https:\/\/eltrabajo.cl\/web\/wp-content\/uploads\/2024\/04\/lovrincevich-579x420.jpg 579w, https:\/\/eltrabajo.cl\/web\/wp-content\/uploads\/2024\/04\/lovrincevich-150x109.jpg 150w, https:\/\/eltrabajo.cl\/web\/wp-content\/uploads\/2024\/04\/lovrincevich-696x505.jpg 696w, https:\/\/eltrabajo.cl\/web\/wp-content\/uploads\/2024\/04\/lovrincevich-324x235.jpg 324w\" sizes=\"auto, (max-width: 699px) 100vw, 699px\" \/><figcaption id=\"caption-attachment-129211\" class=\"wp-caption-text\">Christian Lovrincevich sabe perfectamente qu\u00e9 deber\u00e1 hacer para levantar al plantel.<\/figcaption><\/figure>\n","protected":false},"excerpt":{"rendered":"<p>El actual t\u00e9cnico de Uni\u00f3n San Felipe, Christian Lovrincevich, cree que con mucho trabajo de por medio, la escuadra albirroja podr\u00e1 salir a flote. Para el profesional trasandino, es fundamental que cada jugador ponga lo mejor de s\u00ed para poder sacar adelante una tarea que asoma en extremo compleja, y por lo mismo desde ahora [&hellip;]<\/p>\n","protected":false},"author":1,"featured_media":129211,"comment_status":"open","ping_status":"open","sticky":false,"template":"","format":"standard","meta":{"footnotes":""},"categories":[2],"tags":[],"class_list":{"0":"post-129210","1":"post","2":"type-post","3":"status-publish","4":"format-standard","5":"has-post-thumbnail","7":"category-deportes"},"yoast_head":"<!-- This site is optimized with the Yoast SEO plugin v27.4 - https:\/\/yoast.com\/product\/yoast-seo-wordpress\/ -->\n<title>Lovrincevich y su tit\u00e1nica tarea por sacar al Un\u00ed Un\u00ed del fondo de la tabla - Diario El Trabajo<\/title>\n<meta name=\"robots\" content=\"index, follow, max-snippet:-1, max-image-preview:large, max-video-preview:-1\" \/>\n<link rel=\"canonical\" href=\"https:\/\/eltrabajo.cl\/web\/lovrincevich-y-su-titanica-tarea-por-sacar-al-uni-uni-del-fondo-de-la-tabla\/\" \/>\n<meta property=\"og:locale\" content=\"es_ES\" \/>\n<meta property=\"og:type\" content=\"article\" \/>\n<meta property=\"og:title\" content=\"Lovrincevich y su tit\u00e1nica tarea por sacar al Un\u00ed Un\u00ed del fondo de la tabla - Diario El Trabajo\" \/>\n<meta property=\"og:description\" content=\"El actual t\u00e9cnico de Uni\u00f3n San Felipe, Christian Lovrincevich, cree que con mucho trabajo de por medio, la escuadra albirroja podr\u00e1 salir a flote. Para el profesional trasandino, es fundamental que cada jugador ponga lo mejor de s\u00ed para poder sacar adelante una tarea que asoma en extremo compleja, y por lo mismo desde ahora [&hellip;]\" \/>\n<meta property=\"og:url\" content=\"https:\/\/eltrabajo.cl\/web\/lovrincevich-y-su-titanica-tarea-por-sacar-al-uni-uni-del-fondo-de-la-tabla\/\" \/>\n<meta property=\"og:site_name\" content=\"Diario El Trabajo\" \/>\n<meta property=\"article:publisher\" content=\"https:\/\/www.facebook.com\/ElTrabajoDiario\" \/>\n<meta property=\"article:published_time\" content=\"2024-04-18T02:18:02+00:00\" \/>\n<meta property=\"og:image\" content=\"https:\/\/eltrabajo.cl\/web\/wp-content\/uploads\/2024\/04\/lovrincevich.jpg\" \/>\n\t<meta property=\"og:image:width\" content=\"699\" \/>\n\t<meta property=\"og:image:height\" content=\"507\" \/>\n\t<meta property=\"og:image:type\" content=\"image\/jpeg\" \/>\n<meta name=\"author\" content=\"Diario El Trabajo\" \/>\n<meta name=\"twitter:card\" content=\"summary_large_image\" \/>\n<meta name=\"twitter:creator\" content=\"@diarioeltrabajo\" \/>\n<meta name=\"twitter:site\" content=\"@diarioeltrabajo\" \/>\n<meta name=\"twitter:label1\" content=\"Escrito por\" \/>\n\t<meta name=\"twitter:data1\" content=\"Diario El Trabajo\" \/>\n\t<meta name=\"twitter:label2\" content=\"Tiempo estimado de lectura\" \/>\n\t<meta name=\"twitter:data2\" content=\"2 minutos\" \/>\n<script type=\"application\/ld+json\" class=\"yoast-schema-graph\">{\"@context\":\"https:\\\/\\\/schema.org\",\"@graph\":[{\"@type\":\"Article\",\"@id\":\"https:\\\/\\\/eltrabajo.cl\\\/web\\\/lovrincevich-y-su-titanica-tarea-por-sacar-al-uni-uni-del-fondo-de-la-tabla\\\/#article\",\"isPartOf\":{\"@id\":\"https:\\\/\\\/eltrabajo.cl\\\/web\\\/lovrincevich-y-su-titanica-tarea-por-sacar-al-uni-uni-del-fondo-de-la-tabla\\\/\"},\"author\":{\"name\":\"Diario El Trabajo\",\"@id\":\"https:\\\/\\\/eltrabajo.cl\\\/web\\\/#\\\/schema\\\/person\\\/45efd3d17f86ec456e44dd7debe1bf19\"},\"headline\":\"Lovrincevich y su tit\u00e1nica tarea por sacar al Un\u00ed Un\u00ed del fondo de la tabla\",\"datePublished\":\"2024-04-18T02:18:02+00:00\",\"mainEntityOfPage\":{\"@id\":\"https:\\\/\\\/eltrabajo.cl\\\/web\\\/lovrincevich-y-su-titanica-tarea-por-sacar-al-uni-uni-del-fondo-de-la-tabla\\\/\"},\"wordCount\":346,\"commentCount\":0,\"publisher\":{\"@id\":\"https:\\\/\\\/eltrabajo.cl\\\/web\\\/#organization\"},\"image\":{\"@id\":\"https:\\\/\\\/eltrabajo.cl\\\/web\\\/lovrincevich-y-su-titanica-tarea-por-sacar-al-uni-uni-del-fondo-de-la-tabla\\\/#primaryimage\"},\"thumbnailUrl\":\"https:\\\/\\\/eltrabajo.cl\\\/web\\\/wp-content\\\/uploads\\\/2024\\\/04\\\/lovrincevich.jpg\",\"articleSection\":[\"Deportes\"],\"inLanguage\":\"es-CL\",\"potentialAction\":[{\"@type\":\"CommentAction\",\"name\":\"Comment\",\"target\":[\"https:\\\/\\\/eltrabajo.cl\\\/web\\\/lovrincevich-y-su-titanica-tarea-por-sacar-al-uni-uni-del-fondo-de-la-tabla\\\/#respond\"]}]},{\"@type\":\"WebPage\",\"@id\":\"https:\\\/\\\/eltrabajo.cl\\\/web\\\/lovrincevich-y-su-titanica-tarea-por-sacar-al-uni-uni-del-fondo-de-la-tabla\\\/\",\"url\":\"https:\\\/\\\/eltrabajo.cl\\\/web\\\/lovrincevich-y-su-titanica-tarea-por-sacar-al-uni-uni-del-fondo-de-la-tabla\\\/\",\"name\":\"Lovrincevich y su tit\u00e1nica tarea por sacar al Un\u00ed Un\u00ed del fondo de la tabla - Diario El Trabajo\",\"isPartOf\":{\"@id\":\"https:\\\/\\\/eltrabajo.cl\\\/web\\\/#website\"},\"primaryImageOfPage\":{\"@id\":\"https:\\\/\\\/eltrabajo.cl\\\/web\\\/lovrincevich-y-su-titanica-tarea-por-sacar-al-uni-uni-del-fondo-de-la-tabla\\\/#primaryimage\"},\"image\":{\"@id\":\"https:\\\/\\\/eltrabajo.cl\\\/web\\\/lovrincevich-y-su-titanica-tarea-por-sacar-al-uni-uni-del-fondo-de-la-tabla\\\/#primaryimage\"},\"thumbnailUrl\":\"https:\\\/\\\/eltrabajo.cl\\\/web\\\/wp-content\\\/uploads\\\/2024\\\/04\\\/lovrincevich.jpg\",\"datePublished\":\"2024-04-18T02:18:02+00:00\",\"breadcrumb\":{\"@id\":\"https:\\\/\\\/eltrabajo.cl\\\/web\\\/lovrincevich-y-su-titanica-tarea-por-sacar-al-uni-uni-del-fondo-de-la-tabla\\\/#breadcrumb\"},\"inLanguage\":\"es-CL\",\"potentialAction\":[{\"@type\":\"ReadAction\",\"target\":[\"https:\\\/\\\/eltrabajo.cl\\\/web\\\/lovrincevich-y-su-titanica-tarea-por-sacar-al-uni-uni-del-fondo-de-la-tabla\\\/\"]}]},{\"@type\":\"ImageObject\",\"inLanguage\":\"es-CL\",\"@id\":\"https:\\\/\\\/eltrabajo.cl\\\/web\\\/lovrincevich-y-su-titanica-tarea-por-sacar-al-uni-uni-del-fondo-de-la-tabla\\\/#primaryimage\",\"url\":\"https:\\\/\\\/eltrabajo.cl\\\/web\\\/wp-content\\\/uploads\\\/2024\\\/04\\\/lovrincevich.jpg\",\"contentUrl\":\"https:\\\/\\\/eltrabajo.cl\\\/web\\\/wp-content\\\/uploads\\\/2024\\\/04\\\/lovrincevich.jpg\",\"width\":699,\"height\":507,\"caption\":\"Christian Lovrincevich sabe perfectamente qu\u00e9 deber\u00e1 hacer para levantar al plantel.\"},{\"@type\":\"BreadcrumbList\",\"@id\":\"https:\\\/\\\/eltrabajo.cl\\\/web\\\/lovrincevich-y-su-titanica-tarea-por-sacar-al-uni-uni-del-fondo-de-la-tabla\\\/#breadcrumb\",\"itemListElement\":[{\"@type\":\"ListItem\",\"position\":1,\"name\":\"Portada\",\"item\":\"https:\\\/\\\/eltrabajo.cl\\\/web\\\/\"},{\"@type\":\"ListItem\",\"position\":2,\"name\":\"Lovrincevich y su tit\u00e1nica tarea por sacar al Un\u00ed Un\u00ed del fondo de la tabla\"}]},{\"@type\":\"WebSite\",\"@id\":\"https:\\\/\\\/eltrabajo.cl\\\/web\\\/#website\",\"url\":\"https:\\\/\\\/eltrabajo.cl\\\/web\\\/\",\"name\":\"Diario El Trabajo\",\"description\":\"Desde 1929 construyendo Identidad Local\",\"publisher\":{\"@id\":\"https:\\\/\\\/eltrabajo.cl\\\/web\\\/#organization\"},\"potentialAction\":[{\"@type\":\"SearchAction\",\"target\":{\"@type\":\"EntryPoint\",\"urlTemplate\":\"https:\\\/\\\/eltrabajo.cl\\\/web\\\/?s={search_term_string}\"},\"query-input\":{\"@type\":\"PropertyValueSpecification\",\"valueRequired\":true,\"valueName\":\"search_term_string\"}}],\"inLanguage\":\"es-CL\"},{\"@type\":\"Organization\",\"@id\":\"https:\\\/\\\/eltrabajo.cl\\\/web\\\/#organization\",\"name\":\"Diario El Trabajo\",\"url\":\"https:\\\/\\\/eltrabajo.cl\\\/web\\\/\",\"logo\":{\"@type\":\"ImageObject\",\"inLanguage\":\"es-CL\",\"@id\":\"https:\\\/\\\/eltrabajo.cl\\\/web\\\/#\\\/schema\\\/logo\\\/image\\\/\",\"url\":\"https:\\\/\\\/eltrabajo.cl\\\/web\\\/wp-content\\\/uploads\\\/2024\\\/06\\\/profile-image-ig-page-diarioeltrabajo.jpg\",\"contentUrl\":\"https:\\\/\\\/eltrabajo.cl\\\/web\\\/wp-content\\\/uploads\\\/2024\\\/06\\\/profile-image-ig-page-diarioeltrabajo.jpg\",\"width\":823,\"height\":823,\"caption\":\"Diario El Trabajo\"},\"image\":{\"@id\":\"https:\\\/\\\/eltrabajo.cl\\\/web\\\/#\\\/schema\\\/logo\\\/image\\\/\"},\"sameAs\":[\"https:\\\/\\\/www.facebook.com\\\/ElTrabajoDiario\",\"https:\\\/\\\/x.com\\\/diarioeltrabajo\"]},{\"@type\":\"Person\",\"@id\":\"https:\\\/\\\/eltrabajo.cl\\\/web\\\/#\\\/schema\\\/person\\\/45efd3d17f86ec456e44dd7debe1bf19\",\"name\":\"Diario El Trabajo\",\"image\":{\"@type\":\"ImageObject\",\"inLanguage\":\"es-CL\",\"@id\":\"https:\\\/\\\/secure.gravatar.com\\\/avatar\\\/7e6ec277dc4aea2677c2dc301d4227957219329c985ab69a3efc12518b5161aa?s=96&d=mm&r=g\",\"url\":\"https:\\\/\\\/secure.gravatar.com\\\/avatar\\\/7e6ec277dc4aea2677c2dc301d4227957219329c985ab69a3efc12518b5161aa?s=96&d=mm&r=g\",\"contentUrl\":\"https:\\\/\\\/secure.gravatar.com\\\/avatar\\\/7e6ec277dc4aea2677c2dc301d4227957219329c985ab69a3efc12518b5161aa?s=96&d=mm&r=g\",\"caption\":\"Diario El Trabajo\"},\"sameAs\":[\"https:\\\/\\\/eltrabajo.cl\\\/web\"],\"url\":\"https:\\\/\\\/eltrabajo.cl\\\/web\\\/author\\\/diario-el-trabajo\\\/\"}]}<\/script>\n<!-- \/ Yoast SEO plugin. -->","yoast_head_json":{"title":"Lovrincevich y su tit\u00e1nica tarea por sacar al Un\u00ed Un\u00ed del fondo de la tabla - Diario El Trabajo","robots":{"index":"index","follow":"follow","max-snippet":"max-snippet:-1","max-image-preview":"max-image-preview:large","max-video-preview":"max-video-preview:-1"},"canonical":"https:\/\/eltrabajo.cl\/web\/lovrincevich-y-su-titanica-tarea-por-sacar-al-uni-uni-del-fondo-de-la-tabla\/","og_locale":"es_ES","og_type":"article","og_title":"Lovrincevich y su tit\u00e1nica tarea por sacar al Un\u00ed Un\u00ed del fondo de la tabla - Diario El Trabajo","og_description":"El actual t\u00e9cnico de Uni\u00f3n San Felipe, Christian Lovrincevich, cree que con mucho trabajo de por medio, la escuadra albirroja podr\u00e1 salir a flote. Para el profesional trasandino, es fundamental que cada jugador ponga lo mejor de s\u00ed para poder sacar adelante una tarea que asoma en extremo compleja, y por lo mismo desde ahora [&hellip;]","og_url":"https:\/\/eltrabajo.cl\/web\/lovrincevich-y-su-titanica-tarea-por-sacar-al-uni-uni-del-fondo-de-la-tabla\/","og_site_name":"Diario El Trabajo","article_publisher":"https:\/\/www.facebook.com\/ElTrabajoDiario","article_published_time":"2024-04-18T02:18:02+00:00","og_image":[{"width":699,"height":507,"url":"https:\/\/eltrabajo.cl\/web\/wp-content\/uploads\/2024\/04\/lovrincevich.jpg","type":"image\/jpeg"}],"author":"Diario El Trabajo","twitter_card":"summary_large_image","twitter_creator":"@diarioeltrabajo","twitter_site":"@diarioeltrabajo","twitter_misc":{"Escrito por":"Diario El Trabajo","Tiempo estimado de lectura":"2 minutos"},"schema":{"@context":"https:\/\/schema.org","@graph":[{"@type":"Article","@id":"https:\/\/eltrabajo.cl\/web\/lovrincevich-y-su-titanica-tarea-por-sacar-al-uni-uni-del-fondo-de-la-tabla\/#article","isPartOf":{"@id":"https:\/\/eltrabajo.cl\/web\/lovrincevich-y-su-titanica-tarea-por-sacar-al-uni-uni-del-fondo-de-la-tabla\/"},"author":{"name":"Diario El Trabajo","@id":"https:\/\/eltrabajo.cl\/web\/#\/schema\/person\/45efd3d17f86ec456e44dd7debe1bf19"},"headline":"Lovrincevich y su tit\u00e1nica tarea por sacar al Un\u00ed Un\u00ed del fondo de la tabla","datePublished":"2024-04-18T02:18:02+00:00","mainEntityOfPage":{"@id":"https:\/\/eltrabajo.cl\/web\/lovrincevich-y-su-titanica-tarea-por-sacar-al-uni-uni-del-fondo-de-la-tabla\/"},"wordCount":346,"commentCount":0,"publisher":{"@id":"https:\/\/eltrabajo.cl\/web\/#organization"},"image":{"@id":"https:\/\/eltrabajo.cl\/web\/lovrincevich-y-su-titanica-tarea-por-sacar-al-uni-uni-del-fondo-de-la-tabla\/#primaryimage"},"thumbnailUrl":"https:\/\/eltrabajo.cl\/web\/wp-content\/uploads\/2024\/04\/lovrincevich.jpg","articleSection":["Deportes"],"inLanguage":"es-CL","potentialAction":[{"@type":"CommentAction","name":"Comment","target":["https:\/\/eltrabajo.cl\/web\/lovrincevich-y-su-titanica-tarea-por-sacar-al-uni-uni-del-fondo-de-la-tabla\/#respond"]}]},{"@type":"WebPage","@id":"https:\/\/eltrabajo.cl\/web\/lovrincevich-y-su-titanica-tarea-por-sacar-al-uni-uni-del-fondo-de-la-tabla\/","url":"https:\/\/eltrabajo.cl\/web\/lovrincevich-y-su-titanica-tarea-por-sacar-al-uni-uni-del-fondo-de-la-tabla\/","name":"Lovrincevich y su tit\u00e1nica tarea por sacar al Un\u00ed Un\u00ed del fondo de la tabla - Diario El Trabajo","isPartOf":{"@id":"https:\/\/eltrabajo.cl\/web\/#website"},"primaryImageOfPage":{"@id":"https:\/\/eltrabajo.cl\/web\/lovrincevich-y-su-titanica-tarea-por-sacar-al-uni-uni-del-fondo-de-la-tabla\/#primaryimage"},"image":{"@id":"https:\/\/eltrabajo.cl\/web\/lovrincevich-y-su-titanica-tarea-por-sacar-al-uni-uni-del-fondo-de-la-tabla\/#primaryimage"},"thumbnailUrl":"https:\/\/eltrabajo.cl\/web\/wp-content\/uploads\/2024\/04\/lovrincevich.jpg","datePublished":"2024-04-18T02:18:02+00:00","breadcrumb":{"@id":"https:\/\/eltrabajo.cl\/web\/lovrincevich-y-su-titanica-tarea-por-sacar-al-uni-uni-del-fondo-de-la-tabla\/#breadcrumb"},"inLanguage":"es-CL","potentialAction":[{"@type":"ReadAction","target":["https:\/\/eltrabajo.cl\/web\/lovrincevich-y-su-titanica-tarea-por-sacar-al-uni-uni-del-fondo-de-la-tabla\/"]}]},{"@type":"ImageObject","inLanguage":"es-CL","@id":"https:\/\/eltrabajo.cl\/web\/lovrincevich-y-su-titanica-tarea-por-sacar-al-uni-uni-del-fondo-de-la-tabla\/#primaryimage","url":"https:\/\/eltrabajo.cl\/web\/wp-content\/uploads\/2024\/04\/lovrincevich.jpg","contentUrl":"https:\/\/eltrabajo.cl\/web\/wp-content\/uploads\/2024\/04\/lovrincevich.jpg","width":699,"height":507,"caption":"Christian Lovrincevich sabe perfectamente qu\u00e9 deber\u00e1 hacer para levantar al plantel."},{"@type":"BreadcrumbList","@id":"https:\/\/eltrabajo.cl\/web\/lovrincevich-y-su-titanica-tarea-por-sacar-al-uni-uni-del-fondo-de-la-tabla\/#breadcrumb","itemListElement":[{"@type":"ListItem","position":1,"name":"Portada","item":"https:\/\/eltrabajo.cl\/web\/"},{"@type":"ListItem","position":2,"name":"Lovrincevich y su tit\u00e1nica tarea por sacar al Un\u00ed Un\u00ed del fondo de la tabla"}]},{"@type":"WebSite","@id":"https:\/\/eltrabajo.cl\/web\/#website","url":"https:\/\/eltrabajo.cl\/web\/","name":"Diario El Trabajo","description":"Desde 1929 construyendo Identidad Local","publisher":{"@id":"https:\/\/eltrabajo.cl\/web\/#organization"},"potentialAction":[{"@type":"SearchAction","target":{"@type":"EntryPoint","urlTemplate":"https:\/\/eltrabajo.cl\/web\/?s={search_term_string}"},"query-input":{"@type":"PropertyValueSpecification","valueRequired":true,"valueName":"search_term_string"}}],"inLanguage":"es-CL"},{"@type":"Organization","@id":"https:\/\/eltrabajo.cl\/web\/#organization","name":"Diario El Trabajo","url":"https:\/\/eltrabajo.cl\/web\/","logo":{"@type":"ImageObject","inLanguage":"es-CL","@id":"https:\/\/eltrabajo.cl\/web\/#\/schema\/logo\/image\/","url":"https:\/\/eltrabajo.cl\/web\/wp-content\/uploads\/2024\/06\/profile-image-ig-page-diarioeltrabajo.jpg","contentUrl":"https:\/\/eltrabajo.cl\/web\/wp-content\/uploads\/2024\/06\/profile-image-ig-page-diarioeltrabajo.jpg","width":823,"height":823,"caption":"Diario El Trabajo"},"image":{"@id":"https:\/\/eltrabajo.cl\/web\/#\/schema\/logo\/image\/"},"sameAs":["https:\/\/www.facebook.com\/ElTrabajoDiario","https:\/\/x.com\/diarioeltrabajo"]},{"@type":"Person","@id":"https:\/\/eltrabajo.cl\/web\/#\/schema\/person\/45efd3d17f86ec456e44dd7debe1bf19","name":"Diario El Trabajo","image":{"@type":"ImageObject","inLanguage":"es-CL","@id":"https:\/\/secure.gravatar.com\/avatar\/7e6ec277dc4aea2677c2dc301d4227957219329c985ab69a3efc12518b5161aa?s=96&d=mm&r=g","url":"https:\/\/secure.gravatar.com\/avatar\/7e6ec277dc4aea2677c2dc301d4227957219329c985ab69a3efc12518b5161aa?s=96&d=mm&r=g","contentUrl":"https:\/\/secure.gravatar.com\/avatar\/7e6ec277dc4aea2677c2dc301d4227957219329c985ab69a3efc12518b5161aa?s=96&d=mm&r=g","caption":"Diario El Trabajo"},"sameAs":["https:\/\/eltrabajo.cl\/web"],"url":"https:\/\/eltrabajo.cl\/web\/author\/diario-el-trabajo\/"}]}},"_links":{"self":[{"href":"https:\/\/eltrabajo.cl\/web\/wp-json\/wp\/v2\/posts\/129210","targetHints":{"allow":["GET"]}}],"collection":[{"href":"https:\/\/eltrabajo.cl\/web\/wp-json\/wp\/v2\/posts"}],"about":[{"href":"https:\/\/eltrabajo.cl\/web\/wp-json\/wp\/v2\/types\/post"}],"author":[{"embeddable":true,"href":"https:\/\/eltrabajo.cl\/web\/wp-json\/wp\/v2\/users\/1"}],"replies":[{"embeddable":true,"href":"https:\/\/eltrabajo.cl\/web\/wp-json\/wp\/v2\/comments?post=129210"}],"version-history":[{"count":0,"href":"https:\/\/eltrabajo.cl\/web\/wp-json\/wp\/v2\/posts\/129210\/revisions"}],"wp:featuredmedia":[{"embeddable":true,"href":"https:\/\/eltrabajo.cl\/web\/wp-json\/wp\/v2\/media\/129211"}],"wp:attachment":[{"href":"https:\/\/eltrabajo.cl\/web\/wp-json\/wp\/v2\/media?parent=129210"}],"wp:term":[{"taxonomy":"category","embeddable":true,"href":"https:\/\/eltrabajo.cl\/web\/wp-json\/wp\/v2\/categories?post=129210"},{"taxonomy":"post_tag","embeddable":true,"href":"https:\/\/eltrabajo.cl\/web\/wp-json\/wp\/v2\/tags?post=129210"}],"curies":[{"name":"wp","href":"https:\/\/api.w.org\/{rel}","templated":true}]}}