{"id":129294,"date":"2024-04-22T23:06:40","date_gmt":"2024-04-23T02:06:40","guid":{"rendered":"https:\/\/eltrabajo.cl\/web\/?p=129294"},"modified":"2024-04-22T22:09:29","modified_gmt":"2024-04-23T01:09:29","slug":"colectivo-artistico-aconcaguino-morganas-runway-realiza-pasarela-callejera","status":"publish","type":"post","link":"https:\/\/eltrabajo.cl\/web\/colectivo-artistico-aconcaguino-morganas-runway-realiza-pasarela-callejera\/","title":{"rendered":"Colectivo art\u00edstico aconcag\u00fcino \u2018Morgana\u2019s Runway\u2019 realiza pasarela callejera"},"content":{"rendered":"<ul>\n<li><strong>En junio el colectivo realizar\u00e1 otra pasarela en el contexto del mes del orgullo LGBT.-<\/strong><\/li>\n<\/ul>\n<p>El pasado viernes 19 de abril, a las 18:30 horas, el colectivo art\u00edstico autogestionado del Valle de Aconcagua <strong>\u2018Morgana\u2019s Runway\u2019<\/strong> realiz\u00f3 la tercera versi\u00f3n de su pasarela callejera <strong>\u2018Morgana\u2019s Street\u2019<\/strong> en el centro de San Felipe.<\/p>\n<p>Este tipo de actividades consisten en performances, las cuales tienen el prop\u00f3sito de \u2018romper\u2019 lo establecido y difundir sus trabajos: <em>\u00ab\u00bfQu\u00e9 pasa si nos ponemos lo que de verdad nos da la gana y salimos a la calle, lo hacemos en un grupo juntando los gustos de cada persona? <\/em>(&#8230;)<em> Bajo esta idea comenzamos a hacer estos \u2018Morgana\u2019s Street\u2019.<\/em><\/p>\n<p>\u00ab<em>Ese es el prop\u00f3sito, invitar. Primero a nosotros quienes conformamos la colectiva a tener este rato de libertad, un manifiesto de lo que somos, de nuestra identidad y este acompa\u00f1amiento con otras personas, aunque sea en la calle porque uno nunca sabe qu\u00e9 reacci\u00f3n van a tener las personas\u00bb, <\/em>explic\u00f3 <strong>Franco Gaete Ch\u00e1vez<\/strong>, organizador, dise\u00f1ador, modelo y maquillador de Morgana\u2019s Runway.<\/p>\n<p>Gaete detall\u00f3 que la pasarela del viernes en espec\u00edfico tiene el objetivo de <em>\u00abcomenzar a introducir la que se realizar\u00e1 en el mes del orgullo, que se est\u00e1 trabajando junto al Departamento de Diversidad de San Felipe. <\/em>(&#8230;)<em> Prontamente vendr\u00e1 otra, pero est\u00e1 por confirmarse, pero es para generar expectativas antes a nuestro evento m\u00e1s grande que ser\u00eda a mitad de junio\u00bb.<\/em><\/p>\n<p>En esta tercera versi\u00f3n, la pasarela comenz\u00f3 en Santo Domingo, desde ATMA Centro Cultural, luego hacia Prat con Toro Mazote y finaliz\u00f3 en la Plaza de Armas, recorriendo sus cuatro esquinas. <em>\u00abAprovechamos que hay feria y tratamos de aprovechar el m\u00e1ximo de p\u00fablico posible. Despu\u00e9s nos devolvimos por ah\u00ed mismo. (&#8230;) Fue el primero en que salimos m\u00e1s de noche, los otros dos han sido al medio d\u00eda, tipo 12 \u00f3 1 de la tarde.<\/em><\/p>\n<p>\u00ab<em>Reaccionaron de una manera mucho m\u00e1s positiva por lo que se vio ese d\u00eda, no hab\u00eda tanto p\u00fablico como en otras ocasiones <\/em>(&#8230;)<em> pero a\u00fan as\u00ed llam\u00f3 la atenci\u00f3n, la gente se reuni\u00f3 cuando est\u00e1bamos haciendo nuestra pasarela, nos aplaud\u00edan desde los autos as\u00ed que fue una buena experiencia. <\/em><\/p>\n<p>\u00ab<em>Las personas s\u00ed interactuaron con nosotros, ya sea sac\u00e1ndonos fotos, grab\u00e1ndonos, pregunt\u00e1ndonos qu\u00e9 estamos haciendo, qu\u00e9 somos o qu\u00e9 est\u00e1 pasando. Las reacciones van desde la alegr\u00eda, felicitar lo que estamos haciendo\u00a0 y una que otra mirada despreciativa, pero est\u00e1 bien, es parte de lo que uno se enfrenta al hacer intervenciones callejeras\u00bb,<\/em> coment\u00f3 Gaete.<\/p>\n<p>En la ocasi\u00f3n particip\u00f3 Franco Gaete, Damaris Fuentes, Santiago Trevor y Francisca \u00c1vila, quienes son parte de la colectiva, junto con modelos y artistas voluntarios del Valle: Vastileins, Daniela Maul\u00e9n, Fernanda Nanjari, Aurora, Isidora Fox y Killest.<\/p>\n<p>&nbsp;<\/p>\n<p><span style=\"color: #ff0000;\">MORGANA\u2019S RUNWAY<\/span><\/p>\n<p>Respecto a la colectiva Morgana\u2019s Runway, Gaete la define como <em>\u00abun espacio de creatividad, inclusi\u00f3n y mucha libertad porque tratamos que en nuestros vestuarios se refleje este sentimiento: hacer vestuarios que vayan en contra de los estereotipos de g\u00e9nero y tambi\u00e9n ser una plataforma sanfelipe\u00f1a para la moda que la verdad es muy poco comercial. <\/em><\/p>\n<p>\u00ab<em>Por esto mismo, es un espacio que se da a la creatividad ya que hacemos cosas por entretenimiento y buscamos llamar la atenci\u00f3n de las personas en este sentido. Tambi\u00e9n lo definir\u00eda como un espacio donde quienes tengan su ropa que ya no ocupan, la puedan donar y as\u00ed se transforman en prendas que se ocupen en los desfiles que realizamos\u00bb.<\/em><\/p>\n<p style=\"text-align: right;\"><strong>Jacqueline Le\u00f3n<\/strong><\/p>\n<figure id=\"attachment_129295\" aria-describedby=\"caption-attachment-129295\" style=\"width: 698px\" class=\"wp-caption alignnone\"><img loading=\"lazy\" decoding=\"async\" class=\"size-full wp-image-129295\" src=\"https:\/\/eltrabajo.cl\/web\/wp-content\/uploads\/2024\/04\/street1.jpg\" alt=\"Modelos de la tercera versi\u00f3n de Morgana\u2019s Street posando en la Plaza de Armas.\" width=\"698\" height=\"396\" srcset=\"https:\/\/eltrabajo.cl\/web\/wp-content\/uploads\/2024\/04\/street1.jpg 698w, https:\/\/eltrabajo.cl\/web\/wp-content\/uploads\/2024\/04\/street1-300x170.jpg 300w, https:\/\/eltrabajo.cl\/web\/wp-content\/uploads\/2024\/04\/street1-150x85.jpg 150w, https:\/\/eltrabajo.cl\/web\/wp-content\/uploads\/2024\/04\/street1-696x395.jpg 696w\" sizes=\"auto, (max-width: 698px) 100vw, 698px\" \/><figcaption id=\"caption-attachment-129295\" class=\"wp-caption-text\">Modelos de la tercera versi\u00f3n de Morgana\u2019s Street posando en la Plaza de Armas.<\/figcaption><\/figure>\n<figure id=\"attachment_129296\" aria-describedby=\"caption-attachment-129296\" style=\"width: 698px\" class=\"wp-caption alignnone\"><img loading=\"lazy\" decoding=\"async\" class=\"size-full wp-image-129296\" src=\"https:\/\/eltrabajo.cl\/web\/wp-content\/uploads\/2024\/04\/street2.jpg\" alt=\"Evento \u2018Morgana\u2019s Runway Putaendo\u2019 que se realiz\u00f3 en junio del a\u00f1o pasado en calle Comercio, junto a la coordinaci\u00f3n de la Red de Cultura y Patrimonio de la comuna.\" width=\"698\" height=\"373\" srcset=\"https:\/\/eltrabajo.cl\/web\/wp-content\/uploads\/2024\/04\/street2.jpg 698w, https:\/\/eltrabajo.cl\/web\/wp-content\/uploads\/2024\/04\/street2-300x160.jpg 300w, https:\/\/eltrabajo.cl\/web\/wp-content\/uploads\/2024\/04\/street2-150x80.jpg 150w, https:\/\/eltrabajo.cl\/web\/wp-content\/uploads\/2024\/04\/street2-696x373.jpg 696w\" sizes=\"auto, (max-width: 698px) 100vw, 698px\" \/><figcaption id=\"caption-attachment-129296\" class=\"wp-caption-text\">Evento \u2018Morgana\u2019s Runway Putaendo\u2019 que se realiz\u00f3 en junio del a\u00f1o pasado en calle Comercio, junto a la coordinaci\u00f3n de la Red de Cultura y Patrimonio de la comuna.<\/figcaption><\/figure>\n","protected":false},"excerpt":{"rendered":"<p>En junio el colectivo realizar\u00e1 otra pasarela en el contexto del mes del orgullo LGBT.- El pasado viernes 19 de abril, a las 18:30 horas, el colectivo art\u00edstico autogestionado del Valle de Aconcagua \u2018Morgana\u2019s Runway\u2019 realiz\u00f3 la tercera versi\u00f3n de su pasarela callejera \u2018Morgana\u2019s Street\u2019 en el centro de San Felipe. Este tipo de actividades [&hellip;]<\/p>\n","protected":false},"author":1,"featured_media":129295,"comment_status":"open","ping_status":"open","sticky":false,"template":"","format":"standard","meta":{"footnotes":""},"categories":[4],"tags":[],"class_list":{"0":"post-129294","1":"post","2":"type-post","3":"status-publish","4":"format-standard","5":"has-post-thumbnail","7":"category-comunidad"},"yoast_head":"<!-- This site is optimized with the Yoast SEO plugin v27.4 - https:\/\/yoast.com\/product\/yoast-seo-wordpress\/ -->\n<title>Colectivo art\u00edstico aconcag\u00fcino \u2018Morgana\u2019s Runway\u2019 realiza pasarela callejera - Diario El Trabajo<\/title>\n<meta name=\"robots\" content=\"index, follow, max-snippet:-1, max-image-preview:large, max-video-preview:-1\" \/>\n<link rel=\"canonical\" href=\"https:\/\/eltrabajo.cl\/web\/colectivo-artistico-aconcaguino-morganas-runway-realiza-pasarela-callejera\/\" \/>\n<meta property=\"og:locale\" content=\"es_ES\" \/>\n<meta property=\"og:type\" content=\"article\" \/>\n<meta property=\"og:title\" content=\"Colectivo art\u00edstico aconcag\u00fcino \u2018Morgana\u2019s Runway\u2019 realiza pasarela callejera - Diario El Trabajo\" \/>\n<meta property=\"og:description\" content=\"En junio el colectivo realizar\u00e1 otra pasarela en el contexto del mes del orgullo LGBT.- El pasado viernes 19 de abril, a las 18:30 horas, el colectivo art\u00edstico autogestionado del Valle de Aconcagua \u2018Morgana\u2019s Runway\u2019 realiz\u00f3 la tercera versi\u00f3n de su pasarela callejera \u2018Morgana\u2019s Street\u2019 en el centro de San Felipe. Este tipo de actividades [&hellip;]\" \/>\n<meta property=\"og:url\" content=\"https:\/\/eltrabajo.cl\/web\/colectivo-artistico-aconcaguino-morganas-runway-realiza-pasarela-callejera\/\" \/>\n<meta property=\"og:site_name\" content=\"Diario El Trabajo\" \/>\n<meta property=\"article:publisher\" content=\"https:\/\/www.facebook.com\/ElTrabajoDiario\" \/>\n<meta property=\"article:published_time\" content=\"2024-04-23T02:06:40+00:00\" \/>\n<meta property=\"og:image\" content=\"https:\/\/eltrabajo.cl\/web\/wp-content\/uploads\/2024\/04\/street1.jpg\" \/>\n\t<meta property=\"og:image:width\" content=\"698\" \/>\n\t<meta property=\"og:image:height\" content=\"396\" \/>\n\t<meta property=\"og:image:type\" content=\"image\/jpeg\" \/>\n<meta name=\"author\" content=\"Diario El Trabajo\" \/>\n<meta name=\"twitter:card\" content=\"summary_large_image\" \/>\n<meta name=\"twitter:creator\" content=\"@diarioeltrabajo\" \/>\n<meta name=\"twitter:site\" content=\"@diarioeltrabajo\" \/>\n<meta name=\"twitter:label1\" content=\"Escrito por\" \/>\n\t<meta name=\"twitter:data1\" content=\"Diario El Trabajo\" \/>\n\t<meta name=\"twitter:label2\" content=\"Tiempo estimado de lectura\" \/>\n\t<meta name=\"twitter:data2\" content=\"3 minutos\" \/>\n<script type=\"application\/ld+json\" class=\"yoast-schema-graph\">{\"@context\":\"https:\\\/\\\/schema.org\",\"@graph\":[{\"@type\":\"Article\",\"@id\":\"https:\\\/\\\/eltrabajo.cl\\\/web\\\/colectivo-artistico-aconcaguino-morganas-runway-realiza-pasarela-callejera\\\/#article\",\"isPartOf\":{\"@id\":\"https:\\\/\\\/eltrabajo.cl\\\/web\\\/colectivo-artistico-aconcaguino-morganas-runway-realiza-pasarela-callejera\\\/\"},\"author\":{\"name\":\"Diario El Trabajo\",\"@id\":\"https:\\\/\\\/eltrabajo.cl\\\/web\\\/#\\\/schema\\\/person\\\/45efd3d17f86ec456e44dd7debe1bf19\"},\"headline\":\"Colectivo art\u00edstico aconcag\u00fcino \u2018Morgana\u2019s Runway\u2019 realiza pasarela callejera\",\"datePublished\":\"2024-04-23T02:06:40+00:00\",\"mainEntityOfPage\":{\"@id\":\"https:\\\/\\\/eltrabajo.cl\\\/web\\\/colectivo-artistico-aconcaguino-morganas-runway-realiza-pasarela-callejera\\\/\"},\"wordCount\":680,\"commentCount\":0,\"publisher\":{\"@id\":\"https:\\\/\\\/eltrabajo.cl\\\/web\\\/#organization\"},\"image\":{\"@id\":\"https:\\\/\\\/eltrabajo.cl\\\/web\\\/colectivo-artistico-aconcaguino-morganas-runway-realiza-pasarela-callejera\\\/#primaryimage\"},\"thumbnailUrl\":\"https:\\\/\\\/eltrabajo.cl\\\/web\\\/wp-content\\\/uploads\\\/2024\\\/04\\\/street1.jpg\",\"articleSection\":[\"Comunidad\"],\"inLanguage\":\"es-CL\",\"potentialAction\":[{\"@type\":\"CommentAction\",\"name\":\"Comment\",\"target\":[\"https:\\\/\\\/eltrabajo.cl\\\/web\\\/colectivo-artistico-aconcaguino-morganas-runway-realiza-pasarela-callejera\\\/#respond\"]}]},{\"@type\":\"WebPage\",\"@id\":\"https:\\\/\\\/eltrabajo.cl\\\/web\\\/colectivo-artistico-aconcaguino-morganas-runway-realiza-pasarela-callejera\\\/\",\"url\":\"https:\\\/\\\/eltrabajo.cl\\\/web\\\/colectivo-artistico-aconcaguino-morganas-runway-realiza-pasarela-callejera\\\/\",\"name\":\"Colectivo art\u00edstico aconcag\u00fcino \u2018Morgana\u2019s Runway\u2019 realiza pasarela callejera - Diario El Trabajo\",\"isPartOf\":{\"@id\":\"https:\\\/\\\/eltrabajo.cl\\\/web\\\/#website\"},\"primaryImageOfPage\":{\"@id\":\"https:\\\/\\\/eltrabajo.cl\\\/web\\\/colectivo-artistico-aconcaguino-morganas-runway-realiza-pasarela-callejera\\\/#primaryimage\"},\"image\":{\"@id\":\"https:\\\/\\\/eltrabajo.cl\\\/web\\\/colectivo-artistico-aconcaguino-morganas-runway-realiza-pasarela-callejera\\\/#primaryimage\"},\"thumbnailUrl\":\"https:\\\/\\\/eltrabajo.cl\\\/web\\\/wp-content\\\/uploads\\\/2024\\\/04\\\/street1.jpg\",\"datePublished\":\"2024-04-23T02:06:40+00:00\",\"breadcrumb\":{\"@id\":\"https:\\\/\\\/eltrabajo.cl\\\/web\\\/colectivo-artistico-aconcaguino-morganas-runway-realiza-pasarela-callejera\\\/#breadcrumb\"},\"inLanguage\":\"es-CL\",\"potentialAction\":[{\"@type\":\"ReadAction\",\"target\":[\"https:\\\/\\\/eltrabajo.cl\\\/web\\\/colectivo-artistico-aconcaguino-morganas-runway-realiza-pasarela-callejera\\\/\"]}]},{\"@type\":\"ImageObject\",\"inLanguage\":\"es-CL\",\"@id\":\"https:\\\/\\\/eltrabajo.cl\\\/web\\\/colectivo-artistico-aconcaguino-morganas-runway-realiza-pasarela-callejera\\\/#primaryimage\",\"url\":\"https:\\\/\\\/eltrabajo.cl\\\/web\\\/wp-content\\\/uploads\\\/2024\\\/04\\\/street1.jpg\",\"contentUrl\":\"https:\\\/\\\/eltrabajo.cl\\\/web\\\/wp-content\\\/uploads\\\/2024\\\/04\\\/street1.jpg\",\"width\":698,\"height\":396,\"caption\":\"Modelos de la tercera versi\u00f3n de Morgana\u2019s Street posando en la Plaza de Armas.\"},{\"@type\":\"BreadcrumbList\",\"@id\":\"https:\\\/\\\/eltrabajo.cl\\\/web\\\/colectivo-artistico-aconcaguino-morganas-runway-realiza-pasarela-callejera\\\/#breadcrumb\",\"itemListElement\":[{\"@type\":\"ListItem\",\"position\":1,\"name\":\"Portada\",\"item\":\"https:\\\/\\\/eltrabajo.cl\\\/web\\\/\"},{\"@type\":\"ListItem\",\"position\":2,\"name\":\"Colectivo art\u00edstico aconcag\u00fcino \u2018Morgana\u2019s Runway\u2019 realiza pasarela callejera\"}]},{\"@type\":\"WebSite\",\"@id\":\"https:\\\/\\\/eltrabajo.cl\\\/web\\\/#website\",\"url\":\"https:\\\/\\\/eltrabajo.cl\\\/web\\\/\",\"name\":\"Diario El Trabajo\",\"description\":\"Desde 1929 construyendo Identidad Local\",\"publisher\":{\"@id\":\"https:\\\/\\\/eltrabajo.cl\\\/web\\\/#organization\"},\"potentialAction\":[{\"@type\":\"SearchAction\",\"target\":{\"@type\":\"EntryPoint\",\"urlTemplate\":\"https:\\\/\\\/eltrabajo.cl\\\/web\\\/?s={search_term_string}\"},\"query-input\":{\"@type\":\"PropertyValueSpecification\",\"valueRequired\":true,\"valueName\":\"search_term_string\"}}],\"inLanguage\":\"es-CL\"},{\"@type\":\"Organization\",\"@id\":\"https:\\\/\\\/eltrabajo.cl\\\/web\\\/#organization\",\"name\":\"Diario El Trabajo\",\"url\":\"https:\\\/\\\/eltrabajo.cl\\\/web\\\/\",\"logo\":{\"@type\":\"ImageObject\",\"inLanguage\":\"es-CL\",\"@id\":\"https:\\\/\\\/eltrabajo.cl\\\/web\\\/#\\\/schema\\\/logo\\\/image\\\/\",\"url\":\"https:\\\/\\\/eltrabajo.cl\\\/web\\\/wp-content\\\/uploads\\\/2024\\\/06\\\/profile-image-ig-page-diarioeltrabajo.jpg\",\"contentUrl\":\"https:\\\/\\\/eltrabajo.cl\\\/web\\\/wp-content\\\/uploads\\\/2024\\\/06\\\/profile-image-ig-page-diarioeltrabajo.jpg\",\"width\":823,\"height\":823,\"caption\":\"Diario El Trabajo\"},\"image\":{\"@id\":\"https:\\\/\\\/eltrabajo.cl\\\/web\\\/#\\\/schema\\\/logo\\\/image\\\/\"},\"sameAs\":[\"https:\\\/\\\/www.facebook.com\\\/ElTrabajoDiario\",\"https:\\\/\\\/x.com\\\/diarioeltrabajo\"]},{\"@type\":\"Person\",\"@id\":\"https:\\\/\\\/eltrabajo.cl\\\/web\\\/#\\\/schema\\\/person\\\/45efd3d17f86ec456e44dd7debe1bf19\",\"name\":\"Diario El Trabajo\",\"image\":{\"@type\":\"ImageObject\",\"inLanguage\":\"es-CL\",\"@id\":\"https:\\\/\\\/secure.gravatar.com\\\/avatar\\\/7e6ec277dc4aea2677c2dc301d4227957219329c985ab69a3efc12518b5161aa?s=96&d=mm&r=g\",\"url\":\"https:\\\/\\\/secure.gravatar.com\\\/avatar\\\/7e6ec277dc4aea2677c2dc301d4227957219329c985ab69a3efc12518b5161aa?s=96&d=mm&r=g\",\"contentUrl\":\"https:\\\/\\\/secure.gravatar.com\\\/avatar\\\/7e6ec277dc4aea2677c2dc301d4227957219329c985ab69a3efc12518b5161aa?s=96&d=mm&r=g\",\"caption\":\"Diario El Trabajo\"},\"sameAs\":[\"https:\\\/\\\/eltrabajo.cl\\\/web\"],\"url\":\"https:\\\/\\\/eltrabajo.cl\\\/web\\\/author\\\/diario-el-trabajo\\\/\"}]}<\/script>\n<!-- \/ Yoast SEO plugin. -->","yoast_head_json":{"title":"Colectivo art\u00edstico aconcag\u00fcino \u2018Morgana\u2019s Runway\u2019 realiza pasarela callejera - Diario El Trabajo","robots":{"index":"index","follow":"follow","max-snippet":"max-snippet:-1","max-image-preview":"max-image-preview:large","max-video-preview":"max-video-preview:-1"},"canonical":"https:\/\/eltrabajo.cl\/web\/colectivo-artistico-aconcaguino-morganas-runway-realiza-pasarela-callejera\/","og_locale":"es_ES","og_type":"article","og_title":"Colectivo art\u00edstico aconcag\u00fcino \u2018Morgana\u2019s Runway\u2019 realiza pasarela callejera - Diario El Trabajo","og_description":"En junio el colectivo realizar\u00e1 otra pasarela en el contexto del mes del orgullo LGBT.- El pasado viernes 19 de abril, a las 18:30 horas, el colectivo art\u00edstico autogestionado del Valle de Aconcagua \u2018Morgana\u2019s Runway\u2019 realiz\u00f3 la tercera versi\u00f3n de su pasarela callejera \u2018Morgana\u2019s Street\u2019 en el centro de San Felipe. Este tipo de actividades [&hellip;]","og_url":"https:\/\/eltrabajo.cl\/web\/colectivo-artistico-aconcaguino-morganas-runway-realiza-pasarela-callejera\/","og_site_name":"Diario El Trabajo","article_publisher":"https:\/\/www.facebook.com\/ElTrabajoDiario","article_published_time":"2024-04-23T02:06:40+00:00","og_image":[{"width":698,"height":396,"url":"https:\/\/eltrabajo.cl\/web\/wp-content\/uploads\/2024\/04\/street1.jpg","type":"image\/jpeg"}],"author":"Diario El Trabajo","twitter_card":"summary_large_image","twitter_creator":"@diarioeltrabajo","twitter_site":"@diarioeltrabajo","twitter_misc":{"Escrito por":"Diario El Trabajo","Tiempo estimado de lectura":"3 minutos"},"schema":{"@context":"https:\/\/schema.org","@graph":[{"@type":"Article","@id":"https:\/\/eltrabajo.cl\/web\/colectivo-artistico-aconcaguino-morganas-runway-realiza-pasarela-callejera\/#article","isPartOf":{"@id":"https:\/\/eltrabajo.cl\/web\/colectivo-artistico-aconcaguino-morganas-runway-realiza-pasarela-callejera\/"},"author":{"name":"Diario El Trabajo","@id":"https:\/\/eltrabajo.cl\/web\/#\/schema\/person\/45efd3d17f86ec456e44dd7debe1bf19"},"headline":"Colectivo art\u00edstico aconcag\u00fcino \u2018Morgana\u2019s Runway\u2019 realiza pasarela callejera","datePublished":"2024-04-23T02:06:40+00:00","mainEntityOfPage":{"@id":"https:\/\/eltrabajo.cl\/web\/colectivo-artistico-aconcaguino-morganas-runway-realiza-pasarela-callejera\/"},"wordCount":680,"commentCount":0,"publisher":{"@id":"https:\/\/eltrabajo.cl\/web\/#organization"},"image":{"@id":"https:\/\/eltrabajo.cl\/web\/colectivo-artistico-aconcaguino-morganas-runway-realiza-pasarela-callejera\/#primaryimage"},"thumbnailUrl":"https:\/\/eltrabajo.cl\/web\/wp-content\/uploads\/2024\/04\/street1.jpg","articleSection":["Comunidad"],"inLanguage":"es-CL","potentialAction":[{"@type":"CommentAction","name":"Comment","target":["https:\/\/eltrabajo.cl\/web\/colectivo-artistico-aconcaguino-morganas-runway-realiza-pasarela-callejera\/#respond"]}]},{"@type":"WebPage","@id":"https:\/\/eltrabajo.cl\/web\/colectivo-artistico-aconcaguino-morganas-runway-realiza-pasarela-callejera\/","url":"https:\/\/eltrabajo.cl\/web\/colectivo-artistico-aconcaguino-morganas-runway-realiza-pasarela-callejera\/","name":"Colectivo art\u00edstico aconcag\u00fcino \u2018Morgana\u2019s Runway\u2019 realiza pasarela callejera - Diario El Trabajo","isPartOf":{"@id":"https:\/\/eltrabajo.cl\/web\/#website"},"primaryImageOfPage":{"@id":"https:\/\/eltrabajo.cl\/web\/colectivo-artistico-aconcaguino-morganas-runway-realiza-pasarela-callejera\/#primaryimage"},"image":{"@id":"https:\/\/eltrabajo.cl\/web\/colectivo-artistico-aconcaguino-morganas-runway-realiza-pasarela-callejera\/#primaryimage"},"thumbnailUrl":"https:\/\/eltrabajo.cl\/web\/wp-content\/uploads\/2024\/04\/street1.jpg","datePublished":"2024-04-23T02:06:40+00:00","breadcrumb":{"@id":"https:\/\/eltrabajo.cl\/web\/colectivo-artistico-aconcaguino-morganas-runway-realiza-pasarela-callejera\/#breadcrumb"},"inLanguage":"es-CL","potentialAction":[{"@type":"ReadAction","target":["https:\/\/eltrabajo.cl\/web\/colectivo-artistico-aconcaguino-morganas-runway-realiza-pasarela-callejera\/"]}]},{"@type":"ImageObject","inLanguage":"es-CL","@id":"https:\/\/eltrabajo.cl\/web\/colectivo-artistico-aconcaguino-morganas-runway-realiza-pasarela-callejera\/#primaryimage","url":"https:\/\/eltrabajo.cl\/web\/wp-content\/uploads\/2024\/04\/street1.jpg","contentUrl":"https:\/\/eltrabajo.cl\/web\/wp-content\/uploads\/2024\/04\/street1.jpg","width":698,"height":396,"caption":"Modelos de la tercera versi\u00f3n de Morgana\u2019s Street posando en la Plaza de Armas."},{"@type":"BreadcrumbList","@id":"https:\/\/eltrabajo.cl\/web\/colectivo-artistico-aconcaguino-morganas-runway-realiza-pasarela-callejera\/#breadcrumb","itemListElement":[{"@type":"ListItem","position":1,"name":"Portada","item":"https:\/\/eltrabajo.cl\/web\/"},{"@type":"ListItem","position":2,"name":"Colectivo art\u00edstico aconcag\u00fcino \u2018Morgana\u2019s Runway\u2019 realiza pasarela callejera"}]},{"@type":"WebSite","@id":"https:\/\/eltrabajo.cl\/web\/#website","url":"https:\/\/eltrabajo.cl\/web\/","name":"Diario El Trabajo","description":"Desde 1929 construyendo Identidad Local","publisher":{"@id":"https:\/\/eltrabajo.cl\/web\/#organization"},"potentialAction":[{"@type":"SearchAction","target":{"@type":"EntryPoint","urlTemplate":"https:\/\/eltrabajo.cl\/web\/?s={search_term_string}"},"query-input":{"@type":"PropertyValueSpecification","valueRequired":true,"valueName":"search_term_string"}}],"inLanguage":"es-CL"},{"@type":"Organization","@id":"https:\/\/eltrabajo.cl\/web\/#organization","name":"Diario El Trabajo","url":"https:\/\/eltrabajo.cl\/web\/","logo":{"@type":"ImageObject","inLanguage":"es-CL","@id":"https:\/\/eltrabajo.cl\/web\/#\/schema\/logo\/image\/","url":"https:\/\/eltrabajo.cl\/web\/wp-content\/uploads\/2024\/06\/profile-image-ig-page-diarioeltrabajo.jpg","contentUrl":"https:\/\/eltrabajo.cl\/web\/wp-content\/uploads\/2024\/06\/profile-image-ig-page-diarioeltrabajo.jpg","width":823,"height":823,"caption":"Diario El Trabajo"},"image":{"@id":"https:\/\/eltrabajo.cl\/web\/#\/schema\/logo\/image\/"},"sameAs":["https:\/\/www.facebook.com\/ElTrabajoDiario","https:\/\/x.com\/diarioeltrabajo"]},{"@type":"Person","@id":"https:\/\/eltrabajo.cl\/web\/#\/schema\/person\/45efd3d17f86ec456e44dd7debe1bf19","name":"Diario El Trabajo","image":{"@type":"ImageObject","inLanguage":"es-CL","@id":"https:\/\/secure.gravatar.com\/avatar\/7e6ec277dc4aea2677c2dc301d4227957219329c985ab69a3efc12518b5161aa?s=96&d=mm&r=g","url":"https:\/\/secure.gravatar.com\/avatar\/7e6ec277dc4aea2677c2dc301d4227957219329c985ab69a3efc12518b5161aa?s=96&d=mm&r=g","contentUrl":"https:\/\/secure.gravatar.com\/avatar\/7e6ec277dc4aea2677c2dc301d4227957219329c985ab69a3efc12518b5161aa?s=96&d=mm&r=g","caption":"Diario El Trabajo"},"sameAs":["https:\/\/eltrabajo.cl\/web"],"url":"https:\/\/eltrabajo.cl\/web\/author\/diario-el-trabajo\/"}]}},"_links":{"self":[{"href":"https:\/\/eltrabajo.cl\/web\/wp-json\/wp\/v2\/posts\/129294","targetHints":{"allow":["GET"]}}],"collection":[{"href":"https:\/\/eltrabajo.cl\/web\/wp-json\/wp\/v2\/posts"}],"about":[{"href":"https:\/\/eltrabajo.cl\/web\/wp-json\/wp\/v2\/types\/post"}],"author":[{"embeddable":true,"href":"https:\/\/eltrabajo.cl\/web\/wp-json\/wp\/v2\/users\/1"}],"replies":[{"embeddable":true,"href":"https:\/\/eltrabajo.cl\/web\/wp-json\/wp\/v2\/comments?post=129294"}],"version-history":[{"count":0,"href":"https:\/\/eltrabajo.cl\/web\/wp-json\/wp\/v2\/posts\/129294\/revisions"}],"wp:featuredmedia":[{"embeddable":true,"href":"https:\/\/eltrabajo.cl\/web\/wp-json\/wp\/v2\/media\/129295"}],"wp:attachment":[{"href":"https:\/\/eltrabajo.cl\/web\/wp-json\/wp\/v2\/media?parent=129294"}],"wp:term":[{"taxonomy":"category","embeddable":true,"href":"https:\/\/eltrabajo.cl\/web\/wp-json\/wp\/v2\/categories?post=129294"},{"taxonomy":"post_tag","embeddable":true,"href":"https:\/\/eltrabajo.cl\/web\/wp-json\/wp\/v2\/tags?post=129294"}],"curies":[{"name":"wp","href":"https:\/\/api.w.org\/{rel}","templated":true}]}}