{"id":129318,"date":"2024-04-23T23:00:09","date_gmt":"2024-04-24T02:00:09","guid":{"rendered":"https:\/\/eltrabajo.cl\/web\/?p=129318"},"modified":"2024-04-23T23:02:59","modified_gmt":"2024-04-24T02:02:59","slug":"obra-de-teatro-las-letras-de-juanita-este-sabado-en-el-ciem-aconcagua","status":"publish","type":"post","link":"https:\/\/eltrabajo.cl\/web\/obra-de-teatro-las-letras-de-juanita-este-sabado-en-el-ciem-aconcagua\/","title":{"rendered":"Obra de teatro \u2018Las Letras de Juanita\u2019 este s\u00e1bado en el Ciem Aconcagua"},"content":{"rendered":"<ul>\n<li><strong>\u00a0\u2018Teatro Fusi\u00f3n VM\u2019 conmemora el D\u00eda internacional del Libro con esta obra que busca reencantar a la comunidad con la lectura. Se realizar\u00e1 a las 12:00 horas y la entrada tendr\u00e1 un valor de $3.000 y dos por $5.000.-<\/strong><\/li>\n<\/ul>\n<p>Las actividades por el D\u00eda Internacional del Libro -que oficialmente se conmemor\u00f3 ayer martes- no paran y es que la compa\u00f1\u00eda aconcag\u00fcina \u2018Teatro Fusi\u00f3n VM\u2019 sigue con su alianza en el Centro de Artes y Oficios de Aconcagua (Ciem) y este s\u00e1bado 27 de abril estar\u00e1n presentando su obra <strong>\u2018Las Letras de Juanita\u2019<\/strong>, instancia que pretende reencantar a la comunidad con la lectura, especialmente a los m\u00e1s j\u00f3venes.<\/p>\n<p>La actividad cuenta la historia de \u2018Juanita\u2019, personaje del escritor Sa\u00fal Schkolnik y quien es una amante de los libros. La historia se centra en por qu\u00e9 los libros y escritos est\u00e1n desapareciendo, realizando una intensa b\u00fasqueda para encontrar esta ansiada respuesta, y lo hace en compa\u00f1\u00eda de conocidos personajes, tales como Alicia y El Principito. La obra es de car\u00e1cter familiar y la entrada tendr\u00e1 un valor de $3.000 y dos por $5.000.<\/p>\n<p><strong>Gabriel Vega<\/strong> o tambi\u00e9n conocido art\u00edsticamente como \u2018<strong>Gabriel Crist\u00f3bal<\/strong>\u2019, actor de Teatro Fusi\u00f3n VM, estableci\u00f3 que la obra se enmarca en esta especial fecha y que propone un fomento al lector. <em>\u00abEn el marco de la conmemoraci\u00f3n del d\u00eda internacional del libro, la compa\u00f1\u00eda de Teatro Fusi\u00f3n VM nos presenta su montaje teatral \u2018Las Letras de Juanita\u2019, obra enfocada para el fomento al lector de una forma l\u00fadica, contingente, captando el inter\u00e9s del p\u00fablico con tem\u00e1ticas novedosas, proponi\u00e9ndoles reconocer la lectura, analizar y reflexionar.<\/em><\/p>\n<p>\u00ab<em>En este sentido, entregando herramientas necesarias desde el punto visual, estimulando a trav\u00e9s de la expresi\u00f3n, la corporalidad y la palabra, para que sean lectores activos, de una forma entretenida y vivaz. Juanita har\u00e1 experimentos para que las letras regresen a los libros, acompa\u00f1ada de sus personajes favoritos, Alicia y el Principito\u00bb<\/em>, indic\u00f3.<\/p>\n<p>Asimismo, destac\u00f3 y valor\u00f3 esta fecha, que oficialmente se conmemor\u00f3 este martes. <em>\u00abEl D\u00eda Mundial del Libro y del Derecho de Autor fue fijado por la UNESCO en 1995. Y es que\u00a0justo alrededor de esta fecha, el 23 de abril, murieron tres grandes de la literatura universal, tales como Miguel de Cervantes, William Shakespeare y el Inca Garcilaso de la Vega. Con motivo de celebraci\u00f3n y amor por la lectura, es que el Centro de Artes y Oficios Ciem Aconcagua y la compa\u00f1\u00eda aconcag\u00fcina representar\u00e1n este s\u00e1bado 27 de abril a las 12:00 horas esta pieza teatral\u00bb<\/em>, a\u00f1adi\u00f3.<\/p>\n<p>Finalmente, Vega explic\u00f3 un poco la tem\u00e1tica de esta historia, precisando que <em>\u00abJuanita, basada en el personaje del escritor Sa\u00fal Schkolnik, es una ni\u00f1a muy creativa, amante de los libros y los experimentos. Hoy est\u00e1 muy entusiasmada porque va a presentar en su blog en vivo un cap\u00edtulo llamado \u2018Experimento tras experimento\u2019<\/em>.<\/p>\n<p>\u00ab<em>En su ba\u00fal, donde guarda sus mayores tesoros, de pronto encuentra un gran libro, el cual est\u00e1 totalmente vac\u00edo, no lay letras, no hay historias, ni im\u00e1genes. Juanita al ver lo que est\u00e1 sucediendo comienza la b\u00fasqueda del por qu\u00e9 el libro est\u00e1 desapareciendo, es ah\u00ed donde se encuentra con sus personajes favoritos de cuentos como \u2018El Principito\u2019 y \u2018Alicia\u2019, quienes la ayudar\u00e1n a recuperar los grandes libros, cuentos e historias que a trav\u00e9s de los siglos han sido reconocidos por todos los lectores del mundo. Esta obra nos invita a reconectarnos con la lectura y la magia que produce el leer, as\u00ed que invitamos a toda la comunidad para que disfrute y se regale un momento de lectura en familia junto a personajes ic\u00f3nicos de la literatura\u00bb<\/em>, cerr\u00f3.<\/p>\n<figure id=\"attachment_129319\" aria-describedby=\"caption-attachment-129319\" style=\"width: 699px\" class=\"wp-caption alignnone\"><img loading=\"lazy\" decoding=\"async\" class=\"size-full wp-image-129319\" src=\"https:\/\/eltrabajo.cl\/web\/wp-content\/uploads\/2024\/04\/juanita.jpg\" alt=\"La compa\u00f1\u00eda aconcag\u00fcina Teatro Fusi\u00f3n VM, presentar\u00e1 su obra \u2018Las Letras de Juanita\u2019 este s\u00e1bado en el Ciem.\" width=\"699\" height=\"466\" srcset=\"https:\/\/eltrabajo.cl\/web\/wp-content\/uploads\/2024\/04\/juanita.jpg 699w, https:\/\/eltrabajo.cl\/web\/wp-content\/uploads\/2024\/04\/juanita-300x200.jpg 300w, https:\/\/eltrabajo.cl\/web\/wp-content\/uploads\/2024\/04\/juanita-630x420.jpg 630w, https:\/\/eltrabajo.cl\/web\/wp-content\/uploads\/2024\/04\/juanita-150x100.jpg 150w, https:\/\/eltrabajo.cl\/web\/wp-content\/uploads\/2024\/04\/juanita-696x464.jpg 696w\" sizes=\"auto, (max-width: 699px) 100vw, 699px\" \/><figcaption id=\"caption-attachment-129319\" class=\"wp-caption-text\">La compa\u00f1\u00eda aconcag\u00fcina Teatro Fusi\u00f3n VM, presentar\u00e1 su obra \u2018Las Letras de Juanita\u2019 este s\u00e1bado en el Ciem.<\/figcaption><\/figure>\n","protected":false},"excerpt":{"rendered":"<p>\u00a0\u2018Teatro Fusi\u00f3n VM\u2019 conmemora el D\u00eda internacional del Libro con esta obra que busca reencantar a la comunidad con la lectura. Se realizar\u00e1 a las 12:00 horas y la entrada tendr\u00e1 un valor de $3.000 y dos por $5.000.- Las actividades por el D\u00eda Internacional del Libro -que oficialmente se conmemor\u00f3 ayer martes- no paran [&hellip;]<\/p>\n","protected":false},"author":1,"featured_media":129319,"comment_status":"open","ping_status":"open","sticky":false,"template":"","format":"standard","meta":{"footnotes":""},"categories":[12],"tags":[],"class_list":{"0":"post-129318","1":"post","2":"type-post","3":"status-publish","4":"format-standard","5":"has-post-thumbnail","7":"category-arte-y-cultura"},"yoast_head":"<!-- This site is optimized with the Yoast SEO plugin v27.4 - https:\/\/yoast.com\/product\/yoast-seo-wordpress\/ -->\n<title>Obra de teatro \u2018Las Letras de Juanita\u2019 este s\u00e1bado en el Ciem Aconcagua - Diario El Trabajo<\/title>\n<meta name=\"robots\" content=\"index, follow, max-snippet:-1, max-image-preview:large, max-video-preview:-1\" \/>\n<link rel=\"canonical\" href=\"https:\/\/eltrabajo.cl\/web\/obra-de-teatro-las-letras-de-juanita-este-sabado-en-el-ciem-aconcagua\/\" \/>\n<meta property=\"og:locale\" content=\"es_ES\" \/>\n<meta property=\"og:type\" content=\"article\" \/>\n<meta property=\"og:title\" content=\"Obra de teatro \u2018Las Letras de Juanita\u2019 este s\u00e1bado en el Ciem Aconcagua - Diario El Trabajo\" \/>\n<meta property=\"og:description\" content=\"\u00a0\u2018Teatro Fusi\u00f3n VM\u2019 conmemora el D\u00eda internacional del Libro con esta obra que busca reencantar a la comunidad con la lectura. Se realizar\u00e1 a las 12:00 horas y la entrada tendr\u00e1 un valor de $3.000 y dos por $5.000.- Las actividades por el D\u00eda Internacional del Libro -que oficialmente se conmemor\u00f3 ayer martes- no paran [&hellip;]\" \/>\n<meta property=\"og:url\" content=\"https:\/\/eltrabajo.cl\/web\/obra-de-teatro-las-letras-de-juanita-este-sabado-en-el-ciem-aconcagua\/\" \/>\n<meta property=\"og:site_name\" content=\"Diario El Trabajo\" \/>\n<meta property=\"article:publisher\" content=\"https:\/\/www.facebook.com\/ElTrabajoDiario\" \/>\n<meta property=\"article:published_time\" content=\"2024-04-24T02:00:09+00:00\" \/>\n<meta property=\"article:modified_time\" content=\"2024-04-24T02:02:59+00:00\" \/>\n<meta property=\"og:image\" content=\"https:\/\/eltrabajo.cl\/web\/wp-content\/uploads\/2024\/04\/juanita.jpg\" \/>\n\t<meta property=\"og:image:width\" content=\"699\" \/>\n\t<meta property=\"og:image:height\" content=\"466\" \/>\n\t<meta property=\"og:image:type\" content=\"image\/jpeg\" \/>\n<meta name=\"author\" content=\"Diario El Trabajo\" \/>\n<meta name=\"twitter:card\" content=\"summary_large_image\" \/>\n<meta name=\"twitter:creator\" content=\"@diarioeltrabajo\" \/>\n<meta name=\"twitter:site\" content=\"@diarioeltrabajo\" \/>\n<meta name=\"twitter:label1\" content=\"Escrito por\" \/>\n\t<meta name=\"twitter:data1\" content=\"Diario El Trabajo\" \/>\n\t<meta name=\"twitter:label2\" content=\"Tiempo estimado de lectura\" \/>\n\t<meta name=\"twitter:data2\" content=\"3 minutos\" \/>\n<script type=\"application\/ld+json\" class=\"yoast-schema-graph\">{\"@context\":\"https:\\\/\\\/schema.org\",\"@graph\":[{\"@type\":\"Article\",\"@id\":\"https:\\\/\\\/eltrabajo.cl\\\/web\\\/obra-de-teatro-las-letras-de-juanita-este-sabado-en-el-ciem-aconcagua\\\/#article\",\"isPartOf\":{\"@id\":\"https:\\\/\\\/eltrabajo.cl\\\/web\\\/obra-de-teatro-las-letras-de-juanita-este-sabado-en-el-ciem-aconcagua\\\/\"},\"author\":{\"name\":\"Diario El Trabajo\",\"@id\":\"https:\\\/\\\/eltrabajo.cl\\\/web\\\/#\\\/schema\\\/person\\\/45efd3d17f86ec456e44dd7debe1bf19\"},\"headline\":\"Obra de teatro \u2018Las Letras de Juanita\u2019 este s\u00e1bado en el Ciem Aconcagua\",\"datePublished\":\"2024-04-24T02:00:09+00:00\",\"dateModified\":\"2024-04-24T02:02:59+00:00\",\"mainEntityOfPage\":{\"@id\":\"https:\\\/\\\/eltrabajo.cl\\\/web\\\/obra-de-teatro-las-letras-de-juanita-este-sabado-en-el-ciem-aconcagua\\\/\"},\"wordCount\":681,\"commentCount\":0,\"publisher\":{\"@id\":\"https:\\\/\\\/eltrabajo.cl\\\/web\\\/#organization\"},\"image\":{\"@id\":\"https:\\\/\\\/eltrabajo.cl\\\/web\\\/obra-de-teatro-las-letras-de-juanita-este-sabado-en-el-ciem-aconcagua\\\/#primaryimage\"},\"thumbnailUrl\":\"https:\\\/\\\/eltrabajo.cl\\\/web\\\/wp-content\\\/uploads\\\/2024\\\/04\\\/juanita.jpg\",\"articleSection\":[\"Arte y Cultura\"],\"inLanguage\":\"es-CL\",\"potentialAction\":[{\"@type\":\"CommentAction\",\"name\":\"Comment\",\"target\":[\"https:\\\/\\\/eltrabajo.cl\\\/web\\\/obra-de-teatro-las-letras-de-juanita-este-sabado-en-el-ciem-aconcagua\\\/#respond\"]}]},{\"@type\":\"WebPage\",\"@id\":\"https:\\\/\\\/eltrabajo.cl\\\/web\\\/obra-de-teatro-las-letras-de-juanita-este-sabado-en-el-ciem-aconcagua\\\/\",\"url\":\"https:\\\/\\\/eltrabajo.cl\\\/web\\\/obra-de-teatro-las-letras-de-juanita-este-sabado-en-el-ciem-aconcagua\\\/\",\"name\":\"Obra de teatro \u2018Las Letras de Juanita\u2019 este s\u00e1bado en el Ciem Aconcagua - Diario El Trabajo\",\"isPartOf\":{\"@id\":\"https:\\\/\\\/eltrabajo.cl\\\/web\\\/#website\"},\"primaryImageOfPage\":{\"@id\":\"https:\\\/\\\/eltrabajo.cl\\\/web\\\/obra-de-teatro-las-letras-de-juanita-este-sabado-en-el-ciem-aconcagua\\\/#primaryimage\"},\"image\":{\"@id\":\"https:\\\/\\\/eltrabajo.cl\\\/web\\\/obra-de-teatro-las-letras-de-juanita-este-sabado-en-el-ciem-aconcagua\\\/#primaryimage\"},\"thumbnailUrl\":\"https:\\\/\\\/eltrabajo.cl\\\/web\\\/wp-content\\\/uploads\\\/2024\\\/04\\\/juanita.jpg\",\"datePublished\":\"2024-04-24T02:00:09+00:00\",\"dateModified\":\"2024-04-24T02:02:59+00:00\",\"breadcrumb\":{\"@id\":\"https:\\\/\\\/eltrabajo.cl\\\/web\\\/obra-de-teatro-las-letras-de-juanita-este-sabado-en-el-ciem-aconcagua\\\/#breadcrumb\"},\"inLanguage\":\"es-CL\",\"potentialAction\":[{\"@type\":\"ReadAction\",\"target\":[\"https:\\\/\\\/eltrabajo.cl\\\/web\\\/obra-de-teatro-las-letras-de-juanita-este-sabado-en-el-ciem-aconcagua\\\/\"]}]},{\"@type\":\"ImageObject\",\"inLanguage\":\"es-CL\",\"@id\":\"https:\\\/\\\/eltrabajo.cl\\\/web\\\/obra-de-teatro-las-letras-de-juanita-este-sabado-en-el-ciem-aconcagua\\\/#primaryimage\",\"url\":\"https:\\\/\\\/eltrabajo.cl\\\/web\\\/wp-content\\\/uploads\\\/2024\\\/04\\\/juanita.jpg\",\"contentUrl\":\"https:\\\/\\\/eltrabajo.cl\\\/web\\\/wp-content\\\/uploads\\\/2024\\\/04\\\/juanita.jpg\",\"width\":699,\"height\":466,\"caption\":\"La compa\u00f1\u00eda aconcag\u00fcina Teatro Fusi\u00f3n VM, presentar\u00e1 su obra \u2018Las Letras de Juanita\u2019 este s\u00e1bado en el Ciem.\"},{\"@type\":\"BreadcrumbList\",\"@id\":\"https:\\\/\\\/eltrabajo.cl\\\/web\\\/obra-de-teatro-las-letras-de-juanita-este-sabado-en-el-ciem-aconcagua\\\/#breadcrumb\",\"itemListElement\":[{\"@type\":\"ListItem\",\"position\":1,\"name\":\"Portada\",\"item\":\"https:\\\/\\\/eltrabajo.cl\\\/web\\\/\"},{\"@type\":\"ListItem\",\"position\":2,\"name\":\"Obra de teatro \u2018Las Letras de Juanita\u2019 este s\u00e1bado en el Ciem Aconcagua\"}]},{\"@type\":\"WebSite\",\"@id\":\"https:\\\/\\\/eltrabajo.cl\\\/web\\\/#website\",\"url\":\"https:\\\/\\\/eltrabajo.cl\\\/web\\\/\",\"name\":\"Diario El Trabajo\",\"description\":\"Desde 1929 construyendo Identidad Local\",\"publisher\":{\"@id\":\"https:\\\/\\\/eltrabajo.cl\\\/web\\\/#organization\"},\"potentialAction\":[{\"@type\":\"SearchAction\",\"target\":{\"@type\":\"EntryPoint\",\"urlTemplate\":\"https:\\\/\\\/eltrabajo.cl\\\/web\\\/?s={search_term_string}\"},\"query-input\":{\"@type\":\"PropertyValueSpecification\",\"valueRequired\":true,\"valueName\":\"search_term_string\"}}],\"inLanguage\":\"es-CL\"},{\"@type\":\"Organization\",\"@id\":\"https:\\\/\\\/eltrabajo.cl\\\/web\\\/#organization\",\"name\":\"Diario El Trabajo\",\"url\":\"https:\\\/\\\/eltrabajo.cl\\\/web\\\/\",\"logo\":{\"@type\":\"ImageObject\",\"inLanguage\":\"es-CL\",\"@id\":\"https:\\\/\\\/eltrabajo.cl\\\/web\\\/#\\\/schema\\\/logo\\\/image\\\/\",\"url\":\"https:\\\/\\\/eltrabajo.cl\\\/web\\\/wp-content\\\/uploads\\\/2024\\\/06\\\/profile-image-ig-page-diarioeltrabajo.jpg\",\"contentUrl\":\"https:\\\/\\\/eltrabajo.cl\\\/web\\\/wp-content\\\/uploads\\\/2024\\\/06\\\/profile-image-ig-page-diarioeltrabajo.jpg\",\"width\":823,\"height\":823,\"caption\":\"Diario El Trabajo\"},\"image\":{\"@id\":\"https:\\\/\\\/eltrabajo.cl\\\/web\\\/#\\\/schema\\\/logo\\\/image\\\/\"},\"sameAs\":[\"https:\\\/\\\/www.facebook.com\\\/ElTrabajoDiario\",\"https:\\\/\\\/x.com\\\/diarioeltrabajo\"]},{\"@type\":\"Person\",\"@id\":\"https:\\\/\\\/eltrabajo.cl\\\/web\\\/#\\\/schema\\\/person\\\/45efd3d17f86ec456e44dd7debe1bf19\",\"name\":\"Diario El Trabajo\",\"image\":{\"@type\":\"ImageObject\",\"inLanguage\":\"es-CL\",\"@id\":\"https:\\\/\\\/secure.gravatar.com\\\/avatar\\\/7e6ec277dc4aea2677c2dc301d4227957219329c985ab69a3efc12518b5161aa?s=96&d=mm&r=g\",\"url\":\"https:\\\/\\\/secure.gravatar.com\\\/avatar\\\/7e6ec277dc4aea2677c2dc301d4227957219329c985ab69a3efc12518b5161aa?s=96&d=mm&r=g\",\"contentUrl\":\"https:\\\/\\\/secure.gravatar.com\\\/avatar\\\/7e6ec277dc4aea2677c2dc301d4227957219329c985ab69a3efc12518b5161aa?s=96&d=mm&r=g\",\"caption\":\"Diario El Trabajo\"},\"sameAs\":[\"https:\\\/\\\/eltrabajo.cl\\\/web\"],\"url\":\"https:\\\/\\\/eltrabajo.cl\\\/web\\\/author\\\/diario-el-trabajo\\\/\"}]}<\/script>\n<!-- \/ Yoast SEO plugin. -->","yoast_head_json":{"title":"Obra de teatro \u2018Las Letras de Juanita\u2019 este s\u00e1bado en el Ciem Aconcagua - Diario El Trabajo","robots":{"index":"index","follow":"follow","max-snippet":"max-snippet:-1","max-image-preview":"max-image-preview:large","max-video-preview":"max-video-preview:-1"},"canonical":"https:\/\/eltrabajo.cl\/web\/obra-de-teatro-las-letras-de-juanita-este-sabado-en-el-ciem-aconcagua\/","og_locale":"es_ES","og_type":"article","og_title":"Obra de teatro \u2018Las Letras de Juanita\u2019 este s\u00e1bado en el Ciem Aconcagua - Diario El Trabajo","og_description":"\u00a0\u2018Teatro Fusi\u00f3n VM\u2019 conmemora el D\u00eda internacional del Libro con esta obra que busca reencantar a la comunidad con la lectura. Se realizar\u00e1 a las 12:00 horas y la entrada tendr\u00e1 un valor de $3.000 y dos por $5.000.- Las actividades por el D\u00eda Internacional del Libro -que oficialmente se conmemor\u00f3 ayer martes- no paran [&hellip;]","og_url":"https:\/\/eltrabajo.cl\/web\/obra-de-teatro-las-letras-de-juanita-este-sabado-en-el-ciem-aconcagua\/","og_site_name":"Diario El Trabajo","article_publisher":"https:\/\/www.facebook.com\/ElTrabajoDiario","article_published_time":"2024-04-24T02:00:09+00:00","article_modified_time":"2024-04-24T02:02:59+00:00","og_image":[{"width":699,"height":466,"url":"https:\/\/eltrabajo.cl\/web\/wp-content\/uploads\/2024\/04\/juanita.jpg","type":"image\/jpeg"}],"author":"Diario El Trabajo","twitter_card":"summary_large_image","twitter_creator":"@diarioeltrabajo","twitter_site":"@diarioeltrabajo","twitter_misc":{"Escrito por":"Diario El Trabajo","Tiempo estimado de lectura":"3 minutos"},"schema":{"@context":"https:\/\/schema.org","@graph":[{"@type":"Article","@id":"https:\/\/eltrabajo.cl\/web\/obra-de-teatro-las-letras-de-juanita-este-sabado-en-el-ciem-aconcagua\/#article","isPartOf":{"@id":"https:\/\/eltrabajo.cl\/web\/obra-de-teatro-las-letras-de-juanita-este-sabado-en-el-ciem-aconcagua\/"},"author":{"name":"Diario El Trabajo","@id":"https:\/\/eltrabajo.cl\/web\/#\/schema\/person\/45efd3d17f86ec456e44dd7debe1bf19"},"headline":"Obra de teatro \u2018Las Letras de Juanita\u2019 este s\u00e1bado en el Ciem Aconcagua","datePublished":"2024-04-24T02:00:09+00:00","dateModified":"2024-04-24T02:02:59+00:00","mainEntityOfPage":{"@id":"https:\/\/eltrabajo.cl\/web\/obra-de-teatro-las-letras-de-juanita-este-sabado-en-el-ciem-aconcagua\/"},"wordCount":681,"commentCount":0,"publisher":{"@id":"https:\/\/eltrabajo.cl\/web\/#organization"},"image":{"@id":"https:\/\/eltrabajo.cl\/web\/obra-de-teatro-las-letras-de-juanita-este-sabado-en-el-ciem-aconcagua\/#primaryimage"},"thumbnailUrl":"https:\/\/eltrabajo.cl\/web\/wp-content\/uploads\/2024\/04\/juanita.jpg","articleSection":["Arte y Cultura"],"inLanguage":"es-CL","potentialAction":[{"@type":"CommentAction","name":"Comment","target":["https:\/\/eltrabajo.cl\/web\/obra-de-teatro-las-letras-de-juanita-este-sabado-en-el-ciem-aconcagua\/#respond"]}]},{"@type":"WebPage","@id":"https:\/\/eltrabajo.cl\/web\/obra-de-teatro-las-letras-de-juanita-este-sabado-en-el-ciem-aconcagua\/","url":"https:\/\/eltrabajo.cl\/web\/obra-de-teatro-las-letras-de-juanita-este-sabado-en-el-ciem-aconcagua\/","name":"Obra de teatro \u2018Las Letras de Juanita\u2019 este s\u00e1bado en el Ciem Aconcagua - Diario El Trabajo","isPartOf":{"@id":"https:\/\/eltrabajo.cl\/web\/#website"},"primaryImageOfPage":{"@id":"https:\/\/eltrabajo.cl\/web\/obra-de-teatro-las-letras-de-juanita-este-sabado-en-el-ciem-aconcagua\/#primaryimage"},"image":{"@id":"https:\/\/eltrabajo.cl\/web\/obra-de-teatro-las-letras-de-juanita-este-sabado-en-el-ciem-aconcagua\/#primaryimage"},"thumbnailUrl":"https:\/\/eltrabajo.cl\/web\/wp-content\/uploads\/2024\/04\/juanita.jpg","datePublished":"2024-04-24T02:00:09+00:00","dateModified":"2024-04-24T02:02:59+00:00","breadcrumb":{"@id":"https:\/\/eltrabajo.cl\/web\/obra-de-teatro-las-letras-de-juanita-este-sabado-en-el-ciem-aconcagua\/#breadcrumb"},"inLanguage":"es-CL","potentialAction":[{"@type":"ReadAction","target":["https:\/\/eltrabajo.cl\/web\/obra-de-teatro-las-letras-de-juanita-este-sabado-en-el-ciem-aconcagua\/"]}]},{"@type":"ImageObject","inLanguage":"es-CL","@id":"https:\/\/eltrabajo.cl\/web\/obra-de-teatro-las-letras-de-juanita-este-sabado-en-el-ciem-aconcagua\/#primaryimage","url":"https:\/\/eltrabajo.cl\/web\/wp-content\/uploads\/2024\/04\/juanita.jpg","contentUrl":"https:\/\/eltrabajo.cl\/web\/wp-content\/uploads\/2024\/04\/juanita.jpg","width":699,"height":466,"caption":"La compa\u00f1\u00eda aconcag\u00fcina Teatro Fusi\u00f3n VM, presentar\u00e1 su obra \u2018Las Letras de Juanita\u2019 este s\u00e1bado en el Ciem."},{"@type":"BreadcrumbList","@id":"https:\/\/eltrabajo.cl\/web\/obra-de-teatro-las-letras-de-juanita-este-sabado-en-el-ciem-aconcagua\/#breadcrumb","itemListElement":[{"@type":"ListItem","position":1,"name":"Portada","item":"https:\/\/eltrabajo.cl\/web\/"},{"@type":"ListItem","position":2,"name":"Obra de teatro \u2018Las Letras de Juanita\u2019 este s\u00e1bado en el Ciem Aconcagua"}]},{"@type":"WebSite","@id":"https:\/\/eltrabajo.cl\/web\/#website","url":"https:\/\/eltrabajo.cl\/web\/","name":"Diario El Trabajo","description":"Desde 1929 construyendo Identidad Local","publisher":{"@id":"https:\/\/eltrabajo.cl\/web\/#organization"},"potentialAction":[{"@type":"SearchAction","target":{"@type":"EntryPoint","urlTemplate":"https:\/\/eltrabajo.cl\/web\/?s={search_term_string}"},"query-input":{"@type":"PropertyValueSpecification","valueRequired":true,"valueName":"search_term_string"}}],"inLanguage":"es-CL"},{"@type":"Organization","@id":"https:\/\/eltrabajo.cl\/web\/#organization","name":"Diario El Trabajo","url":"https:\/\/eltrabajo.cl\/web\/","logo":{"@type":"ImageObject","inLanguage":"es-CL","@id":"https:\/\/eltrabajo.cl\/web\/#\/schema\/logo\/image\/","url":"https:\/\/eltrabajo.cl\/web\/wp-content\/uploads\/2024\/06\/profile-image-ig-page-diarioeltrabajo.jpg","contentUrl":"https:\/\/eltrabajo.cl\/web\/wp-content\/uploads\/2024\/06\/profile-image-ig-page-diarioeltrabajo.jpg","width":823,"height":823,"caption":"Diario El Trabajo"},"image":{"@id":"https:\/\/eltrabajo.cl\/web\/#\/schema\/logo\/image\/"},"sameAs":["https:\/\/www.facebook.com\/ElTrabajoDiario","https:\/\/x.com\/diarioeltrabajo"]},{"@type":"Person","@id":"https:\/\/eltrabajo.cl\/web\/#\/schema\/person\/45efd3d17f86ec456e44dd7debe1bf19","name":"Diario El Trabajo","image":{"@type":"ImageObject","inLanguage":"es-CL","@id":"https:\/\/secure.gravatar.com\/avatar\/7e6ec277dc4aea2677c2dc301d4227957219329c985ab69a3efc12518b5161aa?s=96&d=mm&r=g","url":"https:\/\/secure.gravatar.com\/avatar\/7e6ec277dc4aea2677c2dc301d4227957219329c985ab69a3efc12518b5161aa?s=96&d=mm&r=g","contentUrl":"https:\/\/secure.gravatar.com\/avatar\/7e6ec277dc4aea2677c2dc301d4227957219329c985ab69a3efc12518b5161aa?s=96&d=mm&r=g","caption":"Diario El Trabajo"},"sameAs":["https:\/\/eltrabajo.cl\/web"],"url":"https:\/\/eltrabajo.cl\/web\/author\/diario-el-trabajo\/"}]}},"_links":{"self":[{"href":"https:\/\/eltrabajo.cl\/web\/wp-json\/wp\/v2\/posts\/129318","targetHints":{"allow":["GET"]}}],"collection":[{"href":"https:\/\/eltrabajo.cl\/web\/wp-json\/wp\/v2\/posts"}],"about":[{"href":"https:\/\/eltrabajo.cl\/web\/wp-json\/wp\/v2\/types\/post"}],"author":[{"embeddable":true,"href":"https:\/\/eltrabajo.cl\/web\/wp-json\/wp\/v2\/users\/1"}],"replies":[{"embeddable":true,"href":"https:\/\/eltrabajo.cl\/web\/wp-json\/wp\/v2\/comments?post=129318"}],"version-history":[{"count":0,"href":"https:\/\/eltrabajo.cl\/web\/wp-json\/wp\/v2\/posts\/129318\/revisions"}],"wp:featuredmedia":[{"embeddable":true,"href":"https:\/\/eltrabajo.cl\/web\/wp-json\/wp\/v2\/media\/129319"}],"wp:attachment":[{"href":"https:\/\/eltrabajo.cl\/web\/wp-json\/wp\/v2\/media?parent=129318"}],"wp:term":[{"taxonomy":"category","embeddable":true,"href":"https:\/\/eltrabajo.cl\/web\/wp-json\/wp\/v2\/categories?post=129318"},{"taxonomy":"post_tag","embeddable":true,"href":"https:\/\/eltrabajo.cl\/web\/wp-json\/wp\/v2\/tags?post=129318"}],"curies":[{"name":"wp","href":"https:\/\/api.w.org\/{rel}","templated":true}]}}