{"id":129493,"date":"2024-05-02T22:50:42","date_gmt":"2024-05-03T01:50:42","guid":{"rendered":"https:\/\/eltrabajo.cl\/web\/?p=129493"},"modified":"2024-05-02T22:31:34","modified_gmt":"2024-05-03T01:31:34","slug":"casa-azul-para-comunidad-tea-en-san-felipe-cumplira-ocho-anos-este-lunes","status":"publish","type":"post","link":"https:\/\/eltrabajo.cl\/web\/casa-azul-para-comunidad-tea-en-san-felipe-cumplira-ocho-anos-este-lunes\/","title":{"rendered":"\u2018Casa Azul\u2019 para comunidad TEA en San Felipe cumplir\u00e1 ocho a\u00f1os este lunes"},"content":{"rendered":"<ul>\n<li><strong>El centro para personas neurodivergentes sigue expandiendo su equipo de trabajo y avanzando con terapias, diagn\u00f3sticos y m\u00e1s.-<\/strong><\/li>\n<\/ul>\n<p>Con poco m\u00e1s de un a\u00f1o desde la promulgaci\u00f3n de la Ley TEA y con ello, una expansi\u00f3n de conocimientos acerca de una condici\u00f3n poco conocida, en San Felipe la Fundaci\u00f3n So\u00f1arte o tambi\u00e9n llamada <strong>\u2018Casa Azul\u2019<\/strong> ya llevaba tiempo ayudando y orientando a familias con alg\u00fan integrante del espectro autista; gran labor que cumplir\u00e1 ocho a\u00f1os este lunes 6 de mayo.<\/p>\n<p>Con este nuevo aniversario, desde Casa Azul han valorado sus comienzos, cuando hablar sobre TEA no ten\u00eda la repercusi\u00f3n de hoy en d\u00eda. Tambi\u00e9n, han destacado el aumento de su equipo de trabajo, que hoy cuenta con terapeutas ocupacionales, fonoaudi\u00f3logos, nutricionista, psic\u00f3loga. En este sentido, esperan seguir aportando a mejorar la calidad de vida de la comunidad neurodivergente, centr\u00e1ndose de manera integral en las necesidades de cada persona.<\/p>\n<p><strong>Erika Ch\u00e1vez<\/strong>, directora de la Casa Azul de San Felipe, se refiri\u00f3 a la cantidad de personas que atienden y la labor que realizan con ellos. <em>\u00abEstamos en 150 aproximadamente ni\u00f1os, j\u00f3venes y adultos. La mayor\u00eda son ni\u00f1os y el enfoque que tenemos es poder ayudar a las familias y contribuir a mejorar la calidad de vida en s\u00ed, ya que el trabajo con los ni\u00f1os, obviamente su desarrollo, los avances, van a contribuir directamente a la calidad de vida de los chicos y su familia. Para esto, nosotros trabajamos principalmente con terapia del \u00e1rea de fonoaudiolog\u00eda y terapia ocupacional, tambi\u00e9n hemos incorporado lo que es psic\u00f3loga, nutricionista, tenemos terapias complementarias como es las \u2018Flores de Bach\u2019.<\/em><\/p>\n<p>\u00ab<em>Tambi\u00e9n dentro del equipo tenemos trabajadores sociales para responder las dudas, orientar a las familias, generar redes de acuerdo a las necesidades que presente cada una. La evaluaci\u00f3n Ados, que es como una de las primeras instancias en que las familias nos conocen cuando nos derivan al centro para hacer esta evaluaci\u00f3n, para ver si est\u00e1n dentro del espectro o no\u00bb<\/em>, se\u00f1al\u00f3.<\/p>\n<p>En esa l\u00ednea, estableci\u00f3 que cada persona con la condici\u00f3n del espectro autista se ayuda de manera diferente. <em>\u00abLa verdad que nosotros buscamos, mira, el espectro es muy amplio, entonces las necesidades tambi\u00e9n se visualizan as\u00ed. Ning\u00fan ni\u00f1o, yo te lo digo, de los 150 que hay, ning\u00fan ni\u00f1o, joven, es igual a otro, entonces las terapias se hacen en espec\u00edfico al perfil, a los objetivos que se generan para cada ni\u00f1o y lo que buscamos en el fondo, en una primera instancia es generar autonom\u00eda en los chicos tambi\u00e9n.<\/em><\/p>\n<p>\u00ab<em>Que est\u00e9n un poquito m\u00e1s relacionados con el tema, hay ni\u00f1os que no hablan, entonces establecer tambi\u00e9n m\u00e9todos de comunicaci\u00f3n que van m\u00e1s all\u00e1 de conseguir lenguaje, o las familias por desconocimiento esperan que el ni\u00f1o llegue a hablar, pero en una primera instancia es potenciar la comunicaci\u00f3n y ah\u00ed va saliendo el lenguaje. Entonces, las necesidades var\u00edan, van desarroll\u00e1ndose los chicos y van variando tambi\u00e9n, obviamente se busca el tema de sociabilizaci\u00f3n, no s\u00e9, que controlen la frustraci\u00f3n, que tengan tolerancia. Es prepararlos en el fondo para que puedan desenvolverse en los escenarios en que se desarrollan, como en la escuela, con su familia, en la casa\u00bb<\/em>, a\u00f1adi\u00f3 la directora.<\/p>\n<p>En cuanto a los avances en estos ocho a\u00f1os, Ch\u00e1vez estableci\u00f3 que <em>\u00ablos avances son un mont\u00f3n, porque nosotros empezamos cuando la verdad no se hablaba de TEA o muy poco, no se ten\u00eda conocimiento de lo que era. La verdad que las familias ninguna se conoc\u00eda, estaban como solas por la vida. Entonces apareci\u00f3 este proyecto y lo que buscaba en un principio era generar un cambio, generar cambio de que ya hubiera un lugar donde pudiera haber atenci\u00f3n multidisciplinaria, donde se pudiera visualizar el autismo trabajando con la comunidad tambi\u00e9n y como te dec\u00eda al principio, que todo llevara a mejorar la calidad de vida de las familias.<\/em><\/p>\n<p>\u00ab<em>Fue un proyecto muy bonito, que se entusiasmaron todos los municipios y tambi\u00e9n podemos decir que hemos sido referentes, porque en la actualidad casi todas las comunas de la provincia cuentan con su centro o est\u00e1n con un proyecto ejecutado, entonces la verdad que nos pone contentos, eso refleja que s\u00ed se puede, porque las familias se unen y van surgiendo estos proyectos\u00bb<\/em>, precis\u00f3.<\/p>\n<p>Finalmente, invit\u00f3 a la comunidad a conocer la fundaci\u00f3n. Dijo que <em>\u00abnosotros siempre hacemos la invitaci\u00f3n de los que quieran ir a hacer pasant\u00edas, de los que requieren charlas, la verdad que siempre estamos prestos a educar; en ese sentido, al que quiera ser parte los recibimos con los brazos abiertos. La atenci\u00f3n es desde las 09:00 a las 13 horas y de 14:00 a 18:00 horas de lunes a viernes. La ubicaci\u00f3n esTraslavi\u00f1a N\u00b01522\u00bb<\/em>, cerr\u00f3.<\/p>\n<figure id=\"attachment_129494\" aria-describedby=\"caption-attachment-129494\" style=\"width: 699px\" class=\"wp-caption alignnone\"><img loading=\"lazy\" decoding=\"async\" class=\"size-full wp-image-129494\" src=\"https:\/\/eltrabajo.cl\/web\/wp-content\/uploads\/2024\/05\/casa-azul-1.jpg\" alt=\"Fundaci\u00f3n So\u00f1arte o Casa Azul, cumplir\u00e1 ocho a\u00f1os este lunes.\" width=\"699\" height=\"525\" srcset=\"https:\/\/eltrabajo.cl\/web\/wp-content\/uploads\/2024\/05\/casa-azul-1.jpg 699w, https:\/\/eltrabajo.cl\/web\/wp-content\/uploads\/2024\/05\/casa-azul-1-300x225.jpg 300w, https:\/\/eltrabajo.cl\/web\/wp-content\/uploads\/2024\/05\/casa-azul-1-559x420.jpg 559w, https:\/\/eltrabajo.cl\/web\/wp-content\/uploads\/2024\/05\/casa-azul-1-80x60.jpg 80w, https:\/\/eltrabajo.cl\/web\/wp-content\/uploads\/2024\/05\/casa-azul-1-150x113.jpg 150w, https:\/\/eltrabajo.cl\/web\/wp-content\/uploads\/2024\/05\/casa-azul-1-696x523.jpg 696w, https:\/\/eltrabajo.cl\/web\/wp-content\/uploads\/2024\/05\/casa-azul-1-265x198.jpg 265w\" sizes=\"auto, (max-width: 699px) 100vw, 699px\" \/><figcaption id=\"caption-attachment-129494\" class=\"wp-caption-text\">Fundaci\u00f3n So\u00f1arte o Casa Azul, cumplir\u00e1 ocho a\u00f1os este lunes.<\/figcaption><\/figure>\n<figure id=\"attachment_129495\" aria-describedby=\"caption-attachment-129495\" style=\"width: 700px\" class=\"wp-caption alignnone\"><img loading=\"lazy\" decoding=\"async\" class=\"size-full wp-image-129495\" src=\"https:\/\/eltrabajo.cl\/web\/wp-content\/uploads\/2024\/05\/casa-azul-2.jpg\" alt=\"Din\u00e1mica para ni\u00f1os con condici\u00f3n del espectro autista.\" width=\"700\" height=\"525\" srcset=\"https:\/\/eltrabajo.cl\/web\/wp-content\/uploads\/2024\/05\/casa-azul-2.jpg 700w, https:\/\/eltrabajo.cl\/web\/wp-content\/uploads\/2024\/05\/casa-azul-2-300x225.jpg 300w, https:\/\/eltrabajo.cl\/web\/wp-content\/uploads\/2024\/05\/casa-azul-2-560x420.jpg 560w, https:\/\/eltrabajo.cl\/web\/wp-content\/uploads\/2024\/05\/casa-azul-2-80x60.jpg 80w, https:\/\/eltrabajo.cl\/web\/wp-content\/uploads\/2024\/05\/casa-azul-2-150x113.jpg 150w, https:\/\/eltrabajo.cl\/web\/wp-content\/uploads\/2024\/05\/casa-azul-2-696x522.jpg 696w, https:\/\/eltrabajo.cl\/web\/wp-content\/uploads\/2024\/05\/casa-azul-2-265x198.jpg 265w\" sizes=\"auto, (max-width: 700px) 100vw, 700px\" \/><figcaption id=\"caption-attachment-129495\" class=\"wp-caption-text\">Din\u00e1mica para ni\u00f1os con condici\u00f3n del espectro autista.<\/figcaption><\/figure>\n","protected":false},"excerpt":{"rendered":"<p>El centro para personas neurodivergentes sigue expandiendo su equipo de trabajo y avanzando con terapias, diagn\u00f3sticos y m\u00e1s.- Con poco m\u00e1s de un a\u00f1o desde la promulgaci\u00f3n de la Ley TEA y con ello, una expansi\u00f3n de conocimientos acerca de una condici\u00f3n poco conocida, en San Felipe la Fundaci\u00f3n So\u00f1arte o tambi\u00e9n llamada \u2018Casa Azul\u2019 [&hellip;]<\/p>\n","protected":false},"author":1,"featured_media":129494,"comment_status":"open","ping_status":"open","sticky":false,"template":"","format":"standard","meta":{"footnotes":""},"categories":[4],"tags":[],"class_list":{"0":"post-129493","1":"post","2":"type-post","3":"status-publish","4":"format-standard","5":"has-post-thumbnail","7":"category-comunidad"},"yoast_head":"<!-- This site is optimized with the Yoast SEO plugin v27.5 - https:\/\/yoast.com\/product\/yoast-seo-wordpress\/ -->\n<title>\u2018Casa Azul\u2019 para comunidad TEA en San Felipe cumplir\u00e1 ocho a\u00f1os este lunes - Diario El Trabajo<\/title>\n<meta name=\"robots\" content=\"index, follow, max-snippet:-1, max-image-preview:large, max-video-preview:-1\" \/>\n<link rel=\"canonical\" href=\"https:\/\/eltrabajo.cl\/web\/casa-azul-para-comunidad-tea-en-san-felipe-cumplira-ocho-anos-este-lunes\/\" \/>\n<meta property=\"og:locale\" content=\"es_ES\" \/>\n<meta property=\"og:type\" content=\"article\" \/>\n<meta property=\"og:title\" content=\"\u2018Casa Azul\u2019 para comunidad TEA en San Felipe cumplir\u00e1 ocho a\u00f1os este lunes - Diario El Trabajo\" \/>\n<meta property=\"og:description\" content=\"El centro para personas neurodivergentes sigue expandiendo su equipo de trabajo y avanzando con terapias, diagn\u00f3sticos y m\u00e1s.- Con poco m\u00e1s de un a\u00f1o desde la promulgaci\u00f3n de la Ley TEA y con ello, una expansi\u00f3n de conocimientos acerca de una condici\u00f3n poco conocida, en San Felipe la Fundaci\u00f3n So\u00f1arte o tambi\u00e9n llamada \u2018Casa Azul\u2019 [&hellip;]\" \/>\n<meta property=\"og:url\" content=\"https:\/\/eltrabajo.cl\/web\/casa-azul-para-comunidad-tea-en-san-felipe-cumplira-ocho-anos-este-lunes\/\" \/>\n<meta property=\"og:site_name\" content=\"Diario El Trabajo\" \/>\n<meta property=\"article:publisher\" content=\"https:\/\/www.facebook.com\/ElTrabajoDiario\" \/>\n<meta property=\"article:published_time\" content=\"2024-05-03T01:50:42+00:00\" \/>\n<meta property=\"og:image\" content=\"https:\/\/eltrabajo.cl\/web\/wp-content\/uploads\/2024\/05\/casa-azul-1.jpg\" \/>\n\t<meta property=\"og:image:width\" content=\"699\" \/>\n\t<meta property=\"og:image:height\" content=\"525\" \/>\n\t<meta property=\"og:image:type\" content=\"image\/jpeg\" \/>\n<meta name=\"author\" content=\"Diario El Trabajo\" \/>\n<meta name=\"twitter:card\" content=\"summary_large_image\" \/>\n<meta name=\"twitter:creator\" content=\"@diarioeltrabajo\" \/>\n<meta name=\"twitter:site\" content=\"@diarioeltrabajo\" \/>\n<meta name=\"twitter:label1\" content=\"Escrito por\" \/>\n\t<meta name=\"twitter:data1\" content=\"Diario El Trabajo\" \/>\n\t<meta name=\"twitter:label2\" content=\"Tiempo estimado de lectura\" \/>\n\t<meta name=\"twitter:data2\" content=\"4 minutos\" \/>\n<script type=\"application\/ld+json\" class=\"yoast-schema-graph\">{\"@context\":\"https:\\\/\\\/schema.org\",\"@graph\":[{\"@type\":\"Article\",\"@id\":\"https:\\\/\\\/eltrabajo.cl\\\/web\\\/casa-azul-para-comunidad-tea-en-san-felipe-cumplira-ocho-anos-este-lunes\\\/#article\",\"isPartOf\":{\"@id\":\"https:\\\/\\\/eltrabajo.cl\\\/web\\\/casa-azul-para-comunidad-tea-en-san-felipe-cumplira-ocho-anos-este-lunes\\\/\"},\"author\":{\"name\":\"Diario El Trabajo\",\"@id\":\"https:\\\/\\\/eltrabajo.cl\\\/web\\\/#\\\/schema\\\/person\\\/45efd3d17f86ec456e44dd7debe1bf19\"},\"headline\":\"\u2018Casa Azul\u2019 para comunidad TEA en San Felipe cumplir\u00e1 ocho a\u00f1os este lunes\",\"datePublished\":\"2024-05-03T01:50:42+00:00\",\"mainEntityOfPage\":{\"@id\":\"https:\\\/\\\/eltrabajo.cl\\\/web\\\/casa-azul-para-comunidad-tea-en-san-felipe-cumplira-ocho-anos-este-lunes\\\/\"},\"wordCount\":899,\"commentCount\":0,\"publisher\":{\"@id\":\"https:\\\/\\\/eltrabajo.cl\\\/web\\\/#organization\"},\"image\":{\"@id\":\"https:\\\/\\\/eltrabajo.cl\\\/web\\\/casa-azul-para-comunidad-tea-en-san-felipe-cumplira-ocho-anos-este-lunes\\\/#primaryimage\"},\"thumbnailUrl\":\"https:\\\/\\\/eltrabajo.cl\\\/web\\\/wp-content\\\/uploads\\\/2024\\\/05\\\/casa-azul-1.jpg\",\"articleSection\":[\"Comunidad\"],\"inLanguage\":\"es-CL\",\"potentialAction\":[{\"@type\":\"CommentAction\",\"name\":\"Comment\",\"target\":[\"https:\\\/\\\/eltrabajo.cl\\\/web\\\/casa-azul-para-comunidad-tea-en-san-felipe-cumplira-ocho-anos-este-lunes\\\/#respond\"]}]},{\"@type\":\"WebPage\",\"@id\":\"https:\\\/\\\/eltrabajo.cl\\\/web\\\/casa-azul-para-comunidad-tea-en-san-felipe-cumplira-ocho-anos-este-lunes\\\/\",\"url\":\"https:\\\/\\\/eltrabajo.cl\\\/web\\\/casa-azul-para-comunidad-tea-en-san-felipe-cumplira-ocho-anos-este-lunes\\\/\",\"name\":\"\u2018Casa Azul\u2019 para comunidad TEA en San Felipe cumplir\u00e1 ocho a\u00f1os este lunes - Diario El Trabajo\",\"isPartOf\":{\"@id\":\"https:\\\/\\\/eltrabajo.cl\\\/web\\\/#website\"},\"primaryImageOfPage\":{\"@id\":\"https:\\\/\\\/eltrabajo.cl\\\/web\\\/casa-azul-para-comunidad-tea-en-san-felipe-cumplira-ocho-anos-este-lunes\\\/#primaryimage\"},\"image\":{\"@id\":\"https:\\\/\\\/eltrabajo.cl\\\/web\\\/casa-azul-para-comunidad-tea-en-san-felipe-cumplira-ocho-anos-este-lunes\\\/#primaryimage\"},\"thumbnailUrl\":\"https:\\\/\\\/eltrabajo.cl\\\/web\\\/wp-content\\\/uploads\\\/2024\\\/05\\\/casa-azul-1.jpg\",\"datePublished\":\"2024-05-03T01:50:42+00:00\",\"breadcrumb\":{\"@id\":\"https:\\\/\\\/eltrabajo.cl\\\/web\\\/casa-azul-para-comunidad-tea-en-san-felipe-cumplira-ocho-anos-este-lunes\\\/#breadcrumb\"},\"inLanguage\":\"es-CL\",\"potentialAction\":[{\"@type\":\"ReadAction\",\"target\":[\"https:\\\/\\\/eltrabajo.cl\\\/web\\\/casa-azul-para-comunidad-tea-en-san-felipe-cumplira-ocho-anos-este-lunes\\\/\"]}]},{\"@type\":\"ImageObject\",\"inLanguage\":\"es-CL\",\"@id\":\"https:\\\/\\\/eltrabajo.cl\\\/web\\\/casa-azul-para-comunidad-tea-en-san-felipe-cumplira-ocho-anos-este-lunes\\\/#primaryimage\",\"url\":\"https:\\\/\\\/eltrabajo.cl\\\/web\\\/wp-content\\\/uploads\\\/2024\\\/05\\\/casa-azul-1.jpg\",\"contentUrl\":\"https:\\\/\\\/eltrabajo.cl\\\/web\\\/wp-content\\\/uploads\\\/2024\\\/05\\\/casa-azul-1.jpg\",\"width\":699,\"height\":525,\"caption\":\"Fundaci\u00f3n So\u00f1arte o Casa Azul, cumplir\u00e1 ocho a\u00f1os este lunes.\"},{\"@type\":\"BreadcrumbList\",\"@id\":\"https:\\\/\\\/eltrabajo.cl\\\/web\\\/casa-azul-para-comunidad-tea-en-san-felipe-cumplira-ocho-anos-este-lunes\\\/#breadcrumb\",\"itemListElement\":[{\"@type\":\"ListItem\",\"position\":1,\"name\":\"Portada\",\"item\":\"https:\\\/\\\/eltrabajo.cl\\\/web\\\/\"},{\"@type\":\"ListItem\",\"position\":2,\"name\":\"\u2018Casa Azul\u2019 para comunidad TEA en San Felipe cumplir\u00e1 ocho a\u00f1os este lunes\"}]},{\"@type\":\"WebSite\",\"@id\":\"https:\\\/\\\/eltrabajo.cl\\\/web\\\/#website\",\"url\":\"https:\\\/\\\/eltrabajo.cl\\\/web\\\/\",\"name\":\"Diario El Trabajo\",\"description\":\"Desde 1929 construyendo Identidad Local\",\"publisher\":{\"@id\":\"https:\\\/\\\/eltrabajo.cl\\\/web\\\/#organization\"},\"potentialAction\":[{\"@type\":\"SearchAction\",\"target\":{\"@type\":\"EntryPoint\",\"urlTemplate\":\"https:\\\/\\\/eltrabajo.cl\\\/web\\\/?s={search_term_string}\"},\"query-input\":{\"@type\":\"PropertyValueSpecification\",\"valueRequired\":true,\"valueName\":\"search_term_string\"}}],\"inLanguage\":\"es-CL\"},{\"@type\":\"Organization\",\"@id\":\"https:\\\/\\\/eltrabajo.cl\\\/web\\\/#organization\",\"name\":\"Diario El Trabajo\",\"url\":\"https:\\\/\\\/eltrabajo.cl\\\/web\\\/\",\"logo\":{\"@type\":\"ImageObject\",\"inLanguage\":\"es-CL\",\"@id\":\"https:\\\/\\\/eltrabajo.cl\\\/web\\\/#\\\/schema\\\/logo\\\/image\\\/\",\"url\":\"https:\\\/\\\/eltrabajo.cl\\\/web\\\/wp-content\\\/uploads\\\/2024\\\/06\\\/profile-image-ig-page-diarioeltrabajo.jpg\",\"contentUrl\":\"https:\\\/\\\/eltrabajo.cl\\\/web\\\/wp-content\\\/uploads\\\/2024\\\/06\\\/profile-image-ig-page-diarioeltrabajo.jpg\",\"width\":823,\"height\":823,\"caption\":\"Diario El Trabajo\"},\"image\":{\"@id\":\"https:\\\/\\\/eltrabajo.cl\\\/web\\\/#\\\/schema\\\/logo\\\/image\\\/\"},\"sameAs\":[\"https:\\\/\\\/www.facebook.com\\\/ElTrabajoDiario\",\"https:\\\/\\\/x.com\\\/diarioeltrabajo\"]},{\"@type\":\"Person\",\"@id\":\"https:\\\/\\\/eltrabajo.cl\\\/web\\\/#\\\/schema\\\/person\\\/45efd3d17f86ec456e44dd7debe1bf19\",\"name\":\"Diario El Trabajo\",\"image\":{\"@type\":\"ImageObject\",\"inLanguage\":\"es-CL\",\"@id\":\"https:\\\/\\\/secure.gravatar.com\\\/avatar\\\/7e6ec277dc4aea2677c2dc301d4227957219329c985ab69a3efc12518b5161aa?s=96&d=mm&r=g\",\"url\":\"https:\\\/\\\/secure.gravatar.com\\\/avatar\\\/7e6ec277dc4aea2677c2dc301d4227957219329c985ab69a3efc12518b5161aa?s=96&d=mm&r=g\",\"contentUrl\":\"https:\\\/\\\/secure.gravatar.com\\\/avatar\\\/7e6ec277dc4aea2677c2dc301d4227957219329c985ab69a3efc12518b5161aa?s=96&d=mm&r=g\",\"caption\":\"Diario El Trabajo\"},\"sameAs\":[\"https:\\\/\\\/eltrabajo.cl\\\/web\"],\"url\":\"https:\\\/\\\/eltrabajo.cl\\\/web\\\/author\\\/diario-el-trabajo\\\/\"}]}<\/script>\n<!-- \/ Yoast SEO plugin. -->","yoast_head_json":{"title":"\u2018Casa Azul\u2019 para comunidad TEA en San Felipe cumplir\u00e1 ocho a\u00f1os este lunes - Diario El Trabajo","robots":{"index":"index","follow":"follow","max-snippet":"max-snippet:-1","max-image-preview":"max-image-preview:large","max-video-preview":"max-video-preview:-1"},"canonical":"https:\/\/eltrabajo.cl\/web\/casa-azul-para-comunidad-tea-en-san-felipe-cumplira-ocho-anos-este-lunes\/","og_locale":"es_ES","og_type":"article","og_title":"\u2018Casa Azul\u2019 para comunidad TEA en San Felipe cumplir\u00e1 ocho a\u00f1os este lunes - Diario El Trabajo","og_description":"El centro para personas neurodivergentes sigue expandiendo su equipo de trabajo y avanzando con terapias, diagn\u00f3sticos y m\u00e1s.- Con poco m\u00e1s de un a\u00f1o desde la promulgaci\u00f3n de la Ley TEA y con ello, una expansi\u00f3n de conocimientos acerca de una condici\u00f3n poco conocida, en San Felipe la Fundaci\u00f3n So\u00f1arte o tambi\u00e9n llamada \u2018Casa Azul\u2019 [&hellip;]","og_url":"https:\/\/eltrabajo.cl\/web\/casa-azul-para-comunidad-tea-en-san-felipe-cumplira-ocho-anos-este-lunes\/","og_site_name":"Diario El Trabajo","article_publisher":"https:\/\/www.facebook.com\/ElTrabajoDiario","article_published_time":"2024-05-03T01:50:42+00:00","og_image":[{"width":699,"height":525,"url":"https:\/\/eltrabajo.cl\/web\/wp-content\/uploads\/2024\/05\/casa-azul-1.jpg","type":"image\/jpeg"}],"author":"Diario El Trabajo","twitter_card":"summary_large_image","twitter_creator":"@diarioeltrabajo","twitter_site":"@diarioeltrabajo","twitter_misc":{"Escrito por":"Diario El Trabajo","Tiempo estimado de lectura":"4 minutos"},"schema":{"@context":"https:\/\/schema.org","@graph":[{"@type":"Article","@id":"https:\/\/eltrabajo.cl\/web\/casa-azul-para-comunidad-tea-en-san-felipe-cumplira-ocho-anos-este-lunes\/#article","isPartOf":{"@id":"https:\/\/eltrabajo.cl\/web\/casa-azul-para-comunidad-tea-en-san-felipe-cumplira-ocho-anos-este-lunes\/"},"author":{"name":"Diario El Trabajo","@id":"https:\/\/eltrabajo.cl\/web\/#\/schema\/person\/45efd3d17f86ec456e44dd7debe1bf19"},"headline":"\u2018Casa Azul\u2019 para comunidad TEA en San Felipe cumplir\u00e1 ocho a\u00f1os este lunes","datePublished":"2024-05-03T01:50:42+00:00","mainEntityOfPage":{"@id":"https:\/\/eltrabajo.cl\/web\/casa-azul-para-comunidad-tea-en-san-felipe-cumplira-ocho-anos-este-lunes\/"},"wordCount":899,"commentCount":0,"publisher":{"@id":"https:\/\/eltrabajo.cl\/web\/#organization"},"image":{"@id":"https:\/\/eltrabajo.cl\/web\/casa-azul-para-comunidad-tea-en-san-felipe-cumplira-ocho-anos-este-lunes\/#primaryimage"},"thumbnailUrl":"https:\/\/eltrabajo.cl\/web\/wp-content\/uploads\/2024\/05\/casa-azul-1.jpg","articleSection":["Comunidad"],"inLanguage":"es-CL","potentialAction":[{"@type":"CommentAction","name":"Comment","target":["https:\/\/eltrabajo.cl\/web\/casa-azul-para-comunidad-tea-en-san-felipe-cumplira-ocho-anos-este-lunes\/#respond"]}]},{"@type":"WebPage","@id":"https:\/\/eltrabajo.cl\/web\/casa-azul-para-comunidad-tea-en-san-felipe-cumplira-ocho-anos-este-lunes\/","url":"https:\/\/eltrabajo.cl\/web\/casa-azul-para-comunidad-tea-en-san-felipe-cumplira-ocho-anos-este-lunes\/","name":"\u2018Casa Azul\u2019 para comunidad TEA en San Felipe cumplir\u00e1 ocho a\u00f1os este lunes - Diario El Trabajo","isPartOf":{"@id":"https:\/\/eltrabajo.cl\/web\/#website"},"primaryImageOfPage":{"@id":"https:\/\/eltrabajo.cl\/web\/casa-azul-para-comunidad-tea-en-san-felipe-cumplira-ocho-anos-este-lunes\/#primaryimage"},"image":{"@id":"https:\/\/eltrabajo.cl\/web\/casa-azul-para-comunidad-tea-en-san-felipe-cumplira-ocho-anos-este-lunes\/#primaryimage"},"thumbnailUrl":"https:\/\/eltrabajo.cl\/web\/wp-content\/uploads\/2024\/05\/casa-azul-1.jpg","datePublished":"2024-05-03T01:50:42+00:00","breadcrumb":{"@id":"https:\/\/eltrabajo.cl\/web\/casa-azul-para-comunidad-tea-en-san-felipe-cumplira-ocho-anos-este-lunes\/#breadcrumb"},"inLanguage":"es-CL","potentialAction":[{"@type":"ReadAction","target":["https:\/\/eltrabajo.cl\/web\/casa-azul-para-comunidad-tea-en-san-felipe-cumplira-ocho-anos-este-lunes\/"]}]},{"@type":"ImageObject","inLanguage":"es-CL","@id":"https:\/\/eltrabajo.cl\/web\/casa-azul-para-comunidad-tea-en-san-felipe-cumplira-ocho-anos-este-lunes\/#primaryimage","url":"https:\/\/eltrabajo.cl\/web\/wp-content\/uploads\/2024\/05\/casa-azul-1.jpg","contentUrl":"https:\/\/eltrabajo.cl\/web\/wp-content\/uploads\/2024\/05\/casa-azul-1.jpg","width":699,"height":525,"caption":"Fundaci\u00f3n So\u00f1arte o Casa Azul, cumplir\u00e1 ocho a\u00f1os este lunes."},{"@type":"BreadcrumbList","@id":"https:\/\/eltrabajo.cl\/web\/casa-azul-para-comunidad-tea-en-san-felipe-cumplira-ocho-anos-este-lunes\/#breadcrumb","itemListElement":[{"@type":"ListItem","position":1,"name":"Portada","item":"https:\/\/eltrabajo.cl\/web\/"},{"@type":"ListItem","position":2,"name":"\u2018Casa Azul\u2019 para comunidad TEA en San Felipe cumplir\u00e1 ocho a\u00f1os este lunes"}]},{"@type":"WebSite","@id":"https:\/\/eltrabajo.cl\/web\/#website","url":"https:\/\/eltrabajo.cl\/web\/","name":"Diario El Trabajo","description":"Desde 1929 construyendo Identidad Local","publisher":{"@id":"https:\/\/eltrabajo.cl\/web\/#organization"},"potentialAction":[{"@type":"SearchAction","target":{"@type":"EntryPoint","urlTemplate":"https:\/\/eltrabajo.cl\/web\/?s={search_term_string}"},"query-input":{"@type":"PropertyValueSpecification","valueRequired":true,"valueName":"search_term_string"}}],"inLanguage":"es-CL"},{"@type":"Organization","@id":"https:\/\/eltrabajo.cl\/web\/#organization","name":"Diario El Trabajo","url":"https:\/\/eltrabajo.cl\/web\/","logo":{"@type":"ImageObject","inLanguage":"es-CL","@id":"https:\/\/eltrabajo.cl\/web\/#\/schema\/logo\/image\/","url":"https:\/\/eltrabajo.cl\/web\/wp-content\/uploads\/2024\/06\/profile-image-ig-page-diarioeltrabajo.jpg","contentUrl":"https:\/\/eltrabajo.cl\/web\/wp-content\/uploads\/2024\/06\/profile-image-ig-page-diarioeltrabajo.jpg","width":823,"height":823,"caption":"Diario El Trabajo"},"image":{"@id":"https:\/\/eltrabajo.cl\/web\/#\/schema\/logo\/image\/"},"sameAs":["https:\/\/www.facebook.com\/ElTrabajoDiario","https:\/\/x.com\/diarioeltrabajo"]},{"@type":"Person","@id":"https:\/\/eltrabajo.cl\/web\/#\/schema\/person\/45efd3d17f86ec456e44dd7debe1bf19","name":"Diario El Trabajo","image":{"@type":"ImageObject","inLanguage":"es-CL","@id":"https:\/\/secure.gravatar.com\/avatar\/7e6ec277dc4aea2677c2dc301d4227957219329c985ab69a3efc12518b5161aa?s=96&d=mm&r=g","url":"https:\/\/secure.gravatar.com\/avatar\/7e6ec277dc4aea2677c2dc301d4227957219329c985ab69a3efc12518b5161aa?s=96&d=mm&r=g","contentUrl":"https:\/\/secure.gravatar.com\/avatar\/7e6ec277dc4aea2677c2dc301d4227957219329c985ab69a3efc12518b5161aa?s=96&d=mm&r=g","caption":"Diario El Trabajo"},"sameAs":["https:\/\/eltrabajo.cl\/web"],"url":"https:\/\/eltrabajo.cl\/web\/author\/diario-el-trabajo\/"}]}},"_links":{"self":[{"href":"https:\/\/eltrabajo.cl\/web\/wp-json\/wp\/v2\/posts\/129493","targetHints":{"allow":["GET"]}}],"collection":[{"href":"https:\/\/eltrabajo.cl\/web\/wp-json\/wp\/v2\/posts"}],"about":[{"href":"https:\/\/eltrabajo.cl\/web\/wp-json\/wp\/v2\/types\/post"}],"author":[{"embeddable":true,"href":"https:\/\/eltrabajo.cl\/web\/wp-json\/wp\/v2\/users\/1"}],"replies":[{"embeddable":true,"href":"https:\/\/eltrabajo.cl\/web\/wp-json\/wp\/v2\/comments?post=129493"}],"version-history":[{"count":0,"href":"https:\/\/eltrabajo.cl\/web\/wp-json\/wp\/v2\/posts\/129493\/revisions"}],"wp:featuredmedia":[{"embeddable":true,"href":"https:\/\/eltrabajo.cl\/web\/wp-json\/wp\/v2\/media\/129494"}],"wp:attachment":[{"href":"https:\/\/eltrabajo.cl\/web\/wp-json\/wp\/v2\/media?parent=129493"}],"wp:term":[{"taxonomy":"category","embeddable":true,"href":"https:\/\/eltrabajo.cl\/web\/wp-json\/wp\/v2\/categories?post=129493"},{"taxonomy":"post_tag","embeddable":true,"href":"https:\/\/eltrabajo.cl\/web\/wp-json\/wp\/v2\/tags?post=129493"}],"curies":[{"name":"wp","href":"https:\/\/api.w.org\/{rel}","templated":true}]}}