{"id":129538,"date":"2024-05-05T22:57:29","date_gmt":"2024-05-06T01:57:29","guid":{"rendered":"https:\/\/eltrabajo.cl\/web\/?p=129538"},"modified":"2024-05-05T21:46:18","modified_gmt":"2024-05-06T00:46:18","slug":"este-viernes-se-realizo-hito-de-inicio-de-obras-para-el-nuevo-skatepark","status":"publish","type":"post","link":"https:\/\/eltrabajo.cl\/web\/este-viernes-se-realizo-hito-de-inicio-de-obras-para-el-nuevo-skatepark\/","title":{"rendered":"Este viernes se realiz\u00f3 hito de inicio de obras para el nuevo Skatepark"},"content":{"rendered":"<ul>\n<li><strong>Proyecto tiene una inversi\u00f3n superior a los $140 millones y aunque su fecha de entrega es el 1 de enero de 2025, se estableci\u00f3 que podr\u00eda estar listo mucho antes.-<\/strong><\/li>\n<\/ul>\n<p>Una gran noticia para los amantes del skate en nuestra comuna, puesto que este viernes se realiz\u00f3 el hito de inicio de obras para lo que ser\u00e1 el proyecto del nuevo Skatepark para San Felipe, en donde se demoler\u00e1 por completo el espacio frente al Terminal de Buses Rodoviario, y se construir\u00e1 uno nuevo y moderno, que tendr\u00e1 dimensiones m\u00e1s bajas, precisamente pensando en los ni\u00f1os y aprendices que se vayan sumando a este deporte.<\/p>\n<p>La inversi\u00f3n de esta iniciativa para los skaters aconcag\u00fcinos, es financiada en su mayor\u00eda por el Serviu (Servicio de Vivienda y Urbanizaci\u00f3n), con un monto superior a los $126 millones y con un aporte del municipio sanfelipe\u00f1o, lo cual suman fondos sobre los $140 millones. La fecha oficial para el nuevo parque de skate de la comuna es el 1 de enero de 2025, pero desde Serviu anunciaron que podr\u00eda ser mucho antes.<\/p>\n<p><strong>Ralph Basualdo<\/strong>, presidente de la agrupaci\u00f3n <strong>\u2018Sanfe Skate\u2019<\/strong>, se refiri\u00f3 al inicio de este proyecto y lo que esperan que se concrete. <em>\u00abBueno hemos trabajado en conjunto con la municipalidad bastante rato, siempre con la idea de que los skatepark en Chile y en general, se hagan por empresas que se dediquen al rubro, como se dice vulgarmente podr\u00edamos decir pastelero a tus pasteles. Entonces hay muchas cosas t\u00e9cnicas que tiene el skate en las que, anteriormente no se consideraron, entonces, en eso nos basamos y obviamente en cuanto al espacio, acotando todo para que fuera construido por una constructora que se dedica al tema.<\/em><\/p>\n<p>\u00ab<em>Esperamos que tenga una duraci\u00f3n bastante positiva en cuanto a la cantidad de a\u00f1os que pueda ser utilizado, y bueno, este es un semillero, que quiere decir que las dimensiones van a ser un poco m\u00e1s bajas de lo que hay, pero tambi\u00e9n acot\u00e1ndose a que quienes van a ser los usuarios, en su mayor\u00eda son ni\u00f1os, j\u00f3venes que est\u00e1n reci\u00e9n aprendiendo, entonces, eso es a donde se apunta con el proyecto\u00bb<\/em>, coment\u00f3.<\/p>\n<p>En esta l\u00ednea, Basualdo explic\u00f3 que un nuevo parque en el lugar que ya se encontraba es beneficio para ellos. <em>\u00abSin duda, es un sector bastante visible, puerta de entrada a San Felipe, porque tenemos de espalda al terminal, entonces sirvi\u00f3 de mucho porque como les dije, fue uno de los primeros skatepark que se construyeron en el Valle de Aconcagua, por ende, ten\u00edamos bastantes visitas de chicos, ya sea de La Calera, de La Ligua, donde no hab\u00eda en su momento skatepark; Santa Mar\u00eda y alrededores, entonces fue bastante positivo que siga siendo este lugar el hito para el valle\u00bb<\/em>, a\u00f1adi\u00f3.<\/p>\n<p>Por su parte, la alcaldesa de San Felipe, <strong>Carmen Castillo<\/strong>, valor\u00f3 la materializaci\u00f3n de este sue\u00f1o para la comunidad skater. <em>\u00abBueno, por mucho tiempo hab\u00eda un anhelo enorme de remozar esta \u00e1rea, de hacerla m\u00e1s actualizada, por el hecho de que hab\u00eda muchos j\u00f3venes que estaban participando del skate, que es una disciplina que muchas veces tiene pocos espacios y este que estaba aqu\u00ed en esta avenida Yungay ya ten\u00eda cierto deterioro. Entonces, se hizo un proceso participativo y gracias a Serviu que est\u00e1 aqu\u00ed presente, con el delegado biprovincial de San Felipe y Los Andes, nos permiti\u00f3 hacer este proceso muy bien hecho, para que pudiera, ojal\u00e1 captar m\u00e1s j\u00f3venes que se agreguen a este deporte y que realmente sea un punto de encuentro donde lo disfruten con sus familiares, con todo lo que significa una mejora sustancial en la calidad de este deporte.<\/em><\/p>\n<p>\u00ab<em>B\u00e1sicamente, va a darle oportunidades a ni\u00f1os y ni\u00f1as que quieren ingresar a este deporte, tiene condiciones de elementos m\u00e1s b\u00e1sicos, que les permite hacer sus distintas piruetas, sus movimientos en forma segura, y eso es algo muy importante\u00bb<\/em>, precis\u00f3 la edil.<\/p>\n<p><strong>Eduardo Past\u00e9n<\/strong>, director biprovincial del Serviu San Felipe y Los Andes, estableci\u00f3 los cambios que tendr\u00e1 el espacio, la inversi\u00f3n total, adem\u00e1s de indicar que el t\u00e9rmino del proyecto podr\u00eda ser antes de la fecha oficial. <em>\u00abA ver, lo primero es que hoy d\u00eda es la entrega de terreno; o sea, podr\u00edamos decir que ya estamos partiendo. Es un proyecto que considera desde partida la demolici\u00f3n total de lo que hay, para transformarlo, como bien lo explica la alcaldesa, en un espacio de integraci\u00f3n y de incentivo para el deporte, para la mayor\u00eda de la juventud. <\/em><\/p>\n<p>\u00ab<em>En t\u00e9rminos administrativos, por as\u00ed decirlo, nos dicen que es el 1 de enero del 2025. Hablando recientemente con la empresa aqu\u00ed en terreno, ellos hablan de un per\u00edodo mucho m\u00e1s corto para poder entregarlo a la brevedad y que est\u00e9n los j\u00f3venes nuevamente disfrutando de este lindo deporte. Yo creo que 2024 podr\u00eda estar y la inversi\u00f3n de este proyecto, la inversi\u00f3n que puso el Serviu es un poquito m\u00e1s de $126 millones y suma un poquito m\u00e1s de 140 con el aporte municipal, en este caso liderando la alcaldesa, con el concejo\u00bb<\/em>, finaliz\u00f3.<\/p>\n<figure id=\"attachment_129540\" aria-describedby=\"caption-attachment-129540\" style=\"width: 698px\" class=\"wp-caption alignnone\"><img loading=\"lazy\" decoding=\"async\" class=\"size-full wp-image-129540\" src=\"https:\/\/eltrabajo.cl\/web\/wp-content\/uploads\/2024\/05\/skatepark-4.jpg\" alt=\"El Skatepark ser\u00e1 demolido para la construcci\u00f3n de uno totalmente nuevo. \" width=\"698\" height=\"382\" srcset=\"https:\/\/eltrabajo.cl\/web\/wp-content\/uploads\/2024\/05\/skatepark-4.jpg 698w, https:\/\/eltrabajo.cl\/web\/wp-content\/uploads\/2024\/05\/skatepark-4-300x164.jpg 300w, https:\/\/eltrabajo.cl\/web\/wp-content\/uploads\/2024\/05\/skatepark-4-150x82.jpg 150w, https:\/\/eltrabajo.cl\/web\/wp-content\/uploads\/2024\/05\/skatepark-4-696x382.jpg 696w\" sizes=\"auto, (max-width: 698px) 100vw, 698px\" \/><figcaption id=\"caption-attachment-129540\" class=\"wp-caption-text\">El Skatepark ser\u00e1 demolido para la construcci\u00f3n de uno totalmente nuevo.<\/figcaption><\/figure>\n<figure id=\"attachment_129541\" aria-describedby=\"caption-attachment-129541\" style=\"width: 699px\" class=\"wp-caption alignnone\"><img loading=\"lazy\" decoding=\"async\" class=\"size-full wp-image-129541\" src=\"https:\/\/eltrabajo.cl\/web\/wp-content\/uploads\/2024\/05\/skatepark-6.jpg\" alt=\"Los trucos sobre la tabla no faltaron durante la jornada.\" width=\"699\" height=\"407\" srcset=\"https:\/\/eltrabajo.cl\/web\/wp-content\/uploads\/2024\/05\/skatepark-6.jpg 699w, https:\/\/eltrabajo.cl\/web\/wp-content\/uploads\/2024\/05\/skatepark-6-300x175.jpg 300w, https:\/\/eltrabajo.cl\/web\/wp-content\/uploads\/2024\/05\/skatepark-6-150x87.jpg 150w, https:\/\/eltrabajo.cl\/web\/wp-content\/uploads\/2024\/05\/skatepark-6-696x405.jpg 696w\" sizes=\"auto, (max-width: 699px) 100vw, 699px\" \/><figcaption id=\"caption-attachment-129541\" class=\"wp-caption-text\">Los trucos sobre la tabla no faltaron durante la jornada.<\/figcaption><\/figure>\n<figure id=\"attachment_129539\" aria-describedby=\"caption-attachment-129539\" style=\"width: 699px\" class=\"wp-caption alignnone\"><img loading=\"lazy\" decoding=\"async\" class=\"size-full wp-image-129539\" src=\"https:\/\/eltrabajo.cl\/web\/wp-content\/uploads\/2024\/05\/skatepark-2.jpg\" alt=\"Ralph Basualdo, presidente de Sanfe Skate; Carmen Castillo, alcaldesa de San Felipe, y Eduardo Past\u00e9n, director biprovincial de Serviu.\" width=\"699\" height=\"427\" srcset=\"https:\/\/eltrabajo.cl\/web\/wp-content\/uploads\/2024\/05\/skatepark-2.jpg 699w, https:\/\/eltrabajo.cl\/web\/wp-content\/uploads\/2024\/05\/skatepark-2-300x183.jpg 300w, https:\/\/eltrabajo.cl\/web\/wp-content\/uploads\/2024\/05\/skatepark-2-688x420.jpg 688w, https:\/\/eltrabajo.cl\/web\/wp-content\/uploads\/2024\/05\/skatepark-2-150x92.jpg 150w, https:\/\/eltrabajo.cl\/web\/wp-content\/uploads\/2024\/05\/skatepark-2-696x425.jpg 696w\" sizes=\"auto, (max-width: 699px) 100vw, 699px\" \/><figcaption id=\"caption-attachment-129539\" class=\"wp-caption-text\">Ralph Basualdo, presidente de Sanfe Skate; Carmen Castillo, alcaldesa de San Felipe, y Eduardo Past\u00e9n, director biprovincial de Serviu.<\/figcaption><\/figure>\n","protected":false},"excerpt":{"rendered":"<p>Proyecto tiene una inversi\u00f3n superior a los $140 millones y aunque su fecha de entrega es el 1 de enero de 2025, se estableci\u00f3 que podr\u00eda estar listo mucho antes.- Una gran noticia para los amantes del skate en nuestra comuna, puesto que este viernes se realiz\u00f3 el hito de inicio de obras para lo [&hellip;]<\/p>\n","protected":false},"author":1,"featured_media":129540,"comment_status":"open","ping_status":"open","sticky":false,"template":"","format":"standard","meta":{"footnotes":""},"categories":[3],"tags":[],"class_list":{"0":"post-129538","1":"post","2":"type-post","3":"status-publish","4":"format-standard","5":"has-post-thumbnail","7":"category-cronica-2"},"yoast_head":"<!-- This site is optimized with the Yoast SEO plugin v27.5 - https:\/\/yoast.com\/product\/yoast-seo-wordpress\/ -->\n<title>Este viernes se realiz\u00f3 hito de inicio de obras para el nuevo Skatepark - Diario El Trabajo<\/title>\n<meta name=\"robots\" content=\"index, follow, max-snippet:-1, max-image-preview:large, max-video-preview:-1\" \/>\n<link rel=\"canonical\" href=\"https:\/\/eltrabajo.cl\/web\/este-viernes-se-realizo-hito-de-inicio-de-obras-para-el-nuevo-skatepark\/\" \/>\n<meta property=\"og:locale\" content=\"es_ES\" \/>\n<meta property=\"og:type\" content=\"article\" \/>\n<meta property=\"og:title\" content=\"Este viernes se realiz\u00f3 hito de inicio de obras para el nuevo Skatepark - Diario El Trabajo\" \/>\n<meta property=\"og:description\" content=\"Proyecto tiene una inversi\u00f3n superior a los $140 millones y aunque su fecha de entrega es el 1 de enero de 2025, se estableci\u00f3 que podr\u00eda estar listo mucho antes.- Una gran noticia para los amantes del skate en nuestra comuna, puesto que este viernes se realiz\u00f3 el hito de inicio de obras para lo [&hellip;]\" \/>\n<meta property=\"og:url\" content=\"https:\/\/eltrabajo.cl\/web\/este-viernes-se-realizo-hito-de-inicio-de-obras-para-el-nuevo-skatepark\/\" \/>\n<meta property=\"og:site_name\" content=\"Diario El Trabajo\" \/>\n<meta property=\"article:publisher\" content=\"https:\/\/www.facebook.com\/ElTrabajoDiario\" \/>\n<meta property=\"article:published_time\" content=\"2024-05-06T01:57:29+00:00\" \/>\n<meta property=\"og:image\" content=\"https:\/\/eltrabajo.cl\/web\/wp-content\/uploads\/2024\/05\/skatepark-4.jpg\" \/>\n\t<meta property=\"og:image:width\" content=\"698\" \/>\n\t<meta property=\"og:image:height\" content=\"382\" \/>\n\t<meta property=\"og:image:type\" content=\"image\/jpeg\" \/>\n<meta name=\"author\" content=\"Diario El Trabajo\" \/>\n<meta name=\"twitter:card\" content=\"summary_large_image\" \/>\n<meta name=\"twitter:creator\" content=\"@diarioeltrabajo\" \/>\n<meta name=\"twitter:site\" content=\"@diarioeltrabajo\" \/>\n<meta name=\"twitter:label1\" content=\"Escrito por\" \/>\n\t<meta name=\"twitter:data1\" content=\"Diario El Trabajo\" \/>\n\t<meta name=\"twitter:label2\" content=\"Tiempo estimado de lectura\" \/>\n\t<meta name=\"twitter:data2\" content=\"5 minutos\" \/>\n<script type=\"application\/ld+json\" class=\"yoast-schema-graph\">{\"@context\":\"https:\\\/\\\/schema.org\",\"@graph\":[{\"@type\":\"Article\",\"@id\":\"https:\\\/\\\/eltrabajo.cl\\\/web\\\/este-viernes-se-realizo-hito-de-inicio-de-obras-para-el-nuevo-skatepark\\\/#article\",\"isPartOf\":{\"@id\":\"https:\\\/\\\/eltrabajo.cl\\\/web\\\/este-viernes-se-realizo-hito-de-inicio-de-obras-para-el-nuevo-skatepark\\\/\"},\"author\":{\"name\":\"Diario El Trabajo\",\"@id\":\"https:\\\/\\\/eltrabajo.cl\\\/web\\\/#\\\/schema\\\/person\\\/45efd3d17f86ec456e44dd7debe1bf19\"},\"headline\":\"Este viernes se realiz\u00f3 hito de inicio de obras para el nuevo Skatepark\",\"datePublished\":\"2024-05-06T01:57:29+00:00\",\"mainEntityOfPage\":{\"@id\":\"https:\\\/\\\/eltrabajo.cl\\\/web\\\/este-viernes-se-realizo-hito-de-inicio-de-obras-para-el-nuevo-skatepark\\\/\"},\"wordCount\":963,\"commentCount\":2,\"publisher\":{\"@id\":\"https:\\\/\\\/eltrabajo.cl\\\/web\\\/#organization\"},\"image\":{\"@id\":\"https:\\\/\\\/eltrabajo.cl\\\/web\\\/este-viernes-se-realizo-hito-de-inicio-de-obras-para-el-nuevo-skatepark\\\/#primaryimage\"},\"thumbnailUrl\":\"https:\\\/\\\/eltrabajo.cl\\\/web\\\/wp-content\\\/uploads\\\/2024\\\/05\\\/skatepark-4.jpg\",\"articleSection\":[\"Cr\u00f3nica\"],\"inLanguage\":\"es-CL\",\"potentialAction\":[{\"@type\":\"CommentAction\",\"name\":\"Comment\",\"target\":[\"https:\\\/\\\/eltrabajo.cl\\\/web\\\/este-viernes-se-realizo-hito-de-inicio-de-obras-para-el-nuevo-skatepark\\\/#respond\"]}]},{\"@type\":\"WebPage\",\"@id\":\"https:\\\/\\\/eltrabajo.cl\\\/web\\\/este-viernes-se-realizo-hito-de-inicio-de-obras-para-el-nuevo-skatepark\\\/\",\"url\":\"https:\\\/\\\/eltrabajo.cl\\\/web\\\/este-viernes-se-realizo-hito-de-inicio-de-obras-para-el-nuevo-skatepark\\\/\",\"name\":\"Este viernes se realiz\u00f3 hito de inicio de obras para el nuevo Skatepark - Diario El Trabajo\",\"isPartOf\":{\"@id\":\"https:\\\/\\\/eltrabajo.cl\\\/web\\\/#website\"},\"primaryImageOfPage\":{\"@id\":\"https:\\\/\\\/eltrabajo.cl\\\/web\\\/este-viernes-se-realizo-hito-de-inicio-de-obras-para-el-nuevo-skatepark\\\/#primaryimage\"},\"image\":{\"@id\":\"https:\\\/\\\/eltrabajo.cl\\\/web\\\/este-viernes-se-realizo-hito-de-inicio-de-obras-para-el-nuevo-skatepark\\\/#primaryimage\"},\"thumbnailUrl\":\"https:\\\/\\\/eltrabajo.cl\\\/web\\\/wp-content\\\/uploads\\\/2024\\\/05\\\/skatepark-4.jpg\",\"datePublished\":\"2024-05-06T01:57:29+00:00\",\"breadcrumb\":{\"@id\":\"https:\\\/\\\/eltrabajo.cl\\\/web\\\/este-viernes-se-realizo-hito-de-inicio-de-obras-para-el-nuevo-skatepark\\\/#breadcrumb\"},\"inLanguage\":\"es-CL\",\"potentialAction\":[{\"@type\":\"ReadAction\",\"target\":[\"https:\\\/\\\/eltrabajo.cl\\\/web\\\/este-viernes-se-realizo-hito-de-inicio-de-obras-para-el-nuevo-skatepark\\\/\"]}]},{\"@type\":\"ImageObject\",\"inLanguage\":\"es-CL\",\"@id\":\"https:\\\/\\\/eltrabajo.cl\\\/web\\\/este-viernes-se-realizo-hito-de-inicio-de-obras-para-el-nuevo-skatepark\\\/#primaryimage\",\"url\":\"https:\\\/\\\/eltrabajo.cl\\\/web\\\/wp-content\\\/uploads\\\/2024\\\/05\\\/skatepark-4.jpg\",\"contentUrl\":\"https:\\\/\\\/eltrabajo.cl\\\/web\\\/wp-content\\\/uploads\\\/2024\\\/05\\\/skatepark-4.jpg\",\"width\":698,\"height\":382,\"caption\":\"El Skatepark ser\u00e1 demolido para la construcci\u00f3n de uno totalmente nuevo.\"},{\"@type\":\"BreadcrumbList\",\"@id\":\"https:\\\/\\\/eltrabajo.cl\\\/web\\\/este-viernes-se-realizo-hito-de-inicio-de-obras-para-el-nuevo-skatepark\\\/#breadcrumb\",\"itemListElement\":[{\"@type\":\"ListItem\",\"position\":1,\"name\":\"Portada\",\"item\":\"https:\\\/\\\/eltrabajo.cl\\\/web\\\/\"},{\"@type\":\"ListItem\",\"position\":2,\"name\":\"Este viernes se realiz\u00f3 hito de inicio de obras para el nuevo Skatepark\"}]},{\"@type\":\"WebSite\",\"@id\":\"https:\\\/\\\/eltrabajo.cl\\\/web\\\/#website\",\"url\":\"https:\\\/\\\/eltrabajo.cl\\\/web\\\/\",\"name\":\"Diario El Trabajo\",\"description\":\"Desde 1929 construyendo Identidad Local\",\"publisher\":{\"@id\":\"https:\\\/\\\/eltrabajo.cl\\\/web\\\/#organization\"},\"potentialAction\":[{\"@type\":\"SearchAction\",\"target\":{\"@type\":\"EntryPoint\",\"urlTemplate\":\"https:\\\/\\\/eltrabajo.cl\\\/web\\\/?s={search_term_string}\"},\"query-input\":{\"@type\":\"PropertyValueSpecification\",\"valueRequired\":true,\"valueName\":\"search_term_string\"}}],\"inLanguage\":\"es-CL\"},{\"@type\":\"Organization\",\"@id\":\"https:\\\/\\\/eltrabajo.cl\\\/web\\\/#organization\",\"name\":\"Diario El Trabajo\",\"url\":\"https:\\\/\\\/eltrabajo.cl\\\/web\\\/\",\"logo\":{\"@type\":\"ImageObject\",\"inLanguage\":\"es-CL\",\"@id\":\"https:\\\/\\\/eltrabajo.cl\\\/web\\\/#\\\/schema\\\/logo\\\/image\\\/\",\"url\":\"https:\\\/\\\/eltrabajo.cl\\\/web\\\/wp-content\\\/uploads\\\/2024\\\/06\\\/profile-image-ig-page-diarioeltrabajo.jpg\",\"contentUrl\":\"https:\\\/\\\/eltrabajo.cl\\\/web\\\/wp-content\\\/uploads\\\/2024\\\/06\\\/profile-image-ig-page-diarioeltrabajo.jpg\",\"width\":823,\"height\":823,\"caption\":\"Diario El Trabajo\"},\"image\":{\"@id\":\"https:\\\/\\\/eltrabajo.cl\\\/web\\\/#\\\/schema\\\/logo\\\/image\\\/\"},\"sameAs\":[\"https:\\\/\\\/www.facebook.com\\\/ElTrabajoDiario\",\"https:\\\/\\\/x.com\\\/diarioeltrabajo\"]},{\"@type\":\"Person\",\"@id\":\"https:\\\/\\\/eltrabajo.cl\\\/web\\\/#\\\/schema\\\/person\\\/45efd3d17f86ec456e44dd7debe1bf19\",\"name\":\"Diario El Trabajo\",\"image\":{\"@type\":\"ImageObject\",\"inLanguage\":\"es-CL\",\"@id\":\"https:\\\/\\\/secure.gravatar.com\\\/avatar\\\/7e6ec277dc4aea2677c2dc301d4227957219329c985ab69a3efc12518b5161aa?s=96&d=mm&r=g\",\"url\":\"https:\\\/\\\/secure.gravatar.com\\\/avatar\\\/7e6ec277dc4aea2677c2dc301d4227957219329c985ab69a3efc12518b5161aa?s=96&d=mm&r=g\",\"contentUrl\":\"https:\\\/\\\/secure.gravatar.com\\\/avatar\\\/7e6ec277dc4aea2677c2dc301d4227957219329c985ab69a3efc12518b5161aa?s=96&d=mm&r=g\",\"caption\":\"Diario El Trabajo\"},\"sameAs\":[\"https:\\\/\\\/eltrabajo.cl\\\/web\"],\"url\":\"https:\\\/\\\/eltrabajo.cl\\\/web\\\/author\\\/diario-el-trabajo\\\/\"}]}<\/script>\n<!-- \/ Yoast SEO plugin. -->","yoast_head_json":{"title":"Este viernes se realiz\u00f3 hito de inicio de obras para el nuevo Skatepark - Diario El Trabajo","robots":{"index":"index","follow":"follow","max-snippet":"max-snippet:-1","max-image-preview":"max-image-preview:large","max-video-preview":"max-video-preview:-1"},"canonical":"https:\/\/eltrabajo.cl\/web\/este-viernes-se-realizo-hito-de-inicio-de-obras-para-el-nuevo-skatepark\/","og_locale":"es_ES","og_type":"article","og_title":"Este viernes se realiz\u00f3 hito de inicio de obras para el nuevo Skatepark - Diario El Trabajo","og_description":"Proyecto tiene una inversi\u00f3n superior a los $140 millones y aunque su fecha de entrega es el 1 de enero de 2025, se estableci\u00f3 que podr\u00eda estar listo mucho antes.- Una gran noticia para los amantes del skate en nuestra comuna, puesto que este viernes se realiz\u00f3 el hito de inicio de obras para lo [&hellip;]","og_url":"https:\/\/eltrabajo.cl\/web\/este-viernes-se-realizo-hito-de-inicio-de-obras-para-el-nuevo-skatepark\/","og_site_name":"Diario El Trabajo","article_publisher":"https:\/\/www.facebook.com\/ElTrabajoDiario","article_published_time":"2024-05-06T01:57:29+00:00","og_image":[{"width":698,"height":382,"url":"https:\/\/eltrabajo.cl\/web\/wp-content\/uploads\/2024\/05\/skatepark-4.jpg","type":"image\/jpeg"}],"author":"Diario El Trabajo","twitter_card":"summary_large_image","twitter_creator":"@diarioeltrabajo","twitter_site":"@diarioeltrabajo","twitter_misc":{"Escrito por":"Diario El Trabajo","Tiempo estimado de lectura":"5 minutos"},"schema":{"@context":"https:\/\/schema.org","@graph":[{"@type":"Article","@id":"https:\/\/eltrabajo.cl\/web\/este-viernes-se-realizo-hito-de-inicio-de-obras-para-el-nuevo-skatepark\/#article","isPartOf":{"@id":"https:\/\/eltrabajo.cl\/web\/este-viernes-se-realizo-hito-de-inicio-de-obras-para-el-nuevo-skatepark\/"},"author":{"name":"Diario El Trabajo","@id":"https:\/\/eltrabajo.cl\/web\/#\/schema\/person\/45efd3d17f86ec456e44dd7debe1bf19"},"headline":"Este viernes se realiz\u00f3 hito de inicio de obras para el nuevo Skatepark","datePublished":"2024-05-06T01:57:29+00:00","mainEntityOfPage":{"@id":"https:\/\/eltrabajo.cl\/web\/este-viernes-se-realizo-hito-de-inicio-de-obras-para-el-nuevo-skatepark\/"},"wordCount":963,"commentCount":2,"publisher":{"@id":"https:\/\/eltrabajo.cl\/web\/#organization"},"image":{"@id":"https:\/\/eltrabajo.cl\/web\/este-viernes-se-realizo-hito-de-inicio-de-obras-para-el-nuevo-skatepark\/#primaryimage"},"thumbnailUrl":"https:\/\/eltrabajo.cl\/web\/wp-content\/uploads\/2024\/05\/skatepark-4.jpg","articleSection":["Cr\u00f3nica"],"inLanguage":"es-CL","potentialAction":[{"@type":"CommentAction","name":"Comment","target":["https:\/\/eltrabajo.cl\/web\/este-viernes-se-realizo-hito-de-inicio-de-obras-para-el-nuevo-skatepark\/#respond"]}]},{"@type":"WebPage","@id":"https:\/\/eltrabajo.cl\/web\/este-viernes-se-realizo-hito-de-inicio-de-obras-para-el-nuevo-skatepark\/","url":"https:\/\/eltrabajo.cl\/web\/este-viernes-se-realizo-hito-de-inicio-de-obras-para-el-nuevo-skatepark\/","name":"Este viernes se realiz\u00f3 hito de inicio de obras para el nuevo Skatepark - Diario El Trabajo","isPartOf":{"@id":"https:\/\/eltrabajo.cl\/web\/#website"},"primaryImageOfPage":{"@id":"https:\/\/eltrabajo.cl\/web\/este-viernes-se-realizo-hito-de-inicio-de-obras-para-el-nuevo-skatepark\/#primaryimage"},"image":{"@id":"https:\/\/eltrabajo.cl\/web\/este-viernes-se-realizo-hito-de-inicio-de-obras-para-el-nuevo-skatepark\/#primaryimage"},"thumbnailUrl":"https:\/\/eltrabajo.cl\/web\/wp-content\/uploads\/2024\/05\/skatepark-4.jpg","datePublished":"2024-05-06T01:57:29+00:00","breadcrumb":{"@id":"https:\/\/eltrabajo.cl\/web\/este-viernes-se-realizo-hito-de-inicio-de-obras-para-el-nuevo-skatepark\/#breadcrumb"},"inLanguage":"es-CL","potentialAction":[{"@type":"ReadAction","target":["https:\/\/eltrabajo.cl\/web\/este-viernes-se-realizo-hito-de-inicio-de-obras-para-el-nuevo-skatepark\/"]}]},{"@type":"ImageObject","inLanguage":"es-CL","@id":"https:\/\/eltrabajo.cl\/web\/este-viernes-se-realizo-hito-de-inicio-de-obras-para-el-nuevo-skatepark\/#primaryimage","url":"https:\/\/eltrabajo.cl\/web\/wp-content\/uploads\/2024\/05\/skatepark-4.jpg","contentUrl":"https:\/\/eltrabajo.cl\/web\/wp-content\/uploads\/2024\/05\/skatepark-4.jpg","width":698,"height":382,"caption":"El Skatepark ser\u00e1 demolido para la construcci\u00f3n de uno totalmente nuevo."},{"@type":"BreadcrumbList","@id":"https:\/\/eltrabajo.cl\/web\/este-viernes-se-realizo-hito-de-inicio-de-obras-para-el-nuevo-skatepark\/#breadcrumb","itemListElement":[{"@type":"ListItem","position":1,"name":"Portada","item":"https:\/\/eltrabajo.cl\/web\/"},{"@type":"ListItem","position":2,"name":"Este viernes se realiz\u00f3 hito de inicio de obras para el nuevo Skatepark"}]},{"@type":"WebSite","@id":"https:\/\/eltrabajo.cl\/web\/#website","url":"https:\/\/eltrabajo.cl\/web\/","name":"Diario El Trabajo","description":"Desde 1929 construyendo Identidad Local","publisher":{"@id":"https:\/\/eltrabajo.cl\/web\/#organization"},"potentialAction":[{"@type":"SearchAction","target":{"@type":"EntryPoint","urlTemplate":"https:\/\/eltrabajo.cl\/web\/?s={search_term_string}"},"query-input":{"@type":"PropertyValueSpecification","valueRequired":true,"valueName":"search_term_string"}}],"inLanguage":"es-CL"},{"@type":"Organization","@id":"https:\/\/eltrabajo.cl\/web\/#organization","name":"Diario El Trabajo","url":"https:\/\/eltrabajo.cl\/web\/","logo":{"@type":"ImageObject","inLanguage":"es-CL","@id":"https:\/\/eltrabajo.cl\/web\/#\/schema\/logo\/image\/","url":"https:\/\/eltrabajo.cl\/web\/wp-content\/uploads\/2024\/06\/profile-image-ig-page-diarioeltrabajo.jpg","contentUrl":"https:\/\/eltrabajo.cl\/web\/wp-content\/uploads\/2024\/06\/profile-image-ig-page-diarioeltrabajo.jpg","width":823,"height":823,"caption":"Diario El Trabajo"},"image":{"@id":"https:\/\/eltrabajo.cl\/web\/#\/schema\/logo\/image\/"},"sameAs":["https:\/\/www.facebook.com\/ElTrabajoDiario","https:\/\/x.com\/diarioeltrabajo"]},{"@type":"Person","@id":"https:\/\/eltrabajo.cl\/web\/#\/schema\/person\/45efd3d17f86ec456e44dd7debe1bf19","name":"Diario El Trabajo","image":{"@type":"ImageObject","inLanguage":"es-CL","@id":"https:\/\/secure.gravatar.com\/avatar\/7e6ec277dc4aea2677c2dc301d4227957219329c985ab69a3efc12518b5161aa?s=96&d=mm&r=g","url":"https:\/\/secure.gravatar.com\/avatar\/7e6ec277dc4aea2677c2dc301d4227957219329c985ab69a3efc12518b5161aa?s=96&d=mm&r=g","contentUrl":"https:\/\/secure.gravatar.com\/avatar\/7e6ec277dc4aea2677c2dc301d4227957219329c985ab69a3efc12518b5161aa?s=96&d=mm&r=g","caption":"Diario El Trabajo"},"sameAs":["https:\/\/eltrabajo.cl\/web"],"url":"https:\/\/eltrabajo.cl\/web\/author\/diario-el-trabajo\/"}]}},"_links":{"self":[{"href":"https:\/\/eltrabajo.cl\/web\/wp-json\/wp\/v2\/posts\/129538","targetHints":{"allow":["GET"]}}],"collection":[{"href":"https:\/\/eltrabajo.cl\/web\/wp-json\/wp\/v2\/posts"}],"about":[{"href":"https:\/\/eltrabajo.cl\/web\/wp-json\/wp\/v2\/types\/post"}],"author":[{"embeddable":true,"href":"https:\/\/eltrabajo.cl\/web\/wp-json\/wp\/v2\/users\/1"}],"replies":[{"embeddable":true,"href":"https:\/\/eltrabajo.cl\/web\/wp-json\/wp\/v2\/comments?post=129538"}],"version-history":[{"count":0,"href":"https:\/\/eltrabajo.cl\/web\/wp-json\/wp\/v2\/posts\/129538\/revisions"}],"wp:featuredmedia":[{"embeddable":true,"href":"https:\/\/eltrabajo.cl\/web\/wp-json\/wp\/v2\/media\/129540"}],"wp:attachment":[{"href":"https:\/\/eltrabajo.cl\/web\/wp-json\/wp\/v2\/media?parent=129538"}],"wp:term":[{"taxonomy":"category","embeddable":true,"href":"https:\/\/eltrabajo.cl\/web\/wp-json\/wp\/v2\/categories?post=129538"},{"taxonomy":"post_tag","embeddable":true,"href":"https:\/\/eltrabajo.cl\/web\/wp-json\/wp\/v2\/tags?post=129538"}],"curies":[{"name":"wp","href":"https:\/\/api.w.org\/{rel}","templated":true}]}}