{"id":129682,"date":"2024-05-12T22:55:29","date_gmt":"2024-05-13T01:55:29","guid":{"rendered":"https:\/\/eltrabajo.cl\/web\/?p=129682"},"modified":"2024-05-12T22:34:11","modified_gmt":"2024-05-13T01:34:11","slug":"inauguran-escuela-de-magia-en-la-comuna-para-aspirantes-a-ilusionistas","status":"publish","type":"post","link":"https:\/\/eltrabajo.cl\/web\/inauguran-escuela-de-magia-en-la-comuna-para-aspirantes-a-ilusionistas\/","title":{"rendered":"Inauguran escuela de magia en la comuna para aspirantes a ilusionistas"},"content":{"rendered":"<ul>\n<li><strong>El profesor Felipe Flores tiene m\u00e1s de 17 a\u00f1os de experiencia en las artes esc\u00e9nicas, practicando, estudiando y escribiendo sobre magia.-<\/strong><\/li>\n<\/ul>\n<p>Hoy lunes 13 de mayo comienza la escuela de magia de <strong>Felipe Flores<\/strong>, m\u00fasico e ilusionista, para todo aconcag\u00fcino mayor de 12 a\u00f1os de edad interesado en este tipo de arte esc\u00e9nico. El prop\u00f3sito de la propuesta es generar un colectivo en torno a esta representaci\u00f3n art\u00edstica.<\/p>\n<p>\u00ab<em>Mi principal motivaci\u00f3n por iniciar este proyecto es porque deseo crear una comunidad m\u00e1s grande en torno a la magia. Cuando comenc\u00e9 a practicar a mis 13 a\u00f1os, apenas hab\u00eda gente haciendo magia. <strong>Nelson Z\u00fa\u00f1iga<\/strong> y <strong>John Polanco<\/strong>, dos magos de Los Andes, fueron los \u00fanicos colegas que practicaban este arte en el Valle. <\/em><\/p>\n<p>\u00ab<em>Con el tiempo, gracias a \u2018Abraconcagua\u2019, un congreso de magia que organizamos unas cuantas veces desde el 2008, otras personas se acercaron a nosotros y agrandamos un poco el c\u00edrculo. Sin embargo, a\u00fan as\u00ed, las personas que se interesan y practican este oficio siguen siendo muy poquitas en nuestra ciudad. Espero que en el futuro hayan m\u00e1s magos por esta zona\u00bb, <\/em>relat\u00f3 Flores.<\/p>\n<p>Las clases ser\u00e1n en el <strong>Centro Cultural Atma<\/strong>, ubicado en Santo Domingo N\u00b027, San Felipe, y se realizar\u00e1n todos los lunes de 18:30 a 20:00 horas. <em>\u00abLo llamamos escuela porque, a diferencia de un taller que pretende ser m\u00e1s pr\u00e1ctico y acotado, esta posee un extenso programa, todo seleccionado para poder adentrar a los estudiantes no tan s\u00f3lo al m\u00e9todo, sino tambi\u00e9n a la estructura de los juegos y a sus autores. <\/em><\/p>\n<p>\u00ab<em>Es una escuela porque busca entregar un lenguaje con perspectiva hist\u00f3rica para constituir su pr\u00e1ctica en una art\u00edstica-expresiva\u00bb,<\/em> detall\u00f3 Flores, quien lleva m\u00e1s de 17 a\u00f1os desarrollando este arte esc\u00e9nico: <em>\u00abDesde peque\u00f1o siempre sent\u00ed cierta atracci\u00f3n por la magia. <\/em><\/p>\n<p>\u00ab<em>Antes era mucho menos frecuente encontrarse con magos, por lo que las veces que tuve que ver magia en directo no fueron muchas. Por cosas de la vida, el vecino de una nueva casa a la que me hab\u00eda mudado a mis 13 a\u00f1os result\u00f3 ser mago. Se hizo amigo de mi padre y fue \u00e9l quien le consult\u00f3 al vecino si me ense\u00f1ar\u00eda\u00bb.<\/em><\/p>\n<p>Flores mencion\u00f3 que aunque las clases comienzan hoy, <em>\u00absiempre es un buen momento para acercarse y consultar\u00bb.<\/em> Tambi\u00e9n a\u00f1adi\u00f3 que los implementos son de f\u00e1cil acceso:<em> \u00abla mayor\u00eda se trata de cosas que se pueden encontrar en casa. Cuando sea el momento, los alumnos tambi\u00e9n aprender\u00e1n a construir sus propios materiales en clase\u00bb.<\/em><\/p>\n<p>Explic\u00f3, adem\u00e1s, que la experiencia de aprendizaje ser\u00e1 l\u00fadica: <em>\u00abdurante el desarrollo de la escuela los participantes ser\u00e1n guiados a trav\u00e9s de un amplio repertorio de juegos de magia que pueden ser realizados a pesar de no contar con experiencia previa. En cada clase se impartir\u00e1 un juego nuevo mediante el cual observaremos los principios te\u00f3ricos que sostienen la experiencia m\u00e1gica\u00bb.<\/em><\/p>\n<p>El profesor argument\u00f3 que esta escuela otorga beneficios, fortaleciendo la seguridad y la autoconfianza a la vez que mejora el dominio esc\u00e9nico y dram\u00e1tico: <em>\u00abla pr\u00e1ctica de la magia exige un dominio esc\u00e9nico que pone a prueba nuestro car\u00e1cter debido a que su misma naturaleza nos exige disimular su m\u00e9todo a la vez que creamos un nuevo significado\u00bb.<\/em><\/p>\n<p style=\"text-align: right;\"><strong>Jacqueline Le\u00f3n<\/strong><\/p>\n<figure id=\"attachment_129683\" aria-describedby=\"caption-attachment-129683\" style=\"width: 700px\" class=\"wp-caption alignnone\"><img loading=\"lazy\" decoding=\"async\" class=\"size-full wp-image-129683\" src=\"https:\/\/eltrabajo.cl\/web\/wp-content\/uploads\/2024\/05\/magia1.jpg\" alt=\"Felipe Flores en las oficinas del Servicio de Salud de Aconcagua durante el 2023.\" width=\"700\" height=\"445\" srcset=\"https:\/\/eltrabajo.cl\/web\/wp-content\/uploads\/2024\/05\/magia1.jpg 700w, https:\/\/eltrabajo.cl\/web\/wp-content\/uploads\/2024\/05\/magia1-300x191.jpg 300w, https:\/\/eltrabajo.cl\/web\/wp-content\/uploads\/2024\/05\/magia1-661x420.jpg 661w, https:\/\/eltrabajo.cl\/web\/wp-content\/uploads\/2024\/05\/magia1-150x95.jpg 150w, https:\/\/eltrabajo.cl\/web\/wp-content\/uploads\/2024\/05\/magia1-696x442.jpg 696w\" sizes=\"auto, (max-width: 700px) 100vw, 700px\" \/><figcaption id=\"caption-attachment-129683\" class=\"wp-caption-text\">Felipe Flores en las oficinas del Servicio de Salud de Aconcagua durante el 2023.<\/figcaption><\/figure>\n<figure id=\"attachment_129684\" aria-describedby=\"caption-attachment-129684\" style=\"width: 699px\" class=\"wp-caption alignnone\"><img loading=\"lazy\" decoding=\"async\" class=\"size-full wp-image-129684\" src=\"https:\/\/eltrabajo.cl\/web\/wp-content\/uploads\/2024\/05\/magia2.jpg\" alt=\"Edo Caroe, Emilh (hoy en Got Talent Chile), Ricardo Arredondo y Felipe Flores en el ahora inactivo teatro Pata de Cabra, Santiago, durante una de las noches del \u2018Jam de Magia\u2019 que organizaba Edo Caroe junto con la tienda \u2018Enjoy the Magic\u2019.\" width=\"699\" height=\"458\" srcset=\"https:\/\/eltrabajo.cl\/web\/wp-content\/uploads\/2024\/05\/magia2.jpg 699w, https:\/\/eltrabajo.cl\/web\/wp-content\/uploads\/2024\/05\/magia2-300x197.jpg 300w, https:\/\/eltrabajo.cl\/web\/wp-content\/uploads\/2024\/05\/magia2-641x420.jpg 641w, https:\/\/eltrabajo.cl\/web\/wp-content\/uploads\/2024\/05\/magia2-150x98.jpg 150w, https:\/\/eltrabajo.cl\/web\/wp-content\/uploads\/2024\/05\/magia2-696x456.jpg 696w\" sizes=\"auto, (max-width: 699px) 100vw, 699px\" \/><figcaption id=\"caption-attachment-129684\" class=\"wp-caption-text\">Edo Caroe, Emilh (hoy en Got Talent Chile), Ricardo Arredondo y Felipe Flores en el ahora inactivo teatro Pata de Cabra, Santiago, durante una de las noches del \u2018Jam de Magia\u2019 que organizaba Edo Caroe junto con la tienda \u2018Enjoy the Magic\u2019.<\/figcaption><\/figure>\n","protected":false},"excerpt":{"rendered":"<p>El profesor Felipe Flores tiene m\u00e1s de 17 a\u00f1os de experiencia en las artes esc\u00e9nicas, practicando, estudiando y escribiendo sobre magia.- Hoy lunes 13 de mayo comienza la escuela de magia de Felipe Flores, m\u00fasico e ilusionista, para todo aconcag\u00fcino mayor de 12 a\u00f1os de edad interesado en este tipo de arte esc\u00e9nico. El prop\u00f3sito [&hellip;]<\/p>\n","protected":false},"author":1,"featured_media":129683,"comment_status":"open","ping_status":"open","sticky":false,"template":"","format":"standard","meta":{"footnotes":""},"categories":[4],"tags":[],"class_list":{"0":"post-129682","1":"post","2":"type-post","3":"status-publish","4":"format-standard","5":"has-post-thumbnail","7":"category-comunidad"},"yoast_head":"<!-- This site is optimized with the Yoast SEO plugin v27.5 - https:\/\/yoast.com\/product\/yoast-seo-wordpress\/ -->\n<title>Inauguran escuela de magia en la comuna para aspirantes a ilusionistas - Diario El Trabajo<\/title>\n<meta name=\"robots\" content=\"index, follow, max-snippet:-1, max-image-preview:large, max-video-preview:-1\" \/>\n<link rel=\"canonical\" href=\"https:\/\/eltrabajo.cl\/web\/inauguran-escuela-de-magia-en-la-comuna-para-aspirantes-a-ilusionistas\/\" \/>\n<meta property=\"og:locale\" content=\"es_ES\" \/>\n<meta property=\"og:type\" content=\"article\" \/>\n<meta property=\"og:title\" content=\"Inauguran escuela de magia en la comuna para aspirantes a ilusionistas - Diario El Trabajo\" \/>\n<meta property=\"og:description\" content=\"El profesor Felipe Flores tiene m\u00e1s de 17 a\u00f1os de experiencia en las artes esc\u00e9nicas, practicando, estudiando y escribiendo sobre magia.- Hoy lunes 13 de mayo comienza la escuela de magia de Felipe Flores, m\u00fasico e ilusionista, para todo aconcag\u00fcino mayor de 12 a\u00f1os de edad interesado en este tipo de arte esc\u00e9nico. El prop\u00f3sito [&hellip;]\" \/>\n<meta property=\"og:url\" content=\"https:\/\/eltrabajo.cl\/web\/inauguran-escuela-de-magia-en-la-comuna-para-aspirantes-a-ilusionistas\/\" \/>\n<meta property=\"og:site_name\" content=\"Diario El Trabajo\" \/>\n<meta property=\"article:publisher\" content=\"https:\/\/www.facebook.com\/ElTrabajoDiario\" \/>\n<meta property=\"article:published_time\" content=\"2024-05-13T01:55:29+00:00\" \/>\n<meta property=\"og:image\" content=\"https:\/\/eltrabajo.cl\/web\/wp-content\/uploads\/2024\/05\/magia1.jpg\" \/>\n\t<meta property=\"og:image:width\" content=\"700\" \/>\n\t<meta property=\"og:image:height\" content=\"445\" \/>\n\t<meta property=\"og:image:type\" content=\"image\/jpeg\" \/>\n<meta name=\"author\" content=\"Diario El Trabajo\" \/>\n<meta name=\"twitter:card\" content=\"summary_large_image\" \/>\n<meta name=\"twitter:creator\" content=\"@diarioeltrabajo\" \/>\n<meta name=\"twitter:site\" content=\"@diarioeltrabajo\" \/>\n<meta name=\"twitter:label1\" content=\"Escrito por\" \/>\n\t<meta name=\"twitter:data1\" content=\"Diario El Trabajo\" \/>\n\t<meta name=\"twitter:label2\" content=\"Tiempo estimado de lectura\" \/>\n\t<meta name=\"twitter:data2\" content=\"3 minutos\" \/>\n<script type=\"application\/ld+json\" class=\"yoast-schema-graph\">{\"@context\":\"https:\\\/\\\/schema.org\",\"@graph\":[{\"@type\":\"Article\",\"@id\":\"https:\\\/\\\/eltrabajo.cl\\\/web\\\/inauguran-escuela-de-magia-en-la-comuna-para-aspirantes-a-ilusionistas\\\/#article\",\"isPartOf\":{\"@id\":\"https:\\\/\\\/eltrabajo.cl\\\/web\\\/inauguran-escuela-de-magia-en-la-comuna-para-aspirantes-a-ilusionistas\\\/\"},\"author\":{\"name\":\"Diario El Trabajo\",\"@id\":\"https:\\\/\\\/eltrabajo.cl\\\/web\\\/#\\\/schema\\\/person\\\/45efd3d17f86ec456e44dd7debe1bf19\"},\"headline\":\"Inauguran escuela de magia en la comuna para aspirantes a ilusionistas\",\"datePublished\":\"2024-05-13T01:55:29+00:00\",\"mainEntityOfPage\":{\"@id\":\"https:\\\/\\\/eltrabajo.cl\\\/web\\\/inauguran-escuela-de-magia-en-la-comuna-para-aspirantes-a-ilusionistas\\\/\"},\"wordCount\":662,\"commentCount\":0,\"publisher\":{\"@id\":\"https:\\\/\\\/eltrabajo.cl\\\/web\\\/#organization\"},\"image\":{\"@id\":\"https:\\\/\\\/eltrabajo.cl\\\/web\\\/inauguran-escuela-de-magia-en-la-comuna-para-aspirantes-a-ilusionistas\\\/#primaryimage\"},\"thumbnailUrl\":\"https:\\\/\\\/eltrabajo.cl\\\/web\\\/wp-content\\\/uploads\\\/2024\\\/05\\\/magia1.jpg\",\"articleSection\":[\"Comunidad\"],\"inLanguage\":\"es-CL\",\"potentialAction\":[{\"@type\":\"CommentAction\",\"name\":\"Comment\",\"target\":[\"https:\\\/\\\/eltrabajo.cl\\\/web\\\/inauguran-escuela-de-magia-en-la-comuna-para-aspirantes-a-ilusionistas\\\/#respond\"]}]},{\"@type\":\"WebPage\",\"@id\":\"https:\\\/\\\/eltrabajo.cl\\\/web\\\/inauguran-escuela-de-magia-en-la-comuna-para-aspirantes-a-ilusionistas\\\/\",\"url\":\"https:\\\/\\\/eltrabajo.cl\\\/web\\\/inauguran-escuela-de-magia-en-la-comuna-para-aspirantes-a-ilusionistas\\\/\",\"name\":\"Inauguran escuela de magia en la comuna para aspirantes a ilusionistas - Diario El Trabajo\",\"isPartOf\":{\"@id\":\"https:\\\/\\\/eltrabajo.cl\\\/web\\\/#website\"},\"primaryImageOfPage\":{\"@id\":\"https:\\\/\\\/eltrabajo.cl\\\/web\\\/inauguran-escuela-de-magia-en-la-comuna-para-aspirantes-a-ilusionistas\\\/#primaryimage\"},\"image\":{\"@id\":\"https:\\\/\\\/eltrabajo.cl\\\/web\\\/inauguran-escuela-de-magia-en-la-comuna-para-aspirantes-a-ilusionistas\\\/#primaryimage\"},\"thumbnailUrl\":\"https:\\\/\\\/eltrabajo.cl\\\/web\\\/wp-content\\\/uploads\\\/2024\\\/05\\\/magia1.jpg\",\"datePublished\":\"2024-05-13T01:55:29+00:00\",\"breadcrumb\":{\"@id\":\"https:\\\/\\\/eltrabajo.cl\\\/web\\\/inauguran-escuela-de-magia-en-la-comuna-para-aspirantes-a-ilusionistas\\\/#breadcrumb\"},\"inLanguage\":\"es-CL\",\"potentialAction\":[{\"@type\":\"ReadAction\",\"target\":[\"https:\\\/\\\/eltrabajo.cl\\\/web\\\/inauguran-escuela-de-magia-en-la-comuna-para-aspirantes-a-ilusionistas\\\/\"]}]},{\"@type\":\"ImageObject\",\"inLanguage\":\"es-CL\",\"@id\":\"https:\\\/\\\/eltrabajo.cl\\\/web\\\/inauguran-escuela-de-magia-en-la-comuna-para-aspirantes-a-ilusionistas\\\/#primaryimage\",\"url\":\"https:\\\/\\\/eltrabajo.cl\\\/web\\\/wp-content\\\/uploads\\\/2024\\\/05\\\/magia1.jpg\",\"contentUrl\":\"https:\\\/\\\/eltrabajo.cl\\\/web\\\/wp-content\\\/uploads\\\/2024\\\/05\\\/magia1.jpg\",\"width\":700,\"height\":445,\"caption\":\"Felipe Flores en las oficinas del Servicio de Salud de Aconcagua durante el 2023.\"},{\"@type\":\"BreadcrumbList\",\"@id\":\"https:\\\/\\\/eltrabajo.cl\\\/web\\\/inauguran-escuela-de-magia-en-la-comuna-para-aspirantes-a-ilusionistas\\\/#breadcrumb\",\"itemListElement\":[{\"@type\":\"ListItem\",\"position\":1,\"name\":\"Portada\",\"item\":\"https:\\\/\\\/eltrabajo.cl\\\/web\\\/\"},{\"@type\":\"ListItem\",\"position\":2,\"name\":\"Inauguran escuela de magia en la comuna para aspirantes a ilusionistas\"}]},{\"@type\":\"WebSite\",\"@id\":\"https:\\\/\\\/eltrabajo.cl\\\/web\\\/#website\",\"url\":\"https:\\\/\\\/eltrabajo.cl\\\/web\\\/\",\"name\":\"Diario El Trabajo\",\"description\":\"Desde 1929 construyendo Identidad Local\",\"publisher\":{\"@id\":\"https:\\\/\\\/eltrabajo.cl\\\/web\\\/#organization\"},\"potentialAction\":[{\"@type\":\"SearchAction\",\"target\":{\"@type\":\"EntryPoint\",\"urlTemplate\":\"https:\\\/\\\/eltrabajo.cl\\\/web\\\/?s={search_term_string}\"},\"query-input\":{\"@type\":\"PropertyValueSpecification\",\"valueRequired\":true,\"valueName\":\"search_term_string\"}}],\"inLanguage\":\"es-CL\"},{\"@type\":\"Organization\",\"@id\":\"https:\\\/\\\/eltrabajo.cl\\\/web\\\/#organization\",\"name\":\"Diario El Trabajo\",\"url\":\"https:\\\/\\\/eltrabajo.cl\\\/web\\\/\",\"logo\":{\"@type\":\"ImageObject\",\"inLanguage\":\"es-CL\",\"@id\":\"https:\\\/\\\/eltrabajo.cl\\\/web\\\/#\\\/schema\\\/logo\\\/image\\\/\",\"url\":\"https:\\\/\\\/eltrabajo.cl\\\/web\\\/wp-content\\\/uploads\\\/2024\\\/06\\\/profile-image-ig-page-diarioeltrabajo.jpg\",\"contentUrl\":\"https:\\\/\\\/eltrabajo.cl\\\/web\\\/wp-content\\\/uploads\\\/2024\\\/06\\\/profile-image-ig-page-diarioeltrabajo.jpg\",\"width\":823,\"height\":823,\"caption\":\"Diario El Trabajo\"},\"image\":{\"@id\":\"https:\\\/\\\/eltrabajo.cl\\\/web\\\/#\\\/schema\\\/logo\\\/image\\\/\"},\"sameAs\":[\"https:\\\/\\\/www.facebook.com\\\/ElTrabajoDiario\",\"https:\\\/\\\/x.com\\\/diarioeltrabajo\"]},{\"@type\":\"Person\",\"@id\":\"https:\\\/\\\/eltrabajo.cl\\\/web\\\/#\\\/schema\\\/person\\\/45efd3d17f86ec456e44dd7debe1bf19\",\"name\":\"Diario El Trabajo\",\"image\":{\"@type\":\"ImageObject\",\"inLanguage\":\"es-CL\",\"@id\":\"https:\\\/\\\/secure.gravatar.com\\\/avatar\\\/7e6ec277dc4aea2677c2dc301d4227957219329c985ab69a3efc12518b5161aa?s=96&d=mm&r=g\",\"url\":\"https:\\\/\\\/secure.gravatar.com\\\/avatar\\\/7e6ec277dc4aea2677c2dc301d4227957219329c985ab69a3efc12518b5161aa?s=96&d=mm&r=g\",\"contentUrl\":\"https:\\\/\\\/secure.gravatar.com\\\/avatar\\\/7e6ec277dc4aea2677c2dc301d4227957219329c985ab69a3efc12518b5161aa?s=96&d=mm&r=g\",\"caption\":\"Diario El Trabajo\"},\"sameAs\":[\"https:\\\/\\\/eltrabajo.cl\\\/web\"],\"url\":\"https:\\\/\\\/eltrabajo.cl\\\/web\\\/author\\\/diario-el-trabajo\\\/\"}]}<\/script>\n<!-- \/ Yoast SEO plugin. -->","yoast_head_json":{"title":"Inauguran escuela de magia en la comuna para aspirantes a ilusionistas - Diario El Trabajo","robots":{"index":"index","follow":"follow","max-snippet":"max-snippet:-1","max-image-preview":"max-image-preview:large","max-video-preview":"max-video-preview:-1"},"canonical":"https:\/\/eltrabajo.cl\/web\/inauguran-escuela-de-magia-en-la-comuna-para-aspirantes-a-ilusionistas\/","og_locale":"es_ES","og_type":"article","og_title":"Inauguran escuela de magia en la comuna para aspirantes a ilusionistas - Diario El Trabajo","og_description":"El profesor Felipe Flores tiene m\u00e1s de 17 a\u00f1os de experiencia en las artes esc\u00e9nicas, practicando, estudiando y escribiendo sobre magia.- Hoy lunes 13 de mayo comienza la escuela de magia de Felipe Flores, m\u00fasico e ilusionista, para todo aconcag\u00fcino mayor de 12 a\u00f1os de edad interesado en este tipo de arte esc\u00e9nico. El prop\u00f3sito [&hellip;]","og_url":"https:\/\/eltrabajo.cl\/web\/inauguran-escuela-de-magia-en-la-comuna-para-aspirantes-a-ilusionistas\/","og_site_name":"Diario El Trabajo","article_publisher":"https:\/\/www.facebook.com\/ElTrabajoDiario","article_published_time":"2024-05-13T01:55:29+00:00","og_image":[{"width":700,"height":445,"url":"https:\/\/eltrabajo.cl\/web\/wp-content\/uploads\/2024\/05\/magia1.jpg","type":"image\/jpeg"}],"author":"Diario El Trabajo","twitter_card":"summary_large_image","twitter_creator":"@diarioeltrabajo","twitter_site":"@diarioeltrabajo","twitter_misc":{"Escrito por":"Diario El Trabajo","Tiempo estimado de lectura":"3 minutos"},"schema":{"@context":"https:\/\/schema.org","@graph":[{"@type":"Article","@id":"https:\/\/eltrabajo.cl\/web\/inauguran-escuela-de-magia-en-la-comuna-para-aspirantes-a-ilusionistas\/#article","isPartOf":{"@id":"https:\/\/eltrabajo.cl\/web\/inauguran-escuela-de-magia-en-la-comuna-para-aspirantes-a-ilusionistas\/"},"author":{"name":"Diario El Trabajo","@id":"https:\/\/eltrabajo.cl\/web\/#\/schema\/person\/45efd3d17f86ec456e44dd7debe1bf19"},"headline":"Inauguran escuela de magia en la comuna para aspirantes a ilusionistas","datePublished":"2024-05-13T01:55:29+00:00","mainEntityOfPage":{"@id":"https:\/\/eltrabajo.cl\/web\/inauguran-escuela-de-magia-en-la-comuna-para-aspirantes-a-ilusionistas\/"},"wordCount":662,"commentCount":0,"publisher":{"@id":"https:\/\/eltrabajo.cl\/web\/#organization"},"image":{"@id":"https:\/\/eltrabajo.cl\/web\/inauguran-escuela-de-magia-en-la-comuna-para-aspirantes-a-ilusionistas\/#primaryimage"},"thumbnailUrl":"https:\/\/eltrabajo.cl\/web\/wp-content\/uploads\/2024\/05\/magia1.jpg","articleSection":["Comunidad"],"inLanguage":"es-CL","potentialAction":[{"@type":"CommentAction","name":"Comment","target":["https:\/\/eltrabajo.cl\/web\/inauguran-escuela-de-magia-en-la-comuna-para-aspirantes-a-ilusionistas\/#respond"]}]},{"@type":"WebPage","@id":"https:\/\/eltrabajo.cl\/web\/inauguran-escuela-de-magia-en-la-comuna-para-aspirantes-a-ilusionistas\/","url":"https:\/\/eltrabajo.cl\/web\/inauguran-escuela-de-magia-en-la-comuna-para-aspirantes-a-ilusionistas\/","name":"Inauguran escuela de magia en la comuna para aspirantes a ilusionistas - Diario El Trabajo","isPartOf":{"@id":"https:\/\/eltrabajo.cl\/web\/#website"},"primaryImageOfPage":{"@id":"https:\/\/eltrabajo.cl\/web\/inauguran-escuela-de-magia-en-la-comuna-para-aspirantes-a-ilusionistas\/#primaryimage"},"image":{"@id":"https:\/\/eltrabajo.cl\/web\/inauguran-escuela-de-magia-en-la-comuna-para-aspirantes-a-ilusionistas\/#primaryimage"},"thumbnailUrl":"https:\/\/eltrabajo.cl\/web\/wp-content\/uploads\/2024\/05\/magia1.jpg","datePublished":"2024-05-13T01:55:29+00:00","breadcrumb":{"@id":"https:\/\/eltrabajo.cl\/web\/inauguran-escuela-de-magia-en-la-comuna-para-aspirantes-a-ilusionistas\/#breadcrumb"},"inLanguage":"es-CL","potentialAction":[{"@type":"ReadAction","target":["https:\/\/eltrabajo.cl\/web\/inauguran-escuela-de-magia-en-la-comuna-para-aspirantes-a-ilusionistas\/"]}]},{"@type":"ImageObject","inLanguage":"es-CL","@id":"https:\/\/eltrabajo.cl\/web\/inauguran-escuela-de-magia-en-la-comuna-para-aspirantes-a-ilusionistas\/#primaryimage","url":"https:\/\/eltrabajo.cl\/web\/wp-content\/uploads\/2024\/05\/magia1.jpg","contentUrl":"https:\/\/eltrabajo.cl\/web\/wp-content\/uploads\/2024\/05\/magia1.jpg","width":700,"height":445,"caption":"Felipe Flores en las oficinas del Servicio de Salud de Aconcagua durante el 2023."},{"@type":"BreadcrumbList","@id":"https:\/\/eltrabajo.cl\/web\/inauguran-escuela-de-magia-en-la-comuna-para-aspirantes-a-ilusionistas\/#breadcrumb","itemListElement":[{"@type":"ListItem","position":1,"name":"Portada","item":"https:\/\/eltrabajo.cl\/web\/"},{"@type":"ListItem","position":2,"name":"Inauguran escuela de magia en la comuna para aspirantes a ilusionistas"}]},{"@type":"WebSite","@id":"https:\/\/eltrabajo.cl\/web\/#website","url":"https:\/\/eltrabajo.cl\/web\/","name":"Diario El Trabajo","description":"Desde 1929 construyendo Identidad Local","publisher":{"@id":"https:\/\/eltrabajo.cl\/web\/#organization"},"potentialAction":[{"@type":"SearchAction","target":{"@type":"EntryPoint","urlTemplate":"https:\/\/eltrabajo.cl\/web\/?s={search_term_string}"},"query-input":{"@type":"PropertyValueSpecification","valueRequired":true,"valueName":"search_term_string"}}],"inLanguage":"es-CL"},{"@type":"Organization","@id":"https:\/\/eltrabajo.cl\/web\/#organization","name":"Diario El Trabajo","url":"https:\/\/eltrabajo.cl\/web\/","logo":{"@type":"ImageObject","inLanguage":"es-CL","@id":"https:\/\/eltrabajo.cl\/web\/#\/schema\/logo\/image\/","url":"https:\/\/eltrabajo.cl\/web\/wp-content\/uploads\/2024\/06\/profile-image-ig-page-diarioeltrabajo.jpg","contentUrl":"https:\/\/eltrabajo.cl\/web\/wp-content\/uploads\/2024\/06\/profile-image-ig-page-diarioeltrabajo.jpg","width":823,"height":823,"caption":"Diario El Trabajo"},"image":{"@id":"https:\/\/eltrabajo.cl\/web\/#\/schema\/logo\/image\/"},"sameAs":["https:\/\/www.facebook.com\/ElTrabajoDiario","https:\/\/x.com\/diarioeltrabajo"]},{"@type":"Person","@id":"https:\/\/eltrabajo.cl\/web\/#\/schema\/person\/45efd3d17f86ec456e44dd7debe1bf19","name":"Diario El Trabajo","image":{"@type":"ImageObject","inLanguage":"es-CL","@id":"https:\/\/secure.gravatar.com\/avatar\/7e6ec277dc4aea2677c2dc301d4227957219329c985ab69a3efc12518b5161aa?s=96&d=mm&r=g","url":"https:\/\/secure.gravatar.com\/avatar\/7e6ec277dc4aea2677c2dc301d4227957219329c985ab69a3efc12518b5161aa?s=96&d=mm&r=g","contentUrl":"https:\/\/secure.gravatar.com\/avatar\/7e6ec277dc4aea2677c2dc301d4227957219329c985ab69a3efc12518b5161aa?s=96&d=mm&r=g","caption":"Diario El Trabajo"},"sameAs":["https:\/\/eltrabajo.cl\/web"],"url":"https:\/\/eltrabajo.cl\/web\/author\/diario-el-trabajo\/"}]}},"_links":{"self":[{"href":"https:\/\/eltrabajo.cl\/web\/wp-json\/wp\/v2\/posts\/129682","targetHints":{"allow":["GET"]}}],"collection":[{"href":"https:\/\/eltrabajo.cl\/web\/wp-json\/wp\/v2\/posts"}],"about":[{"href":"https:\/\/eltrabajo.cl\/web\/wp-json\/wp\/v2\/types\/post"}],"author":[{"embeddable":true,"href":"https:\/\/eltrabajo.cl\/web\/wp-json\/wp\/v2\/users\/1"}],"replies":[{"embeddable":true,"href":"https:\/\/eltrabajo.cl\/web\/wp-json\/wp\/v2\/comments?post=129682"}],"version-history":[{"count":0,"href":"https:\/\/eltrabajo.cl\/web\/wp-json\/wp\/v2\/posts\/129682\/revisions"}],"wp:featuredmedia":[{"embeddable":true,"href":"https:\/\/eltrabajo.cl\/web\/wp-json\/wp\/v2\/media\/129683"}],"wp:attachment":[{"href":"https:\/\/eltrabajo.cl\/web\/wp-json\/wp\/v2\/media?parent=129682"}],"wp:term":[{"taxonomy":"category","embeddable":true,"href":"https:\/\/eltrabajo.cl\/web\/wp-json\/wp\/v2\/categories?post=129682"},{"taxonomy":"post_tag","embeddable":true,"href":"https:\/\/eltrabajo.cl\/web\/wp-json\/wp\/v2\/tags?post=129682"}],"curies":[{"name":"wp","href":"https:\/\/api.w.org\/{rel}","templated":true}]}}