{"id":129946,"date":"2024-05-28T22:35:31","date_gmt":"2024-05-29T01:35:31","guid":{"rendered":"https:\/\/eltrabajo.cl\/web\/?p=129946"},"modified":"2024-05-28T22:21:10","modified_gmt":"2024-05-29T01:21:10","slug":"fallecio-serpiente-que-fue-encontrada-en-la-reja-de-la-feria-de-yungay","status":"publish","type":"post","link":"https:\/\/eltrabajo.cl\/web\/fallecio-serpiente-que-fue-encontrada-en-la-reja-de-la-feria-de-yungay\/","title":{"rendered":"Falleci\u00f3 serpiente que fue encontrada en la reja de la feria de Yungay"},"content":{"rendered":"<ul>\n<li><strong>Reptil fue &#8216;dormido&#8217; producto de la gravedad de las lesiones que ten\u00eda.-<\/strong><\/li>\n<\/ul>\n<p>En la edici\u00f3n de ayer de <strong>Diario El Trabajo<\/strong> le d\u00e1bamos a conocer la noticia del hallazgo de una serpiente de cerca de 2 metros en la reja de la feria de Yungay en San Felipe. El animal fue rescatado y derivado a un veterinario para su atenci\u00f3n m\u00e9dica de rigor. Lamentablemente, el reptil presentaba lesiones de gravedad y tuvo que ser \u2018dormido\u2019.<\/p>\n<p>El m\u00e9dico veterinario que rescat\u00f3 a esta culebra, <strong>Max Lemaitre<\/strong>, del Centro de Rescate de Fauna Andina, coment\u00f3 que <em>\u00abrecibimos el llamado que hab\u00eda una culebra de cola larga en la feria, fuimos a buscarla, la retiramos en la tarde, efectivamente era una culebra bastante grande que le llam\u00f3 mucho la atenci\u00f3n a la gente y estaba mal herida, con sus intestinos fuera\u00bb.<\/em><\/p>\n<p>Consultado si es un animal de la zona o pudo haber sido ingresado, el profesional explic\u00f3 que <em>\u00abla culebra de cola larga es f\u00e1cil de encontrar en los campos, que est\u00e1 en los cerros que bordean a San Felipe y Los Andes, es una culebra aut\u00f3ctona de la zona y es una especie protegida\u00bb. <\/em><\/p>\n<p>Asimismo, y en relaci\u00f3n a c\u00f3mo pudo haber estado en la feria, Lemaitre dijo que <em>\u00ablo m\u00e1s probable es que haya sido por aplastamiento, pudo haber llegado en un cami\u00f3n a la feria, o le pudo haber pasado alguna rueda de auto por encima\u00bb.<\/em><\/p>\n<p>Finalmente, el m\u00e9dico veterinario confirm\u00f3 que, tras una serie de ex\u00e1menes m\u00e9dicos, el reptil falleci\u00f3 producto de las lesiones; <em>\u00ablamentablemente el da\u00f1o que tiene, la torci\u00f3n intestinal, hemorragia severa, el da\u00f1o es demasiado grande, as\u00ed que despu\u00e9s de consultar con expertos, decidimos dormirla, porque no tiene una recuperaci\u00f3n posible, se hizo lo que se pudo, se le dio una eutanasia sin dolor, bajo anestesia\u00bb,<\/em> cerr\u00f3.<\/p>\n<figure id=\"attachment_129947\" aria-describedby=\"caption-attachment-129947\" style=\"width: 700px\" class=\"wp-caption alignnone\"><img loading=\"lazy\" decoding=\"async\" class=\"size-full wp-image-129947\" src=\"https:\/\/eltrabajo.cl\/web\/wp-content\/uploads\/2024\/05\/serpiente.jpg\" alt=\"Falleci\u00f3 la serpiente que hab\u00eda sido encontrada en la feria de Yungay.\" width=\"700\" height=\"569\" srcset=\"https:\/\/eltrabajo.cl\/web\/wp-content\/uploads\/2024\/05\/serpiente.jpg 700w, https:\/\/eltrabajo.cl\/web\/wp-content\/uploads\/2024\/05\/serpiente-300x244.jpg 300w, https:\/\/eltrabajo.cl\/web\/wp-content\/uploads\/2024\/05\/serpiente-517x420.jpg 517w, https:\/\/eltrabajo.cl\/web\/wp-content\/uploads\/2024\/05\/serpiente-150x122.jpg 150w, https:\/\/eltrabajo.cl\/web\/wp-content\/uploads\/2024\/05\/serpiente-696x566.jpg 696w\" sizes=\"auto, (max-width: 700px) 100vw, 700px\" \/><figcaption id=\"caption-attachment-129947\" class=\"wp-caption-text\">Falleci\u00f3 la serpiente que hab\u00eda sido encontrada en la feria de Yungay.<\/figcaption><\/figure>\n","protected":false},"excerpt":{"rendered":"<p>Reptil fue &#8216;dormido&#8217; producto de la gravedad de las lesiones que ten\u00eda.- En la edici\u00f3n de ayer de Diario El Trabajo le d\u00e1bamos a conocer la noticia del hallazgo de una serpiente de cerca de 2 metros en la reja de la feria de Yungay en San Felipe. El animal fue rescatado y derivado a [&hellip;]<\/p>\n","protected":false},"author":1,"featured_media":129947,"comment_status":"open","ping_status":"open","sticky":false,"template":"","format":"standard","meta":{"footnotes":""},"categories":[3],"tags":[],"class_list":{"0":"post-129946","1":"post","2":"type-post","3":"status-publish","4":"format-standard","5":"has-post-thumbnail","7":"category-cronica-2"},"yoast_head":"<!-- This site is optimized with the Yoast SEO plugin v27.5 - https:\/\/yoast.com\/product\/yoast-seo-wordpress\/ -->\n<title>Falleci\u00f3 serpiente que fue encontrada en la reja de la feria de Yungay - Diario El Trabajo<\/title>\n<meta name=\"robots\" content=\"index, follow, max-snippet:-1, max-image-preview:large, max-video-preview:-1\" \/>\n<link rel=\"canonical\" href=\"https:\/\/eltrabajo.cl\/web\/fallecio-serpiente-que-fue-encontrada-en-la-reja-de-la-feria-de-yungay\/\" \/>\n<meta property=\"og:locale\" content=\"es_ES\" \/>\n<meta property=\"og:type\" content=\"article\" \/>\n<meta property=\"og:title\" content=\"Falleci\u00f3 serpiente que fue encontrada en la reja de la feria de Yungay - Diario El Trabajo\" \/>\n<meta property=\"og:description\" content=\"Reptil fue &#8216;dormido&#8217; producto de la gravedad de las lesiones que ten\u00eda.- En la edici\u00f3n de ayer de Diario El Trabajo le d\u00e1bamos a conocer la noticia del hallazgo de una serpiente de cerca de 2 metros en la reja de la feria de Yungay en San Felipe. El animal fue rescatado y derivado a [&hellip;]\" \/>\n<meta property=\"og:url\" content=\"https:\/\/eltrabajo.cl\/web\/fallecio-serpiente-que-fue-encontrada-en-la-reja-de-la-feria-de-yungay\/\" \/>\n<meta property=\"og:site_name\" content=\"Diario El Trabajo\" \/>\n<meta property=\"article:publisher\" content=\"https:\/\/www.facebook.com\/ElTrabajoDiario\" \/>\n<meta property=\"article:published_time\" content=\"2024-05-29T01:35:31+00:00\" \/>\n<meta property=\"og:image\" content=\"https:\/\/eltrabajo.cl\/web\/wp-content\/uploads\/2024\/05\/serpiente.jpg\" \/>\n\t<meta property=\"og:image:width\" content=\"700\" \/>\n\t<meta property=\"og:image:height\" content=\"569\" \/>\n\t<meta property=\"og:image:type\" content=\"image\/jpeg\" \/>\n<meta name=\"author\" content=\"Diario El Trabajo\" \/>\n<meta name=\"twitter:card\" content=\"summary_large_image\" \/>\n<meta name=\"twitter:creator\" content=\"@diarioeltrabajo\" \/>\n<meta name=\"twitter:site\" content=\"@diarioeltrabajo\" \/>\n<meta name=\"twitter:label1\" content=\"Escrito por\" \/>\n\t<meta name=\"twitter:data1\" content=\"Diario El Trabajo\" \/>\n\t<meta name=\"twitter:label2\" content=\"Tiempo estimado de lectura\" \/>\n\t<meta name=\"twitter:data2\" content=\"2 minutos\" \/>\n<script type=\"application\/ld+json\" class=\"yoast-schema-graph\">{\"@context\":\"https:\\\/\\\/schema.org\",\"@graph\":[{\"@type\":\"Article\",\"@id\":\"https:\\\/\\\/eltrabajo.cl\\\/web\\\/fallecio-serpiente-que-fue-encontrada-en-la-reja-de-la-feria-de-yungay\\\/#article\",\"isPartOf\":{\"@id\":\"https:\\\/\\\/eltrabajo.cl\\\/web\\\/fallecio-serpiente-que-fue-encontrada-en-la-reja-de-la-feria-de-yungay\\\/\"},\"author\":{\"name\":\"Diario El Trabajo\",\"@id\":\"https:\\\/\\\/eltrabajo.cl\\\/web\\\/#\\\/schema\\\/person\\\/45efd3d17f86ec456e44dd7debe1bf19\"},\"headline\":\"Falleci\u00f3 serpiente que fue encontrada en la reja de la feria de Yungay\",\"datePublished\":\"2024-05-29T01:35:31+00:00\",\"mainEntityOfPage\":{\"@id\":\"https:\\\/\\\/eltrabajo.cl\\\/web\\\/fallecio-serpiente-que-fue-encontrada-en-la-reja-de-la-feria-de-yungay\\\/\"},\"wordCount\":356,\"commentCount\":0,\"publisher\":{\"@id\":\"https:\\\/\\\/eltrabajo.cl\\\/web\\\/#organization\"},\"image\":{\"@id\":\"https:\\\/\\\/eltrabajo.cl\\\/web\\\/fallecio-serpiente-que-fue-encontrada-en-la-reja-de-la-feria-de-yungay\\\/#primaryimage\"},\"thumbnailUrl\":\"https:\\\/\\\/eltrabajo.cl\\\/web\\\/wp-content\\\/uploads\\\/2024\\\/05\\\/serpiente.jpg\",\"articleSection\":[\"Cr\u00f3nica\"],\"inLanguage\":\"es-CL\",\"potentialAction\":[{\"@type\":\"CommentAction\",\"name\":\"Comment\",\"target\":[\"https:\\\/\\\/eltrabajo.cl\\\/web\\\/fallecio-serpiente-que-fue-encontrada-en-la-reja-de-la-feria-de-yungay\\\/#respond\"]}]},{\"@type\":\"WebPage\",\"@id\":\"https:\\\/\\\/eltrabajo.cl\\\/web\\\/fallecio-serpiente-que-fue-encontrada-en-la-reja-de-la-feria-de-yungay\\\/\",\"url\":\"https:\\\/\\\/eltrabajo.cl\\\/web\\\/fallecio-serpiente-que-fue-encontrada-en-la-reja-de-la-feria-de-yungay\\\/\",\"name\":\"Falleci\u00f3 serpiente que fue encontrada en la reja de la feria de Yungay - Diario El Trabajo\",\"isPartOf\":{\"@id\":\"https:\\\/\\\/eltrabajo.cl\\\/web\\\/#website\"},\"primaryImageOfPage\":{\"@id\":\"https:\\\/\\\/eltrabajo.cl\\\/web\\\/fallecio-serpiente-que-fue-encontrada-en-la-reja-de-la-feria-de-yungay\\\/#primaryimage\"},\"image\":{\"@id\":\"https:\\\/\\\/eltrabajo.cl\\\/web\\\/fallecio-serpiente-que-fue-encontrada-en-la-reja-de-la-feria-de-yungay\\\/#primaryimage\"},\"thumbnailUrl\":\"https:\\\/\\\/eltrabajo.cl\\\/web\\\/wp-content\\\/uploads\\\/2024\\\/05\\\/serpiente.jpg\",\"datePublished\":\"2024-05-29T01:35:31+00:00\",\"breadcrumb\":{\"@id\":\"https:\\\/\\\/eltrabajo.cl\\\/web\\\/fallecio-serpiente-que-fue-encontrada-en-la-reja-de-la-feria-de-yungay\\\/#breadcrumb\"},\"inLanguage\":\"es-CL\",\"potentialAction\":[{\"@type\":\"ReadAction\",\"target\":[\"https:\\\/\\\/eltrabajo.cl\\\/web\\\/fallecio-serpiente-que-fue-encontrada-en-la-reja-de-la-feria-de-yungay\\\/\"]}]},{\"@type\":\"ImageObject\",\"inLanguage\":\"es-CL\",\"@id\":\"https:\\\/\\\/eltrabajo.cl\\\/web\\\/fallecio-serpiente-que-fue-encontrada-en-la-reja-de-la-feria-de-yungay\\\/#primaryimage\",\"url\":\"https:\\\/\\\/eltrabajo.cl\\\/web\\\/wp-content\\\/uploads\\\/2024\\\/05\\\/serpiente.jpg\",\"contentUrl\":\"https:\\\/\\\/eltrabajo.cl\\\/web\\\/wp-content\\\/uploads\\\/2024\\\/05\\\/serpiente.jpg\",\"width\":700,\"height\":569,\"caption\":\"Falleci\u00f3 la serpiente que hab\u00eda sido encontrada en la feria de Yungay.\"},{\"@type\":\"BreadcrumbList\",\"@id\":\"https:\\\/\\\/eltrabajo.cl\\\/web\\\/fallecio-serpiente-que-fue-encontrada-en-la-reja-de-la-feria-de-yungay\\\/#breadcrumb\",\"itemListElement\":[{\"@type\":\"ListItem\",\"position\":1,\"name\":\"Portada\",\"item\":\"https:\\\/\\\/eltrabajo.cl\\\/web\\\/\"},{\"@type\":\"ListItem\",\"position\":2,\"name\":\"Falleci\u00f3 serpiente que fue encontrada en la reja de la feria de Yungay\"}]},{\"@type\":\"WebSite\",\"@id\":\"https:\\\/\\\/eltrabajo.cl\\\/web\\\/#website\",\"url\":\"https:\\\/\\\/eltrabajo.cl\\\/web\\\/\",\"name\":\"Diario El Trabajo\",\"description\":\"Desde 1929 construyendo Identidad Local\",\"publisher\":{\"@id\":\"https:\\\/\\\/eltrabajo.cl\\\/web\\\/#organization\"},\"potentialAction\":[{\"@type\":\"SearchAction\",\"target\":{\"@type\":\"EntryPoint\",\"urlTemplate\":\"https:\\\/\\\/eltrabajo.cl\\\/web\\\/?s={search_term_string}\"},\"query-input\":{\"@type\":\"PropertyValueSpecification\",\"valueRequired\":true,\"valueName\":\"search_term_string\"}}],\"inLanguage\":\"es-CL\"},{\"@type\":\"Organization\",\"@id\":\"https:\\\/\\\/eltrabajo.cl\\\/web\\\/#organization\",\"name\":\"Diario El Trabajo\",\"url\":\"https:\\\/\\\/eltrabajo.cl\\\/web\\\/\",\"logo\":{\"@type\":\"ImageObject\",\"inLanguage\":\"es-CL\",\"@id\":\"https:\\\/\\\/eltrabajo.cl\\\/web\\\/#\\\/schema\\\/logo\\\/image\\\/\",\"url\":\"https:\\\/\\\/eltrabajo.cl\\\/web\\\/wp-content\\\/uploads\\\/2024\\\/06\\\/profile-image-ig-page-diarioeltrabajo.jpg\",\"contentUrl\":\"https:\\\/\\\/eltrabajo.cl\\\/web\\\/wp-content\\\/uploads\\\/2024\\\/06\\\/profile-image-ig-page-diarioeltrabajo.jpg\",\"width\":823,\"height\":823,\"caption\":\"Diario El Trabajo\"},\"image\":{\"@id\":\"https:\\\/\\\/eltrabajo.cl\\\/web\\\/#\\\/schema\\\/logo\\\/image\\\/\"},\"sameAs\":[\"https:\\\/\\\/www.facebook.com\\\/ElTrabajoDiario\",\"https:\\\/\\\/x.com\\\/diarioeltrabajo\"]},{\"@type\":\"Person\",\"@id\":\"https:\\\/\\\/eltrabajo.cl\\\/web\\\/#\\\/schema\\\/person\\\/45efd3d17f86ec456e44dd7debe1bf19\",\"name\":\"Diario El Trabajo\",\"image\":{\"@type\":\"ImageObject\",\"inLanguage\":\"es-CL\",\"@id\":\"https:\\\/\\\/secure.gravatar.com\\\/avatar\\\/7e6ec277dc4aea2677c2dc301d4227957219329c985ab69a3efc12518b5161aa?s=96&d=mm&r=g\",\"url\":\"https:\\\/\\\/secure.gravatar.com\\\/avatar\\\/7e6ec277dc4aea2677c2dc301d4227957219329c985ab69a3efc12518b5161aa?s=96&d=mm&r=g\",\"contentUrl\":\"https:\\\/\\\/secure.gravatar.com\\\/avatar\\\/7e6ec277dc4aea2677c2dc301d4227957219329c985ab69a3efc12518b5161aa?s=96&d=mm&r=g\",\"caption\":\"Diario El Trabajo\"},\"sameAs\":[\"https:\\\/\\\/eltrabajo.cl\\\/web\"],\"url\":\"https:\\\/\\\/eltrabajo.cl\\\/web\\\/author\\\/diario-el-trabajo\\\/\"}]}<\/script>\n<!-- \/ Yoast SEO plugin. -->","yoast_head_json":{"title":"Falleci\u00f3 serpiente que fue encontrada en la reja de la feria de Yungay - Diario El Trabajo","robots":{"index":"index","follow":"follow","max-snippet":"max-snippet:-1","max-image-preview":"max-image-preview:large","max-video-preview":"max-video-preview:-1"},"canonical":"https:\/\/eltrabajo.cl\/web\/fallecio-serpiente-que-fue-encontrada-en-la-reja-de-la-feria-de-yungay\/","og_locale":"es_ES","og_type":"article","og_title":"Falleci\u00f3 serpiente que fue encontrada en la reja de la feria de Yungay - Diario El Trabajo","og_description":"Reptil fue &#8216;dormido&#8217; producto de la gravedad de las lesiones que ten\u00eda.- En la edici\u00f3n de ayer de Diario El Trabajo le d\u00e1bamos a conocer la noticia del hallazgo de una serpiente de cerca de 2 metros en la reja de la feria de Yungay en San Felipe. El animal fue rescatado y derivado a [&hellip;]","og_url":"https:\/\/eltrabajo.cl\/web\/fallecio-serpiente-que-fue-encontrada-en-la-reja-de-la-feria-de-yungay\/","og_site_name":"Diario El Trabajo","article_publisher":"https:\/\/www.facebook.com\/ElTrabajoDiario","article_published_time":"2024-05-29T01:35:31+00:00","og_image":[{"width":700,"height":569,"url":"https:\/\/eltrabajo.cl\/web\/wp-content\/uploads\/2024\/05\/serpiente.jpg","type":"image\/jpeg"}],"author":"Diario El Trabajo","twitter_card":"summary_large_image","twitter_creator":"@diarioeltrabajo","twitter_site":"@diarioeltrabajo","twitter_misc":{"Escrito por":"Diario El Trabajo","Tiempo estimado de lectura":"2 minutos"},"schema":{"@context":"https:\/\/schema.org","@graph":[{"@type":"Article","@id":"https:\/\/eltrabajo.cl\/web\/fallecio-serpiente-que-fue-encontrada-en-la-reja-de-la-feria-de-yungay\/#article","isPartOf":{"@id":"https:\/\/eltrabajo.cl\/web\/fallecio-serpiente-que-fue-encontrada-en-la-reja-de-la-feria-de-yungay\/"},"author":{"name":"Diario El Trabajo","@id":"https:\/\/eltrabajo.cl\/web\/#\/schema\/person\/45efd3d17f86ec456e44dd7debe1bf19"},"headline":"Falleci\u00f3 serpiente que fue encontrada en la reja de la feria de Yungay","datePublished":"2024-05-29T01:35:31+00:00","mainEntityOfPage":{"@id":"https:\/\/eltrabajo.cl\/web\/fallecio-serpiente-que-fue-encontrada-en-la-reja-de-la-feria-de-yungay\/"},"wordCount":356,"commentCount":0,"publisher":{"@id":"https:\/\/eltrabajo.cl\/web\/#organization"},"image":{"@id":"https:\/\/eltrabajo.cl\/web\/fallecio-serpiente-que-fue-encontrada-en-la-reja-de-la-feria-de-yungay\/#primaryimage"},"thumbnailUrl":"https:\/\/eltrabajo.cl\/web\/wp-content\/uploads\/2024\/05\/serpiente.jpg","articleSection":["Cr\u00f3nica"],"inLanguage":"es-CL","potentialAction":[{"@type":"CommentAction","name":"Comment","target":["https:\/\/eltrabajo.cl\/web\/fallecio-serpiente-que-fue-encontrada-en-la-reja-de-la-feria-de-yungay\/#respond"]}]},{"@type":"WebPage","@id":"https:\/\/eltrabajo.cl\/web\/fallecio-serpiente-que-fue-encontrada-en-la-reja-de-la-feria-de-yungay\/","url":"https:\/\/eltrabajo.cl\/web\/fallecio-serpiente-que-fue-encontrada-en-la-reja-de-la-feria-de-yungay\/","name":"Falleci\u00f3 serpiente que fue encontrada en la reja de la feria de Yungay - Diario El Trabajo","isPartOf":{"@id":"https:\/\/eltrabajo.cl\/web\/#website"},"primaryImageOfPage":{"@id":"https:\/\/eltrabajo.cl\/web\/fallecio-serpiente-que-fue-encontrada-en-la-reja-de-la-feria-de-yungay\/#primaryimage"},"image":{"@id":"https:\/\/eltrabajo.cl\/web\/fallecio-serpiente-que-fue-encontrada-en-la-reja-de-la-feria-de-yungay\/#primaryimage"},"thumbnailUrl":"https:\/\/eltrabajo.cl\/web\/wp-content\/uploads\/2024\/05\/serpiente.jpg","datePublished":"2024-05-29T01:35:31+00:00","breadcrumb":{"@id":"https:\/\/eltrabajo.cl\/web\/fallecio-serpiente-que-fue-encontrada-en-la-reja-de-la-feria-de-yungay\/#breadcrumb"},"inLanguage":"es-CL","potentialAction":[{"@type":"ReadAction","target":["https:\/\/eltrabajo.cl\/web\/fallecio-serpiente-que-fue-encontrada-en-la-reja-de-la-feria-de-yungay\/"]}]},{"@type":"ImageObject","inLanguage":"es-CL","@id":"https:\/\/eltrabajo.cl\/web\/fallecio-serpiente-que-fue-encontrada-en-la-reja-de-la-feria-de-yungay\/#primaryimage","url":"https:\/\/eltrabajo.cl\/web\/wp-content\/uploads\/2024\/05\/serpiente.jpg","contentUrl":"https:\/\/eltrabajo.cl\/web\/wp-content\/uploads\/2024\/05\/serpiente.jpg","width":700,"height":569,"caption":"Falleci\u00f3 la serpiente que hab\u00eda sido encontrada en la feria de Yungay."},{"@type":"BreadcrumbList","@id":"https:\/\/eltrabajo.cl\/web\/fallecio-serpiente-que-fue-encontrada-en-la-reja-de-la-feria-de-yungay\/#breadcrumb","itemListElement":[{"@type":"ListItem","position":1,"name":"Portada","item":"https:\/\/eltrabajo.cl\/web\/"},{"@type":"ListItem","position":2,"name":"Falleci\u00f3 serpiente que fue encontrada en la reja de la feria de Yungay"}]},{"@type":"WebSite","@id":"https:\/\/eltrabajo.cl\/web\/#website","url":"https:\/\/eltrabajo.cl\/web\/","name":"Diario El Trabajo","description":"Desde 1929 construyendo Identidad Local","publisher":{"@id":"https:\/\/eltrabajo.cl\/web\/#organization"},"potentialAction":[{"@type":"SearchAction","target":{"@type":"EntryPoint","urlTemplate":"https:\/\/eltrabajo.cl\/web\/?s={search_term_string}"},"query-input":{"@type":"PropertyValueSpecification","valueRequired":true,"valueName":"search_term_string"}}],"inLanguage":"es-CL"},{"@type":"Organization","@id":"https:\/\/eltrabajo.cl\/web\/#organization","name":"Diario El Trabajo","url":"https:\/\/eltrabajo.cl\/web\/","logo":{"@type":"ImageObject","inLanguage":"es-CL","@id":"https:\/\/eltrabajo.cl\/web\/#\/schema\/logo\/image\/","url":"https:\/\/eltrabajo.cl\/web\/wp-content\/uploads\/2024\/06\/profile-image-ig-page-diarioeltrabajo.jpg","contentUrl":"https:\/\/eltrabajo.cl\/web\/wp-content\/uploads\/2024\/06\/profile-image-ig-page-diarioeltrabajo.jpg","width":823,"height":823,"caption":"Diario El Trabajo"},"image":{"@id":"https:\/\/eltrabajo.cl\/web\/#\/schema\/logo\/image\/"},"sameAs":["https:\/\/www.facebook.com\/ElTrabajoDiario","https:\/\/x.com\/diarioeltrabajo"]},{"@type":"Person","@id":"https:\/\/eltrabajo.cl\/web\/#\/schema\/person\/45efd3d17f86ec456e44dd7debe1bf19","name":"Diario El Trabajo","image":{"@type":"ImageObject","inLanguage":"es-CL","@id":"https:\/\/secure.gravatar.com\/avatar\/7e6ec277dc4aea2677c2dc301d4227957219329c985ab69a3efc12518b5161aa?s=96&d=mm&r=g","url":"https:\/\/secure.gravatar.com\/avatar\/7e6ec277dc4aea2677c2dc301d4227957219329c985ab69a3efc12518b5161aa?s=96&d=mm&r=g","contentUrl":"https:\/\/secure.gravatar.com\/avatar\/7e6ec277dc4aea2677c2dc301d4227957219329c985ab69a3efc12518b5161aa?s=96&d=mm&r=g","caption":"Diario El Trabajo"},"sameAs":["https:\/\/eltrabajo.cl\/web"],"url":"https:\/\/eltrabajo.cl\/web\/author\/diario-el-trabajo\/"}]}},"_links":{"self":[{"href":"https:\/\/eltrabajo.cl\/web\/wp-json\/wp\/v2\/posts\/129946","targetHints":{"allow":["GET"]}}],"collection":[{"href":"https:\/\/eltrabajo.cl\/web\/wp-json\/wp\/v2\/posts"}],"about":[{"href":"https:\/\/eltrabajo.cl\/web\/wp-json\/wp\/v2\/types\/post"}],"author":[{"embeddable":true,"href":"https:\/\/eltrabajo.cl\/web\/wp-json\/wp\/v2\/users\/1"}],"replies":[{"embeddable":true,"href":"https:\/\/eltrabajo.cl\/web\/wp-json\/wp\/v2\/comments?post=129946"}],"version-history":[{"count":0,"href":"https:\/\/eltrabajo.cl\/web\/wp-json\/wp\/v2\/posts\/129946\/revisions"}],"wp:featuredmedia":[{"embeddable":true,"href":"https:\/\/eltrabajo.cl\/web\/wp-json\/wp\/v2\/media\/129947"}],"wp:attachment":[{"href":"https:\/\/eltrabajo.cl\/web\/wp-json\/wp\/v2\/media?parent=129946"}],"wp:term":[{"taxonomy":"category","embeddable":true,"href":"https:\/\/eltrabajo.cl\/web\/wp-json\/wp\/v2\/categories?post=129946"},{"taxonomy":"post_tag","embeddable":true,"href":"https:\/\/eltrabajo.cl\/web\/wp-json\/wp\/v2\/tags?post=129946"}],"curies":[{"name":"wp","href":"https:\/\/api.w.org\/{rel}","templated":true}]}}