{"id":129960,"date":"2024-05-28T22:55:29","date_gmt":"2024-05-29T01:55:29","guid":{"rendered":"https:\/\/eltrabajo.cl\/web\/?p=129960"},"modified":"2024-05-28T23:29:28","modified_gmt":"2024-05-29T02:29:28","slug":"en-emotivo-homenaje-la-gran-palmenia-pizarro-se-despidio-de-los-escenarios","status":"publish","type":"post","link":"https:\/\/eltrabajo.cl\/web\/en-emotivo-homenaje-la-gran-palmenia-pizarro-se-despidio-de-los-escenarios\/","title":{"rendered":"En emotivo homenaje, la gran Palmenia Pizarro se despidi\u00f3 de los escenarios"},"content":{"rendered":"<ul>\n<li><strong>La artista sanfelipe\u00f1a cerr\u00f3 de manera oficial su carrera art\u00edstica de m\u00e1s de 60 a\u00f1os y lo hizo en compa\u00f1\u00eda de familiares, amigos, autoridades, fan\u00e1ticos y m\u00fasicos.-<\/strong><\/li>\n<\/ul>\n<p>Con una brillante carrera, que puso el nombre de San Felipe en lo m\u00e1s alto y pisando innumerables escenarios tanto en Chile como en el extranjero, este martes la int\u00e9rprete nacional, <strong>Palmenia Pizarro<\/strong>, realiz\u00f3 su retiro oficial de los escenarios en una emotiva ceremonia, poniendo fin a una trayectoria de m\u00e1s de 60 a\u00f1os, la cual estuvo marcada de \u00e9xitos.<\/p>\n<p>Familiares, amigos, m\u00fasicos, artistas, autoridades, fan\u00e1ticos y medios de comunicaci\u00f3n estuvieron presentes para el adi\u00f3s definitivo de los escenarios de la cantante sanfelipe\u00f1a de 82 a\u00f1os de edad, que tuvo lugar en el conocido restaurant La Ruca, ubicado en el sector de Curim\u00f3n. Cabe mencionar que la actividad se llev\u00f3 a cabo en el \u2018Sal\u00f3n Palmenia Pizarro\u2019 del mencionado recinto.<\/p>\n<p>\u00c9xitos como \u2018Cari\u00f1o Malo\u2019 y \u2018Ajeno\u2019 ya no ser\u00e1n escuchadas en vivo, pero vivir\u00e1n en la memoria de todos quienes crecieron viendo brillar a esta estrella, seguramente la m\u00e1s exitosa que ha dado el Valle del Aconcagua y que supo hacer carrera fuera de nuestro pa\u00eds, y que da fin a su carrera art\u00edstica debido al cansancio de esta profesi\u00f3n, considerando que empez\u00f3 a cantar muy joven, a los 14 a\u00f1os.<\/p>\n<p>La instancia, que quedar\u00e1 marcada en la historia de nuestra comuna y la m\u00fasica nacional, fue organizada por la Municipalidad de San Felipe, la Asociaci\u00f3n de Radiodifusores de Chile (Archi), Master Media, Turismo Aconcagua y La Ruca.<\/p>\n<p>En plena ceremonia, <strong>Palmenia Pizarro<\/strong> agradeci\u00f3 a la gran cantidad de personas que llegaron a presenciar su despedida en su tierra natal, demostrando el amor y recuerdos que conserva. <em>\u00abQu\u00e9 gusto que est\u00e9n aqu\u00ed acompa\u00f1\u00e1ndome en esta tarde mucha gente querida y la se\u00f1ora alcaldesa de San Felipe, mi familia, mis hermanas, mis hermanos que aqu\u00ed est\u00e1n, de verdad me siento muy contenta con mis nietos que tambi\u00e9n est\u00e1n aqu\u00ed esta tarde y me siento en familia, porque estoy en San Felipe, mi tierra; esta es mi tierra preciosa, que yo he amado siempre.<\/em><\/p>\n<p>\u00ab<em>Yo siempre presumo con los duraznos, con la fruta de San Felipe, presumo con todas las verduras que salen de aqu\u00ed, siempre ando presumiendo de todo lo que el Valle del Aconcagua da y mi tierra San Felipe, que son para m\u00ed important\u00edsimos en mi vida. Estoy aqu\u00ed ahora muy contenta de poder saludar a tanta gente, gracias, much\u00edsimas gracias. Estoy muy contenta de estar aqu\u00ed con ustedes, gracias por venir a acompa\u00f1arme en este d\u00eda que me despido de los escenarios, me despido para siempre, porque la verdad es que no quiero seguir cantando hasta cuando ustedes se aburran de mi canto, quiero seguir cantando hasta que yo quiera y cuando Dios me llame a su reino. Seguir\u00e9 cantando para ustedes con toda el alma, con todo el sentimiento que lo he hecho siempre, me emociono mucho de hablarle a la gente que est\u00e1 conmigo esta tarde\u00bb<\/em>, maniest\u00f3.<\/p>\n<p>En esta l\u00ednea, tuvo palabras para quienes se dieron cita desde distintos puntos de nuestro pa\u00eds y aclar\u00f3 su decisi\u00f3n de dejar los escenarios. <em>\u00abTambi\u00e9n quiero agradecer a la gente que vino de Antofagasta, de Villa Alemana, toda la gente que me ha saludado, ha venido mucha gente a despedirme, de verdad les digo, sinceramente, que me siento tan feliz de estar con ustedes esta tarde, sentirme acompa\u00f1ada en mi despedida, porque ya no canto m\u00e1s. Pero no lo hago porque no quiera cantar, lo que me aburre a m\u00ed es tener que hacer las maletas y echar la ropa a la maleta; todo eso me aburre a m\u00ed, me cansa y a elegir los vestidos que voy a usar para cantar. Por eso me canso, pero no me canso de cantar, nunca me he cansado de cantar, pero estoy muy contenta de saludarlos\u00bb<\/em>, sostuvo la artista nacional.<\/p>\n<p>Luego de emotivas palabras para Palmenia, saludos de conocidos artistas, un repaso de su laureada trayectoria y la entrega de reconocimientos, la int\u00e9rprete aconcag\u00fcina valor\u00f3 el homenaje realizado este martes. <em>\u00abHa sido un momento maravilloso estar aqu\u00ed con ustedes, poder decirle a toda la gente que los amo y que nunca los voy a olvidar, que siempre van a estar presente para m\u00ed, que esto es muy importante para mi vida y tengo que estar siempre con ustedes cantando. Hay muchos discos m\u00edos que est\u00e1n grabados que pueden escucharlos, tambi\u00e9n mi esposo tiene una radio, la Radio Flor Para\u00edso, donde pueden escuchar las canciones m\u00e1s nuevas que he grabado yo y que no tocan en todas las radios, entonces, est\u00e1n Flor Para\u00edso, la radio de Andr\u00e9s Carrasco.<\/em><\/p>\n<p>\u00ab<em>Voy a ir a descansar despu\u00e9s de todo esto, voy a compartir con mis hermanos, mis hermanas que est\u00e1n all\u00ed con mi familia. Voy a estar con ellos, porque necesito estar con ellos, de verdad, hac\u00eda tiempo que no ven\u00eda San Felipe, porque no he estado bien de salud, entonces, para m\u00ed es muy importante estar con mi familia tambi\u00e9n. Ha sido tan lindo que estoy tan emocionada, no s\u00e9 qu\u00e9 hacer, ya yo creo que mi coraz\u00f3n va a explotar, me entiendes t\u00fa, porque estoy con muchas emociones\u00bb<\/em>, cerr\u00f3.<\/p>\n<figure id=\"attachment_129961\" aria-describedby=\"caption-attachment-129961\" style=\"width: 699px\" class=\"wp-caption alignnone\"><img loading=\"lazy\" decoding=\"async\" class=\"size-full wp-image-129961\" src=\"https:\/\/eltrabajo.cl\/web\/wp-content\/uploads\/2024\/05\/palmenia-1.jpg\" alt=\"Este martes Palmenia Pizarro se despidi\u00f3 de los escenarios.\" width=\"699\" height=\"394\" srcset=\"https:\/\/eltrabajo.cl\/web\/wp-content\/uploads\/2024\/05\/palmenia-1.jpg 699w, https:\/\/eltrabajo.cl\/web\/wp-content\/uploads\/2024\/05\/palmenia-1-300x169.jpg 300w, https:\/\/eltrabajo.cl\/web\/wp-content\/uploads\/2024\/05\/palmenia-1-150x85.jpg 150w, https:\/\/eltrabajo.cl\/web\/wp-content\/uploads\/2024\/05\/palmenia-1-696x392.jpg 696w\" sizes=\"auto, (max-width: 699px) 100vw, 699px\" \/><figcaption id=\"caption-attachment-129961\" class=\"wp-caption-text\">Este martes Palmenia Pizarro se despidi\u00f3 de los escenarios.<\/figcaption><\/figure>\n<figure id=\"attachment_129962\" aria-describedby=\"caption-attachment-129962\" style=\"width: 699px\" class=\"wp-caption alignnone\"><img loading=\"lazy\" decoding=\"async\" class=\"size-full wp-image-129962\" src=\"https:\/\/eltrabajo.cl\/web\/wp-content\/uploads\/2024\/05\/palmenia-2.jpg\" alt=\"La cantante sanfelipe\u00f1a agradeciendo la gran cantidad de asistentes.\" width=\"699\" height=\"394\" srcset=\"https:\/\/eltrabajo.cl\/web\/wp-content\/uploads\/2024\/05\/palmenia-2.jpg 699w, https:\/\/eltrabajo.cl\/web\/wp-content\/uploads\/2024\/05\/palmenia-2-300x169.jpg 300w, https:\/\/eltrabajo.cl\/web\/wp-content\/uploads\/2024\/05\/palmenia-2-150x85.jpg 150w, https:\/\/eltrabajo.cl\/web\/wp-content\/uploads\/2024\/05\/palmenia-2-696x392.jpg 696w\" sizes=\"auto, (max-width: 699px) 100vw, 699px\" \/><figcaption id=\"caption-attachment-129962\" class=\"wp-caption-text\">La cantante sanfelipe\u00f1a agradeciendo la gran cantidad de asistentes.<\/figcaption><\/figure>\n<figure id=\"attachment_129963\" aria-describedby=\"caption-attachment-129963\" style=\"width: 699px\" class=\"wp-caption alignnone\"><img loading=\"lazy\" decoding=\"async\" class=\"size-full wp-image-129963\" src=\"https:\/\/eltrabajo.cl\/web\/wp-content\/uploads\/2024\/05\/palmenia-3.jpg\" alt=\"La instancia se llev\u00f3 a cabo en el \u2018Sal\u00f3n Palmenia Pizarro\u2019 de La Ruca.\" width=\"699\" height=\"394\" srcset=\"https:\/\/eltrabajo.cl\/web\/wp-content\/uploads\/2024\/05\/palmenia-3.jpg 699w, https:\/\/eltrabajo.cl\/web\/wp-content\/uploads\/2024\/05\/palmenia-3-300x169.jpg 300w, https:\/\/eltrabajo.cl\/web\/wp-content\/uploads\/2024\/05\/palmenia-3-150x85.jpg 150w, https:\/\/eltrabajo.cl\/web\/wp-content\/uploads\/2024\/05\/palmenia-3-696x392.jpg 696w\" sizes=\"auto, (max-width: 699px) 100vw, 699px\" \/><figcaption id=\"caption-attachment-129963\" class=\"wp-caption-text\">La instancia se llev\u00f3 a cabo en el \u2018Sal\u00f3n Palmenia Pizarro\u2019 de La Ruca.<\/figcaption><\/figure>\n<figure id=\"attachment_129964\" aria-describedby=\"caption-attachment-129964\" style=\"width: 699px\" class=\"wp-caption alignnone\"><img loading=\"lazy\" decoding=\"async\" class=\"size-full wp-image-129964\" src=\"https:\/\/eltrabajo.cl\/web\/wp-content\/uploads\/2024\/05\/palmenia-6.jpg\" alt=\"Junto a Sof\u00eda Cuellar, joven cantante de 13 a\u00f1os de nuestra comuna, quien adem\u00e1s le cant\u00f3 en la ceremonia.\" width=\"699\" height=\"634\" srcset=\"https:\/\/eltrabajo.cl\/web\/wp-content\/uploads\/2024\/05\/palmenia-6.jpg 699w, https:\/\/eltrabajo.cl\/web\/wp-content\/uploads\/2024\/05\/palmenia-6-300x272.jpg 300w, https:\/\/eltrabajo.cl\/web\/wp-content\/uploads\/2024\/05\/palmenia-6-463x420.jpg 463w, https:\/\/eltrabajo.cl\/web\/wp-content\/uploads\/2024\/05\/palmenia-6-150x136.jpg 150w, https:\/\/eltrabajo.cl\/web\/wp-content\/uploads\/2024\/05\/palmenia-6-696x631.jpg 696w\" sizes=\"auto, (max-width: 699px) 100vw, 699px\" \/><figcaption id=\"caption-attachment-129964\" class=\"wp-caption-text\">Junto a Sof\u00eda Cuellar, joven cantante de 13 a\u00f1os de nuestra comuna, quien adem\u00e1s le cant\u00f3 en la ceremonia.<\/figcaption><\/figure>\n","protected":false},"excerpt":{"rendered":"<p>La artista sanfelipe\u00f1a cerr\u00f3 de manera oficial su carrera art\u00edstica de m\u00e1s de 60 a\u00f1os y lo hizo en compa\u00f1\u00eda de familiares, amigos, autoridades, fan\u00e1ticos y m\u00fasicos.- Con una brillante carrera, que puso el nombre de San Felipe en lo m\u00e1s alto y pisando innumerables escenarios tanto en Chile como en el extranjero, este martes [&hellip;]<\/p>\n","protected":false},"author":1,"featured_media":129961,"comment_status":"open","ping_status":"open","sticky":false,"template":"","format":"standard","meta":{"footnotes":""},"categories":[4],"tags":[],"class_list":{"0":"post-129960","1":"post","2":"type-post","3":"status-publish","4":"format-standard","5":"has-post-thumbnail","7":"category-comunidad"},"yoast_head":"<!-- This site is optimized with the Yoast SEO plugin v27.5 - https:\/\/yoast.com\/product\/yoast-seo-wordpress\/ -->\n<title>En emotivo homenaje, la gran Palmenia Pizarro se despidi\u00f3 de los escenarios - Diario El Trabajo<\/title>\n<meta name=\"robots\" content=\"index, follow, max-snippet:-1, max-image-preview:large, max-video-preview:-1\" \/>\n<link rel=\"canonical\" href=\"https:\/\/eltrabajo.cl\/web\/en-emotivo-homenaje-la-gran-palmenia-pizarro-se-despidio-de-los-escenarios\/\" \/>\n<meta property=\"og:locale\" content=\"es_ES\" \/>\n<meta property=\"og:type\" content=\"article\" \/>\n<meta property=\"og:title\" content=\"En emotivo homenaje, la gran Palmenia Pizarro se despidi\u00f3 de los escenarios - Diario El Trabajo\" \/>\n<meta property=\"og:description\" content=\"La artista sanfelipe\u00f1a cerr\u00f3 de manera oficial su carrera art\u00edstica de m\u00e1s de 60 a\u00f1os y lo hizo en compa\u00f1\u00eda de familiares, amigos, autoridades, fan\u00e1ticos y m\u00fasicos.- Con una brillante carrera, que puso el nombre de San Felipe en lo m\u00e1s alto y pisando innumerables escenarios tanto en Chile como en el extranjero, este martes [&hellip;]\" \/>\n<meta property=\"og:url\" content=\"https:\/\/eltrabajo.cl\/web\/en-emotivo-homenaje-la-gran-palmenia-pizarro-se-despidio-de-los-escenarios\/\" \/>\n<meta property=\"og:site_name\" content=\"Diario El Trabajo\" \/>\n<meta property=\"article:publisher\" content=\"https:\/\/www.facebook.com\/ElTrabajoDiario\" \/>\n<meta property=\"article:published_time\" content=\"2024-05-29T01:55:29+00:00\" \/>\n<meta property=\"article:modified_time\" content=\"2024-05-29T02:29:28+00:00\" \/>\n<meta property=\"og:image\" content=\"https:\/\/eltrabajo.cl\/web\/wp-content\/uploads\/2024\/05\/palmenia-1.jpg\" \/>\n\t<meta property=\"og:image:width\" content=\"699\" \/>\n\t<meta property=\"og:image:height\" content=\"394\" \/>\n\t<meta property=\"og:image:type\" content=\"image\/jpeg\" \/>\n<meta name=\"author\" content=\"Diario El Trabajo\" \/>\n<meta name=\"twitter:card\" content=\"summary_large_image\" \/>\n<meta name=\"twitter:creator\" content=\"@diarioeltrabajo\" \/>\n<meta name=\"twitter:site\" content=\"@diarioeltrabajo\" \/>\n<meta name=\"twitter:label1\" content=\"Escrito por\" \/>\n\t<meta name=\"twitter:data1\" content=\"Diario El Trabajo\" \/>\n\t<meta name=\"twitter:label2\" content=\"Tiempo estimado de lectura\" \/>\n\t<meta name=\"twitter:data2\" content=\"5 minutos\" \/>\n<script type=\"application\/ld+json\" class=\"yoast-schema-graph\">{\"@context\":\"https:\\\/\\\/schema.org\",\"@graph\":[{\"@type\":\"Article\",\"@id\":\"https:\\\/\\\/eltrabajo.cl\\\/web\\\/en-emotivo-homenaje-la-gran-palmenia-pizarro-se-despidio-de-los-escenarios\\\/#article\",\"isPartOf\":{\"@id\":\"https:\\\/\\\/eltrabajo.cl\\\/web\\\/en-emotivo-homenaje-la-gran-palmenia-pizarro-se-despidio-de-los-escenarios\\\/\"},\"author\":{\"name\":\"Diario El Trabajo\",\"@id\":\"https:\\\/\\\/eltrabajo.cl\\\/web\\\/#\\\/schema\\\/person\\\/45efd3d17f86ec456e44dd7debe1bf19\"},\"headline\":\"En emotivo homenaje, la gran Palmenia Pizarro se despidi\u00f3 de los escenarios\",\"datePublished\":\"2024-05-29T01:55:29+00:00\",\"dateModified\":\"2024-05-29T02:29:28+00:00\",\"mainEntityOfPage\":{\"@id\":\"https:\\\/\\\/eltrabajo.cl\\\/web\\\/en-emotivo-homenaje-la-gran-palmenia-pizarro-se-despidio-de-los-escenarios\\\/\"},\"wordCount\":1016,\"commentCount\":0,\"publisher\":{\"@id\":\"https:\\\/\\\/eltrabajo.cl\\\/web\\\/#organization\"},\"image\":{\"@id\":\"https:\\\/\\\/eltrabajo.cl\\\/web\\\/en-emotivo-homenaje-la-gran-palmenia-pizarro-se-despidio-de-los-escenarios\\\/#primaryimage\"},\"thumbnailUrl\":\"https:\\\/\\\/eltrabajo.cl\\\/web\\\/wp-content\\\/uploads\\\/2024\\\/05\\\/palmenia-1.jpg\",\"articleSection\":[\"Comunidad\"],\"inLanguage\":\"es-CL\",\"potentialAction\":[{\"@type\":\"CommentAction\",\"name\":\"Comment\",\"target\":[\"https:\\\/\\\/eltrabajo.cl\\\/web\\\/en-emotivo-homenaje-la-gran-palmenia-pizarro-se-despidio-de-los-escenarios\\\/#respond\"]}]},{\"@type\":\"WebPage\",\"@id\":\"https:\\\/\\\/eltrabajo.cl\\\/web\\\/en-emotivo-homenaje-la-gran-palmenia-pizarro-se-despidio-de-los-escenarios\\\/\",\"url\":\"https:\\\/\\\/eltrabajo.cl\\\/web\\\/en-emotivo-homenaje-la-gran-palmenia-pizarro-se-despidio-de-los-escenarios\\\/\",\"name\":\"En emotivo homenaje, la gran Palmenia Pizarro se despidi\u00f3 de los escenarios - Diario El Trabajo\",\"isPartOf\":{\"@id\":\"https:\\\/\\\/eltrabajo.cl\\\/web\\\/#website\"},\"primaryImageOfPage\":{\"@id\":\"https:\\\/\\\/eltrabajo.cl\\\/web\\\/en-emotivo-homenaje-la-gran-palmenia-pizarro-se-despidio-de-los-escenarios\\\/#primaryimage\"},\"image\":{\"@id\":\"https:\\\/\\\/eltrabajo.cl\\\/web\\\/en-emotivo-homenaje-la-gran-palmenia-pizarro-se-despidio-de-los-escenarios\\\/#primaryimage\"},\"thumbnailUrl\":\"https:\\\/\\\/eltrabajo.cl\\\/web\\\/wp-content\\\/uploads\\\/2024\\\/05\\\/palmenia-1.jpg\",\"datePublished\":\"2024-05-29T01:55:29+00:00\",\"dateModified\":\"2024-05-29T02:29:28+00:00\",\"breadcrumb\":{\"@id\":\"https:\\\/\\\/eltrabajo.cl\\\/web\\\/en-emotivo-homenaje-la-gran-palmenia-pizarro-se-despidio-de-los-escenarios\\\/#breadcrumb\"},\"inLanguage\":\"es-CL\",\"potentialAction\":[{\"@type\":\"ReadAction\",\"target\":[\"https:\\\/\\\/eltrabajo.cl\\\/web\\\/en-emotivo-homenaje-la-gran-palmenia-pizarro-se-despidio-de-los-escenarios\\\/\"]}]},{\"@type\":\"ImageObject\",\"inLanguage\":\"es-CL\",\"@id\":\"https:\\\/\\\/eltrabajo.cl\\\/web\\\/en-emotivo-homenaje-la-gran-palmenia-pizarro-se-despidio-de-los-escenarios\\\/#primaryimage\",\"url\":\"https:\\\/\\\/eltrabajo.cl\\\/web\\\/wp-content\\\/uploads\\\/2024\\\/05\\\/palmenia-1.jpg\",\"contentUrl\":\"https:\\\/\\\/eltrabajo.cl\\\/web\\\/wp-content\\\/uploads\\\/2024\\\/05\\\/palmenia-1.jpg\",\"width\":699,\"height\":394,\"caption\":\"Este martes Palmenia Pizarro se despidi\u00f3 de los escenarios.\"},{\"@type\":\"BreadcrumbList\",\"@id\":\"https:\\\/\\\/eltrabajo.cl\\\/web\\\/en-emotivo-homenaje-la-gran-palmenia-pizarro-se-despidio-de-los-escenarios\\\/#breadcrumb\",\"itemListElement\":[{\"@type\":\"ListItem\",\"position\":1,\"name\":\"Portada\",\"item\":\"https:\\\/\\\/eltrabajo.cl\\\/web\\\/\"},{\"@type\":\"ListItem\",\"position\":2,\"name\":\"En emotivo homenaje, la gran Palmenia Pizarro se despidi\u00f3 de los escenarios\"}]},{\"@type\":\"WebSite\",\"@id\":\"https:\\\/\\\/eltrabajo.cl\\\/web\\\/#website\",\"url\":\"https:\\\/\\\/eltrabajo.cl\\\/web\\\/\",\"name\":\"Diario El Trabajo\",\"description\":\"Desde 1929 construyendo Identidad Local\",\"publisher\":{\"@id\":\"https:\\\/\\\/eltrabajo.cl\\\/web\\\/#organization\"},\"potentialAction\":[{\"@type\":\"SearchAction\",\"target\":{\"@type\":\"EntryPoint\",\"urlTemplate\":\"https:\\\/\\\/eltrabajo.cl\\\/web\\\/?s={search_term_string}\"},\"query-input\":{\"@type\":\"PropertyValueSpecification\",\"valueRequired\":true,\"valueName\":\"search_term_string\"}}],\"inLanguage\":\"es-CL\"},{\"@type\":\"Organization\",\"@id\":\"https:\\\/\\\/eltrabajo.cl\\\/web\\\/#organization\",\"name\":\"Diario El Trabajo\",\"url\":\"https:\\\/\\\/eltrabajo.cl\\\/web\\\/\",\"logo\":{\"@type\":\"ImageObject\",\"inLanguage\":\"es-CL\",\"@id\":\"https:\\\/\\\/eltrabajo.cl\\\/web\\\/#\\\/schema\\\/logo\\\/image\\\/\",\"url\":\"https:\\\/\\\/eltrabajo.cl\\\/web\\\/wp-content\\\/uploads\\\/2024\\\/06\\\/profile-image-ig-page-diarioeltrabajo.jpg\",\"contentUrl\":\"https:\\\/\\\/eltrabajo.cl\\\/web\\\/wp-content\\\/uploads\\\/2024\\\/06\\\/profile-image-ig-page-diarioeltrabajo.jpg\",\"width\":823,\"height\":823,\"caption\":\"Diario El Trabajo\"},\"image\":{\"@id\":\"https:\\\/\\\/eltrabajo.cl\\\/web\\\/#\\\/schema\\\/logo\\\/image\\\/\"},\"sameAs\":[\"https:\\\/\\\/www.facebook.com\\\/ElTrabajoDiario\",\"https:\\\/\\\/x.com\\\/diarioeltrabajo\"]},{\"@type\":\"Person\",\"@id\":\"https:\\\/\\\/eltrabajo.cl\\\/web\\\/#\\\/schema\\\/person\\\/45efd3d17f86ec456e44dd7debe1bf19\",\"name\":\"Diario El Trabajo\",\"image\":{\"@type\":\"ImageObject\",\"inLanguage\":\"es-CL\",\"@id\":\"https:\\\/\\\/secure.gravatar.com\\\/avatar\\\/7e6ec277dc4aea2677c2dc301d4227957219329c985ab69a3efc12518b5161aa?s=96&d=mm&r=g\",\"url\":\"https:\\\/\\\/secure.gravatar.com\\\/avatar\\\/7e6ec277dc4aea2677c2dc301d4227957219329c985ab69a3efc12518b5161aa?s=96&d=mm&r=g\",\"contentUrl\":\"https:\\\/\\\/secure.gravatar.com\\\/avatar\\\/7e6ec277dc4aea2677c2dc301d4227957219329c985ab69a3efc12518b5161aa?s=96&d=mm&r=g\",\"caption\":\"Diario El Trabajo\"},\"sameAs\":[\"https:\\\/\\\/eltrabajo.cl\\\/web\"],\"url\":\"https:\\\/\\\/eltrabajo.cl\\\/web\\\/author\\\/diario-el-trabajo\\\/\"}]}<\/script>\n<!-- \/ Yoast SEO plugin. -->","yoast_head_json":{"title":"En emotivo homenaje, la gran Palmenia Pizarro se despidi\u00f3 de los escenarios - Diario El Trabajo","robots":{"index":"index","follow":"follow","max-snippet":"max-snippet:-1","max-image-preview":"max-image-preview:large","max-video-preview":"max-video-preview:-1"},"canonical":"https:\/\/eltrabajo.cl\/web\/en-emotivo-homenaje-la-gran-palmenia-pizarro-se-despidio-de-los-escenarios\/","og_locale":"es_ES","og_type":"article","og_title":"En emotivo homenaje, la gran Palmenia Pizarro se despidi\u00f3 de los escenarios - Diario El Trabajo","og_description":"La artista sanfelipe\u00f1a cerr\u00f3 de manera oficial su carrera art\u00edstica de m\u00e1s de 60 a\u00f1os y lo hizo en compa\u00f1\u00eda de familiares, amigos, autoridades, fan\u00e1ticos y m\u00fasicos.- Con una brillante carrera, que puso el nombre de San Felipe en lo m\u00e1s alto y pisando innumerables escenarios tanto en Chile como en el extranjero, este martes [&hellip;]","og_url":"https:\/\/eltrabajo.cl\/web\/en-emotivo-homenaje-la-gran-palmenia-pizarro-se-despidio-de-los-escenarios\/","og_site_name":"Diario El Trabajo","article_publisher":"https:\/\/www.facebook.com\/ElTrabajoDiario","article_published_time":"2024-05-29T01:55:29+00:00","article_modified_time":"2024-05-29T02:29:28+00:00","og_image":[{"width":699,"height":394,"url":"https:\/\/eltrabajo.cl\/web\/wp-content\/uploads\/2024\/05\/palmenia-1.jpg","type":"image\/jpeg"}],"author":"Diario El Trabajo","twitter_card":"summary_large_image","twitter_creator":"@diarioeltrabajo","twitter_site":"@diarioeltrabajo","twitter_misc":{"Escrito por":"Diario El Trabajo","Tiempo estimado de lectura":"5 minutos"},"schema":{"@context":"https:\/\/schema.org","@graph":[{"@type":"Article","@id":"https:\/\/eltrabajo.cl\/web\/en-emotivo-homenaje-la-gran-palmenia-pizarro-se-despidio-de-los-escenarios\/#article","isPartOf":{"@id":"https:\/\/eltrabajo.cl\/web\/en-emotivo-homenaje-la-gran-palmenia-pizarro-se-despidio-de-los-escenarios\/"},"author":{"name":"Diario El Trabajo","@id":"https:\/\/eltrabajo.cl\/web\/#\/schema\/person\/45efd3d17f86ec456e44dd7debe1bf19"},"headline":"En emotivo homenaje, la gran Palmenia Pizarro se despidi\u00f3 de los escenarios","datePublished":"2024-05-29T01:55:29+00:00","dateModified":"2024-05-29T02:29:28+00:00","mainEntityOfPage":{"@id":"https:\/\/eltrabajo.cl\/web\/en-emotivo-homenaje-la-gran-palmenia-pizarro-se-despidio-de-los-escenarios\/"},"wordCount":1016,"commentCount":0,"publisher":{"@id":"https:\/\/eltrabajo.cl\/web\/#organization"},"image":{"@id":"https:\/\/eltrabajo.cl\/web\/en-emotivo-homenaje-la-gran-palmenia-pizarro-se-despidio-de-los-escenarios\/#primaryimage"},"thumbnailUrl":"https:\/\/eltrabajo.cl\/web\/wp-content\/uploads\/2024\/05\/palmenia-1.jpg","articleSection":["Comunidad"],"inLanguage":"es-CL","potentialAction":[{"@type":"CommentAction","name":"Comment","target":["https:\/\/eltrabajo.cl\/web\/en-emotivo-homenaje-la-gran-palmenia-pizarro-se-despidio-de-los-escenarios\/#respond"]}]},{"@type":"WebPage","@id":"https:\/\/eltrabajo.cl\/web\/en-emotivo-homenaje-la-gran-palmenia-pizarro-se-despidio-de-los-escenarios\/","url":"https:\/\/eltrabajo.cl\/web\/en-emotivo-homenaje-la-gran-palmenia-pizarro-se-despidio-de-los-escenarios\/","name":"En emotivo homenaje, la gran Palmenia Pizarro se despidi\u00f3 de los escenarios - Diario El Trabajo","isPartOf":{"@id":"https:\/\/eltrabajo.cl\/web\/#website"},"primaryImageOfPage":{"@id":"https:\/\/eltrabajo.cl\/web\/en-emotivo-homenaje-la-gran-palmenia-pizarro-se-despidio-de-los-escenarios\/#primaryimage"},"image":{"@id":"https:\/\/eltrabajo.cl\/web\/en-emotivo-homenaje-la-gran-palmenia-pizarro-se-despidio-de-los-escenarios\/#primaryimage"},"thumbnailUrl":"https:\/\/eltrabajo.cl\/web\/wp-content\/uploads\/2024\/05\/palmenia-1.jpg","datePublished":"2024-05-29T01:55:29+00:00","dateModified":"2024-05-29T02:29:28+00:00","breadcrumb":{"@id":"https:\/\/eltrabajo.cl\/web\/en-emotivo-homenaje-la-gran-palmenia-pizarro-se-despidio-de-los-escenarios\/#breadcrumb"},"inLanguage":"es-CL","potentialAction":[{"@type":"ReadAction","target":["https:\/\/eltrabajo.cl\/web\/en-emotivo-homenaje-la-gran-palmenia-pizarro-se-despidio-de-los-escenarios\/"]}]},{"@type":"ImageObject","inLanguage":"es-CL","@id":"https:\/\/eltrabajo.cl\/web\/en-emotivo-homenaje-la-gran-palmenia-pizarro-se-despidio-de-los-escenarios\/#primaryimage","url":"https:\/\/eltrabajo.cl\/web\/wp-content\/uploads\/2024\/05\/palmenia-1.jpg","contentUrl":"https:\/\/eltrabajo.cl\/web\/wp-content\/uploads\/2024\/05\/palmenia-1.jpg","width":699,"height":394,"caption":"Este martes Palmenia Pizarro se despidi\u00f3 de los escenarios."},{"@type":"BreadcrumbList","@id":"https:\/\/eltrabajo.cl\/web\/en-emotivo-homenaje-la-gran-palmenia-pizarro-se-despidio-de-los-escenarios\/#breadcrumb","itemListElement":[{"@type":"ListItem","position":1,"name":"Portada","item":"https:\/\/eltrabajo.cl\/web\/"},{"@type":"ListItem","position":2,"name":"En emotivo homenaje, la gran Palmenia Pizarro se despidi\u00f3 de los escenarios"}]},{"@type":"WebSite","@id":"https:\/\/eltrabajo.cl\/web\/#website","url":"https:\/\/eltrabajo.cl\/web\/","name":"Diario El Trabajo","description":"Desde 1929 construyendo Identidad Local","publisher":{"@id":"https:\/\/eltrabajo.cl\/web\/#organization"},"potentialAction":[{"@type":"SearchAction","target":{"@type":"EntryPoint","urlTemplate":"https:\/\/eltrabajo.cl\/web\/?s={search_term_string}"},"query-input":{"@type":"PropertyValueSpecification","valueRequired":true,"valueName":"search_term_string"}}],"inLanguage":"es-CL"},{"@type":"Organization","@id":"https:\/\/eltrabajo.cl\/web\/#organization","name":"Diario El Trabajo","url":"https:\/\/eltrabajo.cl\/web\/","logo":{"@type":"ImageObject","inLanguage":"es-CL","@id":"https:\/\/eltrabajo.cl\/web\/#\/schema\/logo\/image\/","url":"https:\/\/eltrabajo.cl\/web\/wp-content\/uploads\/2024\/06\/profile-image-ig-page-diarioeltrabajo.jpg","contentUrl":"https:\/\/eltrabajo.cl\/web\/wp-content\/uploads\/2024\/06\/profile-image-ig-page-diarioeltrabajo.jpg","width":823,"height":823,"caption":"Diario El Trabajo"},"image":{"@id":"https:\/\/eltrabajo.cl\/web\/#\/schema\/logo\/image\/"},"sameAs":["https:\/\/www.facebook.com\/ElTrabajoDiario","https:\/\/x.com\/diarioeltrabajo"]},{"@type":"Person","@id":"https:\/\/eltrabajo.cl\/web\/#\/schema\/person\/45efd3d17f86ec456e44dd7debe1bf19","name":"Diario El Trabajo","image":{"@type":"ImageObject","inLanguage":"es-CL","@id":"https:\/\/secure.gravatar.com\/avatar\/7e6ec277dc4aea2677c2dc301d4227957219329c985ab69a3efc12518b5161aa?s=96&d=mm&r=g","url":"https:\/\/secure.gravatar.com\/avatar\/7e6ec277dc4aea2677c2dc301d4227957219329c985ab69a3efc12518b5161aa?s=96&d=mm&r=g","contentUrl":"https:\/\/secure.gravatar.com\/avatar\/7e6ec277dc4aea2677c2dc301d4227957219329c985ab69a3efc12518b5161aa?s=96&d=mm&r=g","caption":"Diario El Trabajo"},"sameAs":["https:\/\/eltrabajo.cl\/web"],"url":"https:\/\/eltrabajo.cl\/web\/author\/diario-el-trabajo\/"}]}},"_links":{"self":[{"href":"https:\/\/eltrabajo.cl\/web\/wp-json\/wp\/v2\/posts\/129960","targetHints":{"allow":["GET"]}}],"collection":[{"href":"https:\/\/eltrabajo.cl\/web\/wp-json\/wp\/v2\/posts"}],"about":[{"href":"https:\/\/eltrabajo.cl\/web\/wp-json\/wp\/v2\/types\/post"}],"author":[{"embeddable":true,"href":"https:\/\/eltrabajo.cl\/web\/wp-json\/wp\/v2\/users\/1"}],"replies":[{"embeddable":true,"href":"https:\/\/eltrabajo.cl\/web\/wp-json\/wp\/v2\/comments?post=129960"}],"version-history":[{"count":0,"href":"https:\/\/eltrabajo.cl\/web\/wp-json\/wp\/v2\/posts\/129960\/revisions"}],"wp:featuredmedia":[{"embeddable":true,"href":"https:\/\/eltrabajo.cl\/web\/wp-json\/wp\/v2\/media\/129961"}],"wp:attachment":[{"href":"https:\/\/eltrabajo.cl\/web\/wp-json\/wp\/v2\/media?parent=129960"}],"wp:term":[{"taxonomy":"category","embeddable":true,"href":"https:\/\/eltrabajo.cl\/web\/wp-json\/wp\/v2\/categories?post=129960"},{"taxonomy":"post_tag","embeddable":true,"href":"https:\/\/eltrabajo.cl\/web\/wp-json\/wp\/v2\/tags?post=129960"}],"curies":[{"name":"wp","href":"https:\/\/api.w.org\/{rel}","templated":true}]}}