{"id":129970,"date":"2024-05-29T22:30:25","date_gmt":"2024-05-30T01:30:25","guid":{"rendered":"https:\/\/eltrabajo.cl\/web\/?p=129970"},"modified":"2024-05-29T21:53:28","modified_gmt":"2024-05-30T00:53:28","slug":"este-fin-de-semana-realizan-pospuestas-actividades-patrimoniales-en-putaendo","status":"publish","type":"post","link":"https:\/\/eltrabajo.cl\/web\/este-fin-de-semana-realizan-pospuestas-actividades-patrimoniales-en-putaendo\/","title":{"rendered":"Este fin de semana\u00a0 realizan pospuestas actividades patrimoniales en Putaendo"},"content":{"rendered":"<ul>\n<li><strong>Senderismo, feria costumbrista, recorridos patrimoniales por el centro de la comuna, adem\u00e1s de una serie de exposiciones, presentaciones y premiaciones.-<\/strong><\/li>\n<\/ul>\n<p>Aclarada la postergaci\u00f3n de actividades del D\u00eda de Los Patrimonios en la comuna de Putaendo a causa de las precipitaciones que se anunciaban para el pasado fin de semana, especialmente en la jornada del d\u00eda domingo, ya se dio a conocer la reprogramaci\u00f3n de estos eventos, los cuales se desarrollar\u00e1n durante este 1 y 2 de junio.<\/p>\n<p>Para el d\u00eda s\u00e1bado se llevar\u00e1 a cabo una expedici\u00f3n de senderismo hacia Los Corrales del Chalaco y Feria Costumbrista de Los Patos. En tanto, para el d\u00eda domingo se realizar\u00e1n recorridos patrimoniales en calle Comercio, precisamente para que los vecinos puedan conocer otros puntos hist\u00f3ricos del centro de la comuna de Putaendo.<\/p>\n<p>Adem\u00e1s, en la Plaza Prat se desarrollar\u00e1n diversas presentaciones art\u00edsticas, estar\u00e1 abierta a la comunidad una feria artesanal y un patio de comidas. Finalmente se llevar\u00e1 a cabo una exposici\u00f3n de autom\u00f3viles antiguos, un ajedrez patrimonial y una ceremonia de reconocimiento para quienes han destacado por la preservaci\u00f3n de identidad y patrimonio.<\/p>\n<p>Es por eso que, a lo largo de las jornadas de s\u00e1bado y domingo, los asistentes podr\u00e1n disfrutar almuerzos, comidas t\u00edpicas, cabalgatas, \u2018choquerada\u2019, cine patrimonial, m\u00fasica y emprendedores locales. El desarrollo de estas iniciativas para la comunidad es a trav\u00e9s de diversos organismos p\u00fablicos y privados, que se han unido para desarrollar aprendizaje y tener un fin de semana lleno de aventuras patrimoniales.<\/p>\n<p>En esta l\u00ednea, <strong>Mauricio Quiroz<\/strong>, alcalde de Putaendo, extendi\u00f3 la invitaci\u00f3n al Valle del Aconcagua, precisamente para sumarse a las actividades preparadas durante este fin de semana, enfoc\u00e1ndose en el cierre del d\u00eda domingo, que ser\u00e1 en pleno centro de la comuna. <em>\u00abQuiero hacer la invitaci\u00f3n para este fin de semana, vamos a conmemorar el D\u00eda de Los Patrimonios en Putaendo, en calle Comercio y la Plaza Prat, una invitaci\u00f3n abierta para todos y cada uno de ustedes, para que nos visiten, disfruten de nuestra gastronom\u00eda, de los artesanos y de todas las actividades que estamos programando para esos d\u00edas.<\/em><\/p>\n<p>\u00ab<em>A partir de las 10 de la ma\u00f1ana vamos a abrir once edificios, once casas patrimoniales de Putaendo, que t\u00fa podr\u00e1s visitar probablemente por primera vez, pero tenemos tambi\u00e9n una actividad central, en donde vamos a reconocer y a premiar a nuestros patrimonios vivos. Quiero invitar nuevamente a que compartan con nosotros el D\u00eda del Patrimonio en Putaendo el pr\u00f3ximo domingo, a partir de las 10:00 de la ma\u00f1ana\u00bb<\/em>, estableci\u00f3 el jefe comunal.<\/p>\n<p>Cabe mencionar que la fecha oficial de celebraci\u00f3n del D\u00eda de los Patrimonios fue el pasado fin de semana, 25 y 26, pero ante anuncios meteorol\u00f3gicos, el edil de Putaendo tom\u00f3 la decisi\u00f3n de posponer las actividades para este 1 y 2 de junio, donde se prev\u00e9 buen tiempo.<\/p>\n<figure id=\"attachment_129971\" aria-describedby=\"caption-attachment-129971\" style=\"width: 699px\" class=\"wp-caption alignnone\"><img loading=\"lazy\" decoding=\"async\" class=\"size-full wp-image-129971\" src=\"https:\/\/eltrabajo.cl\/web\/wp-content\/uploads\/2024\/05\/putaendo-patrimonio-2.jpg\" alt=\"Para el d\u00eda domingo, calle Comercio ser\u00e1 nuevamente el centro de un recorrido patrimonial.\" width=\"699\" height=\"428\" srcset=\"https:\/\/eltrabajo.cl\/web\/wp-content\/uploads\/2024\/05\/putaendo-patrimonio-2.jpg 699w, https:\/\/eltrabajo.cl\/web\/wp-content\/uploads\/2024\/05\/putaendo-patrimonio-2-300x184.jpg 300w, https:\/\/eltrabajo.cl\/web\/wp-content\/uploads\/2024\/05\/putaendo-patrimonio-2-686x420.jpg 686w, https:\/\/eltrabajo.cl\/web\/wp-content\/uploads\/2024\/05\/putaendo-patrimonio-2-150x92.jpg 150w, https:\/\/eltrabajo.cl\/web\/wp-content\/uploads\/2024\/05\/putaendo-patrimonio-2-696x426.jpg 696w\" sizes=\"auto, (max-width: 699px) 100vw, 699px\" \/><figcaption id=\"caption-attachment-129971\" class=\"wp-caption-text\">Para el d\u00eda domingo, calle Comercio ser\u00e1 nuevamente el centro de un recorrido patrimonial.<\/figcaption><\/figure>\n","protected":false},"excerpt":{"rendered":"<p>Senderismo, feria costumbrista, recorridos patrimoniales por el centro de la comuna, adem\u00e1s de una serie de exposiciones, presentaciones y premiaciones.- Aclarada la postergaci\u00f3n de actividades del D\u00eda de Los Patrimonios en la comuna de Putaendo a causa de las precipitaciones que se anunciaban para el pasado fin de semana, especialmente en la jornada del d\u00eda [&hellip;]<\/p>\n","protected":false},"author":1,"featured_media":129971,"comment_status":"open","ping_status":"open","sticky":false,"template":"","format":"standard","meta":{"footnotes":""},"categories":[3],"tags":[],"class_list":{"0":"post-129970","1":"post","2":"type-post","3":"status-publish","4":"format-standard","5":"has-post-thumbnail","7":"category-cronica-2"},"yoast_head":"<!-- This site is optimized with the Yoast SEO plugin v27.5 - https:\/\/yoast.com\/product\/yoast-seo-wordpress\/ -->\n<title>Este fin de semana\u00a0 realizan pospuestas actividades patrimoniales en Putaendo - Diario El Trabajo<\/title>\n<meta name=\"robots\" content=\"index, follow, max-snippet:-1, max-image-preview:large, max-video-preview:-1\" \/>\n<link rel=\"canonical\" href=\"https:\/\/eltrabajo.cl\/web\/este-fin-de-semana-realizan-pospuestas-actividades-patrimoniales-en-putaendo\/\" \/>\n<meta property=\"og:locale\" content=\"es_ES\" \/>\n<meta property=\"og:type\" content=\"article\" \/>\n<meta property=\"og:title\" content=\"Este fin de semana\u00a0 realizan pospuestas actividades patrimoniales en Putaendo - Diario El Trabajo\" \/>\n<meta property=\"og:description\" content=\"Senderismo, feria costumbrista, recorridos patrimoniales por el centro de la comuna, adem\u00e1s de una serie de exposiciones, presentaciones y premiaciones.- Aclarada la postergaci\u00f3n de actividades del D\u00eda de Los Patrimonios en la comuna de Putaendo a causa de las precipitaciones que se anunciaban para el pasado fin de semana, especialmente en la jornada del d\u00eda [&hellip;]\" \/>\n<meta property=\"og:url\" content=\"https:\/\/eltrabajo.cl\/web\/este-fin-de-semana-realizan-pospuestas-actividades-patrimoniales-en-putaendo\/\" \/>\n<meta property=\"og:site_name\" content=\"Diario El Trabajo\" \/>\n<meta property=\"article:publisher\" content=\"https:\/\/www.facebook.com\/ElTrabajoDiario\" \/>\n<meta property=\"article:published_time\" content=\"2024-05-30T01:30:25+00:00\" \/>\n<meta property=\"og:image\" content=\"https:\/\/eltrabajo.cl\/web\/wp-content\/uploads\/2024\/05\/putaendo-patrimonio-2.jpg\" \/>\n\t<meta property=\"og:image:width\" content=\"699\" \/>\n\t<meta property=\"og:image:height\" content=\"428\" \/>\n\t<meta property=\"og:image:type\" content=\"image\/jpeg\" \/>\n<meta name=\"author\" content=\"Diario El Trabajo\" \/>\n<meta name=\"twitter:card\" content=\"summary_large_image\" \/>\n<meta name=\"twitter:creator\" content=\"@diarioeltrabajo\" \/>\n<meta name=\"twitter:site\" content=\"@diarioeltrabajo\" \/>\n<meta name=\"twitter:label1\" content=\"Escrito por\" \/>\n\t<meta name=\"twitter:data1\" content=\"Diario El Trabajo\" \/>\n\t<meta name=\"twitter:label2\" content=\"Tiempo estimado de lectura\" \/>\n\t<meta name=\"twitter:data2\" content=\"3 minutos\" \/>\n<script type=\"application\/ld+json\" class=\"yoast-schema-graph\">{\"@context\":\"https:\\\/\\\/schema.org\",\"@graph\":[{\"@type\":\"Article\",\"@id\":\"https:\\\/\\\/eltrabajo.cl\\\/web\\\/este-fin-de-semana-realizan-pospuestas-actividades-patrimoniales-en-putaendo\\\/#article\",\"isPartOf\":{\"@id\":\"https:\\\/\\\/eltrabajo.cl\\\/web\\\/este-fin-de-semana-realizan-pospuestas-actividades-patrimoniales-en-putaendo\\\/\"},\"author\":{\"name\":\"Diario El Trabajo\",\"@id\":\"https:\\\/\\\/eltrabajo.cl\\\/web\\\/#\\\/schema\\\/person\\\/45efd3d17f86ec456e44dd7debe1bf19\"},\"headline\":\"Este fin de semana\u00a0 realizan pospuestas actividades patrimoniales en Putaendo\",\"datePublished\":\"2024-05-30T01:30:25+00:00\",\"mainEntityOfPage\":{\"@id\":\"https:\\\/\\\/eltrabajo.cl\\\/web\\\/este-fin-de-semana-realizan-pospuestas-actividades-patrimoniales-en-putaendo\\\/\"},\"wordCount\":535,\"commentCount\":0,\"publisher\":{\"@id\":\"https:\\\/\\\/eltrabajo.cl\\\/web\\\/#organization\"},\"image\":{\"@id\":\"https:\\\/\\\/eltrabajo.cl\\\/web\\\/este-fin-de-semana-realizan-pospuestas-actividades-patrimoniales-en-putaendo\\\/#primaryimage\"},\"thumbnailUrl\":\"https:\\\/\\\/eltrabajo.cl\\\/web\\\/wp-content\\\/uploads\\\/2024\\\/05\\\/putaendo-patrimonio-2.jpg\",\"articleSection\":[\"Cr\u00f3nica\"],\"inLanguage\":\"es-CL\",\"potentialAction\":[{\"@type\":\"CommentAction\",\"name\":\"Comment\",\"target\":[\"https:\\\/\\\/eltrabajo.cl\\\/web\\\/este-fin-de-semana-realizan-pospuestas-actividades-patrimoniales-en-putaendo\\\/#respond\"]}]},{\"@type\":\"WebPage\",\"@id\":\"https:\\\/\\\/eltrabajo.cl\\\/web\\\/este-fin-de-semana-realizan-pospuestas-actividades-patrimoniales-en-putaendo\\\/\",\"url\":\"https:\\\/\\\/eltrabajo.cl\\\/web\\\/este-fin-de-semana-realizan-pospuestas-actividades-patrimoniales-en-putaendo\\\/\",\"name\":\"Este fin de semana\u00a0 realizan pospuestas actividades patrimoniales en Putaendo - Diario El Trabajo\",\"isPartOf\":{\"@id\":\"https:\\\/\\\/eltrabajo.cl\\\/web\\\/#website\"},\"primaryImageOfPage\":{\"@id\":\"https:\\\/\\\/eltrabajo.cl\\\/web\\\/este-fin-de-semana-realizan-pospuestas-actividades-patrimoniales-en-putaendo\\\/#primaryimage\"},\"image\":{\"@id\":\"https:\\\/\\\/eltrabajo.cl\\\/web\\\/este-fin-de-semana-realizan-pospuestas-actividades-patrimoniales-en-putaendo\\\/#primaryimage\"},\"thumbnailUrl\":\"https:\\\/\\\/eltrabajo.cl\\\/web\\\/wp-content\\\/uploads\\\/2024\\\/05\\\/putaendo-patrimonio-2.jpg\",\"datePublished\":\"2024-05-30T01:30:25+00:00\",\"breadcrumb\":{\"@id\":\"https:\\\/\\\/eltrabajo.cl\\\/web\\\/este-fin-de-semana-realizan-pospuestas-actividades-patrimoniales-en-putaendo\\\/#breadcrumb\"},\"inLanguage\":\"es-CL\",\"potentialAction\":[{\"@type\":\"ReadAction\",\"target\":[\"https:\\\/\\\/eltrabajo.cl\\\/web\\\/este-fin-de-semana-realizan-pospuestas-actividades-patrimoniales-en-putaendo\\\/\"]}]},{\"@type\":\"ImageObject\",\"inLanguage\":\"es-CL\",\"@id\":\"https:\\\/\\\/eltrabajo.cl\\\/web\\\/este-fin-de-semana-realizan-pospuestas-actividades-patrimoniales-en-putaendo\\\/#primaryimage\",\"url\":\"https:\\\/\\\/eltrabajo.cl\\\/web\\\/wp-content\\\/uploads\\\/2024\\\/05\\\/putaendo-patrimonio-2.jpg\",\"contentUrl\":\"https:\\\/\\\/eltrabajo.cl\\\/web\\\/wp-content\\\/uploads\\\/2024\\\/05\\\/putaendo-patrimonio-2.jpg\",\"width\":699,\"height\":428,\"caption\":\"Para el d\u00eda domingo, calle Comercio ser\u00e1 nuevamente el centro de un recorrido patrimonial.\"},{\"@type\":\"BreadcrumbList\",\"@id\":\"https:\\\/\\\/eltrabajo.cl\\\/web\\\/este-fin-de-semana-realizan-pospuestas-actividades-patrimoniales-en-putaendo\\\/#breadcrumb\",\"itemListElement\":[{\"@type\":\"ListItem\",\"position\":1,\"name\":\"Portada\",\"item\":\"https:\\\/\\\/eltrabajo.cl\\\/web\\\/\"},{\"@type\":\"ListItem\",\"position\":2,\"name\":\"Este fin de semana\u00a0 realizan pospuestas actividades patrimoniales en Putaendo\"}]},{\"@type\":\"WebSite\",\"@id\":\"https:\\\/\\\/eltrabajo.cl\\\/web\\\/#website\",\"url\":\"https:\\\/\\\/eltrabajo.cl\\\/web\\\/\",\"name\":\"Diario El Trabajo\",\"description\":\"Desde 1929 construyendo Identidad Local\",\"publisher\":{\"@id\":\"https:\\\/\\\/eltrabajo.cl\\\/web\\\/#organization\"},\"potentialAction\":[{\"@type\":\"SearchAction\",\"target\":{\"@type\":\"EntryPoint\",\"urlTemplate\":\"https:\\\/\\\/eltrabajo.cl\\\/web\\\/?s={search_term_string}\"},\"query-input\":{\"@type\":\"PropertyValueSpecification\",\"valueRequired\":true,\"valueName\":\"search_term_string\"}}],\"inLanguage\":\"es-CL\"},{\"@type\":\"Organization\",\"@id\":\"https:\\\/\\\/eltrabajo.cl\\\/web\\\/#organization\",\"name\":\"Diario El Trabajo\",\"url\":\"https:\\\/\\\/eltrabajo.cl\\\/web\\\/\",\"logo\":{\"@type\":\"ImageObject\",\"inLanguage\":\"es-CL\",\"@id\":\"https:\\\/\\\/eltrabajo.cl\\\/web\\\/#\\\/schema\\\/logo\\\/image\\\/\",\"url\":\"https:\\\/\\\/eltrabajo.cl\\\/web\\\/wp-content\\\/uploads\\\/2024\\\/06\\\/profile-image-ig-page-diarioeltrabajo.jpg\",\"contentUrl\":\"https:\\\/\\\/eltrabajo.cl\\\/web\\\/wp-content\\\/uploads\\\/2024\\\/06\\\/profile-image-ig-page-diarioeltrabajo.jpg\",\"width\":823,\"height\":823,\"caption\":\"Diario El Trabajo\"},\"image\":{\"@id\":\"https:\\\/\\\/eltrabajo.cl\\\/web\\\/#\\\/schema\\\/logo\\\/image\\\/\"},\"sameAs\":[\"https:\\\/\\\/www.facebook.com\\\/ElTrabajoDiario\",\"https:\\\/\\\/x.com\\\/diarioeltrabajo\"]},{\"@type\":\"Person\",\"@id\":\"https:\\\/\\\/eltrabajo.cl\\\/web\\\/#\\\/schema\\\/person\\\/45efd3d17f86ec456e44dd7debe1bf19\",\"name\":\"Diario El Trabajo\",\"image\":{\"@type\":\"ImageObject\",\"inLanguage\":\"es-CL\",\"@id\":\"https:\\\/\\\/secure.gravatar.com\\\/avatar\\\/7e6ec277dc4aea2677c2dc301d4227957219329c985ab69a3efc12518b5161aa?s=96&d=mm&r=g\",\"url\":\"https:\\\/\\\/secure.gravatar.com\\\/avatar\\\/7e6ec277dc4aea2677c2dc301d4227957219329c985ab69a3efc12518b5161aa?s=96&d=mm&r=g\",\"contentUrl\":\"https:\\\/\\\/secure.gravatar.com\\\/avatar\\\/7e6ec277dc4aea2677c2dc301d4227957219329c985ab69a3efc12518b5161aa?s=96&d=mm&r=g\",\"caption\":\"Diario El Trabajo\"},\"sameAs\":[\"https:\\\/\\\/eltrabajo.cl\\\/web\"],\"url\":\"https:\\\/\\\/eltrabajo.cl\\\/web\\\/author\\\/diario-el-trabajo\\\/\"}]}<\/script>\n<!-- \/ Yoast SEO plugin. -->","yoast_head_json":{"title":"Este fin de semana\u00a0 realizan pospuestas actividades patrimoniales en Putaendo - Diario El Trabajo","robots":{"index":"index","follow":"follow","max-snippet":"max-snippet:-1","max-image-preview":"max-image-preview:large","max-video-preview":"max-video-preview:-1"},"canonical":"https:\/\/eltrabajo.cl\/web\/este-fin-de-semana-realizan-pospuestas-actividades-patrimoniales-en-putaendo\/","og_locale":"es_ES","og_type":"article","og_title":"Este fin de semana\u00a0 realizan pospuestas actividades patrimoniales en Putaendo - Diario El Trabajo","og_description":"Senderismo, feria costumbrista, recorridos patrimoniales por el centro de la comuna, adem\u00e1s de una serie de exposiciones, presentaciones y premiaciones.- Aclarada la postergaci\u00f3n de actividades del D\u00eda de Los Patrimonios en la comuna de Putaendo a causa de las precipitaciones que se anunciaban para el pasado fin de semana, especialmente en la jornada del d\u00eda [&hellip;]","og_url":"https:\/\/eltrabajo.cl\/web\/este-fin-de-semana-realizan-pospuestas-actividades-patrimoniales-en-putaendo\/","og_site_name":"Diario El Trabajo","article_publisher":"https:\/\/www.facebook.com\/ElTrabajoDiario","article_published_time":"2024-05-30T01:30:25+00:00","og_image":[{"width":699,"height":428,"url":"https:\/\/eltrabajo.cl\/web\/wp-content\/uploads\/2024\/05\/putaendo-patrimonio-2.jpg","type":"image\/jpeg"}],"author":"Diario El Trabajo","twitter_card":"summary_large_image","twitter_creator":"@diarioeltrabajo","twitter_site":"@diarioeltrabajo","twitter_misc":{"Escrito por":"Diario El Trabajo","Tiempo estimado de lectura":"3 minutos"},"schema":{"@context":"https:\/\/schema.org","@graph":[{"@type":"Article","@id":"https:\/\/eltrabajo.cl\/web\/este-fin-de-semana-realizan-pospuestas-actividades-patrimoniales-en-putaendo\/#article","isPartOf":{"@id":"https:\/\/eltrabajo.cl\/web\/este-fin-de-semana-realizan-pospuestas-actividades-patrimoniales-en-putaendo\/"},"author":{"name":"Diario El Trabajo","@id":"https:\/\/eltrabajo.cl\/web\/#\/schema\/person\/45efd3d17f86ec456e44dd7debe1bf19"},"headline":"Este fin de semana\u00a0 realizan pospuestas actividades patrimoniales en Putaendo","datePublished":"2024-05-30T01:30:25+00:00","mainEntityOfPage":{"@id":"https:\/\/eltrabajo.cl\/web\/este-fin-de-semana-realizan-pospuestas-actividades-patrimoniales-en-putaendo\/"},"wordCount":535,"commentCount":0,"publisher":{"@id":"https:\/\/eltrabajo.cl\/web\/#organization"},"image":{"@id":"https:\/\/eltrabajo.cl\/web\/este-fin-de-semana-realizan-pospuestas-actividades-patrimoniales-en-putaendo\/#primaryimage"},"thumbnailUrl":"https:\/\/eltrabajo.cl\/web\/wp-content\/uploads\/2024\/05\/putaendo-patrimonio-2.jpg","articleSection":["Cr\u00f3nica"],"inLanguage":"es-CL","potentialAction":[{"@type":"CommentAction","name":"Comment","target":["https:\/\/eltrabajo.cl\/web\/este-fin-de-semana-realizan-pospuestas-actividades-patrimoniales-en-putaendo\/#respond"]}]},{"@type":"WebPage","@id":"https:\/\/eltrabajo.cl\/web\/este-fin-de-semana-realizan-pospuestas-actividades-patrimoniales-en-putaendo\/","url":"https:\/\/eltrabajo.cl\/web\/este-fin-de-semana-realizan-pospuestas-actividades-patrimoniales-en-putaendo\/","name":"Este fin de semana\u00a0 realizan pospuestas actividades patrimoniales en Putaendo - Diario El Trabajo","isPartOf":{"@id":"https:\/\/eltrabajo.cl\/web\/#website"},"primaryImageOfPage":{"@id":"https:\/\/eltrabajo.cl\/web\/este-fin-de-semana-realizan-pospuestas-actividades-patrimoniales-en-putaendo\/#primaryimage"},"image":{"@id":"https:\/\/eltrabajo.cl\/web\/este-fin-de-semana-realizan-pospuestas-actividades-patrimoniales-en-putaendo\/#primaryimage"},"thumbnailUrl":"https:\/\/eltrabajo.cl\/web\/wp-content\/uploads\/2024\/05\/putaendo-patrimonio-2.jpg","datePublished":"2024-05-30T01:30:25+00:00","breadcrumb":{"@id":"https:\/\/eltrabajo.cl\/web\/este-fin-de-semana-realizan-pospuestas-actividades-patrimoniales-en-putaendo\/#breadcrumb"},"inLanguage":"es-CL","potentialAction":[{"@type":"ReadAction","target":["https:\/\/eltrabajo.cl\/web\/este-fin-de-semana-realizan-pospuestas-actividades-patrimoniales-en-putaendo\/"]}]},{"@type":"ImageObject","inLanguage":"es-CL","@id":"https:\/\/eltrabajo.cl\/web\/este-fin-de-semana-realizan-pospuestas-actividades-patrimoniales-en-putaendo\/#primaryimage","url":"https:\/\/eltrabajo.cl\/web\/wp-content\/uploads\/2024\/05\/putaendo-patrimonio-2.jpg","contentUrl":"https:\/\/eltrabajo.cl\/web\/wp-content\/uploads\/2024\/05\/putaendo-patrimonio-2.jpg","width":699,"height":428,"caption":"Para el d\u00eda domingo, calle Comercio ser\u00e1 nuevamente el centro de un recorrido patrimonial."},{"@type":"BreadcrumbList","@id":"https:\/\/eltrabajo.cl\/web\/este-fin-de-semana-realizan-pospuestas-actividades-patrimoniales-en-putaendo\/#breadcrumb","itemListElement":[{"@type":"ListItem","position":1,"name":"Portada","item":"https:\/\/eltrabajo.cl\/web\/"},{"@type":"ListItem","position":2,"name":"Este fin de semana\u00a0 realizan pospuestas actividades patrimoniales en Putaendo"}]},{"@type":"WebSite","@id":"https:\/\/eltrabajo.cl\/web\/#website","url":"https:\/\/eltrabajo.cl\/web\/","name":"Diario El Trabajo","description":"Desde 1929 construyendo Identidad Local","publisher":{"@id":"https:\/\/eltrabajo.cl\/web\/#organization"},"potentialAction":[{"@type":"SearchAction","target":{"@type":"EntryPoint","urlTemplate":"https:\/\/eltrabajo.cl\/web\/?s={search_term_string}"},"query-input":{"@type":"PropertyValueSpecification","valueRequired":true,"valueName":"search_term_string"}}],"inLanguage":"es-CL"},{"@type":"Organization","@id":"https:\/\/eltrabajo.cl\/web\/#organization","name":"Diario El Trabajo","url":"https:\/\/eltrabajo.cl\/web\/","logo":{"@type":"ImageObject","inLanguage":"es-CL","@id":"https:\/\/eltrabajo.cl\/web\/#\/schema\/logo\/image\/","url":"https:\/\/eltrabajo.cl\/web\/wp-content\/uploads\/2024\/06\/profile-image-ig-page-diarioeltrabajo.jpg","contentUrl":"https:\/\/eltrabajo.cl\/web\/wp-content\/uploads\/2024\/06\/profile-image-ig-page-diarioeltrabajo.jpg","width":823,"height":823,"caption":"Diario El Trabajo"},"image":{"@id":"https:\/\/eltrabajo.cl\/web\/#\/schema\/logo\/image\/"},"sameAs":["https:\/\/www.facebook.com\/ElTrabajoDiario","https:\/\/x.com\/diarioeltrabajo"]},{"@type":"Person","@id":"https:\/\/eltrabajo.cl\/web\/#\/schema\/person\/45efd3d17f86ec456e44dd7debe1bf19","name":"Diario El Trabajo","image":{"@type":"ImageObject","inLanguage":"es-CL","@id":"https:\/\/secure.gravatar.com\/avatar\/7e6ec277dc4aea2677c2dc301d4227957219329c985ab69a3efc12518b5161aa?s=96&d=mm&r=g","url":"https:\/\/secure.gravatar.com\/avatar\/7e6ec277dc4aea2677c2dc301d4227957219329c985ab69a3efc12518b5161aa?s=96&d=mm&r=g","contentUrl":"https:\/\/secure.gravatar.com\/avatar\/7e6ec277dc4aea2677c2dc301d4227957219329c985ab69a3efc12518b5161aa?s=96&d=mm&r=g","caption":"Diario El Trabajo"},"sameAs":["https:\/\/eltrabajo.cl\/web"],"url":"https:\/\/eltrabajo.cl\/web\/author\/diario-el-trabajo\/"}]}},"_links":{"self":[{"href":"https:\/\/eltrabajo.cl\/web\/wp-json\/wp\/v2\/posts\/129970","targetHints":{"allow":["GET"]}}],"collection":[{"href":"https:\/\/eltrabajo.cl\/web\/wp-json\/wp\/v2\/posts"}],"about":[{"href":"https:\/\/eltrabajo.cl\/web\/wp-json\/wp\/v2\/types\/post"}],"author":[{"embeddable":true,"href":"https:\/\/eltrabajo.cl\/web\/wp-json\/wp\/v2\/users\/1"}],"replies":[{"embeddable":true,"href":"https:\/\/eltrabajo.cl\/web\/wp-json\/wp\/v2\/comments?post=129970"}],"version-history":[{"count":0,"href":"https:\/\/eltrabajo.cl\/web\/wp-json\/wp\/v2\/posts\/129970\/revisions"}],"wp:featuredmedia":[{"embeddable":true,"href":"https:\/\/eltrabajo.cl\/web\/wp-json\/wp\/v2\/media\/129971"}],"wp:attachment":[{"href":"https:\/\/eltrabajo.cl\/web\/wp-json\/wp\/v2\/media?parent=129970"}],"wp:term":[{"taxonomy":"category","embeddable":true,"href":"https:\/\/eltrabajo.cl\/web\/wp-json\/wp\/v2\/categories?post=129970"},{"taxonomy":"post_tag","embeddable":true,"href":"https:\/\/eltrabajo.cl\/web\/wp-json\/wp\/v2\/tags?post=129970"}],"curies":[{"name":"wp","href":"https:\/\/api.w.org\/{rel}","templated":true}]}}