{"id":130128,"date":"2024-06-06T22:40:07","date_gmt":"2024-06-07T01:40:07","guid":{"rendered":"https:\/\/eltrabajo.cl\/web\/?p=130128"},"modified":"2024-06-06T22:24:04","modified_gmt":"2024-06-07T01:24:04","slug":"la-verdadera-historia-de-las-matas-de-ruda-en-el-municipal","status":"publish","type":"post","link":"https:\/\/eltrabajo.cl\/web\/la-verdadera-historia-de-las-matas-de-ruda-en-el-municipal\/","title":{"rendered":"La verdadera historia de las Matas de Ruda en el Municipal"},"content":{"rendered":"<p>En noticia nacional se convirti\u00f3 la plantaci\u00f3n de dos matas de Ruda en los arcos del estadio Municipal. Los medios que dieron a conocer esa informacion, equivocadamente se\u00f1alaron que fue Uni\u00f3n San Felipe el que, en un acto desesperado por los malos resultados, quiso espantar a la mala suerte, y al mismo tiempo atraer buenas energ\u00edas.<\/p>\n<p>La verdad no es otra que las dos matas de Ruda, no fueron plantadas por miembros del club albirrojo, sino que por los hist\u00f3ricos integrantes de radio Aconcagua, <strong>V\u00edctor Gonz\u00e1lez<\/strong> y <strong>V\u00edctor \u2018Cham\u00e1n\u2019 Salgado<\/strong>, quienes presos de su amor por el Un\u00ed Un\u00ed, quisieron aportar desde el lado m\u00e1s esot\u00e9rico para la obtenci\u00f3n de buenos resultados. <em>\u00abLa idea surgi\u00f3 en el programa Deportes En Aconcagua, debido a que muchos de los auditores ped\u00edan una intervenci\u00f3n que fuera un poco m\u00e1s all\u00e1 de lo convencional, y nosotros quisimos colaborar\u00bb,<\/em> relat\u00f3 a <strong>El Trabajo Deportivo<\/strong>, el conocido \u2018Cham\u00e1n\u2019 Salgado\u2019.<\/p>\n<p>Bueno, dem\u00e1s est\u00e1 decir que la acci\u00f3n no tuvo r\u00e9ditos positivos, porque igual Uni\u00f3n San Felipe perdi\u00f3. Sin embargo, la suerte casi estuvo de su lado, porque antes del primer gol arique\u00f1o que fue casi en el final del pleito, hubo sendos tiros en los palos que salvaron a los sanfelipe\u00f1os, por lo que, si se mira el vaso medio lleno, la plantaci\u00f3n de Ruda estuvo a minutos de dar resultados. Para otra vez ser\u00e1.<\/p>\n<figure id=\"attachment_130129\" aria-describedby=\"caption-attachment-130129\" style=\"width: 699px\" class=\"wp-caption alignnone\"><img loading=\"lazy\" decoding=\"async\" class=\"size-full wp-image-130129\" src=\"https:\/\/eltrabajo.cl\/web\/wp-content\/uploads\/2024\/06\/ruda.jpg\" alt=\"Los reconocidos comunicadores en plena faena de la plantaci\u00f3n de la Ruda.\" width=\"699\" height=\"506\" srcset=\"https:\/\/eltrabajo.cl\/web\/wp-content\/uploads\/2024\/06\/ruda.jpg 699w, https:\/\/eltrabajo.cl\/web\/wp-content\/uploads\/2024\/06\/ruda-300x217.jpg 300w, https:\/\/eltrabajo.cl\/web\/wp-content\/uploads\/2024\/06\/ruda-580x420.jpg 580w, https:\/\/eltrabajo.cl\/web\/wp-content\/uploads\/2024\/06\/ruda-150x109.jpg 150w, https:\/\/eltrabajo.cl\/web\/wp-content\/uploads\/2024\/06\/ruda-696x504.jpg 696w, https:\/\/eltrabajo.cl\/web\/wp-content\/uploads\/2024\/06\/ruda-324x235.jpg 324w\" sizes=\"auto, (max-width: 699px) 100vw, 699px\" \/><figcaption id=\"caption-attachment-130129\" class=\"wp-caption-text\">Los reconocidos comunicadores en plena faena de la plantaci\u00f3n de la Ruda.<\/figcaption><\/figure>\n","protected":false},"excerpt":{"rendered":"<p>En noticia nacional se convirti\u00f3 la plantaci\u00f3n de dos matas de Ruda en los arcos del estadio Municipal. Los medios que dieron a conocer esa informacion, equivocadamente se\u00f1alaron que fue Uni\u00f3n San Felipe el que, en un acto desesperado por los malos resultados, quiso espantar a la mala suerte, y al mismo tiempo atraer buenas [&hellip;]<\/p>\n","protected":false},"author":1,"featured_media":130129,"comment_status":"open","ping_status":"open","sticky":false,"template":"","format":"standard","meta":{"footnotes":""},"categories":[2],"tags":[],"class_list":{"0":"post-130128","1":"post","2":"type-post","3":"status-publish","4":"format-standard","5":"has-post-thumbnail","7":"category-deportes"},"yoast_head":"<!-- This site is optimized with the Yoast SEO plugin v27.4 - https:\/\/yoast.com\/product\/yoast-seo-wordpress\/ -->\n<title>La verdadera historia de las Matas de Ruda en el Municipal - Diario El Trabajo<\/title>\n<meta name=\"robots\" content=\"index, follow, max-snippet:-1, max-image-preview:large, max-video-preview:-1\" \/>\n<link rel=\"canonical\" href=\"https:\/\/eltrabajo.cl\/web\/la-verdadera-historia-de-las-matas-de-ruda-en-el-municipal\/\" \/>\n<meta property=\"og:locale\" content=\"es_ES\" \/>\n<meta property=\"og:type\" content=\"article\" \/>\n<meta property=\"og:title\" content=\"La verdadera historia de las Matas de Ruda en el Municipal - Diario El Trabajo\" \/>\n<meta property=\"og:description\" content=\"En noticia nacional se convirti\u00f3 la plantaci\u00f3n de dos matas de Ruda en los arcos del estadio Municipal. Los medios que dieron a conocer esa informacion, equivocadamente se\u00f1alaron que fue Uni\u00f3n San Felipe el que, en un acto desesperado por los malos resultados, quiso espantar a la mala suerte, y al mismo tiempo atraer buenas [&hellip;]\" \/>\n<meta property=\"og:url\" content=\"https:\/\/eltrabajo.cl\/web\/la-verdadera-historia-de-las-matas-de-ruda-en-el-municipal\/\" \/>\n<meta property=\"og:site_name\" content=\"Diario El Trabajo\" \/>\n<meta property=\"article:publisher\" content=\"https:\/\/www.facebook.com\/ElTrabajoDiario\" \/>\n<meta property=\"article:published_time\" content=\"2024-06-07T01:40:07+00:00\" \/>\n<meta property=\"og:image\" content=\"https:\/\/eltrabajo.cl\/web\/wp-content\/uploads\/2024\/06\/ruda.jpg\" \/>\n\t<meta property=\"og:image:width\" content=\"699\" \/>\n\t<meta property=\"og:image:height\" content=\"506\" \/>\n\t<meta property=\"og:image:type\" content=\"image\/jpeg\" \/>\n<meta name=\"author\" content=\"Diario El Trabajo\" \/>\n<meta name=\"twitter:card\" content=\"summary_large_image\" \/>\n<meta name=\"twitter:creator\" content=\"@diarioeltrabajo\" \/>\n<meta name=\"twitter:site\" content=\"@diarioeltrabajo\" \/>\n<meta name=\"twitter:label1\" content=\"Escrito por\" \/>\n\t<meta name=\"twitter:data1\" content=\"Diario El Trabajo\" \/>\n\t<meta name=\"twitter:label2\" content=\"Tiempo estimado de lectura\" \/>\n\t<meta name=\"twitter:data2\" content=\"1 minuto\" \/>\n<script type=\"application\/ld+json\" class=\"yoast-schema-graph\">{\"@context\":\"https:\\\/\\\/schema.org\",\"@graph\":[{\"@type\":\"Article\",\"@id\":\"https:\\\/\\\/eltrabajo.cl\\\/web\\\/la-verdadera-historia-de-las-matas-de-ruda-en-el-municipal\\\/#article\",\"isPartOf\":{\"@id\":\"https:\\\/\\\/eltrabajo.cl\\\/web\\\/la-verdadera-historia-de-las-matas-de-ruda-en-el-municipal\\\/\"},\"author\":{\"name\":\"Diario El Trabajo\",\"@id\":\"https:\\\/\\\/eltrabajo.cl\\\/web\\\/#\\\/schema\\\/person\\\/45efd3d17f86ec456e44dd7debe1bf19\"},\"headline\":\"La verdadera historia de las Matas de Ruda en el Municipal\",\"datePublished\":\"2024-06-07T01:40:07+00:00\",\"mainEntityOfPage\":{\"@id\":\"https:\\\/\\\/eltrabajo.cl\\\/web\\\/la-verdadera-historia-de-las-matas-de-ruda-en-el-municipal\\\/\"},\"wordCount\":282,\"commentCount\":0,\"publisher\":{\"@id\":\"https:\\\/\\\/eltrabajo.cl\\\/web\\\/#organization\"},\"image\":{\"@id\":\"https:\\\/\\\/eltrabajo.cl\\\/web\\\/la-verdadera-historia-de-las-matas-de-ruda-en-el-municipal\\\/#primaryimage\"},\"thumbnailUrl\":\"https:\\\/\\\/eltrabajo.cl\\\/web\\\/wp-content\\\/uploads\\\/2024\\\/06\\\/ruda.jpg\",\"articleSection\":[\"Deportes\"],\"inLanguage\":\"es-CL\",\"potentialAction\":[{\"@type\":\"CommentAction\",\"name\":\"Comment\",\"target\":[\"https:\\\/\\\/eltrabajo.cl\\\/web\\\/la-verdadera-historia-de-las-matas-de-ruda-en-el-municipal\\\/#respond\"]}]},{\"@type\":\"WebPage\",\"@id\":\"https:\\\/\\\/eltrabajo.cl\\\/web\\\/la-verdadera-historia-de-las-matas-de-ruda-en-el-municipal\\\/\",\"url\":\"https:\\\/\\\/eltrabajo.cl\\\/web\\\/la-verdadera-historia-de-las-matas-de-ruda-en-el-municipal\\\/\",\"name\":\"La verdadera historia de las Matas de Ruda en el Municipal - Diario El Trabajo\",\"isPartOf\":{\"@id\":\"https:\\\/\\\/eltrabajo.cl\\\/web\\\/#website\"},\"primaryImageOfPage\":{\"@id\":\"https:\\\/\\\/eltrabajo.cl\\\/web\\\/la-verdadera-historia-de-las-matas-de-ruda-en-el-municipal\\\/#primaryimage\"},\"image\":{\"@id\":\"https:\\\/\\\/eltrabajo.cl\\\/web\\\/la-verdadera-historia-de-las-matas-de-ruda-en-el-municipal\\\/#primaryimage\"},\"thumbnailUrl\":\"https:\\\/\\\/eltrabajo.cl\\\/web\\\/wp-content\\\/uploads\\\/2024\\\/06\\\/ruda.jpg\",\"datePublished\":\"2024-06-07T01:40:07+00:00\",\"breadcrumb\":{\"@id\":\"https:\\\/\\\/eltrabajo.cl\\\/web\\\/la-verdadera-historia-de-las-matas-de-ruda-en-el-municipal\\\/#breadcrumb\"},\"inLanguage\":\"es-CL\",\"potentialAction\":[{\"@type\":\"ReadAction\",\"target\":[\"https:\\\/\\\/eltrabajo.cl\\\/web\\\/la-verdadera-historia-de-las-matas-de-ruda-en-el-municipal\\\/\"]}]},{\"@type\":\"ImageObject\",\"inLanguage\":\"es-CL\",\"@id\":\"https:\\\/\\\/eltrabajo.cl\\\/web\\\/la-verdadera-historia-de-las-matas-de-ruda-en-el-municipal\\\/#primaryimage\",\"url\":\"https:\\\/\\\/eltrabajo.cl\\\/web\\\/wp-content\\\/uploads\\\/2024\\\/06\\\/ruda.jpg\",\"contentUrl\":\"https:\\\/\\\/eltrabajo.cl\\\/web\\\/wp-content\\\/uploads\\\/2024\\\/06\\\/ruda.jpg\",\"width\":699,\"height\":506,\"caption\":\"Los reconocidos comunicadores en plena faena de la plantaci\u00f3n de la Ruda.\"},{\"@type\":\"BreadcrumbList\",\"@id\":\"https:\\\/\\\/eltrabajo.cl\\\/web\\\/la-verdadera-historia-de-las-matas-de-ruda-en-el-municipal\\\/#breadcrumb\",\"itemListElement\":[{\"@type\":\"ListItem\",\"position\":1,\"name\":\"Portada\",\"item\":\"https:\\\/\\\/eltrabajo.cl\\\/web\\\/\"},{\"@type\":\"ListItem\",\"position\":2,\"name\":\"La verdadera historia de las Matas de Ruda en el Municipal\"}]},{\"@type\":\"WebSite\",\"@id\":\"https:\\\/\\\/eltrabajo.cl\\\/web\\\/#website\",\"url\":\"https:\\\/\\\/eltrabajo.cl\\\/web\\\/\",\"name\":\"Diario El Trabajo\",\"description\":\"Desde 1929 construyendo Identidad Local\",\"publisher\":{\"@id\":\"https:\\\/\\\/eltrabajo.cl\\\/web\\\/#organization\"},\"potentialAction\":[{\"@type\":\"SearchAction\",\"target\":{\"@type\":\"EntryPoint\",\"urlTemplate\":\"https:\\\/\\\/eltrabajo.cl\\\/web\\\/?s={search_term_string}\"},\"query-input\":{\"@type\":\"PropertyValueSpecification\",\"valueRequired\":true,\"valueName\":\"search_term_string\"}}],\"inLanguage\":\"es-CL\"},{\"@type\":\"Organization\",\"@id\":\"https:\\\/\\\/eltrabajo.cl\\\/web\\\/#organization\",\"name\":\"Diario El Trabajo\",\"url\":\"https:\\\/\\\/eltrabajo.cl\\\/web\\\/\",\"logo\":{\"@type\":\"ImageObject\",\"inLanguage\":\"es-CL\",\"@id\":\"https:\\\/\\\/eltrabajo.cl\\\/web\\\/#\\\/schema\\\/logo\\\/image\\\/\",\"url\":\"https:\\\/\\\/eltrabajo.cl\\\/web\\\/wp-content\\\/uploads\\\/2024\\\/06\\\/profile-image-ig-page-diarioeltrabajo.jpg\",\"contentUrl\":\"https:\\\/\\\/eltrabajo.cl\\\/web\\\/wp-content\\\/uploads\\\/2024\\\/06\\\/profile-image-ig-page-diarioeltrabajo.jpg\",\"width\":823,\"height\":823,\"caption\":\"Diario El Trabajo\"},\"image\":{\"@id\":\"https:\\\/\\\/eltrabajo.cl\\\/web\\\/#\\\/schema\\\/logo\\\/image\\\/\"},\"sameAs\":[\"https:\\\/\\\/www.facebook.com\\\/ElTrabajoDiario\",\"https:\\\/\\\/x.com\\\/diarioeltrabajo\"]},{\"@type\":\"Person\",\"@id\":\"https:\\\/\\\/eltrabajo.cl\\\/web\\\/#\\\/schema\\\/person\\\/45efd3d17f86ec456e44dd7debe1bf19\",\"name\":\"Diario El Trabajo\",\"image\":{\"@type\":\"ImageObject\",\"inLanguage\":\"es-CL\",\"@id\":\"https:\\\/\\\/secure.gravatar.com\\\/avatar\\\/7e6ec277dc4aea2677c2dc301d4227957219329c985ab69a3efc12518b5161aa?s=96&d=mm&r=g\",\"url\":\"https:\\\/\\\/secure.gravatar.com\\\/avatar\\\/7e6ec277dc4aea2677c2dc301d4227957219329c985ab69a3efc12518b5161aa?s=96&d=mm&r=g\",\"contentUrl\":\"https:\\\/\\\/secure.gravatar.com\\\/avatar\\\/7e6ec277dc4aea2677c2dc301d4227957219329c985ab69a3efc12518b5161aa?s=96&d=mm&r=g\",\"caption\":\"Diario El Trabajo\"},\"sameAs\":[\"https:\\\/\\\/eltrabajo.cl\\\/web\"],\"url\":\"https:\\\/\\\/eltrabajo.cl\\\/web\\\/author\\\/diario-el-trabajo\\\/\"}]}<\/script>\n<!-- \/ Yoast SEO plugin. -->","yoast_head_json":{"title":"La verdadera historia de las Matas de Ruda en el Municipal - Diario El Trabajo","robots":{"index":"index","follow":"follow","max-snippet":"max-snippet:-1","max-image-preview":"max-image-preview:large","max-video-preview":"max-video-preview:-1"},"canonical":"https:\/\/eltrabajo.cl\/web\/la-verdadera-historia-de-las-matas-de-ruda-en-el-municipal\/","og_locale":"es_ES","og_type":"article","og_title":"La verdadera historia de las Matas de Ruda en el Municipal - Diario El Trabajo","og_description":"En noticia nacional se convirti\u00f3 la plantaci\u00f3n de dos matas de Ruda en los arcos del estadio Municipal. Los medios que dieron a conocer esa informacion, equivocadamente se\u00f1alaron que fue Uni\u00f3n San Felipe el que, en un acto desesperado por los malos resultados, quiso espantar a la mala suerte, y al mismo tiempo atraer buenas [&hellip;]","og_url":"https:\/\/eltrabajo.cl\/web\/la-verdadera-historia-de-las-matas-de-ruda-en-el-municipal\/","og_site_name":"Diario El Trabajo","article_publisher":"https:\/\/www.facebook.com\/ElTrabajoDiario","article_published_time":"2024-06-07T01:40:07+00:00","og_image":[{"width":699,"height":506,"url":"https:\/\/eltrabajo.cl\/web\/wp-content\/uploads\/2024\/06\/ruda.jpg","type":"image\/jpeg"}],"author":"Diario El Trabajo","twitter_card":"summary_large_image","twitter_creator":"@diarioeltrabajo","twitter_site":"@diarioeltrabajo","twitter_misc":{"Escrito por":"Diario El Trabajo","Tiempo estimado de lectura":"1 minuto"},"schema":{"@context":"https:\/\/schema.org","@graph":[{"@type":"Article","@id":"https:\/\/eltrabajo.cl\/web\/la-verdadera-historia-de-las-matas-de-ruda-en-el-municipal\/#article","isPartOf":{"@id":"https:\/\/eltrabajo.cl\/web\/la-verdadera-historia-de-las-matas-de-ruda-en-el-municipal\/"},"author":{"name":"Diario El Trabajo","@id":"https:\/\/eltrabajo.cl\/web\/#\/schema\/person\/45efd3d17f86ec456e44dd7debe1bf19"},"headline":"La verdadera historia de las Matas de Ruda en el Municipal","datePublished":"2024-06-07T01:40:07+00:00","mainEntityOfPage":{"@id":"https:\/\/eltrabajo.cl\/web\/la-verdadera-historia-de-las-matas-de-ruda-en-el-municipal\/"},"wordCount":282,"commentCount":0,"publisher":{"@id":"https:\/\/eltrabajo.cl\/web\/#organization"},"image":{"@id":"https:\/\/eltrabajo.cl\/web\/la-verdadera-historia-de-las-matas-de-ruda-en-el-municipal\/#primaryimage"},"thumbnailUrl":"https:\/\/eltrabajo.cl\/web\/wp-content\/uploads\/2024\/06\/ruda.jpg","articleSection":["Deportes"],"inLanguage":"es-CL","potentialAction":[{"@type":"CommentAction","name":"Comment","target":["https:\/\/eltrabajo.cl\/web\/la-verdadera-historia-de-las-matas-de-ruda-en-el-municipal\/#respond"]}]},{"@type":"WebPage","@id":"https:\/\/eltrabajo.cl\/web\/la-verdadera-historia-de-las-matas-de-ruda-en-el-municipal\/","url":"https:\/\/eltrabajo.cl\/web\/la-verdadera-historia-de-las-matas-de-ruda-en-el-municipal\/","name":"La verdadera historia de las Matas de Ruda en el Municipal - Diario El Trabajo","isPartOf":{"@id":"https:\/\/eltrabajo.cl\/web\/#website"},"primaryImageOfPage":{"@id":"https:\/\/eltrabajo.cl\/web\/la-verdadera-historia-de-las-matas-de-ruda-en-el-municipal\/#primaryimage"},"image":{"@id":"https:\/\/eltrabajo.cl\/web\/la-verdadera-historia-de-las-matas-de-ruda-en-el-municipal\/#primaryimage"},"thumbnailUrl":"https:\/\/eltrabajo.cl\/web\/wp-content\/uploads\/2024\/06\/ruda.jpg","datePublished":"2024-06-07T01:40:07+00:00","breadcrumb":{"@id":"https:\/\/eltrabajo.cl\/web\/la-verdadera-historia-de-las-matas-de-ruda-en-el-municipal\/#breadcrumb"},"inLanguage":"es-CL","potentialAction":[{"@type":"ReadAction","target":["https:\/\/eltrabajo.cl\/web\/la-verdadera-historia-de-las-matas-de-ruda-en-el-municipal\/"]}]},{"@type":"ImageObject","inLanguage":"es-CL","@id":"https:\/\/eltrabajo.cl\/web\/la-verdadera-historia-de-las-matas-de-ruda-en-el-municipal\/#primaryimage","url":"https:\/\/eltrabajo.cl\/web\/wp-content\/uploads\/2024\/06\/ruda.jpg","contentUrl":"https:\/\/eltrabajo.cl\/web\/wp-content\/uploads\/2024\/06\/ruda.jpg","width":699,"height":506,"caption":"Los reconocidos comunicadores en plena faena de la plantaci\u00f3n de la Ruda."},{"@type":"BreadcrumbList","@id":"https:\/\/eltrabajo.cl\/web\/la-verdadera-historia-de-las-matas-de-ruda-en-el-municipal\/#breadcrumb","itemListElement":[{"@type":"ListItem","position":1,"name":"Portada","item":"https:\/\/eltrabajo.cl\/web\/"},{"@type":"ListItem","position":2,"name":"La verdadera historia de las Matas de Ruda en el Municipal"}]},{"@type":"WebSite","@id":"https:\/\/eltrabajo.cl\/web\/#website","url":"https:\/\/eltrabajo.cl\/web\/","name":"Diario El Trabajo","description":"Desde 1929 construyendo Identidad Local","publisher":{"@id":"https:\/\/eltrabajo.cl\/web\/#organization"},"potentialAction":[{"@type":"SearchAction","target":{"@type":"EntryPoint","urlTemplate":"https:\/\/eltrabajo.cl\/web\/?s={search_term_string}"},"query-input":{"@type":"PropertyValueSpecification","valueRequired":true,"valueName":"search_term_string"}}],"inLanguage":"es-CL"},{"@type":"Organization","@id":"https:\/\/eltrabajo.cl\/web\/#organization","name":"Diario El Trabajo","url":"https:\/\/eltrabajo.cl\/web\/","logo":{"@type":"ImageObject","inLanguage":"es-CL","@id":"https:\/\/eltrabajo.cl\/web\/#\/schema\/logo\/image\/","url":"https:\/\/eltrabajo.cl\/web\/wp-content\/uploads\/2024\/06\/profile-image-ig-page-diarioeltrabajo.jpg","contentUrl":"https:\/\/eltrabajo.cl\/web\/wp-content\/uploads\/2024\/06\/profile-image-ig-page-diarioeltrabajo.jpg","width":823,"height":823,"caption":"Diario El Trabajo"},"image":{"@id":"https:\/\/eltrabajo.cl\/web\/#\/schema\/logo\/image\/"},"sameAs":["https:\/\/www.facebook.com\/ElTrabajoDiario","https:\/\/x.com\/diarioeltrabajo"]},{"@type":"Person","@id":"https:\/\/eltrabajo.cl\/web\/#\/schema\/person\/45efd3d17f86ec456e44dd7debe1bf19","name":"Diario El Trabajo","image":{"@type":"ImageObject","inLanguage":"es-CL","@id":"https:\/\/secure.gravatar.com\/avatar\/7e6ec277dc4aea2677c2dc301d4227957219329c985ab69a3efc12518b5161aa?s=96&d=mm&r=g","url":"https:\/\/secure.gravatar.com\/avatar\/7e6ec277dc4aea2677c2dc301d4227957219329c985ab69a3efc12518b5161aa?s=96&d=mm&r=g","contentUrl":"https:\/\/secure.gravatar.com\/avatar\/7e6ec277dc4aea2677c2dc301d4227957219329c985ab69a3efc12518b5161aa?s=96&d=mm&r=g","caption":"Diario El Trabajo"},"sameAs":["https:\/\/eltrabajo.cl\/web"],"url":"https:\/\/eltrabajo.cl\/web\/author\/diario-el-trabajo\/"}]}},"_links":{"self":[{"href":"https:\/\/eltrabajo.cl\/web\/wp-json\/wp\/v2\/posts\/130128","targetHints":{"allow":["GET"]}}],"collection":[{"href":"https:\/\/eltrabajo.cl\/web\/wp-json\/wp\/v2\/posts"}],"about":[{"href":"https:\/\/eltrabajo.cl\/web\/wp-json\/wp\/v2\/types\/post"}],"author":[{"embeddable":true,"href":"https:\/\/eltrabajo.cl\/web\/wp-json\/wp\/v2\/users\/1"}],"replies":[{"embeddable":true,"href":"https:\/\/eltrabajo.cl\/web\/wp-json\/wp\/v2\/comments?post=130128"}],"version-history":[{"count":0,"href":"https:\/\/eltrabajo.cl\/web\/wp-json\/wp\/v2\/posts\/130128\/revisions"}],"wp:featuredmedia":[{"embeddable":true,"href":"https:\/\/eltrabajo.cl\/web\/wp-json\/wp\/v2\/media\/130129"}],"wp:attachment":[{"href":"https:\/\/eltrabajo.cl\/web\/wp-json\/wp\/v2\/media?parent=130128"}],"wp:term":[{"taxonomy":"category","embeddable":true,"href":"https:\/\/eltrabajo.cl\/web\/wp-json\/wp\/v2\/categories?post=130128"},{"taxonomy":"post_tag","embeddable":true,"href":"https:\/\/eltrabajo.cl\/web\/wp-json\/wp\/v2\/tags?post=130128"}],"curies":[{"name":"wp","href":"https:\/\/api.w.org\/{rel}","templated":true}]}}