{"id":130137,"date":"2024-06-06T22:55:27","date_gmt":"2024-06-07T01:55:27","guid":{"rendered":"https:\/\/eltrabajo.cl\/web\/?p=130137"},"modified":"2024-06-06T23:43:01","modified_gmt":"2024-06-07T02:43:01","slug":"se-busca-chofer-que-choco-a-conductor-de-bicicleta-electrica-y-huyo","status":"publish","type":"post","link":"https:\/\/eltrabajo.cl\/web\/se-busca-chofer-que-choco-a-conductor-de-bicicleta-electrica-y-huyo\/","title":{"rendered":"\u00a1Se busca! chofer que choc\u00f3 a conductor de bicicleta el\u00e9ctrica y huy\u00f3"},"content":{"rendered":"<p><span style=\"color: #ff0000;\"><strong>Familia desesperada:<\/strong><\/span><\/p>\n<p><strong>Roc\u00edo P\u00e1ez<\/strong>, a trav\u00e9s de nuestro medio, est\u00e1 realizando un llamado urgente para que testigos de un accidente ocurrido este d\u00eda mi\u00e9rcoles, pasadas las 18:00 horas en la intersecci\u00f3n de Volc\u00e1n Llaima con Costanera, entregue informaci\u00f3n del caso, porque el conductor de la camioneta que impact\u00f3 a su pareja, que estaba en una bicicleta el\u00e9ctrica, se dio a la fuga.<\/p>\n<p>&#8211; <strong>Usted est\u00e1 haciendo un llamado solicitando informaci\u00f3n por un accidente, \u00bfqu\u00e9 le pas\u00f3?<\/strong><\/p>\n<p>&#8211; Mire, mi pareja <strong>Cristofer Romero<\/strong> iba a buscar a mi suegra, estaba parado en toda la esquina de Volc\u00e1n Llaima, pero yendo hacia la Costanera, justo ah\u00ed, y ven\u00eda una camioneta m\u00e1s o menos gris, m\u00e1s tirado para oscuro, ven\u00eda a toda velocidad, pero de la U de Valpo, y \u00e9l se tir\u00f3 contra el tr\u00e1nsito hacia el sector donde estaba mi pareja. El \u2018loco\u2019 no atin\u00f3 a nada, ni siquiera a frenar, lleg\u00f3 y lo impact\u00f3 de golpe. Mi pareja fue arrastrada m\u00e1s de dos metros y gracias a los transe\u00fantes que estaban ah\u00ed al frente de la tirolesa, llamaron a la ambulancia.<\/p>\n<p>&#8211; <strong>\u00bfSu pareja iba conduciendo algo o estaba parada ah\u00ed como peat\u00f3n?<\/strong><\/p>\n<p>&#8211; \u00c9l estaba arriba de una bicicleta el\u00e9ctrica, esperando que pasara el resto de autos, y el \u2018loco\u2019 ven\u00eda a mucho exceso de velocidad cuando pas\u00f3 eso; si \u00e9l (pareja) no alcanz\u00f3 a hacer nada, que como ven\u00eda tan r\u00e1pido y m\u00e1s encima que \u00e9l estaba al lado de la vereda, as\u00ed es que no atin\u00f3 a hacer nada.<\/p>\n<p>&#8211; <strong>\u00bfAh\u00ed lo impact\u00f3?<\/strong><\/p>\n<p>&#8211; S\u00ed, lo impact\u00f3 de frente, sacamos fotos para Carabineros, hacer la denuncia y a m\u00ed me llam\u00f3 un testigo que vio todo, \u00e9l me dijo que cuando ven\u00eda la camioneta a exceso de velocidad, sintieron un golpe, jam\u00e1s pensaron que hab\u00eda sido a una persona que hab\u00edan chocado, vieron la moto y un bulto en el suelo lleno de sangre. Ah\u00ed fueron todos, me dec\u00edan que lo insultaron e incluso una moto sigui\u00f3 a la camioneta para poder tomarle la patente y el \u2018loco\u2019 sali\u00f3 a toda velocidad por Volc\u00e1n Llaima y no lo pudieron atrapar. Carabineros me dijo para que sea m\u00e1s r\u00e1pido todo el asunto, fuera yo misma al negocio, que estuviera cerca ah\u00ed en Volc\u00e1n Llaima para pedir las c\u00e1maras y poder dar con el joven, la persona que lo choc\u00f3. Porque la bicicleta el\u00e9ctrica qued\u00f3 destruida total, no tiene arreglo, aparte que \u00e9l (pareja) no puede trabajar tampoco y \u00e9l estaba justamente consigui\u00e9ndose un trabajo, hab\u00eda llamado ayer (mi\u00e9rcoles). \u00c9l mantiene a cinco personas, tenemos tres ni\u00f1os chicos, dos mellizos de 6 a\u00f1os, una de 12, m\u00e1s a m\u00ed que tambi\u00e9n estoy cesante, m\u00e1s nos complica la cosa.<\/p>\n<p>&#8211; <strong>\u00bfSu pareja c\u00f3mo est\u00e1?<\/strong><\/p>\n<p>&#8211; Ahora est\u00e1 despierto, todo adolorido. Menos mal que el doctor, cirujano, le dijo que \u2018la sac\u00f3 barata\u2019 porque menos mal que no tiene fractura, pero tiene toda su cara hinchada, su pierna tambi\u00e9n. Hoy (jueves) m\u00e1s ratito tengo que ir al consultorio para ver cu\u00e1ndo tiene que ir a hacerse curaciones, pero el brazo no puede moverlo porque tambi\u00e9n le hicieron un esc\u00e1ner de la cintura para arriba porque no pod\u00eda mover el hombro, \u00e9l pens\u00f3 que ten\u00eda la pierna fracturada porque no pod\u00eda moverse. Cuando lo chocaron lleg\u00f3 la gente a preguntarle s\u00ed pod\u00eda pararse, les dec\u00eda \u00abno puedo moverme, no puedo moverme\u00bb.<\/p>\n<p>&#8211; <strong>Esta situaci\u00f3n la est\u00e1 haciendo p\u00fablica a trav\u00e9s de nuestro medio para solicitar ayuda, si saben de alguien que haya visto detalles del veh\u00edculo o el conductor s\u00ed lee esta noticia, se acerque a ustedes como familia.<\/strong><\/p>\n<p>&#8211; Si alguien vio la patente o al conductor, porque \u00e9l lo \u00fanico que alcanz\u00f3 a ver que era una camioneta gris oscuro. El testigo que me llam\u00f3 para avisarme, tambi\u00e9n me dijo que era un gris oscuro la camioneta.<\/p>\n<p>&#8211; <strong>\u00bfNo le dijo modelo?<\/strong><\/p>\n<p>&#8211; Mire, m\u00ed pareja se la sabe lo que \u00e9l cree, pero tendr\u00eda que m\u00e1s ratito preguntarle a \u00e9l, lo que le dijo a Carabineros.<\/p>\n<p>&#8211; <strong>En resumidas cuentas, el llamado a la comunidad se\u00f1ora Roc\u00edo.<\/strong><\/p>\n<p>&#8211; Si alguien sabe de la patente de la camioneta gris o m\u00e1s que nada si pueden facilitar c\u00e1maras, porque Carabineros me dijo de que no todos prestan c\u00e1maras, pero ser\u00eda perfecto para dar con el sujeto y se haga cargo de los da\u00f1os que le hizo a mi pareja y a la bicicleta el\u00e9ctrica.<\/p>\n<p>&#8211; <strong>\u00bfPodemos publicar su tel\u00e9fono para que le gente pueda entregar informaci\u00f3n?<\/strong><\/p>\n<p>&#8211; S\u00ed, al +56 9 5424 8237.<\/p>\n<figure id=\"attachment_130138\" aria-describedby=\"caption-attachment-130138\" style=\"width: 699px\" class=\"wp-caption alignnone\"><img loading=\"lazy\" decoding=\"async\" class=\"size-full wp-image-130138\" src=\"https:\/\/eltrabajo.cl\/web\/wp-content\/uploads\/2024\/06\/se-busca-Accidente.jpg\" alt=\"A la izquierda se aprecia c\u00f3mo qued\u00f3 la bicicleta el\u00e9ctrica de Cristofer, quien aparece a la derecha a\u00fan con rastros de sangre en su cara, mientras abajo se pueden ver restos del veh\u00edculo esparcidos por el suelo.\" width=\"699\" height=\"562\" srcset=\"https:\/\/eltrabajo.cl\/web\/wp-content\/uploads\/2024\/06\/se-busca-Accidente.jpg 699w, https:\/\/eltrabajo.cl\/web\/wp-content\/uploads\/2024\/06\/se-busca-Accidente-300x241.jpg 300w, https:\/\/eltrabajo.cl\/web\/wp-content\/uploads\/2024\/06\/se-busca-Accidente-522x420.jpg 522w, https:\/\/eltrabajo.cl\/web\/wp-content\/uploads\/2024\/06\/se-busca-Accidente-150x121.jpg 150w, https:\/\/eltrabajo.cl\/web\/wp-content\/uploads\/2024\/06\/se-busca-Accidente-696x560.jpg 696w\" sizes=\"auto, (max-width: 699px) 100vw, 699px\" \/><figcaption id=\"caption-attachment-130138\" class=\"wp-caption-text\">A la izquierda se aprecia c\u00f3mo qued\u00f3 la bicicleta el\u00e9ctrica de Cristofer, quien aparece a la derecha a\u00fan con rastros de sangre en su cara, mientras abajo se pueden ver restos del veh\u00edculo esparcidos por el suelo.<\/figcaption><\/figure>\n","protected":false},"excerpt":{"rendered":"<p>Familia desesperada: Roc\u00edo P\u00e1ez, a trav\u00e9s de nuestro medio, est\u00e1 realizando un llamado urgente para que testigos de un accidente ocurrido este d\u00eda mi\u00e9rcoles, pasadas las 18:00 horas en la intersecci\u00f3n de Volc\u00e1n Llaima con Costanera, entregue informaci\u00f3n del caso, porque el conductor de la camioneta que impact\u00f3 a su pareja, que estaba en una [&hellip;]<\/p>\n","protected":false},"author":1,"featured_media":130138,"comment_status":"closed","ping_status":"closed","sticky":false,"template":"","format":"standard","meta":{"footnotes":""},"categories":[5],"tags":[],"class_list":{"0":"post-130137","1":"post","2":"type-post","3":"status-publish","4":"format-standard","5":"has-post-thumbnail","7":"category-policial"},"yoast_head":"<!-- This site is optimized with the Yoast SEO plugin v27.4 - https:\/\/yoast.com\/product\/yoast-seo-wordpress\/ -->\n<title>\u00a1Se busca! chofer que choc\u00f3 a conductor de bicicleta el\u00e9ctrica y huy\u00f3 - Diario El Trabajo<\/title>\n<meta name=\"robots\" content=\"index, follow, max-snippet:-1, max-image-preview:large, max-video-preview:-1\" \/>\n<link rel=\"canonical\" href=\"https:\/\/eltrabajo.cl\/web\/se-busca-chofer-que-choco-a-conductor-de-bicicleta-electrica-y-huyo\/\" \/>\n<meta property=\"og:locale\" content=\"es_ES\" \/>\n<meta property=\"og:type\" content=\"article\" \/>\n<meta property=\"og:title\" content=\"\u00a1Se busca! chofer que choc\u00f3 a conductor de bicicleta el\u00e9ctrica y huy\u00f3 - Diario El Trabajo\" \/>\n<meta property=\"og:description\" content=\"Familia desesperada: Roc\u00edo P\u00e1ez, a trav\u00e9s de nuestro medio, est\u00e1 realizando un llamado urgente para que testigos de un accidente ocurrido este d\u00eda mi\u00e9rcoles, pasadas las 18:00 horas en la intersecci\u00f3n de Volc\u00e1n Llaima con Costanera, entregue informaci\u00f3n del caso, porque el conductor de la camioneta que impact\u00f3 a su pareja, que estaba en una [&hellip;]\" \/>\n<meta property=\"og:url\" content=\"https:\/\/eltrabajo.cl\/web\/se-busca-chofer-que-choco-a-conductor-de-bicicleta-electrica-y-huyo\/\" \/>\n<meta property=\"og:site_name\" content=\"Diario El Trabajo\" \/>\n<meta property=\"article:publisher\" content=\"https:\/\/www.facebook.com\/ElTrabajoDiario\" \/>\n<meta property=\"article:published_time\" content=\"2024-06-07T01:55:27+00:00\" \/>\n<meta property=\"article:modified_time\" content=\"2024-06-07T02:43:01+00:00\" \/>\n<meta property=\"og:image\" content=\"https:\/\/eltrabajo.cl\/web\/wp-content\/uploads\/2024\/06\/se-busca-Accidente.jpg\" \/>\n\t<meta property=\"og:image:width\" content=\"699\" \/>\n\t<meta property=\"og:image:height\" content=\"562\" \/>\n\t<meta property=\"og:image:type\" content=\"image\/jpeg\" \/>\n<meta name=\"author\" content=\"Diario El Trabajo\" \/>\n<meta name=\"twitter:card\" content=\"summary_large_image\" \/>\n<meta name=\"twitter:creator\" content=\"@diarioeltrabajo\" \/>\n<meta name=\"twitter:site\" content=\"@diarioeltrabajo\" \/>\n<meta name=\"twitter:label1\" content=\"Escrito por\" \/>\n\t<meta name=\"twitter:data1\" content=\"Diario El Trabajo\" \/>\n\t<meta name=\"twitter:label2\" content=\"Tiempo estimado de lectura\" \/>\n\t<meta name=\"twitter:data2\" content=\"4 minutos\" \/>\n<script type=\"application\/ld+json\" class=\"yoast-schema-graph\">{\"@context\":\"https:\\\/\\\/schema.org\",\"@graph\":[{\"@type\":\"Article\",\"@id\":\"https:\\\/\\\/eltrabajo.cl\\\/web\\\/se-busca-chofer-que-choco-a-conductor-de-bicicleta-electrica-y-huyo\\\/#article\",\"isPartOf\":{\"@id\":\"https:\\\/\\\/eltrabajo.cl\\\/web\\\/se-busca-chofer-que-choco-a-conductor-de-bicicleta-electrica-y-huyo\\\/\"},\"author\":{\"name\":\"Diario El Trabajo\",\"@id\":\"https:\\\/\\\/eltrabajo.cl\\\/web\\\/#\\\/schema\\\/person\\\/45efd3d17f86ec456e44dd7debe1bf19\"},\"headline\":\"\u00a1Se busca! chofer que choc\u00f3 a conductor de bicicleta el\u00e9ctrica y huy\u00f3\",\"datePublished\":\"2024-06-07T01:55:27+00:00\",\"dateModified\":\"2024-06-07T02:43:01+00:00\",\"mainEntityOfPage\":{\"@id\":\"https:\\\/\\\/eltrabajo.cl\\\/web\\\/se-busca-chofer-que-choco-a-conductor-de-bicicleta-electrica-y-huyo\\\/\"},\"wordCount\":877,\"publisher\":{\"@id\":\"https:\\\/\\\/eltrabajo.cl\\\/web\\\/#organization\"},\"image\":{\"@id\":\"https:\\\/\\\/eltrabajo.cl\\\/web\\\/se-busca-chofer-que-choco-a-conductor-de-bicicleta-electrica-y-huyo\\\/#primaryimage\"},\"thumbnailUrl\":\"https:\\\/\\\/eltrabajo.cl\\\/web\\\/wp-content\\\/uploads\\\/2024\\\/06\\\/se-busca-Accidente.jpg\",\"articleSection\":[\"Policial\"],\"inLanguage\":\"es-CL\"},{\"@type\":\"WebPage\",\"@id\":\"https:\\\/\\\/eltrabajo.cl\\\/web\\\/se-busca-chofer-que-choco-a-conductor-de-bicicleta-electrica-y-huyo\\\/\",\"url\":\"https:\\\/\\\/eltrabajo.cl\\\/web\\\/se-busca-chofer-que-choco-a-conductor-de-bicicleta-electrica-y-huyo\\\/\",\"name\":\"\u00a1Se busca! chofer que choc\u00f3 a conductor de bicicleta el\u00e9ctrica y huy\u00f3 - Diario El Trabajo\",\"isPartOf\":{\"@id\":\"https:\\\/\\\/eltrabajo.cl\\\/web\\\/#website\"},\"primaryImageOfPage\":{\"@id\":\"https:\\\/\\\/eltrabajo.cl\\\/web\\\/se-busca-chofer-que-choco-a-conductor-de-bicicleta-electrica-y-huyo\\\/#primaryimage\"},\"image\":{\"@id\":\"https:\\\/\\\/eltrabajo.cl\\\/web\\\/se-busca-chofer-que-choco-a-conductor-de-bicicleta-electrica-y-huyo\\\/#primaryimage\"},\"thumbnailUrl\":\"https:\\\/\\\/eltrabajo.cl\\\/web\\\/wp-content\\\/uploads\\\/2024\\\/06\\\/se-busca-Accidente.jpg\",\"datePublished\":\"2024-06-07T01:55:27+00:00\",\"dateModified\":\"2024-06-07T02:43:01+00:00\",\"breadcrumb\":{\"@id\":\"https:\\\/\\\/eltrabajo.cl\\\/web\\\/se-busca-chofer-que-choco-a-conductor-de-bicicleta-electrica-y-huyo\\\/#breadcrumb\"},\"inLanguage\":\"es-CL\",\"potentialAction\":[{\"@type\":\"ReadAction\",\"target\":[\"https:\\\/\\\/eltrabajo.cl\\\/web\\\/se-busca-chofer-que-choco-a-conductor-de-bicicleta-electrica-y-huyo\\\/\"]}]},{\"@type\":\"ImageObject\",\"inLanguage\":\"es-CL\",\"@id\":\"https:\\\/\\\/eltrabajo.cl\\\/web\\\/se-busca-chofer-que-choco-a-conductor-de-bicicleta-electrica-y-huyo\\\/#primaryimage\",\"url\":\"https:\\\/\\\/eltrabajo.cl\\\/web\\\/wp-content\\\/uploads\\\/2024\\\/06\\\/se-busca-Accidente.jpg\",\"contentUrl\":\"https:\\\/\\\/eltrabajo.cl\\\/web\\\/wp-content\\\/uploads\\\/2024\\\/06\\\/se-busca-Accidente.jpg\",\"width\":699,\"height\":562,\"caption\":\"A la izquierda se aprecia c\u00f3mo qued\u00f3 la bicicleta el\u00e9ctrica de Cristofer, quien aparece a la derecha a\u00fan con rastros de sangre en su cara, mientras abajo se pueden ver restos del veh\u00edculo esparcidos por el suelo.\"},{\"@type\":\"BreadcrumbList\",\"@id\":\"https:\\\/\\\/eltrabajo.cl\\\/web\\\/se-busca-chofer-que-choco-a-conductor-de-bicicleta-electrica-y-huyo\\\/#breadcrumb\",\"itemListElement\":[{\"@type\":\"ListItem\",\"position\":1,\"name\":\"Portada\",\"item\":\"https:\\\/\\\/eltrabajo.cl\\\/web\\\/\"},{\"@type\":\"ListItem\",\"position\":2,\"name\":\"\u00a1Se busca! chofer que choc\u00f3 a conductor de bicicleta el\u00e9ctrica y huy\u00f3\"}]},{\"@type\":\"WebSite\",\"@id\":\"https:\\\/\\\/eltrabajo.cl\\\/web\\\/#website\",\"url\":\"https:\\\/\\\/eltrabajo.cl\\\/web\\\/\",\"name\":\"Diario El Trabajo\",\"description\":\"Desde 1929 construyendo Identidad Local\",\"publisher\":{\"@id\":\"https:\\\/\\\/eltrabajo.cl\\\/web\\\/#organization\"},\"potentialAction\":[{\"@type\":\"SearchAction\",\"target\":{\"@type\":\"EntryPoint\",\"urlTemplate\":\"https:\\\/\\\/eltrabajo.cl\\\/web\\\/?s={search_term_string}\"},\"query-input\":{\"@type\":\"PropertyValueSpecification\",\"valueRequired\":true,\"valueName\":\"search_term_string\"}}],\"inLanguage\":\"es-CL\"},{\"@type\":\"Organization\",\"@id\":\"https:\\\/\\\/eltrabajo.cl\\\/web\\\/#organization\",\"name\":\"Diario El Trabajo\",\"url\":\"https:\\\/\\\/eltrabajo.cl\\\/web\\\/\",\"logo\":{\"@type\":\"ImageObject\",\"inLanguage\":\"es-CL\",\"@id\":\"https:\\\/\\\/eltrabajo.cl\\\/web\\\/#\\\/schema\\\/logo\\\/image\\\/\",\"url\":\"https:\\\/\\\/eltrabajo.cl\\\/web\\\/wp-content\\\/uploads\\\/2024\\\/06\\\/profile-image-ig-page-diarioeltrabajo.jpg\",\"contentUrl\":\"https:\\\/\\\/eltrabajo.cl\\\/web\\\/wp-content\\\/uploads\\\/2024\\\/06\\\/profile-image-ig-page-diarioeltrabajo.jpg\",\"width\":823,\"height\":823,\"caption\":\"Diario El Trabajo\"},\"image\":{\"@id\":\"https:\\\/\\\/eltrabajo.cl\\\/web\\\/#\\\/schema\\\/logo\\\/image\\\/\"},\"sameAs\":[\"https:\\\/\\\/www.facebook.com\\\/ElTrabajoDiario\",\"https:\\\/\\\/x.com\\\/diarioeltrabajo\"]},{\"@type\":\"Person\",\"@id\":\"https:\\\/\\\/eltrabajo.cl\\\/web\\\/#\\\/schema\\\/person\\\/45efd3d17f86ec456e44dd7debe1bf19\",\"name\":\"Diario El Trabajo\",\"image\":{\"@type\":\"ImageObject\",\"inLanguage\":\"es-CL\",\"@id\":\"https:\\\/\\\/secure.gravatar.com\\\/avatar\\\/7e6ec277dc4aea2677c2dc301d4227957219329c985ab69a3efc12518b5161aa?s=96&d=mm&r=g\",\"url\":\"https:\\\/\\\/secure.gravatar.com\\\/avatar\\\/7e6ec277dc4aea2677c2dc301d4227957219329c985ab69a3efc12518b5161aa?s=96&d=mm&r=g\",\"contentUrl\":\"https:\\\/\\\/secure.gravatar.com\\\/avatar\\\/7e6ec277dc4aea2677c2dc301d4227957219329c985ab69a3efc12518b5161aa?s=96&d=mm&r=g\",\"caption\":\"Diario El Trabajo\"},\"sameAs\":[\"https:\\\/\\\/eltrabajo.cl\\\/web\"],\"url\":\"https:\\\/\\\/eltrabajo.cl\\\/web\\\/author\\\/diario-el-trabajo\\\/\"}]}<\/script>\n<!-- \/ Yoast SEO plugin. -->","yoast_head_json":{"title":"\u00a1Se busca! chofer que choc\u00f3 a conductor de bicicleta el\u00e9ctrica y huy\u00f3 - Diario El Trabajo","robots":{"index":"index","follow":"follow","max-snippet":"max-snippet:-1","max-image-preview":"max-image-preview:large","max-video-preview":"max-video-preview:-1"},"canonical":"https:\/\/eltrabajo.cl\/web\/se-busca-chofer-que-choco-a-conductor-de-bicicleta-electrica-y-huyo\/","og_locale":"es_ES","og_type":"article","og_title":"\u00a1Se busca! chofer que choc\u00f3 a conductor de bicicleta el\u00e9ctrica y huy\u00f3 - Diario El Trabajo","og_description":"Familia desesperada: Roc\u00edo P\u00e1ez, a trav\u00e9s de nuestro medio, est\u00e1 realizando un llamado urgente para que testigos de un accidente ocurrido este d\u00eda mi\u00e9rcoles, pasadas las 18:00 horas en la intersecci\u00f3n de Volc\u00e1n Llaima con Costanera, entregue informaci\u00f3n del caso, porque el conductor de la camioneta que impact\u00f3 a su pareja, que estaba en una [&hellip;]","og_url":"https:\/\/eltrabajo.cl\/web\/se-busca-chofer-que-choco-a-conductor-de-bicicleta-electrica-y-huyo\/","og_site_name":"Diario El Trabajo","article_publisher":"https:\/\/www.facebook.com\/ElTrabajoDiario","article_published_time":"2024-06-07T01:55:27+00:00","article_modified_time":"2024-06-07T02:43:01+00:00","og_image":[{"width":699,"height":562,"url":"https:\/\/eltrabajo.cl\/web\/wp-content\/uploads\/2024\/06\/se-busca-Accidente.jpg","type":"image\/jpeg"}],"author":"Diario El Trabajo","twitter_card":"summary_large_image","twitter_creator":"@diarioeltrabajo","twitter_site":"@diarioeltrabajo","twitter_misc":{"Escrito por":"Diario El Trabajo","Tiempo estimado de lectura":"4 minutos"},"schema":{"@context":"https:\/\/schema.org","@graph":[{"@type":"Article","@id":"https:\/\/eltrabajo.cl\/web\/se-busca-chofer-que-choco-a-conductor-de-bicicleta-electrica-y-huyo\/#article","isPartOf":{"@id":"https:\/\/eltrabajo.cl\/web\/se-busca-chofer-que-choco-a-conductor-de-bicicleta-electrica-y-huyo\/"},"author":{"name":"Diario El Trabajo","@id":"https:\/\/eltrabajo.cl\/web\/#\/schema\/person\/45efd3d17f86ec456e44dd7debe1bf19"},"headline":"\u00a1Se busca! chofer que choc\u00f3 a conductor de bicicleta el\u00e9ctrica y huy\u00f3","datePublished":"2024-06-07T01:55:27+00:00","dateModified":"2024-06-07T02:43:01+00:00","mainEntityOfPage":{"@id":"https:\/\/eltrabajo.cl\/web\/se-busca-chofer-que-choco-a-conductor-de-bicicleta-electrica-y-huyo\/"},"wordCount":877,"publisher":{"@id":"https:\/\/eltrabajo.cl\/web\/#organization"},"image":{"@id":"https:\/\/eltrabajo.cl\/web\/se-busca-chofer-que-choco-a-conductor-de-bicicleta-electrica-y-huyo\/#primaryimage"},"thumbnailUrl":"https:\/\/eltrabajo.cl\/web\/wp-content\/uploads\/2024\/06\/se-busca-Accidente.jpg","articleSection":["Policial"],"inLanguage":"es-CL"},{"@type":"WebPage","@id":"https:\/\/eltrabajo.cl\/web\/se-busca-chofer-que-choco-a-conductor-de-bicicleta-electrica-y-huyo\/","url":"https:\/\/eltrabajo.cl\/web\/se-busca-chofer-que-choco-a-conductor-de-bicicleta-electrica-y-huyo\/","name":"\u00a1Se busca! chofer que choc\u00f3 a conductor de bicicleta el\u00e9ctrica y huy\u00f3 - Diario El Trabajo","isPartOf":{"@id":"https:\/\/eltrabajo.cl\/web\/#website"},"primaryImageOfPage":{"@id":"https:\/\/eltrabajo.cl\/web\/se-busca-chofer-que-choco-a-conductor-de-bicicleta-electrica-y-huyo\/#primaryimage"},"image":{"@id":"https:\/\/eltrabajo.cl\/web\/se-busca-chofer-que-choco-a-conductor-de-bicicleta-electrica-y-huyo\/#primaryimage"},"thumbnailUrl":"https:\/\/eltrabajo.cl\/web\/wp-content\/uploads\/2024\/06\/se-busca-Accidente.jpg","datePublished":"2024-06-07T01:55:27+00:00","dateModified":"2024-06-07T02:43:01+00:00","breadcrumb":{"@id":"https:\/\/eltrabajo.cl\/web\/se-busca-chofer-que-choco-a-conductor-de-bicicleta-electrica-y-huyo\/#breadcrumb"},"inLanguage":"es-CL","potentialAction":[{"@type":"ReadAction","target":["https:\/\/eltrabajo.cl\/web\/se-busca-chofer-que-choco-a-conductor-de-bicicleta-electrica-y-huyo\/"]}]},{"@type":"ImageObject","inLanguage":"es-CL","@id":"https:\/\/eltrabajo.cl\/web\/se-busca-chofer-que-choco-a-conductor-de-bicicleta-electrica-y-huyo\/#primaryimage","url":"https:\/\/eltrabajo.cl\/web\/wp-content\/uploads\/2024\/06\/se-busca-Accidente.jpg","contentUrl":"https:\/\/eltrabajo.cl\/web\/wp-content\/uploads\/2024\/06\/se-busca-Accidente.jpg","width":699,"height":562,"caption":"A la izquierda se aprecia c\u00f3mo qued\u00f3 la bicicleta el\u00e9ctrica de Cristofer, quien aparece a la derecha a\u00fan con rastros de sangre en su cara, mientras abajo se pueden ver restos del veh\u00edculo esparcidos por el suelo."},{"@type":"BreadcrumbList","@id":"https:\/\/eltrabajo.cl\/web\/se-busca-chofer-que-choco-a-conductor-de-bicicleta-electrica-y-huyo\/#breadcrumb","itemListElement":[{"@type":"ListItem","position":1,"name":"Portada","item":"https:\/\/eltrabajo.cl\/web\/"},{"@type":"ListItem","position":2,"name":"\u00a1Se busca! chofer que choc\u00f3 a conductor de bicicleta el\u00e9ctrica y huy\u00f3"}]},{"@type":"WebSite","@id":"https:\/\/eltrabajo.cl\/web\/#website","url":"https:\/\/eltrabajo.cl\/web\/","name":"Diario El Trabajo","description":"Desde 1929 construyendo Identidad Local","publisher":{"@id":"https:\/\/eltrabajo.cl\/web\/#organization"},"potentialAction":[{"@type":"SearchAction","target":{"@type":"EntryPoint","urlTemplate":"https:\/\/eltrabajo.cl\/web\/?s={search_term_string}"},"query-input":{"@type":"PropertyValueSpecification","valueRequired":true,"valueName":"search_term_string"}}],"inLanguage":"es-CL"},{"@type":"Organization","@id":"https:\/\/eltrabajo.cl\/web\/#organization","name":"Diario El Trabajo","url":"https:\/\/eltrabajo.cl\/web\/","logo":{"@type":"ImageObject","inLanguage":"es-CL","@id":"https:\/\/eltrabajo.cl\/web\/#\/schema\/logo\/image\/","url":"https:\/\/eltrabajo.cl\/web\/wp-content\/uploads\/2024\/06\/profile-image-ig-page-diarioeltrabajo.jpg","contentUrl":"https:\/\/eltrabajo.cl\/web\/wp-content\/uploads\/2024\/06\/profile-image-ig-page-diarioeltrabajo.jpg","width":823,"height":823,"caption":"Diario El Trabajo"},"image":{"@id":"https:\/\/eltrabajo.cl\/web\/#\/schema\/logo\/image\/"},"sameAs":["https:\/\/www.facebook.com\/ElTrabajoDiario","https:\/\/x.com\/diarioeltrabajo"]},{"@type":"Person","@id":"https:\/\/eltrabajo.cl\/web\/#\/schema\/person\/45efd3d17f86ec456e44dd7debe1bf19","name":"Diario El Trabajo","image":{"@type":"ImageObject","inLanguage":"es-CL","@id":"https:\/\/secure.gravatar.com\/avatar\/7e6ec277dc4aea2677c2dc301d4227957219329c985ab69a3efc12518b5161aa?s=96&d=mm&r=g","url":"https:\/\/secure.gravatar.com\/avatar\/7e6ec277dc4aea2677c2dc301d4227957219329c985ab69a3efc12518b5161aa?s=96&d=mm&r=g","contentUrl":"https:\/\/secure.gravatar.com\/avatar\/7e6ec277dc4aea2677c2dc301d4227957219329c985ab69a3efc12518b5161aa?s=96&d=mm&r=g","caption":"Diario El Trabajo"},"sameAs":["https:\/\/eltrabajo.cl\/web"],"url":"https:\/\/eltrabajo.cl\/web\/author\/diario-el-trabajo\/"}]}},"_links":{"self":[{"href":"https:\/\/eltrabajo.cl\/web\/wp-json\/wp\/v2\/posts\/130137","targetHints":{"allow":["GET"]}}],"collection":[{"href":"https:\/\/eltrabajo.cl\/web\/wp-json\/wp\/v2\/posts"}],"about":[{"href":"https:\/\/eltrabajo.cl\/web\/wp-json\/wp\/v2\/types\/post"}],"author":[{"embeddable":true,"href":"https:\/\/eltrabajo.cl\/web\/wp-json\/wp\/v2\/users\/1"}],"replies":[{"embeddable":true,"href":"https:\/\/eltrabajo.cl\/web\/wp-json\/wp\/v2\/comments?post=130137"}],"version-history":[{"count":0,"href":"https:\/\/eltrabajo.cl\/web\/wp-json\/wp\/v2\/posts\/130137\/revisions"}],"wp:featuredmedia":[{"embeddable":true,"href":"https:\/\/eltrabajo.cl\/web\/wp-json\/wp\/v2\/media\/130138"}],"wp:attachment":[{"href":"https:\/\/eltrabajo.cl\/web\/wp-json\/wp\/v2\/media?parent=130137"}],"wp:term":[{"taxonomy":"category","embeddable":true,"href":"https:\/\/eltrabajo.cl\/web\/wp-json\/wp\/v2\/categories?post=130137"},{"taxonomy":"post_tag","embeddable":true,"href":"https:\/\/eltrabajo.cl\/web\/wp-json\/wp\/v2\/tags?post=130137"}],"curies":[{"name":"wp","href":"https:\/\/api.w.org\/{rel}","templated":true}]}}