{"id":130152,"date":"2024-06-09T22:40:23","date_gmt":"2024-06-10T01:40:23","guid":{"rendered":"https:\/\/eltrabajo.cl\/web\/?p=130152"},"modified":"2024-06-09T21:43:21","modified_gmt":"2024-06-10T00:43:21","slug":"nuevamente-delincuentes-provocaron-danos-en-el-estadio-municipal","status":"publish","type":"post","link":"https:\/\/eltrabajo.cl\/web\/nuevamente-delincuentes-provocaron-danos-en-el-estadio-municipal\/","title":{"rendered":"Nuevamente delincuentes provocaron da\u00f1os en el Estadio Municipal"},"content":{"rendered":"<ul>\n<li><strong>Sujetos rompieron espejos y hasta arrancaron los urinarios de los ba\u00f1os.-<\/strong><\/li>\n<\/ul>\n<p>Una vez m\u00e1s, y de manera lamentable, delincuentes vandalizaron el Estadio Municipal de San Felipe. En esta oportunidad, los sujetos rompieron espejos y hasta arrancaron algunos urinarios de los ba\u00f1os ubicados bajo la tribuna Pac\u00edfico del principal recinto deportivo de nuestra ciudad.<\/p>\n<p>El administrador municipal, <strong>Hern\u00e1n Herrera Caballero<\/strong>, se\u00f1al\u00f3 que <em>\u00ablamentablemente una vez m\u00e1s la delincuencia se apodera del principal recinto deportivo que hemos hecho grandes esfuerzos para poder mantenerlo, hoy d\u00eda estamos en presencia de da\u00f1os de personas desquiciadas que lo \u00fanico que buscan es generar un da\u00f1o a la ciudad, porque no se lo generan al municipio, sino que a la ciudad\u00bb.<\/em><\/p>\n<p>En este contexto, Herrera detall\u00f3 que en esta oportunidad, los sujetos se dedicaron a <em>\u00abromper espejos, arrancar urinarios, la verdad es que no tiene ning\u00fan sentido, volvemos a condenar y lamentar esta situaci\u00f3n, hemos vuelto a hacer las denuncias, esperamos que la justicia pueda efectivamente cumplir su rol\u00bb. <\/em><\/p>\n<p>Asimismo, y respecto de las medidas de seguridad que se han adoptado y las que se llevar\u00e1n a cabo para evitar nuevos hechos de estas caracter\u00edsticas, el administrador municipal dijo que <em>\u00abnosotros como municipio vamos a ampliar las medidas de seguridad, estamos viendo la posibilidad de tener un guardia permanentemente en el sector, porque efectivamente el principal recinto deportivo, que tanto ha costado mantenerlo, se da\u00f1e por parte de delincuentes, lo condenamos absolutamente\u00bb.<\/em><\/p>\n<p>Finalmente, Hern\u00e1n Herrera asegur\u00f3 que <em>\u00abexisten las c\u00e1maras de seguridad, se logran identificar los sujetos, pero no logramos que estos efectivamente paguen lo que hacen\u00bb.<\/em><\/p>\n<figure id=\"attachment_130153\" aria-describedby=\"caption-attachment-130153\" style=\"width: 700px\" class=\"wp-caption alignnone\"><img loading=\"lazy\" decoding=\"async\" class=\"size-full wp-image-130153\" src=\"https:\/\/eltrabajo.cl\/web\/wp-content\/uploads\/2024\/06\/estadio-municipal.jpg\" alt=\"Nuevamente vandalizan el Estadio Municipal. \" width=\"700\" height=\"525\" srcset=\"https:\/\/eltrabajo.cl\/web\/wp-content\/uploads\/2024\/06\/estadio-municipal.jpg 700w, https:\/\/eltrabajo.cl\/web\/wp-content\/uploads\/2024\/06\/estadio-municipal-300x225.jpg 300w, https:\/\/eltrabajo.cl\/web\/wp-content\/uploads\/2024\/06\/estadio-municipal-560x420.jpg 560w, https:\/\/eltrabajo.cl\/web\/wp-content\/uploads\/2024\/06\/estadio-municipal-80x60.jpg 80w, https:\/\/eltrabajo.cl\/web\/wp-content\/uploads\/2024\/06\/estadio-municipal-150x113.jpg 150w, https:\/\/eltrabajo.cl\/web\/wp-content\/uploads\/2024\/06\/estadio-municipal-696x522.jpg 696w, https:\/\/eltrabajo.cl\/web\/wp-content\/uploads\/2024\/06\/estadio-municipal-265x198.jpg 265w\" sizes=\"auto, (max-width: 700px) 100vw, 700px\" \/><figcaption id=\"caption-attachment-130153\" class=\"wp-caption-text\">Nuevamente vandalizan el Estadio Municipal.<\/figcaption><\/figure>\n","protected":false},"excerpt":{"rendered":"<p>Sujetos rompieron espejos y hasta arrancaron los urinarios de los ba\u00f1os.- Una vez m\u00e1s, y de manera lamentable, delincuentes vandalizaron el Estadio Municipal de San Felipe. En esta oportunidad, los sujetos rompieron espejos y hasta arrancaron algunos urinarios de los ba\u00f1os ubicados bajo la tribuna Pac\u00edfico del principal recinto deportivo de nuestra ciudad. El administrador [&hellip;]<\/p>\n","protected":false},"author":1,"featured_media":130153,"comment_status":"open","ping_status":"closed","sticky":false,"template":"","format":"standard","meta":{"footnotes":""},"categories":[5],"tags":[],"class_list":{"0":"post-130152","1":"post","2":"type-post","3":"status-publish","4":"format-standard","5":"has-post-thumbnail","7":"category-policial"},"yoast_head":"<!-- This site is optimized with the Yoast SEO plugin v27.4 - https:\/\/yoast.com\/product\/yoast-seo-wordpress\/ -->\n<title>Nuevamente delincuentes provocaron da\u00f1os en el Estadio Municipal - Diario El Trabajo<\/title>\n<meta name=\"robots\" content=\"index, follow, max-snippet:-1, max-image-preview:large, max-video-preview:-1\" \/>\n<link rel=\"canonical\" href=\"https:\/\/eltrabajo.cl\/web\/nuevamente-delincuentes-provocaron-danos-en-el-estadio-municipal\/\" \/>\n<meta property=\"og:locale\" content=\"es_ES\" \/>\n<meta property=\"og:type\" content=\"article\" \/>\n<meta property=\"og:title\" content=\"Nuevamente delincuentes provocaron da\u00f1os en el Estadio Municipal - Diario El Trabajo\" \/>\n<meta property=\"og:description\" content=\"Sujetos rompieron espejos y hasta arrancaron los urinarios de los ba\u00f1os.- Una vez m\u00e1s, y de manera lamentable, delincuentes vandalizaron el Estadio Municipal de San Felipe. En esta oportunidad, los sujetos rompieron espejos y hasta arrancaron algunos urinarios de los ba\u00f1os ubicados bajo la tribuna Pac\u00edfico del principal recinto deportivo de nuestra ciudad. El administrador [&hellip;]\" \/>\n<meta property=\"og:url\" content=\"https:\/\/eltrabajo.cl\/web\/nuevamente-delincuentes-provocaron-danos-en-el-estadio-municipal\/\" \/>\n<meta property=\"og:site_name\" content=\"Diario El Trabajo\" \/>\n<meta property=\"article:publisher\" content=\"https:\/\/www.facebook.com\/ElTrabajoDiario\" \/>\n<meta property=\"article:published_time\" content=\"2024-06-10T01:40:23+00:00\" \/>\n<meta property=\"og:image\" content=\"https:\/\/eltrabajo.cl\/web\/wp-content\/uploads\/2024\/06\/estadio-municipal.jpg\" \/>\n\t<meta property=\"og:image:width\" content=\"700\" \/>\n\t<meta property=\"og:image:height\" content=\"525\" \/>\n\t<meta property=\"og:image:type\" content=\"image\/jpeg\" \/>\n<meta name=\"author\" content=\"Diario El Trabajo\" \/>\n<meta name=\"twitter:card\" content=\"summary_large_image\" \/>\n<meta name=\"twitter:creator\" content=\"@diarioeltrabajo\" \/>\n<meta name=\"twitter:site\" content=\"@diarioeltrabajo\" \/>\n<meta name=\"twitter:label1\" content=\"Escrito por\" \/>\n\t<meta name=\"twitter:data1\" content=\"Diario El Trabajo\" \/>\n\t<meta name=\"twitter:label2\" content=\"Tiempo estimado de lectura\" \/>\n\t<meta name=\"twitter:data2\" content=\"1 minuto\" \/>\n<script type=\"application\/ld+json\" class=\"yoast-schema-graph\">{\"@context\":\"https:\\\/\\\/schema.org\",\"@graph\":[{\"@type\":\"Article\",\"@id\":\"https:\\\/\\\/eltrabajo.cl\\\/web\\\/nuevamente-delincuentes-provocaron-danos-en-el-estadio-municipal\\\/#article\",\"isPartOf\":{\"@id\":\"https:\\\/\\\/eltrabajo.cl\\\/web\\\/nuevamente-delincuentes-provocaron-danos-en-el-estadio-municipal\\\/\"},\"author\":{\"name\":\"Diario El Trabajo\",\"@id\":\"https:\\\/\\\/eltrabajo.cl\\\/web\\\/#\\\/schema\\\/person\\\/45efd3d17f86ec456e44dd7debe1bf19\"},\"headline\":\"Nuevamente delincuentes provocaron da\u00f1os en el Estadio Municipal\",\"datePublished\":\"2024-06-10T01:40:23+00:00\",\"mainEntityOfPage\":{\"@id\":\"https:\\\/\\\/eltrabajo.cl\\\/web\\\/nuevamente-delincuentes-provocaron-danos-en-el-estadio-municipal\\\/\"},\"wordCount\":300,\"commentCount\":0,\"publisher\":{\"@id\":\"https:\\\/\\\/eltrabajo.cl\\\/web\\\/#organization\"},\"image\":{\"@id\":\"https:\\\/\\\/eltrabajo.cl\\\/web\\\/nuevamente-delincuentes-provocaron-danos-en-el-estadio-municipal\\\/#primaryimage\"},\"thumbnailUrl\":\"https:\\\/\\\/eltrabajo.cl\\\/web\\\/wp-content\\\/uploads\\\/2024\\\/06\\\/estadio-municipal.jpg\",\"articleSection\":[\"Policial\"],\"inLanguage\":\"es-CL\",\"potentialAction\":[{\"@type\":\"CommentAction\",\"name\":\"Comment\",\"target\":[\"https:\\\/\\\/eltrabajo.cl\\\/web\\\/nuevamente-delincuentes-provocaron-danos-en-el-estadio-municipal\\\/#respond\"]}]},{\"@type\":\"WebPage\",\"@id\":\"https:\\\/\\\/eltrabajo.cl\\\/web\\\/nuevamente-delincuentes-provocaron-danos-en-el-estadio-municipal\\\/\",\"url\":\"https:\\\/\\\/eltrabajo.cl\\\/web\\\/nuevamente-delincuentes-provocaron-danos-en-el-estadio-municipal\\\/\",\"name\":\"Nuevamente delincuentes provocaron da\u00f1os en el Estadio Municipal - Diario El Trabajo\",\"isPartOf\":{\"@id\":\"https:\\\/\\\/eltrabajo.cl\\\/web\\\/#website\"},\"primaryImageOfPage\":{\"@id\":\"https:\\\/\\\/eltrabajo.cl\\\/web\\\/nuevamente-delincuentes-provocaron-danos-en-el-estadio-municipal\\\/#primaryimage\"},\"image\":{\"@id\":\"https:\\\/\\\/eltrabajo.cl\\\/web\\\/nuevamente-delincuentes-provocaron-danos-en-el-estadio-municipal\\\/#primaryimage\"},\"thumbnailUrl\":\"https:\\\/\\\/eltrabajo.cl\\\/web\\\/wp-content\\\/uploads\\\/2024\\\/06\\\/estadio-municipal.jpg\",\"datePublished\":\"2024-06-10T01:40:23+00:00\",\"breadcrumb\":{\"@id\":\"https:\\\/\\\/eltrabajo.cl\\\/web\\\/nuevamente-delincuentes-provocaron-danos-en-el-estadio-municipal\\\/#breadcrumb\"},\"inLanguage\":\"es-CL\",\"potentialAction\":[{\"@type\":\"ReadAction\",\"target\":[\"https:\\\/\\\/eltrabajo.cl\\\/web\\\/nuevamente-delincuentes-provocaron-danos-en-el-estadio-municipal\\\/\"]}]},{\"@type\":\"ImageObject\",\"inLanguage\":\"es-CL\",\"@id\":\"https:\\\/\\\/eltrabajo.cl\\\/web\\\/nuevamente-delincuentes-provocaron-danos-en-el-estadio-municipal\\\/#primaryimage\",\"url\":\"https:\\\/\\\/eltrabajo.cl\\\/web\\\/wp-content\\\/uploads\\\/2024\\\/06\\\/estadio-municipal.jpg\",\"contentUrl\":\"https:\\\/\\\/eltrabajo.cl\\\/web\\\/wp-content\\\/uploads\\\/2024\\\/06\\\/estadio-municipal.jpg\",\"width\":700,\"height\":525,\"caption\":\"Nuevamente vandalizan el Estadio Municipal.\"},{\"@type\":\"BreadcrumbList\",\"@id\":\"https:\\\/\\\/eltrabajo.cl\\\/web\\\/nuevamente-delincuentes-provocaron-danos-en-el-estadio-municipal\\\/#breadcrumb\",\"itemListElement\":[{\"@type\":\"ListItem\",\"position\":1,\"name\":\"Portada\",\"item\":\"https:\\\/\\\/eltrabajo.cl\\\/web\\\/\"},{\"@type\":\"ListItem\",\"position\":2,\"name\":\"Nuevamente delincuentes provocaron da\u00f1os en el Estadio Municipal\"}]},{\"@type\":\"WebSite\",\"@id\":\"https:\\\/\\\/eltrabajo.cl\\\/web\\\/#website\",\"url\":\"https:\\\/\\\/eltrabajo.cl\\\/web\\\/\",\"name\":\"Diario El Trabajo\",\"description\":\"Desde 1929 construyendo Identidad Local\",\"publisher\":{\"@id\":\"https:\\\/\\\/eltrabajo.cl\\\/web\\\/#organization\"},\"potentialAction\":[{\"@type\":\"SearchAction\",\"target\":{\"@type\":\"EntryPoint\",\"urlTemplate\":\"https:\\\/\\\/eltrabajo.cl\\\/web\\\/?s={search_term_string}\"},\"query-input\":{\"@type\":\"PropertyValueSpecification\",\"valueRequired\":true,\"valueName\":\"search_term_string\"}}],\"inLanguage\":\"es-CL\"},{\"@type\":\"Organization\",\"@id\":\"https:\\\/\\\/eltrabajo.cl\\\/web\\\/#organization\",\"name\":\"Diario El Trabajo\",\"url\":\"https:\\\/\\\/eltrabajo.cl\\\/web\\\/\",\"logo\":{\"@type\":\"ImageObject\",\"inLanguage\":\"es-CL\",\"@id\":\"https:\\\/\\\/eltrabajo.cl\\\/web\\\/#\\\/schema\\\/logo\\\/image\\\/\",\"url\":\"https:\\\/\\\/eltrabajo.cl\\\/web\\\/wp-content\\\/uploads\\\/2024\\\/06\\\/profile-image-ig-page-diarioeltrabajo.jpg\",\"contentUrl\":\"https:\\\/\\\/eltrabajo.cl\\\/web\\\/wp-content\\\/uploads\\\/2024\\\/06\\\/profile-image-ig-page-diarioeltrabajo.jpg\",\"width\":823,\"height\":823,\"caption\":\"Diario El Trabajo\"},\"image\":{\"@id\":\"https:\\\/\\\/eltrabajo.cl\\\/web\\\/#\\\/schema\\\/logo\\\/image\\\/\"},\"sameAs\":[\"https:\\\/\\\/www.facebook.com\\\/ElTrabajoDiario\",\"https:\\\/\\\/x.com\\\/diarioeltrabajo\"]},{\"@type\":\"Person\",\"@id\":\"https:\\\/\\\/eltrabajo.cl\\\/web\\\/#\\\/schema\\\/person\\\/45efd3d17f86ec456e44dd7debe1bf19\",\"name\":\"Diario El Trabajo\",\"image\":{\"@type\":\"ImageObject\",\"inLanguage\":\"es-CL\",\"@id\":\"https:\\\/\\\/secure.gravatar.com\\\/avatar\\\/7e6ec277dc4aea2677c2dc301d4227957219329c985ab69a3efc12518b5161aa?s=96&d=mm&r=g\",\"url\":\"https:\\\/\\\/secure.gravatar.com\\\/avatar\\\/7e6ec277dc4aea2677c2dc301d4227957219329c985ab69a3efc12518b5161aa?s=96&d=mm&r=g\",\"contentUrl\":\"https:\\\/\\\/secure.gravatar.com\\\/avatar\\\/7e6ec277dc4aea2677c2dc301d4227957219329c985ab69a3efc12518b5161aa?s=96&d=mm&r=g\",\"caption\":\"Diario El Trabajo\"},\"sameAs\":[\"https:\\\/\\\/eltrabajo.cl\\\/web\"],\"url\":\"https:\\\/\\\/eltrabajo.cl\\\/web\\\/author\\\/diario-el-trabajo\\\/\"}]}<\/script>\n<!-- \/ Yoast SEO plugin. -->","yoast_head_json":{"title":"Nuevamente delincuentes provocaron da\u00f1os en el Estadio Municipal - Diario El Trabajo","robots":{"index":"index","follow":"follow","max-snippet":"max-snippet:-1","max-image-preview":"max-image-preview:large","max-video-preview":"max-video-preview:-1"},"canonical":"https:\/\/eltrabajo.cl\/web\/nuevamente-delincuentes-provocaron-danos-en-el-estadio-municipal\/","og_locale":"es_ES","og_type":"article","og_title":"Nuevamente delincuentes provocaron da\u00f1os en el Estadio Municipal - Diario El Trabajo","og_description":"Sujetos rompieron espejos y hasta arrancaron los urinarios de los ba\u00f1os.- Una vez m\u00e1s, y de manera lamentable, delincuentes vandalizaron el Estadio Municipal de San Felipe. En esta oportunidad, los sujetos rompieron espejos y hasta arrancaron algunos urinarios de los ba\u00f1os ubicados bajo la tribuna Pac\u00edfico del principal recinto deportivo de nuestra ciudad. El administrador [&hellip;]","og_url":"https:\/\/eltrabajo.cl\/web\/nuevamente-delincuentes-provocaron-danos-en-el-estadio-municipal\/","og_site_name":"Diario El Trabajo","article_publisher":"https:\/\/www.facebook.com\/ElTrabajoDiario","article_published_time":"2024-06-10T01:40:23+00:00","og_image":[{"width":700,"height":525,"url":"https:\/\/eltrabajo.cl\/web\/wp-content\/uploads\/2024\/06\/estadio-municipal.jpg","type":"image\/jpeg"}],"author":"Diario El Trabajo","twitter_card":"summary_large_image","twitter_creator":"@diarioeltrabajo","twitter_site":"@diarioeltrabajo","twitter_misc":{"Escrito por":"Diario El Trabajo","Tiempo estimado de lectura":"1 minuto"},"schema":{"@context":"https:\/\/schema.org","@graph":[{"@type":"Article","@id":"https:\/\/eltrabajo.cl\/web\/nuevamente-delincuentes-provocaron-danos-en-el-estadio-municipal\/#article","isPartOf":{"@id":"https:\/\/eltrabajo.cl\/web\/nuevamente-delincuentes-provocaron-danos-en-el-estadio-municipal\/"},"author":{"name":"Diario El Trabajo","@id":"https:\/\/eltrabajo.cl\/web\/#\/schema\/person\/45efd3d17f86ec456e44dd7debe1bf19"},"headline":"Nuevamente delincuentes provocaron da\u00f1os en el Estadio Municipal","datePublished":"2024-06-10T01:40:23+00:00","mainEntityOfPage":{"@id":"https:\/\/eltrabajo.cl\/web\/nuevamente-delincuentes-provocaron-danos-en-el-estadio-municipal\/"},"wordCount":300,"commentCount":0,"publisher":{"@id":"https:\/\/eltrabajo.cl\/web\/#organization"},"image":{"@id":"https:\/\/eltrabajo.cl\/web\/nuevamente-delincuentes-provocaron-danos-en-el-estadio-municipal\/#primaryimage"},"thumbnailUrl":"https:\/\/eltrabajo.cl\/web\/wp-content\/uploads\/2024\/06\/estadio-municipal.jpg","articleSection":["Policial"],"inLanguage":"es-CL","potentialAction":[{"@type":"CommentAction","name":"Comment","target":["https:\/\/eltrabajo.cl\/web\/nuevamente-delincuentes-provocaron-danos-en-el-estadio-municipal\/#respond"]}]},{"@type":"WebPage","@id":"https:\/\/eltrabajo.cl\/web\/nuevamente-delincuentes-provocaron-danos-en-el-estadio-municipal\/","url":"https:\/\/eltrabajo.cl\/web\/nuevamente-delincuentes-provocaron-danos-en-el-estadio-municipal\/","name":"Nuevamente delincuentes provocaron da\u00f1os en el Estadio Municipal - Diario El Trabajo","isPartOf":{"@id":"https:\/\/eltrabajo.cl\/web\/#website"},"primaryImageOfPage":{"@id":"https:\/\/eltrabajo.cl\/web\/nuevamente-delincuentes-provocaron-danos-en-el-estadio-municipal\/#primaryimage"},"image":{"@id":"https:\/\/eltrabajo.cl\/web\/nuevamente-delincuentes-provocaron-danos-en-el-estadio-municipal\/#primaryimage"},"thumbnailUrl":"https:\/\/eltrabajo.cl\/web\/wp-content\/uploads\/2024\/06\/estadio-municipal.jpg","datePublished":"2024-06-10T01:40:23+00:00","breadcrumb":{"@id":"https:\/\/eltrabajo.cl\/web\/nuevamente-delincuentes-provocaron-danos-en-el-estadio-municipal\/#breadcrumb"},"inLanguage":"es-CL","potentialAction":[{"@type":"ReadAction","target":["https:\/\/eltrabajo.cl\/web\/nuevamente-delincuentes-provocaron-danos-en-el-estadio-municipal\/"]}]},{"@type":"ImageObject","inLanguage":"es-CL","@id":"https:\/\/eltrabajo.cl\/web\/nuevamente-delincuentes-provocaron-danos-en-el-estadio-municipal\/#primaryimage","url":"https:\/\/eltrabajo.cl\/web\/wp-content\/uploads\/2024\/06\/estadio-municipal.jpg","contentUrl":"https:\/\/eltrabajo.cl\/web\/wp-content\/uploads\/2024\/06\/estadio-municipal.jpg","width":700,"height":525,"caption":"Nuevamente vandalizan el Estadio Municipal."},{"@type":"BreadcrumbList","@id":"https:\/\/eltrabajo.cl\/web\/nuevamente-delincuentes-provocaron-danos-en-el-estadio-municipal\/#breadcrumb","itemListElement":[{"@type":"ListItem","position":1,"name":"Portada","item":"https:\/\/eltrabajo.cl\/web\/"},{"@type":"ListItem","position":2,"name":"Nuevamente delincuentes provocaron da\u00f1os en el Estadio Municipal"}]},{"@type":"WebSite","@id":"https:\/\/eltrabajo.cl\/web\/#website","url":"https:\/\/eltrabajo.cl\/web\/","name":"Diario El Trabajo","description":"Desde 1929 construyendo Identidad Local","publisher":{"@id":"https:\/\/eltrabajo.cl\/web\/#organization"},"potentialAction":[{"@type":"SearchAction","target":{"@type":"EntryPoint","urlTemplate":"https:\/\/eltrabajo.cl\/web\/?s={search_term_string}"},"query-input":{"@type":"PropertyValueSpecification","valueRequired":true,"valueName":"search_term_string"}}],"inLanguage":"es-CL"},{"@type":"Organization","@id":"https:\/\/eltrabajo.cl\/web\/#organization","name":"Diario El Trabajo","url":"https:\/\/eltrabajo.cl\/web\/","logo":{"@type":"ImageObject","inLanguage":"es-CL","@id":"https:\/\/eltrabajo.cl\/web\/#\/schema\/logo\/image\/","url":"https:\/\/eltrabajo.cl\/web\/wp-content\/uploads\/2024\/06\/profile-image-ig-page-diarioeltrabajo.jpg","contentUrl":"https:\/\/eltrabajo.cl\/web\/wp-content\/uploads\/2024\/06\/profile-image-ig-page-diarioeltrabajo.jpg","width":823,"height":823,"caption":"Diario El Trabajo"},"image":{"@id":"https:\/\/eltrabajo.cl\/web\/#\/schema\/logo\/image\/"},"sameAs":["https:\/\/www.facebook.com\/ElTrabajoDiario","https:\/\/x.com\/diarioeltrabajo"]},{"@type":"Person","@id":"https:\/\/eltrabajo.cl\/web\/#\/schema\/person\/45efd3d17f86ec456e44dd7debe1bf19","name":"Diario El Trabajo","image":{"@type":"ImageObject","inLanguage":"es-CL","@id":"https:\/\/secure.gravatar.com\/avatar\/7e6ec277dc4aea2677c2dc301d4227957219329c985ab69a3efc12518b5161aa?s=96&d=mm&r=g","url":"https:\/\/secure.gravatar.com\/avatar\/7e6ec277dc4aea2677c2dc301d4227957219329c985ab69a3efc12518b5161aa?s=96&d=mm&r=g","contentUrl":"https:\/\/secure.gravatar.com\/avatar\/7e6ec277dc4aea2677c2dc301d4227957219329c985ab69a3efc12518b5161aa?s=96&d=mm&r=g","caption":"Diario El Trabajo"},"sameAs":["https:\/\/eltrabajo.cl\/web"],"url":"https:\/\/eltrabajo.cl\/web\/author\/diario-el-trabajo\/"}]}},"_links":{"self":[{"href":"https:\/\/eltrabajo.cl\/web\/wp-json\/wp\/v2\/posts\/130152","targetHints":{"allow":["GET"]}}],"collection":[{"href":"https:\/\/eltrabajo.cl\/web\/wp-json\/wp\/v2\/posts"}],"about":[{"href":"https:\/\/eltrabajo.cl\/web\/wp-json\/wp\/v2\/types\/post"}],"author":[{"embeddable":true,"href":"https:\/\/eltrabajo.cl\/web\/wp-json\/wp\/v2\/users\/1"}],"replies":[{"embeddable":true,"href":"https:\/\/eltrabajo.cl\/web\/wp-json\/wp\/v2\/comments?post=130152"}],"version-history":[{"count":0,"href":"https:\/\/eltrabajo.cl\/web\/wp-json\/wp\/v2\/posts\/130152\/revisions"}],"wp:featuredmedia":[{"embeddable":true,"href":"https:\/\/eltrabajo.cl\/web\/wp-json\/wp\/v2\/media\/130153"}],"wp:attachment":[{"href":"https:\/\/eltrabajo.cl\/web\/wp-json\/wp\/v2\/media?parent=130152"}],"wp:term":[{"taxonomy":"category","embeddable":true,"href":"https:\/\/eltrabajo.cl\/web\/wp-json\/wp\/v2\/categories?post=130152"},{"taxonomy":"post_tag","embeddable":true,"href":"https:\/\/eltrabajo.cl\/web\/wp-json\/wp\/v2\/tags?post=130152"}],"curies":[{"name":"wp","href":"https:\/\/api.w.org\/{rel}","templated":true}]}}