{"id":130159,"date":"2024-06-09T22:50:20","date_gmt":"2024-06-10T01:50:20","guid":{"rendered":"https:\/\/eltrabajo.cl\/web\/?p=130159"},"modified":"2024-06-09T21:47:33","modified_gmt":"2024-06-10T00:47:33","slug":"este-sabado-se-dio-inicio-a-temporada-de-ollas-comunes-en-san-felipe","status":"publish","type":"post","link":"https:\/\/eltrabajo.cl\/web\/este-sabado-se-dio-inicio-a-temporada-de-ollas-comunes-en-san-felipe\/","title":{"rendered":"Este s\u00e1bado se dio inicio a temporada de \u2018ollas comunes\u2019 en San Felipe"},"content":{"rendered":"<ul>\n<li><strong>Iniciativa ayudar\u00e1 con un plato de comida a m\u00e1s de 1.500 personas en nuestra comuna durante los fines de semana.-<\/strong><\/li>\n<\/ul>\n<p>Este s\u00e1bado comenz\u00f3 la nueva temporada de \u2018ollas comunes\u2019 de este 2024 en nuestra comuna, siendo iniciativa altruista que se activa en la \u00e9poca de m\u00e1s fr\u00edo de cada a\u00f1o -entendiendo que estamos a solo d\u00edas del inicio oficial de la estaci\u00f3n de invierno- y que consiste en entregar un plato de comida los fines de semana, a quienes m\u00e1s lo necesitan.<\/p>\n<p>Se estima que, mediante las ollas comunes, las cuales se distribuyen en distintas poblaciones, villas y sectores de nuestra comuna, se ayuda con la entrega de una raci\u00f3n de alimentos a m\u00e1s de 1.500 personas, en horarios de 09:30 a 15:00 horas. En esta l\u00ednea, siempre el llamado a la comunidad y las empresas, es a ayudar con la donaci\u00f3n de alimentos para continuar con esta obra.<\/p>\n<p>Villa Los \u00c1lamos, Departamentos Sargento Aldea, Villa El Totoral, Villa Los Araucanos, Poblaci\u00f3n El Esfuerzo, Poblaci\u00f3n Arturo Prat y Villa Departamental, son algunas de las ollas comunes que comenzaron a funcionar nuevamente este fin de semana, donde se espera que la iniciativa se realice durante junio, julio y agosto.<\/p>\n<p><strong>Guillermo Lillo<\/strong>, concejal de San Felipe y encargado de la olla com\u00fan de Corporaci\u00f3n Dame Tu Mano, la cual trabaja en conjunto con Villa Departamental, indic\u00f3 el inicio de la entrega de alimentos y las ollas que est\u00e1n repartidas en nuestra comunidad. <em>\u00abEste s\u00e1bado 8 de junio arrancamos nuevamente este a\u00f1o con las \u2018ollas comunes\u2019 ac\u00e1 en la zona de San Felipe, estamos trabajando con alrededor de 10 ollas comunes ac\u00e1 en San Felipe, en el cual est\u00e1n entregando m\u00e1s de 100 raciones cada una. Estamos abordando casi 1.500 a 1.800 personas todos los fines de semana trabajando en ollas comunes, los d\u00edas s\u00e1bados y domingo.<\/em><\/p>\n<p>\u00ab<em>Estamos trabajando con Villa Los \u00c1lamos, con la se\u00f1ora Adelia, presidenta de la Junta de Vecinos; trabajando con Departamentos Sargento Aldea, con la se\u00f1ora Paola Saavedra; trabajando en El Totoral con la se\u00f1ora Marisol; trabajando en Los Araucanos con la se\u00f1ora Nuri; trabajando en El Esfuerzo con las hermanas Videla; trabajando en Enc\u00f3n con el presidente Luis Lillo; trabajando en la Poblaci\u00f3n Arturo Prat con la se\u00f1ora Nancy Z\u00fa\u00f1iga; trabajando en la Departamental, que es a la que yo pertenezco y que ah\u00ed trabajamos con la Junta de Vecinos de la Departamental y Corporaci\u00f3n Dame Tu Mano. En la misma sede la Junta de Vecinos de la Departamental estar\u00e1 trabajando para sus vecinos y nosotros por separado estaremos trabajando para la gente de calle, abuelitos solitos, gente discapacitada. Tambi\u00e9n est\u00e1 la olla LGBT\u00bb<\/em>, dijo.<\/p>\n<p>En cuanto a la ayuda que siempre es necesaria para que esta iniciativa cumpla su cometido, precis\u00f3 que <em>\u00abeste s\u00e1bado arrancamos, trabajaremos junio, julio y agosto, donde le pedimos a toda la comunidad, a la empresa que nos acompa\u00f1a en este trabajo, en la ayuda solidaria para los acompa\u00f1amientos. La Municipalidad de San Felipe nos dio un aporte de mercader\u00eda m\u00e1s dos galones de gas, pero nos hacen falta verduritas, el chorizo, la carne molida, las vienesas. Adem\u00e1s, tambi\u00e9n trabajaremos con la Panader\u00eda Popular a cargo de la se\u00f1ora Marisol Dom\u00ednguez, est\u00e1n funcionando en El Totoral, as\u00ed que tenemos hartas ganas, la gente est\u00e1 s\u00faper contenta, as\u00ed que queremos el respaldo que nos ayude la comunidad y las empresas\u00bb<\/em>, sostuvo.<\/p>\n<p>Finalmente, en referencia al doble trabajo que se realiza en la sede de la Villa Departamental, Lillo coment\u00f3 que <em>\u00abcomo Corporaci\u00f3n Dame Tu Mano trabajamos en la Departamental con la gran ayuda de las alumnas del Liceo de Ni\u00f1as que estudian gastronom\u00eda, as\u00ed que el s\u00e1bado fue genial, la pasamos muy bien, trabajando alegre, as\u00ed que solamente le pedimos la ayuda a la gente a la empresa con este tipo de cosas, que se acerquen a cada sede de su poblaci\u00f3n a echar una ayuda. Como corporaci\u00f3n entregamos 140 raciones y Departamental m\u00e1s de 100, yo creo que hicimos m\u00e1s de 240 almuerzos\u00bb<\/em>, cerr\u00f3.<\/p>\n<figure id=\"attachment_130160\" aria-describedby=\"caption-attachment-130160\" style=\"width: 699px\" class=\"wp-caption alignnone\"><img loading=\"lazy\" decoding=\"async\" class=\"size-full wp-image-130160\" src=\"https:\/\/eltrabajo.cl\/web\/wp-content\/uploads\/2024\/06\/olla-1.jpg\" alt=\"Este s\u00e1bado comenzaron a funcionar nuevamente las \u2018ollas comunes\u2019.\" width=\"699\" height=\"506\" srcset=\"https:\/\/eltrabajo.cl\/web\/wp-content\/uploads\/2024\/06\/olla-1.jpg 699w, https:\/\/eltrabajo.cl\/web\/wp-content\/uploads\/2024\/06\/olla-1-300x217.jpg 300w, https:\/\/eltrabajo.cl\/web\/wp-content\/uploads\/2024\/06\/olla-1-580x420.jpg 580w, https:\/\/eltrabajo.cl\/web\/wp-content\/uploads\/2024\/06\/olla-1-150x109.jpg 150w, https:\/\/eltrabajo.cl\/web\/wp-content\/uploads\/2024\/06\/olla-1-696x504.jpg 696w, https:\/\/eltrabajo.cl\/web\/wp-content\/uploads\/2024\/06\/olla-1-324x235.jpg 324w\" sizes=\"auto, (max-width: 699px) 100vw, 699px\" \/><figcaption id=\"caption-attachment-130160\" class=\"wp-caption-text\">Este s\u00e1bado comenzaron a funcionar nuevamente las \u2018ollas comunes\u2019.<\/figcaption><\/figure>\n<figure id=\"attachment_130162\" aria-describedby=\"caption-attachment-130162\" style=\"width: 699px\" class=\"wp-caption alignnone\"><img loading=\"lazy\" decoding=\"async\" class=\"size-full wp-image-130162\" src=\"https:\/\/eltrabajo.cl\/web\/wp-content\/uploads\/2024\/06\/olla-4.jpg\" alt=\"Gran ayuda para quienes m\u00e1s lo necesitan en \u00e9pocas de fr\u00edo.\" width=\"699\" height=\"510\" srcset=\"https:\/\/eltrabajo.cl\/web\/wp-content\/uploads\/2024\/06\/olla-4.jpg 699w, https:\/\/eltrabajo.cl\/web\/wp-content\/uploads\/2024\/06\/olla-4-300x219.jpg 300w, https:\/\/eltrabajo.cl\/web\/wp-content\/uploads\/2024\/06\/olla-4-576x420.jpg 576w, https:\/\/eltrabajo.cl\/web\/wp-content\/uploads\/2024\/06\/olla-4-150x109.jpg 150w, https:\/\/eltrabajo.cl\/web\/wp-content\/uploads\/2024\/06\/olla-4-696x508.jpg 696w, https:\/\/eltrabajo.cl\/web\/wp-content\/uploads\/2024\/06\/olla-4-324x235.jpg 324w\" sizes=\"auto, (max-width: 699px) 100vw, 699px\" \/><figcaption id=\"caption-attachment-130162\" class=\"wp-caption-text\">Gran ayuda para quienes m\u00e1s lo necesitan en \u00e9pocas de fr\u00edo.<\/figcaption><\/figure>\n<figure id=\"attachment_130161\" aria-describedby=\"caption-attachment-130161\" style=\"width: 699px\" class=\"wp-caption alignnone\"><img loading=\"lazy\" decoding=\"async\" class=\"size-full wp-image-130161\" src=\"https:\/\/eltrabajo.cl\/web\/wp-content\/uploads\/2024\/06\/olla-2.jpg\" alt=\"Alumnas de gastronom\u00eda del Liceo de Ni\u00f1as tambi\u00e9n son parte de esta gran iniciativa.\" width=\"699\" height=\"765\" srcset=\"https:\/\/eltrabajo.cl\/web\/wp-content\/uploads\/2024\/06\/olla-2.jpg 699w, https:\/\/eltrabajo.cl\/web\/wp-content\/uploads\/2024\/06\/olla-2-274x300.jpg 274w, https:\/\/eltrabajo.cl\/web\/wp-content\/uploads\/2024\/06\/olla-2-384x420.jpg 384w, https:\/\/eltrabajo.cl\/web\/wp-content\/uploads\/2024\/06\/olla-2-150x164.jpg 150w, https:\/\/eltrabajo.cl\/web\/wp-content\/uploads\/2024\/06\/olla-2-300x328.jpg 300w, https:\/\/eltrabajo.cl\/web\/wp-content\/uploads\/2024\/06\/olla-2-696x762.jpg 696w\" sizes=\"auto, (max-width: 699px) 100vw, 699px\" \/><figcaption id=\"caption-attachment-130161\" class=\"wp-caption-text\">Alumnas de gastronom\u00eda del Liceo de Ni\u00f1as tambi\u00e9n son parte de esta gran iniciativa.<\/figcaption><\/figure>\n","protected":false},"excerpt":{"rendered":"<p>Iniciativa ayudar\u00e1 con un plato de comida a m\u00e1s de 1.500 personas en nuestra comuna durante los fines de semana.- Este s\u00e1bado comenz\u00f3 la nueva temporada de \u2018ollas comunes\u2019 de este 2024 en nuestra comuna, siendo iniciativa altruista que se activa en la \u00e9poca de m\u00e1s fr\u00edo de cada a\u00f1o -entendiendo que estamos a solo [&hellip;]<\/p>\n","protected":false},"author":1,"featured_media":130160,"comment_status":"open","ping_status":"closed","sticky":false,"template":"","format":"standard","meta":{"footnotes":""},"categories":[3],"tags":[],"class_list":{"0":"post-130159","1":"post","2":"type-post","3":"status-publish","4":"format-standard","5":"has-post-thumbnail","7":"category-cronica-2"},"yoast_head":"<!-- This site is optimized with the Yoast SEO plugin v27.5 - https:\/\/yoast.com\/product\/yoast-seo-wordpress\/ -->\n<title>Este s\u00e1bado se dio inicio a temporada de \u2018ollas comunes\u2019 en San Felipe - Diario El Trabajo<\/title>\n<meta name=\"robots\" content=\"index, follow, max-snippet:-1, max-image-preview:large, max-video-preview:-1\" \/>\n<link rel=\"canonical\" href=\"https:\/\/eltrabajo.cl\/web\/este-sabado-se-dio-inicio-a-temporada-de-ollas-comunes-en-san-felipe\/\" \/>\n<meta property=\"og:locale\" content=\"es_ES\" \/>\n<meta property=\"og:type\" content=\"article\" \/>\n<meta property=\"og:title\" content=\"Este s\u00e1bado se dio inicio a temporada de \u2018ollas comunes\u2019 en San Felipe - Diario El Trabajo\" \/>\n<meta property=\"og:description\" content=\"Iniciativa ayudar\u00e1 con un plato de comida a m\u00e1s de 1.500 personas en nuestra comuna durante los fines de semana.- Este s\u00e1bado comenz\u00f3 la nueva temporada de \u2018ollas comunes\u2019 de este 2024 en nuestra comuna, siendo iniciativa altruista que se activa en la \u00e9poca de m\u00e1s fr\u00edo de cada a\u00f1o -entendiendo que estamos a solo [&hellip;]\" \/>\n<meta property=\"og:url\" content=\"https:\/\/eltrabajo.cl\/web\/este-sabado-se-dio-inicio-a-temporada-de-ollas-comunes-en-san-felipe\/\" \/>\n<meta property=\"og:site_name\" content=\"Diario El Trabajo\" \/>\n<meta property=\"article:publisher\" content=\"https:\/\/www.facebook.com\/ElTrabajoDiario\" \/>\n<meta property=\"article:published_time\" content=\"2024-06-10T01:50:20+00:00\" \/>\n<meta property=\"og:image\" content=\"https:\/\/eltrabajo.cl\/web\/wp-content\/uploads\/2024\/06\/olla-1.jpg\" \/>\n\t<meta property=\"og:image:width\" content=\"699\" \/>\n\t<meta property=\"og:image:height\" content=\"506\" \/>\n\t<meta property=\"og:image:type\" content=\"image\/jpeg\" \/>\n<meta name=\"author\" content=\"Diario El Trabajo\" \/>\n<meta name=\"twitter:card\" content=\"summary_large_image\" \/>\n<meta name=\"twitter:creator\" content=\"@diarioeltrabajo\" \/>\n<meta name=\"twitter:site\" content=\"@diarioeltrabajo\" \/>\n<meta name=\"twitter:label1\" content=\"Escrito por\" \/>\n\t<meta name=\"twitter:data1\" content=\"Diario El Trabajo\" \/>\n\t<meta name=\"twitter:label2\" content=\"Tiempo estimado de lectura\" \/>\n\t<meta name=\"twitter:data2\" content=\"4 minutos\" \/>\n<script type=\"application\/ld+json\" class=\"yoast-schema-graph\">{\"@context\":\"https:\\\/\\\/schema.org\",\"@graph\":[{\"@type\":\"Article\",\"@id\":\"https:\\\/\\\/eltrabajo.cl\\\/web\\\/este-sabado-se-dio-inicio-a-temporada-de-ollas-comunes-en-san-felipe\\\/#article\",\"isPartOf\":{\"@id\":\"https:\\\/\\\/eltrabajo.cl\\\/web\\\/este-sabado-se-dio-inicio-a-temporada-de-ollas-comunes-en-san-felipe\\\/\"},\"author\":{\"name\":\"Diario El Trabajo\",\"@id\":\"https:\\\/\\\/eltrabajo.cl\\\/web\\\/#\\\/schema\\\/person\\\/45efd3d17f86ec456e44dd7debe1bf19\"},\"headline\":\"Este s\u00e1bado se dio inicio a temporada de \u2018ollas comunes\u2019 en San Felipe\",\"datePublished\":\"2024-06-10T01:50:20+00:00\",\"mainEntityOfPage\":{\"@id\":\"https:\\\/\\\/eltrabajo.cl\\\/web\\\/este-sabado-se-dio-inicio-a-temporada-de-ollas-comunes-en-san-felipe\\\/\"},\"wordCount\":778,\"commentCount\":0,\"publisher\":{\"@id\":\"https:\\\/\\\/eltrabajo.cl\\\/web\\\/#organization\"},\"image\":{\"@id\":\"https:\\\/\\\/eltrabajo.cl\\\/web\\\/este-sabado-se-dio-inicio-a-temporada-de-ollas-comunes-en-san-felipe\\\/#primaryimage\"},\"thumbnailUrl\":\"https:\\\/\\\/eltrabajo.cl\\\/web\\\/wp-content\\\/uploads\\\/2024\\\/06\\\/olla-1.jpg\",\"articleSection\":[\"Cr\u00f3nica\"],\"inLanguage\":\"es-CL\",\"potentialAction\":[{\"@type\":\"CommentAction\",\"name\":\"Comment\",\"target\":[\"https:\\\/\\\/eltrabajo.cl\\\/web\\\/este-sabado-se-dio-inicio-a-temporada-de-ollas-comunes-en-san-felipe\\\/#respond\"]}]},{\"@type\":\"WebPage\",\"@id\":\"https:\\\/\\\/eltrabajo.cl\\\/web\\\/este-sabado-se-dio-inicio-a-temporada-de-ollas-comunes-en-san-felipe\\\/\",\"url\":\"https:\\\/\\\/eltrabajo.cl\\\/web\\\/este-sabado-se-dio-inicio-a-temporada-de-ollas-comunes-en-san-felipe\\\/\",\"name\":\"Este s\u00e1bado se dio inicio a temporada de \u2018ollas comunes\u2019 en San Felipe - Diario El Trabajo\",\"isPartOf\":{\"@id\":\"https:\\\/\\\/eltrabajo.cl\\\/web\\\/#website\"},\"primaryImageOfPage\":{\"@id\":\"https:\\\/\\\/eltrabajo.cl\\\/web\\\/este-sabado-se-dio-inicio-a-temporada-de-ollas-comunes-en-san-felipe\\\/#primaryimage\"},\"image\":{\"@id\":\"https:\\\/\\\/eltrabajo.cl\\\/web\\\/este-sabado-se-dio-inicio-a-temporada-de-ollas-comunes-en-san-felipe\\\/#primaryimage\"},\"thumbnailUrl\":\"https:\\\/\\\/eltrabajo.cl\\\/web\\\/wp-content\\\/uploads\\\/2024\\\/06\\\/olla-1.jpg\",\"datePublished\":\"2024-06-10T01:50:20+00:00\",\"breadcrumb\":{\"@id\":\"https:\\\/\\\/eltrabajo.cl\\\/web\\\/este-sabado-se-dio-inicio-a-temporada-de-ollas-comunes-en-san-felipe\\\/#breadcrumb\"},\"inLanguage\":\"es-CL\",\"potentialAction\":[{\"@type\":\"ReadAction\",\"target\":[\"https:\\\/\\\/eltrabajo.cl\\\/web\\\/este-sabado-se-dio-inicio-a-temporada-de-ollas-comunes-en-san-felipe\\\/\"]}]},{\"@type\":\"ImageObject\",\"inLanguage\":\"es-CL\",\"@id\":\"https:\\\/\\\/eltrabajo.cl\\\/web\\\/este-sabado-se-dio-inicio-a-temporada-de-ollas-comunes-en-san-felipe\\\/#primaryimage\",\"url\":\"https:\\\/\\\/eltrabajo.cl\\\/web\\\/wp-content\\\/uploads\\\/2024\\\/06\\\/olla-1.jpg\",\"contentUrl\":\"https:\\\/\\\/eltrabajo.cl\\\/web\\\/wp-content\\\/uploads\\\/2024\\\/06\\\/olla-1.jpg\",\"width\":699,\"height\":506,\"caption\":\"Este s\u00e1bado comenzaron a funcionar nuevamente las \u2018ollas comunes\u2019.\"},{\"@type\":\"BreadcrumbList\",\"@id\":\"https:\\\/\\\/eltrabajo.cl\\\/web\\\/este-sabado-se-dio-inicio-a-temporada-de-ollas-comunes-en-san-felipe\\\/#breadcrumb\",\"itemListElement\":[{\"@type\":\"ListItem\",\"position\":1,\"name\":\"Portada\",\"item\":\"https:\\\/\\\/eltrabajo.cl\\\/web\\\/\"},{\"@type\":\"ListItem\",\"position\":2,\"name\":\"Este s\u00e1bado se dio inicio a temporada de \u2018ollas comunes\u2019 en San Felipe\"}]},{\"@type\":\"WebSite\",\"@id\":\"https:\\\/\\\/eltrabajo.cl\\\/web\\\/#website\",\"url\":\"https:\\\/\\\/eltrabajo.cl\\\/web\\\/\",\"name\":\"Diario El Trabajo\",\"description\":\"Desde 1929 construyendo Identidad Local\",\"publisher\":{\"@id\":\"https:\\\/\\\/eltrabajo.cl\\\/web\\\/#organization\"},\"potentialAction\":[{\"@type\":\"SearchAction\",\"target\":{\"@type\":\"EntryPoint\",\"urlTemplate\":\"https:\\\/\\\/eltrabajo.cl\\\/web\\\/?s={search_term_string}\"},\"query-input\":{\"@type\":\"PropertyValueSpecification\",\"valueRequired\":true,\"valueName\":\"search_term_string\"}}],\"inLanguage\":\"es-CL\"},{\"@type\":\"Organization\",\"@id\":\"https:\\\/\\\/eltrabajo.cl\\\/web\\\/#organization\",\"name\":\"Diario El Trabajo\",\"url\":\"https:\\\/\\\/eltrabajo.cl\\\/web\\\/\",\"logo\":{\"@type\":\"ImageObject\",\"inLanguage\":\"es-CL\",\"@id\":\"https:\\\/\\\/eltrabajo.cl\\\/web\\\/#\\\/schema\\\/logo\\\/image\\\/\",\"url\":\"https:\\\/\\\/eltrabajo.cl\\\/web\\\/wp-content\\\/uploads\\\/2024\\\/06\\\/profile-image-ig-page-diarioeltrabajo.jpg\",\"contentUrl\":\"https:\\\/\\\/eltrabajo.cl\\\/web\\\/wp-content\\\/uploads\\\/2024\\\/06\\\/profile-image-ig-page-diarioeltrabajo.jpg\",\"width\":823,\"height\":823,\"caption\":\"Diario El Trabajo\"},\"image\":{\"@id\":\"https:\\\/\\\/eltrabajo.cl\\\/web\\\/#\\\/schema\\\/logo\\\/image\\\/\"},\"sameAs\":[\"https:\\\/\\\/www.facebook.com\\\/ElTrabajoDiario\",\"https:\\\/\\\/x.com\\\/diarioeltrabajo\"]},{\"@type\":\"Person\",\"@id\":\"https:\\\/\\\/eltrabajo.cl\\\/web\\\/#\\\/schema\\\/person\\\/45efd3d17f86ec456e44dd7debe1bf19\",\"name\":\"Diario El Trabajo\",\"image\":{\"@type\":\"ImageObject\",\"inLanguage\":\"es-CL\",\"@id\":\"https:\\\/\\\/secure.gravatar.com\\\/avatar\\\/7e6ec277dc4aea2677c2dc301d4227957219329c985ab69a3efc12518b5161aa?s=96&d=mm&r=g\",\"url\":\"https:\\\/\\\/secure.gravatar.com\\\/avatar\\\/7e6ec277dc4aea2677c2dc301d4227957219329c985ab69a3efc12518b5161aa?s=96&d=mm&r=g\",\"contentUrl\":\"https:\\\/\\\/secure.gravatar.com\\\/avatar\\\/7e6ec277dc4aea2677c2dc301d4227957219329c985ab69a3efc12518b5161aa?s=96&d=mm&r=g\",\"caption\":\"Diario El Trabajo\"},\"sameAs\":[\"https:\\\/\\\/eltrabajo.cl\\\/web\"],\"url\":\"https:\\\/\\\/eltrabajo.cl\\\/web\\\/author\\\/diario-el-trabajo\\\/\"}]}<\/script>\n<!-- \/ Yoast SEO plugin. -->","yoast_head_json":{"title":"Este s\u00e1bado se dio inicio a temporada de \u2018ollas comunes\u2019 en San Felipe - Diario El Trabajo","robots":{"index":"index","follow":"follow","max-snippet":"max-snippet:-1","max-image-preview":"max-image-preview:large","max-video-preview":"max-video-preview:-1"},"canonical":"https:\/\/eltrabajo.cl\/web\/este-sabado-se-dio-inicio-a-temporada-de-ollas-comunes-en-san-felipe\/","og_locale":"es_ES","og_type":"article","og_title":"Este s\u00e1bado se dio inicio a temporada de \u2018ollas comunes\u2019 en San Felipe - Diario El Trabajo","og_description":"Iniciativa ayudar\u00e1 con un plato de comida a m\u00e1s de 1.500 personas en nuestra comuna durante los fines de semana.- Este s\u00e1bado comenz\u00f3 la nueva temporada de \u2018ollas comunes\u2019 de este 2024 en nuestra comuna, siendo iniciativa altruista que se activa en la \u00e9poca de m\u00e1s fr\u00edo de cada a\u00f1o -entendiendo que estamos a solo [&hellip;]","og_url":"https:\/\/eltrabajo.cl\/web\/este-sabado-se-dio-inicio-a-temporada-de-ollas-comunes-en-san-felipe\/","og_site_name":"Diario El Trabajo","article_publisher":"https:\/\/www.facebook.com\/ElTrabajoDiario","article_published_time":"2024-06-10T01:50:20+00:00","og_image":[{"width":699,"height":506,"url":"https:\/\/eltrabajo.cl\/web\/wp-content\/uploads\/2024\/06\/olla-1.jpg","type":"image\/jpeg"}],"author":"Diario El Trabajo","twitter_card":"summary_large_image","twitter_creator":"@diarioeltrabajo","twitter_site":"@diarioeltrabajo","twitter_misc":{"Escrito por":"Diario El Trabajo","Tiempo estimado de lectura":"4 minutos"},"schema":{"@context":"https:\/\/schema.org","@graph":[{"@type":"Article","@id":"https:\/\/eltrabajo.cl\/web\/este-sabado-se-dio-inicio-a-temporada-de-ollas-comunes-en-san-felipe\/#article","isPartOf":{"@id":"https:\/\/eltrabajo.cl\/web\/este-sabado-se-dio-inicio-a-temporada-de-ollas-comunes-en-san-felipe\/"},"author":{"name":"Diario El Trabajo","@id":"https:\/\/eltrabajo.cl\/web\/#\/schema\/person\/45efd3d17f86ec456e44dd7debe1bf19"},"headline":"Este s\u00e1bado se dio inicio a temporada de \u2018ollas comunes\u2019 en San Felipe","datePublished":"2024-06-10T01:50:20+00:00","mainEntityOfPage":{"@id":"https:\/\/eltrabajo.cl\/web\/este-sabado-se-dio-inicio-a-temporada-de-ollas-comunes-en-san-felipe\/"},"wordCount":778,"commentCount":0,"publisher":{"@id":"https:\/\/eltrabajo.cl\/web\/#organization"},"image":{"@id":"https:\/\/eltrabajo.cl\/web\/este-sabado-se-dio-inicio-a-temporada-de-ollas-comunes-en-san-felipe\/#primaryimage"},"thumbnailUrl":"https:\/\/eltrabajo.cl\/web\/wp-content\/uploads\/2024\/06\/olla-1.jpg","articleSection":["Cr\u00f3nica"],"inLanguage":"es-CL","potentialAction":[{"@type":"CommentAction","name":"Comment","target":["https:\/\/eltrabajo.cl\/web\/este-sabado-se-dio-inicio-a-temporada-de-ollas-comunes-en-san-felipe\/#respond"]}]},{"@type":"WebPage","@id":"https:\/\/eltrabajo.cl\/web\/este-sabado-se-dio-inicio-a-temporada-de-ollas-comunes-en-san-felipe\/","url":"https:\/\/eltrabajo.cl\/web\/este-sabado-se-dio-inicio-a-temporada-de-ollas-comunes-en-san-felipe\/","name":"Este s\u00e1bado se dio inicio a temporada de \u2018ollas comunes\u2019 en San Felipe - Diario El Trabajo","isPartOf":{"@id":"https:\/\/eltrabajo.cl\/web\/#website"},"primaryImageOfPage":{"@id":"https:\/\/eltrabajo.cl\/web\/este-sabado-se-dio-inicio-a-temporada-de-ollas-comunes-en-san-felipe\/#primaryimage"},"image":{"@id":"https:\/\/eltrabajo.cl\/web\/este-sabado-se-dio-inicio-a-temporada-de-ollas-comunes-en-san-felipe\/#primaryimage"},"thumbnailUrl":"https:\/\/eltrabajo.cl\/web\/wp-content\/uploads\/2024\/06\/olla-1.jpg","datePublished":"2024-06-10T01:50:20+00:00","breadcrumb":{"@id":"https:\/\/eltrabajo.cl\/web\/este-sabado-se-dio-inicio-a-temporada-de-ollas-comunes-en-san-felipe\/#breadcrumb"},"inLanguage":"es-CL","potentialAction":[{"@type":"ReadAction","target":["https:\/\/eltrabajo.cl\/web\/este-sabado-se-dio-inicio-a-temporada-de-ollas-comunes-en-san-felipe\/"]}]},{"@type":"ImageObject","inLanguage":"es-CL","@id":"https:\/\/eltrabajo.cl\/web\/este-sabado-se-dio-inicio-a-temporada-de-ollas-comunes-en-san-felipe\/#primaryimage","url":"https:\/\/eltrabajo.cl\/web\/wp-content\/uploads\/2024\/06\/olla-1.jpg","contentUrl":"https:\/\/eltrabajo.cl\/web\/wp-content\/uploads\/2024\/06\/olla-1.jpg","width":699,"height":506,"caption":"Este s\u00e1bado comenzaron a funcionar nuevamente las \u2018ollas comunes\u2019."},{"@type":"BreadcrumbList","@id":"https:\/\/eltrabajo.cl\/web\/este-sabado-se-dio-inicio-a-temporada-de-ollas-comunes-en-san-felipe\/#breadcrumb","itemListElement":[{"@type":"ListItem","position":1,"name":"Portada","item":"https:\/\/eltrabajo.cl\/web\/"},{"@type":"ListItem","position":2,"name":"Este s\u00e1bado se dio inicio a temporada de \u2018ollas comunes\u2019 en San Felipe"}]},{"@type":"WebSite","@id":"https:\/\/eltrabajo.cl\/web\/#website","url":"https:\/\/eltrabajo.cl\/web\/","name":"Diario El Trabajo","description":"Desde 1929 construyendo Identidad Local","publisher":{"@id":"https:\/\/eltrabajo.cl\/web\/#organization"},"potentialAction":[{"@type":"SearchAction","target":{"@type":"EntryPoint","urlTemplate":"https:\/\/eltrabajo.cl\/web\/?s={search_term_string}"},"query-input":{"@type":"PropertyValueSpecification","valueRequired":true,"valueName":"search_term_string"}}],"inLanguage":"es-CL"},{"@type":"Organization","@id":"https:\/\/eltrabajo.cl\/web\/#organization","name":"Diario El Trabajo","url":"https:\/\/eltrabajo.cl\/web\/","logo":{"@type":"ImageObject","inLanguage":"es-CL","@id":"https:\/\/eltrabajo.cl\/web\/#\/schema\/logo\/image\/","url":"https:\/\/eltrabajo.cl\/web\/wp-content\/uploads\/2024\/06\/profile-image-ig-page-diarioeltrabajo.jpg","contentUrl":"https:\/\/eltrabajo.cl\/web\/wp-content\/uploads\/2024\/06\/profile-image-ig-page-diarioeltrabajo.jpg","width":823,"height":823,"caption":"Diario El Trabajo"},"image":{"@id":"https:\/\/eltrabajo.cl\/web\/#\/schema\/logo\/image\/"},"sameAs":["https:\/\/www.facebook.com\/ElTrabajoDiario","https:\/\/x.com\/diarioeltrabajo"]},{"@type":"Person","@id":"https:\/\/eltrabajo.cl\/web\/#\/schema\/person\/45efd3d17f86ec456e44dd7debe1bf19","name":"Diario El Trabajo","image":{"@type":"ImageObject","inLanguage":"es-CL","@id":"https:\/\/secure.gravatar.com\/avatar\/7e6ec277dc4aea2677c2dc301d4227957219329c985ab69a3efc12518b5161aa?s=96&d=mm&r=g","url":"https:\/\/secure.gravatar.com\/avatar\/7e6ec277dc4aea2677c2dc301d4227957219329c985ab69a3efc12518b5161aa?s=96&d=mm&r=g","contentUrl":"https:\/\/secure.gravatar.com\/avatar\/7e6ec277dc4aea2677c2dc301d4227957219329c985ab69a3efc12518b5161aa?s=96&d=mm&r=g","caption":"Diario El Trabajo"},"sameAs":["https:\/\/eltrabajo.cl\/web"],"url":"https:\/\/eltrabajo.cl\/web\/author\/diario-el-trabajo\/"}]}},"_links":{"self":[{"href":"https:\/\/eltrabajo.cl\/web\/wp-json\/wp\/v2\/posts\/130159","targetHints":{"allow":["GET"]}}],"collection":[{"href":"https:\/\/eltrabajo.cl\/web\/wp-json\/wp\/v2\/posts"}],"about":[{"href":"https:\/\/eltrabajo.cl\/web\/wp-json\/wp\/v2\/types\/post"}],"author":[{"embeddable":true,"href":"https:\/\/eltrabajo.cl\/web\/wp-json\/wp\/v2\/users\/1"}],"replies":[{"embeddable":true,"href":"https:\/\/eltrabajo.cl\/web\/wp-json\/wp\/v2\/comments?post=130159"}],"version-history":[{"count":0,"href":"https:\/\/eltrabajo.cl\/web\/wp-json\/wp\/v2\/posts\/130159\/revisions"}],"wp:featuredmedia":[{"embeddable":true,"href":"https:\/\/eltrabajo.cl\/web\/wp-json\/wp\/v2\/media\/130160"}],"wp:attachment":[{"href":"https:\/\/eltrabajo.cl\/web\/wp-json\/wp\/v2\/media?parent=130159"}],"wp:term":[{"taxonomy":"category","embeddable":true,"href":"https:\/\/eltrabajo.cl\/web\/wp-json\/wp\/v2\/categories?post=130159"},{"taxonomy":"post_tag","embeddable":true,"href":"https:\/\/eltrabajo.cl\/web\/wp-json\/wp\/v2\/tags?post=130159"}],"curies":[{"name":"wp","href":"https:\/\/api.w.org\/{rel}","templated":true}]}}