{"id":130372,"date":"2024-06-20T22:40:00","date_gmt":"2024-06-21T01:40:00","guid":{"rendered":"https:\/\/eltrabajo.cl\/web\/?p=130372"},"modified":"2024-06-20T22:12:58","modified_gmt":"2024-06-21T01:12:58","slug":"libro-de-poesia-de-activistas-en-defensa-del-medioambiente-del-valle-se-expone-en-san-esteban","status":"publish","type":"post","link":"https:\/\/eltrabajo.cl\/web\/libro-de-poesia-de-activistas-en-defensa-del-medioambiente-del-valle-se-expone-en-san-esteban\/","title":{"rendered":"Libro de poes\u00eda de activistas en defensa del medioambiente del valle se expone en San Esteban"},"content":{"rendered":"<p><strong>\u2018Alerta Aconcagua\u2019<\/strong> es un libro del colectivo \u2018Econciencia\u2019, que expresa en poemas la tem\u00e1tica de crisis medioambiental del territorio aconcag\u00fcino. El pasado 15 de junio se present\u00f3 la antolog\u00eda en el Centro Cultural de Artes y Oficios de San Esteban.<\/p>\n<p>La obra sali\u00f3 a la luz hace dos a\u00f1os y a la fecha ha participado en diversos eventos: <em>\u00abEl proyecto se gest\u00f3 en primavera del 2021 y se materializ\u00f3 en marzo de 2022 con la llegada del libro.<\/em><\/p>\n<p>\u00ab<em>El proceso demor\u00f3 alrededor de seis meses en plena pandemia. Esta antolog\u00eda fue completamente autogestionada por los artistas que conforman este libro\u00bb,<\/em> cont\u00f3 <strong>Marcela Bugue\u00f1o<\/strong>, parte del equipo de \u2018Alerta Aconcagua\u2019.<\/p>\n<p>Sus autores son <strong>Marcela Bugue\u00f1o<\/strong> de San Esteban; <strong>Pedro Poza <\/strong>y<strong> Gerardo Jara <\/strong>de San Felipe; <strong>Gustavo Kessel<\/strong>, poeta de Mendoza, Argentina; <strong>Sara Olgu\u00edn <\/strong>y el profesor de m\u00fasica <strong>Julio Quijanes <\/strong>de Putaendo; y <strong>Luis Gonz\u00e1lez<\/strong>, pintor surrealista de Los Andes a cargo de la portada del libro.<\/p>\n<p>Las mentes detr\u00e1s de \u2018Alerta Aconcagua\u2019 est\u00e1n en constante protecci\u00f3n de la flora y fauna del valle, por lo mismo es que su libro tiene como tem\u00e1tica la crisis medioambiental que el colectivo expone en sus poemas:<\/p>\n<p>\u00ab<em>Es por esto que Alerta Aconcagua, en cada uno de sus versos nos invita a ser conscientes de este maravilloso valle andino protegido desde las alturas por el Centinela de Piedra, el imponente Monte Aconcagua, lugar de adoraci\u00f3n y de rituales por parte de civilizaciones ancestrales que a trav\u00e9s de la historia nos ense\u00f1an que s\u00ed es posible vivir en armon\u00eda con la naturaleza\u00bb,<\/em> expuso el grupo de artistas en el ep\u00edlogo.<\/p>\n<p>La primera presentaci\u00f3n del libro fue en el mismo a\u00f1o de su estreno en el \u2018Encuentro Medioambiental Parque Andino Juncal\u2019. Durante el 2022 participaron en una actividad medioambiental en la comuna de Quillota; ferias en Putaendo y Los Andes; en el programa \u2018De Poetas y de Locos\u2019 de la radio Show de la provincia de C\u00f3rdoba, Argentina; en la Biblioteca Municipal de la comuna de Los Andes; por nombrar algunas.<\/p>\n<p>En el 2023 asistieron a la \u2018Tertulia Ambiental\u2019 en Espacio Cowork de Los Andes; el evento \u2018Sobredosis de Poesia II\u2019 en Las Cruces, litoral de los poetas; \u2018Rutas Culturales\u2019 de San Esteban sector Los Chacayes; al \u2018Festival de Las Monta\u00f1as y Los Glaciares\u2019, camping \u2018Los Patriotas\u2019 y a la \u2018Corporaci\u00f3n Cultural Bernardo Parra Leiva\u2019, estos \u00faltimos tres de la comuna de Putaendo.<\/p>\n<p>En lo que va del 2024 participaron del \u2018Caf\u00e9 Literario\u2019 en Sociedad de Artesanos San Felipe; la \u2018Primera Feria del Libro y la Lectura\u2019 en Plaza Prat de Putaendo; \u2018Encuentro Biocultural en defensa del agua y Los Glaciares\u2019 en Parque Andino Juncal; en el Centro Cultural Pedro Aguirre Cerda de la comuna de Calle Larga; y, por \u00faltimo, en el Centro Cultural de Artes y Oficios de San Esteban.<\/p>\n<p>Las novedades e informaciones sobre \u2018Alerta Aconcagua\u2019 est\u00e1n en Instagram como <strong>alerta_aconcagua<\/strong>. En dicho perfil tambi\u00e9n se podr\u00e1 consultar por la obtenci\u00f3n del libro.<\/p>\n<p style=\"text-align: right;\"><strong>Jacqueline Le\u00f3n C\u00f3rdova<\/strong><\/p>\n<figure id=\"attachment_130373\" aria-describedby=\"caption-attachment-130373\" style=\"width: 699px\" class=\"wp-caption alignnone\"><img loading=\"lazy\" decoding=\"async\" class=\"size-full wp-image-130373\" src=\"https:\/\/eltrabajo.cl\/web\/wp-content\/uploads\/2024\/06\/AlertaAconcagua-1.jpg\" alt=\"Tres de los autores en la Primera Feria del Libro y la Lectura\u2019 en Plaza Prat de Putaendo este a\u00f1o 2024.\" width=\"699\" height=\"466\" srcset=\"https:\/\/eltrabajo.cl\/web\/wp-content\/uploads\/2024\/06\/AlertaAconcagua-1.jpg 699w, https:\/\/eltrabajo.cl\/web\/wp-content\/uploads\/2024\/06\/AlertaAconcagua-1-300x200.jpg 300w, https:\/\/eltrabajo.cl\/web\/wp-content\/uploads\/2024\/06\/AlertaAconcagua-1-630x420.jpg 630w, https:\/\/eltrabajo.cl\/web\/wp-content\/uploads\/2024\/06\/AlertaAconcagua-1-150x100.jpg 150w, https:\/\/eltrabajo.cl\/web\/wp-content\/uploads\/2024\/06\/AlertaAconcagua-1-696x464.jpg 696w\" sizes=\"auto, (max-width: 699px) 100vw, 699px\" \/><figcaption id=\"caption-attachment-130373\" class=\"wp-caption-text\">Tres de los autores en la Primera Feria del Libro y la Lectura\u2019 en Plaza Prat de Putaendo este a\u00f1o 2024.<\/figcaption><\/figure>\n","protected":false},"excerpt":{"rendered":"<p>\u2018Alerta Aconcagua\u2019 es un libro del colectivo \u2018Econciencia\u2019, que expresa en poemas la tem\u00e1tica de crisis medioambiental del territorio aconcag\u00fcino. El pasado 15 de junio se present\u00f3 la antolog\u00eda en el Centro Cultural de Artes y Oficios de San Esteban. La obra sali\u00f3 a la luz hace dos a\u00f1os y a la fecha ha participado [&hellip;]<\/p>\n","protected":false},"author":1,"featured_media":130373,"comment_status":"open","ping_status":"closed","sticky":false,"template":"","format":"standard","meta":{"footnotes":""},"categories":[12],"tags":[],"class_list":{"0":"post-130372","1":"post","2":"type-post","3":"status-publish","4":"format-standard","5":"has-post-thumbnail","7":"category-arte-y-cultura"},"yoast_head":"<!-- This site is optimized with the Yoast SEO plugin v27.5 - https:\/\/yoast.com\/product\/yoast-seo-wordpress\/ -->\n<title>Libro de poes\u00eda de activistas en defensa del medioambiente del valle se expone en San Esteban - Diario El Trabajo<\/title>\n<meta name=\"robots\" content=\"index, follow, max-snippet:-1, max-image-preview:large, max-video-preview:-1\" \/>\n<link rel=\"canonical\" href=\"https:\/\/eltrabajo.cl\/web\/libro-de-poesia-de-activistas-en-defensa-del-medioambiente-del-valle-se-expone-en-san-esteban\/\" \/>\n<meta property=\"og:locale\" content=\"es_ES\" \/>\n<meta property=\"og:type\" content=\"article\" \/>\n<meta property=\"og:title\" content=\"Libro de poes\u00eda de activistas en defensa del medioambiente del valle se expone en San Esteban - Diario El Trabajo\" \/>\n<meta property=\"og:description\" content=\"\u2018Alerta Aconcagua\u2019 es un libro del colectivo \u2018Econciencia\u2019, que expresa en poemas la tem\u00e1tica de crisis medioambiental del territorio aconcag\u00fcino. El pasado 15 de junio se present\u00f3 la antolog\u00eda en el Centro Cultural de Artes y Oficios de San Esteban. La obra sali\u00f3 a la luz hace dos a\u00f1os y a la fecha ha participado [&hellip;]\" \/>\n<meta property=\"og:url\" content=\"https:\/\/eltrabajo.cl\/web\/libro-de-poesia-de-activistas-en-defensa-del-medioambiente-del-valle-se-expone-en-san-esteban\/\" \/>\n<meta property=\"og:site_name\" content=\"Diario El Trabajo\" \/>\n<meta property=\"article:publisher\" content=\"https:\/\/www.facebook.com\/ElTrabajoDiario\" \/>\n<meta property=\"article:published_time\" content=\"2024-06-21T01:40:00+00:00\" \/>\n<meta property=\"og:image\" content=\"https:\/\/eltrabajo.cl\/web\/wp-content\/uploads\/2024\/06\/AlertaAconcagua-1.jpg\" \/>\n\t<meta property=\"og:image:width\" content=\"699\" \/>\n\t<meta property=\"og:image:height\" content=\"466\" \/>\n\t<meta property=\"og:image:type\" content=\"image\/jpeg\" \/>\n<meta name=\"author\" content=\"Diario El Trabajo\" \/>\n<meta name=\"twitter:card\" content=\"summary_large_image\" \/>\n<meta name=\"twitter:creator\" content=\"@diarioeltrabajo\" \/>\n<meta name=\"twitter:site\" content=\"@diarioeltrabajo\" \/>\n<meta name=\"twitter:label1\" content=\"Escrito por\" \/>\n\t<meta name=\"twitter:data1\" content=\"Diario El Trabajo\" \/>\n\t<meta name=\"twitter:label2\" content=\"Tiempo estimado de lectura\" \/>\n\t<meta name=\"twitter:data2\" content=\"3 minutos\" \/>\n<script type=\"application\/ld+json\" class=\"yoast-schema-graph\">{\"@context\":\"https:\\\/\\\/schema.org\",\"@graph\":[{\"@type\":\"Article\",\"@id\":\"https:\\\/\\\/eltrabajo.cl\\\/web\\\/libro-de-poesia-de-activistas-en-defensa-del-medioambiente-del-valle-se-expone-en-san-esteban\\\/#article\",\"isPartOf\":{\"@id\":\"https:\\\/\\\/eltrabajo.cl\\\/web\\\/libro-de-poesia-de-activistas-en-defensa-del-medioambiente-del-valle-se-expone-en-san-esteban\\\/\"},\"author\":{\"name\":\"Diario El Trabajo\",\"@id\":\"https:\\\/\\\/eltrabajo.cl\\\/web\\\/#\\\/schema\\\/person\\\/45efd3d17f86ec456e44dd7debe1bf19\"},\"headline\":\"Libro de poes\u00eda de activistas en defensa del medioambiente del valle se expone en San Esteban\",\"datePublished\":\"2024-06-21T01:40:00+00:00\",\"mainEntityOfPage\":{\"@id\":\"https:\\\/\\\/eltrabajo.cl\\\/web\\\/libro-de-poesia-de-activistas-en-defensa-del-medioambiente-del-valle-se-expone-en-san-esteban\\\/\"},\"wordCount\":563,\"commentCount\":0,\"publisher\":{\"@id\":\"https:\\\/\\\/eltrabajo.cl\\\/web\\\/#organization\"},\"image\":{\"@id\":\"https:\\\/\\\/eltrabajo.cl\\\/web\\\/libro-de-poesia-de-activistas-en-defensa-del-medioambiente-del-valle-se-expone-en-san-esteban\\\/#primaryimage\"},\"thumbnailUrl\":\"https:\\\/\\\/eltrabajo.cl\\\/web\\\/wp-content\\\/uploads\\\/2024\\\/06\\\/AlertaAconcagua-1.jpg\",\"articleSection\":[\"Arte y Cultura\"],\"inLanguage\":\"es-CL\",\"potentialAction\":[{\"@type\":\"CommentAction\",\"name\":\"Comment\",\"target\":[\"https:\\\/\\\/eltrabajo.cl\\\/web\\\/libro-de-poesia-de-activistas-en-defensa-del-medioambiente-del-valle-se-expone-en-san-esteban\\\/#respond\"]}]},{\"@type\":\"WebPage\",\"@id\":\"https:\\\/\\\/eltrabajo.cl\\\/web\\\/libro-de-poesia-de-activistas-en-defensa-del-medioambiente-del-valle-se-expone-en-san-esteban\\\/\",\"url\":\"https:\\\/\\\/eltrabajo.cl\\\/web\\\/libro-de-poesia-de-activistas-en-defensa-del-medioambiente-del-valle-se-expone-en-san-esteban\\\/\",\"name\":\"Libro de poes\u00eda de activistas en defensa del medioambiente del valle se expone en San Esteban - Diario El Trabajo\",\"isPartOf\":{\"@id\":\"https:\\\/\\\/eltrabajo.cl\\\/web\\\/#website\"},\"primaryImageOfPage\":{\"@id\":\"https:\\\/\\\/eltrabajo.cl\\\/web\\\/libro-de-poesia-de-activistas-en-defensa-del-medioambiente-del-valle-se-expone-en-san-esteban\\\/#primaryimage\"},\"image\":{\"@id\":\"https:\\\/\\\/eltrabajo.cl\\\/web\\\/libro-de-poesia-de-activistas-en-defensa-del-medioambiente-del-valle-se-expone-en-san-esteban\\\/#primaryimage\"},\"thumbnailUrl\":\"https:\\\/\\\/eltrabajo.cl\\\/web\\\/wp-content\\\/uploads\\\/2024\\\/06\\\/AlertaAconcagua-1.jpg\",\"datePublished\":\"2024-06-21T01:40:00+00:00\",\"breadcrumb\":{\"@id\":\"https:\\\/\\\/eltrabajo.cl\\\/web\\\/libro-de-poesia-de-activistas-en-defensa-del-medioambiente-del-valle-se-expone-en-san-esteban\\\/#breadcrumb\"},\"inLanguage\":\"es-CL\",\"potentialAction\":[{\"@type\":\"ReadAction\",\"target\":[\"https:\\\/\\\/eltrabajo.cl\\\/web\\\/libro-de-poesia-de-activistas-en-defensa-del-medioambiente-del-valle-se-expone-en-san-esteban\\\/\"]}]},{\"@type\":\"ImageObject\",\"inLanguage\":\"es-CL\",\"@id\":\"https:\\\/\\\/eltrabajo.cl\\\/web\\\/libro-de-poesia-de-activistas-en-defensa-del-medioambiente-del-valle-se-expone-en-san-esteban\\\/#primaryimage\",\"url\":\"https:\\\/\\\/eltrabajo.cl\\\/web\\\/wp-content\\\/uploads\\\/2024\\\/06\\\/AlertaAconcagua-1.jpg\",\"contentUrl\":\"https:\\\/\\\/eltrabajo.cl\\\/web\\\/wp-content\\\/uploads\\\/2024\\\/06\\\/AlertaAconcagua-1.jpg\",\"width\":699,\"height\":466,\"caption\":\"Tres de los autores en la Primera Feria del Libro y la Lectura\u2019 en Plaza Prat de Putaendo este a\u00f1o 2024.\"},{\"@type\":\"BreadcrumbList\",\"@id\":\"https:\\\/\\\/eltrabajo.cl\\\/web\\\/libro-de-poesia-de-activistas-en-defensa-del-medioambiente-del-valle-se-expone-en-san-esteban\\\/#breadcrumb\",\"itemListElement\":[{\"@type\":\"ListItem\",\"position\":1,\"name\":\"Portada\",\"item\":\"https:\\\/\\\/eltrabajo.cl\\\/web\\\/\"},{\"@type\":\"ListItem\",\"position\":2,\"name\":\"Libro de poes\u00eda de activistas en defensa del medioambiente del valle se expone en San Esteban\"}]},{\"@type\":\"WebSite\",\"@id\":\"https:\\\/\\\/eltrabajo.cl\\\/web\\\/#website\",\"url\":\"https:\\\/\\\/eltrabajo.cl\\\/web\\\/\",\"name\":\"Diario El Trabajo\",\"description\":\"Desde 1929 construyendo Identidad Local\",\"publisher\":{\"@id\":\"https:\\\/\\\/eltrabajo.cl\\\/web\\\/#organization\"},\"potentialAction\":[{\"@type\":\"SearchAction\",\"target\":{\"@type\":\"EntryPoint\",\"urlTemplate\":\"https:\\\/\\\/eltrabajo.cl\\\/web\\\/?s={search_term_string}\"},\"query-input\":{\"@type\":\"PropertyValueSpecification\",\"valueRequired\":true,\"valueName\":\"search_term_string\"}}],\"inLanguage\":\"es-CL\"},{\"@type\":\"Organization\",\"@id\":\"https:\\\/\\\/eltrabajo.cl\\\/web\\\/#organization\",\"name\":\"Diario El Trabajo\",\"url\":\"https:\\\/\\\/eltrabajo.cl\\\/web\\\/\",\"logo\":{\"@type\":\"ImageObject\",\"inLanguage\":\"es-CL\",\"@id\":\"https:\\\/\\\/eltrabajo.cl\\\/web\\\/#\\\/schema\\\/logo\\\/image\\\/\",\"url\":\"https:\\\/\\\/eltrabajo.cl\\\/web\\\/wp-content\\\/uploads\\\/2024\\\/06\\\/profile-image-ig-page-diarioeltrabajo.jpg\",\"contentUrl\":\"https:\\\/\\\/eltrabajo.cl\\\/web\\\/wp-content\\\/uploads\\\/2024\\\/06\\\/profile-image-ig-page-diarioeltrabajo.jpg\",\"width\":823,\"height\":823,\"caption\":\"Diario El Trabajo\"},\"image\":{\"@id\":\"https:\\\/\\\/eltrabajo.cl\\\/web\\\/#\\\/schema\\\/logo\\\/image\\\/\"},\"sameAs\":[\"https:\\\/\\\/www.facebook.com\\\/ElTrabajoDiario\",\"https:\\\/\\\/x.com\\\/diarioeltrabajo\"]},{\"@type\":\"Person\",\"@id\":\"https:\\\/\\\/eltrabajo.cl\\\/web\\\/#\\\/schema\\\/person\\\/45efd3d17f86ec456e44dd7debe1bf19\",\"name\":\"Diario El Trabajo\",\"image\":{\"@type\":\"ImageObject\",\"inLanguage\":\"es-CL\",\"@id\":\"https:\\\/\\\/secure.gravatar.com\\\/avatar\\\/7e6ec277dc4aea2677c2dc301d4227957219329c985ab69a3efc12518b5161aa?s=96&d=mm&r=g\",\"url\":\"https:\\\/\\\/secure.gravatar.com\\\/avatar\\\/7e6ec277dc4aea2677c2dc301d4227957219329c985ab69a3efc12518b5161aa?s=96&d=mm&r=g\",\"contentUrl\":\"https:\\\/\\\/secure.gravatar.com\\\/avatar\\\/7e6ec277dc4aea2677c2dc301d4227957219329c985ab69a3efc12518b5161aa?s=96&d=mm&r=g\",\"caption\":\"Diario El Trabajo\"},\"sameAs\":[\"https:\\\/\\\/eltrabajo.cl\\\/web\"],\"url\":\"https:\\\/\\\/eltrabajo.cl\\\/web\\\/author\\\/diario-el-trabajo\\\/\"}]}<\/script>\n<!-- \/ Yoast SEO plugin. -->","yoast_head_json":{"title":"Libro de poes\u00eda de activistas en defensa del medioambiente del valle se expone en San Esteban - Diario El Trabajo","robots":{"index":"index","follow":"follow","max-snippet":"max-snippet:-1","max-image-preview":"max-image-preview:large","max-video-preview":"max-video-preview:-1"},"canonical":"https:\/\/eltrabajo.cl\/web\/libro-de-poesia-de-activistas-en-defensa-del-medioambiente-del-valle-se-expone-en-san-esteban\/","og_locale":"es_ES","og_type":"article","og_title":"Libro de poes\u00eda de activistas en defensa del medioambiente del valle se expone en San Esteban - Diario El Trabajo","og_description":"\u2018Alerta Aconcagua\u2019 es un libro del colectivo \u2018Econciencia\u2019, que expresa en poemas la tem\u00e1tica de crisis medioambiental del territorio aconcag\u00fcino. El pasado 15 de junio se present\u00f3 la antolog\u00eda en el Centro Cultural de Artes y Oficios de San Esteban. La obra sali\u00f3 a la luz hace dos a\u00f1os y a la fecha ha participado [&hellip;]","og_url":"https:\/\/eltrabajo.cl\/web\/libro-de-poesia-de-activistas-en-defensa-del-medioambiente-del-valle-se-expone-en-san-esteban\/","og_site_name":"Diario El Trabajo","article_publisher":"https:\/\/www.facebook.com\/ElTrabajoDiario","article_published_time":"2024-06-21T01:40:00+00:00","og_image":[{"width":699,"height":466,"url":"https:\/\/eltrabajo.cl\/web\/wp-content\/uploads\/2024\/06\/AlertaAconcagua-1.jpg","type":"image\/jpeg"}],"author":"Diario El Trabajo","twitter_card":"summary_large_image","twitter_creator":"@diarioeltrabajo","twitter_site":"@diarioeltrabajo","twitter_misc":{"Escrito por":"Diario El Trabajo","Tiempo estimado de lectura":"3 minutos"},"schema":{"@context":"https:\/\/schema.org","@graph":[{"@type":"Article","@id":"https:\/\/eltrabajo.cl\/web\/libro-de-poesia-de-activistas-en-defensa-del-medioambiente-del-valle-se-expone-en-san-esteban\/#article","isPartOf":{"@id":"https:\/\/eltrabajo.cl\/web\/libro-de-poesia-de-activistas-en-defensa-del-medioambiente-del-valle-se-expone-en-san-esteban\/"},"author":{"name":"Diario El Trabajo","@id":"https:\/\/eltrabajo.cl\/web\/#\/schema\/person\/45efd3d17f86ec456e44dd7debe1bf19"},"headline":"Libro de poes\u00eda de activistas en defensa del medioambiente del valle se expone en San Esteban","datePublished":"2024-06-21T01:40:00+00:00","mainEntityOfPage":{"@id":"https:\/\/eltrabajo.cl\/web\/libro-de-poesia-de-activistas-en-defensa-del-medioambiente-del-valle-se-expone-en-san-esteban\/"},"wordCount":563,"commentCount":0,"publisher":{"@id":"https:\/\/eltrabajo.cl\/web\/#organization"},"image":{"@id":"https:\/\/eltrabajo.cl\/web\/libro-de-poesia-de-activistas-en-defensa-del-medioambiente-del-valle-se-expone-en-san-esteban\/#primaryimage"},"thumbnailUrl":"https:\/\/eltrabajo.cl\/web\/wp-content\/uploads\/2024\/06\/AlertaAconcagua-1.jpg","articleSection":["Arte y Cultura"],"inLanguage":"es-CL","potentialAction":[{"@type":"CommentAction","name":"Comment","target":["https:\/\/eltrabajo.cl\/web\/libro-de-poesia-de-activistas-en-defensa-del-medioambiente-del-valle-se-expone-en-san-esteban\/#respond"]}]},{"@type":"WebPage","@id":"https:\/\/eltrabajo.cl\/web\/libro-de-poesia-de-activistas-en-defensa-del-medioambiente-del-valle-se-expone-en-san-esteban\/","url":"https:\/\/eltrabajo.cl\/web\/libro-de-poesia-de-activistas-en-defensa-del-medioambiente-del-valle-se-expone-en-san-esteban\/","name":"Libro de poes\u00eda de activistas en defensa del medioambiente del valle se expone en San Esteban - Diario El Trabajo","isPartOf":{"@id":"https:\/\/eltrabajo.cl\/web\/#website"},"primaryImageOfPage":{"@id":"https:\/\/eltrabajo.cl\/web\/libro-de-poesia-de-activistas-en-defensa-del-medioambiente-del-valle-se-expone-en-san-esteban\/#primaryimage"},"image":{"@id":"https:\/\/eltrabajo.cl\/web\/libro-de-poesia-de-activistas-en-defensa-del-medioambiente-del-valle-se-expone-en-san-esteban\/#primaryimage"},"thumbnailUrl":"https:\/\/eltrabajo.cl\/web\/wp-content\/uploads\/2024\/06\/AlertaAconcagua-1.jpg","datePublished":"2024-06-21T01:40:00+00:00","breadcrumb":{"@id":"https:\/\/eltrabajo.cl\/web\/libro-de-poesia-de-activistas-en-defensa-del-medioambiente-del-valle-se-expone-en-san-esteban\/#breadcrumb"},"inLanguage":"es-CL","potentialAction":[{"@type":"ReadAction","target":["https:\/\/eltrabajo.cl\/web\/libro-de-poesia-de-activistas-en-defensa-del-medioambiente-del-valle-se-expone-en-san-esteban\/"]}]},{"@type":"ImageObject","inLanguage":"es-CL","@id":"https:\/\/eltrabajo.cl\/web\/libro-de-poesia-de-activistas-en-defensa-del-medioambiente-del-valle-se-expone-en-san-esteban\/#primaryimage","url":"https:\/\/eltrabajo.cl\/web\/wp-content\/uploads\/2024\/06\/AlertaAconcagua-1.jpg","contentUrl":"https:\/\/eltrabajo.cl\/web\/wp-content\/uploads\/2024\/06\/AlertaAconcagua-1.jpg","width":699,"height":466,"caption":"Tres de los autores en la Primera Feria del Libro y la Lectura\u2019 en Plaza Prat de Putaendo este a\u00f1o 2024."},{"@type":"BreadcrumbList","@id":"https:\/\/eltrabajo.cl\/web\/libro-de-poesia-de-activistas-en-defensa-del-medioambiente-del-valle-se-expone-en-san-esteban\/#breadcrumb","itemListElement":[{"@type":"ListItem","position":1,"name":"Portada","item":"https:\/\/eltrabajo.cl\/web\/"},{"@type":"ListItem","position":2,"name":"Libro de poes\u00eda de activistas en defensa del medioambiente del valle se expone en San Esteban"}]},{"@type":"WebSite","@id":"https:\/\/eltrabajo.cl\/web\/#website","url":"https:\/\/eltrabajo.cl\/web\/","name":"Diario El Trabajo","description":"Desde 1929 construyendo Identidad Local","publisher":{"@id":"https:\/\/eltrabajo.cl\/web\/#organization"},"potentialAction":[{"@type":"SearchAction","target":{"@type":"EntryPoint","urlTemplate":"https:\/\/eltrabajo.cl\/web\/?s={search_term_string}"},"query-input":{"@type":"PropertyValueSpecification","valueRequired":true,"valueName":"search_term_string"}}],"inLanguage":"es-CL"},{"@type":"Organization","@id":"https:\/\/eltrabajo.cl\/web\/#organization","name":"Diario El Trabajo","url":"https:\/\/eltrabajo.cl\/web\/","logo":{"@type":"ImageObject","inLanguage":"es-CL","@id":"https:\/\/eltrabajo.cl\/web\/#\/schema\/logo\/image\/","url":"https:\/\/eltrabajo.cl\/web\/wp-content\/uploads\/2024\/06\/profile-image-ig-page-diarioeltrabajo.jpg","contentUrl":"https:\/\/eltrabajo.cl\/web\/wp-content\/uploads\/2024\/06\/profile-image-ig-page-diarioeltrabajo.jpg","width":823,"height":823,"caption":"Diario El Trabajo"},"image":{"@id":"https:\/\/eltrabajo.cl\/web\/#\/schema\/logo\/image\/"},"sameAs":["https:\/\/www.facebook.com\/ElTrabajoDiario","https:\/\/x.com\/diarioeltrabajo"]},{"@type":"Person","@id":"https:\/\/eltrabajo.cl\/web\/#\/schema\/person\/45efd3d17f86ec456e44dd7debe1bf19","name":"Diario El Trabajo","image":{"@type":"ImageObject","inLanguage":"es-CL","@id":"https:\/\/secure.gravatar.com\/avatar\/7e6ec277dc4aea2677c2dc301d4227957219329c985ab69a3efc12518b5161aa?s=96&d=mm&r=g","url":"https:\/\/secure.gravatar.com\/avatar\/7e6ec277dc4aea2677c2dc301d4227957219329c985ab69a3efc12518b5161aa?s=96&d=mm&r=g","contentUrl":"https:\/\/secure.gravatar.com\/avatar\/7e6ec277dc4aea2677c2dc301d4227957219329c985ab69a3efc12518b5161aa?s=96&d=mm&r=g","caption":"Diario El Trabajo"},"sameAs":["https:\/\/eltrabajo.cl\/web"],"url":"https:\/\/eltrabajo.cl\/web\/author\/diario-el-trabajo\/"}]}},"_links":{"self":[{"href":"https:\/\/eltrabajo.cl\/web\/wp-json\/wp\/v2\/posts\/130372","targetHints":{"allow":["GET"]}}],"collection":[{"href":"https:\/\/eltrabajo.cl\/web\/wp-json\/wp\/v2\/posts"}],"about":[{"href":"https:\/\/eltrabajo.cl\/web\/wp-json\/wp\/v2\/types\/post"}],"author":[{"embeddable":true,"href":"https:\/\/eltrabajo.cl\/web\/wp-json\/wp\/v2\/users\/1"}],"replies":[{"embeddable":true,"href":"https:\/\/eltrabajo.cl\/web\/wp-json\/wp\/v2\/comments?post=130372"}],"version-history":[{"count":0,"href":"https:\/\/eltrabajo.cl\/web\/wp-json\/wp\/v2\/posts\/130372\/revisions"}],"wp:featuredmedia":[{"embeddable":true,"href":"https:\/\/eltrabajo.cl\/web\/wp-json\/wp\/v2\/media\/130373"}],"wp:attachment":[{"href":"https:\/\/eltrabajo.cl\/web\/wp-json\/wp\/v2\/media?parent=130372"}],"wp:term":[{"taxonomy":"category","embeddable":true,"href":"https:\/\/eltrabajo.cl\/web\/wp-json\/wp\/v2\/categories?post=130372"},{"taxonomy":"post_tag","embeddable":true,"href":"https:\/\/eltrabajo.cl\/web\/wp-json\/wp\/v2\/tags?post=130372"}],"curies":[{"name":"wp","href":"https:\/\/api.w.org\/{rel}","templated":true}]}}