{"id":130375,"date":"2024-06-20T22:45:14","date_gmt":"2024-06-21T01:45:14","guid":{"rendered":"https:\/\/eltrabajo.cl\/web\/?p=130375"},"modified":"2024-06-20T22:14:58","modified_gmt":"2024-06-21T01:14:58","slug":"union-san-felipe-esperara-la-gestion-de-la-unidad-de-control-financiero-antes-de-actuar-en-el-caso-curico-unido","status":"publish","type":"post","link":"https:\/\/eltrabajo.cl\/web\/union-san-felipe-esperara-la-gestion-de-la-unidad-de-control-financiero-antes-de-actuar-en-el-caso-curico-unido\/","title":{"rendered":"Uni\u00f3n San Felipe esperar\u00e1 la gesti\u00f3n de la Unidad de Control Financiero antes de actuar en el caso Curic\u00f3 Unido"},"content":{"rendered":"<p>Conforme pasan los d\u00edas, la denuncia del Sifup (Sindicato de Futbolistas Profesionales) sobre los incumplimientos y faltas laborales en la que estar\u00eda incurriendo Curic\u00f3 Unido, empieza a subir de temperatura.<\/p>\n<p>Lo concreto es que, por ahora, <strong>Uni\u00f3n San Felipe<\/strong> solo mira con especial atenci\u00f3n la situaci\u00f3n de los maulinos, enfoc\u00e1ndose en lo que har\u00e1 la Unidad de Control Financiero de la ANFP, \u00f3rgano que seg\u00fan el reglamento del ente rector del balompi\u00e9 nacional, se encuentra obligado a: Analizar, fiscalizar e informar el cumplimento de las obligaciones laborales, y denunciar las infracciones en las que incurren los clubes.<\/p>\n<p>Durante la actual temporada, Curic\u00f3 Unido ha tenido varios problemas de \u00edndole econ\u00f3mico, siendo hasta ahora el m\u00e1s importante, el que les cost\u00f3 la resta de 3 puntos por no haber cumplido con sus obligaciones en lo que respecta a las cotizaciones previsionales a sus jugadores.<\/p>\n<p>El asunto que agobia a los \u2018torteros\u2019 tiene que ver con el hecho que habr\u00edan falseado informaci\u00f3n respecto al contrato de su capit\u00e1n <strong>Mat\u00edas Cahais<\/strong>, quien, seg\u00fan informaciones de prensa muy confiables, ha jugado todo este semestre con un contrato que hasta el d\u00eda de hoy no ha firmado, y en el cual los dineros que se le pagan no est\u00e1n claros, algo de extrema gravedad que a Curic\u00f3 Unido podr\u00eda costarle la desafiliaci\u00f3n del profesionalismo. Si eso pasa, el Un\u00ed Un\u00ed no tendr\u00e1 problemas con el descenso, ya que es uno de los pocos clubes chilenos que tiene todo en orden en el aspecto econ\u00f3mico.<\/p>\n<figure id=\"attachment_130376\" aria-describedby=\"caption-attachment-130376\" style=\"width: 699px\" class=\"wp-caption alignnone\"><img loading=\"lazy\" decoding=\"async\" class=\"size-full wp-image-130376\" src=\"https:\/\/eltrabajo.cl\/web\/wp-content\/uploads\/2024\/06\/Uni-Uni-2.jpg\" alt=\"De ser efectivas las denuncias contra Curic\u00f3, los sanfelipe\u00f1os no sufrir\u00e1n con el descenso.\" width=\"699\" height=\"504\" srcset=\"https:\/\/eltrabajo.cl\/web\/wp-content\/uploads\/2024\/06\/Uni-Uni-2.jpg 699w, https:\/\/eltrabajo.cl\/web\/wp-content\/uploads\/2024\/06\/Uni-Uni-2-300x216.jpg 300w, https:\/\/eltrabajo.cl\/web\/wp-content\/uploads\/2024\/06\/Uni-Uni-2-583x420.jpg 583w, https:\/\/eltrabajo.cl\/web\/wp-content\/uploads\/2024\/06\/Uni-Uni-2-150x108.jpg 150w, https:\/\/eltrabajo.cl\/web\/wp-content\/uploads\/2024\/06\/Uni-Uni-2-696x502.jpg 696w, https:\/\/eltrabajo.cl\/web\/wp-content\/uploads\/2024\/06\/Uni-Uni-2-324x235.jpg 324w\" sizes=\"auto, (max-width: 699px) 100vw, 699px\" \/><figcaption id=\"caption-attachment-130376\" class=\"wp-caption-text\">De ser efectivas las denuncias contra Curic\u00f3, los sanfelipe\u00f1os no sufrir\u00e1n con el descenso.<\/figcaption><\/figure>\n","protected":false},"excerpt":{"rendered":"<p>Conforme pasan los d\u00edas, la denuncia del Sifup (Sindicato de Futbolistas Profesionales) sobre los incumplimientos y faltas laborales en la que estar\u00eda incurriendo Curic\u00f3 Unido, empieza a subir de temperatura. Lo concreto es que, por ahora, Uni\u00f3n San Felipe solo mira con especial atenci\u00f3n la situaci\u00f3n de los maulinos, enfoc\u00e1ndose en lo que har\u00e1 la [&hellip;]<\/p>\n","protected":false},"author":1,"featured_media":130376,"comment_status":"open","ping_status":"closed","sticky":false,"template":"","format":"standard","meta":{"footnotes":""},"categories":[2],"tags":[],"class_list":{"0":"post-130375","1":"post","2":"type-post","3":"status-publish","4":"format-standard","5":"has-post-thumbnail","7":"category-deportes"},"yoast_head":"<!-- This site is optimized with the Yoast SEO plugin v27.5 - https:\/\/yoast.com\/product\/yoast-seo-wordpress\/ -->\n<title>Uni\u00f3n San Felipe esperar\u00e1 la gesti\u00f3n de la Unidad de Control Financiero antes de actuar en el caso Curic\u00f3 Unido - Diario El Trabajo<\/title>\n<meta name=\"robots\" content=\"index, follow, max-snippet:-1, max-image-preview:large, max-video-preview:-1\" \/>\n<link rel=\"canonical\" href=\"https:\/\/eltrabajo.cl\/web\/union-san-felipe-esperara-la-gestion-de-la-unidad-de-control-financiero-antes-de-actuar-en-el-caso-curico-unido\/\" \/>\n<meta property=\"og:locale\" content=\"es_ES\" \/>\n<meta property=\"og:type\" content=\"article\" \/>\n<meta property=\"og:title\" content=\"Uni\u00f3n San Felipe esperar\u00e1 la gesti\u00f3n de la Unidad de Control Financiero antes de actuar en el caso Curic\u00f3 Unido - Diario El Trabajo\" \/>\n<meta property=\"og:description\" content=\"Conforme pasan los d\u00edas, la denuncia del Sifup (Sindicato de Futbolistas Profesionales) sobre los incumplimientos y faltas laborales en la que estar\u00eda incurriendo Curic\u00f3 Unido, empieza a subir de temperatura. Lo concreto es que, por ahora, Uni\u00f3n San Felipe solo mira con especial atenci\u00f3n la situaci\u00f3n de los maulinos, enfoc\u00e1ndose en lo que har\u00e1 la [&hellip;]\" \/>\n<meta property=\"og:url\" content=\"https:\/\/eltrabajo.cl\/web\/union-san-felipe-esperara-la-gestion-de-la-unidad-de-control-financiero-antes-de-actuar-en-el-caso-curico-unido\/\" \/>\n<meta property=\"og:site_name\" content=\"Diario El Trabajo\" \/>\n<meta property=\"article:publisher\" content=\"https:\/\/www.facebook.com\/ElTrabajoDiario\" \/>\n<meta property=\"article:published_time\" content=\"2024-06-21T01:45:14+00:00\" \/>\n<meta property=\"og:image\" content=\"https:\/\/eltrabajo.cl\/web\/wp-content\/uploads\/2024\/06\/Uni-Uni-2.jpg\" \/>\n\t<meta property=\"og:image:width\" content=\"699\" \/>\n\t<meta property=\"og:image:height\" content=\"504\" \/>\n\t<meta property=\"og:image:type\" content=\"image\/jpeg\" \/>\n<meta name=\"author\" content=\"Diario El Trabajo\" \/>\n<meta name=\"twitter:card\" content=\"summary_large_image\" \/>\n<meta name=\"twitter:creator\" content=\"@diarioeltrabajo\" \/>\n<meta name=\"twitter:site\" content=\"@diarioeltrabajo\" \/>\n<meta name=\"twitter:label1\" content=\"Escrito por\" \/>\n\t<meta name=\"twitter:data1\" content=\"Diario El Trabajo\" \/>\n\t<meta name=\"twitter:label2\" content=\"Tiempo estimado de lectura\" \/>\n\t<meta name=\"twitter:data2\" content=\"2 minutos\" \/>\n<script type=\"application\/ld+json\" class=\"yoast-schema-graph\">{\"@context\":\"https:\\\/\\\/schema.org\",\"@graph\":[{\"@type\":\"Article\",\"@id\":\"https:\\\/\\\/eltrabajo.cl\\\/web\\\/union-san-felipe-esperara-la-gestion-de-la-unidad-de-control-financiero-antes-de-actuar-en-el-caso-curico-unido\\\/#article\",\"isPartOf\":{\"@id\":\"https:\\\/\\\/eltrabajo.cl\\\/web\\\/union-san-felipe-esperara-la-gestion-de-la-unidad-de-control-financiero-antes-de-actuar-en-el-caso-curico-unido\\\/\"},\"author\":{\"name\":\"Diario El Trabajo\",\"@id\":\"https:\\\/\\\/eltrabajo.cl\\\/web\\\/#\\\/schema\\\/person\\\/45efd3d17f86ec456e44dd7debe1bf19\"},\"headline\":\"Uni\u00f3n San Felipe esperar\u00e1 la gesti\u00f3n de la Unidad de Control Financiero antes de actuar en el caso Curic\u00f3 Unido\",\"datePublished\":\"2024-06-21T01:45:14+00:00\",\"mainEntityOfPage\":{\"@id\":\"https:\\\/\\\/eltrabajo.cl\\\/web\\\/union-san-felipe-esperara-la-gestion-de-la-unidad-de-control-financiero-antes-de-actuar-en-el-caso-curico-unido\\\/\"},\"wordCount\":312,\"commentCount\":0,\"publisher\":{\"@id\":\"https:\\\/\\\/eltrabajo.cl\\\/web\\\/#organization\"},\"image\":{\"@id\":\"https:\\\/\\\/eltrabajo.cl\\\/web\\\/union-san-felipe-esperara-la-gestion-de-la-unidad-de-control-financiero-antes-de-actuar-en-el-caso-curico-unido\\\/#primaryimage\"},\"thumbnailUrl\":\"https:\\\/\\\/eltrabajo.cl\\\/web\\\/wp-content\\\/uploads\\\/2024\\\/06\\\/Uni-Uni-2.jpg\",\"articleSection\":[\"Deportes\"],\"inLanguage\":\"es-CL\",\"potentialAction\":[{\"@type\":\"CommentAction\",\"name\":\"Comment\",\"target\":[\"https:\\\/\\\/eltrabajo.cl\\\/web\\\/union-san-felipe-esperara-la-gestion-de-la-unidad-de-control-financiero-antes-de-actuar-en-el-caso-curico-unido\\\/#respond\"]}]},{\"@type\":\"WebPage\",\"@id\":\"https:\\\/\\\/eltrabajo.cl\\\/web\\\/union-san-felipe-esperara-la-gestion-de-la-unidad-de-control-financiero-antes-de-actuar-en-el-caso-curico-unido\\\/\",\"url\":\"https:\\\/\\\/eltrabajo.cl\\\/web\\\/union-san-felipe-esperara-la-gestion-de-la-unidad-de-control-financiero-antes-de-actuar-en-el-caso-curico-unido\\\/\",\"name\":\"Uni\u00f3n San Felipe esperar\u00e1 la gesti\u00f3n de la Unidad de Control Financiero antes de actuar en el caso Curic\u00f3 Unido - Diario El Trabajo\",\"isPartOf\":{\"@id\":\"https:\\\/\\\/eltrabajo.cl\\\/web\\\/#website\"},\"primaryImageOfPage\":{\"@id\":\"https:\\\/\\\/eltrabajo.cl\\\/web\\\/union-san-felipe-esperara-la-gestion-de-la-unidad-de-control-financiero-antes-de-actuar-en-el-caso-curico-unido\\\/#primaryimage\"},\"image\":{\"@id\":\"https:\\\/\\\/eltrabajo.cl\\\/web\\\/union-san-felipe-esperara-la-gestion-de-la-unidad-de-control-financiero-antes-de-actuar-en-el-caso-curico-unido\\\/#primaryimage\"},\"thumbnailUrl\":\"https:\\\/\\\/eltrabajo.cl\\\/web\\\/wp-content\\\/uploads\\\/2024\\\/06\\\/Uni-Uni-2.jpg\",\"datePublished\":\"2024-06-21T01:45:14+00:00\",\"breadcrumb\":{\"@id\":\"https:\\\/\\\/eltrabajo.cl\\\/web\\\/union-san-felipe-esperara-la-gestion-de-la-unidad-de-control-financiero-antes-de-actuar-en-el-caso-curico-unido\\\/#breadcrumb\"},\"inLanguage\":\"es-CL\",\"potentialAction\":[{\"@type\":\"ReadAction\",\"target\":[\"https:\\\/\\\/eltrabajo.cl\\\/web\\\/union-san-felipe-esperara-la-gestion-de-la-unidad-de-control-financiero-antes-de-actuar-en-el-caso-curico-unido\\\/\"]}]},{\"@type\":\"ImageObject\",\"inLanguage\":\"es-CL\",\"@id\":\"https:\\\/\\\/eltrabajo.cl\\\/web\\\/union-san-felipe-esperara-la-gestion-de-la-unidad-de-control-financiero-antes-de-actuar-en-el-caso-curico-unido\\\/#primaryimage\",\"url\":\"https:\\\/\\\/eltrabajo.cl\\\/web\\\/wp-content\\\/uploads\\\/2024\\\/06\\\/Uni-Uni-2.jpg\",\"contentUrl\":\"https:\\\/\\\/eltrabajo.cl\\\/web\\\/wp-content\\\/uploads\\\/2024\\\/06\\\/Uni-Uni-2.jpg\",\"width\":699,\"height\":504,\"caption\":\"De ser efectivas las denuncias contra Curic\u00f3, los sanfelipe\u00f1os no sufrir\u00e1n con el descenso.\"},{\"@type\":\"BreadcrumbList\",\"@id\":\"https:\\\/\\\/eltrabajo.cl\\\/web\\\/union-san-felipe-esperara-la-gestion-de-la-unidad-de-control-financiero-antes-de-actuar-en-el-caso-curico-unido\\\/#breadcrumb\",\"itemListElement\":[{\"@type\":\"ListItem\",\"position\":1,\"name\":\"Portada\",\"item\":\"https:\\\/\\\/eltrabajo.cl\\\/web\\\/\"},{\"@type\":\"ListItem\",\"position\":2,\"name\":\"Uni\u00f3n San Felipe esperar\u00e1 la gesti\u00f3n de la Unidad de Control Financiero antes de actuar en el caso Curic\u00f3 Unido\"}]},{\"@type\":\"WebSite\",\"@id\":\"https:\\\/\\\/eltrabajo.cl\\\/web\\\/#website\",\"url\":\"https:\\\/\\\/eltrabajo.cl\\\/web\\\/\",\"name\":\"Diario El Trabajo\",\"description\":\"Desde 1929 construyendo Identidad Local\",\"publisher\":{\"@id\":\"https:\\\/\\\/eltrabajo.cl\\\/web\\\/#organization\"},\"potentialAction\":[{\"@type\":\"SearchAction\",\"target\":{\"@type\":\"EntryPoint\",\"urlTemplate\":\"https:\\\/\\\/eltrabajo.cl\\\/web\\\/?s={search_term_string}\"},\"query-input\":{\"@type\":\"PropertyValueSpecification\",\"valueRequired\":true,\"valueName\":\"search_term_string\"}}],\"inLanguage\":\"es-CL\"},{\"@type\":\"Organization\",\"@id\":\"https:\\\/\\\/eltrabajo.cl\\\/web\\\/#organization\",\"name\":\"Diario El Trabajo\",\"url\":\"https:\\\/\\\/eltrabajo.cl\\\/web\\\/\",\"logo\":{\"@type\":\"ImageObject\",\"inLanguage\":\"es-CL\",\"@id\":\"https:\\\/\\\/eltrabajo.cl\\\/web\\\/#\\\/schema\\\/logo\\\/image\\\/\",\"url\":\"https:\\\/\\\/eltrabajo.cl\\\/web\\\/wp-content\\\/uploads\\\/2024\\\/06\\\/profile-image-ig-page-diarioeltrabajo.jpg\",\"contentUrl\":\"https:\\\/\\\/eltrabajo.cl\\\/web\\\/wp-content\\\/uploads\\\/2024\\\/06\\\/profile-image-ig-page-diarioeltrabajo.jpg\",\"width\":823,\"height\":823,\"caption\":\"Diario El Trabajo\"},\"image\":{\"@id\":\"https:\\\/\\\/eltrabajo.cl\\\/web\\\/#\\\/schema\\\/logo\\\/image\\\/\"},\"sameAs\":[\"https:\\\/\\\/www.facebook.com\\\/ElTrabajoDiario\",\"https:\\\/\\\/x.com\\\/diarioeltrabajo\"]},{\"@type\":\"Person\",\"@id\":\"https:\\\/\\\/eltrabajo.cl\\\/web\\\/#\\\/schema\\\/person\\\/45efd3d17f86ec456e44dd7debe1bf19\",\"name\":\"Diario El Trabajo\",\"image\":{\"@type\":\"ImageObject\",\"inLanguage\":\"es-CL\",\"@id\":\"https:\\\/\\\/secure.gravatar.com\\\/avatar\\\/7e6ec277dc4aea2677c2dc301d4227957219329c985ab69a3efc12518b5161aa?s=96&d=mm&r=g\",\"url\":\"https:\\\/\\\/secure.gravatar.com\\\/avatar\\\/7e6ec277dc4aea2677c2dc301d4227957219329c985ab69a3efc12518b5161aa?s=96&d=mm&r=g\",\"contentUrl\":\"https:\\\/\\\/secure.gravatar.com\\\/avatar\\\/7e6ec277dc4aea2677c2dc301d4227957219329c985ab69a3efc12518b5161aa?s=96&d=mm&r=g\",\"caption\":\"Diario El Trabajo\"},\"sameAs\":[\"https:\\\/\\\/eltrabajo.cl\\\/web\"],\"url\":\"https:\\\/\\\/eltrabajo.cl\\\/web\\\/author\\\/diario-el-trabajo\\\/\"}]}<\/script>\n<!-- \/ Yoast SEO plugin. -->","yoast_head_json":{"title":"Uni\u00f3n San Felipe esperar\u00e1 la gesti\u00f3n de la Unidad de Control Financiero antes de actuar en el caso Curic\u00f3 Unido - Diario El Trabajo","robots":{"index":"index","follow":"follow","max-snippet":"max-snippet:-1","max-image-preview":"max-image-preview:large","max-video-preview":"max-video-preview:-1"},"canonical":"https:\/\/eltrabajo.cl\/web\/union-san-felipe-esperara-la-gestion-de-la-unidad-de-control-financiero-antes-de-actuar-en-el-caso-curico-unido\/","og_locale":"es_ES","og_type":"article","og_title":"Uni\u00f3n San Felipe esperar\u00e1 la gesti\u00f3n de la Unidad de Control Financiero antes de actuar en el caso Curic\u00f3 Unido - Diario El Trabajo","og_description":"Conforme pasan los d\u00edas, la denuncia del Sifup (Sindicato de Futbolistas Profesionales) sobre los incumplimientos y faltas laborales en la que estar\u00eda incurriendo Curic\u00f3 Unido, empieza a subir de temperatura. Lo concreto es que, por ahora, Uni\u00f3n San Felipe solo mira con especial atenci\u00f3n la situaci\u00f3n de los maulinos, enfoc\u00e1ndose en lo que har\u00e1 la [&hellip;]","og_url":"https:\/\/eltrabajo.cl\/web\/union-san-felipe-esperara-la-gestion-de-la-unidad-de-control-financiero-antes-de-actuar-en-el-caso-curico-unido\/","og_site_name":"Diario El Trabajo","article_publisher":"https:\/\/www.facebook.com\/ElTrabajoDiario","article_published_time":"2024-06-21T01:45:14+00:00","og_image":[{"width":699,"height":504,"url":"https:\/\/eltrabajo.cl\/web\/wp-content\/uploads\/2024\/06\/Uni-Uni-2.jpg","type":"image\/jpeg"}],"author":"Diario El Trabajo","twitter_card":"summary_large_image","twitter_creator":"@diarioeltrabajo","twitter_site":"@diarioeltrabajo","twitter_misc":{"Escrito por":"Diario El Trabajo","Tiempo estimado de lectura":"2 minutos"},"schema":{"@context":"https:\/\/schema.org","@graph":[{"@type":"Article","@id":"https:\/\/eltrabajo.cl\/web\/union-san-felipe-esperara-la-gestion-de-la-unidad-de-control-financiero-antes-de-actuar-en-el-caso-curico-unido\/#article","isPartOf":{"@id":"https:\/\/eltrabajo.cl\/web\/union-san-felipe-esperara-la-gestion-de-la-unidad-de-control-financiero-antes-de-actuar-en-el-caso-curico-unido\/"},"author":{"name":"Diario El Trabajo","@id":"https:\/\/eltrabajo.cl\/web\/#\/schema\/person\/45efd3d17f86ec456e44dd7debe1bf19"},"headline":"Uni\u00f3n San Felipe esperar\u00e1 la gesti\u00f3n de la Unidad de Control Financiero antes de actuar en el caso Curic\u00f3 Unido","datePublished":"2024-06-21T01:45:14+00:00","mainEntityOfPage":{"@id":"https:\/\/eltrabajo.cl\/web\/union-san-felipe-esperara-la-gestion-de-la-unidad-de-control-financiero-antes-de-actuar-en-el-caso-curico-unido\/"},"wordCount":312,"commentCount":0,"publisher":{"@id":"https:\/\/eltrabajo.cl\/web\/#organization"},"image":{"@id":"https:\/\/eltrabajo.cl\/web\/union-san-felipe-esperara-la-gestion-de-la-unidad-de-control-financiero-antes-de-actuar-en-el-caso-curico-unido\/#primaryimage"},"thumbnailUrl":"https:\/\/eltrabajo.cl\/web\/wp-content\/uploads\/2024\/06\/Uni-Uni-2.jpg","articleSection":["Deportes"],"inLanguage":"es-CL","potentialAction":[{"@type":"CommentAction","name":"Comment","target":["https:\/\/eltrabajo.cl\/web\/union-san-felipe-esperara-la-gestion-de-la-unidad-de-control-financiero-antes-de-actuar-en-el-caso-curico-unido\/#respond"]}]},{"@type":"WebPage","@id":"https:\/\/eltrabajo.cl\/web\/union-san-felipe-esperara-la-gestion-de-la-unidad-de-control-financiero-antes-de-actuar-en-el-caso-curico-unido\/","url":"https:\/\/eltrabajo.cl\/web\/union-san-felipe-esperara-la-gestion-de-la-unidad-de-control-financiero-antes-de-actuar-en-el-caso-curico-unido\/","name":"Uni\u00f3n San Felipe esperar\u00e1 la gesti\u00f3n de la Unidad de Control Financiero antes de actuar en el caso Curic\u00f3 Unido - Diario El Trabajo","isPartOf":{"@id":"https:\/\/eltrabajo.cl\/web\/#website"},"primaryImageOfPage":{"@id":"https:\/\/eltrabajo.cl\/web\/union-san-felipe-esperara-la-gestion-de-la-unidad-de-control-financiero-antes-de-actuar-en-el-caso-curico-unido\/#primaryimage"},"image":{"@id":"https:\/\/eltrabajo.cl\/web\/union-san-felipe-esperara-la-gestion-de-la-unidad-de-control-financiero-antes-de-actuar-en-el-caso-curico-unido\/#primaryimage"},"thumbnailUrl":"https:\/\/eltrabajo.cl\/web\/wp-content\/uploads\/2024\/06\/Uni-Uni-2.jpg","datePublished":"2024-06-21T01:45:14+00:00","breadcrumb":{"@id":"https:\/\/eltrabajo.cl\/web\/union-san-felipe-esperara-la-gestion-de-la-unidad-de-control-financiero-antes-de-actuar-en-el-caso-curico-unido\/#breadcrumb"},"inLanguage":"es-CL","potentialAction":[{"@type":"ReadAction","target":["https:\/\/eltrabajo.cl\/web\/union-san-felipe-esperara-la-gestion-de-la-unidad-de-control-financiero-antes-de-actuar-en-el-caso-curico-unido\/"]}]},{"@type":"ImageObject","inLanguage":"es-CL","@id":"https:\/\/eltrabajo.cl\/web\/union-san-felipe-esperara-la-gestion-de-la-unidad-de-control-financiero-antes-de-actuar-en-el-caso-curico-unido\/#primaryimage","url":"https:\/\/eltrabajo.cl\/web\/wp-content\/uploads\/2024\/06\/Uni-Uni-2.jpg","contentUrl":"https:\/\/eltrabajo.cl\/web\/wp-content\/uploads\/2024\/06\/Uni-Uni-2.jpg","width":699,"height":504,"caption":"De ser efectivas las denuncias contra Curic\u00f3, los sanfelipe\u00f1os no sufrir\u00e1n con el descenso."},{"@type":"BreadcrumbList","@id":"https:\/\/eltrabajo.cl\/web\/union-san-felipe-esperara-la-gestion-de-la-unidad-de-control-financiero-antes-de-actuar-en-el-caso-curico-unido\/#breadcrumb","itemListElement":[{"@type":"ListItem","position":1,"name":"Portada","item":"https:\/\/eltrabajo.cl\/web\/"},{"@type":"ListItem","position":2,"name":"Uni\u00f3n San Felipe esperar\u00e1 la gesti\u00f3n de la Unidad de Control Financiero antes de actuar en el caso Curic\u00f3 Unido"}]},{"@type":"WebSite","@id":"https:\/\/eltrabajo.cl\/web\/#website","url":"https:\/\/eltrabajo.cl\/web\/","name":"Diario El Trabajo","description":"Desde 1929 construyendo Identidad Local","publisher":{"@id":"https:\/\/eltrabajo.cl\/web\/#organization"},"potentialAction":[{"@type":"SearchAction","target":{"@type":"EntryPoint","urlTemplate":"https:\/\/eltrabajo.cl\/web\/?s={search_term_string}"},"query-input":{"@type":"PropertyValueSpecification","valueRequired":true,"valueName":"search_term_string"}}],"inLanguage":"es-CL"},{"@type":"Organization","@id":"https:\/\/eltrabajo.cl\/web\/#organization","name":"Diario El Trabajo","url":"https:\/\/eltrabajo.cl\/web\/","logo":{"@type":"ImageObject","inLanguage":"es-CL","@id":"https:\/\/eltrabajo.cl\/web\/#\/schema\/logo\/image\/","url":"https:\/\/eltrabajo.cl\/web\/wp-content\/uploads\/2024\/06\/profile-image-ig-page-diarioeltrabajo.jpg","contentUrl":"https:\/\/eltrabajo.cl\/web\/wp-content\/uploads\/2024\/06\/profile-image-ig-page-diarioeltrabajo.jpg","width":823,"height":823,"caption":"Diario El Trabajo"},"image":{"@id":"https:\/\/eltrabajo.cl\/web\/#\/schema\/logo\/image\/"},"sameAs":["https:\/\/www.facebook.com\/ElTrabajoDiario","https:\/\/x.com\/diarioeltrabajo"]},{"@type":"Person","@id":"https:\/\/eltrabajo.cl\/web\/#\/schema\/person\/45efd3d17f86ec456e44dd7debe1bf19","name":"Diario El Trabajo","image":{"@type":"ImageObject","inLanguage":"es-CL","@id":"https:\/\/secure.gravatar.com\/avatar\/7e6ec277dc4aea2677c2dc301d4227957219329c985ab69a3efc12518b5161aa?s=96&d=mm&r=g","url":"https:\/\/secure.gravatar.com\/avatar\/7e6ec277dc4aea2677c2dc301d4227957219329c985ab69a3efc12518b5161aa?s=96&d=mm&r=g","contentUrl":"https:\/\/secure.gravatar.com\/avatar\/7e6ec277dc4aea2677c2dc301d4227957219329c985ab69a3efc12518b5161aa?s=96&d=mm&r=g","caption":"Diario El Trabajo"},"sameAs":["https:\/\/eltrabajo.cl\/web"],"url":"https:\/\/eltrabajo.cl\/web\/author\/diario-el-trabajo\/"}]}},"_links":{"self":[{"href":"https:\/\/eltrabajo.cl\/web\/wp-json\/wp\/v2\/posts\/130375","targetHints":{"allow":["GET"]}}],"collection":[{"href":"https:\/\/eltrabajo.cl\/web\/wp-json\/wp\/v2\/posts"}],"about":[{"href":"https:\/\/eltrabajo.cl\/web\/wp-json\/wp\/v2\/types\/post"}],"author":[{"embeddable":true,"href":"https:\/\/eltrabajo.cl\/web\/wp-json\/wp\/v2\/users\/1"}],"replies":[{"embeddable":true,"href":"https:\/\/eltrabajo.cl\/web\/wp-json\/wp\/v2\/comments?post=130375"}],"version-history":[{"count":0,"href":"https:\/\/eltrabajo.cl\/web\/wp-json\/wp\/v2\/posts\/130375\/revisions"}],"wp:featuredmedia":[{"embeddable":true,"href":"https:\/\/eltrabajo.cl\/web\/wp-json\/wp\/v2\/media\/130376"}],"wp:attachment":[{"href":"https:\/\/eltrabajo.cl\/web\/wp-json\/wp\/v2\/media?parent=130375"}],"wp:term":[{"taxonomy":"category","embeddable":true,"href":"https:\/\/eltrabajo.cl\/web\/wp-json\/wp\/v2\/categories?post=130375"},{"taxonomy":"post_tag","embeddable":true,"href":"https:\/\/eltrabajo.cl\/web\/wp-json\/wp\/v2\/tags?post=130375"}],"curies":[{"name":"wp","href":"https:\/\/api.w.org\/{rel}","templated":true}]}}