{"id":130485,"date":"2024-06-26T22:35:01","date_gmt":"2024-06-27T01:35:01","guid":{"rendered":"https:\/\/eltrabajo.cl\/web\/?p=130485"},"modified":"2024-06-26T21:42:22","modified_gmt":"2024-06-27T00:42:22","slug":"exposicion-fotografica-sobre-glaciares-del-valle-de-aconcagua-busca-informar-y-protegerlos","status":"publish","type":"post","link":"https:\/\/eltrabajo.cl\/web\/exposicion-fotografica-sobre-glaciares-del-valle-de-aconcagua-busca-informar-y-protegerlos\/","title":{"rendered":"Exposici\u00f3n fotogr\u00e1fica sobre glaciares del Valle de Aconcagua busca informar y protegerlos"},"content":{"rendered":"<ul>\n<li>\n<h5><strong>En la cuenca del R\u00edo Aconcagua hay 756 glaciares. Cuando en invierno no hay precipitaciones, son los encargados de proporcionar agua al valle.-<\/strong><\/h5>\n<\/li>\n<\/ul>\n<p><strong>\u00c1lvaro Zeren\u00e9 Riquelme<\/strong> presenta la exposici\u00f3n fotogr\u00e1fica <strong>\u2018El origen del agua, glaciares del Valle Aconcagua\u2019<\/strong> con el prop\u00f3sito de dar a conocer y relevar el patrimonio natural de estas masas de hielo. La muestra estar\u00e1 disponible desde el 25 de junio hasta el 27 de julio en el Centro Cultural de Los Andes, Maip\u00fa 475.<\/p>\n<p>Consta de 28 fotograf\u00edas de diversos glaciares del territorio aconcag\u00fcino ubicados en el sector de Juncal Norte, Parva del Inca, Alto del Cobre, Yeguas Heladas, entre otros. Adem\u00e1s de un mapa del valle Juncal que incluye sus 80 glaciares m\u00e1s los 51 del Parque Andino Juncal.<\/p>\n<p>\u00ab<em>Cada fotograf\u00eda tiene informaci\u00f3n sobre el glaciar, su tama\u00f1o y lo m\u00e1s importante es cu\u00e1l es la quebrada, estero o r\u00edo al cual tributan sus aguas. Adem\u00e1s de poseer un c\u00f3digo QR con la georreferencia de su ubicaci\u00f3n en Google Maps, esta interacci\u00f3n con el p\u00fablico permite generar conciencia de su ubicaci\u00f3n espacial en nuestro Valle\u00bb,<\/em> puntualiz\u00f3 Zeren\u00e9.<\/p>\n<p>El trabajo de documentaci\u00f3n autogestionado comenz\u00f3 desde el 2020 hasta la fecha, puesto que el expositor se mantiene en constante seguimiento y descubrimiento de glaciares:<\/p>\n<p>\u00ab<em>Este es un trabajo de duraci\u00f3n ilimitada, cada vez puedo documentar m\u00e1s glaciares y redocumentar otros. De esta manera puedo llevar un seguimiento de su evoluci\u00f3n respecto al cambio clim\u00e1tico, por ejemplo, en el caso del glaciar Juncal Norte, de un a\u00f1o para otro hubo un desprendimiento enorme que dej\u00f3 a la vista la roca madre del lecho glaciar, lo que se conoce como nunatak y da cuenta de la p\u00e9rdida de masa que ha experimentado de una temporada a otra\u00bb,<\/em> explic\u00f3.<\/p>\n<p>Respecto al surgimiento de la idea de la muestra, Zeren\u00e9 cont\u00f3 que, al ser monta\u00f1ista, los glaciares son una de sus pasiones: <em>\u00abUn d\u00eda surgi\u00f3 la necesidad de estudiar y capacitarme m\u00e1s en ellos. Tom\u00e9 varios cursos de glaciolog\u00eda b\u00e1sica, luego me surgi\u00f3 la necesidad de compartir lo aprendido con la comunidad.<\/em><\/p>\n<p>\u00ab<em>Muchas veces se piensa err\u00f3neamente que solo existen glaciares en la Patagonia, sin embargo, en Chile tenemos m\u00e1s de 26.000 glaciares de Arica a Magallanes, y en la cuenca del R\u00edo Aconcagua tenemos 756, eso nadie lo dice o comenta. <\/em><\/p>\n<p>\u00ab<em>Es necesario divulgar esta informaci\u00f3n para dar a conocer y relevar nuestro patrimonio natural, principalmente porque estos cuerpos de hielo se alojan en la alta cordillera de Los Andes y no todos tienen el privilegio de poder acceder a ella, ah\u00ed surge la idea de crear \u2018Glaciares Aconcagua\u2019, una p\u00e1gina de divulgaci\u00f3n cient\u00edfica sobre los glaciares para acercar a la comunidad esta informaci\u00f3n que como monta\u00f1ista nos resulta com\u00fan, pero que no todos conocen y resulta muy necesario conocer para proteger\u00bb.<\/em><\/p>\n<p>Esta es la tercera vez que \u00c1lvaro Zeren\u00e9 expone sus fotograf\u00edas de glaciares, sin embargo, es la primera en que el material recopilado le permite formar una muestra m\u00e1s extensa: <em>\u00abel 25 de mayo expuse mi primera vez en el Museo Arqueol\u00f3gico de Los Andes, en el marco del d\u00eda del patrimonio, y el 5 de junio la repet\u00ed en la Feria del Medio Ambiente en Los Andes. Ambas exposiciones fueron mucho m\u00e1s acotadas y reducidas en cuanto a informaci\u00f3n y cantidad de fotograf\u00edas, de a poco he ido armando m\u00e1s material para exponer en p\u00fablico y me ha llevado a montar ahora esta exposici\u00f3n llamada \u2018El origen del agua\u2019\u00bb,<\/em> relat\u00f3.<\/p>\n<p style=\"text-align: right;\"><strong>Jacqueline Le\u00f3n C\u00f3rdova<\/strong><\/p>\n<figure id=\"attachment_130487\" aria-describedby=\"caption-attachment-130487\" style=\"width: 699px\" class=\"wp-caption alignnone\"><img loading=\"lazy\" decoding=\"async\" class=\"size-full wp-image-130487\" src=\"https:\/\/eltrabajo.cl\/web\/wp-content\/uploads\/2024\/06\/glaciares-expo-1.jpg\" alt=\"El lema de \u00c1lvaro en esta exposici\u00f3n es \u2018conocer para proteger\u2019: \u00abesta exposici\u00f3n releva esta informaci\u00f3n poniendo en valor el patrimonio natural y su vital importancia para la vida\u00bb.\" width=\"699\" height=\"585\" srcset=\"https:\/\/eltrabajo.cl\/web\/wp-content\/uploads\/2024\/06\/glaciares-expo-1.jpg 699w, https:\/\/eltrabajo.cl\/web\/wp-content\/uploads\/2024\/06\/glaciares-expo-1-300x251.jpg 300w, https:\/\/eltrabajo.cl\/web\/wp-content\/uploads\/2024\/06\/glaciares-expo-1-502x420.jpg 502w, https:\/\/eltrabajo.cl\/web\/wp-content\/uploads\/2024\/06\/glaciares-expo-1-150x126.jpg 150w, https:\/\/eltrabajo.cl\/web\/wp-content\/uploads\/2024\/06\/glaciares-expo-1-696x582.jpg 696w\" sizes=\"auto, (max-width: 699px) 100vw, 699px\" \/><figcaption id=\"caption-attachment-130487\" class=\"wp-caption-text\">El lema de \u00c1lvaro en esta exposici\u00f3n es \u2018conocer para proteger\u2019: \u00abesta exposici\u00f3n releva esta informaci\u00f3n poniendo en valor el patrimonio natural y su vital importancia para la vida\u00bb.<\/figcaption><\/figure>\n<figure id=\"attachment_130486\" aria-describedby=\"caption-attachment-130486\" style=\"width: 699px\" class=\"wp-caption alignnone\"><img loading=\"lazy\" decoding=\"async\" class=\"size-full wp-image-130486\" src=\"https:\/\/eltrabajo.cl\/web\/wp-content\/uploads\/2024\/06\/glaciares-alvaro-zerene.jpg\" alt=\"\u00c1lvaro Zeren\u00e9 Riquelme, monta\u00f1ista y expositor de  \u2018El origen del agua, glaciares del Valle Aconcagua\u2019.\" width=\"699\" height=\"631\" srcset=\"https:\/\/eltrabajo.cl\/web\/wp-content\/uploads\/2024\/06\/glaciares-alvaro-zerene.jpg 699w, https:\/\/eltrabajo.cl\/web\/wp-content\/uploads\/2024\/06\/glaciares-alvaro-zerene-300x271.jpg 300w, https:\/\/eltrabajo.cl\/web\/wp-content\/uploads\/2024\/06\/glaciares-alvaro-zerene-465x420.jpg 465w, https:\/\/eltrabajo.cl\/web\/wp-content\/uploads\/2024\/06\/glaciares-alvaro-zerene-150x135.jpg 150w, https:\/\/eltrabajo.cl\/web\/wp-content\/uploads\/2024\/06\/glaciares-alvaro-zerene-696x628.jpg 696w\" sizes=\"auto, (max-width: 699px) 100vw, 699px\" \/><figcaption id=\"caption-attachment-130486\" class=\"wp-caption-text\">\u00c1lvaro Zeren\u00e9 Riquelme, monta\u00f1ista y expositor de \u2018El origen del agua, glaciares del Valle Aconcagua\u2019.<\/figcaption><\/figure>\n","protected":false},"excerpt":{"rendered":"<p>En la cuenca del R\u00edo Aconcagua hay 756 glaciares. Cuando en invierno no hay precipitaciones, son los encargados de proporcionar agua al valle.- \u00c1lvaro Zeren\u00e9 Riquelme presenta la exposici\u00f3n fotogr\u00e1fica \u2018El origen del agua, glaciares del Valle Aconcagua\u2019 con el prop\u00f3sito de dar a conocer y relevar el patrimonio natural de estas masas de hielo. [&hellip;]<\/p>\n","protected":false},"author":1,"featured_media":130487,"comment_status":"open","ping_status":"closed","sticky":false,"template":"","format":"standard","meta":{"footnotes":""},"categories":[12],"tags":[],"class_list":{"0":"post-130485","1":"post","2":"type-post","3":"status-publish","4":"format-standard","5":"has-post-thumbnail","7":"category-arte-y-cultura"},"yoast_head":"<!-- This site is optimized with the Yoast SEO plugin v27.4 - https:\/\/yoast.com\/product\/yoast-seo-wordpress\/ -->\n<title>Exposici\u00f3n fotogr\u00e1fica sobre glaciares del Valle de Aconcagua busca informar y protegerlos - Diario El Trabajo<\/title>\n<meta name=\"robots\" content=\"index, follow, max-snippet:-1, max-image-preview:large, max-video-preview:-1\" \/>\n<link rel=\"canonical\" href=\"https:\/\/eltrabajo.cl\/web\/exposicion-fotografica-sobre-glaciares-del-valle-de-aconcagua-busca-informar-y-protegerlos\/\" \/>\n<meta property=\"og:locale\" content=\"es_ES\" \/>\n<meta property=\"og:type\" content=\"article\" \/>\n<meta property=\"og:title\" content=\"Exposici\u00f3n fotogr\u00e1fica sobre glaciares del Valle de Aconcagua busca informar y protegerlos - Diario El Trabajo\" \/>\n<meta property=\"og:description\" content=\"En la cuenca del R\u00edo Aconcagua hay 756 glaciares. Cuando en invierno no hay precipitaciones, son los encargados de proporcionar agua al valle.- \u00c1lvaro Zeren\u00e9 Riquelme presenta la exposici\u00f3n fotogr\u00e1fica \u2018El origen del agua, glaciares del Valle Aconcagua\u2019 con el prop\u00f3sito de dar a conocer y relevar el patrimonio natural de estas masas de hielo. [&hellip;]\" \/>\n<meta property=\"og:url\" content=\"https:\/\/eltrabajo.cl\/web\/exposicion-fotografica-sobre-glaciares-del-valle-de-aconcagua-busca-informar-y-protegerlos\/\" \/>\n<meta property=\"og:site_name\" content=\"Diario El Trabajo\" \/>\n<meta property=\"article:publisher\" content=\"https:\/\/www.facebook.com\/ElTrabajoDiario\" \/>\n<meta property=\"article:published_time\" content=\"2024-06-27T01:35:01+00:00\" \/>\n<meta property=\"og:image\" content=\"https:\/\/eltrabajo.cl\/web\/wp-content\/uploads\/2024\/06\/glaciares-expo-1.jpg\" \/>\n\t<meta property=\"og:image:width\" content=\"699\" \/>\n\t<meta property=\"og:image:height\" content=\"585\" \/>\n\t<meta property=\"og:image:type\" content=\"image\/jpeg\" \/>\n<meta name=\"author\" content=\"Diario El Trabajo\" \/>\n<meta name=\"twitter:card\" content=\"summary_large_image\" \/>\n<meta name=\"twitter:creator\" content=\"@diarioeltrabajo\" \/>\n<meta name=\"twitter:site\" content=\"@diarioeltrabajo\" \/>\n<meta name=\"twitter:label1\" content=\"Escrito por\" \/>\n\t<meta name=\"twitter:data1\" content=\"Diario El Trabajo\" \/>\n\t<meta name=\"twitter:label2\" content=\"Tiempo estimado de lectura\" \/>\n\t<meta name=\"twitter:data2\" content=\"4 minutos\" \/>\n<script type=\"application\/ld+json\" class=\"yoast-schema-graph\">{\"@context\":\"https:\\\/\\\/schema.org\",\"@graph\":[{\"@type\":\"Article\",\"@id\":\"https:\\\/\\\/eltrabajo.cl\\\/web\\\/exposicion-fotografica-sobre-glaciares-del-valle-de-aconcagua-busca-informar-y-protegerlos\\\/#article\",\"isPartOf\":{\"@id\":\"https:\\\/\\\/eltrabajo.cl\\\/web\\\/exposicion-fotografica-sobre-glaciares-del-valle-de-aconcagua-busca-informar-y-protegerlos\\\/\"},\"author\":{\"name\":\"Diario El Trabajo\",\"@id\":\"https:\\\/\\\/eltrabajo.cl\\\/web\\\/#\\\/schema\\\/person\\\/45efd3d17f86ec456e44dd7debe1bf19\"},\"headline\":\"Exposici\u00f3n fotogr\u00e1fica sobre glaciares del Valle de Aconcagua busca informar y protegerlos\",\"datePublished\":\"2024-06-27T01:35:01+00:00\",\"mainEntityOfPage\":{\"@id\":\"https:\\\/\\\/eltrabajo.cl\\\/web\\\/exposicion-fotografica-sobre-glaciares-del-valle-de-aconcagua-busca-informar-y-protegerlos\\\/\"},\"wordCount\":695,\"commentCount\":0,\"publisher\":{\"@id\":\"https:\\\/\\\/eltrabajo.cl\\\/web\\\/#organization\"},\"image\":{\"@id\":\"https:\\\/\\\/eltrabajo.cl\\\/web\\\/exposicion-fotografica-sobre-glaciares-del-valle-de-aconcagua-busca-informar-y-protegerlos\\\/#primaryimage\"},\"thumbnailUrl\":\"https:\\\/\\\/eltrabajo.cl\\\/web\\\/wp-content\\\/uploads\\\/2024\\\/06\\\/glaciares-expo-1.jpg\",\"articleSection\":[\"Arte y Cultura\"],\"inLanguage\":\"es-CL\",\"potentialAction\":[{\"@type\":\"CommentAction\",\"name\":\"Comment\",\"target\":[\"https:\\\/\\\/eltrabajo.cl\\\/web\\\/exposicion-fotografica-sobre-glaciares-del-valle-de-aconcagua-busca-informar-y-protegerlos\\\/#respond\"]}]},{\"@type\":\"WebPage\",\"@id\":\"https:\\\/\\\/eltrabajo.cl\\\/web\\\/exposicion-fotografica-sobre-glaciares-del-valle-de-aconcagua-busca-informar-y-protegerlos\\\/\",\"url\":\"https:\\\/\\\/eltrabajo.cl\\\/web\\\/exposicion-fotografica-sobre-glaciares-del-valle-de-aconcagua-busca-informar-y-protegerlos\\\/\",\"name\":\"Exposici\u00f3n fotogr\u00e1fica sobre glaciares del Valle de Aconcagua busca informar y protegerlos - Diario El Trabajo\",\"isPartOf\":{\"@id\":\"https:\\\/\\\/eltrabajo.cl\\\/web\\\/#website\"},\"primaryImageOfPage\":{\"@id\":\"https:\\\/\\\/eltrabajo.cl\\\/web\\\/exposicion-fotografica-sobre-glaciares-del-valle-de-aconcagua-busca-informar-y-protegerlos\\\/#primaryimage\"},\"image\":{\"@id\":\"https:\\\/\\\/eltrabajo.cl\\\/web\\\/exposicion-fotografica-sobre-glaciares-del-valle-de-aconcagua-busca-informar-y-protegerlos\\\/#primaryimage\"},\"thumbnailUrl\":\"https:\\\/\\\/eltrabajo.cl\\\/web\\\/wp-content\\\/uploads\\\/2024\\\/06\\\/glaciares-expo-1.jpg\",\"datePublished\":\"2024-06-27T01:35:01+00:00\",\"breadcrumb\":{\"@id\":\"https:\\\/\\\/eltrabajo.cl\\\/web\\\/exposicion-fotografica-sobre-glaciares-del-valle-de-aconcagua-busca-informar-y-protegerlos\\\/#breadcrumb\"},\"inLanguage\":\"es-CL\",\"potentialAction\":[{\"@type\":\"ReadAction\",\"target\":[\"https:\\\/\\\/eltrabajo.cl\\\/web\\\/exposicion-fotografica-sobre-glaciares-del-valle-de-aconcagua-busca-informar-y-protegerlos\\\/\"]}]},{\"@type\":\"ImageObject\",\"inLanguage\":\"es-CL\",\"@id\":\"https:\\\/\\\/eltrabajo.cl\\\/web\\\/exposicion-fotografica-sobre-glaciares-del-valle-de-aconcagua-busca-informar-y-protegerlos\\\/#primaryimage\",\"url\":\"https:\\\/\\\/eltrabajo.cl\\\/web\\\/wp-content\\\/uploads\\\/2024\\\/06\\\/glaciares-expo-1.jpg\",\"contentUrl\":\"https:\\\/\\\/eltrabajo.cl\\\/web\\\/wp-content\\\/uploads\\\/2024\\\/06\\\/glaciares-expo-1.jpg\",\"width\":699,\"height\":585,\"caption\":\"El lema de \u00c1lvaro en esta exposici\u00f3n es \u2018conocer para proteger\u2019: \u00abesta exposici\u00f3n releva esta informaci\u00f3n poniendo en valor el patrimonio natural y su vital importancia para la vida\u00bb.\"},{\"@type\":\"BreadcrumbList\",\"@id\":\"https:\\\/\\\/eltrabajo.cl\\\/web\\\/exposicion-fotografica-sobre-glaciares-del-valle-de-aconcagua-busca-informar-y-protegerlos\\\/#breadcrumb\",\"itemListElement\":[{\"@type\":\"ListItem\",\"position\":1,\"name\":\"Portada\",\"item\":\"https:\\\/\\\/eltrabajo.cl\\\/web\\\/\"},{\"@type\":\"ListItem\",\"position\":2,\"name\":\"Exposici\u00f3n fotogr\u00e1fica sobre glaciares del Valle de Aconcagua busca informar y protegerlos\"}]},{\"@type\":\"WebSite\",\"@id\":\"https:\\\/\\\/eltrabajo.cl\\\/web\\\/#website\",\"url\":\"https:\\\/\\\/eltrabajo.cl\\\/web\\\/\",\"name\":\"Diario El Trabajo\",\"description\":\"Desde 1929 construyendo Identidad Local\",\"publisher\":{\"@id\":\"https:\\\/\\\/eltrabajo.cl\\\/web\\\/#organization\"},\"potentialAction\":[{\"@type\":\"SearchAction\",\"target\":{\"@type\":\"EntryPoint\",\"urlTemplate\":\"https:\\\/\\\/eltrabajo.cl\\\/web\\\/?s={search_term_string}\"},\"query-input\":{\"@type\":\"PropertyValueSpecification\",\"valueRequired\":true,\"valueName\":\"search_term_string\"}}],\"inLanguage\":\"es-CL\"},{\"@type\":\"Organization\",\"@id\":\"https:\\\/\\\/eltrabajo.cl\\\/web\\\/#organization\",\"name\":\"Diario El Trabajo\",\"url\":\"https:\\\/\\\/eltrabajo.cl\\\/web\\\/\",\"logo\":{\"@type\":\"ImageObject\",\"inLanguage\":\"es-CL\",\"@id\":\"https:\\\/\\\/eltrabajo.cl\\\/web\\\/#\\\/schema\\\/logo\\\/image\\\/\",\"url\":\"https:\\\/\\\/eltrabajo.cl\\\/web\\\/wp-content\\\/uploads\\\/2024\\\/06\\\/profile-image-ig-page-diarioeltrabajo.jpg\",\"contentUrl\":\"https:\\\/\\\/eltrabajo.cl\\\/web\\\/wp-content\\\/uploads\\\/2024\\\/06\\\/profile-image-ig-page-diarioeltrabajo.jpg\",\"width\":823,\"height\":823,\"caption\":\"Diario El Trabajo\"},\"image\":{\"@id\":\"https:\\\/\\\/eltrabajo.cl\\\/web\\\/#\\\/schema\\\/logo\\\/image\\\/\"},\"sameAs\":[\"https:\\\/\\\/www.facebook.com\\\/ElTrabajoDiario\",\"https:\\\/\\\/x.com\\\/diarioeltrabajo\"]},{\"@type\":\"Person\",\"@id\":\"https:\\\/\\\/eltrabajo.cl\\\/web\\\/#\\\/schema\\\/person\\\/45efd3d17f86ec456e44dd7debe1bf19\",\"name\":\"Diario El Trabajo\",\"image\":{\"@type\":\"ImageObject\",\"inLanguage\":\"es-CL\",\"@id\":\"https:\\\/\\\/secure.gravatar.com\\\/avatar\\\/7e6ec277dc4aea2677c2dc301d4227957219329c985ab69a3efc12518b5161aa?s=96&d=mm&r=g\",\"url\":\"https:\\\/\\\/secure.gravatar.com\\\/avatar\\\/7e6ec277dc4aea2677c2dc301d4227957219329c985ab69a3efc12518b5161aa?s=96&d=mm&r=g\",\"contentUrl\":\"https:\\\/\\\/secure.gravatar.com\\\/avatar\\\/7e6ec277dc4aea2677c2dc301d4227957219329c985ab69a3efc12518b5161aa?s=96&d=mm&r=g\",\"caption\":\"Diario El Trabajo\"},\"sameAs\":[\"https:\\\/\\\/eltrabajo.cl\\\/web\"],\"url\":\"https:\\\/\\\/eltrabajo.cl\\\/web\\\/author\\\/diario-el-trabajo\\\/\"}]}<\/script>\n<!-- \/ Yoast SEO plugin. -->","yoast_head_json":{"title":"Exposici\u00f3n fotogr\u00e1fica sobre glaciares del Valle de Aconcagua busca informar y protegerlos - Diario El Trabajo","robots":{"index":"index","follow":"follow","max-snippet":"max-snippet:-1","max-image-preview":"max-image-preview:large","max-video-preview":"max-video-preview:-1"},"canonical":"https:\/\/eltrabajo.cl\/web\/exposicion-fotografica-sobre-glaciares-del-valle-de-aconcagua-busca-informar-y-protegerlos\/","og_locale":"es_ES","og_type":"article","og_title":"Exposici\u00f3n fotogr\u00e1fica sobre glaciares del Valle de Aconcagua busca informar y protegerlos - Diario El Trabajo","og_description":"En la cuenca del R\u00edo Aconcagua hay 756 glaciares. Cuando en invierno no hay precipitaciones, son los encargados de proporcionar agua al valle.- \u00c1lvaro Zeren\u00e9 Riquelme presenta la exposici\u00f3n fotogr\u00e1fica \u2018El origen del agua, glaciares del Valle Aconcagua\u2019 con el prop\u00f3sito de dar a conocer y relevar el patrimonio natural de estas masas de hielo. [&hellip;]","og_url":"https:\/\/eltrabajo.cl\/web\/exposicion-fotografica-sobre-glaciares-del-valle-de-aconcagua-busca-informar-y-protegerlos\/","og_site_name":"Diario El Trabajo","article_publisher":"https:\/\/www.facebook.com\/ElTrabajoDiario","article_published_time":"2024-06-27T01:35:01+00:00","og_image":[{"width":699,"height":585,"url":"https:\/\/eltrabajo.cl\/web\/wp-content\/uploads\/2024\/06\/glaciares-expo-1.jpg","type":"image\/jpeg"}],"author":"Diario El Trabajo","twitter_card":"summary_large_image","twitter_creator":"@diarioeltrabajo","twitter_site":"@diarioeltrabajo","twitter_misc":{"Escrito por":"Diario El Trabajo","Tiempo estimado de lectura":"4 minutos"},"schema":{"@context":"https:\/\/schema.org","@graph":[{"@type":"Article","@id":"https:\/\/eltrabajo.cl\/web\/exposicion-fotografica-sobre-glaciares-del-valle-de-aconcagua-busca-informar-y-protegerlos\/#article","isPartOf":{"@id":"https:\/\/eltrabajo.cl\/web\/exposicion-fotografica-sobre-glaciares-del-valle-de-aconcagua-busca-informar-y-protegerlos\/"},"author":{"name":"Diario El Trabajo","@id":"https:\/\/eltrabajo.cl\/web\/#\/schema\/person\/45efd3d17f86ec456e44dd7debe1bf19"},"headline":"Exposici\u00f3n fotogr\u00e1fica sobre glaciares del Valle de Aconcagua busca informar y protegerlos","datePublished":"2024-06-27T01:35:01+00:00","mainEntityOfPage":{"@id":"https:\/\/eltrabajo.cl\/web\/exposicion-fotografica-sobre-glaciares-del-valle-de-aconcagua-busca-informar-y-protegerlos\/"},"wordCount":695,"commentCount":0,"publisher":{"@id":"https:\/\/eltrabajo.cl\/web\/#organization"},"image":{"@id":"https:\/\/eltrabajo.cl\/web\/exposicion-fotografica-sobre-glaciares-del-valle-de-aconcagua-busca-informar-y-protegerlos\/#primaryimage"},"thumbnailUrl":"https:\/\/eltrabajo.cl\/web\/wp-content\/uploads\/2024\/06\/glaciares-expo-1.jpg","articleSection":["Arte y Cultura"],"inLanguage":"es-CL","potentialAction":[{"@type":"CommentAction","name":"Comment","target":["https:\/\/eltrabajo.cl\/web\/exposicion-fotografica-sobre-glaciares-del-valle-de-aconcagua-busca-informar-y-protegerlos\/#respond"]}]},{"@type":"WebPage","@id":"https:\/\/eltrabajo.cl\/web\/exposicion-fotografica-sobre-glaciares-del-valle-de-aconcagua-busca-informar-y-protegerlos\/","url":"https:\/\/eltrabajo.cl\/web\/exposicion-fotografica-sobre-glaciares-del-valle-de-aconcagua-busca-informar-y-protegerlos\/","name":"Exposici\u00f3n fotogr\u00e1fica sobre glaciares del Valle de Aconcagua busca informar y protegerlos - Diario El Trabajo","isPartOf":{"@id":"https:\/\/eltrabajo.cl\/web\/#website"},"primaryImageOfPage":{"@id":"https:\/\/eltrabajo.cl\/web\/exposicion-fotografica-sobre-glaciares-del-valle-de-aconcagua-busca-informar-y-protegerlos\/#primaryimage"},"image":{"@id":"https:\/\/eltrabajo.cl\/web\/exposicion-fotografica-sobre-glaciares-del-valle-de-aconcagua-busca-informar-y-protegerlos\/#primaryimage"},"thumbnailUrl":"https:\/\/eltrabajo.cl\/web\/wp-content\/uploads\/2024\/06\/glaciares-expo-1.jpg","datePublished":"2024-06-27T01:35:01+00:00","breadcrumb":{"@id":"https:\/\/eltrabajo.cl\/web\/exposicion-fotografica-sobre-glaciares-del-valle-de-aconcagua-busca-informar-y-protegerlos\/#breadcrumb"},"inLanguage":"es-CL","potentialAction":[{"@type":"ReadAction","target":["https:\/\/eltrabajo.cl\/web\/exposicion-fotografica-sobre-glaciares-del-valle-de-aconcagua-busca-informar-y-protegerlos\/"]}]},{"@type":"ImageObject","inLanguage":"es-CL","@id":"https:\/\/eltrabajo.cl\/web\/exposicion-fotografica-sobre-glaciares-del-valle-de-aconcagua-busca-informar-y-protegerlos\/#primaryimage","url":"https:\/\/eltrabajo.cl\/web\/wp-content\/uploads\/2024\/06\/glaciares-expo-1.jpg","contentUrl":"https:\/\/eltrabajo.cl\/web\/wp-content\/uploads\/2024\/06\/glaciares-expo-1.jpg","width":699,"height":585,"caption":"El lema de \u00c1lvaro en esta exposici\u00f3n es \u2018conocer para proteger\u2019: \u00abesta exposici\u00f3n releva esta informaci\u00f3n poniendo en valor el patrimonio natural y su vital importancia para la vida\u00bb."},{"@type":"BreadcrumbList","@id":"https:\/\/eltrabajo.cl\/web\/exposicion-fotografica-sobre-glaciares-del-valle-de-aconcagua-busca-informar-y-protegerlos\/#breadcrumb","itemListElement":[{"@type":"ListItem","position":1,"name":"Portada","item":"https:\/\/eltrabajo.cl\/web\/"},{"@type":"ListItem","position":2,"name":"Exposici\u00f3n fotogr\u00e1fica sobre glaciares del Valle de Aconcagua busca informar y protegerlos"}]},{"@type":"WebSite","@id":"https:\/\/eltrabajo.cl\/web\/#website","url":"https:\/\/eltrabajo.cl\/web\/","name":"Diario El Trabajo","description":"Desde 1929 construyendo Identidad Local","publisher":{"@id":"https:\/\/eltrabajo.cl\/web\/#organization"},"potentialAction":[{"@type":"SearchAction","target":{"@type":"EntryPoint","urlTemplate":"https:\/\/eltrabajo.cl\/web\/?s={search_term_string}"},"query-input":{"@type":"PropertyValueSpecification","valueRequired":true,"valueName":"search_term_string"}}],"inLanguage":"es-CL"},{"@type":"Organization","@id":"https:\/\/eltrabajo.cl\/web\/#organization","name":"Diario El Trabajo","url":"https:\/\/eltrabajo.cl\/web\/","logo":{"@type":"ImageObject","inLanguage":"es-CL","@id":"https:\/\/eltrabajo.cl\/web\/#\/schema\/logo\/image\/","url":"https:\/\/eltrabajo.cl\/web\/wp-content\/uploads\/2024\/06\/profile-image-ig-page-diarioeltrabajo.jpg","contentUrl":"https:\/\/eltrabajo.cl\/web\/wp-content\/uploads\/2024\/06\/profile-image-ig-page-diarioeltrabajo.jpg","width":823,"height":823,"caption":"Diario El Trabajo"},"image":{"@id":"https:\/\/eltrabajo.cl\/web\/#\/schema\/logo\/image\/"},"sameAs":["https:\/\/www.facebook.com\/ElTrabajoDiario","https:\/\/x.com\/diarioeltrabajo"]},{"@type":"Person","@id":"https:\/\/eltrabajo.cl\/web\/#\/schema\/person\/45efd3d17f86ec456e44dd7debe1bf19","name":"Diario El Trabajo","image":{"@type":"ImageObject","inLanguage":"es-CL","@id":"https:\/\/secure.gravatar.com\/avatar\/7e6ec277dc4aea2677c2dc301d4227957219329c985ab69a3efc12518b5161aa?s=96&d=mm&r=g","url":"https:\/\/secure.gravatar.com\/avatar\/7e6ec277dc4aea2677c2dc301d4227957219329c985ab69a3efc12518b5161aa?s=96&d=mm&r=g","contentUrl":"https:\/\/secure.gravatar.com\/avatar\/7e6ec277dc4aea2677c2dc301d4227957219329c985ab69a3efc12518b5161aa?s=96&d=mm&r=g","caption":"Diario El Trabajo"},"sameAs":["https:\/\/eltrabajo.cl\/web"],"url":"https:\/\/eltrabajo.cl\/web\/author\/diario-el-trabajo\/"}]}},"_links":{"self":[{"href":"https:\/\/eltrabajo.cl\/web\/wp-json\/wp\/v2\/posts\/130485","targetHints":{"allow":["GET"]}}],"collection":[{"href":"https:\/\/eltrabajo.cl\/web\/wp-json\/wp\/v2\/posts"}],"about":[{"href":"https:\/\/eltrabajo.cl\/web\/wp-json\/wp\/v2\/types\/post"}],"author":[{"embeddable":true,"href":"https:\/\/eltrabajo.cl\/web\/wp-json\/wp\/v2\/users\/1"}],"replies":[{"embeddable":true,"href":"https:\/\/eltrabajo.cl\/web\/wp-json\/wp\/v2\/comments?post=130485"}],"version-history":[{"count":0,"href":"https:\/\/eltrabajo.cl\/web\/wp-json\/wp\/v2\/posts\/130485\/revisions"}],"wp:featuredmedia":[{"embeddable":true,"href":"https:\/\/eltrabajo.cl\/web\/wp-json\/wp\/v2\/media\/130487"}],"wp:attachment":[{"href":"https:\/\/eltrabajo.cl\/web\/wp-json\/wp\/v2\/media?parent=130485"}],"wp:term":[{"taxonomy":"category","embeddable":true,"href":"https:\/\/eltrabajo.cl\/web\/wp-json\/wp\/v2\/categories?post=130485"},{"taxonomy":"post_tag","embeddable":true,"href":"https:\/\/eltrabajo.cl\/web\/wp-json\/wp\/v2\/tags?post=130485"}],"curies":[{"name":"wp","href":"https:\/\/api.w.org\/{rel}","templated":true}]}}