{"id":130735,"date":"2024-07-07T22:35:10","date_gmt":"2024-07-08T01:35:10","guid":{"rendered":"https:\/\/eltrabajo.cl\/web\/?p=130735"},"modified":"2024-07-07T21:24:17","modified_gmt":"2024-07-08T00:24:17","slug":"union-san-felipe-sigue-sumando-experiencia-para-su-ultima-linea","status":"publish","type":"post","link":"https:\/\/eltrabajo.cl\/web\/union-san-felipe-sigue-sumando-experiencia-para-su-ultima-linea\/","title":{"rendered":"Uni\u00f3n San Felipe sigue sumando experiencia para su \u00faltima l\u00ednea"},"content":{"rendered":"<figure id=\"attachment_130736\" aria-describedby=\"caption-attachment-130736\" style=\"width: 699px\" class=\"wp-caption alignnone\"><img loading=\"lazy\" decoding=\"async\" class=\"size-full wp-image-130736\" src=\"https:\/\/eltrabajo.cl\/web\/wp-content\/uploads\/2024\/07\/Foto-Marin.jpg\" alt=\"Yair Mar\u00edn es un defensor con amplia experiencia en el ascenso argentino.\" width=\"699\" height=\"393\" srcset=\"https:\/\/eltrabajo.cl\/web\/wp-content\/uploads\/2024\/07\/Foto-Marin.jpg 699w, https:\/\/eltrabajo.cl\/web\/wp-content\/uploads\/2024\/07\/Foto-Marin-300x169.jpg 300w, https:\/\/eltrabajo.cl\/web\/wp-content\/uploads\/2024\/07\/Foto-Marin-150x84.jpg 150w, https:\/\/eltrabajo.cl\/web\/wp-content\/uploads\/2024\/07\/Foto-Marin-696x391.jpg 696w\" sizes=\"auto, (max-width: 699px) 100vw, 699px\" \/><figcaption id=\"caption-attachment-130736\" class=\"wp-caption-text\">Yair Mar\u00edn es un defensor con amplia experiencia en el ascenso argentino.<\/figcaption><\/figure>\n<p>Para seguir otorg\u00e1ndole mayores cuotas de experiencia a un equipo que en el primer semestre careci\u00f3 de ese factor, la regencia de <strong>Uni\u00f3n San Felipe<\/strong> incorpor\u00f3 al defensor argentino <strong>Yair Emanuel Mar\u00edn<\/strong>, quien arriba al conjunto sanfelipe\u00f1o desde el Atl\u00e9tico San Mart\u00edn.<\/p>\n<p>El nuevo jugador albirrojo sell\u00f3 su arribo a la tienda sanfelipe\u00f1a durante la jornada del viernes \u00faltimo, incorpor\u00e1ndose casi de inmediato a los trabajos encabezados por el director t\u00e9cnico <strong>Dami\u00e1n Mu\u00f1oz<\/strong>.<\/p>\n<p>Yair Emanuel Mar\u00edn, que en la actualidad tiene 34 a\u00f1os de edad (31-01-1990), hizo su estreno profesional el a\u00f1o 2011 en el club El Porvenir, en el que estuvo hasta el a\u00f1o 2013, para iniciar desde ah\u00ed un extenso periplo por el ascenso trasandino.<\/p>\n<p>El arribo de este zaguero viene a dejar en claro que el entrenador albirrojo not\u00f3 deficiencias en esa l\u00ednea, por lo que su opci\u00f3n fue reforzarla de manera conveniente para que el equipo sanfelipe\u00f1o no siga sufriendo en esa faceta del juego, donde siempre se mostr\u00f3 feble y muy poco confiable.<\/p>\n<p>La trayectoria de Yair Mar\u00edn registra los siguientes clubes: El Porvenir, Atl\u00e9tico Palmira, Gimnasia y Esgrima de Mendoza, Terperley, Independiente de Rivadavia, Chaco For Ever y el Atl\u00e9tico San Mart\u00edn.<\/p>\n","protected":false},"excerpt":{"rendered":"<p>Para seguir otorg\u00e1ndole mayores cuotas de experiencia a un equipo que en el primer semestre careci\u00f3 de ese factor, la regencia de Uni\u00f3n San Felipe incorpor\u00f3 al defensor argentino Yair Emanuel Mar\u00edn, quien arriba al conjunto sanfelipe\u00f1o desde el Atl\u00e9tico San Mart\u00edn. El nuevo jugador albirrojo sell\u00f3 su arribo a la tienda sanfelipe\u00f1a durante la [&hellip;]<\/p>\n","protected":false},"author":1,"featured_media":130736,"comment_status":"open","ping_status":"closed","sticky":false,"template":"","format":"standard","meta":{"footnotes":""},"categories":[2],"tags":[],"class_list":{"0":"post-130735","1":"post","2":"type-post","3":"status-publish","4":"format-standard","5":"has-post-thumbnail","7":"category-deportes"},"yoast_head":"<!-- This site is optimized with the Yoast SEO plugin v27.5 - https:\/\/yoast.com\/product\/yoast-seo-wordpress\/ -->\n<title>Uni\u00f3n San Felipe sigue sumando experiencia para su \u00faltima l\u00ednea - Diario El Trabajo<\/title>\n<meta name=\"robots\" content=\"index, follow, max-snippet:-1, max-image-preview:large, max-video-preview:-1\" \/>\n<link rel=\"canonical\" href=\"https:\/\/eltrabajo.cl\/web\/union-san-felipe-sigue-sumando-experiencia-para-su-ultima-linea\/\" \/>\n<meta property=\"og:locale\" content=\"es_ES\" \/>\n<meta property=\"og:type\" content=\"article\" \/>\n<meta property=\"og:title\" content=\"Uni\u00f3n San Felipe sigue sumando experiencia para su \u00faltima l\u00ednea - Diario El Trabajo\" \/>\n<meta property=\"og:description\" content=\"Para seguir otorg\u00e1ndole mayores cuotas de experiencia a un equipo que en el primer semestre careci\u00f3 de ese factor, la regencia de Uni\u00f3n San Felipe incorpor\u00f3 al defensor argentino Yair Emanuel Mar\u00edn, quien arriba al conjunto sanfelipe\u00f1o desde el Atl\u00e9tico San Mart\u00edn. El nuevo jugador albirrojo sell\u00f3 su arribo a la tienda sanfelipe\u00f1a durante la [&hellip;]\" \/>\n<meta property=\"og:url\" content=\"https:\/\/eltrabajo.cl\/web\/union-san-felipe-sigue-sumando-experiencia-para-su-ultima-linea\/\" \/>\n<meta property=\"og:site_name\" content=\"Diario El Trabajo\" \/>\n<meta property=\"article:publisher\" content=\"https:\/\/www.facebook.com\/ElTrabajoDiario\" \/>\n<meta property=\"article:published_time\" content=\"2024-07-08T01:35:10+00:00\" \/>\n<meta property=\"og:image\" content=\"https:\/\/eltrabajo.cl\/web\/wp-content\/uploads\/2024\/07\/Foto-Marin.jpg\" \/>\n\t<meta property=\"og:image:width\" content=\"699\" \/>\n\t<meta property=\"og:image:height\" content=\"393\" \/>\n\t<meta property=\"og:image:type\" content=\"image\/jpeg\" \/>\n<meta name=\"author\" content=\"Diario El Trabajo\" \/>\n<meta name=\"twitter:card\" content=\"summary_large_image\" \/>\n<meta name=\"twitter:creator\" content=\"@diarioeltrabajo\" \/>\n<meta name=\"twitter:site\" content=\"@diarioeltrabajo\" \/>\n<meta name=\"twitter:label1\" content=\"Escrito por\" \/>\n\t<meta name=\"twitter:data1\" content=\"Diario El Trabajo\" \/>\n\t<meta name=\"twitter:label2\" content=\"Tiempo estimado de lectura\" \/>\n\t<meta name=\"twitter:data2\" content=\"2 minutos\" \/>\n<script type=\"application\/ld+json\" class=\"yoast-schema-graph\">{\"@context\":\"https:\\\/\\\/schema.org\",\"@graph\":[{\"@type\":\"Article\",\"@id\":\"https:\\\/\\\/eltrabajo.cl\\\/web\\\/union-san-felipe-sigue-sumando-experiencia-para-su-ultima-linea\\\/#article\",\"isPartOf\":{\"@id\":\"https:\\\/\\\/eltrabajo.cl\\\/web\\\/union-san-felipe-sigue-sumando-experiencia-para-su-ultima-linea\\\/\"},\"author\":{\"name\":\"Diario El Trabajo\",\"@id\":\"https:\\\/\\\/eltrabajo.cl\\\/web\\\/#\\\/schema\\\/person\\\/45efd3d17f86ec456e44dd7debe1bf19\"},\"headline\":\"Uni\u00f3n San Felipe sigue sumando experiencia para su \u00faltima l\u00ednea\",\"datePublished\":\"2024-07-08T01:35:10+00:00\",\"mainEntityOfPage\":{\"@id\":\"https:\\\/\\\/eltrabajo.cl\\\/web\\\/union-san-felipe-sigue-sumando-experiencia-para-su-ultima-linea\\\/\"},\"wordCount\":250,\"commentCount\":0,\"publisher\":{\"@id\":\"https:\\\/\\\/eltrabajo.cl\\\/web\\\/#organization\"},\"image\":{\"@id\":\"https:\\\/\\\/eltrabajo.cl\\\/web\\\/union-san-felipe-sigue-sumando-experiencia-para-su-ultima-linea\\\/#primaryimage\"},\"thumbnailUrl\":\"https:\\\/\\\/eltrabajo.cl\\\/web\\\/wp-content\\\/uploads\\\/2024\\\/07\\\/Foto-Marin.jpg\",\"articleSection\":[\"Deportes\"],\"inLanguage\":\"es-CL\",\"potentialAction\":[{\"@type\":\"CommentAction\",\"name\":\"Comment\",\"target\":[\"https:\\\/\\\/eltrabajo.cl\\\/web\\\/union-san-felipe-sigue-sumando-experiencia-para-su-ultima-linea\\\/#respond\"]}]},{\"@type\":\"WebPage\",\"@id\":\"https:\\\/\\\/eltrabajo.cl\\\/web\\\/union-san-felipe-sigue-sumando-experiencia-para-su-ultima-linea\\\/\",\"url\":\"https:\\\/\\\/eltrabajo.cl\\\/web\\\/union-san-felipe-sigue-sumando-experiencia-para-su-ultima-linea\\\/\",\"name\":\"Uni\u00f3n San Felipe sigue sumando experiencia para su \u00faltima l\u00ednea - Diario El Trabajo\",\"isPartOf\":{\"@id\":\"https:\\\/\\\/eltrabajo.cl\\\/web\\\/#website\"},\"primaryImageOfPage\":{\"@id\":\"https:\\\/\\\/eltrabajo.cl\\\/web\\\/union-san-felipe-sigue-sumando-experiencia-para-su-ultima-linea\\\/#primaryimage\"},\"image\":{\"@id\":\"https:\\\/\\\/eltrabajo.cl\\\/web\\\/union-san-felipe-sigue-sumando-experiencia-para-su-ultima-linea\\\/#primaryimage\"},\"thumbnailUrl\":\"https:\\\/\\\/eltrabajo.cl\\\/web\\\/wp-content\\\/uploads\\\/2024\\\/07\\\/Foto-Marin.jpg\",\"datePublished\":\"2024-07-08T01:35:10+00:00\",\"breadcrumb\":{\"@id\":\"https:\\\/\\\/eltrabajo.cl\\\/web\\\/union-san-felipe-sigue-sumando-experiencia-para-su-ultima-linea\\\/#breadcrumb\"},\"inLanguage\":\"es-CL\",\"potentialAction\":[{\"@type\":\"ReadAction\",\"target\":[\"https:\\\/\\\/eltrabajo.cl\\\/web\\\/union-san-felipe-sigue-sumando-experiencia-para-su-ultima-linea\\\/\"]}]},{\"@type\":\"ImageObject\",\"inLanguage\":\"es-CL\",\"@id\":\"https:\\\/\\\/eltrabajo.cl\\\/web\\\/union-san-felipe-sigue-sumando-experiencia-para-su-ultima-linea\\\/#primaryimage\",\"url\":\"https:\\\/\\\/eltrabajo.cl\\\/web\\\/wp-content\\\/uploads\\\/2024\\\/07\\\/Foto-Marin.jpg\",\"contentUrl\":\"https:\\\/\\\/eltrabajo.cl\\\/web\\\/wp-content\\\/uploads\\\/2024\\\/07\\\/Foto-Marin.jpg\",\"width\":699,\"height\":393,\"caption\":\"Yair Mar\u00edn es un defensor con amplia experiencia en el ascenso argentino.\"},{\"@type\":\"BreadcrumbList\",\"@id\":\"https:\\\/\\\/eltrabajo.cl\\\/web\\\/union-san-felipe-sigue-sumando-experiencia-para-su-ultima-linea\\\/#breadcrumb\",\"itemListElement\":[{\"@type\":\"ListItem\",\"position\":1,\"name\":\"Portada\",\"item\":\"https:\\\/\\\/eltrabajo.cl\\\/web\\\/\"},{\"@type\":\"ListItem\",\"position\":2,\"name\":\"Uni\u00f3n San Felipe sigue sumando experiencia para su \u00faltima l\u00ednea\"}]},{\"@type\":\"WebSite\",\"@id\":\"https:\\\/\\\/eltrabajo.cl\\\/web\\\/#website\",\"url\":\"https:\\\/\\\/eltrabajo.cl\\\/web\\\/\",\"name\":\"Diario El Trabajo\",\"description\":\"Desde 1929 construyendo Identidad Local\",\"publisher\":{\"@id\":\"https:\\\/\\\/eltrabajo.cl\\\/web\\\/#organization\"},\"potentialAction\":[{\"@type\":\"SearchAction\",\"target\":{\"@type\":\"EntryPoint\",\"urlTemplate\":\"https:\\\/\\\/eltrabajo.cl\\\/web\\\/?s={search_term_string}\"},\"query-input\":{\"@type\":\"PropertyValueSpecification\",\"valueRequired\":true,\"valueName\":\"search_term_string\"}}],\"inLanguage\":\"es-CL\"},{\"@type\":\"Organization\",\"@id\":\"https:\\\/\\\/eltrabajo.cl\\\/web\\\/#organization\",\"name\":\"Diario El Trabajo\",\"url\":\"https:\\\/\\\/eltrabajo.cl\\\/web\\\/\",\"logo\":{\"@type\":\"ImageObject\",\"inLanguage\":\"es-CL\",\"@id\":\"https:\\\/\\\/eltrabajo.cl\\\/web\\\/#\\\/schema\\\/logo\\\/image\\\/\",\"url\":\"https:\\\/\\\/eltrabajo.cl\\\/web\\\/wp-content\\\/uploads\\\/2024\\\/06\\\/profile-image-ig-page-diarioeltrabajo.jpg\",\"contentUrl\":\"https:\\\/\\\/eltrabajo.cl\\\/web\\\/wp-content\\\/uploads\\\/2024\\\/06\\\/profile-image-ig-page-diarioeltrabajo.jpg\",\"width\":823,\"height\":823,\"caption\":\"Diario El Trabajo\"},\"image\":{\"@id\":\"https:\\\/\\\/eltrabajo.cl\\\/web\\\/#\\\/schema\\\/logo\\\/image\\\/\"},\"sameAs\":[\"https:\\\/\\\/www.facebook.com\\\/ElTrabajoDiario\",\"https:\\\/\\\/x.com\\\/diarioeltrabajo\"]},{\"@type\":\"Person\",\"@id\":\"https:\\\/\\\/eltrabajo.cl\\\/web\\\/#\\\/schema\\\/person\\\/45efd3d17f86ec456e44dd7debe1bf19\",\"name\":\"Diario El Trabajo\",\"image\":{\"@type\":\"ImageObject\",\"inLanguage\":\"es-CL\",\"@id\":\"https:\\\/\\\/secure.gravatar.com\\\/avatar\\\/7e6ec277dc4aea2677c2dc301d4227957219329c985ab69a3efc12518b5161aa?s=96&d=mm&r=g\",\"url\":\"https:\\\/\\\/secure.gravatar.com\\\/avatar\\\/7e6ec277dc4aea2677c2dc301d4227957219329c985ab69a3efc12518b5161aa?s=96&d=mm&r=g\",\"contentUrl\":\"https:\\\/\\\/secure.gravatar.com\\\/avatar\\\/7e6ec277dc4aea2677c2dc301d4227957219329c985ab69a3efc12518b5161aa?s=96&d=mm&r=g\",\"caption\":\"Diario El Trabajo\"},\"sameAs\":[\"https:\\\/\\\/eltrabajo.cl\\\/web\"],\"url\":\"https:\\\/\\\/eltrabajo.cl\\\/web\\\/author\\\/diario-el-trabajo\\\/\"}]}<\/script>\n<!-- \/ Yoast SEO plugin. -->","yoast_head_json":{"title":"Uni\u00f3n San Felipe sigue sumando experiencia para su \u00faltima l\u00ednea - Diario El Trabajo","robots":{"index":"index","follow":"follow","max-snippet":"max-snippet:-1","max-image-preview":"max-image-preview:large","max-video-preview":"max-video-preview:-1"},"canonical":"https:\/\/eltrabajo.cl\/web\/union-san-felipe-sigue-sumando-experiencia-para-su-ultima-linea\/","og_locale":"es_ES","og_type":"article","og_title":"Uni\u00f3n San Felipe sigue sumando experiencia para su \u00faltima l\u00ednea - Diario El Trabajo","og_description":"Para seguir otorg\u00e1ndole mayores cuotas de experiencia a un equipo que en el primer semestre careci\u00f3 de ese factor, la regencia de Uni\u00f3n San Felipe incorpor\u00f3 al defensor argentino Yair Emanuel Mar\u00edn, quien arriba al conjunto sanfelipe\u00f1o desde el Atl\u00e9tico San Mart\u00edn. El nuevo jugador albirrojo sell\u00f3 su arribo a la tienda sanfelipe\u00f1a durante la [&hellip;]","og_url":"https:\/\/eltrabajo.cl\/web\/union-san-felipe-sigue-sumando-experiencia-para-su-ultima-linea\/","og_site_name":"Diario El Trabajo","article_publisher":"https:\/\/www.facebook.com\/ElTrabajoDiario","article_published_time":"2024-07-08T01:35:10+00:00","og_image":[{"width":699,"height":393,"url":"https:\/\/eltrabajo.cl\/web\/wp-content\/uploads\/2024\/07\/Foto-Marin.jpg","type":"image\/jpeg"}],"author":"Diario El Trabajo","twitter_card":"summary_large_image","twitter_creator":"@diarioeltrabajo","twitter_site":"@diarioeltrabajo","twitter_misc":{"Escrito por":"Diario El Trabajo","Tiempo estimado de lectura":"2 minutos"},"schema":{"@context":"https:\/\/schema.org","@graph":[{"@type":"Article","@id":"https:\/\/eltrabajo.cl\/web\/union-san-felipe-sigue-sumando-experiencia-para-su-ultima-linea\/#article","isPartOf":{"@id":"https:\/\/eltrabajo.cl\/web\/union-san-felipe-sigue-sumando-experiencia-para-su-ultima-linea\/"},"author":{"name":"Diario El Trabajo","@id":"https:\/\/eltrabajo.cl\/web\/#\/schema\/person\/45efd3d17f86ec456e44dd7debe1bf19"},"headline":"Uni\u00f3n San Felipe sigue sumando experiencia para su \u00faltima l\u00ednea","datePublished":"2024-07-08T01:35:10+00:00","mainEntityOfPage":{"@id":"https:\/\/eltrabajo.cl\/web\/union-san-felipe-sigue-sumando-experiencia-para-su-ultima-linea\/"},"wordCount":250,"commentCount":0,"publisher":{"@id":"https:\/\/eltrabajo.cl\/web\/#organization"},"image":{"@id":"https:\/\/eltrabajo.cl\/web\/union-san-felipe-sigue-sumando-experiencia-para-su-ultima-linea\/#primaryimage"},"thumbnailUrl":"https:\/\/eltrabajo.cl\/web\/wp-content\/uploads\/2024\/07\/Foto-Marin.jpg","articleSection":["Deportes"],"inLanguage":"es-CL","potentialAction":[{"@type":"CommentAction","name":"Comment","target":["https:\/\/eltrabajo.cl\/web\/union-san-felipe-sigue-sumando-experiencia-para-su-ultima-linea\/#respond"]}]},{"@type":"WebPage","@id":"https:\/\/eltrabajo.cl\/web\/union-san-felipe-sigue-sumando-experiencia-para-su-ultima-linea\/","url":"https:\/\/eltrabajo.cl\/web\/union-san-felipe-sigue-sumando-experiencia-para-su-ultima-linea\/","name":"Uni\u00f3n San Felipe sigue sumando experiencia para su \u00faltima l\u00ednea - Diario El Trabajo","isPartOf":{"@id":"https:\/\/eltrabajo.cl\/web\/#website"},"primaryImageOfPage":{"@id":"https:\/\/eltrabajo.cl\/web\/union-san-felipe-sigue-sumando-experiencia-para-su-ultima-linea\/#primaryimage"},"image":{"@id":"https:\/\/eltrabajo.cl\/web\/union-san-felipe-sigue-sumando-experiencia-para-su-ultima-linea\/#primaryimage"},"thumbnailUrl":"https:\/\/eltrabajo.cl\/web\/wp-content\/uploads\/2024\/07\/Foto-Marin.jpg","datePublished":"2024-07-08T01:35:10+00:00","breadcrumb":{"@id":"https:\/\/eltrabajo.cl\/web\/union-san-felipe-sigue-sumando-experiencia-para-su-ultima-linea\/#breadcrumb"},"inLanguage":"es-CL","potentialAction":[{"@type":"ReadAction","target":["https:\/\/eltrabajo.cl\/web\/union-san-felipe-sigue-sumando-experiencia-para-su-ultima-linea\/"]}]},{"@type":"ImageObject","inLanguage":"es-CL","@id":"https:\/\/eltrabajo.cl\/web\/union-san-felipe-sigue-sumando-experiencia-para-su-ultima-linea\/#primaryimage","url":"https:\/\/eltrabajo.cl\/web\/wp-content\/uploads\/2024\/07\/Foto-Marin.jpg","contentUrl":"https:\/\/eltrabajo.cl\/web\/wp-content\/uploads\/2024\/07\/Foto-Marin.jpg","width":699,"height":393,"caption":"Yair Mar\u00edn es un defensor con amplia experiencia en el ascenso argentino."},{"@type":"BreadcrumbList","@id":"https:\/\/eltrabajo.cl\/web\/union-san-felipe-sigue-sumando-experiencia-para-su-ultima-linea\/#breadcrumb","itemListElement":[{"@type":"ListItem","position":1,"name":"Portada","item":"https:\/\/eltrabajo.cl\/web\/"},{"@type":"ListItem","position":2,"name":"Uni\u00f3n San Felipe sigue sumando experiencia para su \u00faltima l\u00ednea"}]},{"@type":"WebSite","@id":"https:\/\/eltrabajo.cl\/web\/#website","url":"https:\/\/eltrabajo.cl\/web\/","name":"Diario El Trabajo","description":"Desde 1929 construyendo Identidad Local","publisher":{"@id":"https:\/\/eltrabajo.cl\/web\/#organization"},"potentialAction":[{"@type":"SearchAction","target":{"@type":"EntryPoint","urlTemplate":"https:\/\/eltrabajo.cl\/web\/?s={search_term_string}"},"query-input":{"@type":"PropertyValueSpecification","valueRequired":true,"valueName":"search_term_string"}}],"inLanguage":"es-CL"},{"@type":"Organization","@id":"https:\/\/eltrabajo.cl\/web\/#organization","name":"Diario El Trabajo","url":"https:\/\/eltrabajo.cl\/web\/","logo":{"@type":"ImageObject","inLanguage":"es-CL","@id":"https:\/\/eltrabajo.cl\/web\/#\/schema\/logo\/image\/","url":"https:\/\/eltrabajo.cl\/web\/wp-content\/uploads\/2024\/06\/profile-image-ig-page-diarioeltrabajo.jpg","contentUrl":"https:\/\/eltrabajo.cl\/web\/wp-content\/uploads\/2024\/06\/profile-image-ig-page-diarioeltrabajo.jpg","width":823,"height":823,"caption":"Diario El Trabajo"},"image":{"@id":"https:\/\/eltrabajo.cl\/web\/#\/schema\/logo\/image\/"},"sameAs":["https:\/\/www.facebook.com\/ElTrabajoDiario","https:\/\/x.com\/diarioeltrabajo"]},{"@type":"Person","@id":"https:\/\/eltrabajo.cl\/web\/#\/schema\/person\/45efd3d17f86ec456e44dd7debe1bf19","name":"Diario El Trabajo","image":{"@type":"ImageObject","inLanguage":"es-CL","@id":"https:\/\/secure.gravatar.com\/avatar\/7e6ec277dc4aea2677c2dc301d4227957219329c985ab69a3efc12518b5161aa?s=96&d=mm&r=g","url":"https:\/\/secure.gravatar.com\/avatar\/7e6ec277dc4aea2677c2dc301d4227957219329c985ab69a3efc12518b5161aa?s=96&d=mm&r=g","contentUrl":"https:\/\/secure.gravatar.com\/avatar\/7e6ec277dc4aea2677c2dc301d4227957219329c985ab69a3efc12518b5161aa?s=96&d=mm&r=g","caption":"Diario El Trabajo"},"sameAs":["https:\/\/eltrabajo.cl\/web"],"url":"https:\/\/eltrabajo.cl\/web\/author\/diario-el-trabajo\/"}]}},"_links":{"self":[{"href":"https:\/\/eltrabajo.cl\/web\/wp-json\/wp\/v2\/posts\/130735","targetHints":{"allow":["GET"]}}],"collection":[{"href":"https:\/\/eltrabajo.cl\/web\/wp-json\/wp\/v2\/posts"}],"about":[{"href":"https:\/\/eltrabajo.cl\/web\/wp-json\/wp\/v2\/types\/post"}],"author":[{"embeddable":true,"href":"https:\/\/eltrabajo.cl\/web\/wp-json\/wp\/v2\/users\/1"}],"replies":[{"embeddable":true,"href":"https:\/\/eltrabajo.cl\/web\/wp-json\/wp\/v2\/comments?post=130735"}],"version-history":[{"count":0,"href":"https:\/\/eltrabajo.cl\/web\/wp-json\/wp\/v2\/posts\/130735\/revisions"}],"wp:featuredmedia":[{"embeddable":true,"href":"https:\/\/eltrabajo.cl\/web\/wp-json\/wp\/v2\/media\/130736"}],"wp:attachment":[{"href":"https:\/\/eltrabajo.cl\/web\/wp-json\/wp\/v2\/media?parent=130735"}],"wp:term":[{"taxonomy":"category","embeddable":true,"href":"https:\/\/eltrabajo.cl\/web\/wp-json\/wp\/v2\/categories?post=130735"},{"taxonomy":"post_tag","embeddable":true,"href":"https:\/\/eltrabajo.cl\/web\/wp-json\/wp\/v2\/tags?post=130735"}],"curies":[{"name":"wp","href":"https:\/\/api.w.org\/{rel}","templated":true}]}}