{"id":130764,"date":"2024-07-08T22:35:21","date_gmt":"2024-07-09T01:35:21","guid":{"rendered":"https:\/\/eltrabajo.cl\/web\/?p=130764"},"modified":"2024-07-08T22:07:01","modified_gmt":"2024-07-09T01:07:01","slug":"iluminacion-led-la-mejor-manera-de-reducir-el-consumo-de-energia","status":"publish","type":"post","link":"https:\/\/eltrabajo.cl\/web\/iluminacion-led-la-mejor-manera-de-reducir-el-consumo-de-energia\/","title":{"rendered":"Iluminaci\u00f3n LED: la mejor manera de reducir el consumo de energ\u00eda"},"content":{"rendered":"<p><span style=\"color: #ff0000;\"><strong>Ante \u2018traum\u00e1tica\u2019 alza de la electricidad:<\/strong><\/span><\/p>\n<p>A prop\u00f3sito de la ins\u00f3lita alza que experimentar\u00e1n las cuentas de energ\u00eda el\u00e9ctrica, conversamos con un comerciante del rubro el\u00e9ctrico en San Felipe, con la sola idea de tener informaci\u00f3n de c\u00f3mo poder ahorrar y eso que se note a fin de mes en el recibo de la electricidad.<\/p>\n<figure id=\"attachment_130766\" aria-describedby=\"caption-attachment-130766\" style=\"width: 300px\" class=\"wp-caption alignleft\"><img loading=\"lazy\" decoding=\"async\" class=\"wp-image-130766 size-medium\" src=\"https:\/\/eltrabajo.cl\/web\/wp-content\/uploads\/2024\/07\/Cristian-Aranda-de-Casa-Volta-300x208.jpg\" alt=\"Cristian Aranda, de Casa Volta, ubicada en Avenida Chacabuco 1012 San Felipe.\" width=\"300\" height=\"208\" srcset=\"https:\/\/eltrabajo.cl\/web\/wp-content\/uploads\/2024\/07\/Cristian-Aranda-de-Casa-Volta-300x208.jpg 300w, https:\/\/eltrabajo.cl\/web\/wp-content\/uploads\/2024\/07\/Cristian-Aranda-de-Casa-Volta-606x420.jpg 606w, https:\/\/eltrabajo.cl\/web\/wp-content\/uploads\/2024\/07\/Cristian-Aranda-de-Casa-Volta-150x104.jpg 150w, https:\/\/eltrabajo.cl\/web\/wp-content\/uploads\/2024\/07\/Cristian-Aranda-de-Casa-Volta-218x150.jpg 218w, https:\/\/eltrabajo.cl\/web\/wp-content\/uploads\/2024\/07\/Cristian-Aranda-de-Casa-Volta-696x483.jpg 696w, https:\/\/eltrabajo.cl\/web\/wp-content\/uploads\/2024\/07\/Cristian-Aranda-de-Casa-Volta-100x70.jpg 100w, https:\/\/eltrabajo.cl\/web\/wp-content\/uploads\/2024\/07\/Cristian-Aranda-de-Casa-Volta.jpg 698w\" sizes=\"auto, (max-width: 300px) 100vw, 300px\" \/><figcaption id=\"caption-attachment-130766\" class=\"wp-caption-text\">Cristian Aranda, de Casa Volta, ubicada en Avenida Chacabuco 1012 San Felipe.<\/figcaption><\/figure>\n<p>Se trata de <strong>Cristian Aranda<\/strong> de <strong>Casa Volta<\/strong>, a quien le consultamos c\u00f3mo la due\u00f1a de casa, la familia en general, puede ahorrar espec\u00edficamente en iluminaci\u00f3n. En ese sentido nos dice que es netamente cambiar la iluminaci\u00f3n <em>\u00abdel sistema antiguo al nuevo que es a LED m\u00e1s que nada. Los gastos del consumo son muy notorios en comparaci\u00f3n de un hal\u00f3geno a un LED, por decirte un ejemplo, est\u00e1 el t\u00edpico caso de la ampolleta de 100 watts que gastaba 100 y consum\u00eda 100, y ahora lleva una ampolleta de 13 watts que yo vendo normalmente, ilumina o rinde lo que da una de 100 antigua; y tambi\u00e9n hay focos, est\u00e1n los tubos fluorescentes, ahora son LED, antes uno s\u00f3lo gastaba 36 watts y ahora gastan 18-20 watts, ah\u00ed se va notando el ahorro en pocas cosas que son \u00fatiles del d\u00eda a d\u00eda\u00bb,<\/em> dice.<\/p>\n<p>&#8211; <strong>Eso mismo, \u00bfal llegar la cuenta, se nota eso?, es decir, al optar por iluminaci\u00f3n LED.<\/strong><\/p>\n<p>&#8211; S\u00ed, claro, o lo otro iluminaci\u00f3n solar tambi\u00e9n, en el caso que se ve ahora m\u00e1s en el d\u00eda a d\u00eda, pero obviamente es un gasto mayor que s\u00f3lo se hace una vez, pero con el tiempo se va notando que vas ahorr\u00e1ndote ciertas cosas.<\/p>\n<p>&#8211; <strong>\u00bfEs muy dif\u00edcil acceder a energ\u00eda solar en San Felipe?, con la experiencia que tienes t\u00fa.<\/strong><\/p>\n<p>&#8211; \u00daltimamente no, ahora hay juegos que uno mismo puede instalar, son m\u00e1s r\u00e1pidos, a control remoto, m\u00e1s f\u00e1cil de programar.<\/p>\n<p>&#8211; <strong>\u00bfSe ahorra a fin de mes?<\/strong><\/p>\n<p>&#8211; S\u00ed, con el tiempo obviamente\u2026 s\u00ed. Porque por ejemplo hay un foco que cuesta 40 mil pesos, pero es un gasto que vas a hacer una vez y con el tiempo despu\u00e9s se va a ir devolviendo esa plata o esa inversi\u00f3n.<\/p>\n<p>&#8211; <strong>Recomendar hoy en d\u00eda que vienen alzas en la luz, iluminaci\u00f3n LED.<\/strong><\/p>\n<p>&#8211; LED e iluminaci\u00f3n solar, yo creo que esas dos cosas ser\u00edan como lo m\u00e1s r\u00e1pido que pudiera hacer una persona.<\/p>\n<p>&#8211; <strong>En cuanto a precios, \u00bfuna ampolleta LED es m\u00e1s cara que la normal?<\/strong><\/p>\n<p>&#8211; No, de hecho la ampolleta LED m\u00e1s barata que tengo vale 1.250 pesos y de ah\u00ed hacia arriba. La de 13 wts que es la que yo le hice el ejemplo, cuesta 2.560 pesos y as\u00ed sucesivamente. Hay ampolletas industriales que igual son LED, que gastan la nada, 50 wts, e iluminan 300 en comparaci\u00f3n a la antigua.<\/p>\n<p>&#8211; <strong>\u00bfSe queman f\u00e1cilmente?<\/strong><\/p>\n<p>&#8211; No, de por s\u00ed no, si la instalaci\u00f3n de la casa de por s\u00ed est\u00e1 bien hecha, no. Deber\u00eda durar lo que te dice la ampolleta normalmente, dan horas \u00fatiles, no a\u00f1os, te dan tiempo por hora.<\/p>\n<p>&#8211; <strong>\u00bfUna ampolleta LED es por hora?<\/strong><\/p>\n<p>&#8211; S\u00ed, 20 mil a 25 mil horas es como lo normal que te dice el empaque.<\/p>\n<p>Ya saben, optar por iluminaci\u00f3n LED como una forma de ahorrar sifnificativamente.<\/p>\n<p>Decir que Casa Volta est\u00e1 en Avenida Chacabuco 1012 San Felipe.<\/p>\n<figure id=\"attachment_130765\" aria-describedby=\"caption-attachment-130765\" style=\"width: 699px\" class=\"wp-caption alignnone\"><img loading=\"lazy\" decoding=\"async\" class=\"size-full wp-image-130765\" src=\"https:\/\/eltrabajo.cl\/web\/wp-content\/uploads\/2024\/07\/Ampolleta.jpg\" alt=\"Una ampolleta LED de 12 watts ilumina m\u00e1s o menos lo mismo que una antigua de 100 watts.\" width=\"699\" height=\"450\" srcset=\"https:\/\/eltrabajo.cl\/web\/wp-content\/uploads\/2024\/07\/Ampolleta.jpg 699w, https:\/\/eltrabajo.cl\/web\/wp-content\/uploads\/2024\/07\/Ampolleta-300x193.jpg 300w, https:\/\/eltrabajo.cl\/web\/wp-content\/uploads\/2024\/07\/Ampolleta-652x420.jpg 652w, https:\/\/eltrabajo.cl\/web\/wp-content\/uploads\/2024\/07\/Ampolleta-150x97.jpg 150w, https:\/\/eltrabajo.cl\/web\/wp-content\/uploads\/2024\/07\/Ampolleta-696x448.jpg 696w\" sizes=\"auto, (max-width: 699px) 100vw, 699px\" \/><figcaption id=\"caption-attachment-130765\" class=\"wp-caption-text\">Una ampolleta LED de 12 watts ilumina m\u00e1s o menos lo mismo que una antigua de 100 watts.<\/figcaption><\/figure>\n","protected":false},"excerpt":{"rendered":"<p>Ante \u2018traum\u00e1tica\u2019 alza de la electricidad: A prop\u00f3sito de la ins\u00f3lita alza que experimentar\u00e1n las cuentas de energ\u00eda el\u00e9ctrica, conversamos con un comerciante del rubro el\u00e9ctrico en San Felipe, con la sola idea de tener informaci\u00f3n de c\u00f3mo poder ahorrar y eso que se note a fin de mes en el recibo de la electricidad. [&hellip;]<\/p>\n","protected":false},"author":1,"featured_media":130766,"comment_status":"open","ping_status":"closed","sticky":false,"template":"","format":"standard","meta":{"footnotes":""},"categories":[4],"tags":[],"class_list":{"0":"post-130764","1":"post","2":"type-post","3":"status-publish","4":"format-standard","5":"has-post-thumbnail","7":"category-comunidad"},"yoast_head":"<!-- This site is optimized with the Yoast SEO plugin v27.4 - https:\/\/yoast.com\/product\/yoast-seo-wordpress\/ -->\n<title>Iluminaci\u00f3n LED: la mejor manera de reducir el consumo de energ\u00eda - Diario El Trabajo<\/title>\n<meta name=\"robots\" content=\"index, follow, max-snippet:-1, max-image-preview:large, max-video-preview:-1\" \/>\n<link rel=\"canonical\" href=\"https:\/\/eltrabajo.cl\/web\/iluminacion-led-la-mejor-manera-de-reducir-el-consumo-de-energia\/\" \/>\n<meta property=\"og:locale\" content=\"es_ES\" \/>\n<meta property=\"og:type\" content=\"article\" \/>\n<meta property=\"og:title\" content=\"Iluminaci\u00f3n LED: la mejor manera de reducir el consumo de energ\u00eda - Diario El Trabajo\" \/>\n<meta property=\"og:description\" content=\"Ante \u2018traum\u00e1tica\u2019 alza de la electricidad: A prop\u00f3sito de la ins\u00f3lita alza que experimentar\u00e1n las cuentas de energ\u00eda el\u00e9ctrica, conversamos con un comerciante del rubro el\u00e9ctrico en San Felipe, con la sola idea de tener informaci\u00f3n de c\u00f3mo poder ahorrar y eso que se note a fin de mes en el recibo de la electricidad. [&hellip;]\" \/>\n<meta property=\"og:url\" content=\"https:\/\/eltrabajo.cl\/web\/iluminacion-led-la-mejor-manera-de-reducir-el-consumo-de-energia\/\" \/>\n<meta property=\"og:site_name\" content=\"Diario El Trabajo\" \/>\n<meta property=\"article:publisher\" content=\"https:\/\/www.facebook.com\/ElTrabajoDiario\" \/>\n<meta property=\"article:published_time\" content=\"2024-07-09T01:35:21+00:00\" \/>\n<meta property=\"og:image\" content=\"https:\/\/eltrabajo.cl\/web\/wp-content\/uploads\/2024\/07\/Cristian-Aranda-de-Casa-Volta.jpg\" \/>\n\t<meta property=\"og:image:width\" content=\"698\" \/>\n\t<meta property=\"og:image:height\" content=\"484\" \/>\n\t<meta property=\"og:image:type\" content=\"image\/jpeg\" \/>\n<meta name=\"author\" content=\"Diario El Trabajo\" \/>\n<meta name=\"twitter:card\" content=\"summary_large_image\" \/>\n<meta name=\"twitter:creator\" content=\"@diarioeltrabajo\" \/>\n<meta name=\"twitter:site\" content=\"@diarioeltrabajo\" \/>\n<meta name=\"twitter:label1\" content=\"Escrito por\" \/>\n\t<meta name=\"twitter:data1\" content=\"Diario El Trabajo\" \/>\n\t<meta name=\"twitter:label2\" content=\"Tiempo estimado de lectura\" \/>\n\t<meta name=\"twitter:data2\" content=\"4 minutos\" \/>\n<script type=\"application\/ld+json\" class=\"yoast-schema-graph\">{\"@context\":\"https:\\\/\\\/schema.org\",\"@graph\":[{\"@type\":\"Article\",\"@id\":\"https:\\\/\\\/eltrabajo.cl\\\/web\\\/iluminacion-led-la-mejor-manera-de-reducir-el-consumo-de-energia\\\/#article\",\"isPartOf\":{\"@id\":\"https:\\\/\\\/eltrabajo.cl\\\/web\\\/iluminacion-led-la-mejor-manera-de-reducir-el-consumo-de-energia\\\/\"},\"author\":{\"name\":\"Diario El Trabajo\",\"@id\":\"https:\\\/\\\/eltrabajo.cl\\\/web\\\/#\\\/schema\\\/person\\\/45efd3d17f86ec456e44dd7debe1bf19\"},\"headline\":\"Iluminaci\u00f3n LED: la mejor manera de reducir el consumo de energ\u00eda\",\"datePublished\":\"2024-07-09T01:35:21+00:00\",\"mainEntityOfPage\":{\"@id\":\"https:\\\/\\\/eltrabajo.cl\\\/web\\\/iluminacion-led-la-mejor-manera-de-reducir-el-consumo-de-energia\\\/\"},\"wordCount\":641,\"commentCount\":0,\"publisher\":{\"@id\":\"https:\\\/\\\/eltrabajo.cl\\\/web\\\/#organization\"},\"image\":{\"@id\":\"https:\\\/\\\/eltrabajo.cl\\\/web\\\/iluminacion-led-la-mejor-manera-de-reducir-el-consumo-de-energia\\\/#primaryimage\"},\"thumbnailUrl\":\"https:\\\/\\\/eltrabajo.cl\\\/web\\\/wp-content\\\/uploads\\\/2024\\\/07\\\/Cristian-Aranda-de-Casa-Volta.jpg\",\"articleSection\":[\"Comunidad\"],\"inLanguage\":\"es-CL\",\"potentialAction\":[{\"@type\":\"CommentAction\",\"name\":\"Comment\",\"target\":[\"https:\\\/\\\/eltrabajo.cl\\\/web\\\/iluminacion-led-la-mejor-manera-de-reducir-el-consumo-de-energia\\\/#respond\"]}]},{\"@type\":\"WebPage\",\"@id\":\"https:\\\/\\\/eltrabajo.cl\\\/web\\\/iluminacion-led-la-mejor-manera-de-reducir-el-consumo-de-energia\\\/\",\"url\":\"https:\\\/\\\/eltrabajo.cl\\\/web\\\/iluminacion-led-la-mejor-manera-de-reducir-el-consumo-de-energia\\\/\",\"name\":\"Iluminaci\u00f3n LED: la mejor manera de reducir el consumo de energ\u00eda - Diario El Trabajo\",\"isPartOf\":{\"@id\":\"https:\\\/\\\/eltrabajo.cl\\\/web\\\/#website\"},\"primaryImageOfPage\":{\"@id\":\"https:\\\/\\\/eltrabajo.cl\\\/web\\\/iluminacion-led-la-mejor-manera-de-reducir-el-consumo-de-energia\\\/#primaryimage\"},\"image\":{\"@id\":\"https:\\\/\\\/eltrabajo.cl\\\/web\\\/iluminacion-led-la-mejor-manera-de-reducir-el-consumo-de-energia\\\/#primaryimage\"},\"thumbnailUrl\":\"https:\\\/\\\/eltrabajo.cl\\\/web\\\/wp-content\\\/uploads\\\/2024\\\/07\\\/Cristian-Aranda-de-Casa-Volta.jpg\",\"datePublished\":\"2024-07-09T01:35:21+00:00\",\"breadcrumb\":{\"@id\":\"https:\\\/\\\/eltrabajo.cl\\\/web\\\/iluminacion-led-la-mejor-manera-de-reducir-el-consumo-de-energia\\\/#breadcrumb\"},\"inLanguage\":\"es-CL\",\"potentialAction\":[{\"@type\":\"ReadAction\",\"target\":[\"https:\\\/\\\/eltrabajo.cl\\\/web\\\/iluminacion-led-la-mejor-manera-de-reducir-el-consumo-de-energia\\\/\"]}]},{\"@type\":\"ImageObject\",\"inLanguage\":\"es-CL\",\"@id\":\"https:\\\/\\\/eltrabajo.cl\\\/web\\\/iluminacion-led-la-mejor-manera-de-reducir-el-consumo-de-energia\\\/#primaryimage\",\"url\":\"https:\\\/\\\/eltrabajo.cl\\\/web\\\/wp-content\\\/uploads\\\/2024\\\/07\\\/Cristian-Aranda-de-Casa-Volta.jpg\",\"contentUrl\":\"https:\\\/\\\/eltrabajo.cl\\\/web\\\/wp-content\\\/uploads\\\/2024\\\/07\\\/Cristian-Aranda-de-Casa-Volta.jpg\",\"width\":698,\"height\":484,\"caption\":\"Cristian Aranda, de Casa Volta, ubicada en Avenida Chacabuco 1012 San Felipe.\"},{\"@type\":\"BreadcrumbList\",\"@id\":\"https:\\\/\\\/eltrabajo.cl\\\/web\\\/iluminacion-led-la-mejor-manera-de-reducir-el-consumo-de-energia\\\/#breadcrumb\",\"itemListElement\":[{\"@type\":\"ListItem\",\"position\":1,\"name\":\"Portada\",\"item\":\"https:\\\/\\\/eltrabajo.cl\\\/web\\\/\"},{\"@type\":\"ListItem\",\"position\":2,\"name\":\"Iluminaci\u00f3n LED: la mejor manera de reducir el consumo de energ\u00eda\"}]},{\"@type\":\"WebSite\",\"@id\":\"https:\\\/\\\/eltrabajo.cl\\\/web\\\/#website\",\"url\":\"https:\\\/\\\/eltrabajo.cl\\\/web\\\/\",\"name\":\"Diario El Trabajo\",\"description\":\"Desde 1929 construyendo Identidad Local\",\"publisher\":{\"@id\":\"https:\\\/\\\/eltrabajo.cl\\\/web\\\/#organization\"},\"potentialAction\":[{\"@type\":\"SearchAction\",\"target\":{\"@type\":\"EntryPoint\",\"urlTemplate\":\"https:\\\/\\\/eltrabajo.cl\\\/web\\\/?s={search_term_string}\"},\"query-input\":{\"@type\":\"PropertyValueSpecification\",\"valueRequired\":true,\"valueName\":\"search_term_string\"}}],\"inLanguage\":\"es-CL\"},{\"@type\":\"Organization\",\"@id\":\"https:\\\/\\\/eltrabajo.cl\\\/web\\\/#organization\",\"name\":\"Diario El Trabajo\",\"url\":\"https:\\\/\\\/eltrabajo.cl\\\/web\\\/\",\"logo\":{\"@type\":\"ImageObject\",\"inLanguage\":\"es-CL\",\"@id\":\"https:\\\/\\\/eltrabajo.cl\\\/web\\\/#\\\/schema\\\/logo\\\/image\\\/\",\"url\":\"https:\\\/\\\/eltrabajo.cl\\\/web\\\/wp-content\\\/uploads\\\/2024\\\/06\\\/profile-image-ig-page-diarioeltrabajo.jpg\",\"contentUrl\":\"https:\\\/\\\/eltrabajo.cl\\\/web\\\/wp-content\\\/uploads\\\/2024\\\/06\\\/profile-image-ig-page-diarioeltrabajo.jpg\",\"width\":823,\"height\":823,\"caption\":\"Diario El Trabajo\"},\"image\":{\"@id\":\"https:\\\/\\\/eltrabajo.cl\\\/web\\\/#\\\/schema\\\/logo\\\/image\\\/\"},\"sameAs\":[\"https:\\\/\\\/www.facebook.com\\\/ElTrabajoDiario\",\"https:\\\/\\\/x.com\\\/diarioeltrabajo\"]},{\"@type\":\"Person\",\"@id\":\"https:\\\/\\\/eltrabajo.cl\\\/web\\\/#\\\/schema\\\/person\\\/45efd3d17f86ec456e44dd7debe1bf19\",\"name\":\"Diario El Trabajo\",\"image\":{\"@type\":\"ImageObject\",\"inLanguage\":\"es-CL\",\"@id\":\"https:\\\/\\\/secure.gravatar.com\\\/avatar\\\/7e6ec277dc4aea2677c2dc301d4227957219329c985ab69a3efc12518b5161aa?s=96&d=mm&r=g\",\"url\":\"https:\\\/\\\/secure.gravatar.com\\\/avatar\\\/7e6ec277dc4aea2677c2dc301d4227957219329c985ab69a3efc12518b5161aa?s=96&d=mm&r=g\",\"contentUrl\":\"https:\\\/\\\/secure.gravatar.com\\\/avatar\\\/7e6ec277dc4aea2677c2dc301d4227957219329c985ab69a3efc12518b5161aa?s=96&d=mm&r=g\",\"caption\":\"Diario El Trabajo\"},\"sameAs\":[\"https:\\\/\\\/eltrabajo.cl\\\/web\"],\"url\":\"https:\\\/\\\/eltrabajo.cl\\\/web\\\/author\\\/diario-el-trabajo\\\/\"}]}<\/script>\n<!-- \/ Yoast SEO plugin. -->","yoast_head_json":{"title":"Iluminaci\u00f3n LED: la mejor manera de reducir el consumo de energ\u00eda - Diario El Trabajo","robots":{"index":"index","follow":"follow","max-snippet":"max-snippet:-1","max-image-preview":"max-image-preview:large","max-video-preview":"max-video-preview:-1"},"canonical":"https:\/\/eltrabajo.cl\/web\/iluminacion-led-la-mejor-manera-de-reducir-el-consumo-de-energia\/","og_locale":"es_ES","og_type":"article","og_title":"Iluminaci\u00f3n LED: la mejor manera de reducir el consumo de energ\u00eda - Diario El Trabajo","og_description":"Ante \u2018traum\u00e1tica\u2019 alza de la electricidad: A prop\u00f3sito de la ins\u00f3lita alza que experimentar\u00e1n las cuentas de energ\u00eda el\u00e9ctrica, conversamos con un comerciante del rubro el\u00e9ctrico en San Felipe, con la sola idea de tener informaci\u00f3n de c\u00f3mo poder ahorrar y eso que se note a fin de mes en el recibo de la electricidad. [&hellip;]","og_url":"https:\/\/eltrabajo.cl\/web\/iluminacion-led-la-mejor-manera-de-reducir-el-consumo-de-energia\/","og_site_name":"Diario El Trabajo","article_publisher":"https:\/\/www.facebook.com\/ElTrabajoDiario","article_published_time":"2024-07-09T01:35:21+00:00","og_image":[{"width":698,"height":484,"url":"https:\/\/eltrabajo.cl\/web\/wp-content\/uploads\/2024\/07\/Cristian-Aranda-de-Casa-Volta.jpg","type":"image\/jpeg"}],"author":"Diario El Trabajo","twitter_card":"summary_large_image","twitter_creator":"@diarioeltrabajo","twitter_site":"@diarioeltrabajo","twitter_misc":{"Escrito por":"Diario El Trabajo","Tiempo estimado de lectura":"4 minutos"},"schema":{"@context":"https:\/\/schema.org","@graph":[{"@type":"Article","@id":"https:\/\/eltrabajo.cl\/web\/iluminacion-led-la-mejor-manera-de-reducir-el-consumo-de-energia\/#article","isPartOf":{"@id":"https:\/\/eltrabajo.cl\/web\/iluminacion-led-la-mejor-manera-de-reducir-el-consumo-de-energia\/"},"author":{"name":"Diario El Trabajo","@id":"https:\/\/eltrabajo.cl\/web\/#\/schema\/person\/45efd3d17f86ec456e44dd7debe1bf19"},"headline":"Iluminaci\u00f3n LED: la mejor manera de reducir el consumo de energ\u00eda","datePublished":"2024-07-09T01:35:21+00:00","mainEntityOfPage":{"@id":"https:\/\/eltrabajo.cl\/web\/iluminacion-led-la-mejor-manera-de-reducir-el-consumo-de-energia\/"},"wordCount":641,"commentCount":0,"publisher":{"@id":"https:\/\/eltrabajo.cl\/web\/#organization"},"image":{"@id":"https:\/\/eltrabajo.cl\/web\/iluminacion-led-la-mejor-manera-de-reducir-el-consumo-de-energia\/#primaryimage"},"thumbnailUrl":"https:\/\/eltrabajo.cl\/web\/wp-content\/uploads\/2024\/07\/Cristian-Aranda-de-Casa-Volta.jpg","articleSection":["Comunidad"],"inLanguage":"es-CL","potentialAction":[{"@type":"CommentAction","name":"Comment","target":["https:\/\/eltrabajo.cl\/web\/iluminacion-led-la-mejor-manera-de-reducir-el-consumo-de-energia\/#respond"]}]},{"@type":"WebPage","@id":"https:\/\/eltrabajo.cl\/web\/iluminacion-led-la-mejor-manera-de-reducir-el-consumo-de-energia\/","url":"https:\/\/eltrabajo.cl\/web\/iluminacion-led-la-mejor-manera-de-reducir-el-consumo-de-energia\/","name":"Iluminaci\u00f3n LED: la mejor manera de reducir el consumo de energ\u00eda - Diario El Trabajo","isPartOf":{"@id":"https:\/\/eltrabajo.cl\/web\/#website"},"primaryImageOfPage":{"@id":"https:\/\/eltrabajo.cl\/web\/iluminacion-led-la-mejor-manera-de-reducir-el-consumo-de-energia\/#primaryimage"},"image":{"@id":"https:\/\/eltrabajo.cl\/web\/iluminacion-led-la-mejor-manera-de-reducir-el-consumo-de-energia\/#primaryimage"},"thumbnailUrl":"https:\/\/eltrabajo.cl\/web\/wp-content\/uploads\/2024\/07\/Cristian-Aranda-de-Casa-Volta.jpg","datePublished":"2024-07-09T01:35:21+00:00","breadcrumb":{"@id":"https:\/\/eltrabajo.cl\/web\/iluminacion-led-la-mejor-manera-de-reducir-el-consumo-de-energia\/#breadcrumb"},"inLanguage":"es-CL","potentialAction":[{"@type":"ReadAction","target":["https:\/\/eltrabajo.cl\/web\/iluminacion-led-la-mejor-manera-de-reducir-el-consumo-de-energia\/"]}]},{"@type":"ImageObject","inLanguage":"es-CL","@id":"https:\/\/eltrabajo.cl\/web\/iluminacion-led-la-mejor-manera-de-reducir-el-consumo-de-energia\/#primaryimage","url":"https:\/\/eltrabajo.cl\/web\/wp-content\/uploads\/2024\/07\/Cristian-Aranda-de-Casa-Volta.jpg","contentUrl":"https:\/\/eltrabajo.cl\/web\/wp-content\/uploads\/2024\/07\/Cristian-Aranda-de-Casa-Volta.jpg","width":698,"height":484,"caption":"Cristian Aranda, de Casa Volta, ubicada en Avenida Chacabuco 1012 San Felipe."},{"@type":"BreadcrumbList","@id":"https:\/\/eltrabajo.cl\/web\/iluminacion-led-la-mejor-manera-de-reducir-el-consumo-de-energia\/#breadcrumb","itemListElement":[{"@type":"ListItem","position":1,"name":"Portada","item":"https:\/\/eltrabajo.cl\/web\/"},{"@type":"ListItem","position":2,"name":"Iluminaci\u00f3n LED: la mejor manera de reducir el consumo de energ\u00eda"}]},{"@type":"WebSite","@id":"https:\/\/eltrabajo.cl\/web\/#website","url":"https:\/\/eltrabajo.cl\/web\/","name":"Diario El Trabajo","description":"Desde 1929 construyendo Identidad Local","publisher":{"@id":"https:\/\/eltrabajo.cl\/web\/#organization"},"potentialAction":[{"@type":"SearchAction","target":{"@type":"EntryPoint","urlTemplate":"https:\/\/eltrabajo.cl\/web\/?s={search_term_string}"},"query-input":{"@type":"PropertyValueSpecification","valueRequired":true,"valueName":"search_term_string"}}],"inLanguage":"es-CL"},{"@type":"Organization","@id":"https:\/\/eltrabajo.cl\/web\/#organization","name":"Diario El Trabajo","url":"https:\/\/eltrabajo.cl\/web\/","logo":{"@type":"ImageObject","inLanguage":"es-CL","@id":"https:\/\/eltrabajo.cl\/web\/#\/schema\/logo\/image\/","url":"https:\/\/eltrabajo.cl\/web\/wp-content\/uploads\/2024\/06\/profile-image-ig-page-diarioeltrabajo.jpg","contentUrl":"https:\/\/eltrabajo.cl\/web\/wp-content\/uploads\/2024\/06\/profile-image-ig-page-diarioeltrabajo.jpg","width":823,"height":823,"caption":"Diario El Trabajo"},"image":{"@id":"https:\/\/eltrabajo.cl\/web\/#\/schema\/logo\/image\/"},"sameAs":["https:\/\/www.facebook.com\/ElTrabajoDiario","https:\/\/x.com\/diarioeltrabajo"]},{"@type":"Person","@id":"https:\/\/eltrabajo.cl\/web\/#\/schema\/person\/45efd3d17f86ec456e44dd7debe1bf19","name":"Diario El Trabajo","image":{"@type":"ImageObject","inLanguage":"es-CL","@id":"https:\/\/secure.gravatar.com\/avatar\/7e6ec277dc4aea2677c2dc301d4227957219329c985ab69a3efc12518b5161aa?s=96&d=mm&r=g","url":"https:\/\/secure.gravatar.com\/avatar\/7e6ec277dc4aea2677c2dc301d4227957219329c985ab69a3efc12518b5161aa?s=96&d=mm&r=g","contentUrl":"https:\/\/secure.gravatar.com\/avatar\/7e6ec277dc4aea2677c2dc301d4227957219329c985ab69a3efc12518b5161aa?s=96&d=mm&r=g","caption":"Diario El Trabajo"},"sameAs":["https:\/\/eltrabajo.cl\/web"],"url":"https:\/\/eltrabajo.cl\/web\/author\/diario-el-trabajo\/"}]}},"_links":{"self":[{"href":"https:\/\/eltrabajo.cl\/web\/wp-json\/wp\/v2\/posts\/130764","targetHints":{"allow":["GET"]}}],"collection":[{"href":"https:\/\/eltrabajo.cl\/web\/wp-json\/wp\/v2\/posts"}],"about":[{"href":"https:\/\/eltrabajo.cl\/web\/wp-json\/wp\/v2\/types\/post"}],"author":[{"embeddable":true,"href":"https:\/\/eltrabajo.cl\/web\/wp-json\/wp\/v2\/users\/1"}],"replies":[{"embeddable":true,"href":"https:\/\/eltrabajo.cl\/web\/wp-json\/wp\/v2\/comments?post=130764"}],"version-history":[{"count":0,"href":"https:\/\/eltrabajo.cl\/web\/wp-json\/wp\/v2\/posts\/130764\/revisions"}],"wp:featuredmedia":[{"embeddable":true,"href":"https:\/\/eltrabajo.cl\/web\/wp-json\/wp\/v2\/media\/130766"}],"wp:attachment":[{"href":"https:\/\/eltrabajo.cl\/web\/wp-json\/wp\/v2\/media?parent=130764"}],"wp:term":[{"taxonomy":"category","embeddable":true,"href":"https:\/\/eltrabajo.cl\/web\/wp-json\/wp\/v2\/categories?post=130764"},{"taxonomy":"post_tag","embeddable":true,"href":"https:\/\/eltrabajo.cl\/web\/wp-json\/wp\/v2\/tags?post=130764"}],"curies":[{"name":"wp","href":"https:\/\/api.w.org\/{rel}","templated":true}]}}