{"id":130772,"date":"2024-07-08T22:40:22","date_gmt":"2024-07-09T01:40:22","guid":{"rendered":"https:\/\/eltrabajo.cl\/web\/?p=130772"},"modified":"2024-07-08T22:19:05","modified_gmt":"2024-07-09T01:19:05","slug":"millonario-robo-afecto-al-jardin-infantil-ubicado-en-la-villa-las-acacias","status":"publish","type":"post","link":"https:\/\/eltrabajo.cl\/web\/millonario-robo-afecto-al-jardin-infantil-ubicado-en-la-villa-las-acacias\/","title":{"rendered":"Millonario robo afect\u00f3 al jard\u00edn infantil ubicado en la villa Las Acacias"},"content":{"rendered":"<figure id=\"attachment_130773\" aria-describedby=\"caption-attachment-130773\" style=\"width: 700px\" class=\"wp-caption alignnone\"><img loading=\"lazy\" decoding=\"async\" class=\"size-full wp-image-130773\" src=\"https:\/\/eltrabajo.cl\/web\/wp-content\/uploads\/2024\/07\/robo-jardin.jpg\" alt=\"Millonario robo sufri\u00f3 el jard\u00edn infantil de la villa Las Acacias. \" width=\"700\" height=\"525\" srcset=\"https:\/\/eltrabajo.cl\/web\/wp-content\/uploads\/2024\/07\/robo-jardin.jpg 700w, https:\/\/eltrabajo.cl\/web\/wp-content\/uploads\/2024\/07\/robo-jardin-300x225.jpg 300w, https:\/\/eltrabajo.cl\/web\/wp-content\/uploads\/2024\/07\/robo-jardin-560x420.jpg 560w, https:\/\/eltrabajo.cl\/web\/wp-content\/uploads\/2024\/07\/robo-jardin-80x60.jpg 80w, https:\/\/eltrabajo.cl\/web\/wp-content\/uploads\/2024\/07\/robo-jardin-150x113.jpg 150w, https:\/\/eltrabajo.cl\/web\/wp-content\/uploads\/2024\/07\/robo-jardin-696x522.jpg 696w, https:\/\/eltrabajo.cl\/web\/wp-content\/uploads\/2024\/07\/robo-jardin-265x198.jpg 265w\" sizes=\"auto, (max-width: 700px) 100vw, 700px\" \/><figcaption id=\"caption-attachment-130773\" class=\"wp-caption-text\">Millonario robo sufri\u00f3 el jard\u00edn infantil de la villa Las Acacias.<\/figcaption><\/figure>\n<ul>\n<li><strong>Delincuentes \u2018desvalijaron\u2019 el recinto, obligando a cerrar sus puertas, al menos, por un par de d\u00edas.-<\/strong><\/li>\n<\/ul>\n<p>Un lamentable robo qued\u00f3 al descubierto durante la ma\u00f1ana de este lunes, cuando las trabajadoras del jard\u00edn infantil <strong>\u2018Creciendo en Las Acacias\u2019<\/strong>, llegaron para dar inicio al segundo semestre. Tras abrir la puerta principal, se percataron que hab\u00edan sido v\u00edctimas de un robo luego de encontrar ventanas y puertas rotas.<\/p>\n<p>En as\u00ed que comenzaron una revisi\u00f3n del lugar y se pudo establecer que los delincuentes robaron implementos desde la cocina, adem\u00e1s se llevaron el DVR donde queda registro de las c\u00e1maras de seguridad, forzaron una ventana para poder ingresar y generaron diversos da\u00f1os al interior de este mismo.<\/p>\n<p>La directora regional de la Junji, <strong>Elizabeth Alarc\u00f3n<\/strong>, indic\u00f3 que <em>\u00ablamentamos profundamente el robo que ha sufrido el jard\u00edn infantil Creciendo en Las Acacias de la comuna de San Felipe, porque esto va en desmedro absoluto de la atenci\u00f3n de nuestros ni\u00f1os y ni\u00f1as\u00bb. <\/em><\/p>\n<p>En este contexto, Alarc\u00f3n agreg\u00f3 que <em>\u00ablamentamos tener que informar que nuestra unidad educativa no va a poder atender por unos d\u00edas, ya que estamos haciendo todos los esfuerzos para recuperar el material de ense\u00f1anza que fue robado, y el da\u00f1o grave a la infraestructura que hemos sufrido\u00bb. <\/em><\/p>\n<p>Asimismo, la directora regional de la Junji indic\u00f3 que <em>\u00abqueremos pedirle a la comunidad educativa y la comunidad en general, que nos ayuden a resguardar nuestras unidades educativas porque van en directo beneficio de la comunidad educativa de ni\u00f1os y ni\u00f1as que atendemos en la unidad de San Felipe\u00bb. <\/em><\/p>\n<p>Los malvivientes se robaron hasta la cocina por lo que no se puede brindar el servicio de alimentaci\u00f3n a los m\u00e1s de 90 ni\u00f1os y ni\u00f1as que recibe el jard\u00edn infantil.<\/p>\n<p>Al lugar lleg\u00f3 personal de Carabineros, quienes acogieron la denuncia por este condenable y millonario robo que afect\u00f3 al recinto, avaluado en m\u00e1s de 6 millones de pesos.<\/p>\n<p>&nbsp;<\/p>\n","protected":false},"excerpt":{"rendered":"<p>Delincuentes \u2018desvalijaron\u2019 el recinto, obligando a cerrar sus puertas, al menos, por un par de d\u00edas.- Un lamentable robo qued\u00f3 al descubierto durante la ma\u00f1ana de este lunes, cuando las trabajadoras del jard\u00edn infantil \u2018Creciendo en Las Acacias\u2019, llegaron para dar inicio al segundo semestre. Tras abrir la puerta principal, se percataron que hab\u00edan sido [&hellip;]<\/p>\n","protected":false},"author":1,"featured_media":130773,"comment_status":"open","ping_status":"closed","sticky":false,"template":"","format":"standard","meta":{"footnotes":""},"categories":[5],"tags":[],"class_list":{"0":"post-130772","1":"post","2":"type-post","3":"status-publish","4":"format-standard","5":"has-post-thumbnail","7":"category-policial"},"yoast_head":"<!-- This site is optimized with the Yoast SEO plugin v27.4 - https:\/\/yoast.com\/product\/yoast-seo-wordpress\/ -->\n<title>Millonario robo afect\u00f3 al jard\u00edn infantil ubicado en la villa Las Acacias - Diario El Trabajo<\/title>\n<meta name=\"robots\" content=\"index, follow, max-snippet:-1, max-image-preview:large, max-video-preview:-1\" \/>\n<link rel=\"canonical\" href=\"https:\/\/eltrabajo.cl\/web\/millonario-robo-afecto-al-jardin-infantil-ubicado-en-la-villa-las-acacias\/\" \/>\n<meta property=\"og:locale\" content=\"es_ES\" \/>\n<meta property=\"og:type\" content=\"article\" \/>\n<meta property=\"og:title\" content=\"Millonario robo afect\u00f3 al jard\u00edn infantil ubicado en la villa Las Acacias - Diario El Trabajo\" \/>\n<meta property=\"og:description\" content=\"Delincuentes \u2018desvalijaron\u2019 el recinto, obligando a cerrar sus puertas, al menos, por un par de d\u00edas.- Un lamentable robo qued\u00f3 al descubierto durante la ma\u00f1ana de este lunes, cuando las trabajadoras del jard\u00edn infantil \u2018Creciendo en Las Acacias\u2019, llegaron para dar inicio al segundo semestre. Tras abrir la puerta principal, se percataron que hab\u00edan sido [&hellip;]\" \/>\n<meta property=\"og:url\" content=\"https:\/\/eltrabajo.cl\/web\/millonario-robo-afecto-al-jardin-infantil-ubicado-en-la-villa-las-acacias\/\" \/>\n<meta property=\"og:site_name\" content=\"Diario El Trabajo\" \/>\n<meta property=\"article:publisher\" content=\"https:\/\/www.facebook.com\/ElTrabajoDiario\" \/>\n<meta property=\"article:published_time\" content=\"2024-07-09T01:40:22+00:00\" \/>\n<meta property=\"og:image\" content=\"https:\/\/eltrabajo.cl\/web\/wp-content\/uploads\/2024\/07\/robo-jardin.jpg\" \/>\n\t<meta property=\"og:image:width\" content=\"700\" \/>\n\t<meta property=\"og:image:height\" content=\"525\" \/>\n\t<meta property=\"og:image:type\" content=\"image\/jpeg\" \/>\n<meta name=\"author\" content=\"Diario El Trabajo\" \/>\n<meta name=\"twitter:card\" content=\"summary_large_image\" \/>\n<meta name=\"twitter:creator\" content=\"@diarioeltrabajo\" \/>\n<meta name=\"twitter:site\" content=\"@diarioeltrabajo\" \/>\n<meta name=\"twitter:label1\" content=\"Escrito por\" \/>\n\t<meta name=\"twitter:data1\" content=\"Diario El Trabajo\" \/>\n\t<meta name=\"twitter:label2\" content=\"Tiempo estimado de lectura\" \/>\n\t<meta name=\"twitter:data2\" content=\"2 minutos\" \/>\n<script type=\"application\/ld+json\" class=\"yoast-schema-graph\">{\"@context\":\"https:\\\/\\\/schema.org\",\"@graph\":[{\"@type\":\"Article\",\"@id\":\"https:\\\/\\\/eltrabajo.cl\\\/web\\\/millonario-robo-afecto-al-jardin-infantil-ubicado-en-la-villa-las-acacias\\\/#article\",\"isPartOf\":{\"@id\":\"https:\\\/\\\/eltrabajo.cl\\\/web\\\/millonario-robo-afecto-al-jardin-infantil-ubicado-en-la-villa-las-acacias\\\/\"},\"author\":{\"name\":\"Diario El Trabajo\",\"@id\":\"https:\\\/\\\/eltrabajo.cl\\\/web\\\/#\\\/schema\\\/person\\\/45efd3d17f86ec456e44dd7debe1bf19\"},\"headline\":\"Millonario robo afect\u00f3 al jard\u00edn infantil ubicado en la villa Las Acacias\",\"datePublished\":\"2024-07-09T01:40:22+00:00\",\"mainEntityOfPage\":{\"@id\":\"https:\\\/\\\/eltrabajo.cl\\\/web\\\/millonario-robo-afecto-al-jardin-infantil-ubicado-en-la-villa-las-acacias\\\/\"},\"wordCount\":372,\"commentCount\":0,\"publisher\":{\"@id\":\"https:\\\/\\\/eltrabajo.cl\\\/web\\\/#organization\"},\"image\":{\"@id\":\"https:\\\/\\\/eltrabajo.cl\\\/web\\\/millonario-robo-afecto-al-jardin-infantil-ubicado-en-la-villa-las-acacias\\\/#primaryimage\"},\"thumbnailUrl\":\"https:\\\/\\\/eltrabajo.cl\\\/web\\\/wp-content\\\/uploads\\\/2024\\\/07\\\/robo-jardin.jpg\",\"articleSection\":[\"Policial\"],\"inLanguage\":\"es-CL\",\"potentialAction\":[{\"@type\":\"CommentAction\",\"name\":\"Comment\",\"target\":[\"https:\\\/\\\/eltrabajo.cl\\\/web\\\/millonario-robo-afecto-al-jardin-infantil-ubicado-en-la-villa-las-acacias\\\/#respond\"]}]},{\"@type\":\"WebPage\",\"@id\":\"https:\\\/\\\/eltrabajo.cl\\\/web\\\/millonario-robo-afecto-al-jardin-infantil-ubicado-en-la-villa-las-acacias\\\/\",\"url\":\"https:\\\/\\\/eltrabajo.cl\\\/web\\\/millonario-robo-afecto-al-jardin-infantil-ubicado-en-la-villa-las-acacias\\\/\",\"name\":\"Millonario robo afect\u00f3 al jard\u00edn infantil ubicado en la villa Las Acacias - Diario El Trabajo\",\"isPartOf\":{\"@id\":\"https:\\\/\\\/eltrabajo.cl\\\/web\\\/#website\"},\"primaryImageOfPage\":{\"@id\":\"https:\\\/\\\/eltrabajo.cl\\\/web\\\/millonario-robo-afecto-al-jardin-infantil-ubicado-en-la-villa-las-acacias\\\/#primaryimage\"},\"image\":{\"@id\":\"https:\\\/\\\/eltrabajo.cl\\\/web\\\/millonario-robo-afecto-al-jardin-infantil-ubicado-en-la-villa-las-acacias\\\/#primaryimage\"},\"thumbnailUrl\":\"https:\\\/\\\/eltrabajo.cl\\\/web\\\/wp-content\\\/uploads\\\/2024\\\/07\\\/robo-jardin.jpg\",\"datePublished\":\"2024-07-09T01:40:22+00:00\",\"breadcrumb\":{\"@id\":\"https:\\\/\\\/eltrabajo.cl\\\/web\\\/millonario-robo-afecto-al-jardin-infantil-ubicado-en-la-villa-las-acacias\\\/#breadcrumb\"},\"inLanguage\":\"es-CL\",\"potentialAction\":[{\"@type\":\"ReadAction\",\"target\":[\"https:\\\/\\\/eltrabajo.cl\\\/web\\\/millonario-robo-afecto-al-jardin-infantil-ubicado-en-la-villa-las-acacias\\\/\"]}]},{\"@type\":\"ImageObject\",\"inLanguage\":\"es-CL\",\"@id\":\"https:\\\/\\\/eltrabajo.cl\\\/web\\\/millonario-robo-afecto-al-jardin-infantil-ubicado-en-la-villa-las-acacias\\\/#primaryimage\",\"url\":\"https:\\\/\\\/eltrabajo.cl\\\/web\\\/wp-content\\\/uploads\\\/2024\\\/07\\\/robo-jardin.jpg\",\"contentUrl\":\"https:\\\/\\\/eltrabajo.cl\\\/web\\\/wp-content\\\/uploads\\\/2024\\\/07\\\/robo-jardin.jpg\",\"width\":700,\"height\":525,\"caption\":\"Millonario robo sufri\u00f3 el jard\u00edn infantil de la villa Las Acacias.\"},{\"@type\":\"BreadcrumbList\",\"@id\":\"https:\\\/\\\/eltrabajo.cl\\\/web\\\/millonario-robo-afecto-al-jardin-infantil-ubicado-en-la-villa-las-acacias\\\/#breadcrumb\",\"itemListElement\":[{\"@type\":\"ListItem\",\"position\":1,\"name\":\"Portada\",\"item\":\"https:\\\/\\\/eltrabajo.cl\\\/web\\\/\"},{\"@type\":\"ListItem\",\"position\":2,\"name\":\"Millonario robo afect\u00f3 al jard\u00edn infantil ubicado en la villa Las Acacias\"}]},{\"@type\":\"WebSite\",\"@id\":\"https:\\\/\\\/eltrabajo.cl\\\/web\\\/#website\",\"url\":\"https:\\\/\\\/eltrabajo.cl\\\/web\\\/\",\"name\":\"Diario El Trabajo\",\"description\":\"Desde 1929 construyendo Identidad Local\",\"publisher\":{\"@id\":\"https:\\\/\\\/eltrabajo.cl\\\/web\\\/#organization\"},\"potentialAction\":[{\"@type\":\"SearchAction\",\"target\":{\"@type\":\"EntryPoint\",\"urlTemplate\":\"https:\\\/\\\/eltrabajo.cl\\\/web\\\/?s={search_term_string}\"},\"query-input\":{\"@type\":\"PropertyValueSpecification\",\"valueRequired\":true,\"valueName\":\"search_term_string\"}}],\"inLanguage\":\"es-CL\"},{\"@type\":\"Organization\",\"@id\":\"https:\\\/\\\/eltrabajo.cl\\\/web\\\/#organization\",\"name\":\"Diario El Trabajo\",\"url\":\"https:\\\/\\\/eltrabajo.cl\\\/web\\\/\",\"logo\":{\"@type\":\"ImageObject\",\"inLanguage\":\"es-CL\",\"@id\":\"https:\\\/\\\/eltrabajo.cl\\\/web\\\/#\\\/schema\\\/logo\\\/image\\\/\",\"url\":\"https:\\\/\\\/eltrabajo.cl\\\/web\\\/wp-content\\\/uploads\\\/2024\\\/06\\\/profile-image-ig-page-diarioeltrabajo.jpg\",\"contentUrl\":\"https:\\\/\\\/eltrabajo.cl\\\/web\\\/wp-content\\\/uploads\\\/2024\\\/06\\\/profile-image-ig-page-diarioeltrabajo.jpg\",\"width\":823,\"height\":823,\"caption\":\"Diario El Trabajo\"},\"image\":{\"@id\":\"https:\\\/\\\/eltrabajo.cl\\\/web\\\/#\\\/schema\\\/logo\\\/image\\\/\"},\"sameAs\":[\"https:\\\/\\\/www.facebook.com\\\/ElTrabajoDiario\",\"https:\\\/\\\/x.com\\\/diarioeltrabajo\"]},{\"@type\":\"Person\",\"@id\":\"https:\\\/\\\/eltrabajo.cl\\\/web\\\/#\\\/schema\\\/person\\\/45efd3d17f86ec456e44dd7debe1bf19\",\"name\":\"Diario El Trabajo\",\"image\":{\"@type\":\"ImageObject\",\"inLanguage\":\"es-CL\",\"@id\":\"https:\\\/\\\/secure.gravatar.com\\\/avatar\\\/7e6ec277dc4aea2677c2dc301d4227957219329c985ab69a3efc12518b5161aa?s=96&d=mm&r=g\",\"url\":\"https:\\\/\\\/secure.gravatar.com\\\/avatar\\\/7e6ec277dc4aea2677c2dc301d4227957219329c985ab69a3efc12518b5161aa?s=96&d=mm&r=g\",\"contentUrl\":\"https:\\\/\\\/secure.gravatar.com\\\/avatar\\\/7e6ec277dc4aea2677c2dc301d4227957219329c985ab69a3efc12518b5161aa?s=96&d=mm&r=g\",\"caption\":\"Diario El Trabajo\"},\"sameAs\":[\"https:\\\/\\\/eltrabajo.cl\\\/web\"],\"url\":\"https:\\\/\\\/eltrabajo.cl\\\/web\\\/author\\\/diario-el-trabajo\\\/\"}]}<\/script>\n<!-- \/ Yoast SEO plugin. -->","yoast_head_json":{"title":"Millonario robo afect\u00f3 al jard\u00edn infantil ubicado en la villa Las Acacias - Diario El Trabajo","robots":{"index":"index","follow":"follow","max-snippet":"max-snippet:-1","max-image-preview":"max-image-preview:large","max-video-preview":"max-video-preview:-1"},"canonical":"https:\/\/eltrabajo.cl\/web\/millonario-robo-afecto-al-jardin-infantil-ubicado-en-la-villa-las-acacias\/","og_locale":"es_ES","og_type":"article","og_title":"Millonario robo afect\u00f3 al jard\u00edn infantil ubicado en la villa Las Acacias - Diario El Trabajo","og_description":"Delincuentes \u2018desvalijaron\u2019 el recinto, obligando a cerrar sus puertas, al menos, por un par de d\u00edas.- Un lamentable robo qued\u00f3 al descubierto durante la ma\u00f1ana de este lunes, cuando las trabajadoras del jard\u00edn infantil \u2018Creciendo en Las Acacias\u2019, llegaron para dar inicio al segundo semestre. Tras abrir la puerta principal, se percataron que hab\u00edan sido [&hellip;]","og_url":"https:\/\/eltrabajo.cl\/web\/millonario-robo-afecto-al-jardin-infantil-ubicado-en-la-villa-las-acacias\/","og_site_name":"Diario El Trabajo","article_publisher":"https:\/\/www.facebook.com\/ElTrabajoDiario","article_published_time":"2024-07-09T01:40:22+00:00","og_image":[{"width":700,"height":525,"url":"https:\/\/eltrabajo.cl\/web\/wp-content\/uploads\/2024\/07\/robo-jardin.jpg","type":"image\/jpeg"}],"author":"Diario El Trabajo","twitter_card":"summary_large_image","twitter_creator":"@diarioeltrabajo","twitter_site":"@diarioeltrabajo","twitter_misc":{"Escrito por":"Diario El Trabajo","Tiempo estimado de lectura":"2 minutos"},"schema":{"@context":"https:\/\/schema.org","@graph":[{"@type":"Article","@id":"https:\/\/eltrabajo.cl\/web\/millonario-robo-afecto-al-jardin-infantil-ubicado-en-la-villa-las-acacias\/#article","isPartOf":{"@id":"https:\/\/eltrabajo.cl\/web\/millonario-robo-afecto-al-jardin-infantil-ubicado-en-la-villa-las-acacias\/"},"author":{"name":"Diario El Trabajo","@id":"https:\/\/eltrabajo.cl\/web\/#\/schema\/person\/45efd3d17f86ec456e44dd7debe1bf19"},"headline":"Millonario robo afect\u00f3 al jard\u00edn infantil ubicado en la villa Las Acacias","datePublished":"2024-07-09T01:40:22+00:00","mainEntityOfPage":{"@id":"https:\/\/eltrabajo.cl\/web\/millonario-robo-afecto-al-jardin-infantil-ubicado-en-la-villa-las-acacias\/"},"wordCount":372,"commentCount":0,"publisher":{"@id":"https:\/\/eltrabajo.cl\/web\/#organization"},"image":{"@id":"https:\/\/eltrabajo.cl\/web\/millonario-robo-afecto-al-jardin-infantil-ubicado-en-la-villa-las-acacias\/#primaryimage"},"thumbnailUrl":"https:\/\/eltrabajo.cl\/web\/wp-content\/uploads\/2024\/07\/robo-jardin.jpg","articleSection":["Policial"],"inLanguage":"es-CL","potentialAction":[{"@type":"CommentAction","name":"Comment","target":["https:\/\/eltrabajo.cl\/web\/millonario-robo-afecto-al-jardin-infantil-ubicado-en-la-villa-las-acacias\/#respond"]}]},{"@type":"WebPage","@id":"https:\/\/eltrabajo.cl\/web\/millonario-robo-afecto-al-jardin-infantil-ubicado-en-la-villa-las-acacias\/","url":"https:\/\/eltrabajo.cl\/web\/millonario-robo-afecto-al-jardin-infantil-ubicado-en-la-villa-las-acacias\/","name":"Millonario robo afect\u00f3 al jard\u00edn infantil ubicado en la villa Las Acacias - Diario El Trabajo","isPartOf":{"@id":"https:\/\/eltrabajo.cl\/web\/#website"},"primaryImageOfPage":{"@id":"https:\/\/eltrabajo.cl\/web\/millonario-robo-afecto-al-jardin-infantil-ubicado-en-la-villa-las-acacias\/#primaryimage"},"image":{"@id":"https:\/\/eltrabajo.cl\/web\/millonario-robo-afecto-al-jardin-infantil-ubicado-en-la-villa-las-acacias\/#primaryimage"},"thumbnailUrl":"https:\/\/eltrabajo.cl\/web\/wp-content\/uploads\/2024\/07\/robo-jardin.jpg","datePublished":"2024-07-09T01:40:22+00:00","breadcrumb":{"@id":"https:\/\/eltrabajo.cl\/web\/millonario-robo-afecto-al-jardin-infantil-ubicado-en-la-villa-las-acacias\/#breadcrumb"},"inLanguage":"es-CL","potentialAction":[{"@type":"ReadAction","target":["https:\/\/eltrabajo.cl\/web\/millonario-robo-afecto-al-jardin-infantil-ubicado-en-la-villa-las-acacias\/"]}]},{"@type":"ImageObject","inLanguage":"es-CL","@id":"https:\/\/eltrabajo.cl\/web\/millonario-robo-afecto-al-jardin-infantil-ubicado-en-la-villa-las-acacias\/#primaryimage","url":"https:\/\/eltrabajo.cl\/web\/wp-content\/uploads\/2024\/07\/robo-jardin.jpg","contentUrl":"https:\/\/eltrabajo.cl\/web\/wp-content\/uploads\/2024\/07\/robo-jardin.jpg","width":700,"height":525,"caption":"Millonario robo sufri\u00f3 el jard\u00edn infantil de la villa Las Acacias."},{"@type":"BreadcrumbList","@id":"https:\/\/eltrabajo.cl\/web\/millonario-robo-afecto-al-jardin-infantil-ubicado-en-la-villa-las-acacias\/#breadcrumb","itemListElement":[{"@type":"ListItem","position":1,"name":"Portada","item":"https:\/\/eltrabajo.cl\/web\/"},{"@type":"ListItem","position":2,"name":"Millonario robo afect\u00f3 al jard\u00edn infantil ubicado en la villa Las Acacias"}]},{"@type":"WebSite","@id":"https:\/\/eltrabajo.cl\/web\/#website","url":"https:\/\/eltrabajo.cl\/web\/","name":"Diario El Trabajo","description":"Desde 1929 construyendo Identidad Local","publisher":{"@id":"https:\/\/eltrabajo.cl\/web\/#organization"},"potentialAction":[{"@type":"SearchAction","target":{"@type":"EntryPoint","urlTemplate":"https:\/\/eltrabajo.cl\/web\/?s={search_term_string}"},"query-input":{"@type":"PropertyValueSpecification","valueRequired":true,"valueName":"search_term_string"}}],"inLanguage":"es-CL"},{"@type":"Organization","@id":"https:\/\/eltrabajo.cl\/web\/#organization","name":"Diario El Trabajo","url":"https:\/\/eltrabajo.cl\/web\/","logo":{"@type":"ImageObject","inLanguage":"es-CL","@id":"https:\/\/eltrabajo.cl\/web\/#\/schema\/logo\/image\/","url":"https:\/\/eltrabajo.cl\/web\/wp-content\/uploads\/2024\/06\/profile-image-ig-page-diarioeltrabajo.jpg","contentUrl":"https:\/\/eltrabajo.cl\/web\/wp-content\/uploads\/2024\/06\/profile-image-ig-page-diarioeltrabajo.jpg","width":823,"height":823,"caption":"Diario El Trabajo"},"image":{"@id":"https:\/\/eltrabajo.cl\/web\/#\/schema\/logo\/image\/"},"sameAs":["https:\/\/www.facebook.com\/ElTrabajoDiario","https:\/\/x.com\/diarioeltrabajo"]},{"@type":"Person","@id":"https:\/\/eltrabajo.cl\/web\/#\/schema\/person\/45efd3d17f86ec456e44dd7debe1bf19","name":"Diario El Trabajo","image":{"@type":"ImageObject","inLanguage":"es-CL","@id":"https:\/\/secure.gravatar.com\/avatar\/7e6ec277dc4aea2677c2dc301d4227957219329c985ab69a3efc12518b5161aa?s=96&d=mm&r=g","url":"https:\/\/secure.gravatar.com\/avatar\/7e6ec277dc4aea2677c2dc301d4227957219329c985ab69a3efc12518b5161aa?s=96&d=mm&r=g","contentUrl":"https:\/\/secure.gravatar.com\/avatar\/7e6ec277dc4aea2677c2dc301d4227957219329c985ab69a3efc12518b5161aa?s=96&d=mm&r=g","caption":"Diario El Trabajo"},"sameAs":["https:\/\/eltrabajo.cl\/web"],"url":"https:\/\/eltrabajo.cl\/web\/author\/diario-el-trabajo\/"}]}},"_links":{"self":[{"href":"https:\/\/eltrabajo.cl\/web\/wp-json\/wp\/v2\/posts\/130772","targetHints":{"allow":["GET"]}}],"collection":[{"href":"https:\/\/eltrabajo.cl\/web\/wp-json\/wp\/v2\/posts"}],"about":[{"href":"https:\/\/eltrabajo.cl\/web\/wp-json\/wp\/v2\/types\/post"}],"author":[{"embeddable":true,"href":"https:\/\/eltrabajo.cl\/web\/wp-json\/wp\/v2\/users\/1"}],"replies":[{"embeddable":true,"href":"https:\/\/eltrabajo.cl\/web\/wp-json\/wp\/v2\/comments?post=130772"}],"version-history":[{"count":0,"href":"https:\/\/eltrabajo.cl\/web\/wp-json\/wp\/v2\/posts\/130772\/revisions"}],"wp:featuredmedia":[{"embeddable":true,"href":"https:\/\/eltrabajo.cl\/web\/wp-json\/wp\/v2\/media\/130773"}],"wp:attachment":[{"href":"https:\/\/eltrabajo.cl\/web\/wp-json\/wp\/v2\/media?parent=130772"}],"wp:term":[{"taxonomy":"category","embeddable":true,"href":"https:\/\/eltrabajo.cl\/web\/wp-json\/wp\/v2\/categories?post=130772"},{"taxonomy":"post_tag","embeddable":true,"href":"https:\/\/eltrabajo.cl\/web\/wp-json\/wp\/v2\/tags?post=130772"}],"curies":[{"name":"wp","href":"https:\/\/api.w.org\/{rel}","templated":true}]}}