{"id":131083,"date":"2024-07-25T23:05:11","date_gmt":"2024-07-26T02:05:11","guid":{"rendered":"https:\/\/eltrabajo.cl\/web\/?p=131083"},"modified":"2024-07-25T22:49:01","modified_gmt":"2024-07-26T01:49:01","slug":"pdi-decomiso-mas-de-mil-prendas-falsificadas-desde-centrica-tienda-en-san-felipe","status":"publish","type":"post","link":"https:\/\/eltrabajo.cl\/web\/pdi-decomiso-mas-de-mil-prendas-falsificadas-desde-centrica-tienda-en-san-felipe\/","title":{"rendered":"PDI decomis\u00f3 m\u00e1s de mil prendas falsificadas desde c\u00e9ntrica tienda en San Felipe"},"content":{"rendered":"<ul>\n<li><strong>Ropa, calzado y accesorios fueron parte de lo decomisado por la polic\u00eda.-<\/strong><\/li>\n<\/ul>\n<p>La Brigada de Delitos Econ\u00f3micos (Bridec) de la Polic\u00eda de Investigaciones (PDI) decomis\u00f3 m\u00e1s de mil productos desde una tienda ubicada en calle Santo Domingo de la ciudad de San Felipe, luego de recibir una denuncia por parte de los representantes de grandes marcas, de que en el lugar se vend\u00eda ropa falsificada.<\/p>\n<p>Es por esto, y con evidencia en su poder, que la tarde del pasado mi\u00e9rcoles, efectivos de esa brigada llegaron al recinto. El subcomisario <strong>Ricardo Araya Salinas<\/strong>, de la Brigada de Delitos Econ\u00f3micos, se\u00f1al\u00f3 que <em>\u00abnosotros como brigada el d\u00eda 24 de julio, recibimos una denuncia de parte de los representantes de grandes marcas a nivel nacional e internacional, porque en un local comercial ubicado en la comuna de San Felipe, en calle Santo Domingo 200, estar\u00eda vendiendo vestimenta, calzado de una de las marcas representadas por ellos, las cuales estar\u00edan siendo falsificadas. Aportando en la declaraci\u00f3n, una polera marca Adidas, la cual ser\u00eda falsificada, la que adjuntamos como evidencia\u00bb. <\/em><\/p>\n<p>Una vez en el lugar, efectivos de la Bridec pudieron establecer que en la tienda se vend\u00edan estos productos falsificados, <em>\u00abante esto, nosotros concurrimos al lugar donde encontramos una gran variedad de prendas de vestir, calzado, perfumes, los cuales eran de distintas marcas, incautamos m\u00e1s de mil prendas de vestir, ropa, m\u00e1s de cien pares de calzado, los cuales son todos falsificados, avaluados en la suma de 40 millones de pesos\u00bb,<\/em> sostuvo.<\/p>\n<p>Esto, luego de acreditar la falsificaci\u00f3n con los propios representantes de las marcas denunciantes, <em>\u00abencontramos en el lugar la gran cantidad de especies falsificadas que qued\u00f3 acreditado por los representantes de las marcas que se hicieron presente en el lugar, comprobando que eran falsificadas\u00bb,<\/em> asegur\u00f3 Araya.<\/p>\n<p>Respecto de la procedencia de esta mercader\u00eda, el subcomisario indic\u00f3 que <em>\u00abes materia de investigaci\u00f3n, lo \u00fanico que se puede aportar es que la due\u00f1a del local se hizo responsable por las especies. Es un local establecido que aparentemente llevaba 3 meses en lugar, pero ten\u00edan venta desde el a\u00f1o 2029 por redes sociales\u00bb.<\/em><\/p>\n<p>La due\u00f1a de la tienda, identificada como <strong>K.G.C.K.<\/strong>, de 24 a\u00f1os de edad, fue detenida por infracci\u00f3n a la ley de propiedad industrial, quedando en libertad bajo el art\u00edculo 26.<\/p>\n<figure id=\"attachment_131084\" aria-describedby=\"caption-attachment-131084\" style=\"width: 698px\" class=\"wp-caption alignnone\"><img loading=\"lazy\" decoding=\"async\" class=\"size-full wp-image-131084\" src=\"https:\/\/eltrabajo.cl\/web\/wp-content\/uploads\/2024\/07\/ropa-falsa.jpg\" alt=\"PDI incaut\u00f3 1.300 productos falsificados desde c\u00e9ntrica tienda en San Felipe.\" width=\"698\" height=\"393\" srcset=\"https:\/\/eltrabajo.cl\/web\/wp-content\/uploads\/2024\/07\/ropa-falsa.jpg 698w, https:\/\/eltrabajo.cl\/web\/wp-content\/uploads\/2024\/07\/ropa-falsa-300x169.jpg 300w, https:\/\/eltrabajo.cl\/web\/wp-content\/uploads\/2024\/07\/ropa-falsa-150x84.jpg 150w, https:\/\/eltrabajo.cl\/web\/wp-content\/uploads\/2024\/07\/ropa-falsa-696x392.jpg 696w\" sizes=\"auto, (max-width: 698px) 100vw, 698px\" \/><figcaption id=\"caption-attachment-131084\" class=\"wp-caption-text\">PDI incaut\u00f3 1.300 productos falsificados desde c\u00e9ntrica tienda en San Felipe.<\/figcaption><\/figure>\n","protected":false},"excerpt":{"rendered":"<p>Ropa, calzado y accesorios fueron parte de lo decomisado por la polic\u00eda.- La Brigada de Delitos Econ\u00f3micos (Bridec) de la Polic\u00eda de Investigaciones (PDI) decomis\u00f3 m\u00e1s de mil productos desde una tienda ubicada en calle Santo Domingo de la ciudad de San Felipe, luego de recibir una denuncia por parte de los representantes de grandes [&hellip;]<\/p>\n","protected":false},"author":1,"featured_media":131084,"comment_status":"open","ping_status":"closed","sticky":false,"template":"","format":"standard","meta":{"footnotes":""},"categories":[5],"tags":[],"class_list":{"0":"post-131083","1":"post","2":"type-post","3":"status-publish","4":"format-standard","5":"has-post-thumbnail","7":"category-policial"},"yoast_head":"<!-- This site is optimized with the Yoast SEO plugin v27.4 - https:\/\/yoast.com\/product\/yoast-seo-wordpress\/ -->\n<title>PDI decomis\u00f3 m\u00e1s de mil prendas falsificadas desde c\u00e9ntrica tienda en San Felipe - Diario El Trabajo<\/title>\n<meta name=\"robots\" content=\"index, follow, max-snippet:-1, max-image-preview:large, max-video-preview:-1\" \/>\n<link rel=\"canonical\" href=\"https:\/\/eltrabajo.cl\/web\/pdi-decomiso-mas-de-mil-prendas-falsificadas-desde-centrica-tienda-en-san-felipe\/\" \/>\n<meta property=\"og:locale\" content=\"es_ES\" \/>\n<meta property=\"og:type\" content=\"article\" \/>\n<meta property=\"og:title\" content=\"PDI decomis\u00f3 m\u00e1s de mil prendas falsificadas desde c\u00e9ntrica tienda en San Felipe - Diario El Trabajo\" \/>\n<meta property=\"og:description\" content=\"Ropa, calzado y accesorios fueron parte de lo decomisado por la polic\u00eda.- La Brigada de Delitos Econ\u00f3micos (Bridec) de la Polic\u00eda de Investigaciones (PDI) decomis\u00f3 m\u00e1s de mil productos desde una tienda ubicada en calle Santo Domingo de la ciudad de San Felipe, luego de recibir una denuncia por parte de los representantes de grandes [&hellip;]\" \/>\n<meta property=\"og:url\" content=\"https:\/\/eltrabajo.cl\/web\/pdi-decomiso-mas-de-mil-prendas-falsificadas-desde-centrica-tienda-en-san-felipe\/\" \/>\n<meta property=\"og:site_name\" content=\"Diario El Trabajo\" \/>\n<meta property=\"article:publisher\" content=\"https:\/\/www.facebook.com\/ElTrabajoDiario\" \/>\n<meta property=\"article:published_time\" content=\"2024-07-26T02:05:11+00:00\" \/>\n<meta property=\"og:image\" content=\"https:\/\/eltrabajo.cl\/web\/wp-content\/uploads\/2024\/07\/ropa-falsa.jpg\" \/>\n\t<meta property=\"og:image:width\" content=\"698\" \/>\n\t<meta property=\"og:image:height\" content=\"393\" \/>\n\t<meta property=\"og:image:type\" content=\"image\/jpeg\" \/>\n<meta name=\"author\" content=\"Diario El Trabajo\" \/>\n<meta name=\"twitter:card\" content=\"summary_large_image\" \/>\n<meta name=\"twitter:creator\" content=\"@diarioeltrabajo\" \/>\n<meta name=\"twitter:site\" content=\"@diarioeltrabajo\" \/>\n<meta name=\"twitter:label1\" content=\"Escrito por\" \/>\n\t<meta name=\"twitter:data1\" content=\"Diario El Trabajo\" \/>\n\t<meta name=\"twitter:label2\" content=\"Tiempo estimado de lectura\" \/>\n\t<meta name=\"twitter:data2\" content=\"3 minutos\" \/>\n<script type=\"application\/ld+json\" class=\"yoast-schema-graph\">{\"@context\":\"https:\\\/\\\/schema.org\",\"@graph\":[{\"@type\":\"Article\",\"@id\":\"https:\\\/\\\/eltrabajo.cl\\\/web\\\/pdi-decomiso-mas-de-mil-prendas-falsificadas-desde-centrica-tienda-en-san-felipe\\\/#article\",\"isPartOf\":{\"@id\":\"https:\\\/\\\/eltrabajo.cl\\\/web\\\/pdi-decomiso-mas-de-mil-prendas-falsificadas-desde-centrica-tienda-en-san-felipe\\\/\"},\"author\":{\"name\":\"Diario El Trabajo\",\"@id\":\"https:\\\/\\\/eltrabajo.cl\\\/web\\\/#\\\/schema\\\/person\\\/45efd3d17f86ec456e44dd7debe1bf19\"},\"headline\":\"PDI decomis\u00f3 m\u00e1s de mil prendas falsificadas desde c\u00e9ntrica tienda en San Felipe\",\"datePublished\":\"2024-07-26T02:05:11+00:00\",\"mainEntityOfPage\":{\"@id\":\"https:\\\/\\\/eltrabajo.cl\\\/web\\\/pdi-decomiso-mas-de-mil-prendas-falsificadas-desde-centrica-tienda-en-san-felipe\\\/\"},\"wordCount\":433,\"commentCount\":0,\"publisher\":{\"@id\":\"https:\\\/\\\/eltrabajo.cl\\\/web\\\/#organization\"},\"image\":{\"@id\":\"https:\\\/\\\/eltrabajo.cl\\\/web\\\/pdi-decomiso-mas-de-mil-prendas-falsificadas-desde-centrica-tienda-en-san-felipe\\\/#primaryimage\"},\"thumbnailUrl\":\"https:\\\/\\\/eltrabajo.cl\\\/web\\\/wp-content\\\/uploads\\\/2024\\\/07\\\/ropa-falsa.jpg\",\"articleSection\":[\"Policial\"],\"inLanguage\":\"es-CL\",\"potentialAction\":[{\"@type\":\"CommentAction\",\"name\":\"Comment\",\"target\":[\"https:\\\/\\\/eltrabajo.cl\\\/web\\\/pdi-decomiso-mas-de-mil-prendas-falsificadas-desde-centrica-tienda-en-san-felipe\\\/#respond\"]}]},{\"@type\":\"WebPage\",\"@id\":\"https:\\\/\\\/eltrabajo.cl\\\/web\\\/pdi-decomiso-mas-de-mil-prendas-falsificadas-desde-centrica-tienda-en-san-felipe\\\/\",\"url\":\"https:\\\/\\\/eltrabajo.cl\\\/web\\\/pdi-decomiso-mas-de-mil-prendas-falsificadas-desde-centrica-tienda-en-san-felipe\\\/\",\"name\":\"PDI decomis\u00f3 m\u00e1s de mil prendas falsificadas desde c\u00e9ntrica tienda en San Felipe - Diario El Trabajo\",\"isPartOf\":{\"@id\":\"https:\\\/\\\/eltrabajo.cl\\\/web\\\/#website\"},\"primaryImageOfPage\":{\"@id\":\"https:\\\/\\\/eltrabajo.cl\\\/web\\\/pdi-decomiso-mas-de-mil-prendas-falsificadas-desde-centrica-tienda-en-san-felipe\\\/#primaryimage\"},\"image\":{\"@id\":\"https:\\\/\\\/eltrabajo.cl\\\/web\\\/pdi-decomiso-mas-de-mil-prendas-falsificadas-desde-centrica-tienda-en-san-felipe\\\/#primaryimage\"},\"thumbnailUrl\":\"https:\\\/\\\/eltrabajo.cl\\\/web\\\/wp-content\\\/uploads\\\/2024\\\/07\\\/ropa-falsa.jpg\",\"datePublished\":\"2024-07-26T02:05:11+00:00\",\"breadcrumb\":{\"@id\":\"https:\\\/\\\/eltrabajo.cl\\\/web\\\/pdi-decomiso-mas-de-mil-prendas-falsificadas-desde-centrica-tienda-en-san-felipe\\\/#breadcrumb\"},\"inLanguage\":\"es-CL\",\"potentialAction\":[{\"@type\":\"ReadAction\",\"target\":[\"https:\\\/\\\/eltrabajo.cl\\\/web\\\/pdi-decomiso-mas-de-mil-prendas-falsificadas-desde-centrica-tienda-en-san-felipe\\\/\"]}]},{\"@type\":\"ImageObject\",\"inLanguage\":\"es-CL\",\"@id\":\"https:\\\/\\\/eltrabajo.cl\\\/web\\\/pdi-decomiso-mas-de-mil-prendas-falsificadas-desde-centrica-tienda-en-san-felipe\\\/#primaryimage\",\"url\":\"https:\\\/\\\/eltrabajo.cl\\\/web\\\/wp-content\\\/uploads\\\/2024\\\/07\\\/ropa-falsa.jpg\",\"contentUrl\":\"https:\\\/\\\/eltrabajo.cl\\\/web\\\/wp-content\\\/uploads\\\/2024\\\/07\\\/ropa-falsa.jpg\",\"width\":698,\"height\":393,\"caption\":\"PDI incaut\u00f3 1.300 productos falsificados desde c\u00e9ntrica tienda en San Felipe.\"},{\"@type\":\"BreadcrumbList\",\"@id\":\"https:\\\/\\\/eltrabajo.cl\\\/web\\\/pdi-decomiso-mas-de-mil-prendas-falsificadas-desde-centrica-tienda-en-san-felipe\\\/#breadcrumb\",\"itemListElement\":[{\"@type\":\"ListItem\",\"position\":1,\"name\":\"Portada\",\"item\":\"https:\\\/\\\/eltrabajo.cl\\\/web\\\/\"},{\"@type\":\"ListItem\",\"position\":2,\"name\":\"PDI decomis\u00f3 m\u00e1s de mil prendas falsificadas desde c\u00e9ntrica tienda en San Felipe\"}]},{\"@type\":\"WebSite\",\"@id\":\"https:\\\/\\\/eltrabajo.cl\\\/web\\\/#website\",\"url\":\"https:\\\/\\\/eltrabajo.cl\\\/web\\\/\",\"name\":\"Diario El Trabajo\",\"description\":\"Desde 1929 construyendo Identidad Local\",\"publisher\":{\"@id\":\"https:\\\/\\\/eltrabajo.cl\\\/web\\\/#organization\"},\"potentialAction\":[{\"@type\":\"SearchAction\",\"target\":{\"@type\":\"EntryPoint\",\"urlTemplate\":\"https:\\\/\\\/eltrabajo.cl\\\/web\\\/?s={search_term_string}\"},\"query-input\":{\"@type\":\"PropertyValueSpecification\",\"valueRequired\":true,\"valueName\":\"search_term_string\"}}],\"inLanguage\":\"es-CL\"},{\"@type\":\"Organization\",\"@id\":\"https:\\\/\\\/eltrabajo.cl\\\/web\\\/#organization\",\"name\":\"Diario El Trabajo\",\"url\":\"https:\\\/\\\/eltrabajo.cl\\\/web\\\/\",\"logo\":{\"@type\":\"ImageObject\",\"inLanguage\":\"es-CL\",\"@id\":\"https:\\\/\\\/eltrabajo.cl\\\/web\\\/#\\\/schema\\\/logo\\\/image\\\/\",\"url\":\"https:\\\/\\\/eltrabajo.cl\\\/web\\\/wp-content\\\/uploads\\\/2024\\\/06\\\/profile-image-ig-page-diarioeltrabajo.jpg\",\"contentUrl\":\"https:\\\/\\\/eltrabajo.cl\\\/web\\\/wp-content\\\/uploads\\\/2024\\\/06\\\/profile-image-ig-page-diarioeltrabajo.jpg\",\"width\":823,\"height\":823,\"caption\":\"Diario El Trabajo\"},\"image\":{\"@id\":\"https:\\\/\\\/eltrabajo.cl\\\/web\\\/#\\\/schema\\\/logo\\\/image\\\/\"},\"sameAs\":[\"https:\\\/\\\/www.facebook.com\\\/ElTrabajoDiario\",\"https:\\\/\\\/x.com\\\/diarioeltrabajo\"]},{\"@type\":\"Person\",\"@id\":\"https:\\\/\\\/eltrabajo.cl\\\/web\\\/#\\\/schema\\\/person\\\/45efd3d17f86ec456e44dd7debe1bf19\",\"name\":\"Diario El Trabajo\",\"image\":{\"@type\":\"ImageObject\",\"inLanguage\":\"es-CL\",\"@id\":\"https:\\\/\\\/secure.gravatar.com\\\/avatar\\\/7e6ec277dc4aea2677c2dc301d4227957219329c985ab69a3efc12518b5161aa?s=96&d=mm&r=g\",\"url\":\"https:\\\/\\\/secure.gravatar.com\\\/avatar\\\/7e6ec277dc4aea2677c2dc301d4227957219329c985ab69a3efc12518b5161aa?s=96&d=mm&r=g\",\"contentUrl\":\"https:\\\/\\\/secure.gravatar.com\\\/avatar\\\/7e6ec277dc4aea2677c2dc301d4227957219329c985ab69a3efc12518b5161aa?s=96&d=mm&r=g\",\"caption\":\"Diario El Trabajo\"},\"sameAs\":[\"https:\\\/\\\/eltrabajo.cl\\\/web\"],\"url\":\"https:\\\/\\\/eltrabajo.cl\\\/web\\\/author\\\/diario-el-trabajo\\\/\"}]}<\/script>\n<!-- \/ Yoast SEO plugin. -->","yoast_head_json":{"title":"PDI decomis\u00f3 m\u00e1s de mil prendas falsificadas desde c\u00e9ntrica tienda en San Felipe - Diario El Trabajo","robots":{"index":"index","follow":"follow","max-snippet":"max-snippet:-1","max-image-preview":"max-image-preview:large","max-video-preview":"max-video-preview:-1"},"canonical":"https:\/\/eltrabajo.cl\/web\/pdi-decomiso-mas-de-mil-prendas-falsificadas-desde-centrica-tienda-en-san-felipe\/","og_locale":"es_ES","og_type":"article","og_title":"PDI decomis\u00f3 m\u00e1s de mil prendas falsificadas desde c\u00e9ntrica tienda en San Felipe - Diario El Trabajo","og_description":"Ropa, calzado y accesorios fueron parte de lo decomisado por la polic\u00eda.- La Brigada de Delitos Econ\u00f3micos (Bridec) de la Polic\u00eda de Investigaciones (PDI) decomis\u00f3 m\u00e1s de mil productos desde una tienda ubicada en calle Santo Domingo de la ciudad de San Felipe, luego de recibir una denuncia por parte de los representantes de grandes [&hellip;]","og_url":"https:\/\/eltrabajo.cl\/web\/pdi-decomiso-mas-de-mil-prendas-falsificadas-desde-centrica-tienda-en-san-felipe\/","og_site_name":"Diario El Trabajo","article_publisher":"https:\/\/www.facebook.com\/ElTrabajoDiario","article_published_time":"2024-07-26T02:05:11+00:00","og_image":[{"width":698,"height":393,"url":"https:\/\/eltrabajo.cl\/web\/wp-content\/uploads\/2024\/07\/ropa-falsa.jpg","type":"image\/jpeg"}],"author":"Diario El Trabajo","twitter_card":"summary_large_image","twitter_creator":"@diarioeltrabajo","twitter_site":"@diarioeltrabajo","twitter_misc":{"Escrito por":"Diario El Trabajo","Tiempo estimado de lectura":"3 minutos"},"schema":{"@context":"https:\/\/schema.org","@graph":[{"@type":"Article","@id":"https:\/\/eltrabajo.cl\/web\/pdi-decomiso-mas-de-mil-prendas-falsificadas-desde-centrica-tienda-en-san-felipe\/#article","isPartOf":{"@id":"https:\/\/eltrabajo.cl\/web\/pdi-decomiso-mas-de-mil-prendas-falsificadas-desde-centrica-tienda-en-san-felipe\/"},"author":{"name":"Diario El Trabajo","@id":"https:\/\/eltrabajo.cl\/web\/#\/schema\/person\/45efd3d17f86ec456e44dd7debe1bf19"},"headline":"PDI decomis\u00f3 m\u00e1s de mil prendas falsificadas desde c\u00e9ntrica tienda en San Felipe","datePublished":"2024-07-26T02:05:11+00:00","mainEntityOfPage":{"@id":"https:\/\/eltrabajo.cl\/web\/pdi-decomiso-mas-de-mil-prendas-falsificadas-desde-centrica-tienda-en-san-felipe\/"},"wordCount":433,"commentCount":0,"publisher":{"@id":"https:\/\/eltrabajo.cl\/web\/#organization"},"image":{"@id":"https:\/\/eltrabajo.cl\/web\/pdi-decomiso-mas-de-mil-prendas-falsificadas-desde-centrica-tienda-en-san-felipe\/#primaryimage"},"thumbnailUrl":"https:\/\/eltrabajo.cl\/web\/wp-content\/uploads\/2024\/07\/ropa-falsa.jpg","articleSection":["Policial"],"inLanguage":"es-CL","potentialAction":[{"@type":"CommentAction","name":"Comment","target":["https:\/\/eltrabajo.cl\/web\/pdi-decomiso-mas-de-mil-prendas-falsificadas-desde-centrica-tienda-en-san-felipe\/#respond"]}]},{"@type":"WebPage","@id":"https:\/\/eltrabajo.cl\/web\/pdi-decomiso-mas-de-mil-prendas-falsificadas-desde-centrica-tienda-en-san-felipe\/","url":"https:\/\/eltrabajo.cl\/web\/pdi-decomiso-mas-de-mil-prendas-falsificadas-desde-centrica-tienda-en-san-felipe\/","name":"PDI decomis\u00f3 m\u00e1s de mil prendas falsificadas desde c\u00e9ntrica tienda en San Felipe - Diario El Trabajo","isPartOf":{"@id":"https:\/\/eltrabajo.cl\/web\/#website"},"primaryImageOfPage":{"@id":"https:\/\/eltrabajo.cl\/web\/pdi-decomiso-mas-de-mil-prendas-falsificadas-desde-centrica-tienda-en-san-felipe\/#primaryimage"},"image":{"@id":"https:\/\/eltrabajo.cl\/web\/pdi-decomiso-mas-de-mil-prendas-falsificadas-desde-centrica-tienda-en-san-felipe\/#primaryimage"},"thumbnailUrl":"https:\/\/eltrabajo.cl\/web\/wp-content\/uploads\/2024\/07\/ropa-falsa.jpg","datePublished":"2024-07-26T02:05:11+00:00","breadcrumb":{"@id":"https:\/\/eltrabajo.cl\/web\/pdi-decomiso-mas-de-mil-prendas-falsificadas-desde-centrica-tienda-en-san-felipe\/#breadcrumb"},"inLanguage":"es-CL","potentialAction":[{"@type":"ReadAction","target":["https:\/\/eltrabajo.cl\/web\/pdi-decomiso-mas-de-mil-prendas-falsificadas-desde-centrica-tienda-en-san-felipe\/"]}]},{"@type":"ImageObject","inLanguage":"es-CL","@id":"https:\/\/eltrabajo.cl\/web\/pdi-decomiso-mas-de-mil-prendas-falsificadas-desde-centrica-tienda-en-san-felipe\/#primaryimage","url":"https:\/\/eltrabajo.cl\/web\/wp-content\/uploads\/2024\/07\/ropa-falsa.jpg","contentUrl":"https:\/\/eltrabajo.cl\/web\/wp-content\/uploads\/2024\/07\/ropa-falsa.jpg","width":698,"height":393,"caption":"PDI incaut\u00f3 1.300 productos falsificados desde c\u00e9ntrica tienda en San Felipe."},{"@type":"BreadcrumbList","@id":"https:\/\/eltrabajo.cl\/web\/pdi-decomiso-mas-de-mil-prendas-falsificadas-desde-centrica-tienda-en-san-felipe\/#breadcrumb","itemListElement":[{"@type":"ListItem","position":1,"name":"Portada","item":"https:\/\/eltrabajo.cl\/web\/"},{"@type":"ListItem","position":2,"name":"PDI decomis\u00f3 m\u00e1s de mil prendas falsificadas desde c\u00e9ntrica tienda en San Felipe"}]},{"@type":"WebSite","@id":"https:\/\/eltrabajo.cl\/web\/#website","url":"https:\/\/eltrabajo.cl\/web\/","name":"Diario El Trabajo","description":"Desde 1929 construyendo Identidad Local","publisher":{"@id":"https:\/\/eltrabajo.cl\/web\/#organization"},"potentialAction":[{"@type":"SearchAction","target":{"@type":"EntryPoint","urlTemplate":"https:\/\/eltrabajo.cl\/web\/?s={search_term_string}"},"query-input":{"@type":"PropertyValueSpecification","valueRequired":true,"valueName":"search_term_string"}}],"inLanguage":"es-CL"},{"@type":"Organization","@id":"https:\/\/eltrabajo.cl\/web\/#organization","name":"Diario El Trabajo","url":"https:\/\/eltrabajo.cl\/web\/","logo":{"@type":"ImageObject","inLanguage":"es-CL","@id":"https:\/\/eltrabajo.cl\/web\/#\/schema\/logo\/image\/","url":"https:\/\/eltrabajo.cl\/web\/wp-content\/uploads\/2024\/06\/profile-image-ig-page-diarioeltrabajo.jpg","contentUrl":"https:\/\/eltrabajo.cl\/web\/wp-content\/uploads\/2024\/06\/profile-image-ig-page-diarioeltrabajo.jpg","width":823,"height":823,"caption":"Diario El Trabajo"},"image":{"@id":"https:\/\/eltrabajo.cl\/web\/#\/schema\/logo\/image\/"},"sameAs":["https:\/\/www.facebook.com\/ElTrabajoDiario","https:\/\/x.com\/diarioeltrabajo"]},{"@type":"Person","@id":"https:\/\/eltrabajo.cl\/web\/#\/schema\/person\/45efd3d17f86ec456e44dd7debe1bf19","name":"Diario El Trabajo","image":{"@type":"ImageObject","inLanguage":"es-CL","@id":"https:\/\/secure.gravatar.com\/avatar\/7e6ec277dc4aea2677c2dc301d4227957219329c985ab69a3efc12518b5161aa?s=96&d=mm&r=g","url":"https:\/\/secure.gravatar.com\/avatar\/7e6ec277dc4aea2677c2dc301d4227957219329c985ab69a3efc12518b5161aa?s=96&d=mm&r=g","contentUrl":"https:\/\/secure.gravatar.com\/avatar\/7e6ec277dc4aea2677c2dc301d4227957219329c985ab69a3efc12518b5161aa?s=96&d=mm&r=g","caption":"Diario El Trabajo"},"sameAs":["https:\/\/eltrabajo.cl\/web"],"url":"https:\/\/eltrabajo.cl\/web\/author\/diario-el-trabajo\/"}]}},"_links":{"self":[{"href":"https:\/\/eltrabajo.cl\/web\/wp-json\/wp\/v2\/posts\/131083","targetHints":{"allow":["GET"]}}],"collection":[{"href":"https:\/\/eltrabajo.cl\/web\/wp-json\/wp\/v2\/posts"}],"about":[{"href":"https:\/\/eltrabajo.cl\/web\/wp-json\/wp\/v2\/types\/post"}],"author":[{"embeddable":true,"href":"https:\/\/eltrabajo.cl\/web\/wp-json\/wp\/v2\/users\/1"}],"replies":[{"embeddable":true,"href":"https:\/\/eltrabajo.cl\/web\/wp-json\/wp\/v2\/comments?post=131083"}],"version-history":[{"count":0,"href":"https:\/\/eltrabajo.cl\/web\/wp-json\/wp\/v2\/posts\/131083\/revisions"}],"wp:featuredmedia":[{"embeddable":true,"href":"https:\/\/eltrabajo.cl\/web\/wp-json\/wp\/v2\/media\/131084"}],"wp:attachment":[{"href":"https:\/\/eltrabajo.cl\/web\/wp-json\/wp\/v2\/media?parent=131083"}],"wp:term":[{"taxonomy":"category","embeddable":true,"href":"https:\/\/eltrabajo.cl\/web\/wp-json\/wp\/v2\/categories?post=131083"},{"taxonomy":"post_tag","embeddable":true,"href":"https:\/\/eltrabajo.cl\/web\/wp-json\/wp\/v2\/tags?post=131083"}],"curies":[{"name":"wp","href":"https:\/\/api.w.org\/{rel}","templated":true}]}}