{"id":131154,"date":"2024-07-29T23:05:47","date_gmt":"2024-07-30T02:05:47","guid":{"rendered":"https:\/\/eltrabajo.cl\/web\/?p=131154"},"modified":"2024-07-29T22:26:42","modified_gmt":"2024-07-30T01:26:42","slug":"sufrio-acv-que-lo-llevo-a-vender-todo-y-hoy-vende-super-8-en-silla-de-ruedas","status":"publish","type":"post","link":"https:\/\/eltrabajo.cl\/web\/sufrio-acv-que-lo-llevo-a-vender-todo-y-hoy-vende-super-8-en-silla-de-ruedas\/","title":{"rendered":"Sufri\u00f3 ACV que lo llev\u00f3 a vender todo y hoy vende S\u00faper 8 en silla de ruedas"},"content":{"rendered":"<p><span style=\"color: #ff0000;\"><strong>Conductor de colectivos y micro por a\u00f1os:<\/strong><\/span><\/p>\n<p>M\u00e1s de alguno de nuestros lectores fue trasladado por <strong>Avilio Antonio Gonz\u00e1lez Zurita<\/strong>, de 62 a\u00f1os de edad, cuando trabajaba como conductor de taxis colectivos o micros. Hoy lo vemos diariamente en el paradero de Freire con Coimas, en silla de ruedas, vendiendo el famoso S\u00faper 8. Esto porque tuvo que vender todo lo que ten\u00eda, colectivo, camioneta, tras sufrir un accidente cerebro vascular (ACV) y estuvo casi dos a\u00f1os sin pensi\u00f3n y ten\u00eda que alimentarse. Hoy recibe una pensi\u00f3n de alrededor de 200 mil pesos mensuales.<\/p>\n<p>Nos cuenta que trabaj\u00f3 muchos a\u00f1os en el norte durante la temporada, pero ya en el invierno conduc\u00eda colectivos o micros en San Felipe. As\u00ed fue juntando alg\u00fan capital hasta comprar un auto y despu\u00e9s una camioneta, <em>\u00abporque yo despu\u00e9s empec\u00e9 a hacer negocios, frutitas y cosas, hice mi negocio y llegu\u00e9 a tener mi camioneta. Ah\u00ed cuando estaba en lo mejor tirando para arriba, me dio el accidente vascular\u00bb.<\/em><\/p>\n<p>El ACV\u00a0 lo sufri\u00f3 el a\u00f1o 2018, quedando postrado en cama, <em>\u00abigual tuve ayuda de mi familia, de mi hermana, pero uno no siempre puede estar a expensas de los dem\u00e1s, entonces ah\u00ed estaba por vivir solo, sacrificarme y vivir solo, y hasta aqu\u00ed estoy viviendo solo, arriendo una pieza\u00bb.<\/em><\/p>\n<p>&#8211; <strong>\u00bfQu\u00e9 pas\u00f3 con el colectivo, la camioneta?<\/strong><\/p>\n<p>&#8211; Eso se vendi\u00f3\u2026 vend\u00ed todo porque resulta que estuve como dos a\u00f1os sin pensi\u00f3n, entonces yo ten\u00eda que alimentarme. Ah\u00ed me aliment\u00e9, me com\u00ed el colectivo y la camioneta.<\/p>\n<p>&#8211; <strong>\u00bfY a consecuencia del ACV qued\u00f3 en silla de ruedas?<\/strong><\/p>\n<p>&#8211; S\u00ed. Igual me movilizo, dentro de la casa uso un bast\u00f3n porque hice la terapia y todo eso, y uso un bastoncito y me movilizo, claro que me perjudic\u00f3 el lado izquierdo entonces me cuesta tomar las cosas, hacer algo\u2026 me cuesta movilizarme un poco, pero igual lo hago.<\/p>\n<p>&#8211; <strong>Lo vemos vendiendo S\u00faper 8 aqu\u00ed, gan\u00e1ndose la vida.<\/strong><\/p>\n<p>&#8211; S\u00ed, es que la idea m\u00eda no es quedarme ah\u00ed, como se dice, en cuatro paredes mirando y esperando que caiga del cielo\u2026 no, hay que salir.<\/p>\n<p>&#8211; <strong>\u00bfY vende?<\/strong><\/p>\n<p>&#8211; S\u00ed, me hago mis luquitas.<\/p>\n<p>Agrega m\u00e1s adelante que <em>\u00abla gente de San Felipe es buena. Los amigos de colectivos me ayudan\u2026 me emociono, s\u00ed, pero igual tengo buena gente, sembr\u00e9 buenos amigos. Si a m\u00ed me compran un S\u00faper 8, para m\u00ed vale mucho y me da fuerza y \u00e1nimo de seguir\u00bb.<\/em><\/p>\n<p>&#8211;<strong> \u00bfEst\u00e1 todo el d\u00eda aqu\u00ed?<\/strong><\/p>\n<p>&#8211; No, estoy en la ma\u00f1ana no m\u00e1s.<\/p>\n<p>&#8211; <strong>\u00bfLe va bien?<\/strong><\/p>\n<p>&#8211; Me va bien, estoy en la pura ma\u00f1ana porque ya a las 12 me voy a la Iglesia a almorzar.<\/p>\n<p>&#8211; <strong>\u00bfA la Andacollo, al comedor?<\/strong><\/p>\n<p>&#8211; S\u00ed, al comedor voy.<\/p>\n<p>&#8211; <strong>\u00bfQu\u00e9 reflexi\u00f3n hace de su vida?, despu\u00e9s de ser un hombre \u00e1gil, manejar colectivo y hoy d\u00eda depender de una silla de ruedas, de la voluntad de la gente, de una pensi\u00f3n.<\/strong><\/p>\n<p>&#8211; Mire, en la vida cuando de repente uno es joven, no piensa en el futuro, \u00bfentiende?, pero mi manera de pensar es muy diferente, por eso uno de repente no encaja con la dem\u00e1s gente, porque uno es criado a la antigua, entonces los genios, las actitudes, los valores de uno son diferentes y los j\u00f3venes son totalmente diferentes.<\/p>\n<p>Lo dejamos vendiendo sus S\u00faper 8 que en algo le ayudan econ\u00f3micamente.<\/p>\n<figure id=\"attachment_131155\" aria-describedby=\"caption-attachment-131155\" style=\"width: 700px\" class=\"wp-caption alignnone\"><img loading=\"lazy\" decoding=\"async\" class=\"size-full wp-image-131155\" src=\"https:\/\/eltrabajo.cl\/web\/wp-content\/uploads\/2024\/07\/Avilio-Antonio-Gonzalez-Zurita.jpg\" alt=\"Avilio sosteniendo un S\u00faper 8 en su mano derecha, producto que vende en su silla de ruedas en el paradero de calle Freire.\" width=\"700\" height=\"525\" srcset=\"https:\/\/eltrabajo.cl\/web\/wp-content\/uploads\/2024\/07\/Avilio-Antonio-Gonzalez-Zurita.jpg 700w, https:\/\/eltrabajo.cl\/web\/wp-content\/uploads\/2024\/07\/Avilio-Antonio-Gonzalez-Zurita-300x225.jpg 300w, https:\/\/eltrabajo.cl\/web\/wp-content\/uploads\/2024\/07\/Avilio-Antonio-Gonzalez-Zurita-560x420.jpg 560w, https:\/\/eltrabajo.cl\/web\/wp-content\/uploads\/2024\/07\/Avilio-Antonio-Gonzalez-Zurita-80x60.jpg 80w, https:\/\/eltrabajo.cl\/web\/wp-content\/uploads\/2024\/07\/Avilio-Antonio-Gonzalez-Zurita-150x113.jpg 150w, https:\/\/eltrabajo.cl\/web\/wp-content\/uploads\/2024\/07\/Avilio-Antonio-Gonzalez-Zurita-696x522.jpg 696w, https:\/\/eltrabajo.cl\/web\/wp-content\/uploads\/2024\/07\/Avilio-Antonio-Gonzalez-Zurita-265x198.jpg 265w\" sizes=\"auto, (max-width: 700px) 100vw, 700px\" \/><figcaption id=\"caption-attachment-131155\" class=\"wp-caption-text\">Avilio sosteniendo un S\u00faper 8 en su mano derecha, producto que vende en su silla de ruedas en el paradero de calle Freire.<\/figcaption><\/figure>\n","protected":false},"excerpt":{"rendered":"<p>Conductor de colectivos y micro por a\u00f1os: M\u00e1s de alguno de nuestros lectores fue trasladado por Avilio Antonio Gonz\u00e1lez Zurita, de 62 a\u00f1os de edad, cuando trabajaba como conductor de taxis colectivos o micros. Hoy lo vemos diariamente en el paradero de Freire con Coimas, en silla de ruedas, vendiendo el famoso S\u00faper 8. Esto [&hellip;]<\/p>\n","protected":false},"author":1,"featured_media":131155,"comment_status":"open","ping_status":"closed","sticky":false,"template":"","format":"standard","meta":{"footnotes":""},"categories":[4],"tags":[],"class_list":{"0":"post-131154","1":"post","2":"type-post","3":"status-publish","4":"format-standard","5":"has-post-thumbnail","7":"category-comunidad"},"yoast_head":"<!-- This site is optimized with the Yoast SEO plugin v27.4 - https:\/\/yoast.com\/product\/yoast-seo-wordpress\/ -->\n<title>Sufri\u00f3 ACV que lo llev\u00f3 a vender todo y hoy vende S\u00faper 8 en silla de ruedas - Diario El Trabajo<\/title>\n<meta name=\"robots\" content=\"index, follow, max-snippet:-1, max-image-preview:large, max-video-preview:-1\" \/>\n<link rel=\"canonical\" href=\"https:\/\/eltrabajo.cl\/web\/sufrio-acv-que-lo-llevo-a-vender-todo-y-hoy-vende-super-8-en-silla-de-ruedas\/\" \/>\n<meta property=\"og:locale\" content=\"es_ES\" \/>\n<meta property=\"og:type\" content=\"article\" \/>\n<meta property=\"og:title\" content=\"Sufri\u00f3 ACV que lo llev\u00f3 a vender todo y hoy vende S\u00faper 8 en silla de ruedas - Diario El Trabajo\" \/>\n<meta property=\"og:description\" content=\"Conductor de colectivos y micro por a\u00f1os: M\u00e1s de alguno de nuestros lectores fue trasladado por Avilio Antonio Gonz\u00e1lez Zurita, de 62 a\u00f1os de edad, cuando trabajaba como conductor de taxis colectivos o micros. Hoy lo vemos diariamente en el paradero de Freire con Coimas, en silla de ruedas, vendiendo el famoso S\u00faper 8. Esto [&hellip;]\" \/>\n<meta property=\"og:url\" content=\"https:\/\/eltrabajo.cl\/web\/sufrio-acv-que-lo-llevo-a-vender-todo-y-hoy-vende-super-8-en-silla-de-ruedas\/\" \/>\n<meta property=\"og:site_name\" content=\"Diario El Trabajo\" \/>\n<meta property=\"article:publisher\" content=\"https:\/\/www.facebook.com\/ElTrabajoDiario\" \/>\n<meta property=\"article:published_time\" content=\"2024-07-30T02:05:47+00:00\" \/>\n<meta property=\"og:image\" content=\"https:\/\/eltrabajo.cl\/web\/wp-content\/uploads\/2024\/07\/Avilio-Antonio-Gonzalez-Zurita.jpg\" \/>\n\t<meta property=\"og:image:width\" content=\"700\" \/>\n\t<meta property=\"og:image:height\" content=\"525\" \/>\n\t<meta property=\"og:image:type\" content=\"image\/jpeg\" \/>\n<meta name=\"author\" content=\"Diario El Trabajo\" \/>\n<meta name=\"twitter:card\" content=\"summary_large_image\" \/>\n<meta name=\"twitter:creator\" content=\"@diarioeltrabajo\" \/>\n<meta name=\"twitter:site\" content=\"@diarioeltrabajo\" \/>\n<meta name=\"twitter:label1\" content=\"Escrito por\" \/>\n\t<meta name=\"twitter:data1\" content=\"Diario El Trabajo\" \/>\n\t<meta name=\"twitter:label2\" content=\"Tiempo estimado de lectura\" \/>\n\t<meta name=\"twitter:data2\" content=\"4 minutos\" \/>\n<script type=\"application\/ld+json\" class=\"yoast-schema-graph\">{\"@context\":\"https:\\\/\\\/schema.org\",\"@graph\":[{\"@type\":\"Article\",\"@id\":\"https:\\\/\\\/eltrabajo.cl\\\/web\\\/sufrio-acv-que-lo-llevo-a-vender-todo-y-hoy-vende-super-8-en-silla-de-ruedas\\\/#article\",\"isPartOf\":{\"@id\":\"https:\\\/\\\/eltrabajo.cl\\\/web\\\/sufrio-acv-que-lo-llevo-a-vender-todo-y-hoy-vende-super-8-en-silla-de-ruedas\\\/\"},\"author\":{\"name\":\"Diario El Trabajo\",\"@id\":\"https:\\\/\\\/eltrabajo.cl\\\/web\\\/#\\\/schema\\\/person\\\/45efd3d17f86ec456e44dd7debe1bf19\"},\"headline\":\"Sufri\u00f3 ACV que lo llev\u00f3 a vender todo y hoy vende S\u00faper 8 en silla de ruedas\",\"datePublished\":\"2024-07-30T02:05:47+00:00\",\"mainEntityOfPage\":{\"@id\":\"https:\\\/\\\/eltrabajo.cl\\\/web\\\/sufrio-acv-que-lo-llevo-a-vender-todo-y-hoy-vende-super-8-en-silla-de-ruedas\\\/\"},\"wordCount\":640,\"commentCount\":0,\"publisher\":{\"@id\":\"https:\\\/\\\/eltrabajo.cl\\\/web\\\/#organization\"},\"image\":{\"@id\":\"https:\\\/\\\/eltrabajo.cl\\\/web\\\/sufrio-acv-que-lo-llevo-a-vender-todo-y-hoy-vende-super-8-en-silla-de-ruedas\\\/#primaryimage\"},\"thumbnailUrl\":\"https:\\\/\\\/eltrabajo.cl\\\/web\\\/wp-content\\\/uploads\\\/2024\\\/07\\\/Avilio-Antonio-Gonzalez-Zurita.jpg\",\"articleSection\":[\"Comunidad\"],\"inLanguage\":\"es-CL\",\"potentialAction\":[{\"@type\":\"CommentAction\",\"name\":\"Comment\",\"target\":[\"https:\\\/\\\/eltrabajo.cl\\\/web\\\/sufrio-acv-que-lo-llevo-a-vender-todo-y-hoy-vende-super-8-en-silla-de-ruedas\\\/#respond\"]}]},{\"@type\":\"WebPage\",\"@id\":\"https:\\\/\\\/eltrabajo.cl\\\/web\\\/sufrio-acv-que-lo-llevo-a-vender-todo-y-hoy-vende-super-8-en-silla-de-ruedas\\\/\",\"url\":\"https:\\\/\\\/eltrabajo.cl\\\/web\\\/sufrio-acv-que-lo-llevo-a-vender-todo-y-hoy-vende-super-8-en-silla-de-ruedas\\\/\",\"name\":\"Sufri\u00f3 ACV que lo llev\u00f3 a vender todo y hoy vende S\u00faper 8 en silla de ruedas - Diario El Trabajo\",\"isPartOf\":{\"@id\":\"https:\\\/\\\/eltrabajo.cl\\\/web\\\/#website\"},\"primaryImageOfPage\":{\"@id\":\"https:\\\/\\\/eltrabajo.cl\\\/web\\\/sufrio-acv-que-lo-llevo-a-vender-todo-y-hoy-vende-super-8-en-silla-de-ruedas\\\/#primaryimage\"},\"image\":{\"@id\":\"https:\\\/\\\/eltrabajo.cl\\\/web\\\/sufrio-acv-que-lo-llevo-a-vender-todo-y-hoy-vende-super-8-en-silla-de-ruedas\\\/#primaryimage\"},\"thumbnailUrl\":\"https:\\\/\\\/eltrabajo.cl\\\/web\\\/wp-content\\\/uploads\\\/2024\\\/07\\\/Avilio-Antonio-Gonzalez-Zurita.jpg\",\"datePublished\":\"2024-07-30T02:05:47+00:00\",\"breadcrumb\":{\"@id\":\"https:\\\/\\\/eltrabajo.cl\\\/web\\\/sufrio-acv-que-lo-llevo-a-vender-todo-y-hoy-vende-super-8-en-silla-de-ruedas\\\/#breadcrumb\"},\"inLanguage\":\"es-CL\",\"potentialAction\":[{\"@type\":\"ReadAction\",\"target\":[\"https:\\\/\\\/eltrabajo.cl\\\/web\\\/sufrio-acv-que-lo-llevo-a-vender-todo-y-hoy-vende-super-8-en-silla-de-ruedas\\\/\"]}]},{\"@type\":\"ImageObject\",\"inLanguage\":\"es-CL\",\"@id\":\"https:\\\/\\\/eltrabajo.cl\\\/web\\\/sufrio-acv-que-lo-llevo-a-vender-todo-y-hoy-vende-super-8-en-silla-de-ruedas\\\/#primaryimage\",\"url\":\"https:\\\/\\\/eltrabajo.cl\\\/web\\\/wp-content\\\/uploads\\\/2024\\\/07\\\/Avilio-Antonio-Gonzalez-Zurita.jpg\",\"contentUrl\":\"https:\\\/\\\/eltrabajo.cl\\\/web\\\/wp-content\\\/uploads\\\/2024\\\/07\\\/Avilio-Antonio-Gonzalez-Zurita.jpg\",\"width\":700,\"height\":525,\"caption\":\"Avilio sosteniendo un S\u00faper 8 en su mano derecha, producto que vende en su silla de ruedas en el paradero de calle Freire.\"},{\"@type\":\"BreadcrumbList\",\"@id\":\"https:\\\/\\\/eltrabajo.cl\\\/web\\\/sufrio-acv-que-lo-llevo-a-vender-todo-y-hoy-vende-super-8-en-silla-de-ruedas\\\/#breadcrumb\",\"itemListElement\":[{\"@type\":\"ListItem\",\"position\":1,\"name\":\"Portada\",\"item\":\"https:\\\/\\\/eltrabajo.cl\\\/web\\\/\"},{\"@type\":\"ListItem\",\"position\":2,\"name\":\"Sufri\u00f3 ACV que lo llev\u00f3 a vender todo y hoy vende S\u00faper 8 en silla de ruedas\"}]},{\"@type\":\"WebSite\",\"@id\":\"https:\\\/\\\/eltrabajo.cl\\\/web\\\/#website\",\"url\":\"https:\\\/\\\/eltrabajo.cl\\\/web\\\/\",\"name\":\"Diario El Trabajo\",\"description\":\"Desde 1929 construyendo Identidad Local\",\"publisher\":{\"@id\":\"https:\\\/\\\/eltrabajo.cl\\\/web\\\/#organization\"},\"potentialAction\":[{\"@type\":\"SearchAction\",\"target\":{\"@type\":\"EntryPoint\",\"urlTemplate\":\"https:\\\/\\\/eltrabajo.cl\\\/web\\\/?s={search_term_string}\"},\"query-input\":{\"@type\":\"PropertyValueSpecification\",\"valueRequired\":true,\"valueName\":\"search_term_string\"}}],\"inLanguage\":\"es-CL\"},{\"@type\":\"Organization\",\"@id\":\"https:\\\/\\\/eltrabajo.cl\\\/web\\\/#organization\",\"name\":\"Diario El Trabajo\",\"url\":\"https:\\\/\\\/eltrabajo.cl\\\/web\\\/\",\"logo\":{\"@type\":\"ImageObject\",\"inLanguage\":\"es-CL\",\"@id\":\"https:\\\/\\\/eltrabajo.cl\\\/web\\\/#\\\/schema\\\/logo\\\/image\\\/\",\"url\":\"https:\\\/\\\/eltrabajo.cl\\\/web\\\/wp-content\\\/uploads\\\/2024\\\/06\\\/profile-image-ig-page-diarioeltrabajo.jpg\",\"contentUrl\":\"https:\\\/\\\/eltrabajo.cl\\\/web\\\/wp-content\\\/uploads\\\/2024\\\/06\\\/profile-image-ig-page-diarioeltrabajo.jpg\",\"width\":823,\"height\":823,\"caption\":\"Diario El Trabajo\"},\"image\":{\"@id\":\"https:\\\/\\\/eltrabajo.cl\\\/web\\\/#\\\/schema\\\/logo\\\/image\\\/\"},\"sameAs\":[\"https:\\\/\\\/www.facebook.com\\\/ElTrabajoDiario\",\"https:\\\/\\\/x.com\\\/diarioeltrabajo\"]},{\"@type\":\"Person\",\"@id\":\"https:\\\/\\\/eltrabajo.cl\\\/web\\\/#\\\/schema\\\/person\\\/45efd3d17f86ec456e44dd7debe1bf19\",\"name\":\"Diario El Trabajo\",\"image\":{\"@type\":\"ImageObject\",\"inLanguage\":\"es-CL\",\"@id\":\"https:\\\/\\\/secure.gravatar.com\\\/avatar\\\/7e6ec277dc4aea2677c2dc301d4227957219329c985ab69a3efc12518b5161aa?s=96&d=mm&r=g\",\"url\":\"https:\\\/\\\/secure.gravatar.com\\\/avatar\\\/7e6ec277dc4aea2677c2dc301d4227957219329c985ab69a3efc12518b5161aa?s=96&d=mm&r=g\",\"contentUrl\":\"https:\\\/\\\/secure.gravatar.com\\\/avatar\\\/7e6ec277dc4aea2677c2dc301d4227957219329c985ab69a3efc12518b5161aa?s=96&d=mm&r=g\",\"caption\":\"Diario El Trabajo\"},\"sameAs\":[\"https:\\\/\\\/eltrabajo.cl\\\/web\"],\"url\":\"https:\\\/\\\/eltrabajo.cl\\\/web\\\/author\\\/diario-el-trabajo\\\/\"}]}<\/script>\n<!-- \/ Yoast SEO plugin. -->","yoast_head_json":{"title":"Sufri\u00f3 ACV que lo llev\u00f3 a vender todo y hoy vende S\u00faper 8 en silla de ruedas - Diario El Trabajo","robots":{"index":"index","follow":"follow","max-snippet":"max-snippet:-1","max-image-preview":"max-image-preview:large","max-video-preview":"max-video-preview:-1"},"canonical":"https:\/\/eltrabajo.cl\/web\/sufrio-acv-que-lo-llevo-a-vender-todo-y-hoy-vende-super-8-en-silla-de-ruedas\/","og_locale":"es_ES","og_type":"article","og_title":"Sufri\u00f3 ACV que lo llev\u00f3 a vender todo y hoy vende S\u00faper 8 en silla de ruedas - Diario El Trabajo","og_description":"Conductor de colectivos y micro por a\u00f1os: M\u00e1s de alguno de nuestros lectores fue trasladado por Avilio Antonio Gonz\u00e1lez Zurita, de 62 a\u00f1os de edad, cuando trabajaba como conductor de taxis colectivos o micros. Hoy lo vemos diariamente en el paradero de Freire con Coimas, en silla de ruedas, vendiendo el famoso S\u00faper 8. Esto [&hellip;]","og_url":"https:\/\/eltrabajo.cl\/web\/sufrio-acv-que-lo-llevo-a-vender-todo-y-hoy-vende-super-8-en-silla-de-ruedas\/","og_site_name":"Diario El Trabajo","article_publisher":"https:\/\/www.facebook.com\/ElTrabajoDiario","article_published_time":"2024-07-30T02:05:47+00:00","og_image":[{"width":700,"height":525,"url":"https:\/\/eltrabajo.cl\/web\/wp-content\/uploads\/2024\/07\/Avilio-Antonio-Gonzalez-Zurita.jpg","type":"image\/jpeg"}],"author":"Diario El Trabajo","twitter_card":"summary_large_image","twitter_creator":"@diarioeltrabajo","twitter_site":"@diarioeltrabajo","twitter_misc":{"Escrito por":"Diario El Trabajo","Tiempo estimado de lectura":"4 minutos"},"schema":{"@context":"https:\/\/schema.org","@graph":[{"@type":"Article","@id":"https:\/\/eltrabajo.cl\/web\/sufrio-acv-que-lo-llevo-a-vender-todo-y-hoy-vende-super-8-en-silla-de-ruedas\/#article","isPartOf":{"@id":"https:\/\/eltrabajo.cl\/web\/sufrio-acv-que-lo-llevo-a-vender-todo-y-hoy-vende-super-8-en-silla-de-ruedas\/"},"author":{"name":"Diario El Trabajo","@id":"https:\/\/eltrabajo.cl\/web\/#\/schema\/person\/45efd3d17f86ec456e44dd7debe1bf19"},"headline":"Sufri\u00f3 ACV que lo llev\u00f3 a vender todo y hoy vende S\u00faper 8 en silla de ruedas","datePublished":"2024-07-30T02:05:47+00:00","mainEntityOfPage":{"@id":"https:\/\/eltrabajo.cl\/web\/sufrio-acv-que-lo-llevo-a-vender-todo-y-hoy-vende-super-8-en-silla-de-ruedas\/"},"wordCount":640,"commentCount":0,"publisher":{"@id":"https:\/\/eltrabajo.cl\/web\/#organization"},"image":{"@id":"https:\/\/eltrabajo.cl\/web\/sufrio-acv-que-lo-llevo-a-vender-todo-y-hoy-vende-super-8-en-silla-de-ruedas\/#primaryimage"},"thumbnailUrl":"https:\/\/eltrabajo.cl\/web\/wp-content\/uploads\/2024\/07\/Avilio-Antonio-Gonzalez-Zurita.jpg","articleSection":["Comunidad"],"inLanguage":"es-CL","potentialAction":[{"@type":"CommentAction","name":"Comment","target":["https:\/\/eltrabajo.cl\/web\/sufrio-acv-que-lo-llevo-a-vender-todo-y-hoy-vende-super-8-en-silla-de-ruedas\/#respond"]}]},{"@type":"WebPage","@id":"https:\/\/eltrabajo.cl\/web\/sufrio-acv-que-lo-llevo-a-vender-todo-y-hoy-vende-super-8-en-silla-de-ruedas\/","url":"https:\/\/eltrabajo.cl\/web\/sufrio-acv-que-lo-llevo-a-vender-todo-y-hoy-vende-super-8-en-silla-de-ruedas\/","name":"Sufri\u00f3 ACV que lo llev\u00f3 a vender todo y hoy vende S\u00faper 8 en silla de ruedas - Diario El Trabajo","isPartOf":{"@id":"https:\/\/eltrabajo.cl\/web\/#website"},"primaryImageOfPage":{"@id":"https:\/\/eltrabajo.cl\/web\/sufrio-acv-que-lo-llevo-a-vender-todo-y-hoy-vende-super-8-en-silla-de-ruedas\/#primaryimage"},"image":{"@id":"https:\/\/eltrabajo.cl\/web\/sufrio-acv-que-lo-llevo-a-vender-todo-y-hoy-vende-super-8-en-silla-de-ruedas\/#primaryimage"},"thumbnailUrl":"https:\/\/eltrabajo.cl\/web\/wp-content\/uploads\/2024\/07\/Avilio-Antonio-Gonzalez-Zurita.jpg","datePublished":"2024-07-30T02:05:47+00:00","breadcrumb":{"@id":"https:\/\/eltrabajo.cl\/web\/sufrio-acv-que-lo-llevo-a-vender-todo-y-hoy-vende-super-8-en-silla-de-ruedas\/#breadcrumb"},"inLanguage":"es-CL","potentialAction":[{"@type":"ReadAction","target":["https:\/\/eltrabajo.cl\/web\/sufrio-acv-que-lo-llevo-a-vender-todo-y-hoy-vende-super-8-en-silla-de-ruedas\/"]}]},{"@type":"ImageObject","inLanguage":"es-CL","@id":"https:\/\/eltrabajo.cl\/web\/sufrio-acv-que-lo-llevo-a-vender-todo-y-hoy-vende-super-8-en-silla-de-ruedas\/#primaryimage","url":"https:\/\/eltrabajo.cl\/web\/wp-content\/uploads\/2024\/07\/Avilio-Antonio-Gonzalez-Zurita.jpg","contentUrl":"https:\/\/eltrabajo.cl\/web\/wp-content\/uploads\/2024\/07\/Avilio-Antonio-Gonzalez-Zurita.jpg","width":700,"height":525,"caption":"Avilio sosteniendo un S\u00faper 8 en su mano derecha, producto que vende en su silla de ruedas en el paradero de calle Freire."},{"@type":"BreadcrumbList","@id":"https:\/\/eltrabajo.cl\/web\/sufrio-acv-que-lo-llevo-a-vender-todo-y-hoy-vende-super-8-en-silla-de-ruedas\/#breadcrumb","itemListElement":[{"@type":"ListItem","position":1,"name":"Portada","item":"https:\/\/eltrabajo.cl\/web\/"},{"@type":"ListItem","position":2,"name":"Sufri\u00f3 ACV que lo llev\u00f3 a vender todo y hoy vende S\u00faper 8 en silla de ruedas"}]},{"@type":"WebSite","@id":"https:\/\/eltrabajo.cl\/web\/#website","url":"https:\/\/eltrabajo.cl\/web\/","name":"Diario El Trabajo","description":"Desde 1929 construyendo Identidad Local","publisher":{"@id":"https:\/\/eltrabajo.cl\/web\/#organization"},"potentialAction":[{"@type":"SearchAction","target":{"@type":"EntryPoint","urlTemplate":"https:\/\/eltrabajo.cl\/web\/?s={search_term_string}"},"query-input":{"@type":"PropertyValueSpecification","valueRequired":true,"valueName":"search_term_string"}}],"inLanguage":"es-CL"},{"@type":"Organization","@id":"https:\/\/eltrabajo.cl\/web\/#organization","name":"Diario El Trabajo","url":"https:\/\/eltrabajo.cl\/web\/","logo":{"@type":"ImageObject","inLanguage":"es-CL","@id":"https:\/\/eltrabajo.cl\/web\/#\/schema\/logo\/image\/","url":"https:\/\/eltrabajo.cl\/web\/wp-content\/uploads\/2024\/06\/profile-image-ig-page-diarioeltrabajo.jpg","contentUrl":"https:\/\/eltrabajo.cl\/web\/wp-content\/uploads\/2024\/06\/profile-image-ig-page-diarioeltrabajo.jpg","width":823,"height":823,"caption":"Diario El Trabajo"},"image":{"@id":"https:\/\/eltrabajo.cl\/web\/#\/schema\/logo\/image\/"},"sameAs":["https:\/\/www.facebook.com\/ElTrabajoDiario","https:\/\/x.com\/diarioeltrabajo"]},{"@type":"Person","@id":"https:\/\/eltrabajo.cl\/web\/#\/schema\/person\/45efd3d17f86ec456e44dd7debe1bf19","name":"Diario El Trabajo","image":{"@type":"ImageObject","inLanguage":"es-CL","@id":"https:\/\/secure.gravatar.com\/avatar\/7e6ec277dc4aea2677c2dc301d4227957219329c985ab69a3efc12518b5161aa?s=96&d=mm&r=g","url":"https:\/\/secure.gravatar.com\/avatar\/7e6ec277dc4aea2677c2dc301d4227957219329c985ab69a3efc12518b5161aa?s=96&d=mm&r=g","contentUrl":"https:\/\/secure.gravatar.com\/avatar\/7e6ec277dc4aea2677c2dc301d4227957219329c985ab69a3efc12518b5161aa?s=96&d=mm&r=g","caption":"Diario El Trabajo"},"sameAs":["https:\/\/eltrabajo.cl\/web"],"url":"https:\/\/eltrabajo.cl\/web\/author\/diario-el-trabajo\/"}]}},"_links":{"self":[{"href":"https:\/\/eltrabajo.cl\/web\/wp-json\/wp\/v2\/posts\/131154","targetHints":{"allow":["GET"]}}],"collection":[{"href":"https:\/\/eltrabajo.cl\/web\/wp-json\/wp\/v2\/posts"}],"about":[{"href":"https:\/\/eltrabajo.cl\/web\/wp-json\/wp\/v2\/types\/post"}],"author":[{"embeddable":true,"href":"https:\/\/eltrabajo.cl\/web\/wp-json\/wp\/v2\/users\/1"}],"replies":[{"embeddable":true,"href":"https:\/\/eltrabajo.cl\/web\/wp-json\/wp\/v2\/comments?post=131154"}],"version-history":[{"count":0,"href":"https:\/\/eltrabajo.cl\/web\/wp-json\/wp\/v2\/posts\/131154\/revisions"}],"wp:featuredmedia":[{"embeddable":true,"href":"https:\/\/eltrabajo.cl\/web\/wp-json\/wp\/v2\/media\/131155"}],"wp:attachment":[{"href":"https:\/\/eltrabajo.cl\/web\/wp-json\/wp\/v2\/media?parent=131154"}],"wp:term":[{"taxonomy":"category","embeddable":true,"href":"https:\/\/eltrabajo.cl\/web\/wp-json\/wp\/v2\/categories?post=131154"},{"taxonomy":"post_tag","embeddable":true,"href":"https:\/\/eltrabajo.cl\/web\/wp-json\/wp\/v2\/tags?post=131154"}],"curies":[{"name":"wp","href":"https:\/\/api.w.org\/{rel}","templated":true}]}}