{"id":131178,"date":"2024-07-30T22:50:00","date_gmt":"2024-07-31T01:50:00","guid":{"rendered":"https:\/\/eltrabajo.cl\/web\/?p=131178"},"modified":"2024-07-30T22:16:52","modified_gmt":"2024-07-31T01:16:52","slug":"uci-del-hospital-san-camilo-celebra-hoy-sus-30-anos-de-trayectoria","status":"publish","type":"post","link":"https:\/\/eltrabajo.cl\/web\/uci-del-hospital-san-camilo-celebra-hoy-sus-30-anos-de-trayectoria\/","title":{"rendered":"UCI del Hospital San Camilo celebra hoy sus 30 a\u00f1os de trayectoria"},"content":{"rendered":"<ul>\n<li><strong>El \u00e1rea m\u00e9dica en pandemia fue uno de los principales centros de referencia del Valle del Aconcagua.-<\/strong><\/li>\n<\/ul>\n<p>La Unidad de Cuidados Intensivos, \u00e1rea que se encuentra dentro de la Unidad de Paciente Cr\u00edtico (UPC) junto a la Unidad de Tratamientos Intensivos (UTI), hoy celebra sus 30 a\u00f1os de trayectoria. Este importante sector brinda atenci\u00f3n a usuarios que se encuentran bajo riesgo vital, entreg\u00e1ndoles un soporte avanzado y una monitorizaci\u00f3n para el restablecimiento de sus funciones vitales, bajo la atenci\u00f3n de un equipo multidisciplinario.<\/p>\n<p>La ceremonia estar\u00e1 acompa\u00f1ada por funcionarios, la direcci\u00f3n del recinto hospitalario y algunas autoridades municipales y del Servicio de Salud. Adem\u00e1s, asistir\u00e1n pacientes con sus familiares, entre ellos, la primera mujer que recibi\u00f3 atenci\u00f3n cuando se constituy\u00f3 la unidad m\u00e9dica.<\/p>\n<p>La entidad fue fundada el 2 de agosto de 1994 por el doctor <strong>Alejandro Tamborero,<\/strong> siendo en primera instancia solo UCI adulto. Actualmente, el jefe de la unidad es el doctor <strong>Navor Uribe<\/strong> y su supervisora es la enfermera <strong>Daniela Donoso<\/strong>.<\/p>\n<p>Con una atenci\u00f3n de pacientes desde los 15 a\u00f1os de edad, el \u00e1rea m\u00e9dica trata a enfermos que presentan fallas en uno o varios \u00f3rganos. Cuenta con varias especialidades que asisten patolog\u00edas respiratorias, coronarias, neurol\u00f3gicas, neurocr\u00edtico, politraumatismos, grandes quemaduras, entre otras.<\/p>\n<p>La UPC, unidad donde se encuentra la UCI, cuenta con un personal de m\u00e1s de 100 funcionarios, algunos de ellos t\u00e9cnicos param\u00e9dicos, enfermeras, auxiliares, m\u00e9dicos, equipos de rehabilitaci\u00f3n, kinesi\u00f3logos y otros profesionales.<\/p>\n<p>Actualmente cuentan con 12 camas UCI y 15 UTI, recursos que se vieron incrementados con la llegada de la pandemia. En cuanto a tecnolog\u00edas m\u00e9dicas, hoy la unidad cuenta con di\u00e1lisis continua, scanner, resonancias, ecograf\u00edas, lo que les permite ser un centro de mayor complejidad.<\/p>\n<p>Si bien siempre ha existido una deficiencia de tecnolog\u00edas, la unidad cuenta con lo necesario para brindar una atenci\u00f3n de calidad a los pacientes.<\/p>\n<p>Finalmente, <strong>Pierina Cantillano,<\/strong> enfermera cl\u00ednica de la UPC de adultos, nos explic\u00f3 con mayor detalle lo que realiza la Unidad de Cuidados Intensivos. <em>\u00abNosotros recibimos pacientes muy graves, que est\u00e1n luchando por su vida. Por lo tanto debemos brindarle soporte en cada una de sus funciones vitales, asistencia ventilatoria, drogas para mantener su presi\u00f3n arterial, sedaci\u00f3n, manejo del dolor, di\u00e1lisis en aquellos pacientes con falla renal, adem\u00e1s de aquellas peque\u00f1as acciones que muchas veces la gente desconoce como cambios de posici\u00f3n, aseo y confort, asistencia espiritual y algo muy importante: el acompa\u00f1amiento a sus familias, ellos sufren angustia e incertidumbre ante la situaci\u00f3n de su familiar. <\/em><\/p>\n<p>\u00ab<em>Gran parte de los pacientes que logran vencer en esta batalla, deben comenzar de nuevo, volver a caminar, a comer, poder vestirse, retomar sus vidas, para lo cual contamos con un gran equipo de rehabilitaci\u00f3n que nos ayude a que puedan retornar a sus hogares en las mejores condiciones posibles. Por otra parte, est\u00e1n aquellos pacientes que no logran sobrevivir, para lo cual es muy importante permitir un buen morir, sin dolor, acompa\u00f1ados, sus familiares y cercanos puedan despedirse y tengan el apoyo que requieren\u00bb, <\/em>cerr\u00f3.<\/p>\n<figure id=\"attachment_131179\" aria-describedby=\"caption-attachment-131179\" style=\"width: 698px\" class=\"wp-caption alignnone\"><img loading=\"lazy\" decoding=\"async\" class=\"size-full wp-image-131179\" src=\"https:\/\/eltrabajo.cl\/web\/wp-content\/uploads\/2024\/07\/UCI-san-camilo-1.jpg\" alt=\"Este mi\u00e9rcoles la Unidad de Cuidados Intensivos celebra 30 a\u00f1os de trayectoria.\" width=\"698\" height=\"373\" srcset=\"https:\/\/eltrabajo.cl\/web\/wp-content\/uploads\/2024\/07\/UCI-san-camilo-1.jpg 698w, https:\/\/eltrabajo.cl\/web\/wp-content\/uploads\/2024\/07\/UCI-san-camilo-1-300x160.jpg 300w, https:\/\/eltrabajo.cl\/web\/wp-content\/uploads\/2024\/07\/UCI-san-camilo-1-150x80.jpg 150w, https:\/\/eltrabajo.cl\/web\/wp-content\/uploads\/2024\/07\/UCI-san-camilo-1-696x373.jpg 696w\" sizes=\"auto, (max-width: 698px) 100vw, 698px\" \/><figcaption id=\"caption-attachment-131179\" class=\"wp-caption-text\">Este mi\u00e9rcoles la Unidad de Cuidados Intensivos celebra 30 a\u00f1os de trayectoria.<\/figcaption><\/figure>\n","protected":false},"excerpt":{"rendered":"<p>El \u00e1rea m\u00e9dica en pandemia fue uno de los principales centros de referencia del Valle del Aconcagua.- La Unidad de Cuidados Intensivos, \u00e1rea que se encuentra dentro de la Unidad de Paciente Cr\u00edtico (UPC) junto a la Unidad de Tratamientos Intensivos (UTI), hoy celebra sus 30 a\u00f1os de trayectoria. Este importante sector brinda atenci\u00f3n a [&hellip;]<\/p>\n","protected":false},"author":1,"featured_media":131179,"comment_status":"open","ping_status":"closed","sticky":false,"template":"","format":"standard","meta":{"footnotes":""},"categories":[4],"tags":[],"class_list":{"0":"post-131178","1":"post","2":"type-post","3":"status-publish","4":"format-standard","5":"has-post-thumbnail","7":"category-comunidad"},"yoast_head":"<!-- This site is optimized with the Yoast SEO plugin v27.4 - https:\/\/yoast.com\/product\/yoast-seo-wordpress\/ -->\n<title>UCI del Hospital San Camilo celebra hoy sus 30 a\u00f1os de trayectoria - Diario El Trabajo<\/title>\n<meta name=\"robots\" content=\"index, follow, max-snippet:-1, max-image-preview:large, max-video-preview:-1\" \/>\n<link rel=\"canonical\" href=\"https:\/\/eltrabajo.cl\/web\/uci-del-hospital-san-camilo-celebra-hoy-sus-30-anos-de-trayectoria\/\" \/>\n<meta property=\"og:locale\" content=\"es_ES\" \/>\n<meta property=\"og:type\" content=\"article\" \/>\n<meta property=\"og:title\" content=\"UCI del Hospital San Camilo celebra hoy sus 30 a\u00f1os de trayectoria - Diario El Trabajo\" \/>\n<meta property=\"og:description\" content=\"El \u00e1rea m\u00e9dica en pandemia fue uno de los principales centros de referencia del Valle del Aconcagua.- La Unidad de Cuidados Intensivos, \u00e1rea que se encuentra dentro de la Unidad de Paciente Cr\u00edtico (UPC) junto a la Unidad de Tratamientos Intensivos (UTI), hoy celebra sus 30 a\u00f1os de trayectoria. Este importante sector brinda atenci\u00f3n a [&hellip;]\" \/>\n<meta property=\"og:url\" content=\"https:\/\/eltrabajo.cl\/web\/uci-del-hospital-san-camilo-celebra-hoy-sus-30-anos-de-trayectoria\/\" \/>\n<meta property=\"og:site_name\" content=\"Diario El Trabajo\" \/>\n<meta property=\"article:publisher\" content=\"https:\/\/www.facebook.com\/ElTrabajoDiario\" \/>\n<meta property=\"article:published_time\" content=\"2024-07-31T01:50:00+00:00\" \/>\n<meta property=\"og:image\" content=\"https:\/\/eltrabajo.cl\/web\/wp-content\/uploads\/2024\/07\/UCI-san-camilo-1.jpg\" \/>\n\t<meta property=\"og:image:width\" content=\"698\" \/>\n\t<meta property=\"og:image:height\" content=\"373\" \/>\n\t<meta property=\"og:image:type\" content=\"image\/jpeg\" \/>\n<meta name=\"author\" content=\"Diario El Trabajo\" \/>\n<meta name=\"twitter:card\" content=\"summary_large_image\" \/>\n<meta name=\"twitter:creator\" content=\"@diarioeltrabajo\" \/>\n<meta name=\"twitter:site\" content=\"@diarioeltrabajo\" \/>\n<meta name=\"twitter:label1\" content=\"Escrito por\" \/>\n\t<meta name=\"twitter:data1\" content=\"Diario El Trabajo\" \/>\n\t<meta name=\"twitter:label2\" content=\"Tiempo estimado de lectura\" \/>\n\t<meta name=\"twitter:data2\" content=\"3 minutos\" \/>\n<script type=\"application\/ld+json\" class=\"yoast-schema-graph\">{\"@context\":\"https:\\\/\\\/schema.org\",\"@graph\":[{\"@type\":\"Article\",\"@id\":\"https:\\\/\\\/eltrabajo.cl\\\/web\\\/uci-del-hospital-san-camilo-celebra-hoy-sus-30-anos-de-trayectoria\\\/#article\",\"isPartOf\":{\"@id\":\"https:\\\/\\\/eltrabajo.cl\\\/web\\\/uci-del-hospital-san-camilo-celebra-hoy-sus-30-anos-de-trayectoria\\\/\"},\"author\":{\"name\":\"Diario El Trabajo\",\"@id\":\"https:\\\/\\\/eltrabajo.cl\\\/web\\\/#\\\/schema\\\/person\\\/45efd3d17f86ec456e44dd7debe1bf19\"},\"headline\":\"UCI del Hospital San Camilo celebra hoy sus 30 a\u00f1os de trayectoria\",\"datePublished\":\"2024-07-31T01:50:00+00:00\",\"mainEntityOfPage\":{\"@id\":\"https:\\\/\\\/eltrabajo.cl\\\/web\\\/uci-del-hospital-san-camilo-celebra-hoy-sus-30-anos-de-trayectoria\\\/\"},\"wordCount\":568,\"commentCount\":0,\"publisher\":{\"@id\":\"https:\\\/\\\/eltrabajo.cl\\\/web\\\/#organization\"},\"image\":{\"@id\":\"https:\\\/\\\/eltrabajo.cl\\\/web\\\/uci-del-hospital-san-camilo-celebra-hoy-sus-30-anos-de-trayectoria\\\/#primaryimage\"},\"thumbnailUrl\":\"https:\\\/\\\/eltrabajo.cl\\\/web\\\/wp-content\\\/uploads\\\/2024\\\/07\\\/UCI-san-camilo-1.jpg\",\"articleSection\":[\"Comunidad\"],\"inLanguage\":\"es-CL\",\"potentialAction\":[{\"@type\":\"CommentAction\",\"name\":\"Comment\",\"target\":[\"https:\\\/\\\/eltrabajo.cl\\\/web\\\/uci-del-hospital-san-camilo-celebra-hoy-sus-30-anos-de-trayectoria\\\/#respond\"]}]},{\"@type\":\"WebPage\",\"@id\":\"https:\\\/\\\/eltrabajo.cl\\\/web\\\/uci-del-hospital-san-camilo-celebra-hoy-sus-30-anos-de-trayectoria\\\/\",\"url\":\"https:\\\/\\\/eltrabajo.cl\\\/web\\\/uci-del-hospital-san-camilo-celebra-hoy-sus-30-anos-de-trayectoria\\\/\",\"name\":\"UCI del Hospital San Camilo celebra hoy sus 30 a\u00f1os de trayectoria - Diario El Trabajo\",\"isPartOf\":{\"@id\":\"https:\\\/\\\/eltrabajo.cl\\\/web\\\/#website\"},\"primaryImageOfPage\":{\"@id\":\"https:\\\/\\\/eltrabajo.cl\\\/web\\\/uci-del-hospital-san-camilo-celebra-hoy-sus-30-anos-de-trayectoria\\\/#primaryimage\"},\"image\":{\"@id\":\"https:\\\/\\\/eltrabajo.cl\\\/web\\\/uci-del-hospital-san-camilo-celebra-hoy-sus-30-anos-de-trayectoria\\\/#primaryimage\"},\"thumbnailUrl\":\"https:\\\/\\\/eltrabajo.cl\\\/web\\\/wp-content\\\/uploads\\\/2024\\\/07\\\/UCI-san-camilo-1.jpg\",\"datePublished\":\"2024-07-31T01:50:00+00:00\",\"breadcrumb\":{\"@id\":\"https:\\\/\\\/eltrabajo.cl\\\/web\\\/uci-del-hospital-san-camilo-celebra-hoy-sus-30-anos-de-trayectoria\\\/#breadcrumb\"},\"inLanguage\":\"es-CL\",\"potentialAction\":[{\"@type\":\"ReadAction\",\"target\":[\"https:\\\/\\\/eltrabajo.cl\\\/web\\\/uci-del-hospital-san-camilo-celebra-hoy-sus-30-anos-de-trayectoria\\\/\"]}]},{\"@type\":\"ImageObject\",\"inLanguage\":\"es-CL\",\"@id\":\"https:\\\/\\\/eltrabajo.cl\\\/web\\\/uci-del-hospital-san-camilo-celebra-hoy-sus-30-anos-de-trayectoria\\\/#primaryimage\",\"url\":\"https:\\\/\\\/eltrabajo.cl\\\/web\\\/wp-content\\\/uploads\\\/2024\\\/07\\\/UCI-san-camilo-1.jpg\",\"contentUrl\":\"https:\\\/\\\/eltrabajo.cl\\\/web\\\/wp-content\\\/uploads\\\/2024\\\/07\\\/UCI-san-camilo-1.jpg\",\"width\":698,\"height\":373,\"caption\":\"Este mi\u00e9rcoles la Unidad de Cuidados Intensivos celebra 30 a\u00f1os de trayectoria.\"},{\"@type\":\"BreadcrumbList\",\"@id\":\"https:\\\/\\\/eltrabajo.cl\\\/web\\\/uci-del-hospital-san-camilo-celebra-hoy-sus-30-anos-de-trayectoria\\\/#breadcrumb\",\"itemListElement\":[{\"@type\":\"ListItem\",\"position\":1,\"name\":\"Portada\",\"item\":\"https:\\\/\\\/eltrabajo.cl\\\/web\\\/\"},{\"@type\":\"ListItem\",\"position\":2,\"name\":\"UCI del Hospital San Camilo celebra hoy sus 30 a\u00f1os de trayectoria\"}]},{\"@type\":\"WebSite\",\"@id\":\"https:\\\/\\\/eltrabajo.cl\\\/web\\\/#website\",\"url\":\"https:\\\/\\\/eltrabajo.cl\\\/web\\\/\",\"name\":\"Diario El Trabajo\",\"description\":\"Desde 1929 construyendo Identidad Local\",\"publisher\":{\"@id\":\"https:\\\/\\\/eltrabajo.cl\\\/web\\\/#organization\"},\"potentialAction\":[{\"@type\":\"SearchAction\",\"target\":{\"@type\":\"EntryPoint\",\"urlTemplate\":\"https:\\\/\\\/eltrabajo.cl\\\/web\\\/?s={search_term_string}\"},\"query-input\":{\"@type\":\"PropertyValueSpecification\",\"valueRequired\":true,\"valueName\":\"search_term_string\"}}],\"inLanguage\":\"es-CL\"},{\"@type\":\"Organization\",\"@id\":\"https:\\\/\\\/eltrabajo.cl\\\/web\\\/#organization\",\"name\":\"Diario El Trabajo\",\"url\":\"https:\\\/\\\/eltrabajo.cl\\\/web\\\/\",\"logo\":{\"@type\":\"ImageObject\",\"inLanguage\":\"es-CL\",\"@id\":\"https:\\\/\\\/eltrabajo.cl\\\/web\\\/#\\\/schema\\\/logo\\\/image\\\/\",\"url\":\"https:\\\/\\\/eltrabajo.cl\\\/web\\\/wp-content\\\/uploads\\\/2024\\\/06\\\/profile-image-ig-page-diarioeltrabajo.jpg\",\"contentUrl\":\"https:\\\/\\\/eltrabajo.cl\\\/web\\\/wp-content\\\/uploads\\\/2024\\\/06\\\/profile-image-ig-page-diarioeltrabajo.jpg\",\"width\":823,\"height\":823,\"caption\":\"Diario El Trabajo\"},\"image\":{\"@id\":\"https:\\\/\\\/eltrabajo.cl\\\/web\\\/#\\\/schema\\\/logo\\\/image\\\/\"},\"sameAs\":[\"https:\\\/\\\/www.facebook.com\\\/ElTrabajoDiario\",\"https:\\\/\\\/x.com\\\/diarioeltrabajo\"]},{\"@type\":\"Person\",\"@id\":\"https:\\\/\\\/eltrabajo.cl\\\/web\\\/#\\\/schema\\\/person\\\/45efd3d17f86ec456e44dd7debe1bf19\",\"name\":\"Diario El Trabajo\",\"image\":{\"@type\":\"ImageObject\",\"inLanguage\":\"es-CL\",\"@id\":\"https:\\\/\\\/secure.gravatar.com\\\/avatar\\\/7e6ec277dc4aea2677c2dc301d4227957219329c985ab69a3efc12518b5161aa?s=96&d=mm&r=g\",\"url\":\"https:\\\/\\\/secure.gravatar.com\\\/avatar\\\/7e6ec277dc4aea2677c2dc301d4227957219329c985ab69a3efc12518b5161aa?s=96&d=mm&r=g\",\"contentUrl\":\"https:\\\/\\\/secure.gravatar.com\\\/avatar\\\/7e6ec277dc4aea2677c2dc301d4227957219329c985ab69a3efc12518b5161aa?s=96&d=mm&r=g\",\"caption\":\"Diario El Trabajo\"},\"sameAs\":[\"https:\\\/\\\/eltrabajo.cl\\\/web\"],\"url\":\"https:\\\/\\\/eltrabajo.cl\\\/web\\\/author\\\/diario-el-trabajo\\\/\"}]}<\/script>\n<!-- \/ Yoast SEO plugin. -->","yoast_head_json":{"title":"UCI del Hospital San Camilo celebra hoy sus 30 a\u00f1os de trayectoria - Diario El Trabajo","robots":{"index":"index","follow":"follow","max-snippet":"max-snippet:-1","max-image-preview":"max-image-preview:large","max-video-preview":"max-video-preview:-1"},"canonical":"https:\/\/eltrabajo.cl\/web\/uci-del-hospital-san-camilo-celebra-hoy-sus-30-anos-de-trayectoria\/","og_locale":"es_ES","og_type":"article","og_title":"UCI del Hospital San Camilo celebra hoy sus 30 a\u00f1os de trayectoria - Diario El Trabajo","og_description":"El \u00e1rea m\u00e9dica en pandemia fue uno de los principales centros de referencia del Valle del Aconcagua.- La Unidad de Cuidados Intensivos, \u00e1rea que se encuentra dentro de la Unidad de Paciente Cr\u00edtico (UPC) junto a la Unidad de Tratamientos Intensivos (UTI), hoy celebra sus 30 a\u00f1os de trayectoria. Este importante sector brinda atenci\u00f3n a [&hellip;]","og_url":"https:\/\/eltrabajo.cl\/web\/uci-del-hospital-san-camilo-celebra-hoy-sus-30-anos-de-trayectoria\/","og_site_name":"Diario El Trabajo","article_publisher":"https:\/\/www.facebook.com\/ElTrabajoDiario","article_published_time":"2024-07-31T01:50:00+00:00","og_image":[{"width":698,"height":373,"url":"https:\/\/eltrabajo.cl\/web\/wp-content\/uploads\/2024\/07\/UCI-san-camilo-1.jpg","type":"image\/jpeg"}],"author":"Diario El Trabajo","twitter_card":"summary_large_image","twitter_creator":"@diarioeltrabajo","twitter_site":"@diarioeltrabajo","twitter_misc":{"Escrito por":"Diario El Trabajo","Tiempo estimado de lectura":"3 minutos"},"schema":{"@context":"https:\/\/schema.org","@graph":[{"@type":"Article","@id":"https:\/\/eltrabajo.cl\/web\/uci-del-hospital-san-camilo-celebra-hoy-sus-30-anos-de-trayectoria\/#article","isPartOf":{"@id":"https:\/\/eltrabajo.cl\/web\/uci-del-hospital-san-camilo-celebra-hoy-sus-30-anos-de-trayectoria\/"},"author":{"name":"Diario El Trabajo","@id":"https:\/\/eltrabajo.cl\/web\/#\/schema\/person\/45efd3d17f86ec456e44dd7debe1bf19"},"headline":"UCI del Hospital San Camilo celebra hoy sus 30 a\u00f1os de trayectoria","datePublished":"2024-07-31T01:50:00+00:00","mainEntityOfPage":{"@id":"https:\/\/eltrabajo.cl\/web\/uci-del-hospital-san-camilo-celebra-hoy-sus-30-anos-de-trayectoria\/"},"wordCount":568,"commentCount":0,"publisher":{"@id":"https:\/\/eltrabajo.cl\/web\/#organization"},"image":{"@id":"https:\/\/eltrabajo.cl\/web\/uci-del-hospital-san-camilo-celebra-hoy-sus-30-anos-de-trayectoria\/#primaryimage"},"thumbnailUrl":"https:\/\/eltrabajo.cl\/web\/wp-content\/uploads\/2024\/07\/UCI-san-camilo-1.jpg","articleSection":["Comunidad"],"inLanguage":"es-CL","potentialAction":[{"@type":"CommentAction","name":"Comment","target":["https:\/\/eltrabajo.cl\/web\/uci-del-hospital-san-camilo-celebra-hoy-sus-30-anos-de-trayectoria\/#respond"]}]},{"@type":"WebPage","@id":"https:\/\/eltrabajo.cl\/web\/uci-del-hospital-san-camilo-celebra-hoy-sus-30-anos-de-trayectoria\/","url":"https:\/\/eltrabajo.cl\/web\/uci-del-hospital-san-camilo-celebra-hoy-sus-30-anos-de-trayectoria\/","name":"UCI del Hospital San Camilo celebra hoy sus 30 a\u00f1os de trayectoria - Diario El Trabajo","isPartOf":{"@id":"https:\/\/eltrabajo.cl\/web\/#website"},"primaryImageOfPage":{"@id":"https:\/\/eltrabajo.cl\/web\/uci-del-hospital-san-camilo-celebra-hoy-sus-30-anos-de-trayectoria\/#primaryimage"},"image":{"@id":"https:\/\/eltrabajo.cl\/web\/uci-del-hospital-san-camilo-celebra-hoy-sus-30-anos-de-trayectoria\/#primaryimage"},"thumbnailUrl":"https:\/\/eltrabajo.cl\/web\/wp-content\/uploads\/2024\/07\/UCI-san-camilo-1.jpg","datePublished":"2024-07-31T01:50:00+00:00","breadcrumb":{"@id":"https:\/\/eltrabajo.cl\/web\/uci-del-hospital-san-camilo-celebra-hoy-sus-30-anos-de-trayectoria\/#breadcrumb"},"inLanguage":"es-CL","potentialAction":[{"@type":"ReadAction","target":["https:\/\/eltrabajo.cl\/web\/uci-del-hospital-san-camilo-celebra-hoy-sus-30-anos-de-trayectoria\/"]}]},{"@type":"ImageObject","inLanguage":"es-CL","@id":"https:\/\/eltrabajo.cl\/web\/uci-del-hospital-san-camilo-celebra-hoy-sus-30-anos-de-trayectoria\/#primaryimage","url":"https:\/\/eltrabajo.cl\/web\/wp-content\/uploads\/2024\/07\/UCI-san-camilo-1.jpg","contentUrl":"https:\/\/eltrabajo.cl\/web\/wp-content\/uploads\/2024\/07\/UCI-san-camilo-1.jpg","width":698,"height":373,"caption":"Este mi\u00e9rcoles la Unidad de Cuidados Intensivos celebra 30 a\u00f1os de trayectoria."},{"@type":"BreadcrumbList","@id":"https:\/\/eltrabajo.cl\/web\/uci-del-hospital-san-camilo-celebra-hoy-sus-30-anos-de-trayectoria\/#breadcrumb","itemListElement":[{"@type":"ListItem","position":1,"name":"Portada","item":"https:\/\/eltrabajo.cl\/web\/"},{"@type":"ListItem","position":2,"name":"UCI del Hospital San Camilo celebra hoy sus 30 a\u00f1os de trayectoria"}]},{"@type":"WebSite","@id":"https:\/\/eltrabajo.cl\/web\/#website","url":"https:\/\/eltrabajo.cl\/web\/","name":"Diario El Trabajo","description":"Desde 1929 construyendo Identidad Local","publisher":{"@id":"https:\/\/eltrabajo.cl\/web\/#organization"},"potentialAction":[{"@type":"SearchAction","target":{"@type":"EntryPoint","urlTemplate":"https:\/\/eltrabajo.cl\/web\/?s={search_term_string}"},"query-input":{"@type":"PropertyValueSpecification","valueRequired":true,"valueName":"search_term_string"}}],"inLanguage":"es-CL"},{"@type":"Organization","@id":"https:\/\/eltrabajo.cl\/web\/#organization","name":"Diario El Trabajo","url":"https:\/\/eltrabajo.cl\/web\/","logo":{"@type":"ImageObject","inLanguage":"es-CL","@id":"https:\/\/eltrabajo.cl\/web\/#\/schema\/logo\/image\/","url":"https:\/\/eltrabajo.cl\/web\/wp-content\/uploads\/2024\/06\/profile-image-ig-page-diarioeltrabajo.jpg","contentUrl":"https:\/\/eltrabajo.cl\/web\/wp-content\/uploads\/2024\/06\/profile-image-ig-page-diarioeltrabajo.jpg","width":823,"height":823,"caption":"Diario El Trabajo"},"image":{"@id":"https:\/\/eltrabajo.cl\/web\/#\/schema\/logo\/image\/"},"sameAs":["https:\/\/www.facebook.com\/ElTrabajoDiario","https:\/\/x.com\/diarioeltrabajo"]},{"@type":"Person","@id":"https:\/\/eltrabajo.cl\/web\/#\/schema\/person\/45efd3d17f86ec456e44dd7debe1bf19","name":"Diario El Trabajo","image":{"@type":"ImageObject","inLanguage":"es-CL","@id":"https:\/\/secure.gravatar.com\/avatar\/7e6ec277dc4aea2677c2dc301d4227957219329c985ab69a3efc12518b5161aa?s=96&d=mm&r=g","url":"https:\/\/secure.gravatar.com\/avatar\/7e6ec277dc4aea2677c2dc301d4227957219329c985ab69a3efc12518b5161aa?s=96&d=mm&r=g","contentUrl":"https:\/\/secure.gravatar.com\/avatar\/7e6ec277dc4aea2677c2dc301d4227957219329c985ab69a3efc12518b5161aa?s=96&d=mm&r=g","caption":"Diario El Trabajo"},"sameAs":["https:\/\/eltrabajo.cl\/web"],"url":"https:\/\/eltrabajo.cl\/web\/author\/diario-el-trabajo\/"}]}},"_links":{"self":[{"href":"https:\/\/eltrabajo.cl\/web\/wp-json\/wp\/v2\/posts\/131178","targetHints":{"allow":["GET"]}}],"collection":[{"href":"https:\/\/eltrabajo.cl\/web\/wp-json\/wp\/v2\/posts"}],"about":[{"href":"https:\/\/eltrabajo.cl\/web\/wp-json\/wp\/v2\/types\/post"}],"author":[{"embeddable":true,"href":"https:\/\/eltrabajo.cl\/web\/wp-json\/wp\/v2\/users\/1"}],"replies":[{"embeddable":true,"href":"https:\/\/eltrabajo.cl\/web\/wp-json\/wp\/v2\/comments?post=131178"}],"version-history":[{"count":1,"href":"https:\/\/eltrabajo.cl\/web\/wp-json\/wp\/v2\/posts\/131178\/revisions"}],"predecessor-version":[{"id":131180,"href":"https:\/\/eltrabajo.cl\/web\/wp-json\/wp\/v2\/posts\/131178\/revisions\/131180"}],"wp:featuredmedia":[{"embeddable":true,"href":"https:\/\/eltrabajo.cl\/web\/wp-json\/wp\/v2\/media\/131179"}],"wp:attachment":[{"href":"https:\/\/eltrabajo.cl\/web\/wp-json\/wp\/v2\/media?parent=131178"}],"wp:term":[{"taxonomy":"category","embeddable":true,"href":"https:\/\/eltrabajo.cl\/web\/wp-json\/wp\/v2\/categories?post=131178"},{"taxonomy":"post_tag","embeddable":true,"href":"https:\/\/eltrabajo.cl\/web\/wp-json\/wp\/v2\/tags?post=131178"}],"curies":[{"name":"wp","href":"https:\/\/api.w.org\/{rel}","templated":true}]}}