{"id":131185,"date":"2024-07-30T23:00:31","date_gmt":"2024-07-31T02:00:31","guid":{"rendered":"https:\/\/eltrabajo.cl\/web\/?p=131185"},"modified":"2024-07-30T22:19:26","modified_gmt":"2024-07-31T01:19:26","slug":"a-mano-armada-le-arrebatan-bicicleta-avaluada-en-3-millones-de-pesos","status":"publish","type":"post","link":"https:\/\/eltrabajo.cl\/web\/a-mano-armada-le-arrebatan-bicicleta-avaluada-en-3-millones-de-pesos\/","title":{"rendered":"A mano armada le arrebatan bicicleta avaluada en 3 millones de pesos"},"content":{"rendered":"<p>Cuatro peligrosos delincuentes, movilizados en un autom\u00f3vil, asaltaron a un ciclista este domingo rob\u00e1ndole su bicicleta avaluada en 3 millones de pesos.<\/p>\n<p>El afectado, <strong>Guillermo Gonz\u00e1lez Guerra<\/strong>, dijo a <strong>Diario El Trabajo<\/strong> que <em>\u00abel domingo, como todos los domingos, salgo de mi casa por un camino alterno de ingreso a la autopista y de ah\u00ed me junto con las amistades que yo frecuento salir para no salir solo, porque es \u2018refome\u2019. Quedamos de juntarnos con un colega y salir,\u00a0 entonces\u00a0 por circunstancias de la vida me atras\u00e9, me tom\u00e9 un t\u00e9 con miel porque andaba medio jodido del pecho, as\u00ed es que me atras\u00e9 un poquito. Si bien es cierto sal\u00ed a la autopista y camin\u00e9 para arriba con mis manos libres escuchando m\u00fasica\u00a0 mientras llegaba, cuando\u00a0 de repente siento un golpe por mi costado izquierdo y miro y ya los tipos ven\u00edan bajando, uno con estoque. Me di la vuelta para tratar de arrancar, pero se me sali\u00f3 la cadena y cuando fui a darme la vuelta ya el tipo se me vino encima con, no s\u00e9, no\u00a0 sabr\u00eda decirle si es un cuchillo, pero el hecho que era como un punz\u00f3n pr\u00e1cticamente, y de ah\u00ed ya tuve que soltarla nom\u00e1s, no ten\u00eda otra opci\u00f3n de hacer algo.<\/em><\/p>\n<p>\u00ab<em>Ah\u00ed me par\u00e9 en la mitad de la calle a gritar, as\u00ed como que me socorrieran porque ven\u00edan varios veh\u00edculos en sentido que yo iba, abr\u00edan la ventana y me escuchaban lo que yo dec\u00eda, pero ninguno hac\u00eda nada porque tampoco estas personas se van a arriesgar que les pueda pasar algo, sin tener arte ni parte en lo que est\u00e1 pasando. Un tipo les dec\u00eda \u2018el tel\u00e9fono\u2019, y cuando dijo eso me alej\u00e9 m\u00e1s entonces qued\u00e9 muy lejos para que me lo hubieran quitado, y ah\u00ed est\u00e1n mis contactos, todo el trabajo, mis presupuestos, los trabajos que yo genero, entonces me complicaba, as\u00ed es que ah\u00ed qued\u00e9 a la deriva, solo, solo y ya como qued\u00e9 en blanco, lo \u00fanico que me acuerdo que era un veh\u00edculo rojo como un Chevrolet Aveo color marr\u00f3n, rojo, as\u00ed deste\u00f1ido, ah\u00ed no me acuerdo m\u00e1s; uno en ese momento queda en blanco, no atina a nada, a anotar patente, nada\u00bb.<\/em><\/p>\n<p>&nbsp;<\/p>\n<p><span style=\"color: #ff0000;\">SU HIJO AL RESCATE<\/span><\/p>\n<p>\u00ab<em>Posteriormente mi hijo me fue a rescatar, a buscar en veh\u00edculo, y de ah\u00ed empec\u00e9 a recorrer todos los lugares donde pod\u00edan llegar, hacer contactos, llamar y fui para Alto Aconcagua, ah\u00ed lleg\u00f3 Carabineros, me subi\u00f3 al furg\u00f3n a constatar lesiones y bueno, no ten\u00eda en todo caso, y de ah\u00ed fuimos a la comisar\u00eda a hacer la denuncia y despu\u00e9s empec\u00e9 a llamar a las amistades, subir publicaciones. Tengo gente hasta Rancagua, unos contactos que tengo por ah\u00ed para publicar y hacer masivo esto. Le dije a Carabineros que vamos a la autopista y para que veamos las c\u00e1maras, y el carabinero me respondi\u00f3 con estas palabras \u00absabe amigo, est\u00e1 muy lejos la c\u00e1mara, no lo puede haber captado\u2019\u00bb.<\/em><\/p>\n<p>&#8211;<strong> \u00bfCaracter\u00edsticas de todo lo que le robaron?<\/strong><\/p>\n<p>&#8211; Es una bicicleta Pirinello, italiana, avaluada en 3 millones de pesos.<\/p>\n<p>Otros detalles de la bicicleta son:<\/p>\n<p>Bici con 105 de 11v<\/p>\n<p>Ruedas de carbono<\/p>\n<p>Cuadro Pinarello (AAA)<\/p>\n<p>Cualquier informaci\u00f3n llamar al\u00a0 979639212.<\/p>\n<p>Se presume que podr\u00edan ser los mismos que tiempo atr\u00e1s asaltaron y robaron su bicicleta a <strong>Eugenio Carvallo<\/strong> en Tierras Blancas.<\/p>\n<figure id=\"attachment_131186\" aria-describedby=\"caption-attachment-131186\" style=\"width: 699px\" class=\"wp-caption alignnone\"><img loading=\"lazy\" decoding=\"async\" class=\"size-full wp-image-131186\" src=\"https:\/\/eltrabajo.cl\/web\/wp-content\/uploads\/2024\/07\/Robo-Bicicleta.jpg\" alt=\"Esta es la bicicleta robada a Guillermo.\" width=\"699\" height=\"569\" srcset=\"https:\/\/eltrabajo.cl\/web\/wp-content\/uploads\/2024\/07\/Robo-Bicicleta.jpg 699w, https:\/\/eltrabajo.cl\/web\/wp-content\/uploads\/2024\/07\/Robo-Bicicleta-300x244.jpg 300w, https:\/\/eltrabajo.cl\/web\/wp-content\/uploads\/2024\/07\/Robo-Bicicleta-516x420.jpg 516w, https:\/\/eltrabajo.cl\/web\/wp-content\/uploads\/2024\/07\/Robo-Bicicleta-150x122.jpg 150w, https:\/\/eltrabajo.cl\/web\/wp-content\/uploads\/2024\/07\/Robo-Bicicleta-696x567.jpg 696w\" sizes=\"auto, (max-width: 699px) 100vw, 699px\" \/><figcaption id=\"caption-attachment-131186\" class=\"wp-caption-text\">Esta es la bicicleta robada a Guillermo.<\/figcaption><\/figure>\n","protected":false},"excerpt":{"rendered":"<p>Cuatro peligrosos delincuentes, movilizados en un autom\u00f3vil, asaltaron a un ciclista este domingo rob\u00e1ndole su bicicleta avaluada en 3 millones de pesos. El afectado, Guillermo Gonz\u00e1lez Guerra, dijo a Diario El Trabajo que \u00abel domingo, como todos los domingos, salgo de mi casa por un camino alterno de ingreso a la autopista y de ah\u00ed [&hellip;]<\/p>\n","protected":false},"author":1,"featured_media":131186,"comment_status":"open","ping_status":"closed","sticky":false,"template":"","format":"standard","meta":{"footnotes":""},"categories":[5],"tags":[],"class_list":{"0":"post-131185","1":"post","2":"type-post","3":"status-publish","4":"format-standard","5":"has-post-thumbnail","7":"category-policial"},"yoast_head":"<!-- This site is optimized with the Yoast SEO plugin v27.4 - https:\/\/yoast.com\/product\/yoast-seo-wordpress\/ -->\n<title>A mano armada le arrebatan bicicleta avaluada en 3 millones de pesos - Diario El Trabajo<\/title>\n<meta name=\"robots\" content=\"index, follow, max-snippet:-1, max-image-preview:large, max-video-preview:-1\" \/>\n<link rel=\"canonical\" href=\"https:\/\/eltrabajo.cl\/web\/a-mano-armada-le-arrebatan-bicicleta-avaluada-en-3-millones-de-pesos\/\" \/>\n<meta property=\"og:locale\" content=\"es_ES\" \/>\n<meta property=\"og:type\" content=\"article\" \/>\n<meta property=\"og:title\" content=\"A mano armada le arrebatan bicicleta avaluada en 3 millones de pesos - Diario El Trabajo\" \/>\n<meta property=\"og:description\" content=\"Cuatro peligrosos delincuentes, movilizados en un autom\u00f3vil, asaltaron a un ciclista este domingo rob\u00e1ndole su bicicleta avaluada en 3 millones de pesos. El afectado, Guillermo Gonz\u00e1lez Guerra, dijo a Diario El Trabajo que \u00abel domingo, como todos los domingos, salgo de mi casa por un camino alterno de ingreso a la autopista y de ah\u00ed [&hellip;]\" \/>\n<meta property=\"og:url\" content=\"https:\/\/eltrabajo.cl\/web\/a-mano-armada-le-arrebatan-bicicleta-avaluada-en-3-millones-de-pesos\/\" \/>\n<meta property=\"og:site_name\" content=\"Diario El Trabajo\" \/>\n<meta property=\"article:publisher\" content=\"https:\/\/www.facebook.com\/ElTrabajoDiario\" \/>\n<meta property=\"article:published_time\" content=\"2024-07-31T02:00:31+00:00\" \/>\n<meta property=\"og:image\" content=\"https:\/\/eltrabajo.cl\/web\/wp-content\/uploads\/2024\/07\/Robo-Bicicleta.jpg\" \/>\n\t<meta property=\"og:image:width\" content=\"699\" \/>\n\t<meta property=\"og:image:height\" content=\"569\" \/>\n\t<meta property=\"og:image:type\" content=\"image\/jpeg\" \/>\n<meta name=\"author\" content=\"Diario El Trabajo\" \/>\n<meta name=\"twitter:card\" content=\"summary_large_image\" \/>\n<meta name=\"twitter:creator\" content=\"@diarioeltrabajo\" \/>\n<meta name=\"twitter:site\" content=\"@diarioeltrabajo\" \/>\n<meta name=\"twitter:label1\" content=\"Escrito por\" \/>\n\t<meta name=\"twitter:data1\" content=\"Diario El Trabajo\" \/>\n\t<meta name=\"twitter:label2\" content=\"Tiempo estimado de lectura\" \/>\n\t<meta name=\"twitter:data2\" content=\"3 minutos\" \/>\n<script type=\"application\/ld+json\" class=\"yoast-schema-graph\">{\"@context\":\"https:\\\/\\\/schema.org\",\"@graph\":[{\"@type\":\"Article\",\"@id\":\"https:\\\/\\\/eltrabajo.cl\\\/web\\\/a-mano-armada-le-arrebatan-bicicleta-avaluada-en-3-millones-de-pesos\\\/#article\",\"isPartOf\":{\"@id\":\"https:\\\/\\\/eltrabajo.cl\\\/web\\\/a-mano-armada-le-arrebatan-bicicleta-avaluada-en-3-millones-de-pesos\\\/\"},\"author\":{\"name\":\"Diario El Trabajo\",\"@id\":\"https:\\\/\\\/eltrabajo.cl\\\/web\\\/#\\\/schema\\\/person\\\/45efd3d17f86ec456e44dd7debe1bf19\"},\"headline\":\"A mano armada le arrebatan bicicleta avaluada en 3 millones de pesos\",\"datePublished\":\"2024-07-31T02:00:31+00:00\",\"mainEntityOfPage\":{\"@id\":\"https:\\\/\\\/eltrabajo.cl\\\/web\\\/a-mano-armada-le-arrebatan-bicicleta-avaluada-en-3-millones-de-pesos\\\/\"},\"wordCount\":612,\"commentCount\":0,\"publisher\":{\"@id\":\"https:\\\/\\\/eltrabajo.cl\\\/web\\\/#organization\"},\"image\":{\"@id\":\"https:\\\/\\\/eltrabajo.cl\\\/web\\\/a-mano-armada-le-arrebatan-bicicleta-avaluada-en-3-millones-de-pesos\\\/#primaryimage\"},\"thumbnailUrl\":\"https:\\\/\\\/eltrabajo.cl\\\/web\\\/wp-content\\\/uploads\\\/2024\\\/07\\\/Robo-Bicicleta.jpg\",\"articleSection\":[\"Policial\"],\"inLanguage\":\"es-CL\",\"potentialAction\":[{\"@type\":\"CommentAction\",\"name\":\"Comment\",\"target\":[\"https:\\\/\\\/eltrabajo.cl\\\/web\\\/a-mano-armada-le-arrebatan-bicicleta-avaluada-en-3-millones-de-pesos\\\/#respond\"]}]},{\"@type\":\"WebPage\",\"@id\":\"https:\\\/\\\/eltrabajo.cl\\\/web\\\/a-mano-armada-le-arrebatan-bicicleta-avaluada-en-3-millones-de-pesos\\\/\",\"url\":\"https:\\\/\\\/eltrabajo.cl\\\/web\\\/a-mano-armada-le-arrebatan-bicicleta-avaluada-en-3-millones-de-pesos\\\/\",\"name\":\"A mano armada le arrebatan bicicleta avaluada en 3 millones de pesos - Diario El Trabajo\",\"isPartOf\":{\"@id\":\"https:\\\/\\\/eltrabajo.cl\\\/web\\\/#website\"},\"primaryImageOfPage\":{\"@id\":\"https:\\\/\\\/eltrabajo.cl\\\/web\\\/a-mano-armada-le-arrebatan-bicicleta-avaluada-en-3-millones-de-pesos\\\/#primaryimage\"},\"image\":{\"@id\":\"https:\\\/\\\/eltrabajo.cl\\\/web\\\/a-mano-armada-le-arrebatan-bicicleta-avaluada-en-3-millones-de-pesos\\\/#primaryimage\"},\"thumbnailUrl\":\"https:\\\/\\\/eltrabajo.cl\\\/web\\\/wp-content\\\/uploads\\\/2024\\\/07\\\/Robo-Bicicleta.jpg\",\"datePublished\":\"2024-07-31T02:00:31+00:00\",\"breadcrumb\":{\"@id\":\"https:\\\/\\\/eltrabajo.cl\\\/web\\\/a-mano-armada-le-arrebatan-bicicleta-avaluada-en-3-millones-de-pesos\\\/#breadcrumb\"},\"inLanguage\":\"es-CL\",\"potentialAction\":[{\"@type\":\"ReadAction\",\"target\":[\"https:\\\/\\\/eltrabajo.cl\\\/web\\\/a-mano-armada-le-arrebatan-bicicleta-avaluada-en-3-millones-de-pesos\\\/\"]}]},{\"@type\":\"ImageObject\",\"inLanguage\":\"es-CL\",\"@id\":\"https:\\\/\\\/eltrabajo.cl\\\/web\\\/a-mano-armada-le-arrebatan-bicicleta-avaluada-en-3-millones-de-pesos\\\/#primaryimage\",\"url\":\"https:\\\/\\\/eltrabajo.cl\\\/web\\\/wp-content\\\/uploads\\\/2024\\\/07\\\/Robo-Bicicleta.jpg\",\"contentUrl\":\"https:\\\/\\\/eltrabajo.cl\\\/web\\\/wp-content\\\/uploads\\\/2024\\\/07\\\/Robo-Bicicleta.jpg\",\"width\":699,\"height\":569,\"caption\":\"Esta es la bicicleta robada a Guillermo.\"},{\"@type\":\"BreadcrumbList\",\"@id\":\"https:\\\/\\\/eltrabajo.cl\\\/web\\\/a-mano-armada-le-arrebatan-bicicleta-avaluada-en-3-millones-de-pesos\\\/#breadcrumb\",\"itemListElement\":[{\"@type\":\"ListItem\",\"position\":1,\"name\":\"Portada\",\"item\":\"https:\\\/\\\/eltrabajo.cl\\\/web\\\/\"},{\"@type\":\"ListItem\",\"position\":2,\"name\":\"A mano armada le arrebatan bicicleta avaluada en 3 millones de pesos\"}]},{\"@type\":\"WebSite\",\"@id\":\"https:\\\/\\\/eltrabajo.cl\\\/web\\\/#website\",\"url\":\"https:\\\/\\\/eltrabajo.cl\\\/web\\\/\",\"name\":\"Diario El Trabajo\",\"description\":\"Desde 1929 construyendo Identidad Local\",\"publisher\":{\"@id\":\"https:\\\/\\\/eltrabajo.cl\\\/web\\\/#organization\"},\"potentialAction\":[{\"@type\":\"SearchAction\",\"target\":{\"@type\":\"EntryPoint\",\"urlTemplate\":\"https:\\\/\\\/eltrabajo.cl\\\/web\\\/?s={search_term_string}\"},\"query-input\":{\"@type\":\"PropertyValueSpecification\",\"valueRequired\":true,\"valueName\":\"search_term_string\"}}],\"inLanguage\":\"es-CL\"},{\"@type\":\"Organization\",\"@id\":\"https:\\\/\\\/eltrabajo.cl\\\/web\\\/#organization\",\"name\":\"Diario El Trabajo\",\"url\":\"https:\\\/\\\/eltrabajo.cl\\\/web\\\/\",\"logo\":{\"@type\":\"ImageObject\",\"inLanguage\":\"es-CL\",\"@id\":\"https:\\\/\\\/eltrabajo.cl\\\/web\\\/#\\\/schema\\\/logo\\\/image\\\/\",\"url\":\"https:\\\/\\\/eltrabajo.cl\\\/web\\\/wp-content\\\/uploads\\\/2024\\\/06\\\/profile-image-ig-page-diarioeltrabajo.jpg\",\"contentUrl\":\"https:\\\/\\\/eltrabajo.cl\\\/web\\\/wp-content\\\/uploads\\\/2024\\\/06\\\/profile-image-ig-page-diarioeltrabajo.jpg\",\"width\":823,\"height\":823,\"caption\":\"Diario El Trabajo\"},\"image\":{\"@id\":\"https:\\\/\\\/eltrabajo.cl\\\/web\\\/#\\\/schema\\\/logo\\\/image\\\/\"},\"sameAs\":[\"https:\\\/\\\/www.facebook.com\\\/ElTrabajoDiario\",\"https:\\\/\\\/x.com\\\/diarioeltrabajo\"]},{\"@type\":\"Person\",\"@id\":\"https:\\\/\\\/eltrabajo.cl\\\/web\\\/#\\\/schema\\\/person\\\/45efd3d17f86ec456e44dd7debe1bf19\",\"name\":\"Diario El Trabajo\",\"image\":{\"@type\":\"ImageObject\",\"inLanguage\":\"es-CL\",\"@id\":\"https:\\\/\\\/secure.gravatar.com\\\/avatar\\\/7e6ec277dc4aea2677c2dc301d4227957219329c985ab69a3efc12518b5161aa?s=96&d=mm&r=g\",\"url\":\"https:\\\/\\\/secure.gravatar.com\\\/avatar\\\/7e6ec277dc4aea2677c2dc301d4227957219329c985ab69a3efc12518b5161aa?s=96&d=mm&r=g\",\"contentUrl\":\"https:\\\/\\\/secure.gravatar.com\\\/avatar\\\/7e6ec277dc4aea2677c2dc301d4227957219329c985ab69a3efc12518b5161aa?s=96&d=mm&r=g\",\"caption\":\"Diario El Trabajo\"},\"sameAs\":[\"https:\\\/\\\/eltrabajo.cl\\\/web\"],\"url\":\"https:\\\/\\\/eltrabajo.cl\\\/web\\\/author\\\/diario-el-trabajo\\\/\"}]}<\/script>\n<!-- \/ Yoast SEO plugin. -->","yoast_head_json":{"title":"A mano armada le arrebatan bicicleta avaluada en 3 millones de pesos - Diario El Trabajo","robots":{"index":"index","follow":"follow","max-snippet":"max-snippet:-1","max-image-preview":"max-image-preview:large","max-video-preview":"max-video-preview:-1"},"canonical":"https:\/\/eltrabajo.cl\/web\/a-mano-armada-le-arrebatan-bicicleta-avaluada-en-3-millones-de-pesos\/","og_locale":"es_ES","og_type":"article","og_title":"A mano armada le arrebatan bicicleta avaluada en 3 millones de pesos - Diario El Trabajo","og_description":"Cuatro peligrosos delincuentes, movilizados en un autom\u00f3vil, asaltaron a un ciclista este domingo rob\u00e1ndole su bicicleta avaluada en 3 millones de pesos. El afectado, Guillermo Gonz\u00e1lez Guerra, dijo a Diario El Trabajo que \u00abel domingo, como todos los domingos, salgo de mi casa por un camino alterno de ingreso a la autopista y de ah\u00ed [&hellip;]","og_url":"https:\/\/eltrabajo.cl\/web\/a-mano-armada-le-arrebatan-bicicleta-avaluada-en-3-millones-de-pesos\/","og_site_name":"Diario El Trabajo","article_publisher":"https:\/\/www.facebook.com\/ElTrabajoDiario","article_published_time":"2024-07-31T02:00:31+00:00","og_image":[{"width":699,"height":569,"url":"https:\/\/eltrabajo.cl\/web\/wp-content\/uploads\/2024\/07\/Robo-Bicicleta.jpg","type":"image\/jpeg"}],"author":"Diario El Trabajo","twitter_card":"summary_large_image","twitter_creator":"@diarioeltrabajo","twitter_site":"@diarioeltrabajo","twitter_misc":{"Escrito por":"Diario El Trabajo","Tiempo estimado de lectura":"3 minutos"},"schema":{"@context":"https:\/\/schema.org","@graph":[{"@type":"Article","@id":"https:\/\/eltrabajo.cl\/web\/a-mano-armada-le-arrebatan-bicicleta-avaluada-en-3-millones-de-pesos\/#article","isPartOf":{"@id":"https:\/\/eltrabajo.cl\/web\/a-mano-armada-le-arrebatan-bicicleta-avaluada-en-3-millones-de-pesos\/"},"author":{"name":"Diario El Trabajo","@id":"https:\/\/eltrabajo.cl\/web\/#\/schema\/person\/45efd3d17f86ec456e44dd7debe1bf19"},"headline":"A mano armada le arrebatan bicicleta avaluada en 3 millones de pesos","datePublished":"2024-07-31T02:00:31+00:00","mainEntityOfPage":{"@id":"https:\/\/eltrabajo.cl\/web\/a-mano-armada-le-arrebatan-bicicleta-avaluada-en-3-millones-de-pesos\/"},"wordCount":612,"commentCount":0,"publisher":{"@id":"https:\/\/eltrabajo.cl\/web\/#organization"},"image":{"@id":"https:\/\/eltrabajo.cl\/web\/a-mano-armada-le-arrebatan-bicicleta-avaluada-en-3-millones-de-pesos\/#primaryimage"},"thumbnailUrl":"https:\/\/eltrabajo.cl\/web\/wp-content\/uploads\/2024\/07\/Robo-Bicicleta.jpg","articleSection":["Policial"],"inLanguage":"es-CL","potentialAction":[{"@type":"CommentAction","name":"Comment","target":["https:\/\/eltrabajo.cl\/web\/a-mano-armada-le-arrebatan-bicicleta-avaluada-en-3-millones-de-pesos\/#respond"]}]},{"@type":"WebPage","@id":"https:\/\/eltrabajo.cl\/web\/a-mano-armada-le-arrebatan-bicicleta-avaluada-en-3-millones-de-pesos\/","url":"https:\/\/eltrabajo.cl\/web\/a-mano-armada-le-arrebatan-bicicleta-avaluada-en-3-millones-de-pesos\/","name":"A mano armada le arrebatan bicicleta avaluada en 3 millones de pesos - Diario El Trabajo","isPartOf":{"@id":"https:\/\/eltrabajo.cl\/web\/#website"},"primaryImageOfPage":{"@id":"https:\/\/eltrabajo.cl\/web\/a-mano-armada-le-arrebatan-bicicleta-avaluada-en-3-millones-de-pesos\/#primaryimage"},"image":{"@id":"https:\/\/eltrabajo.cl\/web\/a-mano-armada-le-arrebatan-bicicleta-avaluada-en-3-millones-de-pesos\/#primaryimage"},"thumbnailUrl":"https:\/\/eltrabajo.cl\/web\/wp-content\/uploads\/2024\/07\/Robo-Bicicleta.jpg","datePublished":"2024-07-31T02:00:31+00:00","breadcrumb":{"@id":"https:\/\/eltrabajo.cl\/web\/a-mano-armada-le-arrebatan-bicicleta-avaluada-en-3-millones-de-pesos\/#breadcrumb"},"inLanguage":"es-CL","potentialAction":[{"@type":"ReadAction","target":["https:\/\/eltrabajo.cl\/web\/a-mano-armada-le-arrebatan-bicicleta-avaluada-en-3-millones-de-pesos\/"]}]},{"@type":"ImageObject","inLanguage":"es-CL","@id":"https:\/\/eltrabajo.cl\/web\/a-mano-armada-le-arrebatan-bicicleta-avaluada-en-3-millones-de-pesos\/#primaryimage","url":"https:\/\/eltrabajo.cl\/web\/wp-content\/uploads\/2024\/07\/Robo-Bicicleta.jpg","contentUrl":"https:\/\/eltrabajo.cl\/web\/wp-content\/uploads\/2024\/07\/Robo-Bicicleta.jpg","width":699,"height":569,"caption":"Esta es la bicicleta robada a Guillermo."},{"@type":"BreadcrumbList","@id":"https:\/\/eltrabajo.cl\/web\/a-mano-armada-le-arrebatan-bicicleta-avaluada-en-3-millones-de-pesos\/#breadcrumb","itemListElement":[{"@type":"ListItem","position":1,"name":"Portada","item":"https:\/\/eltrabajo.cl\/web\/"},{"@type":"ListItem","position":2,"name":"A mano armada le arrebatan bicicleta avaluada en 3 millones de pesos"}]},{"@type":"WebSite","@id":"https:\/\/eltrabajo.cl\/web\/#website","url":"https:\/\/eltrabajo.cl\/web\/","name":"Diario El Trabajo","description":"Desde 1929 construyendo Identidad Local","publisher":{"@id":"https:\/\/eltrabajo.cl\/web\/#organization"},"potentialAction":[{"@type":"SearchAction","target":{"@type":"EntryPoint","urlTemplate":"https:\/\/eltrabajo.cl\/web\/?s={search_term_string}"},"query-input":{"@type":"PropertyValueSpecification","valueRequired":true,"valueName":"search_term_string"}}],"inLanguage":"es-CL"},{"@type":"Organization","@id":"https:\/\/eltrabajo.cl\/web\/#organization","name":"Diario El Trabajo","url":"https:\/\/eltrabajo.cl\/web\/","logo":{"@type":"ImageObject","inLanguage":"es-CL","@id":"https:\/\/eltrabajo.cl\/web\/#\/schema\/logo\/image\/","url":"https:\/\/eltrabajo.cl\/web\/wp-content\/uploads\/2024\/06\/profile-image-ig-page-diarioeltrabajo.jpg","contentUrl":"https:\/\/eltrabajo.cl\/web\/wp-content\/uploads\/2024\/06\/profile-image-ig-page-diarioeltrabajo.jpg","width":823,"height":823,"caption":"Diario El Trabajo"},"image":{"@id":"https:\/\/eltrabajo.cl\/web\/#\/schema\/logo\/image\/"},"sameAs":["https:\/\/www.facebook.com\/ElTrabajoDiario","https:\/\/x.com\/diarioeltrabajo"]},{"@type":"Person","@id":"https:\/\/eltrabajo.cl\/web\/#\/schema\/person\/45efd3d17f86ec456e44dd7debe1bf19","name":"Diario El Trabajo","image":{"@type":"ImageObject","inLanguage":"es-CL","@id":"https:\/\/secure.gravatar.com\/avatar\/7e6ec277dc4aea2677c2dc301d4227957219329c985ab69a3efc12518b5161aa?s=96&d=mm&r=g","url":"https:\/\/secure.gravatar.com\/avatar\/7e6ec277dc4aea2677c2dc301d4227957219329c985ab69a3efc12518b5161aa?s=96&d=mm&r=g","contentUrl":"https:\/\/secure.gravatar.com\/avatar\/7e6ec277dc4aea2677c2dc301d4227957219329c985ab69a3efc12518b5161aa?s=96&d=mm&r=g","caption":"Diario El Trabajo"},"sameAs":["https:\/\/eltrabajo.cl\/web"],"url":"https:\/\/eltrabajo.cl\/web\/author\/diario-el-trabajo\/"}]}},"_links":{"self":[{"href":"https:\/\/eltrabajo.cl\/web\/wp-json\/wp\/v2\/posts\/131185","targetHints":{"allow":["GET"]}}],"collection":[{"href":"https:\/\/eltrabajo.cl\/web\/wp-json\/wp\/v2\/posts"}],"about":[{"href":"https:\/\/eltrabajo.cl\/web\/wp-json\/wp\/v2\/types\/post"}],"author":[{"embeddable":true,"href":"https:\/\/eltrabajo.cl\/web\/wp-json\/wp\/v2\/users\/1"}],"replies":[{"embeddable":true,"href":"https:\/\/eltrabajo.cl\/web\/wp-json\/wp\/v2\/comments?post=131185"}],"version-history":[{"count":2,"href":"https:\/\/eltrabajo.cl\/web\/wp-json\/wp\/v2\/posts\/131185\/revisions"}],"predecessor-version":[{"id":131188,"href":"https:\/\/eltrabajo.cl\/web\/wp-json\/wp\/v2\/posts\/131185\/revisions\/131188"}],"wp:featuredmedia":[{"embeddable":true,"href":"https:\/\/eltrabajo.cl\/web\/wp-json\/wp\/v2\/media\/131186"}],"wp:attachment":[{"href":"https:\/\/eltrabajo.cl\/web\/wp-json\/wp\/v2\/media?parent=131185"}],"wp:term":[{"taxonomy":"category","embeddable":true,"href":"https:\/\/eltrabajo.cl\/web\/wp-json\/wp\/v2\/categories?post=131185"},{"taxonomy":"post_tag","embeddable":true,"href":"https:\/\/eltrabajo.cl\/web\/wp-json\/wp\/v2\/tags?post=131185"}],"curies":[{"name":"wp","href":"https:\/\/api.w.org\/{rel}","templated":true}]}}