{"id":131480,"date":"2024-08-13T23:00:04","date_gmt":"2024-08-14T02:00:04","guid":{"rendered":"https:\/\/eltrabajo.cl\/web\/?p=131480"},"modified":"2024-08-13T22:26:55","modified_gmt":"2024-08-14T01:26:55","slug":"disenadores-locales-realizan-desfile-de-moda-en-sala-de-eventos-de-la-afema","status":"publish","type":"post","link":"https:\/\/eltrabajo.cl\/web\/disenadores-locales-realizan-desfile-de-moda-en-sala-de-eventos-de-la-afema\/","title":{"rendered":"Dise\u00f1adores locales realizan desfile de moda en sala de eventos de la Afema"},"content":{"rendered":"<ul>\n<li><strong>Su prop\u00f3sito fue ayudar a los socios del comit\u00e9 Roosevelt Silva, pero tambi\u00e9n comenzar a \u2018dejar huella\u2019 en Aconcagua.-<\/strong><\/li>\n<\/ul>\n<p>El pasado s\u00e1bado 10 de agosto se realiz\u00f3 en la sala de eventos de la Asociaci\u00f3n de Feriantes Mayoristas (Afema), un desfile de moda de dos dise\u00f1adores sanfelipe\u00f1os: <strong>Franco Gaete Ch\u00e1vez<\/strong> (Lady Viper) con su l\u00ednea \u2018Joyas Americanas\u2019, y <strong>Samuel Nieto<\/strong> <strong>Castillo<\/strong> (Killest), con su colecci\u00f3n \u2018G\u00e9nesis\u2019. El evento fue en beneficio del colectivo Roosevelt Silva.<\/p>\n<p>La pasarela de Lady Viper const\u00f3 de nueve prendas de segunda mano modificadas a su est\u00e9tica, que defini\u00f3 como extravagante, junto con accesorios hechos con materiales no convencionales.<\/p>\n<p>\u00ab<em>Jugar con algo que est\u00e1 hecho con un prop\u00f3sito y ocuparlo de otra forma fue un desaf\u00edo e iba muy acorde a esto de las joyas, mezcl\u00e1ndolo un poco con la metalurgia, ocupando sus colores como los plateados y los dorados. Esto fue construyendo el concepto sin darme cuenta. Al final todo tuvo un sentido y qued\u00e9 bastante conforme.<\/em><\/p>\n<p>\u00ab<em>Hacer esta met\u00e1fora de \u2018Joyas Americanas\u2019 tambi\u00e9n proviene de la expresi\u00f3n \u2018una joyita\u2019 cuando encontramos alguna prenda en una tienda de segunda mano\u00bb,<\/em> explic\u00f3.<\/p>\n<p>Esta fue su primera pasarela oficial como dise\u00f1ador. La oportunidad lo conect\u00f3 con sus primeros acercamientos a la intervenci\u00f3n textil con la pintura al \u00f3leo: <em>\u00abFue muy emotivo juntar todo este trabajo. (&#8230;) Hacer ese cruce de algo que hac\u00eda y despu\u00e9s ir sumando estas t\u00e9cnicas nuevas con las cadenas, que es otro trabajo distinto. La combinaci\u00f3n de estos dos elementos dio vida a \u2018Joyas Americanas\u2019.<\/em><\/p>\n<p>\u00ab<em>Signific\u00f3 un desaf\u00edo el estar a cargo de otros modelos vestidos con mis prendas, me dej\u00f3 una sensaci\u00f3n de bastante alegr\u00eda y desarrollo personal el demostrar que s\u00ed soy capaz\u00bb. <\/em><\/p>\n<p>Por su parte, Killest present\u00f3 diez conjuntos en \u2018G\u00e9nesis\u2019, los que representaron el inicio de su labor en el dise\u00f1o: <em>\u00abLas emociones, inquietudes y vivencias que siempre me call\u00e9 y que pude exponer de cierta forma en mi arte. <\/em><\/p>\n<p>\u00ab<em>El proceso fue todo un tema ya que es mi segunda pasarela y quer\u00eda mostrarle al p\u00fablico algo que resaltara. En realidad quer\u00eda que la gente viera un espect\u00e1culo\u00bb.<\/em><\/p>\n<p>Los artistas mencionaron que el prop\u00f3sito de este desfile fue apoyar al colectivo Roosevelt Silva en la recaudaci\u00f3n de fondos, pero tambi\u00e9n ser <em>\u00abm\u00e1s conocidos en el valle en t\u00e9rminos de moda\u00bb.<\/em><\/p>\n<p>La organizaci\u00f3n la encabez\u00f3 <strong>Bel\u00e9n Ortiz <\/strong>junto a los dise\u00f1adores, apoyados por <strong>Isidora Fox<\/strong> como maquilladora y 15 voluntarios, incluyendo a Ortiz, quienes participaron de modelos.<\/p>\n<p>Respecto a las reflexiones que tuvieron los artistas luego de la primera pasarela organizada por s\u00ed mismos, Lady Viper expres\u00f3 que <em>\u00abla constancia, las ganas de siempre querer aprender y superarse uno mismo lo vieron mis conocidos, mis c\u00edrculos cercanos, que tambi\u00e9n fueron s\u00faper importantes en este proceso de decirme \u2018t\u00fa puedes con esto\u2019. <\/em><\/p>\n<p>\u00ab<em>Fue una linda forma de reconectar, (&#8230;) algunos vestuarios fueron trabajados con mis pap\u00e1s en algunas cosas que necesit\u00e9 ayuda, (&#8230;) que mi familia presenciara lo que yo estaba haciendo y de lo que ellos tambi\u00e9n fueron parte en alg\u00fan momento le da un valor totalmente distinto\u00bb<\/em>.<\/p>\n<p>Por lo que respecta a Killest, se refiri\u00f3 a su b\u00fasqueda por realizar un espect\u00e1culo durante el desfile: <em>\u00abPrimero que todo fue la sensaci\u00f3n de incertidumbre: c\u00f3mo la gente se tomar\u00eda la pasarela al ser un poco m\u00e1s \u2018actuada\u2019. La gente qued\u00f3 asombrada con la actuaci\u00f3n de los modelos, llegando a entender el mensaje que se quer\u00eda dar.<\/em><\/p>\n<p>\u00ab<em>La gente al salir me aplaud\u00eda y me dec\u00eda cosas. Mi familia muy emocionada y mis amigos dici\u00e9ndome que en todo momento sintieron escalofr\u00edos. La experiencia para m\u00ed fue incre\u00edble, inolvidable .<\/em><\/p>\n<p>\u00ab<em>No hay nada como saber que a la gente le gusta y se identifican con lo que t\u00fa est\u00e1s haciendo\u2026 Es algo incre\u00edble. Espero que San Felipe me d\u00e9 m\u00e1s oportunidades para seguir mostr\u00e1ndole mi arte\u00bb.<\/em><\/p>\n<p style=\"text-align: right;\"><strong>Jacqueline Le\u00f3n<\/strong><\/p>\n<figure id=\"attachment_131481\" aria-describedby=\"caption-attachment-131481\" style=\"width: 699px\" class=\"wp-caption alignnone\"><img loading=\"lazy\" decoding=\"async\" class=\"size-full wp-image-131481\" src=\"https:\/\/eltrabajo.cl\/web\/wp-content\/uploads\/2024\/08\/Pasarela-Afema-1.jpg\" alt=\"Parte de lo que fue \u2018G\u00e9nesis\u2019 de \u2018Killest\u2019. Sus modelos fueron Katalina y Andrea Guti\u00e9rrez, Pola Veas, Annai Olgu\u00edn, Otniel Hern\u00e1ndez, Ramiro Milla y Alexis Mendoza. (Foto agencia Treefecta)\" width=\"699\" height=\"372\" srcset=\"https:\/\/eltrabajo.cl\/web\/wp-content\/uploads\/2024\/08\/Pasarela-Afema-1.jpg 699w, https:\/\/eltrabajo.cl\/web\/wp-content\/uploads\/2024\/08\/Pasarela-Afema-1-300x160.jpg 300w, https:\/\/eltrabajo.cl\/web\/wp-content\/uploads\/2024\/08\/Pasarela-Afema-1-150x80.jpg 150w, https:\/\/eltrabajo.cl\/web\/wp-content\/uploads\/2024\/08\/Pasarela-Afema-1-696x370.jpg 696w\" sizes=\"auto, (max-width: 699px) 100vw, 699px\" \/><figcaption id=\"caption-attachment-131481\" class=\"wp-caption-text\">Parte de lo que fue \u2018G\u00e9nesis\u2019 de \u2018Killest\u2019. Sus modelos fueron Katalina y Andrea Guti\u00e9rrez, Pola Veas, Annai Olgu\u00edn, Otniel Hern\u00e1ndez, Ramiro Milla y Alexis Mendoza. (Foto agencia Treefecta)<\/figcaption><\/figure>\n<figure id=\"attachment_131483\" aria-describedby=\"caption-attachment-131483\" style=\"width: 699px\" class=\"wp-caption alignnone\"><img loading=\"lazy\" decoding=\"async\" class=\"size-full wp-image-131483\" src=\"https:\/\/eltrabajo.cl\/web\/wp-content\/uploads\/2024\/08\/Pasarela-Afema-3.jpg\" alt=\"Franco Gaete o Lady Viper junto a su equipo de modelos: Mat\u00edas Villalobos (MBK), Cristian Bocca (BokaMc), Mellany Garc\u00eda, Alana Castillo, Constanza Ahumada (Sweet K), \u2018 Bel\u00e9n Ortiz, \u2018 Ignacio Maulen (Noah Levune) y Aurora Espina. (Foto agencia Treefecta)\" width=\"699\" height=\"394\" srcset=\"https:\/\/eltrabajo.cl\/web\/wp-content\/uploads\/2024\/08\/Pasarela-Afema-3.jpg 699w, https:\/\/eltrabajo.cl\/web\/wp-content\/uploads\/2024\/08\/Pasarela-Afema-3-300x169.jpg 300w, https:\/\/eltrabajo.cl\/web\/wp-content\/uploads\/2024\/08\/Pasarela-Afema-3-150x85.jpg 150w, https:\/\/eltrabajo.cl\/web\/wp-content\/uploads\/2024\/08\/Pasarela-Afema-3-696x392.jpg 696w\" sizes=\"auto, (max-width: 699px) 100vw, 699px\" \/><figcaption id=\"caption-attachment-131483\" class=\"wp-caption-text\">Franco Gaete o Lady Viper junto a su equipo de modelos: Mat\u00edas Villalobos (MBK), Cristian Bocca (BokaMc), Mellany Garc\u00eda, Alana Castillo, Constanza Ahumada (Sweet K), \u2018 Bel\u00e9n Ortiz, \u2018 Ignacio Maulen (Noah Levune) y Aurora Espina. (Foto agencia Treefecta)<\/figcaption><\/figure>\n<figure id=\"attachment_131482\" aria-describedby=\"caption-attachment-131482\" style=\"width: 700px\" class=\"wp-caption alignnone\"><img loading=\"lazy\" decoding=\"async\" class=\"size-full wp-image-131482\" src=\"https:\/\/eltrabajo.cl\/web\/wp-content\/uploads\/2024\/08\/Pasarela-Afema-2.jpg\" alt=\"Samuel Nieto o Samybotiga, dise\u00f1ador de \u2018Killest\u2019 junto a su modelo Alexis Mendoza e Isidora Fox, maquilladora. (Foto agencia Treefecta)\" width=\"700\" height=\"940\" srcset=\"https:\/\/eltrabajo.cl\/web\/wp-content\/uploads\/2024\/08\/Pasarela-Afema-2.jpg 700w, https:\/\/eltrabajo.cl\/web\/wp-content\/uploads\/2024\/08\/Pasarela-Afema-2-223x300.jpg 223w, https:\/\/eltrabajo.cl\/web\/wp-content\/uploads\/2024\/08\/Pasarela-Afema-2-313x420.jpg 313w, https:\/\/eltrabajo.cl\/web\/wp-content\/uploads\/2024\/08\/Pasarela-Afema-2-150x201.jpg 150w, https:\/\/eltrabajo.cl\/web\/wp-content\/uploads\/2024\/08\/Pasarela-Afema-2-300x403.jpg 300w, https:\/\/eltrabajo.cl\/web\/wp-content\/uploads\/2024\/08\/Pasarela-Afema-2-696x935.jpg 696w\" sizes=\"auto, (max-width: 700px) 100vw, 700px\" \/><figcaption id=\"caption-attachment-131482\" class=\"wp-caption-text\">Samuel Nieto o Samybotiga, dise\u00f1ador de \u2018Killest\u2019 junto a su modelo Alexis Mendoza e Isidora Fox, maquilladora. (Foto agencia Treefecta)<\/figcaption><\/figure>\n","protected":false},"excerpt":{"rendered":"<p>Su prop\u00f3sito fue ayudar a los socios del comit\u00e9 Roosevelt Silva, pero tambi\u00e9n comenzar a \u2018dejar huella\u2019 en Aconcagua.- El pasado s\u00e1bado 10 de agosto se realiz\u00f3 en la sala de eventos de la Asociaci\u00f3n de Feriantes Mayoristas (Afema), un desfile de moda de dos dise\u00f1adores sanfelipe\u00f1os: Franco Gaete Ch\u00e1vez (Lady Viper) con su l\u00ednea [&hellip;]<\/p>\n","protected":false},"author":1,"featured_media":131481,"comment_status":"open","ping_status":"closed","sticky":false,"template":"","format":"standard","meta":{"footnotes":""},"categories":[12],"tags":[],"class_list":{"0":"post-131480","1":"post","2":"type-post","3":"status-publish","4":"format-standard","5":"has-post-thumbnail","7":"category-arte-y-cultura"},"yoast_head":"<!-- This site is optimized with the Yoast SEO plugin v27.4 - https:\/\/yoast.com\/product\/yoast-seo-wordpress\/ -->\n<title>Dise\u00f1adores locales realizan desfile de moda en sala de eventos de la Afema - Diario El Trabajo<\/title>\n<meta name=\"robots\" content=\"index, follow, max-snippet:-1, max-image-preview:large, max-video-preview:-1\" \/>\n<link rel=\"canonical\" href=\"https:\/\/eltrabajo.cl\/web\/disenadores-locales-realizan-desfile-de-moda-en-sala-de-eventos-de-la-afema\/\" \/>\n<meta property=\"og:locale\" content=\"es_ES\" \/>\n<meta property=\"og:type\" content=\"article\" \/>\n<meta property=\"og:title\" content=\"Dise\u00f1adores locales realizan desfile de moda en sala de eventos de la Afema - Diario El Trabajo\" \/>\n<meta property=\"og:description\" content=\"Su prop\u00f3sito fue ayudar a los socios del comit\u00e9 Roosevelt Silva, pero tambi\u00e9n comenzar a \u2018dejar huella\u2019 en Aconcagua.- El pasado s\u00e1bado 10 de agosto se realiz\u00f3 en la sala de eventos de la Asociaci\u00f3n de Feriantes Mayoristas (Afema), un desfile de moda de dos dise\u00f1adores sanfelipe\u00f1os: Franco Gaete Ch\u00e1vez (Lady Viper) con su l\u00ednea [&hellip;]\" \/>\n<meta property=\"og:url\" content=\"https:\/\/eltrabajo.cl\/web\/disenadores-locales-realizan-desfile-de-moda-en-sala-de-eventos-de-la-afema\/\" \/>\n<meta property=\"og:site_name\" content=\"Diario El Trabajo\" \/>\n<meta property=\"article:publisher\" content=\"https:\/\/www.facebook.com\/ElTrabajoDiario\" \/>\n<meta property=\"article:published_time\" content=\"2024-08-14T02:00:04+00:00\" \/>\n<meta property=\"og:image\" content=\"https:\/\/eltrabajo.cl\/web\/wp-content\/uploads\/2024\/08\/Pasarela-Afema-1.jpg\" \/>\n\t<meta property=\"og:image:width\" content=\"699\" \/>\n\t<meta property=\"og:image:height\" content=\"372\" \/>\n\t<meta property=\"og:image:type\" content=\"image\/jpeg\" \/>\n<meta name=\"author\" content=\"Diario El Trabajo\" \/>\n<meta name=\"twitter:card\" content=\"summary_large_image\" \/>\n<meta name=\"twitter:creator\" content=\"@diarioeltrabajo\" \/>\n<meta name=\"twitter:site\" content=\"@diarioeltrabajo\" \/>\n<meta name=\"twitter:label1\" content=\"Escrito por\" \/>\n\t<meta name=\"twitter:data1\" content=\"Diario El Trabajo\" \/>\n\t<meta name=\"twitter:label2\" content=\"Tiempo estimado de lectura\" \/>\n\t<meta name=\"twitter:data2\" content=\"5 minutos\" \/>\n<script type=\"application\/ld+json\" class=\"yoast-schema-graph\">{\"@context\":\"https:\\\/\\\/schema.org\",\"@graph\":[{\"@type\":\"Article\",\"@id\":\"https:\\\/\\\/eltrabajo.cl\\\/web\\\/disenadores-locales-realizan-desfile-de-moda-en-sala-de-eventos-de-la-afema\\\/#article\",\"isPartOf\":{\"@id\":\"https:\\\/\\\/eltrabajo.cl\\\/web\\\/disenadores-locales-realizan-desfile-de-moda-en-sala-de-eventos-de-la-afema\\\/\"},\"author\":{\"name\":\"Diario El Trabajo\",\"@id\":\"https:\\\/\\\/eltrabajo.cl\\\/web\\\/#\\\/schema\\\/person\\\/45efd3d17f86ec456e44dd7debe1bf19\"},\"headline\":\"Dise\u00f1adores locales realizan desfile de moda en sala de eventos de la Afema\",\"datePublished\":\"2024-08-14T02:00:04+00:00\",\"mainEntityOfPage\":{\"@id\":\"https:\\\/\\\/eltrabajo.cl\\\/web\\\/disenadores-locales-realizan-desfile-de-moda-en-sala-de-eventos-de-la-afema\\\/\"},\"wordCount\":825,\"commentCount\":0,\"publisher\":{\"@id\":\"https:\\\/\\\/eltrabajo.cl\\\/web\\\/#organization\"},\"image\":{\"@id\":\"https:\\\/\\\/eltrabajo.cl\\\/web\\\/disenadores-locales-realizan-desfile-de-moda-en-sala-de-eventos-de-la-afema\\\/#primaryimage\"},\"thumbnailUrl\":\"https:\\\/\\\/eltrabajo.cl\\\/web\\\/wp-content\\\/uploads\\\/2024\\\/08\\\/Pasarela-Afema-1.jpg\",\"articleSection\":[\"Arte y Cultura\"],\"inLanguage\":\"es-CL\",\"potentialAction\":[{\"@type\":\"CommentAction\",\"name\":\"Comment\",\"target\":[\"https:\\\/\\\/eltrabajo.cl\\\/web\\\/disenadores-locales-realizan-desfile-de-moda-en-sala-de-eventos-de-la-afema\\\/#respond\"]}]},{\"@type\":\"WebPage\",\"@id\":\"https:\\\/\\\/eltrabajo.cl\\\/web\\\/disenadores-locales-realizan-desfile-de-moda-en-sala-de-eventos-de-la-afema\\\/\",\"url\":\"https:\\\/\\\/eltrabajo.cl\\\/web\\\/disenadores-locales-realizan-desfile-de-moda-en-sala-de-eventos-de-la-afema\\\/\",\"name\":\"Dise\u00f1adores locales realizan desfile de moda en sala de eventos de la Afema - Diario El Trabajo\",\"isPartOf\":{\"@id\":\"https:\\\/\\\/eltrabajo.cl\\\/web\\\/#website\"},\"primaryImageOfPage\":{\"@id\":\"https:\\\/\\\/eltrabajo.cl\\\/web\\\/disenadores-locales-realizan-desfile-de-moda-en-sala-de-eventos-de-la-afema\\\/#primaryimage\"},\"image\":{\"@id\":\"https:\\\/\\\/eltrabajo.cl\\\/web\\\/disenadores-locales-realizan-desfile-de-moda-en-sala-de-eventos-de-la-afema\\\/#primaryimage\"},\"thumbnailUrl\":\"https:\\\/\\\/eltrabajo.cl\\\/web\\\/wp-content\\\/uploads\\\/2024\\\/08\\\/Pasarela-Afema-1.jpg\",\"datePublished\":\"2024-08-14T02:00:04+00:00\",\"breadcrumb\":{\"@id\":\"https:\\\/\\\/eltrabajo.cl\\\/web\\\/disenadores-locales-realizan-desfile-de-moda-en-sala-de-eventos-de-la-afema\\\/#breadcrumb\"},\"inLanguage\":\"es-CL\",\"potentialAction\":[{\"@type\":\"ReadAction\",\"target\":[\"https:\\\/\\\/eltrabajo.cl\\\/web\\\/disenadores-locales-realizan-desfile-de-moda-en-sala-de-eventos-de-la-afema\\\/\"]}]},{\"@type\":\"ImageObject\",\"inLanguage\":\"es-CL\",\"@id\":\"https:\\\/\\\/eltrabajo.cl\\\/web\\\/disenadores-locales-realizan-desfile-de-moda-en-sala-de-eventos-de-la-afema\\\/#primaryimage\",\"url\":\"https:\\\/\\\/eltrabajo.cl\\\/web\\\/wp-content\\\/uploads\\\/2024\\\/08\\\/Pasarela-Afema-1.jpg\",\"contentUrl\":\"https:\\\/\\\/eltrabajo.cl\\\/web\\\/wp-content\\\/uploads\\\/2024\\\/08\\\/Pasarela-Afema-1.jpg\",\"width\":699,\"height\":372,\"caption\":\"Parte de lo que fue \u2018G\u00e9nesis\u2019 de \u2018Killest\u2019. Sus modelos fueron Katalina y Andrea Guti\u00e9rrez, Pola Veas, Annai Olgu\u00edn, Otniel Hern\u00e1ndez, Ramiro Milla y Alexis Mendoza. (Foto agencia Treefecta)\"},{\"@type\":\"BreadcrumbList\",\"@id\":\"https:\\\/\\\/eltrabajo.cl\\\/web\\\/disenadores-locales-realizan-desfile-de-moda-en-sala-de-eventos-de-la-afema\\\/#breadcrumb\",\"itemListElement\":[{\"@type\":\"ListItem\",\"position\":1,\"name\":\"Portada\",\"item\":\"https:\\\/\\\/eltrabajo.cl\\\/web\\\/\"},{\"@type\":\"ListItem\",\"position\":2,\"name\":\"Dise\u00f1adores locales realizan desfile de moda en sala de eventos de la Afema\"}]},{\"@type\":\"WebSite\",\"@id\":\"https:\\\/\\\/eltrabajo.cl\\\/web\\\/#website\",\"url\":\"https:\\\/\\\/eltrabajo.cl\\\/web\\\/\",\"name\":\"Diario El Trabajo\",\"description\":\"Desde 1929 construyendo Identidad Local\",\"publisher\":{\"@id\":\"https:\\\/\\\/eltrabajo.cl\\\/web\\\/#organization\"},\"potentialAction\":[{\"@type\":\"SearchAction\",\"target\":{\"@type\":\"EntryPoint\",\"urlTemplate\":\"https:\\\/\\\/eltrabajo.cl\\\/web\\\/?s={search_term_string}\"},\"query-input\":{\"@type\":\"PropertyValueSpecification\",\"valueRequired\":true,\"valueName\":\"search_term_string\"}}],\"inLanguage\":\"es-CL\"},{\"@type\":\"Organization\",\"@id\":\"https:\\\/\\\/eltrabajo.cl\\\/web\\\/#organization\",\"name\":\"Diario El Trabajo\",\"url\":\"https:\\\/\\\/eltrabajo.cl\\\/web\\\/\",\"logo\":{\"@type\":\"ImageObject\",\"inLanguage\":\"es-CL\",\"@id\":\"https:\\\/\\\/eltrabajo.cl\\\/web\\\/#\\\/schema\\\/logo\\\/image\\\/\",\"url\":\"https:\\\/\\\/eltrabajo.cl\\\/web\\\/wp-content\\\/uploads\\\/2024\\\/06\\\/profile-image-ig-page-diarioeltrabajo.jpg\",\"contentUrl\":\"https:\\\/\\\/eltrabajo.cl\\\/web\\\/wp-content\\\/uploads\\\/2024\\\/06\\\/profile-image-ig-page-diarioeltrabajo.jpg\",\"width\":823,\"height\":823,\"caption\":\"Diario El Trabajo\"},\"image\":{\"@id\":\"https:\\\/\\\/eltrabajo.cl\\\/web\\\/#\\\/schema\\\/logo\\\/image\\\/\"},\"sameAs\":[\"https:\\\/\\\/www.facebook.com\\\/ElTrabajoDiario\",\"https:\\\/\\\/x.com\\\/diarioeltrabajo\"]},{\"@type\":\"Person\",\"@id\":\"https:\\\/\\\/eltrabajo.cl\\\/web\\\/#\\\/schema\\\/person\\\/45efd3d17f86ec456e44dd7debe1bf19\",\"name\":\"Diario El Trabajo\",\"image\":{\"@type\":\"ImageObject\",\"inLanguage\":\"es-CL\",\"@id\":\"https:\\\/\\\/secure.gravatar.com\\\/avatar\\\/7e6ec277dc4aea2677c2dc301d4227957219329c985ab69a3efc12518b5161aa?s=96&d=mm&r=g\",\"url\":\"https:\\\/\\\/secure.gravatar.com\\\/avatar\\\/7e6ec277dc4aea2677c2dc301d4227957219329c985ab69a3efc12518b5161aa?s=96&d=mm&r=g\",\"contentUrl\":\"https:\\\/\\\/secure.gravatar.com\\\/avatar\\\/7e6ec277dc4aea2677c2dc301d4227957219329c985ab69a3efc12518b5161aa?s=96&d=mm&r=g\",\"caption\":\"Diario El Trabajo\"},\"sameAs\":[\"https:\\\/\\\/eltrabajo.cl\\\/web\"],\"url\":\"https:\\\/\\\/eltrabajo.cl\\\/web\\\/author\\\/diario-el-trabajo\\\/\"}]}<\/script>\n<!-- \/ Yoast SEO plugin. -->","yoast_head_json":{"title":"Dise\u00f1adores locales realizan desfile de moda en sala de eventos de la Afema - Diario El Trabajo","robots":{"index":"index","follow":"follow","max-snippet":"max-snippet:-1","max-image-preview":"max-image-preview:large","max-video-preview":"max-video-preview:-1"},"canonical":"https:\/\/eltrabajo.cl\/web\/disenadores-locales-realizan-desfile-de-moda-en-sala-de-eventos-de-la-afema\/","og_locale":"es_ES","og_type":"article","og_title":"Dise\u00f1adores locales realizan desfile de moda en sala de eventos de la Afema - Diario El Trabajo","og_description":"Su prop\u00f3sito fue ayudar a los socios del comit\u00e9 Roosevelt Silva, pero tambi\u00e9n comenzar a \u2018dejar huella\u2019 en Aconcagua.- El pasado s\u00e1bado 10 de agosto se realiz\u00f3 en la sala de eventos de la Asociaci\u00f3n de Feriantes Mayoristas (Afema), un desfile de moda de dos dise\u00f1adores sanfelipe\u00f1os: Franco Gaete Ch\u00e1vez (Lady Viper) con su l\u00ednea [&hellip;]","og_url":"https:\/\/eltrabajo.cl\/web\/disenadores-locales-realizan-desfile-de-moda-en-sala-de-eventos-de-la-afema\/","og_site_name":"Diario El Trabajo","article_publisher":"https:\/\/www.facebook.com\/ElTrabajoDiario","article_published_time":"2024-08-14T02:00:04+00:00","og_image":[{"width":699,"height":372,"url":"https:\/\/eltrabajo.cl\/web\/wp-content\/uploads\/2024\/08\/Pasarela-Afema-1.jpg","type":"image\/jpeg"}],"author":"Diario El Trabajo","twitter_card":"summary_large_image","twitter_creator":"@diarioeltrabajo","twitter_site":"@diarioeltrabajo","twitter_misc":{"Escrito por":"Diario El Trabajo","Tiempo estimado de lectura":"5 minutos"},"schema":{"@context":"https:\/\/schema.org","@graph":[{"@type":"Article","@id":"https:\/\/eltrabajo.cl\/web\/disenadores-locales-realizan-desfile-de-moda-en-sala-de-eventos-de-la-afema\/#article","isPartOf":{"@id":"https:\/\/eltrabajo.cl\/web\/disenadores-locales-realizan-desfile-de-moda-en-sala-de-eventos-de-la-afema\/"},"author":{"name":"Diario El Trabajo","@id":"https:\/\/eltrabajo.cl\/web\/#\/schema\/person\/45efd3d17f86ec456e44dd7debe1bf19"},"headline":"Dise\u00f1adores locales realizan desfile de moda en sala de eventos de la Afema","datePublished":"2024-08-14T02:00:04+00:00","mainEntityOfPage":{"@id":"https:\/\/eltrabajo.cl\/web\/disenadores-locales-realizan-desfile-de-moda-en-sala-de-eventos-de-la-afema\/"},"wordCount":825,"commentCount":0,"publisher":{"@id":"https:\/\/eltrabajo.cl\/web\/#organization"},"image":{"@id":"https:\/\/eltrabajo.cl\/web\/disenadores-locales-realizan-desfile-de-moda-en-sala-de-eventos-de-la-afema\/#primaryimage"},"thumbnailUrl":"https:\/\/eltrabajo.cl\/web\/wp-content\/uploads\/2024\/08\/Pasarela-Afema-1.jpg","articleSection":["Arte y Cultura"],"inLanguage":"es-CL","potentialAction":[{"@type":"CommentAction","name":"Comment","target":["https:\/\/eltrabajo.cl\/web\/disenadores-locales-realizan-desfile-de-moda-en-sala-de-eventos-de-la-afema\/#respond"]}]},{"@type":"WebPage","@id":"https:\/\/eltrabajo.cl\/web\/disenadores-locales-realizan-desfile-de-moda-en-sala-de-eventos-de-la-afema\/","url":"https:\/\/eltrabajo.cl\/web\/disenadores-locales-realizan-desfile-de-moda-en-sala-de-eventos-de-la-afema\/","name":"Dise\u00f1adores locales realizan desfile de moda en sala de eventos de la Afema - Diario El Trabajo","isPartOf":{"@id":"https:\/\/eltrabajo.cl\/web\/#website"},"primaryImageOfPage":{"@id":"https:\/\/eltrabajo.cl\/web\/disenadores-locales-realizan-desfile-de-moda-en-sala-de-eventos-de-la-afema\/#primaryimage"},"image":{"@id":"https:\/\/eltrabajo.cl\/web\/disenadores-locales-realizan-desfile-de-moda-en-sala-de-eventos-de-la-afema\/#primaryimage"},"thumbnailUrl":"https:\/\/eltrabajo.cl\/web\/wp-content\/uploads\/2024\/08\/Pasarela-Afema-1.jpg","datePublished":"2024-08-14T02:00:04+00:00","breadcrumb":{"@id":"https:\/\/eltrabajo.cl\/web\/disenadores-locales-realizan-desfile-de-moda-en-sala-de-eventos-de-la-afema\/#breadcrumb"},"inLanguage":"es-CL","potentialAction":[{"@type":"ReadAction","target":["https:\/\/eltrabajo.cl\/web\/disenadores-locales-realizan-desfile-de-moda-en-sala-de-eventos-de-la-afema\/"]}]},{"@type":"ImageObject","inLanguage":"es-CL","@id":"https:\/\/eltrabajo.cl\/web\/disenadores-locales-realizan-desfile-de-moda-en-sala-de-eventos-de-la-afema\/#primaryimage","url":"https:\/\/eltrabajo.cl\/web\/wp-content\/uploads\/2024\/08\/Pasarela-Afema-1.jpg","contentUrl":"https:\/\/eltrabajo.cl\/web\/wp-content\/uploads\/2024\/08\/Pasarela-Afema-1.jpg","width":699,"height":372,"caption":"Parte de lo que fue \u2018G\u00e9nesis\u2019 de \u2018Killest\u2019. Sus modelos fueron Katalina y Andrea Guti\u00e9rrez, Pola Veas, Annai Olgu\u00edn, Otniel Hern\u00e1ndez, Ramiro Milla y Alexis Mendoza. (Foto agencia Treefecta)"},{"@type":"BreadcrumbList","@id":"https:\/\/eltrabajo.cl\/web\/disenadores-locales-realizan-desfile-de-moda-en-sala-de-eventos-de-la-afema\/#breadcrumb","itemListElement":[{"@type":"ListItem","position":1,"name":"Portada","item":"https:\/\/eltrabajo.cl\/web\/"},{"@type":"ListItem","position":2,"name":"Dise\u00f1adores locales realizan desfile de moda en sala de eventos de la Afema"}]},{"@type":"WebSite","@id":"https:\/\/eltrabajo.cl\/web\/#website","url":"https:\/\/eltrabajo.cl\/web\/","name":"Diario El Trabajo","description":"Desde 1929 construyendo Identidad Local","publisher":{"@id":"https:\/\/eltrabajo.cl\/web\/#organization"},"potentialAction":[{"@type":"SearchAction","target":{"@type":"EntryPoint","urlTemplate":"https:\/\/eltrabajo.cl\/web\/?s={search_term_string}"},"query-input":{"@type":"PropertyValueSpecification","valueRequired":true,"valueName":"search_term_string"}}],"inLanguage":"es-CL"},{"@type":"Organization","@id":"https:\/\/eltrabajo.cl\/web\/#organization","name":"Diario El Trabajo","url":"https:\/\/eltrabajo.cl\/web\/","logo":{"@type":"ImageObject","inLanguage":"es-CL","@id":"https:\/\/eltrabajo.cl\/web\/#\/schema\/logo\/image\/","url":"https:\/\/eltrabajo.cl\/web\/wp-content\/uploads\/2024\/06\/profile-image-ig-page-diarioeltrabajo.jpg","contentUrl":"https:\/\/eltrabajo.cl\/web\/wp-content\/uploads\/2024\/06\/profile-image-ig-page-diarioeltrabajo.jpg","width":823,"height":823,"caption":"Diario El Trabajo"},"image":{"@id":"https:\/\/eltrabajo.cl\/web\/#\/schema\/logo\/image\/"},"sameAs":["https:\/\/www.facebook.com\/ElTrabajoDiario","https:\/\/x.com\/diarioeltrabajo"]},{"@type":"Person","@id":"https:\/\/eltrabajo.cl\/web\/#\/schema\/person\/45efd3d17f86ec456e44dd7debe1bf19","name":"Diario El Trabajo","image":{"@type":"ImageObject","inLanguage":"es-CL","@id":"https:\/\/secure.gravatar.com\/avatar\/7e6ec277dc4aea2677c2dc301d4227957219329c985ab69a3efc12518b5161aa?s=96&d=mm&r=g","url":"https:\/\/secure.gravatar.com\/avatar\/7e6ec277dc4aea2677c2dc301d4227957219329c985ab69a3efc12518b5161aa?s=96&d=mm&r=g","contentUrl":"https:\/\/secure.gravatar.com\/avatar\/7e6ec277dc4aea2677c2dc301d4227957219329c985ab69a3efc12518b5161aa?s=96&d=mm&r=g","caption":"Diario El Trabajo"},"sameAs":["https:\/\/eltrabajo.cl\/web"],"url":"https:\/\/eltrabajo.cl\/web\/author\/diario-el-trabajo\/"}]}},"_links":{"self":[{"href":"https:\/\/eltrabajo.cl\/web\/wp-json\/wp\/v2\/posts\/131480","targetHints":{"allow":["GET"]}}],"collection":[{"href":"https:\/\/eltrabajo.cl\/web\/wp-json\/wp\/v2\/posts"}],"about":[{"href":"https:\/\/eltrabajo.cl\/web\/wp-json\/wp\/v2\/types\/post"}],"author":[{"embeddable":true,"href":"https:\/\/eltrabajo.cl\/web\/wp-json\/wp\/v2\/users\/1"}],"replies":[{"embeddable":true,"href":"https:\/\/eltrabajo.cl\/web\/wp-json\/wp\/v2\/comments?post=131480"}],"version-history":[{"count":1,"href":"https:\/\/eltrabajo.cl\/web\/wp-json\/wp\/v2\/posts\/131480\/revisions"}],"predecessor-version":[{"id":131484,"href":"https:\/\/eltrabajo.cl\/web\/wp-json\/wp\/v2\/posts\/131480\/revisions\/131484"}],"wp:featuredmedia":[{"embeddable":true,"href":"https:\/\/eltrabajo.cl\/web\/wp-json\/wp\/v2\/media\/131481"}],"wp:attachment":[{"href":"https:\/\/eltrabajo.cl\/web\/wp-json\/wp\/v2\/media?parent=131480"}],"wp:term":[{"taxonomy":"category","embeddable":true,"href":"https:\/\/eltrabajo.cl\/web\/wp-json\/wp\/v2\/categories?post=131480"},{"taxonomy":"post_tag","embeddable":true,"href":"https:\/\/eltrabajo.cl\/web\/wp-json\/wp\/v2\/tags?post=131480"}],"curies":[{"name":"wp","href":"https:\/\/api.w.org\/{rel}","templated":true}]}}