{"id":131944,"date":"2024-09-05T22:35:54","date_gmt":"2024-09-06T01:35:54","guid":{"rendered":"https:\/\/eltrabajo.cl\/web\/?p=131944"},"modified":"2024-09-05T22:18:47","modified_gmt":"2024-09-06T01:18:47","slug":"el-podcast-y-programa-radial-automata-celebrara-sus-10-anos-de-antiguedad","status":"publish","type":"post","link":"https:\/\/eltrabajo.cl\/web\/el-podcast-y-programa-radial-automata-celebrara-sus-10-anos-de-antiguedad\/","title":{"rendered":"El podcast y programa radial \u2018Aut\u00f3mata\u2019 celebrar\u00e1 sus 10 a\u00f1os de antig\u00fcedad"},"content":{"rendered":"<ul>\n<li><strong>El programa emite un nuevo episodio mensualmente, y cada estreno es transmitido los lunes a las 21:00 horas por Radio Rara y Cherc\u00e1n Radio.-<\/strong><\/li>\n<\/ul>\n<p>Este s\u00e1bado 7 de septiembre, el podcast y programa radial <strong>\u2018Aut\u00f3mata\u2019<\/strong>, de San Felipe de Aconcagua, que promueve m\u00fasica independiente y de vanguardia, celebrar\u00e1 su d\u00e9cimo aniversario. El evento comenzar\u00e1 a las 20:00 horas en el Club San Felipe (Yungay N\u00b010) e incluir\u00e1 un festival, fiesta y feria.<\/p>\n<p>Entre los artistas locales invitados destacan \u2018Coronel\u2019, agrupaci\u00f3n que regresa a los escenarios tras seis a\u00f1os de ausencia, y las bandas debutantes \u2018Proyecto 89\u2019 y \u2018Pista Celof\u00e1n\u2019. Tambi\u00e9n participar\u00e1n \u2018Leidi DJ\u2019 e \u2018Iory\u2019. Desde Santiago, el d\u00fao \u2018Retumba P\u00e1jaros\u2019 ser\u00e1 parte del evento. El anfitri\u00f3n, por su parte, presentar\u00e1 un set de vinilos.<\/p>\n<p>El proyecto cumplea\u00f1ero comenz\u00f3 en el a\u00f1o 2014 como parte de la programaci\u00f3n de Radio Ser FM, que oper\u00f3 en San Felipe y Los Andes hasta su cierre en 2017. Los locutores e investigadores <strong>Carlos L\u00e9rtora<\/strong> y <strong>Daniel Pereira<\/strong>, quienes iniciaron el programa, han continuado con la iniciativa, pero ahora en formato de podcast.<\/p>\n<p>\u00ab<em>\u2018Aut\u00f3mata\u2019 es un proyecto autogestionado efectuado con mucho amor por la m\u00fasica y con el \u00fanico objetivo de difundir y compartir diversas sonoridades y manifestaciones musicales inquietantes, transgresoras o innovadoras\u00bb,<\/em> expresaron sus conductores.<\/p>\n<p>El programa publica un cap\u00edtulo al mes en plataformas como Spotify, Apple Podcast y Mixcloud, entre otras. Adem\u00e1s, en cada estreno, cuenta con la difusi\u00f3n de Radio Rara y Cherc\u00e1n Radio, que lo transmiten los lunes a las 21:00 horas.<\/p>\n<p>Entre el 2014 y 2022, realizaron cinco temporadas de quince episodios. <em>\u00abEn cada programa se muestran entre ocho y diez proyectos musicales, con sus respectivas rese\u00f1as y biograf\u00edas, la apreciaci\u00f3n est\u00e9tica de cada proyecto, as\u00ed como datos relevantes y anecd\u00f3ticos. Se ha intencionado enfatizar en cada programa diversos proyectos de nuestro pa\u00eds, tanto vigentes como de \u00e9pocas pasadas\u00bb, <\/em>explicaron.<\/p>\n<p>Durante sus transmisiones radiales, \u2018Aut\u00f3mata\u2019 incluy\u00f3 sesiones en vivo con cuatro agrupaciones: Tum Tum, Wanderson, Magia Sincronizada y Coronel, los que fueron grabados y registrados en el disco \u2018Sesiones Aut\u00f3mata\u2019, disponible en la p\u00e1gina de Bandcamp del sello \u2018Experimentos Rurales\u2019.<\/p>\n<p>Sobre la importancia del podcast para la escena musical del Aconcagua, los locutores comentaron que <em>\u00abel programa colabora en la promoci\u00f3n y difusi\u00f3n de m\u00fasica y contenidos que generalmente no tienen espacio en los medios convencionales, como la m\u00fasica de vanguardia o\u00a0 experimental.<\/em><\/p>\n<p>\u00ab<em>Adem\u00e1s hemos programado a proyectos del Valle del Aconcagua que sentimos se aproximan a los criterios que planteamos, dando espacio a proyectos un tanto desconocidos, pero s\u00faper buenos.<\/em><\/p>\n<p>\u00ab<em>Tenemos una audiencia peque\u00f1a, pero diversa, de varios lados del mundo. Pese a esto, sabemos que en los tiempos de la Radio Ser FM, se escuch\u00f3 bastante por estos lados,\u00a0 no sabemos cu\u00e1nta gente sabe de nosotros, pero hemos recibido muy buenos comentarios durante este tiempo de personas s\u00faper inesperadas, que nos han felicitado por lo que hacemos\u00bb.<\/em><\/p>\n<p>Adem\u00e1s, \u2018Aut\u00f3mata\u2019 no solo promueve la m\u00fasica a trav\u00e9s de su programa, sino que tambi\u00e9n apoya a los artistas locales mediante la organizaci\u00f3n de eventos: <em>\u00abParalelamente ha gestionado y producido diversas tocatas y representaciones de proyectos musicales en el Valle del Aconcagua, donde destacan las presentaciones de agrupaciones como \u2018Familia Miranda\u2019, \u2018Wanderson\u2019, \u2018Intermitentes\u2019, \u2018Asunci\u00f3n\u2019, \u2018Droste\u2019, \u2018Dharmico\u2019, \u2018Spinazo Ska\u2019, etc\u00bb,<\/em> mencionaron.<\/p>\n<p>Como deseos de cumplea\u00f1os para su proyecto, L\u00e9rtora y Pereira esperan mantener la continuidad de los cap\u00edtulos y regresar a la se\u00f1al FM: <em>\u00abEra incre\u00edble poder llegar a gente inesperada por las ondas radiales, eso nos gustaba mucho, el riesgo radial\u00bb.<\/em><\/p>\n<p>El evento de celebraci\u00f3n por los diez a\u00f1os de \u2018Aut\u00f3mata\u2019, denominado <strong>\u2018Aut\u00f3mata 10\u2019<\/strong>, tendr\u00e1 un valor de preventa de 2.000 pesos, y de 3.000 pesos en puerta. Tambi\u00e9n se ofrecer\u00e1n dos entradas por 5.000 pesos. <em>\u00abSus contactos est\u00e1n disponibles en redes sociales, en Facebook como \u2018Aut\u00f3mata Radio\u2019 e Instagram como \u2018Aut\u00f3mata podcast\u2019\u00bb, <\/em>cerraron.<\/p>\n<p style=\"text-align: right;\"><strong>Jacqueline Le\u00f3n<\/strong><\/p>\n<figure id=\"attachment_131945\" aria-describedby=\"caption-attachment-131945\" style=\"width: 699px\" class=\"wp-caption alignnone\"><img loading=\"lazy\" decoding=\"async\" class=\"size-full wp-image-131945\" src=\"https:\/\/eltrabajo.cl\/web\/wp-content\/uploads\/2024\/09\/Automata-3.jpg\" alt=\"Los locutores, fundadores e investigadores del proyecto autogestionado \u2018Aut\u00f3mata\u2019 son Carlos L\u00e9rtora y Daniel Pereira.\" width=\"699\" height=\"526\" srcset=\"https:\/\/eltrabajo.cl\/web\/wp-content\/uploads\/2024\/09\/Automata-3.jpg 699w, https:\/\/eltrabajo.cl\/web\/wp-content\/uploads\/2024\/09\/Automata-3-300x226.jpg 300w, https:\/\/eltrabajo.cl\/web\/wp-content\/uploads\/2024\/09\/Automata-3-558x420.jpg 558w, https:\/\/eltrabajo.cl\/web\/wp-content\/uploads\/2024\/09\/Automata-3-80x60.jpg 80w, https:\/\/eltrabajo.cl\/web\/wp-content\/uploads\/2024\/09\/Automata-3-150x113.jpg 150w, https:\/\/eltrabajo.cl\/web\/wp-content\/uploads\/2024\/09\/Automata-3-696x524.jpg 696w, https:\/\/eltrabajo.cl\/web\/wp-content\/uploads\/2024\/09\/Automata-3-265x198.jpg 265w\" sizes=\"auto, (max-width: 699px) 100vw, 699px\" \/><figcaption id=\"caption-attachment-131945\" class=\"wp-caption-text\">Los locutores, fundadores e investigadores del proyecto autogestionado \u2018Aut\u00f3mata\u2019 son Carlos L\u00e9rtora y Daniel Pereira.<\/figcaption><\/figure>\n","protected":false},"excerpt":{"rendered":"<p>El programa emite un nuevo episodio mensualmente, y cada estreno es transmitido los lunes a las 21:00 horas por Radio Rara y Cherc\u00e1n Radio.- Este s\u00e1bado 7 de septiembre, el podcast y programa radial \u2018Aut\u00f3mata\u2019, de San Felipe de Aconcagua, que promueve m\u00fasica independiente y de vanguardia, celebrar\u00e1 su d\u00e9cimo aniversario. El evento comenzar\u00e1 a [&hellip;]<\/p>\n","protected":false},"author":1,"featured_media":131945,"comment_status":"open","ping_status":"closed","sticky":false,"template":"","format":"standard","meta":{"footnotes":""},"categories":[4],"tags":[],"class_list":{"0":"post-131944","1":"post","2":"type-post","3":"status-publish","4":"format-standard","5":"has-post-thumbnail","7":"category-comunidad"},"yoast_head":"<!-- This site is optimized with the Yoast SEO plugin v27.4 - https:\/\/yoast.com\/product\/yoast-seo-wordpress\/ -->\n<title>El podcast y programa radial \u2018Aut\u00f3mata\u2019 celebrar\u00e1 sus 10 a\u00f1os de antig\u00fcedad - Diario El Trabajo<\/title>\n<meta name=\"robots\" content=\"index, follow, max-snippet:-1, max-image-preview:large, max-video-preview:-1\" \/>\n<link rel=\"canonical\" href=\"https:\/\/eltrabajo.cl\/web\/el-podcast-y-programa-radial-automata-celebrara-sus-10-anos-de-antiguedad\/\" \/>\n<meta property=\"og:locale\" content=\"es_ES\" \/>\n<meta property=\"og:type\" content=\"article\" \/>\n<meta property=\"og:title\" content=\"El podcast y programa radial \u2018Aut\u00f3mata\u2019 celebrar\u00e1 sus 10 a\u00f1os de antig\u00fcedad - Diario El Trabajo\" \/>\n<meta property=\"og:description\" content=\"El programa emite un nuevo episodio mensualmente, y cada estreno es transmitido los lunes a las 21:00 horas por Radio Rara y Cherc\u00e1n Radio.- Este s\u00e1bado 7 de septiembre, el podcast y programa radial \u2018Aut\u00f3mata\u2019, de San Felipe de Aconcagua, que promueve m\u00fasica independiente y de vanguardia, celebrar\u00e1 su d\u00e9cimo aniversario. El evento comenzar\u00e1 a [&hellip;]\" \/>\n<meta property=\"og:url\" content=\"https:\/\/eltrabajo.cl\/web\/el-podcast-y-programa-radial-automata-celebrara-sus-10-anos-de-antiguedad\/\" \/>\n<meta property=\"og:site_name\" content=\"Diario El Trabajo\" \/>\n<meta property=\"article:publisher\" content=\"https:\/\/www.facebook.com\/ElTrabajoDiario\" \/>\n<meta property=\"article:published_time\" content=\"2024-09-06T01:35:54+00:00\" \/>\n<meta property=\"og:image\" content=\"https:\/\/eltrabajo.cl\/web\/wp-content\/uploads\/2024\/09\/Automata-3.jpg\" \/>\n\t<meta property=\"og:image:width\" content=\"699\" \/>\n\t<meta property=\"og:image:height\" content=\"526\" \/>\n\t<meta property=\"og:image:type\" content=\"image\/jpeg\" \/>\n<meta name=\"author\" content=\"Diario El Trabajo\" \/>\n<meta name=\"twitter:card\" content=\"summary_large_image\" \/>\n<meta name=\"twitter:creator\" content=\"@diarioeltrabajo\" \/>\n<meta name=\"twitter:site\" content=\"@diarioeltrabajo\" \/>\n<meta name=\"twitter:label1\" content=\"Escrito por\" \/>\n\t<meta name=\"twitter:data1\" content=\"Diario El Trabajo\" \/>\n\t<meta name=\"twitter:label2\" content=\"Tiempo estimado de lectura\" \/>\n\t<meta name=\"twitter:data2\" content=\"4 minutos\" \/>\n<script type=\"application\/ld+json\" class=\"yoast-schema-graph\">{\"@context\":\"https:\\\/\\\/schema.org\",\"@graph\":[{\"@type\":\"Article\",\"@id\":\"https:\\\/\\\/eltrabajo.cl\\\/web\\\/el-podcast-y-programa-radial-automata-celebrara-sus-10-anos-de-antiguedad\\\/#article\",\"isPartOf\":{\"@id\":\"https:\\\/\\\/eltrabajo.cl\\\/web\\\/el-podcast-y-programa-radial-automata-celebrara-sus-10-anos-de-antiguedad\\\/\"},\"author\":{\"name\":\"Diario El Trabajo\",\"@id\":\"https:\\\/\\\/eltrabajo.cl\\\/web\\\/#\\\/schema\\\/person\\\/45efd3d17f86ec456e44dd7debe1bf19\"},\"headline\":\"El podcast y programa radial \u2018Aut\u00f3mata\u2019 celebrar\u00e1 sus 10 a\u00f1os de antig\u00fcedad\",\"datePublished\":\"2024-09-06T01:35:54+00:00\",\"mainEntityOfPage\":{\"@id\":\"https:\\\/\\\/eltrabajo.cl\\\/web\\\/el-podcast-y-programa-radial-automata-celebrara-sus-10-anos-de-antiguedad\\\/\"},\"wordCount\":725,\"commentCount\":0,\"publisher\":{\"@id\":\"https:\\\/\\\/eltrabajo.cl\\\/web\\\/#organization\"},\"image\":{\"@id\":\"https:\\\/\\\/eltrabajo.cl\\\/web\\\/el-podcast-y-programa-radial-automata-celebrara-sus-10-anos-de-antiguedad\\\/#primaryimage\"},\"thumbnailUrl\":\"https:\\\/\\\/eltrabajo.cl\\\/web\\\/wp-content\\\/uploads\\\/2024\\\/09\\\/Automata-3.jpg\",\"articleSection\":[\"Comunidad\"],\"inLanguage\":\"es-CL\",\"potentialAction\":[{\"@type\":\"CommentAction\",\"name\":\"Comment\",\"target\":[\"https:\\\/\\\/eltrabajo.cl\\\/web\\\/el-podcast-y-programa-radial-automata-celebrara-sus-10-anos-de-antiguedad\\\/#respond\"]}]},{\"@type\":\"WebPage\",\"@id\":\"https:\\\/\\\/eltrabajo.cl\\\/web\\\/el-podcast-y-programa-radial-automata-celebrara-sus-10-anos-de-antiguedad\\\/\",\"url\":\"https:\\\/\\\/eltrabajo.cl\\\/web\\\/el-podcast-y-programa-radial-automata-celebrara-sus-10-anos-de-antiguedad\\\/\",\"name\":\"El podcast y programa radial \u2018Aut\u00f3mata\u2019 celebrar\u00e1 sus 10 a\u00f1os de antig\u00fcedad - Diario El Trabajo\",\"isPartOf\":{\"@id\":\"https:\\\/\\\/eltrabajo.cl\\\/web\\\/#website\"},\"primaryImageOfPage\":{\"@id\":\"https:\\\/\\\/eltrabajo.cl\\\/web\\\/el-podcast-y-programa-radial-automata-celebrara-sus-10-anos-de-antiguedad\\\/#primaryimage\"},\"image\":{\"@id\":\"https:\\\/\\\/eltrabajo.cl\\\/web\\\/el-podcast-y-programa-radial-automata-celebrara-sus-10-anos-de-antiguedad\\\/#primaryimage\"},\"thumbnailUrl\":\"https:\\\/\\\/eltrabajo.cl\\\/web\\\/wp-content\\\/uploads\\\/2024\\\/09\\\/Automata-3.jpg\",\"datePublished\":\"2024-09-06T01:35:54+00:00\",\"breadcrumb\":{\"@id\":\"https:\\\/\\\/eltrabajo.cl\\\/web\\\/el-podcast-y-programa-radial-automata-celebrara-sus-10-anos-de-antiguedad\\\/#breadcrumb\"},\"inLanguage\":\"es-CL\",\"potentialAction\":[{\"@type\":\"ReadAction\",\"target\":[\"https:\\\/\\\/eltrabajo.cl\\\/web\\\/el-podcast-y-programa-radial-automata-celebrara-sus-10-anos-de-antiguedad\\\/\"]}]},{\"@type\":\"ImageObject\",\"inLanguage\":\"es-CL\",\"@id\":\"https:\\\/\\\/eltrabajo.cl\\\/web\\\/el-podcast-y-programa-radial-automata-celebrara-sus-10-anos-de-antiguedad\\\/#primaryimage\",\"url\":\"https:\\\/\\\/eltrabajo.cl\\\/web\\\/wp-content\\\/uploads\\\/2024\\\/09\\\/Automata-3.jpg\",\"contentUrl\":\"https:\\\/\\\/eltrabajo.cl\\\/web\\\/wp-content\\\/uploads\\\/2024\\\/09\\\/Automata-3.jpg\",\"width\":699,\"height\":526,\"caption\":\"Los locutores, fundadores e investigadores del proyecto autogestionado \u2018Aut\u00f3mata\u2019 son Carlos L\u00e9rtora y Daniel Pereira.\"},{\"@type\":\"BreadcrumbList\",\"@id\":\"https:\\\/\\\/eltrabajo.cl\\\/web\\\/el-podcast-y-programa-radial-automata-celebrara-sus-10-anos-de-antiguedad\\\/#breadcrumb\",\"itemListElement\":[{\"@type\":\"ListItem\",\"position\":1,\"name\":\"Portada\",\"item\":\"https:\\\/\\\/eltrabajo.cl\\\/web\\\/\"},{\"@type\":\"ListItem\",\"position\":2,\"name\":\"El podcast y programa radial \u2018Aut\u00f3mata\u2019 celebrar\u00e1 sus 10 a\u00f1os de antig\u00fcedad\"}]},{\"@type\":\"WebSite\",\"@id\":\"https:\\\/\\\/eltrabajo.cl\\\/web\\\/#website\",\"url\":\"https:\\\/\\\/eltrabajo.cl\\\/web\\\/\",\"name\":\"Diario El Trabajo\",\"description\":\"Desde 1929 construyendo Identidad Local\",\"publisher\":{\"@id\":\"https:\\\/\\\/eltrabajo.cl\\\/web\\\/#organization\"},\"potentialAction\":[{\"@type\":\"SearchAction\",\"target\":{\"@type\":\"EntryPoint\",\"urlTemplate\":\"https:\\\/\\\/eltrabajo.cl\\\/web\\\/?s={search_term_string}\"},\"query-input\":{\"@type\":\"PropertyValueSpecification\",\"valueRequired\":true,\"valueName\":\"search_term_string\"}}],\"inLanguage\":\"es-CL\"},{\"@type\":\"Organization\",\"@id\":\"https:\\\/\\\/eltrabajo.cl\\\/web\\\/#organization\",\"name\":\"Diario El Trabajo\",\"url\":\"https:\\\/\\\/eltrabajo.cl\\\/web\\\/\",\"logo\":{\"@type\":\"ImageObject\",\"inLanguage\":\"es-CL\",\"@id\":\"https:\\\/\\\/eltrabajo.cl\\\/web\\\/#\\\/schema\\\/logo\\\/image\\\/\",\"url\":\"https:\\\/\\\/eltrabajo.cl\\\/web\\\/wp-content\\\/uploads\\\/2024\\\/06\\\/profile-image-ig-page-diarioeltrabajo.jpg\",\"contentUrl\":\"https:\\\/\\\/eltrabajo.cl\\\/web\\\/wp-content\\\/uploads\\\/2024\\\/06\\\/profile-image-ig-page-diarioeltrabajo.jpg\",\"width\":823,\"height\":823,\"caption\":\"Diario El Trabajo\"},\"image\":{\"@id\":\"https:\\\/\\\/eltrabajo.cl\\\/web\\\/#\\\/schema\\\/logo\\\/image\\\/\"},\"sameAs\":[\"https:\\\/\\\/www.facebook.com\\\/ElTrabajoDiario\",\"https:\\\/\\\/x.com\\\/diarioeltrabajo\"]},{\"@type\":\"Person\",\"@id\":\"https:\\\/\\\/eltrabajo.cl\\\/web\\\/#\\\/schema\\\/person\\\/45efd3d17f86ec456e44dd7debe1bf19\",\"name\":\"Diario El Trabajo\",\"image\":{\"@type\":\"ImageObject\",\"inLanguage\":\"es-CL\",\"@id\":\"https:\\\/\\\/secure.gravatar.com\\\/avatar\\\/7e6ec277dc4aea2677c2dc301d4227957219329c985ab69a3efc12518b5161aa?s=96&d=mm&r=g\",\"url\":\"https:\\\/\\\/secure.gravatar.com\\\/avatar\\\/7e6ec277dc4aea2677c2dc301d4227957219329c985ab69a3efc12518b5161aa?s=96&d=mm&r=g\",\"contentUrl\":\"https:\\\/\\\/secure.gravatar.com\\\/avatar\\\/7e6ec277dc4aea2677c2dc301d4227957219329c985ab69a3efc12518b5161aa?s=96&d=mm&r=g\",\"caption\":\"Diario El Trabajo\"},\"sameAs\":[\"https:\\\/\\\/eltrabajo.cl\\\/web\"],\"url\":\"https:\\\/\\\/eltrabajo.cl\\\/web\\\/author\\\/diario-el-trabajo\\\/\"}]}<\/script>\n<!-- \/ Yoast SEO plugin. -->","yoast_head_json":{"title":"El podcast y programa radial \u2018Aut\u00f3mata\u2019 celebrar\u00e1 sus 10 a\u00f1os de antig\u00fcedad - Diario El Trabajo","robots":{"index":"index","follow":"follow","max-snippet":"max-snippet:-1","max-image-preview":"max-image-preview:large","max-video-preview":"max-video-preview:-1"},"canonical":"https:\/\/eltrabajo.cl\/web\/el-podcast-y-programa-radial-automata-celebrara-sus-10-anos-de-antiguedad\/","og_locale":"es_ES","og_type":"article","og_title":"El podcast y programa radial \u2018Aut\u00f3mata\u2019 celebrar\u00e1 sus 10 a\u00f1os de antig\u00fcedad - Diario El Trabajo","og_description":"El programa emite un nuevo episodio mensualmente, y cada estreno es transmitido los lunes a las 21:00 horas por Radio Rara y Cherc\u00e1n Radio.- Este s\u00e1bado 7 de septiembre, el podcast y programa radial \u2018Aut\u00f3mata\u2019, de San Felipe de Aconcagua, que promueve m\u00fasica independiente y de vanguardia, celebrar\u00e1 su d\u00e9cimo aniversario. El evento comenzar\u00e1 a [&hellip;]","og_url":"https:\/\/eltrabajo.cl\/web\/el-podcast-y-programa-radial-automata-celebrara-sus-10-anos-de-antiguedad\/","og_site_name":"Diario El Trabajo","article_publisher":"https:\/\/www.facebook.com\/ElTrabajoDiario","article_published_time":"2024-09-06T01:35:54+00:00","og_image":[{"width":699,"height":526,"url":"https:\/\/eltrabajo.cl\/web\/wp-content\/uploads\/2024\/09\/Automata-3.jpg","type":"image\/jpeg"}],"author":"Diario El Trabajo","twitter_card":"summary_large_image","twitter_creator":"@diarioeltrabajo","twitter_site":"@diarioeltrabajo","twitter_misc":{"Escrito por":"Diario El Trabajo","Tiempo estimado de lectura":"4 minutos"},"schema":{"@context":"https:\/\/schema.org","@graph":[{"@type":"Article","@id":"https:\/\/eltrabajo.cl\/web\/el-podcast-y-programa-radial-automata-celebrara-sus-10-anos-de-antiguedad\/#article","isPartOf":{"@id":"https:\/\/eltrabajo.cl\/web\/el-podcast-y-programa-radial-automata-celebrara-sus-10-anos-de-antiguedad\/"},"author":{"name":"Diario El Trabajo","@id":"https:\/\/eltrabajo.cl\/web\/#\/schema\/person\/45efd3d17f86ec456e44dd7debe1bf19"},"headline":"El podcast y programa radial \u2018Aut\u00f3mata\u2019 celebrar\u00e1 sus 10 a\u00f1os de antig\u00fcedad","datePublished":"2024-09-06T01:35:54+00:00","mainEntityOfPage":{"@id":"https:\/\/eltrabajo.cl\/web\/el-podcast-y-programa-radial-automata-celebrara-sus-10-anos-de-antiguedad\/"},"wordCount":725,"commentCount":0,"publisher":{"@id":"https:\/\/eltrabajo.cl\/web\/#organization"},"image":{"@id":"https:\/\/eltrabajo.cl\/web\/el-podcast-y-programa-radial-automata-celebrara-sus-10-anos-de-antiguedad\/#primaryimage"},"thumbnailUrl":"https:\/\/eltrabajo.cl\/web\/wp-content\/uploads\/2024\/09\/Automata-3.jpg","articleSection":["Comunidad"],"inLanguage":"es-CL","potentialAction":[{"@type":"CommentAction","name":"Comment","target":["https:\/\/eltrabajo.cl\/web\/el-podcast-y-programa-radial-automata-celebrara-sus-10-anos-de-antiguedad\/#respond"]}]},{"@type":"WebPage","@id":"https:\/\/eltrabajo.cl\/web\/el-podcast-y-programa-radial-automata-celebrara-sus-10-anos-de-antiguedad\/","url":"https:\/\/eltrabajo.cl\/web\/el-podcast-y-programa-radial-automata-celebrara-sus-10-anos-de-antiguedad\/","name":"El podcast y programa radial \u2018Aut\u00f3mata\u2019 celebrar\u00e1 sus 10 a\u00f1os de antig\u00fcedad - Diario El Trabajo","isPartOf":{"@id":"https:\/\/eltrabajo.cl\/web\/#website"},"primaryImageOfPage":{"@id":"https:\/\/eltrabajo.cl\/web\/el-podcast-y-programa-radial-automata-celebrara-sus-10-anos-de-antiguedad\/#primaryimage"},"image":{"@id":"https:\/\/eltrabajo.cl\/web\/el-podcast-y-programa-radial-automata-celebrara-sus-10-anos-de-antiguedad\/#primaryimage"},"thumbnailUrl":"https:\/\/eltrabajo.cl\/web\/wp-content\/uploads\/2024\/09\/Automata-3.jpg","datePublished":"2024-09-06T01:35:54+00:00","breadcrumb":{"@id":"https:\/\/eltrabajo.cl\/web\/el-podcast-y-programa-radial-automata-celebrara-sus-10-anos-de-antiguedad\/#breadcrumb"},"inLanguage":"es-CL","potentialAction":[{"@type":"ReadAction","target":["https:\/\/eltrabajo.cl\/web\/el-podcast-y-programa-radial-automata-celebrara-sus-10-anos-de-antiguedad\/"]}]},{"@type":"ImageObject","inLanguage":"es-CL","@id":"https:\/\/eltrabajo.cl\/web\/el-podcast-y-programa-radial-automata-celebrara-sus-10-anos-de-antiguedad\/#primaryimage","url":"https:\/\/eltrabajo.cl\/web\/wp-content\/uploads\/2024\/09\/Automata-3.jpg","contentUrl":"https:\/\/eltrabajo.cl\/web\/wp-content\/uploads\/2024\/09\/Automata-3.jpg","width":699,"height":526,"caption":"Los locutores, fundadores e investigadores del proyecto autogestionado \u2018Aut\u00f3mata\u2019 son Carlos L\u00e9rtora y Daniel Pereira."},{"@type":"BreadcrumbList","@id":"https:\/\/eltrabajo.cl\/web\/el-podcast-y-programa-radial-automata-celebrara-sus-10-anos-de-antiguedad\/#breadcrumb","itemListElement":[{"@type":"ListItem","position":1,"name":"Portada","item":"https:\/\/eltrabajo.cl\/web\/"},{"@type":"ListItem","position":2,"name":"El podcast y programa radial \u2018Aut\u00f3mata\u2019 celebrar\u00e1 sus 10 a\u00f1os de antig\u00fcedad"}]},{"@type":"WebSite","@id":"https:\/\/eltrabajo.cl\/web\/#website","url":"https:\/\/eltrabajo.cl\/web\/","name":"Diario El Trabajo","description":"Desde 1929 construyendo Identidad Local","publisher":{"@id":"https:\/\/eltrabajo.cl\/web\/#organization"},"potentialAction":[{"@type":"SearchAction","target":{"@type":"EntryPoint","urlTemplate":"https:\/\/eltrabajo.cl\/web\/?s={search_term_string}"},"query-input":{"@type":"PropertyValueSpecification","valueRequired":true,"valueName":"search_term_string"}}],"inLanguage":"es-CL"},{"@type":"Organization","@id":"https:\/\/eltrabajo.cl\/web\/#organization","name":"Diario El Trabajo","url":"https:\/\/eltrabajo.cl\/web\/","logo":{"@type":"ImageObject","inLanguage":"es-CL","@id":"https:\/\/eltrabajo.cl\/web\/#\/schema\/logo\/image\/","url":"https:\/\/eltrabajo.cl\/web\/wp-content\/uploads\/2024\/06\/profile-image-ig-page-diarioeltrabajo.jpg","contentUrl":"https:\/\/eltrabajo.cl\/web\/wp-content\/uploads\/2024\/06\/profile-image-ig-page-diarioeltrabajo.jpg","width":823,"height":823,"caption":"Diario El Trabajo"},"image":{"@id":"https:\/\/eltrabajo.cl\/web\/#\/schema\/logo\/image\/"},"sameAs":["https:\/\/www.facebook.com\/ElTrabajoDiario","https:\/\/x.com\/diarioeltrabajo"]},{"@type":"Person","@id":"https:\/\/eltrabajo.cl\/web\/#\/schema\/person\/45efd3d17f86ec456e44dd7debe1bf19","name":"Diario El Trabajo","image":{"@type":"ImageObject","inLanguage":"es-CL","@id":"https:\/\/secure.gravatar.com\/avatar\/7e6ec277dc4aea2677c2dc301d4227957219329c985ab69a3efc12518b5161aa?s=96&d=mm&r=g","url":"https:\/\/secure.gravatar.com\/avatar\/7e6ec277dc4aea2677c2dc301d4227957219329c985ab69a3efc12518b5161aa?s=96&d=mm&r=g","contentUrl":"https:\/\/secure.gravatar.com\/avatar\/7e6ec277dc4aea2677c2dc301d4227957219329c985ab69a3efc12518b5161aa?s=96&d=mm&r=g","caption":"Diario El Trabajo"},"sameAs":["https:\/\/eltrabajo.cl\/web"],"url":"https:\/\/eltrabajo.cl\/web\/author\/diario-el-trabajo\/"}]}},"_links":{"self":[{"href":"https:\/\/eltrabajo.cl\/web\/wp-json\/wp\/v2\/posts\/131944","targetHints":{"allow":["GET"]}}],"collection":[{"href":"https:\/\/eltrabajo.cl\/web\/wp-json\/wp\/v2\/posts"}],"about":[{"href":"https:\/\/eltrabajo.cl\/web\/wp-json\/wp\/v2\/types\/post"}],"author":[{"embeddable":true,"href":"https:\/\/eltrabajo.cl\/web\/wp-json\/wp\/v2\/users\/1"}],"replies":[{"embeddable":true,"href":"https:\/\/eltrabajo.cl\/web\/wp-json\/wp\/v2\/comments?post=131944"}],"version-history":[{"count":1,"href":"https:\/\/eltrabajo.cl\/web\/wp-json\/wp\/v2\/posts\/131944\/revisions"}],"predecessor-version":[{"id":131946,"href":"https:\/\/eltrabajo.cl\/web\/wp-json\/wp\/v2\/posts\/131944\/revisions\/131946"}],"wp:featuredmedia":[{"embeddable":true,"href":"https:\/\/eltrabajo.cl\/web\/wp-json\/wp\/v2\/media\/131945"}],"wp:attachment":[{"href":"https:\/\/eltrabajo.cl\/web\/wp-json\/wp\/v2\/media?parent=131944"}],"wp:term":[{"taxonomy":"category","embeddable":true,"href":"https:\/\/eltrabajo.cl\/web\/wp-json\/wp\/v2\/categories?post=131944"},{"taxonomy":"post_tag","embeddable":true,"href":"https:\/\/eltrabajo.cl\/web\/wp-json\/wp\/v2\/tags?post=131944"}],"curies":[{"name":"wp","href":"https:\/\/api.w.org\/{rel}","templated":true}]}}