{"id":132010,"date":"2024-09-09T21:30:58","date_gmt":"2024-09-10T00:30:58","guid":{"rendered":"https:\/\/eltrabajo.cl\/web\/?p=132010"},"modified":"2024-09-09T21:33:31","modified_gmt":"2024-09-10T00:33:31","slug":"lanzan-libro-caminos-que-ensenan-relatos-de-un-viajero-andino-por-america-africa-europa-asia-y-oceania","status":"publish","type":"post","link":"https:\/\/eltrabajo.cl\/web\/lanzan-libro-caminos-que-ensenan-relatos-de-un-viajero-andino-por-america-africa-europa-asia-y-oceania\/","title":{"rendered":"Lanzan libro \u2018Caminos que ense\u00f1an\u2019, relatos de un viajero andino por Am\u00e9rica, \u00c1frica, Europa, Asia y Ocean\u00eda"},"content":{"rendered":"<ul>\n<li><strong>El libro de Pablo Almonacid aborda una serie de relatos de sus viajes por diversos pa\u00edses, cuyo lanzamiento ser\u00e1 este mi\u00e9rcoles 11 a las 17.30 hrs en la Biblioteca Municipal de Los Andes.-<\/strong><\/li>\n<\/ul>\n<p>Por Mozambique, Egipto, Jap\u00f3n, Tailandia, Laos, Sud\u00e1frica, Namibia, Botswana, Malawi, Espa\u00f1a, Filipinas, Samoa, Nueva Zelandia, Argentina, Brasil, M\u00e9xico, Venezuela, anduvo y recorri\u00f3 <strong>Pablo Almonacid<\/strong>, un andino que se ech\u00f3 a la aventura y que con muy poca plata, pero con harta juventud y ganas, emprendi\u00f3 una serie de viajes para conocer el mundo y reencontrarse consigo mismo.<\/p>\n<p>Gracias a estas experiencias, sin ser un escritor, se atrevi\u00f3 a poner por escrito un conjunto de relatos que abarcan estos recorrido por el globo. Un viajero que se dedic\u00f3 a escribir, para contar sus peripecias, pero tambi\u00e9n las reflexiones que dejan estas experiencias vitales con culturas, gentes y personas de culturas distintas. As\u00ed dio vida al libro \u2018Caminos que ense\u00f1an. Memorias de una vuelta al mundo\u2019 (Editorial Escafandra), a partir de 15 relatos en 186 p\u00e1ginas que se leen muy f\u00e1cil y que entretienen.<\/p>\n<p>Esta obra ser\u00e1 presentada en la Biblioteca Municipal de Los Andes (Independencia 594), este viernes 11 de septiembre a las 17.30 hrs. La presentaci\u00f3n estar\u00e1 a cargo del historiador <strong>Abel Cortez<\/strong>, y ser\u00e1 amenizada por cuadros musicales y una conversaci\u00f3n con el p\u00fablico.<\/p>\n<p>Pablo Almonacid invit\u00f3 a la comunidad a concurrir a este evento <em>\u00abd\u00f3nde presentaremos este libro que grafica parte de mis recorridos y reflexiones por el mundo. Por fin despu\u00e9s de tanto tiempo de escritura, voy a lanzar mi obra completa de viajes por el mundo en la tierra que nac\u00ed y me crie, Los Andes. Espero que la comunidad, los viajeros, los amantes de la cultura, todos y todas puedan acompa\u00f1arnos en esta jornada. Para los que quieran seguir parte de esta experiencia, les dejo mi Instagram @caminos_que_ensenan\u00bb.<\/em><\/p>\n<figure id=\"attachment_132011\" aria-describedby=\"caption-attachment-132011\" style=\"width: 699px\" class=\"wp-caption alignnone\"><img loading=\"lazy\" decoding=\"async\" class=\"size-full wp-image-132011\" src=\"https:\/\/eltrabajo.cl\/web\/wp-content\/uploads\/2024\/09\/pablo-almonacid-afiche.jpg\" alt=\"Este viernes 11 de septiembre, a las 17.30 hrs, ser\u00e1 presentada la obra en la Biblioteca Municipal de Los Andes, Independencia 594.\" width=\"699\" height=\"515\" srcset=\"https:\/\/eltrabajo.cl\/web\/wp-content\/uploads\/2024\/09\/pablo-almonacid-afiche.jpg 699w, https:\/\/eltrabajo.cl\/web\/wp-content\/uploads\/2024\/09\/pablo-almonacid-afiche-300x221.jpg 300w, https:\/\/eltrabajo.cl\/web\/wp-content\/uploads\/2024\/09\/pablo-almonacid-afiche-570x420.jpg 570w, https:\/\/eltrabajo.cl\/web\/wp-content\/uploads\/2024\/09\/pablo-almonacid-afiche-80x60.jpg 80w, https:\/\/eltrabajo.cl\/web\/wp-content\/uploads\/2024\/09\/pablo-almonacid-afiche-150x111.jpg 150w, https:\/\/eltrabajo.cl\/web\/wp-content\/uploads\/2024\/09\/pablo-almonacid-afiche-696x513.jpg 696w\" sizes=\"auto, (max-width: 699px) 100vw, 699px\" \/><figcaption id=\"caption-attachment-132011\" class=\"wp-caption-text\">Este viernes 11 de septiembre, a las 17.30 hrs, ser\u00e1 presentada la obra en la Biblioteca Municipal de Los Andes, Independencia 594.<\/figcaption><\/figure>\n","protected":false},"excerpt":{"rendered":"<p>El libro de Pablo Almonacid aborda una serie de relatos de sus viajes por diversos pa\u00edses, cuyo lanzamiento ser\u00e1 este mi\u00e9rcoles 11 a las 17.30 hrs en la Biblioteca Municipal de Los Andes.- Por Mozambique, Egipto, Jap\u00f3n, Tailandia, Laos, Sud\u00e1frica, Namibia, Botswana, Malawi, Espa\u00f1a, Filipinas, Samoa, Nueva Zelandia, Argentina, Brasil, M\u00e9xico, Venezuela, anduvo y recorri\u00f3 [&hellip;]<\/p>\n","protected":false},"author":1,"featured_media":132011,"comment_status":"open","ping_status":"closed","sticky":false,"template":"","format":"standard","meta":{"footnotes":""},"categories":[12],"tags":[],"class_list":{"0":"post-132010","1":"post","2":"type-post","3":"status-publish","4":"format-standard","5":"has-post-thumbnail","7":"category-arte-y-cultura"},"yoast_head":"<!-- This site is optimized with the Yoast SEO plugin v27.5 - https:\/\/yoast.com\/product\/yoast-seo-wordpress\/ -->\n<title>Lanzan libro \u2018Caminos que ense\u00f1an\u2019, relatos de un viajero andino por Am\u00e9rica, \u00c1frica, Europa, Asia y Ocean\u00eda - Diario El Trabajo<\/title>\n<meta name=\"robots\" content=\"index, follow, max-snippet:-1, max-image-preview:large, max-video-preview:-1\" \/>\n<link rel=\"canonical\" href=\"https:\/\/eltrabajo.cl\/web\/lanzan-libro-caminos-que-ensenan-relatos-de-un-viajero-andino-por-america-africa-europa-asia-y-oceania\/\" \/>\n<meta property=\"og:locale\" content=\"es_ES\" \/>\n<meta property=\"og:type\" content=\"article\" \/>\n<meta property=\"og:title\" content=\"Lanzan libro \u2018Caminos que ense\u00f1an\u2019, relatos de un viajero andino por Am\u00e9rica, \u00c1frica, Europa, Asia y Ocean\u00eda - Diario El Trabajo\" \/>\n<meta property=\"og:description\" content=\"El libro de Pablo Almonacid aborda una serie de relatos de sus viajes por diversos pa\u00edses, cuyo lanzamiento ser\u00e1 este mi\u00e9rcoles 11 a las 17.30 hrs en la Biblioteca Municipal de Los Andes.- Por Mozambique, Egipto, Jap\u00f3n, Tailandia, Laos, Sud\u00e1frica, Namibia, Botswana, Malawi, Espa\u00f1a, Filipinas, Samoa, Nueva Zelandia, Argentina, Brasil, M\u00e9xico, Venezuela, anduvo y recorri\u00f3 [&hellip;]\" \/>\n<meta property=\"og:url\" content=\"https:\/\/eltrabajo.cl\/web\/lanzan-libro-caminos-que-ensenan-relatos-de-un-viajero-andino-por-america-africa-europa-asia-y-oceania\/\" \/>\n<meta property=\"og:site_name\" content=\"Diario El Trabajo\" \/>\n<meta property=\"article:publisher\" content=\"https:\/\/www.facebook.com\/ElTrabajoDiario\" \/>\n<meta property=\"article:published_time\" content=\"2024-09-10T00:30:58+00:00\" \/>\n<meta property=\"article:modified_time\" content=\"2024-09-10T00:33:31+00:00\" \/>\n<meta property=\"og:image\" content=\"https:\/\/eltrabajo.cl\/web\/wp-content\/uploads\/2024\/09\/pablo-almonacid-afiche.jpg\" \/>\n\t<meta property=\"og:image:width\" content=\"699\" \/>\n\t<meta property=\"og:image:height\" content=\"515\" \/>\n\t<meta property=\"og:image:type\" content=\"image\/jpeg\" \/>\n<meta name=\"author\" content=\"Diario El Trabajo\" \/>\n<meta name=\"twitter:card\" content=\"summary_large_image\" \/>\n<meta name=\"twitter:creator\" content=\"@diarioeltrabajo\" \/>\n<meta name=\"twitter:site\" content=\"@diarioeltrabajo\" \/>\n<meta name=\"twitter:label1\" content=\"Escrito por\" \/>\n\t<meta name=\"twitter:data1\" content=\"Diario El Trabajo\" \/>\n\t<meta name=\"twitter:label2\" content=\"Tiempo estimado de lectura\" \/>\n\t<meta name=\"twitter:data2\" content=\"2 minutos\" \/>\n<script type=\"application\/ld+json\" class=\"yoast-schema-graph\">{\"@context\":\"https:\\\/\\\/schema.org\",\"@graph\":[{\"@type\":\"Article\",\"@id\":\"https:\\\/\\\/eltrabajo.cl\\\/web\\\/lanzan-libro-caminos-que-ensenan-relatos-de-un-viajero-andino-por-america-africa-europa-asia-y-oceania\\\/#article\",\"isPartOf\":{\"@id\":\"https:\\\/\\\/eltrabajo.cl\\\/web\\\/lanzan-libro-caminos-que-ensenan-relatos-de-un-viajero-andino-por-america-africa-europa-asia-y-oceania\\\/\"},\"author\":{\"name\":\"Diario El Trabajo\",\"@id\":\"https:\\\/\\\/eltrabajo.cl\\\/web\\\/#\\\/schema\\\/person\\\/45efd3d17f86ec456e44dd7debe1bf19\"},\"headline\":\"Lanzan libro \u2018Caminos que ense\u00f1an\u2019, relatos de un viajero andino por Am\u00e9rica, \u00c1frica, Europa, Asia y Ocean\u00eda\",\"datePublished\":\"2024-09-10T00:30:58+00:00\",\"dateModified\":\"2024-09-10T00:33:31+00:00\",\"mainEntityOfPage\":{\"@id\":\"https:\\\/\\\/eltrabajo.cl\\\/web\\\/lanzan-libro-caminos-que-ensenan-relatos-de-un-viajero-andino-por-america-africa-europa-asia-y-oceania\\\/\"},\"wordCount\":364,\"commentCount\":0,\"publisher\":{\"@id\":\"https:\\\/\\\/eltrabajo.cl\\\/web\\\/#organization\"},\"image\":{\"@id\":\"https:\\\/\\\/eltrabajo.cl\\\/web\\\/lanzan-libro-caminos-que-ensenan-relatos-de-un-viajero-andino-por-america-africa-europa-asia-y-oceania\\\/#primaryimage\"},\"thumbnailUrl\":\"https:\\\/\\\/eltrabajo.cl\\\/web\\\/wp-content\\\/uploads\\\/2024\\\/09\\\/pablo-almonacid-afiche.jpg\",\"articleSection\":[\"Arte y Cultura\"],\"inLanguage\":\"es-CL\",\"potentialAction\":[{\"@type\":\"CommentAction\",\"name\":\"Comment\",\"target\":[\"https:\\\/\\\/eltrabajo.cl\\\/web\\\/lanzan-libro-caminos-que-ensenan-relatos-de-un-viajero-andino-por-america-africa-europa-asia-y-oceania\\\/#respond\"]}]},{\"@type\":\"WebPage\",\"@id\":\"https:\\\/\\\/eltrabajo.cl\\\/web\\\/lanzan-libro-caminos-que-ensenan-relatos-de-un-viajero-andino-por-america-africa-europa-asia-y-oceania\\\/\",\"url\":\"https:\\\/\\\/eltrabajo.cl\\\/web\\\/lanzan-libro-caminos-que-ensenan-relatos-de-un-viajero-andino-por-america-africa-europa-asia-y-oceania\\\/\",\"name\":\"Lanzan libro \u2018Caminos que ense\u00f1an\u2019, relatos de un viajero andino por Am\u00e9rica, \u00c1frica, Europa, Asia y Ocean\u00eda - Diario El Trabajo\",\"isPartOf\":{\"@id\":\"https:\\\/\\\/eltrabajo.cl\\\/web\\\/#website\"},\"primaryImageOfPage\":{\"@id\":\"https:\\\/\\\/eltrabajo.cl\\\/web\\\/lanzan-libro-caminos-que-ensenan-relatos-de-un-viajero-andino-por-america-africa-europa-asia-y-oceania\\\/#primaryimage\"},\"image\":{\"@id\":\"https:\\\/\\\/eltrabajo.cl\\\/web\\\/lanzan-libro-caminos-que-ensenan-relatos-de-un-viajero-andino-por-america-africa-europa-asia-y-oceania\\\/#primaryimage\"},\"thumbnailUrl\":\"https:\\\/\\\/eltrabajo.cl\\\/web\\\/wp-content\\\/uploads\\\/2024\\\/09\\\/pablo-almonacid-afiche.jpg\",\"datePublished\":\"2024-09-10T00:30:58+00:00\",\"dateModified\":\"2024-09-10T00:33:31+00:00\",\"breadcrumb\":{\"@id\":\"https:\\\/\\\/eltrabajo.cl\\\/web\\\/lanzan-libro-caminos-que-ensenan-relatos-de-un-viajero-andino-por-america-africa-europa-asia-y-oceania\\\/#breadcrumb\"},\"inLanguage\":\"es-CL\",\"potentialAction\":[{\"@type\":\"ReadAction\",\"target\":[\"https:\\\/\\\/eltrabajo.cl\\\/web\\\/lanzan-libro-caminos-que-ensenan-relatos-de-un-viajero-andino-por-america-africa-europa-asia-y-oceania\\\/\"]}]},{\"@type\":\"ImageObject\",\"inLanguage\":\"es-CL\",\"@id\":\"https:\\\/\\\/eltrabajo.cl\\\/web\\\/lanzan-libro-caminos-que-ensenan-relatos-de-un-viajero-andino-por-america-africa-europa-asia-y-oceania\\\/#primaryimage\",\"url\":\"https:\\\/\\\/eltrabajo.cl\\\/web\\\/wp-content\\\/uploads\\\/2024\\\/09\\\/pablo-almonacid-afiche.jpg\",\"contentUrl\":\"https:\\\/\\\/eltrabajo.cl\\\/web\\\/wp-content\\\/uploads\\\/2024\\\/09\\\/pablo-almonacid-afiche.jpg\",\"width\":699,\"height\":515,\"caption\":\"Este viernes 11 de septiembre, a las 17.30 hrs, ser\u00e1 presentada la obra en la Biblioteca Municipal de Los Andes, Independencia 594.\"},{\"@type\":\"BreadcrumbList\",\"@id\":\"https:\\\/\\\/eltrabajo.cl\\\/web\\\/lanzan-libro-caminos-que-ensenan-relatos-de-un-viajero-andino-por-america-africa-europa-asia-y-oceania\\\/#breadcrumb\",\"itemListElement\":[{\"@type\":\"ListItem\",\"position\":1,\"name\":\"Portada\",\"item\":\"https:\\\/\\\/eltrabajo.cl\\\/web\\\/\"},{\"@type\":\"ListItem\",\"position\":2,\"name\":\"Lanzan libro \u2018Caminos que ense\u00f1an\u2019, relatos de un viajero andino por Am\u00e9rica, \u00c1frica, Europa, Asia y Ocean\u00eda\"}]},{\"@type\":\"WebSite\",\"@id\":\"https:\\\/\\\/eltrabajo.cl\\\/web\\\/#website\",\"url\":\"https:\\\/\\\/eltrabajo.cl\\\/web\\\/\",\"name\":\"Diario El Trabajo\",\"description\":\"Desde 1929 construyendo Identidad Local\",\"publisher\":{\"@id\":\"https:\\\/\\\/eltrabajo.cl\\\/web\\\/#organization\"},\"potentialAction\":[{\"@type\":\"SearchAction\",\"target\":{\"@type\":\"EntryPoint\",\"urlTemplate\":\"https:\\\/\\\/eltrabajo.cl\\\/web\\\/?s={search_term_string}\"},\"query-input\":{\"@type\":\"PropertyValueSpecification\",\"valueRequired\":true,\"valueName\":\"search_term_string\"}}],\"inLanguage\":\"es-CL\"},{\"@type\":\"Organization\",\"@id\":\"https:\\\/\\\/eltrabajo.cl\\\/web\\\/#organization\",\"name\":\"Diario El Trabajo\",\"url\":\"https:\\\/\\\/eltrabajo.cl\\\/web\\\/\",\"logo\":{\"@type\":\"ImageObject\",\"inLanguage\":\"es-CL\",\"@id\":\"https:\\\/\\\/eltrabajo.cl\\\/web\\\/#\\\/schema\\\/logo\\\/image\\\/\",\"url\":\"https:\\\/\\\/eltrabajo.cl\\\/web\\\/wp-content\\\/uploads\\\/2024\\\/06\\\/profile-image-ig-page-diarioeltrabajo.jpg\",\"contentUrl\":\"https:\\\/\\\/eltrabajo.cl\\\/web\\\/wp-content\\\/uploads\\\/2024\\\/06\\\/profile-image-ig-page-diarioeltrabajo.jpg\",\"width\":823,\"height\":823,\"caption\":\"Diario El Trabajo\"},\"image\":{\"@id\":\"https:\\\/\\\/eltrabajo.cl\\\/web\\\/#\\\/schema\\\/logo\\\/image\\\/\"},\"sameAs\":[\"https:\\\/\\\/www.facebook.com\\\/ElTrabajoDiario\",\"https:\\\/\\\/x.com\\\/diarioeltrabajo\"]},{\"@type\":\"Person\",\"@id\":\"https:\\\/\\\/eltrabajo.cl\\\/web\\\/#\\\/schema\\\/person\\\/45efd3d17f86ec456e44dd7debe1bf19\",\"name\":\"Diario El Trabajo\",\"image\":{\"@type\":\"ImageObject\",\"inLanguage\":\"es-CL\",\"@id\":\"https:\\\/\\\/secure.gravatar.com\\\/avatar\\\/7e6ec277dc4aea2677c2dc301d4227957219329c985ab69a3efc12518b5161aa?s=96&d=mm&r=g\",\"url\":\"https:\\\/\\\/secure.gravatar.com\\\/avatar\\\/7e6ec277dc4aea2677c2dc301d4227957219329c985ab69a3efc12518b5161aa?s=96&d=mm&r=g\",\"contentUrl\":\"https:\\\/\\\/secure.gravatar.com\\\/avatar\\\/7e6ec277dc4aea2677c2dc301d4227957219329c985ab69a3efc12518b5161aa?s=96&d=mm&r=g\",\"caption\":\"Diario El Trabajo\"},\"sameAs\":[\"https:\\\/\\\/eltrabajo.cl\\\/web\"],\"url\":\"https:\\\/\\\/eltrabajo.cl\\\/web\\\/author\\\/diario-el-trabajo\\\/\"}]}<\/script>\n<!-- \/ Yoast SEO plugin. -->","yoast_head_json":{"title":"Lanzan libro \u2018Caminos que ense\u00f1an\u2019, relatos de un viajero andino por Am\u00e9rica, \u00c1frica, Europa, Asia y Ocean\u00eda - Diario El Trabajo","robots":{"index":"index","follow":"follow","max-snippet":"max-snippet:-1","max-image-preview":"max-image-preview:large","max-video-preview":"max-video-preview:-1"},"canonical":"https:\/\/eltrabajo.cl\/web\/lanzan-libro-caminos-que-ensenan-relatos-de-un-viajero-andino-por-america-africa-europa-asia-y-oceania\/","og_locale":"es_ES","og_type":"article","og_title":"Lanzan libro \u2018Caminos que ense\u00f1an\u2019, relatos de un viajero andino por Am\u00e9rica, \u00c1frica, Europa, Asia y Ocean\u00eda - Diario El Trabajo","og_description":"El libro de Pablo Almonacid aborda una serie de relatos de sus viajes por diversos pa\u00edses, cuyo lanzamiento ser\u00e1 este mi\u00e9rcoles 11 a las 17.30 hrs en la Biblioteca Municipal de Los Andes.- Por Mozambique, Egipto, Jap\u00f3n, Tailandia, Laos, Sud\u00e1frica, Namibia, Botswana, Malawi, Espa\u00f1a, Filipinas, Samoa, Nueva Zelandia, Argentina, Brasil, M\u00e9xico, Venezuela, anduvo y recorri\u00f3 [&hellip;]","og_url":"https:\/\/eltrabajo.cl\/web\/lanzan-libro-caminos-que-ensenan-relatos-de-un-viajero-andino-por-america-africa-europa-asia-y-oceania\/","og_site_name":"Diario El Trabajo","article_publisher":"https:\/\/www.facebook.com\/ElTrabajoDiario","article_published_time":"2024-09-10T00:30:58+00:00","article_modified_time":"2024-09-10T00:33:31+00:00","og_image":[{"width":699,"height":515,"url":"https:\/\/eltrabajo.cl\/web\/wp-content\/uploads\/2024\/09\/pablo-almonacid-afiche.jpg","type":"image\/jpeg"}],"author":"Diario El Trabajo","twitter_card":"summary_large_image","twitter_creator":"@diarioeltrabajo","twitter_site":"@diarioeltrabajo","twitter_misc":{"Escrito por":"Diario El Trabajo","Tiempo estimado de lectura":"2 minutos"},"schema":{"@context":"https:\/\/schema.org","@graph":[{"@type":"Article","@id":"https:\/\/eltrabajo.cl\/web\/lanzan-libro-caminos-que-ensenan-relatos-de-un-viajero-andino-por-america-africa-europa-asia-y-oceania\/#article","isPartOf":{"@id":"https:\/\/eltrabajo.cl\/web\/lanzan-libro-caminos-que-ensenan-relatos-de-un-viajero-andino-por-america-africa-europa-asia-y-oceania\/"},"author":{"name":"Diario El Trabajo","@id":"https:\/\/eltrabajo.cl\/web\/#\/schema\/person\/45efd3d17f86ec456e44dd7debe1bf19"},"headline":"Lanzan libro \u2018Caminos que ense\u00f1an\u2019, relatos de un viajero andino por Am\u00e9rica, \u00c1frica, Europa, Asia y Ocean\u00eda","datePublished":"2024-09-10T00:30:58+00:00","dateModified":"2024-09-10T00:33:31+00:00","mainEntityOfPage":{"@id":"https:\/\/eltrabajo.cl\/web\/lanzan-libro-caminos-que-ensenan-relatos-de-un-viajero-andino-por-america-africa-europa-asia-y-oceania\/"},"wordCount":364,"commentCount":0,"publisher":{"@id":"https:\/\/eltrabajo.cl\/web\/#organization"},"image":{"@id":"https:\/\/eltrabajo.cl\/web\/lanzan-libro-caminos-que-ensenan-relatos-de-un-viajero-andino-por-america-africa-europa-asia-y-oceania\/#primaryimage"},"thumbnailUrl":"https:\/\/eltrabajo.cl\/web\/wp-content\/uploads\/2024\/09\/pablo-almonacid-afiche.jpg","articleSection":["Arte y Cultura"],"inLanguage":"es-CL","potentialAction":[{"@type":"CommentAction","name":"Comment","target":["https:\/\/eltrabajo.cl\/web\/lanzan-libro-caminos-que-ensenan-relatos-de-un-viajero-andino-por-america-africa-europa-asia-y-oceania\/#respond"]}]},{"@type":"WebPage","@id":"https:\/\/eltrabajo.cl\/web\/lanzan-libro-caminos-que-ensenan-relatos-de-un-viajero-andino-por-america-africa-europa-asia-y-oceania\/","url":"https:\/\/eltrabajo.cl\/web\/lanzan-libro-caminos-que-ensenan-relatos-de-un-viajero-andino-por-america-africa-europa-asia-y-oceania\/","name":"Lanzan libro \u2018Caminos que ense\u00f1an\u2019, relatos de un viajero andino por Am\u00e9rica, \u00c1frica, Europa, Asia y Ocean\u00eda - Diario El Trabajo","isPartOf":{"@id":"https:\/\/eltrabajo.cl\/web\/#website"},"primaryImageOfPage":{"@id":"https:\/\/eltrabajo.cl\/web\/lanzan-libro-caminos-que-ensenan-relatos-de-un-viajero-andino-por-america-africa-europa-asia-y-oceania\/#primaryimage"},"image":{"@id":"https:\/\/eltrabajo.cl\/web\/lanzan-libro-caminos-que-ensenan-relatos-de-un-viajero-andino-por-america-africa-europa-asia-y-oceania\/#primaryimage"},"thumbnailUrl":"https:\/\/eltrabajo.cl\/web\/wp-content\/uploads\/2024\/09\/pablo-almonacid-afiche.jpg","datePublished":"2024-09-10T00:30:58+00:00","dateModified":"2024-09-10T00:33:31+00:00","breadcrumb":{"@id":"https:\/\/eltrabajo.cl\/web\/lanzan-libro-caminos-que-ensenan-relatos-de-un-viajero-andino-por-america-africa-europa-asia-y-oceania\/#breadcrumb"},"inLanguage":"es-CL","potentialAction":[{"@type":"ReadAction","target":["https:\/\/eltrabajo.cl\/web\/lanzan-libro-caminos-que-ensenan-relatos-de-un-viajero-andino-por-america-africa-europa-asia-y-oceania\/"]}]},{"@type":"ImageObject","inLanguage":"es-CL","@id":"https:\/\/eltrabajo.cl\/web\/lanzan-libro-caminos-que-ensenan-relatos-de-un-viajero-andino-por-america-africa-europa-asia-y-oceania\/#primaryimage","url":"https:\/\/eltrabajo.cl\/web\/wp-content\/uploads\/2024\/09\/pablo-almonacid-afiche.jpg","contentUrl":"https:\/\/eltrabajo.cl\/web\/wp-content\/uploads\/2024\/09\/pablo-almonacid-afiche.jpg","width":699,"height":515,"caption":"Este viernes 11 de septiembre, a las 17.30 hrs, ser\u00e1 presentada la obra en la Biblioteca Municipal de Los Andes, Independencia 594."},{"@type":"BreadcrumbList","@id":"https:\/\/eltrabajo.cl\/web\/lanzan-libro-caminos-que-ensenan-relatos-de-un-viajero-andino-por-america-africa-europa-asia-y-oceania\/#breadcrumb","itemListElement":[{"@type":"ListItem","position":1,"name":"Portada","item":"https:\/\/eltrabajo.cl\/web\/"},{"@type":"ListItem","position":2,"name":"Lanzan libro \u2018Caminos que ense\u00f1an\u2019, relatos de un viajero andino por Am\u00e9rica, \u00c1frica, Europa, Asia y Ocean\u00eda"}]},{"@type":"WebSite","@id":"https:\/\/eltrabajo.cl\/web\/#website","url":"https:\/\/eltrabajo.cl\/web\/","name":"Diario El Trabajo","description":"Desde 1929 construyendo Identidad Local","publisher":{"@id":"https:\/\/eltrabajo.cl\/web\/#organization"},"potentialAction":[{"@type":"SearchAction","target":{"@type":"EntryPoint","urlTemplate":"https:\/\/eltrabajo.cl\/web\/?s={search_term_string}"},"query-input":{"@type":"PropertyValueSpecification","valueRequired":true,"valueName":"search_term_string"}}],"inLanguage":"es-CL"},{"@type":"Organization","@id":"https:\/\/eltrabajo.cl\/web\/#organization","name":"Diario El Trabajo","url":"https:\/\/eltrabajo.cl\/web\/","logo":{"@type":"ImageObject","inLanguage":"es-CL","@id":"https:\/\/eltrabajo.cl\/web\/#\/schema\/logo\/image\/","url":"https:\/\/eltrabajo.cl\/web\/wp-content\/uploads\/2024\/06\/profile-image-ig-page-diarioeltrabajo.jpg","contentUrl":"https:\/\/eltrabajo.cl\/web\/wp-content\/uploads\/2024\/06\/profile-image-ig-page-diarioeltrabajo.jpg","width":823,"height":823,"caption":"Diario El Trabajo"},"image":{"@id":"https:\/\/eltrabajo.cl\/web\/#\/schema\/logo\/image\/"},"sameAs":["https:\/\/www.facebook.com\/ElTrabajoDiario","https:\/\/x.com\/diarioeltrabajo"]},{"@type":"Person","@id":"https:\/\/eltrabajo.cl\/web\/#\/schema\/person\/45efd3d17f86ec456e44dd7debe1bf19","name":"Diario El Trabajo","image":{"@type":"ImageObject","inLanguage":"es-CL","@id":"https:\/\/secure.gravatar.com\/avatar\/7e6ec277dc4aea2677c2dc301d4227957219329c985ab69a3efc12518b5161aa?s=96&d=mm&r=g","url":"https:\/\/secure.gravatar.com\/avatar\/7e6ec277dc4aea2677c2dc301d4227957219329c985ab69a3efc12518b5161aa?s=96&d=mm&r=g","contentUrl":"https:\/\/secure.gravatar.com\/avatar\/7e6ec277dc4aea2677c2dc301d4227957219329c985ab69a3efc12518b5161aa?s=96&d=mm&r=g","caption":"Diario El Trabajo"},"sameAs":["https:\/\/eltrabajo.cl\/web"],"url":"https:\/\/eltrabajo.cl\/web\/author\/diario-el-trabajo\/"}]}},"_links":{"self":[{"href":"https:\/\/eltrabajo.cl\/web\/wp-json\/wp\/v2\/posts\/132010","targetHints":{"allow":["GET"]}}],"collection":[{"href":"https:\/\/eltrabajo.cl\/web\/wp-json\/wp\/v2\/posts"}],"about":[{"href":"https:\/\/eltrabajo.cl\/web\/wp-json\/wp\/v2\/types\/post"}],"author":[{"embeddable":true,"href":"https:\/\/eltrabajo.cl\/web\/wp-json\/wp\/v2\/users\/1"}],"replies":[{"embeddable":true,"href":"https:\/\/eltrabajo.cl\/web\/wp-json\/wp\/v2\/comments?post=132010"}],"version-history":[{"count":1,"href":"https:\/\/eltrabajo.cl\/web\/wp-json\/wp\/v2\/posts\/132010\/revisions"}],"predecessor-version":[{"id":132012,"href":"https:\/\/eltrabajo.cl\/web\/wp-json\/wp\/v2\/posts\/132010\/revisions\/132012"}],"wp:featuredmedia":[{"embeddable":true,"href":"https:\/\/eltrabajo.cl\/web\/wp-json\/wp\/v2\/media\/132011"}],"wp:attachment":[{"href":"https:\/\/eltrabajo.cl\/web\/wp-json\/wp\/v2\/media?parent=132010"}],"wp:term":[{"taxonomy":"category","embeddable":true,"href":"https:\/\/eltrabajo.cl\/web\/wp-json\/wp\/v2\/categories?post=132010"},{"taxonomy":"post_tag","embeddable":true,"href":"https:\/\/eltrabajo.cl\/web\/wp-json\/wp\/v2\/tags?post=132010"}],"curies":[{"name":"wp","href":"https:\/\/api.w.org\/{rel}","templated":true}]}}