{"id":132180,"date":"2024-09-17T13:28:25","date_gmt":"2024-09-17T16:28:25","guid":{"rendered":"https:\/\/eltrabajo.cl\/web\/?p=132180"},"modified":"2024-09-17T13:39:54","modified_gmt":"2024-09-17T16:39:54","slug":"casi-12-mil-personas-cruzaron-el-paso-los-libertadores-el-pasado-fin-de-semana","status":"publish","type":"post","link":"https:\/\/eltrabajo.cl\/web\/casi-12-mil-personas-cruzaron-el-paso-los-libertadores-el-pasado-fin-de-semana\/","title":{"rendered":"Casi 12 mil personas cruzaron el paso Los Libertadores el pasado fin de semana"},"content":{"rendered":"<p><strong>\u2022 Aumento del tr\u00e1nsito provoc\u00f3 mayores tiempos de espera en el complejo fronterizo.-<\/strong><\/p>\n<p>Desde el pasado viernes y hasta el domingo, casi 12 mil personas, entre chilenos y argentinos, cruzaron el paso Los Libertadores. El hecho provoc\u00f3 que en algunos momentos los servicios de control fronterizo se vieran colapsados debido al aumento explosivo de la demanda por pasar por el l\u00edmite entre ambos pa\u00edses.<\/p>\n<p>Al respecto, el delegado provincial de Los Andes, <strong>Cristian Aravena<\/strong>, se\u00f1al\u00f3 que <em>\u201cparti\u00f3 con mucha afluencia de p\u00fablico, desde el viernes en adelante, casi 7 mil chilenos han cruzado la frontera y el ingreso de argentinos hacia Chile, ha sido de casi 5 mil, eso implica un trabajo importante de nuestros servicios contralores\u201d. <\/em><\/p>\n<p>Respecto de las condiciones de la ruta para el tr\u00e1nsito de quienes cruzan la frontera, Aravena dijo que <em>\u201cla carretera est\u00e1 apta para que se pueda transitar, las condiciones clim\u00e1ticas han sido muy buenas, y eso ha generado que se pueda transitar de la mejor forma, puedan cruzar la frontera en ambos sentidos\u201d.<\/em><\/p>\n<p>Asimismo, y en cuanto al \u2018colapso\u2019 que hubo en algunos periodos del pasado fin de semana, la autoridad provincial indic\u00f3 que <em>\u201ctenemos que, por la cantidad, en ambas fronteras, puede haber algunos retrasos, pero el trabajo lo estamos haciendo como servicio chileno, full, cien por ciento de las casetas funcionando e incluso con refuerzos que impliquen dar un mayor servicio y control en la seguridad vial\u201d. <\/em><\/p>\n<p>Finalmente, el delegado provincial de Los Andes realiz\u00f3 un llamado al autocuidado y a estar alerta de las condiciones del camino, <em>\u201cel llamado es a tener paciencia, a conducir en las mejores condiciones \u00f3ptimas de salud y hacer revisi\u00f3n de sus veh\u00edculos\u201d,<\/em> cerr\u00f3.<\/p>\n<figure id=\"attachment_132181\" aria-describedby=\"caption-attachment-132181\" style=\"width: 699px\" class=\"wp-caption alignnone\"><img loading=\"lazy\" decoding=\"async\" class=\"size-full wp-image-132181\" src=\"https:\/\/eltrabajo.cl\/web\/wp-content\/uploads\/2024\/09\/libertadores.jpg\" alt=\"Doce mil personas cruzaron el paso Los Libertadores durante el pasado fin de semana.\" width=\"699\" height=\"466\" srcset=\"https:\/\/eltrabajo.cl\/web\/wp-content\/uploads\/2024\/09\/libertadores.jpg 699w, https:\/\/eltrabajo.cl\/web\/wp-content\/uploads\/2024\/09\/libertadores-300x200.jpg 300w, https:\/\/eltrabajo.cl\/web\/wp-content\/uploads\/2024\/09\/libertadores-630x420.jpg 630w, https:\/\/eltrabajo.cl\/web\/wp-content\/uploads\/2024\/09\/libertadores-150x100.jpg 150w, https:\/\/eltrabajo.cl\/web\/wp-content\/uploads\/2024\/09\/libertadores-696x464.jpg 696w\" sizes=\"auto, (max-width: 699px) 100vw, 699px\" \/><figcaption id=\"caption-attachment-132181\" class=\"wp-caption-text\">Doce mil personas cruzaron el paso Los Libertadores durante el pasado fin de semana.<\/figcaption><\/figure>\n","protected":false},"excerpt":{"rendered":"<p>\u2022 Aumento del tr\u00e1nsito provoc\u00f3 mayores tiempos de espera en el complejo fronterizo.- Desde el pasado viernes y hasta el domingo, casi 12 mil personas, entre chilenos y argentinos, cruzaron el paso Los Libertadores. El hecho provoc\u00f3 que en algunos momentos los servicios de control fronterizo se vieran colapsados debido al aumento explosivo de la [&hellip;]<\/p>\n","protected":false},"author":1,"featured_media":132181,"comment_status":"open","ping_status":"closed","sticky":false,"template":"","format":"standard","meta":{"footnotes":""},"categories":[3],"tags":[],"class_list":{"0":"post-132180","1":"post","2":"type-post","3":"status-publish","4":"format-standard","5":"has-post-thumbnail","7":"category-cronica-2"},"yoast_head":"<!-- This site is optimized with the Yoast SEO plugin v27.5 - https:\/\/yoast.com\/product\/yoast-seo-wordpress\/ -->\n<title>Casi 12 mil personas cruzaron el paso Los Libertadores el pasado fin de semana - Diario El Trabajo<\/title>\n<meta name=\"robots\" content=\"index, follow, max-snippet:-1, max-image-preview:large, max-video-preview:-1\" \/>\n<link rel=\"canonical\" href=\"https:\/\/eltrabajo.cl\/web\/casi-12-mil-personas-cruzaron-el-paso-los-libertadores-el-pasado-fin-de-semana\/\" \/>\n<meta property=\"og:locale\" content=\"es_ES\" \/>\n<meta property=\"og:type\" content=\"article\" \/>\n<meta property=\"og:title\" content=\"Casi 12 mil personas cruzaron el paso Los Libertadores el pasado fin de semana - Diario El Trabajo\" \/>\n<meta property=\"og:description\" content=\"\u2022 Aumento del tr\u00e1nsito provoc\u00f3 mayores tiempos de espera en el complejo fronterizo.- Desde el pasado viernes y hasta el domingo, casi 12 mil personas, entre chilenos y argentinos, cruzaron el paso Los Libertadores. El hecho provoc\u00f3 que en algunos momentos los servicios de control fronterizo se vieran colapsados debido al aumento explosivo de la [&hellip;]\" \/>\n<meta property=\"og:url\" content=\"https:\/\/eltrabajo.cl\/web\/casi-12-mil-personas-cruzaron-el-paso-los-libertadores-el-pasado-fin-de-semana\/\" \/>\n<meta property=\"og:site_name\" content=\"Diario El Trabajo\" \/>\n<meta property=\"article:publisher\" content=\"https:\/\/www.facebook.com\/ElTrabajoDiario\" \/>\n<meta property=\"article:published_time\" content=\"2024-09-17T16:28:25+00:00\" \/>\n<meta property=\"article:modified_time\" content=\"2024-09-17T16:39:54+00:00\" \/>\n<meta property=\"og:image\" content=\"https:\/\/eltrabajo.cl\/web\/wp-content\/uploads\/2024\/09\/libertadores.jpg\" \/>\n\t<meta property=\"og:image:width\" content=\"699\" \/>\n\t<meta property=\"og:image:height\" content=\"466\" \/>\n\t<meta property=\"og:image:type\" content=\"image\/jpeg\" \/>\n<meta name=\"author\" content=\"Diario El Trabajo\" \/>\n<meta name=\"twitter:card\" content=\"summary_large_image\" \/>\n<meta name=\"twitter:creator\" content=\"@diarioeltrabajo\" \/>\n<meta name=\"twitter:site\" content=\"@diarioeltrabajo\" \/>\n<meta name=\"twitter:label1\" content=\"Escrito por\" \/>\n\t<meta name=\"twitter:data1\" content=\"Diario El Trabajo\" \/>\n\t<meta name=\"twitter:label2\" content=\"Tiempo estimado de lectura\" \/>\n\t<meta name=\"twitter:data2\" content=\"2 minutos\" \/>\n<script type=\"application\/ld+json\" class=\"yoast-schema-graph\">{\"@context\":\"https:\\\/\\\/schema.org\",\"@graph\":[{\"@type\":\"Article\",\"@id\":\"https:\\\/\\\/eltrabajo.cl\\\/web\\\/casi-12-mil-personas-cruzaron-el-paso-los-libertadores-el-pasado-fin-de-semana\\\/#article\",\"isPartOf\":{\"@id\":\"https:\\\/\\\/eltrabajo.cl\\\/web\\\/casi-12-mil-personas-cruzaron-el-paso-los-libertadores-el-pasado-fin-de-semana\\\/\"},\"author\":{\"name\":\"Diario El Trabajo\",\"@id\":\"https:\\\/\\\/eltrabajo.cl\\\/web\\\/#\\\/schema\\\/person\\\/45efd3d17f86ec456e44dd7debe1bf19\"},\"headline\":\"Casi 12 mil personas cruzaron el paso Los Libertadores el pasado fin de semana\",\"datePublished\":\"2024-09-17T16:28:25+00:00\",\"dateModified\":\"2024-09-17T16:39:54+00:00\",\"mainEntityOfPage\":{\"@id\":\"https:\\\/\\\/eltrabajo.cl\\\/web\\\/casi-12-mil-personas-cruzaron-el-paso-los-libertadores-el-pasado-fin-de-semana\\\/\"},\"wordCount\":319,\"commentCount\":0,\"publisher\":{\"@id\":\"https:\\\/\\\/eltrabajo.cl\\\/web\\\/#organization\"},\"image\":{\"@id\":\"https:\\\/\\\/eltrabajo.cl\\\/web\\\/casi-12-mil-personas-cruzaron-el-paso-los-libertadores-el-pasado-fin-de-semana\\\/#primaryimage\"},\"thumbnailUrl\":\"https:\\\/\\\/eltrabajo.cl\\\/web\\\/wp-content\\\/uploads\\\/2024\\\/09\\\/libertadores.jpg\",\"articleSection\":[\"Cr\u00f3nica\"],\"inLanguage\":\"es-CL\",\"potentialAction\":[{\"@type\":\"CommentAction\",\"name\":\"Comment\",\"target\":[\"https:\\\/\\\/eltrabajo.cl\\\/web\\\/casi-12-mil-personas-cruzaron-el-paso-los-libertadores-el-pasado-fin-de-semana\\\/#respond\"]}]},{\"@type\":\"WebPage\",\"@id\":\"https:\\\/\\\/eltrabajo.cl\\\/web\\\/casi-12-mil-personas-cruzaron-el-paso-los-libertadores-el-pasado-fin-de-semana\\\/\",\"url\":\"https:\\\/\\\/eltrabajo.cl\\\/web\\\/casi-12-mil-personas-cruzaron-el-paso-los-libertadores-el-pasado-fin-de-semana\\\/\",\"name\":\"Casi 12 mil personas cruzaron el paso Los Libertadores el pasado fin de semana - Diario El Trabajo\",\"isPartOf\":{\"@id\":\"https:\\\/\\\/eltrabajo.cl\\\/web\\\/#website\"},\"primaryImageOfPage\":{\"@id\":\"https:\\\/\\\/eltrabajo.cl\\\/web\\\/casi-12-mil-personas-cruzaron-el-paso-los-libertadores-el-pasado-fin-de-semana\\\/#primaryimage\"},\"image\":{\"@id\":\"https:\\\/\\\/eltrabajo.cl\\\/web\\\/casi-12-mil-personas-cruzaron-el-paso-los-libertadores-el-pasado-fin-de-semana\\\/#primaryimage\"},\"thumbnailUrl\":\"https:\\\/\\\/eltrabajo.cl\\\/web\\\/wp-content\\\/uploads\\\/2024\\\/09\\\/libertadores.jpg\",\"datePublished\":\"2024-09-17T16:28:25+00:00\",\"dateModified\":\"2024-09-17T16:39:54+00:00\",\"breadcrumb\":{\"@id\":\"https:\\\/\\\/eltrabajo.cl\\\/web\\\/casi-12-mil-personas-cruzaron-el-paso-los-libertadores-el-pasado-fin-de-semana\\\/#breadcrumb\"},\"inLanguage\":\"es-CL\",\"potentialAction\":[{\"@type\":\"ReadAction\",\"target\":[\"https:\\\/\\\/eltrabajo.cl\\\/web\\\/casi-12-mil-personas-cruzaron-el-paso-los-libertadores-el-pasado-fin-de-semana\\\/\"]}]},{\"@type\":\"ImageObject\",\"inLanguage\":\"es-CL\",\"@id\":\"https:\\\/\\\/eltrabajo.cl\\\/web\\\/casi-12-mil-personas-cruzaron-el-paso-los-libertadores-el-pasado-fin-de-semana\\\/#primaryimage\",\"url\":\"https:\\\/\\\/eltrabajo.cl\\\/web\\\/wp-content\\\/uploads\\\/2024\\\/09\\\/libertadores.jpg\",\"contentUrl\":\"https:\\\/\\\/eltrabajo.cl\\\/web\\\/wp-content\\\/uploads\\\/2024\\\/09\\\/libertadores.jpg\",\"width\":699,\"height\":466,\"caption\":\"Doce mil personas cruzaron el paso Los Libertadores durante el pasado fin de semana.\"},{\"@type\":\"BreadcrumbList\",\"@id\":\"https:\\\/\\\/eltrabajo.cl\\\/web\\\/casi-12-mil-personas-cruzaron-el-paso-los-libertadores-el-pasado-fin-de-semana\\\/#breadcrumb\",\"itemListElement\":[{\"@type\":\"ListItem\",\"position\":1,\"name\":\"Portada\",\"item\":\"https:\\\/\\\/eltrabajo.cl\\\/web\\\/\"},{\"@type\":\"ListItem\",\"position\":2,\"name\":\"Casi 12 mil personas cruzaron el paso Los Libertadores el pasado fin de semana\"}]},{\"@type\":\"WebSite\",\"@id\":\"https:\\\/\\\/eltrabajo.cl\\\/web\\\/#website\",\"url\":\"https:\\\/\\\/eltrabajo.cl\\\/web\\\/\",\"name\":\"Diario El Trabajo\",\"description\":\"Desde 1929 construyendo Identidad Local\",\"publisher\":{\"@id\":\"https:\\\/\\\/eltrabajo.cl\\\/web\\\/#organization\"},\"potentialAction\":[{\"@type\":\"SearchAction\",\"target\":{\"@type\":\"EntryPoint\",\"urlTemplate\":\"https:\\\/\\\/eltrabajo.cl\\\/web\\\/?s={search_term_string}\"},\"query-input\":{\"@type\":\"PropertyValueSpecification\",\"valueRequired\":true,\"valueName\":\"search_term_string\"}}],\"inLanguage\":\"es-CL\"},{\"@type\":\"Organization\",\"@id\":\"https:\\\/\\\/eltrabajo.cl\\\/web\\\/#organization\",\"name\":\"Diario El Trabajo\",\"url\":\"https:\\\/\\\/eltrabajo.cl\\\/web\\\/\",\"logo\":{\"@type\":\"ImageObject\",\"inLanguage\":\"es-CL\",\"@id\":\"https:\\\/\\\/eltrabajo.cl\\\/web\\\/#\\\/schema\\\/logo\\\/image\\\/\",\"url\":\"https:\\\/\\\/eltrabajo.cl\\\/web\\\/wp-content\\\/uploads\\\/2024\\\/06\\\/profile-image-ig-page-diarioeltrabajo.jpg\",\"contentUrl\":\"https:\\\/\\\/eltrabajo.cl\\\/web\\\/wp-content\\\/uploads\\\/2024\\\/06\\\/profile-image-ig-page-diarioeltrabajo.jpg\",\"width\":823,\"height\":823,\"caption\":\"Diario El Trabajo\"},\"image\":{\"@id\":\"https:\\\/\\\/eltrabajo.cl\\\/web\\\/#\\\/schema\\\/logo\\\/image\\\/\"},\"sameAs\":[\"https:\\\/\\\/www.facebook.com\\\/ElTrabajoDiario\",\"https:\\\/\\\/x.com\\\/diarioeltrabajo\"]},{\"@type\":\"Person\",\"@id\":\"https:\\\/\\\/eltrabajo.cl\\\/web\\\/#\\\/schema\\\/person\\\/45efd3d17f86ec456e44dd7debe1bf19\",\"name\":\"Diario El Trabajo\",\"image\":{\"@type\":\"ImageObject\",\"inLanguage\":\"es-CL\",\"@id\":\"https:\\\/\\\/secure.gravatar.com\\\/avatar\\\/7e6ec277dc4aea2677c2dc301d4227957219329c985ab69a3efc12518b5161aa?s=96&d=mm&r=g\",\"url\":\"https:\\\/\\\/secure.gravatar.com\\\/avatar\\\/7e6ec277dc4aea2677c2dc301d4227957219329c985ab69a3efc12518b5161aa?s=96&d=mm&r=g\",\"contentUrl\":\"https:\\\/\\\/secure.gravatar.com\\\/avatar\\\/7e6ec277dc4aea2677c2dc301d4227957219329c985ab69a3efc12518b5161aa?s=96&d=mm&r=g\",\"caption\":\"Diario El Trabajo\"},\"sameAs\":[\"https:\\\/\\\/eltrabajo.cl\\\/web\"],\"url\":\"https:\\\/\\\/eltrabajo.cl\\\/web\\\/author\\\/diario-el-trabajo\\\/\"}]}<\/script>\n<!-- \/ Yoast SEO plugin. -->","yoast_head_json":{"title":"Casi 12 mil personas cruzaron el paso Los Libertadores el pasado fin de semana - Diario El Trabajo","robots":{"index":"index","follow":"follow","max-snippet":"max-snippet:-1","max-image-preview":"max-image-preview:large","max-video-preview":"max-video-preview:-1"},"canonical":"https:\/\/eltrabajo.cl\/web\/casi-12-mil-personas-cruzaron-el-paso-los-libertadores-el-pasado-fin-de-semana\/","og_locale":"es_ES","og_type":"article","og_title":"Casi 12 mil personas cruzaron el paso Los Libertadores el pasado fin de semana - Diario El Trabajo","og_description":"\u2022 Aumento del tr\u00e1nsito provoc\u00f3 mayores tiempos de espera en el complejo fronterizo.- Desde el pasado viernes y hasta el domingo, casi 12 mil personas, entre chilenos y argentinos, cruzaron el paso Los Libertadores. El hecho provoc\u00f3 que en algunos momentos los servicios de control fronterizo se vieran colapsados debido al aumento explosivo de la [&hellip;]","og_url":"https:\/\/eltrabajo.cl\/web\/casi-12-mil-personas-cruzaron-el-paso-los-libertadores-el-pasado-fin-de-semana\/","og_site_name":"Diario El Trabajo","article_publisher":"https:\/\/www.facebook.com\/ElTrabajoDiario","article_published_time":"2024-09-17T16:28:25+00:00","article_modified_time":"2024-09-17T16:39:54+00:00","og_image":[{"width":699,"height":466,"url":"https:\/\/eltrabajo.cl\/web\/wp-content\/uploads\/2024\/09\/libertadores.jpg","type":"image\/jpeg"}],"author":"Diario El Trabajo","twitter_card":"summary_large_image","twitter_creator":"@diarioeltrabajo","twitter_site":"@diarioeltrabajo","twitter_misc":{"Escrito por":"Diario El Trabajo","Tiempo estimado de lectura":"2 minutos"},"schema":{"@context":"https:\/\/schema.org","@graph":[{"@type":"Article","@id":"https:\/\/eltrabajo.cl\/web\/casi-12-mil-personas-cruzaron-el-paso-los-libertadores-el-pasado-fin-de-semana\/#article","isPartOf":{"@id":"https:\/\/eltrabajo.cl\/web\/casi-12-mil-personas-cruzaron-el-paso-los-libertadores-el-pasado-fin-de-semana\/"},"author":{"name":"Diario El Trabajo","@id":"https:\/\/eltrabajo.cl\/web\/#\/schema\/person\/45efd3d17f86ec456e44dd7debe1bf19"},"headline":"Casi 12 mil personas cruzaron el paso Los Libertadores el pasado fin de semana","datePublished":"2024-09-17T16:28:25+00:00","dateModified":"2024-09-17T16:39:54+00:00","mainEntityOfPage":{"@id":"https:\/\/eltrabajo.cl\/web\/casi-12-mil-personas-cruzaron-el-paso-los-libertadores-el-pasado-fin-de-semana\/"},"wordCount":319,"commentCount":0,"publisher":{"@id":"https:\/\/eltrabajo.cl\/web\/#organization"},"image":{"@id":"https:\/\/eltrabajo.cl\/web\/casi-12-mil-personas-cruzaron-el-paso-los-libertadores-el-pasado-fin-de-semana\/#primaryimage"},"thumbnailUrl":"https:\/\/eltrabajo.cl\/web\/wp-content\/uploads\/2024\/09\/libertadores.jpg","articleSection":["Cr\u00f3nica"],"inLanguage":"es-CL","potentialAction":[{"@type":"CommentAction","name":"Comment","target":["https:\/\/eltrabajo.cl\/web\/casi-12-mil-personas-cruzaron-el-paso-los-libertadores-el-pasado-fin-de-semana\/#respond"]}]},{"@type":"WebPage","@id":"https:\/\/eltrabajo.cl\/web\/casi-12-mil-personas-cruzaron-el-paso-los-libertadores-el-pasado-fin-de-semana\/","url":"https:\/\/eltrabajo.cl\/web\/casi-12-mil-personas-cruzaron-el-paso-los-libertadores-el-pasado-fin-de-semana\/","name":"Casi 12 mil personas cruzaron el paso Los Libertadores el pasado fin de semana - Diario El Trabajo","isPartOf":{"@id":"https:\/\/eltrabajo.cl\/web\/#website"},"primaryImageOfPage":{"@id":"https:\/\/eltrabajo.cl\/web\/casi-12-mil-personas-cruzaron-el-paso-los-libertadores-el-pasado-fin-de-semana\/#primaryimage"},"image":{"@id":"https:\/\/eltrabajo.cl\/web\/casi-12-mil-personas-cruzaron-el-paso-los-libertadores-el-pasado-fin-de-semana\/#primaryimage"},"thumbnailUrl":"https:\/\/eltrabajo.cl\/web\/wp-content\/uploads\/2024\/09\/libertadores.jpg","datePublished":"2024-09-17T16:28:25+00:00","dateModified":"2024-09-17T16:39:54+00:00","breadcrumb":{"@id":"https:\/\/eltrabajo.cl\/web\/casi-12-mil-personas-cruzaron-el-paso-los-libertadores-el-pasado-fin-de-semana\/#breadcrumb"},"inLanguage":"es-CL","potentialAction":[{"@type":"ReadAction","target":["https:\/\/eltrabajo.cl\/web\/casi-12-mil-personas-cruzaron-el-paso-los-libertadores-el-pasado-fin-de-semana\/"]}]},{"@type":"ImageObject","inLanguage":"es-CL","@id":"https:\/\/eltrabajo.cl\/web\/casi-12-mil-personas-cruzaron-el-paso-los-libertadores-el-pasado-fin-de-semana\/#primaryimage","url":"https:\/\/eltrabajo.cl\/web\/wp-content\/uploads\/2024\/09\/libertadores.jpg","contentUrl":"https:\/\/eltrabajo.cl\/web\/wp-content\/uploads\/2024\/09\/libertadores.jpg","width":699,"height":466,"caption":"Doce mil personas cruzaron el paso Los Libertadores durante el pasado fin de semana."},{"@type":"BreadcrumbList","@id":"https:\/\/eltrabajo.cl\/web\/casi-12-mil-personas-cruzaron-el-paso-los-libertadores-el-pasado-fin-de-semana\/#breadcrumb","itemListElement":[{"@type":"ListItem","position":1,"name":"Portada","item":"https:\/\/eltrabajo.cl\/web\/"},{"@type":"ListItem","position":2,"name":"Casi 12 mil personas cruzaron el paso Los Libertadores el pasado fin de semana"}]},{"@type":"WebSite","@id":"https:\/\/eltrabajo.cl\/web\/#website","url":"https:\/\/eltrabajo.cl\/web\/","name":"Diario El Trabajo","description":"Desde 1929 construyendo Identidad Local","publisher":{"@id":"https:\/\/eltrabajo.cl\/web\/#organization"},"potentialAction":[{"@type":"SearchAction","target":{"@type":"EntryPoint","urlTemplate":"https:\/\/eltrabajo.cl\/web\/?s={search_term_string}"},"query-input":{"@type":"PropertyValueSpecification","valueRequired":true,"valueName":"search_term_string"}}],"inLanguage":"es-CL"},{"@type":"Organization","@id":"https:\/\/eltrabajo.cl\/web\/#organization","name":"Diario El Trabajo","url":"https:\/\/eltrabajo.cl\/web\/","logo":{"@type":"ImageObject","inLanguage":"es-CL","@id":"https:\/\/eltrabajo.cl\/web\/#\/schema\/logo\/image\/","url":"https:\/\/eltrabajo.cl\/web\/wp-content\/uploads\/2024\/06\/profile-image-ig-page-diarioeltrabajo.jpg","contentUrl":"https:\/\/eltrabajo.cl\/web\/wp-content\/uploads\/2024\/06\/profile-image-ig-page-diarioeltrabajo.jpg","width":823,"height":823,"caption":"Diario El Trabajo"},"image":{"@id":"https:\/\/eltrabajo.cl\/web\/#\/schema\/logo\/image\/"},"sameAs":["https:\/\/www.facebook.com\/ElTrabajoDiario","https:\/\/x.com\/diarioeltrabajo"]},{"@type":"Person","@id":"https:\/\/eltrabajo.cl\/web\/#\/schema\/person\/45efd3d17f86ec456e44dd7debe1bf19","name":"Diario El Trabajo","image":{"@type":"ImageObject","inLanguage":"es-CL","@id":"https:\/\/secure.gravatar.com\/avatar\/7e6ec277dc4aea2677c2dc301d4227957219329c985ab69a3efc12518b5161aa?s=96&d=mm&r=g","url":"https:\/\/secure.gravatar.com\/avatar\/7e6ec277dc4aea2677c2dc301d4227957219329c985ab69a3efc12518b5161aa?s=96&d=mm&r=g","contentUrl":"https:\/\/secure.gravatar.com\/avatar\/7e6ec277dc4aea2677c2dc301d4227957219329c985ab69a3efc12518b5161aa?s=96&d=mm&r=g","caption":"Diario El Trabajo"},"sameAs":["https:\/\/eltrabajo.cl\/web"],"url":"https:\/\/eltrabajo.cl\/web\/author\/diario-el-trabajo\/"}]}},"_links":{"self":[{"href":"https:\/\/eltrabajo.cl\/web\/wp-json\/wp\/v2\/posts\/132180","targetHints":{"allow":["GET"]}}],"collection":[{"href":"https:\/\/eltrabajo.cl\/web\/wp-json\/wp\/v2\/posts"}],"about":[{"href":"https:\/\/eltrabajo.cl\/web\/wp-json\/wp\/v2\/types\/post"}],"author":[{"embeddable":true,"href":"https:\/\/eltrabajo.cl\/web\/wp-json\/wp\/v2\/users\/1"}],"replies":[{"embeddable":true,"href":"https:\/\/eltrabajo.cl\/web\/wp-json\/wp\/v2\/comments?post=132180"}],"version-history":[{"count":1,"href":"https:\/\/eltrabajo.cl\/web\/wp-json\/wp\/v2\/posts\/132180\/revisions"}],"predecessor-version":[{"id":132182,"href":"https:\/\/eltrabajo.cl\/web\/wp-json\/wp\/v2\/posts\/132180\/revisions\/132182"}],"wp:featuredmedia":[{"embeddable":true,"href":"https:\/\/eltrabajo.cl\/web\/wp-json\/wp\/v2\/media\/132181"}],"wp:attachment":[{"href":"https:\/\/eltrabajo.cl\/web\/wp-json\/wp\/v2\/media?parent=132180"}],"wp:term":[{"taxonomy":"category","embeddable":true,"href":"https:\/\/eltrabajo.cl\/web\/wp-json\/wp\/v2\/categories?post=132180"},{"taxonomy":"post_tag","embeddable":true,"href":"https:\/\/eltrabajo.cl\/web\/wp-json\/wp\/v2\/tags?post=132180"}],"curies":[{"name":"wp","href":"https:\/\/api.w.org\/{rel}","templated":true}]}}