{"id":132303,"date":"2024-09-26T21:30:42","date_gmt":"2024-09-27T00:30:42","guid":{"rendered":"https:\/\/eltrabajo.cl\/web\/?p=132303"},"modified":"2024-09-26T21:29:57","modified_gmt":"2024-09-27T00:29:57","slug":"carabineros-detuvo-a-individuo-que-mantenia-mas-de-200-papelillos-de-pasta-base","status":"publish","type":"post","link":"https:\/\/eltrabajo.cl\/web\/carabineros-detuvo-a-individuo-que-mantenia-mas-de-200-papelillos-de-pasta-base\/","title":{"rendered":"Carabineros detuvo a individuo que manten\u00eda m\u00e1s de 200 papelillos de pasta base"},"content":{"rendered":"<ul>\n<li><strong>El procedimiento se desarroll\u00f3 en la Villa San Jos\u00e9 de Santa Mar\u00eda, en el l\u00edmite con San Esteban.-<\/strong><\/li>\n<\/ul>\n<p>Este mi\u00e9rcoles, Carabineros de la Secci\u00f3n Centauro de la Prefectura Aconcagua llevaron a cabo un exitoso operativo policial en la comuna de Santa Mar\u00eda, al detener a un individuo que manten\u00eda m\u00e1s de 200 envoltorios contenedores de pasta base de coca\u00edna, la cual fue incautada. En tanto, el aprehendido fue puesto a disposici\u00f3n del Ministerio P\u00fablico.<\/p>\n<p>Seg\u00fan informaci\u00f3n proporcionada, fueron conductores de la propia comuna los que habr\u00edan denunciado a este individuo luego que fuera visto realizando transacciones de drogas. Entonces, es en el contexto de patrullajes preventivos, que este individuo se da a la fuga en la Villa San Jos\u00e9, al mantener una totalidad de 222 papelillos de la mencionada droga.<\/p>\n<p>Desde la Secci\u00f3n Centauro contextualizaron este procedimiento policial que dej\u00f3 un detenido por infracci\u00f3n a la ley de drogas en Santa Mar\u00eda. <em>\u00abEl d\u00eda de hoy <\/em>(mi\u00e9rcoles)<em> personal de la Secci\u00f3n Centauro realiz\u00f3 patrullajes preventivos por la totalidad del sector de la comuna de Santa Mar\u00eda.<\/em><\/p>\n<p>\u00ab<em>Es en esos momentos que, al recorrer la Villa San Jos\u00e9, del l\u00edmite de Santa Mar\u00eda con San Esteban, procedi\u00f3 a fiscalizar a un individuo de sexo masculino, quien intent\u00f3 darse a la fuga del lugar, ya que manten\u00eda 222 papelillos de pasta base en sus vestimentas\u00bb<\/em>, establecieron.<\/p>\n<p>En esta l\u00ednea, precisaron que el sujeto ya fue puesto a disposici\u00f3n de la justicia, comentando que <em>\u00abde lo anterior, se procedi\u00f3 a la detenci\u00f3n, poniendo al infractor de la ley a disposici\u00f3n del Ministerio P\u00fablico\u00bb<\/em>, cerr\u00f3.<\/p>\n<figure id=\"attachment_132304\" aria-describedby=\"caption-attachment-132304\" style=\"width: 699px\" class=\"wp-caption alignnone\"><img loading=\"lazy\" decoding=\"async\" class=\"size-full wp-image-132304\" src=\"https:\/\/eltrabajo.cl\/web\/wp-content\/uploads\/2024\/09\/papelillos-sta.jpg\" alt=\"Evidencia de los 222 envoltorios contenedores de pasta base de coca\u00edna que fueron incautados.\" width=\"699\" height=\"632\" srcset=\"https:\/\/eltrabajo.cl\/web\/wp-content\/uploads\/2024\/09\/papelillos-sta.jpg 699w, https:\/\/eltrabajo.cl\/web\/wp-content\/uploads\/2024\/09\/papelillos-sta-300x271.jpg 300w, https:\/\/eltrabajo.cl\/web\/wp-content\/uploads\/2024\/09\/papelillos-sta-465x420.jpg 465w, https:\/\/eltrabajo.cl\/web\/wp-content\/uploads\/2024\/09\/papelillos-sta-150x136.jpg 150w, https:\/\/eltrabajo.cl\/web\/wp-content\/uploads\/2024\/09\/papelillos-sta-696x629.jpg 696w\" sizes=\"auto, (max-width: 699px) 100vw, 699px\" \/><figcaption id=\"caption-attachment-132304\" class=\"wp-caption-text\">Evidencia de los 222 envoltorios contenedores de pasta base de coca\u00edna que fueron incautados.<\/figcaption><\/figure>\n","protected":false},"excerpt":{"rendered":"<p>El procedimiento se desarroll\u00f3 en la Villa San Jos\u00e9 de Santa Mar\u00eda, en el l\u00edmite con San Esteban.- Este mi\u00e9rcoles, Carabineros de la Secci\u00f3n Centauro de la Prefectura Aconcagua llevaron a cabo un exitoso operativo policial en la comuna de Santa Mar\u00eda, al detener a un individuo que manten\u00eda m\u00e1s de 200 envoltorios contenedores de [&hellip;]<\/p>\n","protected":false},"author":1,"featured_media":132304,"comment_status":"open","ping_status":"closed","sticky":false,"template":"","format":"standard","meta":{"footnotes":""},"categories":[5],"tags":[],"class_list":{"0":"post-132303","1":"post","2":"type-post","3":"status-publish","4":"format-standard","5":"has-post-thumbnail","7":"category-policial"},"yoast_head":"<!-- This site is optimized with the Yoast SEO plugin v27.4 - https:\/\/yoast.com\/product\/yoast-seo-wordpress\/ -->\n<title>Carabineros detuvo a individuo que manten\u00eda m\u00e1s de 200 papelillos de pasta base - Diario El Trabajo<\/title>\n<meta name=\"robots\" content=\"index, follow, max-snippet:-1, max-image-preview:large, max-video-preview:-1\" \/>\n<link rel=\"canonical\" href=\"https:\/\/eltrabajo.cl\/web\/carabineros-detuvo-a-individuo-que-mantenia-mas-de-200-papelillos-de-pasta-base\/\" \/>\n<meta property=\"og:locale\" content=\"es_ES\" \/>\n<meta property=\"og:type\" content=\"article\" \/>\n<meta property=\"og:title\" content=\"Carabineros detuvo a individuo que manten\u00eda m\u00e1s de 200 papelillos de pasta base - Diario El Trabajo\" \/>\n<meta property=\"og:description\" content=\"El procedimiento se desarroll\u00f3 en la Villa San Jos\u00e9 de Santa Mar\u00eda, en el l\u00edmite con San Esteban.- Este mi\u00e9rcoles, Carabineros de la Secci\u00f3n Centauro de la Prefectura Aconcagua llevaron a cabo un exitoso operativo policial en la comuna de Santa Mar\u00eda, al detener a un individuo que manten\u00eda m\u00e1s de 200 envoltorios contenedores de [&hellip;]\" \/>\n<meta property=\"og:url\" content=\"https:\/\/eltrabajo.cl\/web\/carabineros-detuvo-a-individuo-que-mantenia-mas-de-200-papelillos-de-pasta-base\/\" \/>\n<meta property=\"og:site_name\" content=\"Diario El Trabajo\" \/>\n<meta property=\"article:publisher\" content=\"https:\/\/www.facebook.com\/ElTrabajoDiario\" \/>\n<meta property=\"article:published_time\" content=\"2024-09-27T00:30:42+00:00\" \/>\n<meta property=\"og:image\" content=\"https:\/\/eltrabajo.cl\/web\/wp-content\/uploads\/2024\/09\/papelillos-sta.jpg\" \/>\n\t<meta property=\"og:image:width\" content=\"699\" \/>\n\t<meta property=\"og:image:height\" content=\"632\" \/>\n\t<meta property=\"og:image:type\" content=\"image\/jpeg\" \/>\n<meta name=\"author\" content=\"Diario El Trabajo\" \/>\n<meta name=\"twitter:card\" content=\"summary_large_image\" \/>\n<meta name=\"twitter:creator\" content=\"@diarioeltrabajo\" \/>\n<meta name=\"twitter:site\" content=\"@diarioeltrabajo\" \/>\n<meta name=\"twitter:label1\" content=\"Escrito por\" \/>\n\t<meta name=\"twitter:data1\" content=\"Diario El Trabajo\" \/>\n\t<meta name=\"twitter:label2\" content=\"Tiempo estimado de lectura\" \/>\n\t<meta name=\"twitter:data2\" content=\"2 minutos\" \/>\n<script type=\"application\/ld+json\" class=\"yoast-schema-graph\">{\"@context\":\"https:\\\/\\\/schema.org\",\"@graph\":[{\"@type\":\"Article\",\"@id\":\"https:\\\/\\\/eltrabajo.cl\\\/web\\\/carabineros-detuvo-a-individuo-que-mantenia-mas-de-200-papelillos-de-pasta-base\\\/#article\",\"isPartOf\":{\"@id\":\"https:\\\/\\\/eltrabajo.cl\\\/web\\\/carabineros-detuvo-a-individuo-que-mantenia-mas-de-200-papelillos-de-pasta-base\\\/\"},\"author\":{\"name\":\"Diario El Trabajo\",\"@id\":\"https:\\\/\\\/eltrabajo.cl\\\/web\\\/#\\\/schema\\\/person\\\/45efd3d17f86ec456e44dd7debe1bf19\"},\"headline\":\"Carabineros detuvo a individuo que manten\u00eda m\u00e1s de 200 papelillos de pasta base\",\"datePublished\":\"2024-09-27T00:30:42+00:00\",\"mainEntityOfPage\":{\"@id\":\"https:\\\/\\\/eltrabajo.cl\\\/web\\\/carabineros-detuvo-a-individuo-que-mantenia-mas-de-200-papelillos-de-pasta-base\\\/\"},\"wordCount\":322,\"commentCount\":0,\"publisher\":{\"@id\":\"https:\\\/\\\/eltrabajo.cl\\\/web\\\/#organization\"},\"image\":{\"@id\":\"https:\\\/\\\/eltrabajo.cl\\\/web\\\/carabineros-detuvo-a-individuo-que-mantenia-mas-de-200-papelillos-de-pasta-base\\\/#primaryimage\"},\"thumbnailUrl\":\"https:\\\/\\\/eltrabajo.cl\\\/web\\\/wp-content\\\/uploads\\\/2024\\\/09\\\/papelillos-sta.jpg\",\"articleSection\":[\"Policial\"],\"inLanguage\":\"es-CL\",\"potentialAction\":[{\"@type\":\"CommentAction\",\"name\":\"Comment\",\"target\":[\"https:\\\/\\\/eltrabajo.cl\\\/web\\\/carabineros-detuvo-a-individuo-que-mantenia-mas-de-200-papelillos-de-pasta-base\\\/#respond\"]}]},{\"@type\":\"WebPage\",\"@id\":\"https:\\\/\\\/eltrabajo.cl\\\/web\\\/carabineros-detuvo-a-individuo-que-mantenia-mas-de-200-papelillos-de-pasta-base\\\/\",\"url\":\"https:\\\/\\\/eltrabajo.cl\\\/web\\\/carabineros-detuvo-a-individuo-que-mantenia-mas-de-200-papelillos-de-pasta-base\\\/\",\"name\":\"Carabineros detuvo a individuo que manten\u00eda m\u00e1s de 200 papelillos de pasta base - Diario El Trabajo\",\"isPartOf\":{\"@id\":\"https:\\\/\\\/eltrabajo.cl\\\/web\\\/#website\"},\"primaryImageOfPage\":{\"@id\":\"https:\\\/\\\/eltrabajo.cl\\\/web\\\/carabineros-detuvo-a-individuo-que-mantenia-mas-de-200-papelillos-de-pasta-base\\\/#primaryimage\"},\"image\":{\"@id\":\"https:\\\/\\\/eltrabajo.cl\\\/web\\\/carabineros-detuvo-a-individuo-que-mantenia-mas-de-200-papelillos-de-pasta-base\\\/#primaryimage\"},\"thumbnailUrl\":\"https:\\\/\\\/eltrabajo.cl\\\/web\\\/wp-content\\\/uploads\\\/2024\\\/09\\\/papelillos-sta.jpg\",\"datePublished\":\"2024-09-27T00:30:42+00:00\",\"breadcrumb\":{\"@id\":\"https:\\\/\\\/eltrabajo.cl\\\/web\\\/carabineros-detuvo-a-individuo-que-mantenia-mas-de-200-papelillos-de-pasta-base\\\/#breadcrumb\"},\"inLanguage\":\"es-CL\",\"potentialAction\":[{\"@type\":\"ReadAction\",\"target\":[\"https:\\\/\\\/eltrabajo.cl\\\/web\\\/carabineros-detuvo-a-individuo-que-mantenia-mas-de-200-papelillos-de-pasta-base\\\/\"]}]},{\"@type\":\"ImageObject\",\"inLanguage\":\"es-CL\",\"@id\":\"https:\\\/\\\/eltrabajo.cl\\\/web\\\/carabineros-detuvo-a-individuo-que-mantenia-mas-de-200-papelillos-de-pasta-base\\\/#primaryimage\",\"url\":\"https:\\\/\\\/eltrabajo.cl\\\/web\\\/wp-content\\\/uploads\\\/2024\\\/09\\\/papelillos-sta.jpg\",\"contentUrl\":\"https:\\\/\\\/eltrabajo.cl\\\/web\\\/wp-content\\\/uploads\\\/2024\\\/09\\\/papelillos-sta.jpg\",\"width\":699,\"height\":632,\"caption\":\"Evidencia de los 222 envoltorios contenedores de pasta base de coca\u00edna que fueron incautados.\"},{\"@type\":\"BreadcrumbList\",\"@id\":\"https:\\\/\\\/eltrabajo.cl\\\/web\\\/carabineros-detuvo-a-individuo-que-mantenia-mas-de-200-papelillos-de-pasta-base\\\/#breadcrumb\",\"itemListElement\":[{\"@type\":\"ListItem\",\"position\":1,\"name\":\"Portada\",\"item\":\"https:\\\/\\\/eltrabajo.cl\\\/web\\\/\"},{\"@type\":\"ListItem\",\"position\":2,\"name\":\"Carabineros detuvo a individuo que manten\u00eda m\u00e1s de 200 papelillos de pasta base\"}]},{\"@type\":\"WebSite\",\"@id\":\"https:\\\/\\\/eltrabajo.cl\\\/web\\\/#website\",\"url\":\"https:\\\/\\\/eltrabajo.cl\\\/web\\\/\",\"name\":\"Diario El Trabajo\",\"description\":\"Desde 1929 construyendo Identidad Local\",\"publisher\":{\"@id\":\"https:\\\/\\\/eltrabajo.cl\\\/web\\\/#organization\"},\"potentialAction\":[{\"@type\":\"SearchAction\",\"target\":{\"@type\":\"EntryPoint\",\"urlTemplate\":\"https:\\\/\\\/eltrabajo.cl\\\/web\\\/?s={search_term_string}\"},\"query-input\":{\"@type\":\"PropertyValueSpecification\",\"valueRequired\":true,\"valueName\":\"search_term_string\"}}],\"inLanguage\":\"es-CL\"},{\"@type\":\"Organization\",\"@id\":\"https:\\\/\\\/eltrabajo.cl\\\/web\\\/#organization\",\"name\":\"Diario El Trabajo\",\"url\":\"https:\\\/\\\/eltrabajo.cl\\\/web\\\/\",\"logo\":{\"@type\":\"ImageObject\",\"inLanguage\":\"es-CL\",\"@id\":\"https:\\\/\\\/eltrabajo.cl\\\/web\\\/#\\\/schema\\\/logo\\\/image\\\/\",\"url\":\"https:\\\/\\\/eltrabajo.cl\\\/web\\\/wp-content\\\/uploads\\\/2024\\\/06\\\/profile-image-ig-page-diarioeltrabajo.jpg\",\"contentUrl\":\"https:\\\/\\\/eltrabajo.cl\\\/web\\\/wp-content\\\/uploads\\\/2024\\\/06\\\/profile-image-ig-page-diarioeltrabajo.jpg\",\"width\":823,\"height\":823,\"caption\":\"Diario El Trabajo\"},\"image\":{\"@id\":\"https:\\\/\\\/eltrabajo.cl\\\/web\\\/#\\\/schema\\\/logo\\\/image\\\/\"},\"sameAs\":[\"https:\\\/\\\/www.facebook.com\\\/ElTrabajoDiario\",\"https:\\\/\\\/x.com\\\/diarioeltrabajo\"]},{\"@type\":\"Person\",\"@id\":\"https:\\\/\\\/eltrabajo.cl\\\/web\\\/#\\\/schema\\\/person\\\/45efd3d17f86ec456e44dd7debe1bf19\",\"name\":\"Diario El Trabajo\",\"image\":{\"@type\":\"ImageObject\",\"inLanguage\":\"es-CL\",\"@id\":\"https:\\\/\\\/secure.gravatar.com\\\/avatar\\\/7e6ec277dc4aea2677c2dc301d4227957219329c985ab69a3efc12518b5161aa?s=96&d=mm&r=g\",\"url\":\"https:\\\/\\\/secure.gravatar.com\\\/avatar\\\/7e6ec277dc4aea2677c2dc301d4227957219329c985ab69a3efc12518b5161aa?s=96&d=mm&r=g\",\"contentUrl\":\"https:\\\/\\\/secure.gravatar.com\\\/avatar\\\/7e6ec277dc4aea2677c2dc301d4227957219329c985ab69a3efc12518b5161aa?s=96&d=mm&r=g\",\"caption\":\"Diario El Trabajo\"},\"sameAs\":[\"https:\\\/\\\/eltrabajo.cl\\\/web\"],\"url\":\"https:\\\/\\\/eltrabajo.cl\\\/web\\\/author\\\/diario-el-trabajo\\\/\"}]}<\/script>\n<!-- \/ Yoast SEO plugin. -->","yoast_head_json":{"title":"Carabineros detuvo a individuo que manten\u00eda m\u00e1s de 200 papelillos de pasta base - Diario El Trabajo","robots":{"index":"index","follow":"follow","max-snippet":"max-snippet:-1","max-image-preview":"max-image-preview:large","max-video-preview":"max-video-preview:-1"},"canonical":"https:\/\/eltrabajo.cl\/web\/carabineros-detuvo-a-individuo-que-mantenia-mas-de-200-papelillos-de-pasta-base\/","og_locale":"es_ES","og_type":"article","og_title":"Carabineros detuvo a individuo que manten\u00eda m\u00e1s de 200 papelillos de pasta base - Diario El Trabajo","og_description":"El procedimiento se desarroll\u00f3 en la Villa San Jos\u00e9 de Santa Mar\u00eda, en el l\u00edmite con San Esteban.- Este mi\u00e9rcoles, Carabineros de la Secci\u00f3n Centauro de la Prefectura Aconcagua llevaron a cabo un exitoso operativo policial en la comuna de Santa Mar\u00eda, al detener a un individuo que manten\u00eda m\u00e1s de 200 envoltorios contenedores de [&hellip;]","og_url":"https:\/\/eltrabajo.cl\/web\/carabineros-detuvo-a-individuo-que-mantenia-mas-de-200-papelillos-de-pasta-base\/","og_site_name":"Diario El Trabajo","article_publisher":"https:\/\/www.facebook.com\/ElTrabajoDiario","article_published_time":"2024-09-27T00:30:42+00:00","og_image":[{"width":699,"height":632,"url":"https:\/\/eltrabajo.cl\/web\/wp-content\/uploads\/2024\/09\/papelillos-sta.jpg","type":"image\/jpeg"}],"author":"Diario El Trabajo","twitter_card":"summary_large_image","twitter_creator":"@diarioeltrabajo","twitter_site":"@diarioeltrabajo","twitter_misc":{"Escrito por":"Diario El Trabajo","Tiempo estimado de lectura":"2 minutos"},"schema":{"@context":"https:\/\/schema.org","@graph":[{"@type":"Article","@id":"https:\/\/eltrabajo.cl\/web\/carabineros-detuvo-a-individuo-que-mantenia-mas-de-200-papelillos-de-pasta-base\/#article","isPartOf":{"@id":"https:\/\/eltrabajo.cl\/web\/carabineros-detuvo-a-individuo-que-mantenia-mas-de-200-papelillos-de-pasta-base\/"},"author":{"name":"Diario El Trabajo","@id":"https:\/\/eltrabajo.cl\/web\/#\/schema\/person\/45efd3d17f86ec456e44dd7debe1bf19"},"headline":"Carabineros detuvo a individuo que manten\u00eda m\u00e1s de 200 papelillos de pasta base","datePublished":"2024-09-27T00:30:42+00:00","mainEntityOfPage":{"@id":"https:\/\/eltrabajo.cl\/web\/carabineros-detuvo-a-individuo-que-mantenia-mas-de-200-papelillos-de-pasta-base\/"},"wordCount":322,"commentCount":0,"publisher":{"@id":"https:\/\/eltrabajo.cl\/web\/#organization"},"image":{"@id":"https:\/\/eltrabajo.cl\/web\/carabineros-detuvo-a-individuo-que-mantenia-mas-de-200-papelillos-de-pasta-base\/#primaryimage"},"thumbnailUrl":"https:\/\/eltrabajo.cl\/web\/wp-content\/uploads\/2024\/09\/papelillos-sta.jpg","articleSection":["Policial"],"inLanguage":"es-CL","potentialAction":[{"@type":"CommentAction","name":"Comment","target":["https:\/\/eltrabajo.cl\/web\/carabineros-detuvo-a-individuo-que-mantenia-mas-de-200-papelillos-de-pasta-base\/#respond"]}]},{"@type":"WebPage","@id":"https:\/\/eltrabajo.cl\/web\/carabineros-detuvo-a-individuo-que-mantenia-mas-de-200-papelillos-de-pasta-base\/","url":"https:\/\/eltrabajo.cl\/web\/carabineros-detuvo-a-individuo-que-mantenia-mas-de-200-papelillos-de-pasta-base\/","name":"Carabineros detuvo a individuo que manten\u00eda m\u00e1s de 200 papelillos de pasta base - Diario El Trabajo","isPartOf":{"@id":"https:\/\/eltrabajo.cl\/web\/#website"},"primaryImageOfPage":{"@id":"https:\/\/eltrabajo.cl\/web\/carabineros-detuvo-a-individuo-que-mantenia-mas-de-200-papelillos-de-pasta-base\/#primaryimage"},"image":{"@id":"https:\/\/eltrabajo.cl\/web\/carabineros-detuvo-a-individuo-que-mantenia-mas-de-200-papelillos-de-pasta-base\/#primaryimage"},"thumbnailUrl":"https:\/\/eltrabajo.cl\/web\/wp-content\/uploads\/2024\/09\/papelillos-sta.jpg","datePublished":"2024-09-27T00:30:42+00:00","breadcrumb":{"@id":"https:\/\/eltrabajo.cl\/web\/carabineros-detuvo-a-individuo-que-mantenia-mas-de-200-papelillos-de-pasta-base\/#breadcrumb"},"inLanguage":"es-CL","potentialAction":[{"@type":"ReadAction","target":["https:\/\/eltrabajo.cl\/web\/carabineros-detuvo-a-individuo-que-mantenia-mas-de-200-papelillos-de-pasta-base\/"]}]},{"@type":"ImageObject","inLanguage":"es-CL","@id":"https:\/\/eltrabajo.cl\/web\/carabineros-detuvo-a-individuo-que-mantenia-mas-de-200-papelillos-de-pasta-base\/#primaryimage","url":"https:\/\/eltrabajo.cl\/web\/wp-content\/uploads\/2024\/09\/papelillos-sta.jpg","contentUrl":"https:\/\/eltrabajo.cl\/web\/wp-content\/uploads\/2024\/09\/papelillos-sta.jpg","width":699,"height":632,"caption":"Evidencia de los 222 envoltorios contenedores de pasta base de coca\u00edna que fueron incautados."},{"@type":"BreadcrumbList","@id":"https:\/\/eltrabajo.cl\/web\/carabineros-detuvo-a-individuo-que-mantenia-mas-de-200-papelillos-de-pasta-base\/#breadcrumb","itemListElement":[{"@type":"ListItem","position":1,"name":"Portada","item":"https:\/\/eltrabajo.cl\/web\/"},{"@type":"ListItem","position":2,"name":"Carabineros detuvo a individuo que manten\u00eda m\u00e1s de 200 papelillos de pasta base"}]},{"@type":"WebSite","@id":"https:\/\/eltrabajo.cl\/web\/#website","url":"https:\/\/eltrabajo.cl\/web\/","name":"Diario El Trabajo","description":"Desde 1929 construyendo Identidad Local","publisher":{"@id":"https:\/\/eltrabajo.cl\/web\/#organization"},"potentialAction":[{"@type":"SearchAction","target":{"@type":"EntryPoint","urlTemplate":"https:\/\/eltrabajo.cl\/web\/?s={search_term_string}"},"query-input":{"@type":"PropertyValueSpecification","valueRequired":true,"valueName":"search_term_string"}}],"inLanguage":"es-CL"},{"@type":"Organization","@id":"https:\/\/eltrabajo.cl\/web\/#organization","name":"Diario El Trabajo","url":"https:\/\/eltrabajo.cl\/web\/","logo":{"@type":"ImageObject","inLanguage":"es-CL","@id":"https:\/\/eltrabajo.cl\/web\/#\/schema\/logo\/image\/","url":"https:\/\/eltrabajo.cl\/web\/wp-content\/uploads\/2024\/06\/profile-image-ig-page-diarioeltrabajo.jpg","contentUrl":"https:\/\/eltrabajo.cl\/web\/wp-content\/uploads\/2024\/06\/profile-image-ig-page-diarioeltrabajo.jpg","width":823,"height":823,"caption":"Diario El Trabajo"},"image":{"@id":"https:\/\/eltrabajo.cl\/web\/#\/schema\/logo\/image\/"},"sameAs":["https:\/\/www.facebook.com\/ElTrabajoDiario","https:\/\/x.com\/diarioeltrabajo"]},{"@type":"Person","@id":"https:\/\/eltrabajo.cl\/web\/#\/schema\/person\/45efd3d17f86ec456e44dd7debe1bf19","name":"Diario El Trabajo","image":{"@type":"ImageObject","inLanguage":"es-CL","@id":"https:\/\/secure.gravatar.com\/avatar\/7e6ec277dc4aea2677c2dc301d4227957219329c985ab69a3efc12518b5161aa?s=96&d=mm&r=g","url":"https:\/\/secure.gravatar.com\/avatar\/7e6ec277dc4aea2677c2dc301d4227957219329c985ab69a3efc12518b5161aa?s=96&d=mm&r=g","contentUrl":"https:\/\/secure.gravatar.com\/avatar\/7e6ec277dc4aea2677c2dc301d4227957219329c985ab69a3efc12518b5161aa?s=96&d=mm&r=g","caption":"Diario El Trabajo"},"sameAs":["https:\/\/eltrabajo.cl\/web"],"url":"https:\/\/eltrabajo.cl\/web\/author\/diario-el-trabajo\/"}]}},"_links":{"self":[{"href":"https:\/\/eltrabajo.cl\/web\/wp-json\/wp\/v2\/posts\/132303","targetHints":{"allow":["GET"]}}],"collection":[{"href":"https:\/\/eltrabajo.cl\/web\/wp-json\/wp\/v2\/posts"}],"about":[{"href":"https:\/\/eltrabajo.cl\/web\/wp-json\/wp\/v2\/types\/post"}],"author":[{"embeddable":true,"href":"https:\/\/eltrabajo.cl\/web\/wp-json\/wp\/v2\/users\/1"}],"replies":[{"embeddable":true,"href":"https:\/\/eltrabajo.cl\/web\/wp-json\/wp\/v2\/comments?post=132303"}],"version-history":[{"count":1,"href":"https:\/\/eltrabajo.cl\/web\/wp-json\/wp\/v2\/posts\/132303\/revisions"}],"predecessor-version":[{"id":132305,"href":"https:\/\/eltrabajo.cl\/web\/wp-json\/wp\/v2\/posts\/132303\/revisions\/132305"}],"wp:featuredmedia":[{"embeddable":true,"href":"https:\/\/eltrabajo.cl\/web\/wp-json\/wp\/v2\/media\/132304"}],"wp:attachment":[{"href":"https:\/\/eltrabajo.cl\/web\/wp-json\/wp\/v2\/media?parent=132303"}],"wp:term":[{"taxonomy":"category","embeddable":true,"href":"https:\/\/eltrabajo.cl\/web\/wp-json\/wp\/v2\/categories?post=132303"},{"taxonomy":"post_tag","embeddable":true,"href":"https:\/\/eltrabajo.cl\/web\/wp-json\/wp\/v2\/tags?post=132303"}],"curies":[{"name":"wp","href":"https:\/\/api.w.org\/{rel}","templated":true}]}}