{"id":132346,"date":"2024-09-29T22:00:23","date_gmt":"2024-09-30T01:00:23","guid":{"rendered":"https:\/\/eltrabajo.cl\/web\/?p=132346"},"modified":"2024-09-29T22:03:07","modified_gmt":"2024-09-30T01:03:07","slug":"preocupa-suspension-de-quimioterapias-en-hospital-van-buren-de-valparaiso","status":"publish","type":"post","link":"https:\/\/eltrabajo.cl\/web\/preocupa-suspension-de-quimioterapias-en-hospital-van-buren-de-valparaiso\/","title":{"rendered":"Preocupa suspensi\u00f3n de quimioterapias en Hospital Van Buren de Valpara\u00edso"},"content":{"rendered":"<ul>\n<li><strong>El recinto es el \u00fanico a nivel regional que realiza estas prestaciones de salud.-<\/strong><\/li>\n<\/ul>\n<p>Preocupaci\u00f3n existe en los pacientes oncol\u00f3gicos de Aconcagua por la informaci\u00f3n de suspensi\u00f3n de los procesos de quimioterapia en el Hospital Carlos Van Buren de Valpara\u00edso, \u00fanico recinto a nivel regional que realiza estas prestaciones de salud.<\/p>\n<p>La informaci\u00f3n fue dada a conocer por el consejero regional <strong>Manuel Millones<\/strong>, quien sostuvo que la falta de insumos ha generado esta situaci\u00f3n.<\/p>\n<p>El hecho ha generado la preocupaci\u00f3n en los pacientes que viajan desde la zona de Aconcagua hacia Valpara\u00edso para continuar con sus tratamientos. <strong>Digna Gonz\u00e1lez<\/strong>, directora ejecutiva corporaci\u00f3n \u2018Valientes\u2019 de c\u00e1ncer de mamas, metast\u00e1sico y ginecol\u00f3gico de la regi\u00f3n de Valpara\u00edso, coment\u00f3 esta situaci\u00f3n, adem\u00e1s, en su rol de paciente del mismo Hospital.<\/p>\n<p>\u00ab<em>Estamos muy preocupados por lo que est\u00e1 sucediendo en el Hospital Carlos Van Buren, ya que, de partida, es el Hospital que alberga a todas las comunas de la regi\u00f3n de Valpara\u00edso, sobre todo en oncolog\u00eda, y el Hospital adeuda un monto de m\u00e1s de 12 mil millones de pesos, y el presupuesto que se les asigna es de 39 mil millones de pesos. Lo que el Hospital necesita es m\u00e1s de 60 mil millones de pesos, porque financiar los gastos fijos de 3 mil funcionarios, da aproximadamente 60 mil millones\u00bb,<\/em> se\u00f1al\u00f3.<\/p>\n<p>En este contexto, Gonz\u00e1lez agreg\u00f3 que <em>\u00abpor lo tanto, lo que se necesita realmente son 110 mil millones anuales, esta informaci\u00f3n la maneja la Subsecretar\u00eda de Redes, la Direcci\u00f3n de Presupuesto, la ministra (Salud) y los parlamentarios de la comisi\u00f3n mixta. Lo que pasa en el Van Buren es una crisis que pone en riesgo la estabilidad del Hospital e incluso pone en riesgo que el Hospital pueda seguir funcionando y riesgo de cerrar\u00bb.<\/em><\/p>\n<p>Situaci\u00f3n de crisis en el recinto hospitalario porte\u00f1o que genera consecuencias en la zona interior de la regi\u00f3n, <em>\u00ablos cierres de los pabellones afectan las listas de espera por las cirug\u00edas, especialmente en las patolog\u00edas como c\u00e1ncer de mamas, ya que la unidad de patolog\u00eda mamaria, hace dos meses est\u00e1 solicitando m\u00e1s pabellones para operar, y ahora lo cierran\u00bb,<\/em> sostuvo.<\/p>\n<p>En este sentido, Digna Gonz\u00e1lez agreg\u00f3 que <em>\u00abfaltan insumos, no se est\u00e1n instalando cat\u00e9ter, no se pueden hacer las quimioterapias, y eso es vital para las personas. Al no existir instalaci\u00f3n de cat\u00e9ter, no se pueden realizar las quimioterapias; entonces, muchas personas de toda la regi\u00f3n de Valpara\u00edso, est\u00e1n quedando sin medicamento y sin terapia\u00bb.<\/em><\/p>\n<p>Asimismo, la directora ejecutiva de la corporaci\u00f3n \u2018Valientes\u2019 expres\u00f3 que <em>\u00abyo tambi\u00e9n soy paciente, yo me fui a poner unos medicamentos el mi\u00e9rcoles y tuve suerte de poder acceder a ellos, porque si hubiese sido hoy (viernes), no podr\u00eda hacerlo, porque yo tambi\u00e9n me atiendo en el Van Buren\u00bb,<\/em> cerr\u00f3.<\/p>\n<figure id=\"attachment_132347\" aria-describedby=\"caption-attachment-132347\" style=\"width: 700px\" class=\"wp-caption alignnone\"><img loading=\"lazy\" decoding=\"async\" class=\"size-full wp-image-132347\" src=\"https:\/\/eltrabajo.cl\/web\/wp-content\/uploads\/2024\/09\/quimioterapias-hospital-van-buren.jpg\" alt=\"Preocupaci\u00f3n en Aconcagua por suspensi\u00f3n de procedimientos en el Hospital Carlos Van Buren.\" width=\"700\" height=\"455\" srcset=\"https:\/\/eltrabajo.cl\/web\/wp-content\/uploads\/2024\/09\/quimioterapias-hospital-van-buren.jpg 700w, https:\/\/eltrabajo.cl\/web\/wp-content\/uploads\/2024\/09\/quimioterapias-hospital-van-buren-300x195.jpg 300w, https:\/\/eltrabajo.cl\/web\/wp-content\/uploads\/2024\/09\/quimioterapias-hospital-van-buren-646x420.jpg 646w, https:\/\/eltrabajo.cl\/web\/wp-content\/uploads\/2024\/09\/quimioterapias-hospital-van-buren-150x98.jpg 150w, https:\/\/eltrabajo.cl\/web\/wp-content\/uploads\/2024\/09\/quimioterapias-hospital-van-buren-696x452.jpg 696w\" sizes=\"auto, (max-width: 700px) 100vw, 700px\" \/><figcaption id=\"caption-attachment-132347\" class=\"wp-caption-text\">Preocupaci\u00f3n en Aconcagua por suspensi\u00f3n de procedimientos en el Hospital Carlos Van Buren.<\/figcaption><\/figure>\n<figure id=\"attachment_132348\" aria-describedby=\"caption-attachment-132348\" style=\"width: 699px\" class=\"wp-caption alignnone\"><img loading=\"lazy\" decoding=\"async\" class=\"size-full wp-image-132348\" src=\"https:\/\/eltrabajo.cl\/web\/wp-content\/uploads\/2024\/09\/quimioterapias-Digna-Gonzalez.jpg\" alt=\"Digna Gonz\u00e1lez, directora ejecutiva corporaci\u00f3n \u2018Valientes\u2019 de c\u00e1ncer de mamas, metast\u00e1sico y ginecol\u00f3gico de la regi\u00f3n de Valpara\u00edso. \" width=\"699\" height=\"497\" srcset=\"https:\/\/eltrabajo.cl\/web\/wp-content\/uploads\/2024\/09\/quimioterapias-Digna-Gonzalez.jpg 699w, https:\/\/eltrabajo.cl\/web\/wp-content\/uploads\/2024\/09\/quimioterapias-Digna-Gonzalez-300x213.jpg 300w, https:\/\/eltrabajo.cl\/web\/wp-content\/uploads\/2024\/09\/quimioterapias-Digna-Gonzalez-591x420.jpg 591w, https:\/\/eltrabajo.cl\/web\/wp-content\/uploads\/2024\/09\/quimioterapias-Digna-Gonzalez-150x107.jpg 150w, https:\/\/eltrabajo.cl\/web\/wp-content\/uploads\/2024\/09\/quimioterapias-Digna-Gonzalez-696x495.jpg 696w, https:\/\/eltrabajo.cl\/web\/wp-content\/uploads\/2024\/09\/quimioterapias-Digna-Gonzalez-100x70.jpg 100w\" sizes=\"auto, (max-width: 699px) 100vw, 699px\" \/><figcaption id=\"caption-attachment-132348\" class=\"wp-caption-text\">Digna Gonz\u00e1lez, directora ejecutiva corporaci\u00f3n \u2018Valientes\u2019 de c\u00e1ncer de mamas, metast\u00e1sico y ginecol\u00f3gico de la regi\u00f3n de Valpara\u00edso.<\/figcaption><\/figure>\n","protected":false},"excerpt":{"rendered":"<p>El recinto es el \u00fanico a nivel regional que realiza estas prestaciones de salud.- Preocupaci\u00f3n existe en los pacientes oncol\u00f3gicos de Aconcagua por la informaci\u00f3n de suspensi\u00f3n de los procesos de quimioterapia en el Hospital Carlos Van Buren de Valpara\u00edso, \u00fanico recinto a nivel regional que realiza estas prestaciones de salud. La informaci\u00f3n fue dada [&hellip;]<\/p>\n","protected":false},"author":1,"featured_media":132347,"comment_status":"open","ping_status":"closed","sticky":false,"template":"","format":"standard","meta":{"footnotes":""},"categories":[3],"tags":[],"class_list":{"0":"post-132346","1":"post","2":"type-post","3":"status-publish","4":"format-standard","5":"has-post-thumbnail","7":"category-cronica-2"},"yoast_head":"<!-- This site is optimized with the Yoast SEO plugin v27.4 - https:\/\/yoast.com\/product\/yoast-seo-wordpress\/ -->\n<title>Preocupa suspensi\u00f3n de quimioterapias en Hospital Van Buren de Valpara\u00edso - Diario El Trabajo<\/title>\n<meta name=\"robots\" content=\"index, follow, max-snippet:-1, max-image-preview:large, max-video-preview:-1\" \/>\n<link rel=\"canonical\" href=\"https:\/\/eltrabajo.cl\/web\/preocupa-suspension-de-quimioterapias-en-hospital-van-buren-de-valparaiso\/\" \/>\n<meta property=\"og:locale\" content=\"es_ES\" \/>\n<meta property=\"og:type\" content=\"article\" \/>\n<meta property=\"og:title\" content=\"Preocupa suspensi\u00f3n de quimioterapias en Hospital Van Buren de Valpara\u00edso - Diario El Trabajo\" \/>\n<meta property=\"og:description\" content=\"El recinto es el \u00fanico a nivel regional que realiza estas prestaciones de salud.- Preocupaci\u00f3n existe en los pacientes oncol\u00f3gicos de Aconcagua por la informaci\u00f3n de suspensi\u00f3n de los procesos de quimioterapia en el Hospital Carlos Van Buren de Valpara\u00edso, \u00fanico recinto a nivel regional que realiza estas prestaciones de salud. La informaci\u00f3n fue dada [&hellip;]\" \/>\n<meta property=\"og:url\" content=\"https:\/\/eltrabajo.cl\/web\/preocupa-suspension-de-quimioterapias-en-hospital-van-buren-de-valparaiso\/\" \/>\n<meta property=\"og:site_name\" content=\"Diario El Trabajo\" \/>\n<meta property=\"article:publisher\" content=\"https:\/\/www.facebook.com\/ElTrabajoDiario\" \/>\n<meta property=\"article:published_time\" content=\"2024-09-30T01:00:23+00:00\" \/>\n<meta property=\"article:modified_time\" content=\"2024-09-30T01:03:07+00:00\" \/>\n<meta property=\"og:image\" content=\"https:\/\/eltrabajo.cl\/web\/wp-content\/uploads\/2024\/09\/quimioterapias-hospital-van-buren.jpg\" \/>\n\t<meta property=\"og:image:width\" content=\"700\" \/>\n\t<meta property=\"og:image:height\" content=\"455\" \/>\n\t<meta property=\"og:image:type\" content=\"image\/jpeg\" \/>\n<meta name=\"author\" content=\"Diario El Trabajo\" \/>\n<meta name=\"twitter:card\" content=\"summary_large_image\" \/>\n<meta name=\"twitter:creator\" content=\"@diarioeltrabajo\" \/>\n<meta name=\"twitter:site\" content=\"@diarioeltrabajo\" \/>\n<meta name=\"twitter:label1\" content=\"Escrito por\" \/>\n\t<meta name=\"twitter:data1\" content=\"Diario El Trabajo\" \/>\n\t<meta name=\"twitter:label2\" content=\"Tiempo estimado de lectura\" \/>\n\t<meta name=\"twitter:data2\" content=\"3 minutos\" \/>\n<script type=\"application\/ld+json\" class=\"yoast-schema-graph\">{\"@context\":\"https:\\\/\\\/schema.org\",\"@graph\":[{\"@type\":\"Article\",\"@id\":\"https:\\\/\\\/eltrabajo.cl\\\/web\\\/preocupa-suspension-de-quimioterapias-en-hospital-van-buren-de-valparaiso\\\/#article\",\"isPartOf\":{\"@id\":\"https:\\\/\\\/eltrabajo.cl\\\/web\\\/preocupa-suspension-de-quimioterapias-en-hospital-van-buren-de-valparaiso\\\/\"},\"author\":{\"name\":\"Diario El Trabajo\",\"@id\":\"https:\\\/\\\/eltrabajo.cl\\\/web\\\/#\\\/schema\\\/person\\\/45efd3d17f86ec456e44dd7debe1bf19\"},\"headline\":\"Preocupa suspensi\u00f3n de quimioterapias en Hospital Van Buren de Valpara\u00edso\",\"datePublished\":\"2024-09-30T01:00:23+00:00\",\"dateModified\":\"2024-09-30T01:03:07+00:00\",\"mainEntityOfPage\":{\"@id\":\"https:\\\/\\\/eltrabajo.cl\\\/web\\\/preocupa-suspension-de-quimioterapias-en-hospital-van-buren-de-valparaiso\\\/\"},\"wordCount\":569,\"commentCount\":0,\"publisher\":{\"@id\":\"https:\\\/\\\/eltrabajo.cl\\\/web\\\/#organization\"},\"image\":{\"@id\":\"https:\\\/\\\/eltrabajo.cl\\\/web\\\/preocupa-suspension-de-quimioterapias-en-hospital-van-buren-de-valparaiso\\\/#primaryimage\"},\"thumbnailUrl\":\"https:\\\/\\\/eltrabajo.cl\\\/web\\\/wp-content\\\/uploads\\\/2024\\\/09\\\/quimioterapias-hospital-van-buren.jpg\",\"articleSection\":[\"Cr\u00f3nica\"],\"inLanguage\":\"es-CL\",\"potentialAction\":[{\"@type\":\"CommentAction\",\"name\":\"Comment\",\"target\":[\"https:\\\/\\\/eltrabajo.cl\\\/web\\\/preocupa-suspension-de-quimioterapias-en-hospital-van-buren-de-valparaiso\\\/#respond\"]}]},{\"@type\":\"WebPage\",\"@id\":\"https:\\\/\\\/eltrabajo.cl\\\/web\\\/preocupa-suspension-de-quimioterapias-en-hospital-van-buren-de-valparaiso\\\/\",\"url\":\"https:\\\/\\\/eltrabajo.cl\\\/web\\\/preocupa-suspension-de-quimioterapias-en-hospital-van-buren-de-valparaiso\\\/\",\"name\":\"Preocupa suspensi\u00f3n de quimioterapias en Hospital Van Buren de Valpara\u00edso - Diario El Trabajo\",\"isPartOf\":{\"@id\":\"https:\\\/\\\/eltrabajo.cl\\\/web\\\/#website\"},\"primaryImageOfPage\":{\"@id\":\"https:\\\/\\\/eltrabajo.cl\\\/web\\\/preocupa-suspension-de-quimioterapias-en-hospital-van-buren-de-valparaiso\\\/#primaryimage\"},\"image\":{\"@id\":\"https:\\\/\\\/eltrabajo.cl\\\/web\\\/preocupa-suspension-de-quimioterapias-en-hospital-van-buren-de-valparaiso\\\/#primaryimage\"},\"thumbnailUrl\":\"https:\\\/\\\/eltrabajo.cl\\\/web\\\/wp-content\\\/uploads\\\/2024\\\/09\\\/quimioterapias-hospital-van-buren.jpg\",\"datePublished\":\"2024-09-30T01:00:23+00:00\",\"dateModified\":\"2024-09-30T01:03:07+00:00\",\"breadcrumb\":{\"@id\":\"https:\\\/\\\/eltrabajo.cl\\\/web\\\/preocupa-suspension-de-quimioterapias-en-hospital-van-buren-de-valparaiso\\\/#breadcrumb\"},\"inLanguage\":\"es-CL\",\"potentialAction\":[{\"@type\":\"ReadAction\",\"target\":[\"https:\\\/\\\/eltrabajo.cl\\\/web\\\/preocupa-suspension-de-quimioterapias-en-hospital-van-buren-de-valparaiso\\\/\"]}]},{\"@type\":\"ImageObject\",\"inLanguage\":\"es-CL\",\"@id\":\"https:\\\/\\\/eltrabajo.cl\\\/web\\\/preocupa-suspension-de-quimioterapias-en-hospital-van-buren-de-valparaiso\\\/#primaryimage\",\"url\":\"https:\\\/\\\/eltrabajo.cl\\\/web\\\/wp-content\\\/uploads\\\/2024\\\/09\\\/quimioterapias-hospital-van-buren.jpg\",\"contentUrl\":\"https:\\\/\\\/eltrabajo.cl\\\/web\\\/wp-content\\\/uploads\\\/2024\\\/09\\\/quimioterapias-hospital-van-buren.jpg\",\"width\":700,\"height\":455,\"caption\":\"Preocupaci\u00f3n en Aconcagua por suspensi\u00f3n de procedimientos en el Hospital Carlos Van Buren.\"},{\"@type\":\"BreadcrumbList\",\"@id\":\"https:\\\/\\\/eltrabajo.cl\\\/web\\\/preocupa-suspension-de-quimioterapias-en-hospital-van-buren-de-valparaiso\\\/#breadcrumb\",\"itemListElement\":[{\"@type\":\"ListItem\",\"position\":1,\"name\":\"Portada\",\"item\":\"https:\\\/\\\/eltrabajo.cl\\\/web\\\/\"},{\"@type\":\"ListItem\",\"position\":2,\"name\":\"Preocupa suspensi\u00f3n de quimioterapias en Hospital Van Buren de Valpara\u00edso\"}]},{\"@type\":\"WebSite\",\"@id\":\"https:\\\/\\\/eltrabajo.cl\\\/web\\\/#website\",\"url\":\"https:\\\/\\\/eltrabajo.cl\\\/web\\\/\",\"name\":\"Diario El Trabajo\",\"description\":\"Desde 1929 construyendo Identidad Local\",\"publisher\":{\"@id\":\"https:\\\/\\\/eltrabajo.cl\\\/web\\\/#organization\"},\"potentialAction\":[{\"@type\":\"SearchAction\",\"target\":{\"@type\":\"EntryPoint\",\"urlTemplate\":\"https:\\\/\\\/eltrabajo.cl\\\/web\\\/?s={search_term_string}\"},\"query-input\":{\"@type\":\"PropertyValueSpecification\",\"valueRequired\":true,\"valueName\":\"search_term_string\"}}],\"inLanguage\":\"es-CL\"},{\"@type\":\"Organization\",\"@id\":\"https:\\\/\\\/eltrabajo.cl\\\/web\\\/#organization\",\"name\":\"Diario El Trabajo\",\"url\":\"https:\\\/\\\/eltrabajo.cl\\\/web\\\/\",\"logo\":{\"@type\":\"ImageObject\",\"inLanguage\":\"es-CL\",\"@id\":\"https:\\\/\\\/eltrabajo.cl\\\/web\\\/#\\\/schema\\\/logo\\\/image\\\/\",\"url\":\"https:\\\/\\\/eltrabajo.cl\\\/web\\\/wp-content\\\/uploads\\\/2024\\\/06\\\/profile-image-ig-page-diarioeltrabajo.jpg\",\"contentUrl\":\"https:\\\/\\\/eltrabajo.cl\\\/web\\\/wp-content\\\/uploads\\\/2024\\\/06\\\/profile-image-ig-page-diarioeltrabajo.jpg\",\"width\":823,\"height\":823,\"caption\":\"Diario El Trabajo\"},\"image\":{\"@id\":\"https:\\\/\\\/eltrabajo.cl\\\/web\\\/#\\\/schema\\\/logo\\\/image\\\/\"},\"sameAs\":[\"https:\\\/\\\/www.facebook.com\\\/ElTrabajoDiario\",\"https:\\\/\\\/x.com\\\/diarioeltrabajo\"]},{\"@type\":\"Person\",\"@id\":\"https:\\\/\\\/eltrabajo.cl\\\/web\\\/#\\\/schema\\\/person\\\/45efd3d17f86ec456e44dd7debe1bf19\",\"name\":\"Diario El Trabajo\",\"image\":{\"@type\":\"ImageObject\",\"inLanguage\":\"es-CL\",\"@id\":\"https:\\\/\\\/secure.gravatar.com\\\/avatar\\\/7e6ec277dc4aea2677c2dc301d4227957219329c985ab69a3efc12518b5161aa?s=96&d=mm&r=g\",\"url\":\"https:\\\/\\\/secure.gravatar.com\\\/avatar\\\/7e6ec277dc4aea2677c2dc301d4227957219329c985ab69a3efc12518b5161aa?s=96&d=mm&r=g\",\"contentUrl\":\"https:\\\/\\\/secure.gravatar.com\\\/avatar\\\/7e6ec277dc4aea2677c2dc301d4227957219329c985ab69a3efc12518b5161aa?s=96&d=mm&r=g\",\"caption\":\"Diario El Trabajo\"},\"sameAs\":[\"https:\\\/\\\/eltrabajo.cl\\\/web\"],\"url\":\"https:\\\/\\\/eltrabajo.cl\\\/web\\\/author\\\/diario-el-trabajo\\\/\"}]}<\/script>\n<!-- \/ Yoast SEO plugin. -->","yoast_head_json":{"title":"Preocupa suspensi\u00f3n de quimioterapias en Hospital Van Buren de Valpara\u00edso - Diario El Trabajo","robots":{"index":"index","follow":"follow","max-snippet":"max-snippet:-1","max-image-preview":"max-image-preview:large","max-video-preview":"max-video-preview:-1"},"canonical":"https:\/\/eltrabajo.cl\/web\/preocupa-suspension-de-quimioterapias-en-hospital-van-buren-de-valparaiso\/","og_locale":"es_ES","og_type":"article","og_title":"Preocupa suspensi\u00f3n de quimioterapias en Hospital Van Buren de Valpara\u00edso - Diario El Trabajo","og_description":"El recinto es el \u00fanico a nivel regional que realiza estas prestaciones de salud.- Preocupaci\u00f3n existe en los pacientes oncol\u00f3gicos de Aconcagua por la informaci\u00f3n de suspensi\u00f3n de los procesos de quimioterapia en el Hospital Carlos Van Buren de Valpara\u00edso, \u00fanico recinto a nivel regional que realiza estas prestaciones de salud. La informaci\u00f3n fue dada [&hellip;]","og_url":"https:\/\/eltrabajo.cl\/web\/preocupa-suspension-de-quimioterapias-en-hospital-van-buren-de-valparaiso\/","og_site_name":"Diario El Trabajo","article_publisher":"https:\/\/www.facebook.com\/ElTrabajoDiario","article_published_time":"2024-09-30T01:00:23+00:00","article_modified_time":"2024-09-30T01:03:07+00:00","og_image":[{"width":700,"height":455,"url":"https:\/\/eltrabajo.cl\/web\/wp-content\/uploads\/2024\/09\/quimioterapias-hospital-van-buren.jpg","type":"image\/jpeg"}],"author":"Diario El Trabajo","twitter_card":"summary_large_image","twitter_creator":"@diarioeltrabajo","twitter_site":"@diarioeltrabajo","twitter_misc":{"Escrito por":"Diario El Trabajo","Tiempo estimado de lectura":"3 minutos"},"schema":{"@context":"https:\/\/schema.org","@graph":[{"@type":"Article","@id":"https:\/\/eltrabajo.cl\/web\/preocupa-suspension-de-quimioterapias-en-hospital-van-buren-de-valparaiso\/#article","isPartOf":{"@id":"https:\/\/eltrabajo.cl\/web\/preocupa-suspension-de-quimioterapias-en-hospital-van-buren-de-valparaiso\/"},"author":{"name":"Diario El Trabajo","@id":"https:\/\/eltrabajo.cl\/web\/#\/schema\/person\/45efd3d17f86ec456e44dd7debe1bf19"},"headline":"Preocupa suspensi\u00f3n de quimioterapias en Hospital Van Buren de Valpara\u00edso","datePublished":"2024-09-30T01:00:23+00:00","dateModified":"2024-09-30T01:03:07+00:00","mainEntityOfPage":{"@id":"https:\/\/eltrabajo.cl\/web\/preocupa-suspension-de-quimioterapias-en-hospital-van-buren-de-valparaiso\/"},"wordCount":569,"commentCount":0,"publisher":{"@id":"https:\/\/eltrabajo.cl\/web\/#organization"},"image":{"@id":"https:\/\/eltrabajo.cl\/web\/preocupa-suspension-de-quimioterapias-en-hospital-van-buren-de-valparaiso\/#primaryimage"},"thumbnailUrl":"https:\/\/eltrabajo.cl\/web\/wp-content\/uploads\/2024\/09\/quimioterapias-hospital-van-buren.jpg","articleSection":["Cr\u00f3nica"],"inLanguage":"es-CL","potentialAction":[{"@type":"CommentAction","name":"Comment","target":["https:\/\/eltrabajo.cl\/web\/preocupa-suspension-de-quimioterapias-en-hospital-van-buren-de-valparaiso\/#respond"]}]},{"@type":"WebPage","@id":"https:\/\/eltrabajo.cl\/web\/preocupa-suspension-de-quimioterapias-en-hospital-van-buren-de-valparaiso\/","url":"https:\/\/eltrabajo.cl\/web\/preocupa-suspension-de-quimioterapias-en-hospital-van-buren-de-valparaiso\/","name":"Preocupa suspensi\u00f3n de quimioterapias en Hospital Van Buren de Valpara\u00edso - Diario El Trabajo","isPartOf":{"@id":"https:\/\/eltrabajo.cl\/web\/#website"},"primaryImageOfPage":{"@id":"https:\/\/eltrabajo.cl\/web\/preocupa-suspension-de-quimioterapias-en-hospital-van-buren-de-valparaiso\/#primaryimage"},"image":{"@id":"https:\/\/eltrabajo.cl\/web\/preocupa-suspension-de-quimioterapias-en-hospital-van-buren-de-valparaiso\/#primaryimage"},"thumbnailUrl":"https:\/\/eltrabajo.cl\/web\/wp-content\/uploads\/2024\/09\/quimioterapias-hospital-van-buren.jpg","datePublished":"2024-09-30T01:00:23+00:00","dateModified":"2024-09-30T01:03:07+00:00","breadcrumb":{"@id":"https:\/\/eltrabajo.cl\/web\/preocupa-suspension-de-quimioterapias-en-hospital-van-buren-de-valparaiso\/#breadcrumb"},"inLanguage":"es-CL","potentialAction":[{"@type":"ReadAction","target":["https:\/\/eltrabajo.cl\/web\/preocupa-suspension-de-quimioterapias-en-hospital-van-buren-de-valparaiso\/"]}]},{"@type":"ImageObject","inLanguage":"es-CL","@id":"https:\/\/eltrabajo.cl\/web\/preocupa-suspension-de-quimioterapias-en-hospital-van-buren-de-valparaiso\/#primaryimage","url":"https:\/\/eltrabajo.cl\/web\/wp-content\/uploads\/2024\/09\/quimioterapias-hospital-van-buren.jpg","contentUrl":"https:\/\/eltrabajo.cl\/web\/wp-content\/uploads\/2024\/09\/quimioterapias-hospital-van-buren.jpg","width":700,"height":455,"caption":"Preocupaci\u00f3n en Aconcagua por suspensi\u00f3n de procedimientos en el Hospital Carlos Van Buren."},{"@type":"BreadcrumbList","@id":"https:\/\/eltrabajo.cl\/web\/preocupa-suspension-de-quimioterapias-en-hospital-van-buren-de-valparaiso\/#breadcrumb","itemListElement":[{"@type":"ListItem","position":1,"name":"Portada","item":"https:\/\/eltrabajo.cl\/web\/"},{"@type":"ListItem","position":2,"name":"Preocupa suspensi\u00f3n de quimioterapias en Hospital Van Buren de Valpara\u00edso"}]},{"@type":"WebSite","@id":"https:\/\/eltrabajo.cl\/web\/#website","url":"https:\/\/eltrabajo.cl\/web\/","name":"Diario El Trabajo","description":"Desde 1929 construyendo Identidad Local","publisher":{"@id":"https:\/\/eltrabajo.cl\/web\/#organization"},"potentialAction":[{"@type":"SearchAction","target":{"@type":"EntryPoint","urlTemplate":"https:\/\/eltrabajo.cl\/web\/?s={search_term_string}"},"query-input":{"@type":"PropertyValueSpecification","valueRequired":true,"valueName":"search_term_string"}}],"inLanguage":"es-CL"},{"@type":"Organization","@id":"https:\/\/eltrabajo.cl\/web\/#organization","name":"Diario El Trabajo","url":"https:\/\/eltrabajo.cl\/web\/","logo":{"@type":"ImageObject","inLanguage":"es-CL","@id":"https:\/\/eltrabajo.cl\/web\/#\/schema\/logo\/image\/","url":"https:\/\/eltrabajo.cl\/web\/wp-content\/uploads\/2024\/06\/profile-image-ig-page-diarioeltrabajo.jpg","contentUrl":"https:\/\/eltrabajo.cl\/web\/wp-content\/uploads\/2024\/06\/profile-image-ig-page-diarioeltrabajo.jpg","width":823,"height":823,"caption":"Diario El Trabajo"},"image":{"@id":"https:\/\/eltrabajo.cl\/web\/#\/schema\/logo\/image\/"},"sameAs":["https:\/\/www.facebook.com\/ElTrabajoDiario","https:\/\/x.com\/diarioeltrabajo"]},{"@type":"Person","@id":"https:\/\/eltrabajo.cl\/web\/#\/schema\/person\/45efd3d17f86ec456e44dd7debe1bf19","name":"Diario El Trabajo","image":{"@type":"ImageObject","inLanguage":"es-CL","@id":"https:\/\/secure.gravatar.com\/avatar\/7e6ec277dc4aea2677c2dc301d4227957219329c985ab69a3efc12518b5161aa?s=96&d=mm&r=g","url":"https:\/\/secure.gravatar.com\/avatar\/7e6ec277dc4aea2677c2dc301d4227957219329c985ab69a3efc12518b5161aa?s=96&d=mm&r=g","contentUrl":"https:\/\/secure.gravatar.com\/avatar\/7e6ec277dc4aea2677c2dc301d4227957219329c985ab69a3efc12518b5161aa?s=96&d=mm&r=g","caption":"Diario El Trabajo"},"sameAs":["https:\/\/eltrabajo.cl\/web"],"url":"https:\/\/eltrabajo.cl\/web\/author\/diario-el-trabajo\/"}]}},"_links":{"self":[{"href":"https:\/\/eltrabajo.cl\/web\/wp-json\/wp\/v2\/posts\/132346","targetHints":{"allow":["GET"]}}],"collection":[{"href":"https:\/\/eltrabajo.cl\/web\/wp-json\/wp\/v2\/posts"}],"about":[{"href":"https:\/\/eltrabajo.cl\/web\/wp-json\/wp\/v2\/types\/post"}],"author":[{"embeddable":true,"href":"https:\/\/eltrabajo.cl\/web\/wp-json\/wp\/v2\/users\/1"}],"replies":[{"embeddable":true,"href":"https:\/\/eltrabajo.cl\/web\/wp-json\/wp\/v2\/comments?post=132346"}],"version-history":[{"count":1,"href":"https:\/\/eltrabajo.cl\/web\/wp-json\/wp\/v2\/posts\/132346\/revisions"}],"predecessor-version":[{"id":132349,"href":"https:\/\/eltrabajo.cl\/web\/wp-json\/wp\/v2\/posts\/132346\/revisions\/132349"}],"wp:featuredmedia":[{"embeddable":true,"href":"https:\/\/eltrabajo.cl\/web\/wp-json\/wp\/v2\/media\/132347"}],"wp:attachment":[{"href":"https:\/\/eltrabajo.cl\/web\/wp-json\/wp\/v2\/media?parent=132346"}],"wp:term":[{"taxonomy":"category","embeddable":true,"href":"https:\/\/eltrabajo.cl\/web\/wp-json\/wp\/v2\/categories?post=132346"},{"taxonomy":"post_tag","embeddable":true,"href":"https:\/\/eltrabajo.cl\/web\/wp-json\/wp\/v2\/tags?post=132346"}],"curies":[{"name":"wp","href":"https:\/\/api.w.org\/{rel}","templated":true}]}}