{"id":132454,"date":"2024-10-03T21:50:19","date_gmt":"2024-10-04T00:50:19","guid":{"rendered":"https:\/\/eltrabajo.cl\/web\/?p=132454"},"modified":"2024-10-03T22:52:53","modified_gmt":"2024-10-04T01:52:53","slug":"cuarta-fecha-de-liga-de-patinaje-artistico-este-sabado-y-domingo-en-san-felipe","status":"publish","type":"post","link":"https:\/\/eltrabajo.cl\/web\/cuarta-fecha-de-liga-de-patinaje-artistico-este-sabado-y-domingo-en-san-felipe\/","title":{"rendered":"Cuarta fecha de liga de patinaje art\u00edstico este s\u00e1bado y domingo en San Felipe"},"content":{"rendered":"<ul>\n<li><strong>La Academia R-nacer ser\u00e1 la anfitriona de este evento deportivo de ambos d\u00edas.-<\/strong><\/li>\n<\/ul>\n<p>Durante este s\u00e1bado y domingo llegar\u00e1 hasta San Felipe la cuarta fecha de la <strong>\u2018Liga Liforpa\u2019<\/strong> de patinaje art\u00edstico, y tendr\u00e1 al club <strong>\u2018R-nacer\u2019<\/strong> de nuestra comuna como anfitri\u00f3n. La actividad se desarrollar\u00e1 en todas sus categor\u00edas en el Liceo Bicentenario Industrial \u2018Guillermo Richard Cuevas\u2019, en horarios de 10:30 a 19:00 horas y la entrada tiene un valor de $2.000.<\/p>\n<p>Este evento de patinaje art\u00edstico correspondiente a esta liga escolar, tendr\u00e1 a 20 clubes de distintas partes de nuestro pa\u00eds compitiendo durante este fin de semana. Desde la academia sanfelipe\u00f1a extienden la invitaci\u00f3n a toda la comunidad para este 5 y 6 de octubre, donde adem\u00e1s de la escena deportiva, podr\u00e1n disfrutar de diferentes stands de comidas.<\/p>\n<p><strong>Mar\u00eda Teresa Zarzar<\/strong>, entrenadora de la Academia de Patinaje Art\u00edstico \u2018R-nacer\u2019 de San Felipe, entreg\u00f3 los detalles de esta fecha. <em>\u00abNosotros pertenecemos a una liga escolar que se llama Liforpa y la cuarta fecha del ranking es este fin de semana, y R-nacer es el due\u00f1o de casa. Nosotros normalmente entrenamos en el colegio Industrial y ah\u00ed se va a llevar a cabo el campeonato. Vienen 19 clubes de diferentes partes de Chile, viene gente de Los Andes, de Putaendo, LlayLlay, Catemu, San Felipe y tenemos clubes que vienen desde Santiago, Pudahuel, La Reina, La Cisterna, Maip\u00fa, Talagante, Curacav\u00ed. <\/em><\/p>\n<p>\u00ab<em>Va a ser bien bonito, porque la liga donde nosotros estamos compitiendo tiene muy buen nivel t\u00e9cnico y la mayor\u00eda de los clubes que estamos participando ac\u00e1 tambi\u00e9n, competimos en la Federaci\u00f3n Chilena. Para nosotros nos sirve de preparaci\u00f3n para el ranking de la Federaci\u00f3n, que para este otro fin de semana es en Coquimbo y los clubes que son de Santiago, de la zona metropolitana, es el 11 y 12 de noviembre en Santiago\u00bb<\/em>, se\u00f1al\u00f3 Zarzar.<\/p>\n<p>Finalmente, invit\u00f3 a la comunidad sanfelipe\u00f1a y de alrededores a apoyar a la academia en esta fecha donde son locales. <em>\u00abVa a ser s\u00e1bado y domingo a las 10:30 de la ma\u00f1ana y termina m\u00e1s menos alrededor de las 18:00, 19:00 horas los dos d\u00edas. El valor de la entrada es de $2.000 y es muy agradable el lugar, porque el patio de la Industrial es muy bonito, tiene pastito, hay mesitas de camping, est\u00e1 muy bonito como para que la familia que quiera ver algo diferente a lo que ve siempre, como el f\u00fatbol o las actividades que recurrentemente se ven en el valle. Invitarlos que nos vayan a ver, que vayan a apoyarnos y ah\u00ed mismo va a haber stands de comida, venta de maquillaje, de cosita a los chicos y chicas de ac\u00e1 de la zona les puede interesar\u00bb<\/em>, cerr\u00f3 la entrenadora.<\/p>\n<figure id=\"attachment_132455\" aria-describedby=\"caption-attachment-132455\" style=\"width: 698px\" class=\"wp-caption alignnone\"><img loading=\"lazy\" decoding=\"async\" class=\"size-full wp-image-132455\" src=\"https:\/\/eltrabajo.cl\/web\/wp-content\/uploads\/2024\/10\/rnacer.jpg\" alt=\"Academia de Patinaje Art\u00edstico R-nacer de San Felipe, ser\u00e1 la anfitriona de la cuarta fecha de la Liga Liforpa, que se realizar\u00e1 este s\u00e1bado y domingo en el Liceo Industrial.\" width=\"698\" height=\"347\" srcset=\"https:\/\/eltrabajo.cl\/web\/wp-content\/uploads\/2024\/10\/rnacer.jpg 698w, https:\/\/eltrabajo.cl\/web\/wp-content\/uploads\/2024\/10\/rnacer-300x149.jpg 300w, https:\/\/eltrabajo.cl\/web\/wp-content\/uploads\/2024\/10\/rnacer-150x75.jpg 150w, https:\/\/eltrabajo.cl\/web\/wp-content\/uploads\/2024\/10\/rnacer-696x347.jpg 696w, https:\/\/eltrabajo.cl\/web\/wp-content\/uploads\/2024\/10\/rnacer-324x160.jpg 324w\" sizes=\"auto, (max-width: 698px) 100vw, 698px\" \/><figcaption id=\"caption-attachment-132455\" class=\"wp-caption-text\">Academia de Patinaje Art\u00edstico R-nacer de San Felipe, ser\u00e1 la anfitriona de la cuarta fecha de la Liga Liforpa, que se realizar\u00e1 este s\u00e1bado y domingo en el Liceo Industrial.<\/figcaption><\/figure>\n","protected":false},"excerpt":{"rendered":"<p>La Academia R-nacer ser\u00e1 la anfitriona de este evento deportivo de ambos d\u00edas.- Durante este s\u00e1bado y domingo llegar\u00e1 hasta San Felipe la cuarta fecha de la \u2018Liga Liforpa\u2019 de patinaje art\u00edstico, y tendr\u00e1 al club \u2018R-nacer\u2019 de nuestra comuna como anfitri\u00f3n. La actividad se desarrollar\u00e1 en todas sus categor\u00edas en el Liceo Bicentenario Industrial [&hellip;]<\/p>\n","protected":false},"author":1,"featured_media":132455,"comment_status":"open","ping_status":"closed","sticky":false,"template":"","format":"standard","meta":{"footnotes":""},"categories":[4],"tags":[],"class_list":{"0":"post-132454","1":"post","2":"type-post","3":"status-publish","4":"format-standard","5":"has-post-thumbnail","7":"category-comunidad"},"yoast_head":"<!-- This site is optimized with the Yoast SEO plugin v27.4 - https:\/\/yoast.com\/product\/yoast-seo-wordpress\/ -->\n<title>Cuarta fecha de liga de patinaje art\u00edstico este s\u00e1bado y domingo en San Felipe - Diario El Trabajo<\/title>\n<meta name=\"robots\" content=\"index, follow, max-snippet:-1, max-image-preview:large, max-video-preview:-1\" \/>\n<link rel=\"canonical\" href=\"https:\/\/eltrabajo.cl\/web\/cuarta-fecha-de-liga-de-patinaje-artistico-este-sabado-y-domingo-en-san-felipe\/\" \/>\n<meta property=\"og:locale\" content=\"es_ES\" \/>\n<meta property=\"og:type\" content=\"article\" \/>\n<meta property=\"og:title\" content=\"Cuarta fecha de liga de patinaje art\u00edstico este s\u00e1bado y domingo en San Felipe - Diario El Trabajo\" \/>\n<meta property=\"og:description\" content=\"La Academia R-nacer ser\u00e1 la anfitriona de este evento deportivo de ambos d\u00edas.- Durante este s\u00e1bado y domingo llegar\u00e1 hasta San Felipe la cuarta fecha de la \u2018Liga Liforpa\u2019 de patinaje art\u00edstico, y tendr\u00e1 al club \u2018R-nacer\u2019 de nuestra comuna como anfitri\u00f3n. La actividad se desarrollar\u00e1 en todas sus categor\u00edas en el Liceo Bicentenario Industrial [&hellip;]\" \/>\n<meta property=\"og:url\" content=\"https:\/\/eltrabajo.cl\/web\/cuarta-fecha-de-liga-de-patinaje-artistico-este-sabado-y-domingo-en-san-felipe\/\" \/>\n<meta property=\"og:site_name\" content=\"Diario El Trabajo\" \/>\n<meta property=\"article:publisher\" content=\"https:\/\/www.facebook.com\/ElTrabajoDiario\" \/>\n<meta property=\"article:published_time\" content=\"2024-10-04T00:50:19+00:00\" \/>\n<meta property=\"article:modified_time\" content=\"2024-10-04T01:52:53+00:00\" \/>\n<meta property=\"og:image\" content=\"https:\/\/eltrabajo.cl\/web\/wp-content\/uploads\/2024\/10\/rnacer.jpg\" \/>\n\t<meta property=\"og:image:width\" content=\"698\" \/>\n\t<meta property=\"og:image:height\" content=\"347\" \/>\n\t<meta property=\"og:image:type\" content=\"image\/jpeg\" \/>\n<meta name=\"author\" content=\"Diario El Trabajo\" \/>\n<meta name=\"twitter:card\" content=\"summary_large_image\" \/>\n<meta name=\"twitter:creator\" content=\"@diarioeltrabajo\" \/>\n<meta name=\"twitter:site\" content=\"@diarioeltrabajo\" \/>\n<meta name=\"twitter:label1\" content=\"Escrito por\" \/>\n\t<meta name=\"twitter:data1\" content=\"Diario El Trabajo\" \/>\n\t<meta name=\"twitter:label2\" content=\"Tiempo estimado de lectura\" \/>\n\t<meta name=\"twitter:data2\" content=\"3 minutos\" \/>\n<script type=\"application\/ld+json\" class=\"yoast-schema-graph\">{\"@context\":\"https:\\\/\\\/schema.org\",\"@graph\":[{\"@type\":\"Article\",\"@id\":\"https:\\\/\\\/eltrabajo.cl\\\/web\\\/cuarta-fecha-de-liga-de-patinaje-artistico-este-sabado-y-domingo-en-san-felipe\\\/#article\",\"isPartOf\":{\"@id\":\"https:\\\/\\\/eltrabajo.cl\\\/web\\\/cuarta-fecha-de-liga-de-patinaje-artistico-este-sabado-y-domingo-en-san-felipe\\\/\"},\"author\":{\"name\":\"Diario El Trabajo\",\"@id\":\"https:\\\/\\\/eltrabajo.cl\\\/web\\\/#\\\/schema\\\/person\\\/45efd3d17f86ec456e44dd7debe1bf19\"},\"headline\":\"Cuarta fecha de liga de patinaje art\u00edstico este s\u00e1bado y domingo en San Felipe\",\"datePublished\":\"2024-10-04T00:50:19+00:00\",\"dateModified\":\"2024-10-04T01:52:53+00:00\",\"mainEntityOfPage\":{\"@id\":\"https:\\\/\\\/eltrabajo.cl\\\/web\\\/cuarta-fecha-de-liga-de-patinaje-artistico-este-sabado-y-domingo-en-san-felipe\\\/\"},\"wordCount\":521,\"commentCount\":0,\"publisher\":{\"@id\":\"https:\\\/\\\/eltrabajo.cl\\\/web\\\/#organization\"},\"image\":{\"@id\":\"https:\\\/\\\/eltrabajo.cl\\\/web\\\/cuarta-fecha-de-liga-de-patinaje-artistico-este-sabado-y-domingo-en-san-felipe\\\/#primaryimage\"},\"thumbnailUrl\":\"https:\\\/\\\/eltrabajo.cl\\\/web\\\/wp-content\\\/uploads\\\/2024\\\/10\\\/rnacer.jpg\",\"articleSection\":[\"Comunidad\"],\"inLanguage\":\"es-CL\",\"potentialAction\":[{\"@type\":\"CommentAction\",\"name\":\"Comment\",\"target\":[\"https:\\\/\\\/eltrabajo.cl\\\/web\\\/cuarta-fecha-de-liga-de-patinaje-artistico-este-sabado-y-domingo-en-san-felipe\\\/#respond\"]}]},{\"@type\":\"WebPage\",\"@id\":\"https:\\\/\\\/eltrabajo.cl\\\/web\\\/cuarta-fecha-de-liga-de-patinaje-artistico-este-sabado-y-domingo-en-san-felipe\\\/\",\"url\":\"https:\\\/\\\/eltrabajo.cl\\\/web\\\/cuarta-fecha-de-liga-de-patinaje-artistico-este-sabado-y-domingo-en-san-felipe\\\/\",\"name\":\"Cuarta fecha de liga de patinaje art\u00edstico este s\u00e1bado y domingo en San Felipe - Diario El Trabajo\",\"isPartOf\":{\"@id\":\"https:\\\/\\\/eltrabajo.cl\\\/web\\\/#website\"},\"primaryImageOfPage\":{\"@id\":\"https:\\\/\\\/eltrabajo.cl\\\/web\\\/cuarta-fecha-de-liga-de-patinaje-artistico-este-sabado-y-domingo-en-san-felipe\\\/#primaryimage\"},\"image\":{\"@id\":\"https:\\\/\\\/eltrabajo.cl\\\/web\\\/cuarta-fecha-de-liga-de-patinaje-artistico-este-sabado-y-domingo-en-san-felipe\\\/#primaryimage\"},\"thumbnailUrl\":\"https:\\\/\\\/eltrabajo.cl\\\/web\\\/wp-content\\\/uploads\\\/2024\\\/10\\\/rnacer.jpg\",\"datePublished\":\"2024-10-04T00:50:19+00:00\",\"dateModified\":\"2024-10-04T01:52:53+00:00\",\"breadcrumb\":{\"@id\":\"https:\\\/\\\/eltrabajo.cl\\\/web\\\/cuarta-fecha-de-liga-de-patinaje-artistico-este-sabado-y-domingo-en-san-felipe\\\/#breadcrumb\"},\"inLanguage\":\"es-CL\",\"potentialAction\":[{\"@type\":\"ReadAction\",\"target\":[\"https:\\\/\\\/eltrabajo.cl\\\/web\\\/cuarta-fecha-de-liga-de-patinaje-artistico-este-sabado-y-domingo-en-san-felipe\\\/\"]}]},{\"@type\":\"ImageObject\",\"inLanguage\":\"es-CL\",\"@id\":\"https:\\\/\\\/eltrabajo.cl\\\/web\\\/cuarta-fecha-de-liga-de-patinaje-artistico-este-sabado-y-domingo-en-san-felipe\\\/#primaryimage\",\"url\":\"https:\\\/\\\/eltrabajo.cl\\\/web\\\/wp-content\\\/uploads\\\/2024\\\/10\\\/rnacer.jpg\",\"contentUrl\":\"https:\\\/\\\/eltrabajo.cl\\\/web\\\/wp-content\\\/uploads\\\/2024\\\/10\\\/rnacer.jpg\",\"width\":698,\"height\":347,\"caption\":\"Academia de Patinaje Art\u00edstico R-nacer de San Felipe, ser\u00e1 la anfitriona de la cuarta fecha de la Liga Liforpa, que se realizar\u00e1 este s\u00e1bado y domingo en el Liceo Industrial.\"},{\"@type\":\"BreadcrumbList\",\"@id\":\"https:\\\/\\\/eltrabajo.cl\\\/web\\\/cuarta-fecha-de-liga-de-patinaje-artistico-este-sabado-y-domingo-en-san-felipe\\\/#breadcrumb\",\"itemListElement\":[{\"@type\":\"ListItem\",\"position\":1,\"name\":\"Portada\",\"item\":\"https:\\\/\\\/eltrabajo.cl\\\/web\\\/\"},{\"@type\":\"ListItem\",\"position\":2,\"name\":\"Cuarta fecha de liga de patinaje art\u00edstico este s\u00e1bado y domingo en San Felipe\"}]},{\"@type\":\"WebSite\",\"@id\":\"https:\\\/\\\/eltrabajo.cl\\\/web\\\/#website\",\"url\":\"https:\\\/\\\/eltrabajo.cl\\\/web\\\/\",\"name\":\"Diario El Trabajo\",\"description\":\"Desde 1929 construyendo Identidad Local\",\"publisher\":{\"@id\":\"https:\\\/\\\/eltrabajo.cl\\\/web\\\/#organization\"},\"potentialAction\":[{\"@type\":\"SearchAction\",\"target\":{\"@type\":\"EntryPoint\",\"urlTemplate\":\"https:\\\/\\\/eltrabajo.cl\\\/web\\\/?s={search_term_string}\"},\"query-input\":{\"@type\":\"PropertyValueSpecification\",\"valueRequired\":true,\"valueName\":\"search_term_string\"}}],\"inLanguage\":\"es-CL\"},{\"@type\":\"Organization\",\"@id\":\"https:\\\/\\\/eltrabajo.cl\\\/web\\\/#organization\",\"name\":\"Diario El Trabajo\",\"url\":\"https:\\\/\\\/eltrabajo.cl\\\/web\\\/\",\"logo\":{\"@type\":\"ImageObject\",\"inLanguage\":\"es-CL\",\"@id\":\"https:\\\/\\\/eltrabajo.cl\\\/web\\\/#\\\/schema\\\/logo\\\/image\\\/\",\"url\":\"https:\\\/\\\/eltrabajo.cl\\\/web\\\/wp-content\\\/uploads\\\/2024\\\/06\\\/profile-image-ig-page-diarioeltrabajo.jpg\",\"contentUrl\":\"https:\\\/\\\/eltrabajo.cl\\\/web\\\/wp-content\\\/uploads\\\/2024\\\/06\\\/profile-image-ig-page-diarioeltrabajo.jpg\",\"width\":823,\"height\":823,\"caption\":\"Diario El Trabajo\"},\"image\":{\"@id\":\"https:\\\/\\\/eltrabajo.cl\\\/web\\\/#\\\/schema\\\/logo\\\/image\\\/\"},\"sameAs\":[\"https:\\\/\\\/www.facebook.com\\\/ElTrabajoDiario\",\"https:\\\/\\\/x.com\\\/diarioeltrabajo\"]},{\"@type\":\"Person\",\"@id\":\"https:\\\/\\\/eltrabajo.cl\\\/web\\\/#\\\/schema\\\/person\\\/45efd3d17f86ec456e44dd7debe1bf19\",\"name\":\"Diario El Trabajo\",\"image\":{\"@type\":\"ImageObject\",\"inLanguage\":\"es-CL\",\"@id\":\"https:\\\/\\\/secure.gravatar.com\\\/avatar\\\/7e6ec277dc4aea2677c2dc301d4227957219329c985ab69a3efc12518b5161aa?s=96&d=mm&r=g\",\"url\":\"https:\\\/\\\/secure.gravatar.com\\\/avatar\\\/7e6ec277dc4aea2677c2dc301d4227957219329c985ab69a3efc12518b5161aa?s=96&d=mm&r=g\",\"contentUrl\":\"https:\\\/\\\/secure.gravatar.com\\\/avatar\\\/7e6ec277dc4aea2677c2dc301d4227957219329c985ab69a3efc12518b5161aa?s=96&d=mm&r=g\",\"caption\":\"Diario El Trabajo\"},\"sameAs\":[\"https:\\\/\\\/eltrabajo.cl\\\/web\"],\"url\":\"https:\\\/\\\/eltrabajo.cl\\\/web\\\/author\\\/diario-el-trabajo\\\/\"}]}<\/script>\n<!-- \/ Yoast SEO plugin. -->","yoast_head_json":{"title":"Cuarta fecha de liga de patinaje art\u00edstico este s\u00e1bado y domingo en San Felipe - Diario El Trabajo","robots":{"index":"index","follow":"follow","max-snippet":"max-snippet:-1","max-image-preview":"max-image-preview:large","max-video-preview":"max-video-preview:-1"},"canonical":"https:\/\/eltrabajo.cl\/web\/cuarta-fecha-de-liga-de-patinaje-artistico-este-sabado-y-domingo-en-san-felipe\/","og_locale":"es_ES","og_type":"article","og_title":"Cuarta fecha de liga de patinaje art\u00edstico este s\u00e1bado y domingo en San Felipe - Diario El Trabajo","og_description":"La Academia R-nacer ser\u00e1 la anfitriona de este evento deportivo de ambos d\u00edas.- Durante este s\u00e1bado y domingo llegar\u00e1 hasta San Felipe la cuarta fecha de la \u2018Liga Liforpa\u2019 de patinaje art\u00edstico, y tendr\u00e1 al club \u2018R-nacer\u2019 de nuestra comuna como anfitri\u00f3n. La actividad se desarrollar\u00e1 en todas sus categor\u00edas en el Liceo Bicentenario Industrial [&hellip;]","og_url":"https:\/\/eltrabajo.cl\/web\/cuarta-fecha-de-liga-de-patinaje-artistico-este-sabado-y-domingo-en-san-felipe\/","og_site_name":"Diario El Trabajo","article_publisher":"https:\/\/www.facebook.com\/ElTrabajoDiario","article_published_time":"2024-10-04T00:50:19+00:00","article_modified_time":"2024-10-04T01:52:53+00:00","og_image":[{"width":698,"height":347,"url":"https:\/\/eltrabajo.cl\/web\/wp-content\/uploads\/2024\/10\/rnacer.jpg","type":"image\/jpeg"}],"author":"Diario El Trabajo","twitter_card":"summary_large_image","twitter_creator":"@diarioeltrabajo","twitter_site":"@diarioeltrabajo","twitter_misc":{"Escrito por":"Diario El Trabajo","Tiempo estimado de lectura":"3 minutos"},"schema":{"@context":"https:\/\/schema.org","@graph":[{"@type":"Article","@id":"https:\/\/eltrabajo.cl\/web\/cuarta-fecha-de-liga-de-patinaje-artistico-este-sabado-y-domingo-en-san-felipe\/#article","isPartOf":{"@id":"https:\/\/eltrabajo.cl\/web\/cuarta-fecha-de-liga-de-patinaje-artistico-este-sabado-y-domingo-en-san-felipe\/"},"author":{"name":"Diario El Trabajo","@id":"https:\/\/eltrabajo.cl\/web\/#\/schema\/person\/45efd3d17f86ec456e44dd7debe1bf19"},"headline":"Cuarta fecha de liga de patinaje art\u00edstico este s\u00e1bado y domingo en San Felipe","datePublished":"2024-10-04T00:50:19+00:00","dateModified":"2024-10-04T01:52:53+00:00","mainEntityOfPage":{"@id":"https:\/\/eltrabajo.cl\/web\/cuarta-fecha-de-liga-de-patinaje-artistico-este-sabado-y-domingo-en-san-felipe\/"},"wordCount":521,"commentCount":0,"publisher":{"@id":"https:\/\/eltrabajo.cl\/web\/#organization"},"image":{"@id":"https:\/\/eltrabajo.cl\/web\/cuarta-fecha-de-liga-de-patinaje-artistico-este-sabado-y-domingo-en-san-felipe\/#primaryimage"},"thumbnailUrl":"https:\/\/eltrabajo.cl\/web\/wp-content\/uploads\/2024\/10\/rnacer.jpg","articleSection":["Comunidad"],"inLanguage":"es-CL","potentialAction":[{"@type":"CommentAction","name":"Comment","target":["https:\/\/eltrabajo.cl\/web\/cuarta-fecha-de-liga-de-patinaje-artistico-este-sabado-y-domingo-en-san-felipe\/#respond"]}]},{"@type":"WebPage","@id":"https:\/\/eltrabajo.cl\/web\/cuarta-fecha-de-liga-de-patinaje-artistico-este-sabado-y-domingo-en-san-felipe\/","url":"https:\/\/eltrabajo.cl\/web\/cuarta-fecha-de-liga-de-patinaje-artistico-este-sabado-y-domingo-en-san-felipe\/","name":"Cuarta fecha de liga de patinaje art\u00edstico este s\u00e1bado y domingo en San Felipe - Diario El Trabajo","isPartOf":{"@id":"https:\/\/eltrabajo.cl\/web\/#website"},"primaryImageOfPage":{"@id":"https:\/\/eltrabajo.cl\/web\/cuarta-fecha-de-liga-de-patinaje-artistico-este-sabado-y-domingo-en-san-felipe\/#primaryimage"},"image":{"@id":"https:\/\/eltrabajo.cl\/web\/cuarta-fecha-de-liga-de-patinaje-artistico-este-sabado-y-domingo-en-san-felipe\/#primaryimage"},"thumbnailUrl":"https:\/\/eltrabajo.cl\/web\/wp-content\/uploads\/2024\/10\/rnacer.jpg","datePublished":"2024-10-04T00:50:19+00:00","dateModified":"2024-10-04T01:52:53+00:00","breadcrumb":{"@id":"https:\/\/eltrabajo.cl\/web\/cuarta-fecha-de-liga-de-patinaje-artistico-este-sabado-y-domingo-en-san-felipe\/#breadcrumb"},"inLanguage":"es-CL","potentialAction":[{"@type":"ReadAction","target":["https:\/\/eltrabajo.cl\/web\/cuarta-fecha-de-liga-de-patinaje-artistico-este-sabado-y-domingo-en-san-felipe\/"]}]},{"@type":"ImageObject","inLanguage":"es-CL","@id":"https:\/\/eltrabajo.cl\/web\/cuarta-fecha-de-liga-de-patinaje-artistico-este-sabado-y-domingo-en-san-felipe\/#primaryimage","url":"https:\/\/eltrabajo.cl\/web\/wp-content\/uploads\/2024\/10\/rnacer.jpg","contentUrl":"https:\/\/eltrabajo.cl\/web\/wp-content\/uploads\/2024\/10\/rnacer.jpg","width":698,"height":347,"caption":"Academia de Patinaje Art\u00edstico R-nacer de San Felipe, ser\u00e1 la anfitriona de la cuarta fecha de la Liga Liforpa, que se realizar\u00e1 este s\u00e1bado y domingo en el Liceo Industrial."},{"@type":"BreadcrumbList","@id":"https:\/\/eltrabajo.cl\/web\/cuarta-fecha-de-liga-de-patinaje-artistico-este-sabado-y-domingo-en-san-felipe\/#breadcrumb","itemListElement":[{"@type":"ListItem","position":1,"name":"Portada","item":"https:\/\/eltrabajo.cl\/web\/"},{"@type":"ListItem","position":2,"name":"Cuarta fecha de liga de patinaje art\u00edstico este s\u00e1bado y domingo en San Felipe"}]},{"@type":"WebSite","@id":"https:\/\/eltrabajo.cl\/web\/#website","url":"https:\/\/eltrabajo.cl\/web\/","name":"Diario El Trabajo","description":"Desde 1929 construyendo Identidad Local","publisher":{"@id":"https:\/\/eltrabajo.cl\/web\/#organization"},"potentialAction":[{"@type":"SearchAction","target":{"@type":"EntryPoint","urlTemplate":"https:\/\/eltrabajo.cl\/web\/?s={search_term_string}"},"query-input":{"@type":"PropertyValueSpecification","valueRequired":true,"valueName":"search_term_string"}}],"inLanguage":"es-CL"},{"@type":"Organization","@id":"https:\/\/eltrabajo.cl\/web\/#organization","name":"Diario El Trabajo","url":"https:\/\/eltrabajo.cl\/web\/","logo":{"@type":"ImageObject","inLanguage":"es-CL","@id":"https:\/\/eltrabajo.cl\/web\/#\/schema\/logo\/image\/","url":"https:\/\/eltrabajo.cl\/web\/wp-content\/uploads\/2024\/06\/profile-image-ig-page-diarioeltrabajo.jpg","contentUrl":"https:\/\/eltrabajo.cl\/web\/wp-content\/uploads\/2024\/06\/profile-image-ig-page-diarioeltrabajo.jpg","width":823,"height":823,"caption":"Diario El Trabajo"},"image":{"@id":"https:\/\/eltrabajo.cl\/web\/#\/schema\/logo\/image\/"},"sameAs":["https:\/\/www.facebook.com\/ElTrabajoDiario","https:\/\/x.com\/diarioeltrabajo"]},{"@type":"Person","@id":"https:\/\/eltrabajo.cl\/web\/#\/schema\/person\/45efd3d17f86ec456e44dd7debe1bf19","name":"Diario El Trabajo","image":{"@type":"ImageObject","inLanguage":"es-CL","@id":"https:\/\/secure.gravatar.com\/avatar\/7e6ec277dc4aea2677c2dc301d4227957219329c985ab69a3efc12518b5161aa?s=96&d=mm&r=g","url":"https:\/\/secure.gravatar.com\/avatar\/7e6ec277dc4aea2677c2dc301d4227957219329c985ab69a3efc12518b5161aa?s=96&d=mm&r=g","contentUrl":"https:\/\/secure.gravatar.com\/avatar\/7e6ec277dc4aea2677c2dc301d4227957219329c985ab69a3efc12518b5161aa?s=96&d=mm&r=g","caption":"Diario El Trabajo"},"sameAs":["https:\/\/eltrabajo.cl\/web"],"url":"https:\/\/eltrabajo.cl\/web\/author\/diario-el-trabajo\/"}]}},"_links":{"self":[{"href":"https:\/\/eltrabajo.cl\/web\/wp-json\/wp\/v2\/posts\/132454","targetHints":{"allow":["GET"]}}],"collection":[{"href":"https:\/\/eltrabajo.cl\/web\/wp-json\/wp\/v2\/posts"}],"about":[{"href":"https:\/\/eltrabajo.cl\/web\/wp-json\/wp\/v2\/types\/post"}],"author":[{"embeddable":true,"href":"https:\/\/eltrabajo.cl\/web\/wp-json\/wp\/v2\/users\/1"}],"replies":[{"embeddable":true,"href":"https:\/\/eltrabajo.cl\/web\/wp-json\/wp\/v2\/comments?post=132454"}],"version-history":[{"count":1,"href":"https:\/\/eltrabajo.cl\/web\/wp-json\/wp\/v2\/posts\/132454\/revisions"}],"predecessor-version":[{"id":132456,"href":"https:\/\/eltrabajo.cl\/web\/wp-json\/wp\/v2\/posts\/132454\/revisions\/132456"}],"wp:featuredmedia":[{"embeddable":true,"href":"https:\/\/eltrabajo.cl\/web\/wp-json\/wp\/v2\/media\/132455"}],"wp:attachment":[{"href":"https:\/\/eltrabajo.cl\/web\/wp-json\/wp\/v2\/media?parent=132454"}],"wp:term":[{"taxonomy":"category","embeddable":true,"href":"https:\/\/eltrabajo.cl\/web\/wp-json\/wp\/v2\/categories?post=132454"},{"taxonomy":"post_tag","embeddable":true,"href":"https:\/\/eltrabajo.cl\/web\/wp-json\/wp\/v2\/tags?post=132454"}],"curies":[{"name":"wp","href":"https:\/\/api.w.org\/{rel}","templated":true}]}}