{"id":132457,"date":"2024-10-03T21:55:50","date_gmt":"2024-10-04T00:55:50","guid":{"rendered":"https:\/\/eltrabajo.cl\/web\/?p=132457"},"modified":"2024-10-03T21:28:32","modified_gmt":"2024-10-04T00:28:32","slug":"sunnyland-school-organiza-actividad-familiar-para-la-observacion-del-eclipse-solar","status":"publish","type":"post","link":"https:\/\/eltrabajo.cl\/web\/sunnyland-school-organiza-actividad-familiar-para-la-observacion-del-eclipse-solar\/","title":{"rendered":"Sunnyland School organiza actividad familiar para la observaci\u00f3n del eclipse solar"},"content":{"rendered":"<p><span style=\"color: #ff0000;\"><strong>En el marco de la Semana de la Ciencia:<\/strong><\/span><\/p>\n<ul>\n<li><strong>Durante la actividad se entregaron 700 lentes certificados, distribuidos entre estudiantes, familiares, docentes y funcionarios.-<\/strong><\/li>\n<\/ul>\n<p>Este mi\u00e9rcoles 2 de octubre, el<strong> Colegio Sunnyland School<\/strong>, en el marco de la Semana de la Ciencia y del Festival de las Ciencias 2024 a nivel nacional, llev\u00f3 a cabo una actividad especial junto a toda su comunidad educativa para observar el eclipse solar.<\/p>\n<p>La actividad, denominada <strong>\u2018Aprendizaje Experiencial\u2019<\/strong>, comenz\u00f3 a las 16:30 horas y finaliz\u00f3 alrededor de las 17:30, coincidiendo con el final del eclipse parcial, que en algunos puntos como Rapa Nui alcanz\u00f3 una cobertura del 87%, apreci\u00e1ndose como un anillo de fuego debido a su naturaleza anular.<\/p>\n<p>Se repartieron un total de 700 lentes certificados entre los estudiantes de primero b\u00e1sico a cuarto medio, sus familias, docentes y funcionarios, quienes observaron el fen\u00f3meno astron\u00f3mico desde las canchas. En el caso de los alumnos de parvulario, los lentes fueron enviados a sus hogares.<\/p>\n<figure id=\"attachment_132461\" aria-describedby=\"caption-attachment-132461\" style=\"width: 150px\" class=\"wp-caption alignleft\"><img loading=\"lazy\" decoding=\"async\" class=\"wp-image-132461 size-thumbnail\" src=\"https:\/\/eltrabajo.cl\/web\/wp-content\/uploads\/2024\/10\/Eclipsesunnyland-4-150x150.jpg\" alt=\"Directora del Colegio Sunnyland School, Miriam Ram\u00edrez Baham\u00f3ndez.\" width=\"150\" height=\"150\" \/><figcaption id=\"caption-attachment-132461\" class=\"wp-caption-text\">Directora del Colegio Sunnyland School, Miriam Ram\u00edrez Baham\u00f3ndez.<\/figcaption><\/figure>\n<p><strong>Miriam Ram\u00edrez<\/strong>, directora del establecimiento, se\u00f1al\u00f3 que la iniciativa surgi\u00f3 del Centro de Padres y Apoderados, quienes, en conjunto con la administraci\u00f3n, llevaron a cabo la actividad. <em>\u00abSentimos que la propuesta de ellas estaba muy correlacionada con el objetivo que nosotros perseguimos como instituci\u00f3n. <\/em><\/p>\n<p>\u00ab<em>Nosotros queremos que el aprendizaje sea comunitario. Esta oportunidad no s\u00f3lo potenciaba el aprendizaje de nuestros estudiantes en el \u00e1rea cient\u00edfica, sino que adem\u00e1s nos permit\u00eda generar un espacio de convivencia familiar.<\/em><\/p>\n<p>\u00ab<em>La pr\u00f3xima semana vamos a celebrar la Semana de la Ciencia, donde vienen varias actividades, as\u00ed que ah\u00ed el equipo de ciencias se entusiasm\u00f3 mucho con esta propuesta del Centro de Padres. Ellos esta ma\u00f1ana hicieron una intervenci\u00f3n en los diferentes cursos en los que se convers\u00f3 con los ni\u00f1os sobre qu\u00e9 es un eclipse y la forma adecuada de poder observarlo\u00bb,<\/em> puntualiz\u00f3 Ram\u00edrez.<\/p>\n<p>Respecto a la Semana de la Ciencia, indic\u00f3 que de lunes a viernes los cursos tendr\u00e1n actividades. No obstante, para el \u00faltimo d\u00eda se gestion\u00f3 una visita con la agrupaci\u00f3n Wanaku Akunkawa, que conversar\u00e1 con los estudiantes sobre la preservaci\u00f3n de la fauna en la regi\u00f3n de Valpara\u00edso.<\/p>\n<p>\u00ab<em>Va a haber una feria cient\u00edfica donde los ni\u00f1os van a presentar los diversos proyectos en los que han estado trabajando en este \u00faltimo periodo\u00bb,<\/em> adelant\u00f3.<\/p>\n<p><strong>Karin Pe\u00f1a<\/strong>, encargada de la Unidad T\u00e9cnico Pedag\u00f3gica de b\u00e1sica y coordinadora del Departamento de Ciencias, precis\u00f3 que <em>\u00abla Semana de la Ciencia a nivel nacional siempre se destaca por ser en octubre. Nosotros siempre lo acotamos a un d\u00eda por tiempo, por lo que ser\u00e1 el viernes 11 a partir de las nueve de la ma\u00f1ana hasta las 13:30 horas. <\/em><\/p>\n<p>\u00ab<em>Este a\u00f1o el \u00e9nfasis es el \u00e1rea de investigaci\u00f3n. En septiembre nuestra comunidad educativa realiza los talleres de fiestas patrias y el Departamento de Ciencias trabaj\u00f3 con 150 estudiantes en el \u00e1rea de investigaci\u00f3n de la flora y fauna del Valle de Aconcagua, entonces lo vamos a enfocar en ese tema ya trabajado y complement\u00e1ndolo con fundaciones\u00bb.<\/em><\/p>\n<p>Por su parte, <strong>H\u00e9ctor Rojas<\/strong>, sostenedor del colegio, mencion\u00f3 que <em>\u00ablas actividades que sean de hechos de la naturaleza, que no son muy frecuentes, el colegio siempre ha sido pro a estar, nos gustan. Si tenemos la oportunidad de ver el eclipse, y no es algo que se ve todos los d\u00edas, obviamente si podemos ayudar en eso para que los ni\u00f1os vean c\u00f3mo funciona el universo, vale la pena hacerlo.<\/em><\/p>\n<p>\u00ab<em>Lo que pasa es que a los ni\u00f1os les llama la atenci\u00f3n las ciencias naturales, especialmente los chicos porque yo dir\u00eda que no es tanto en los grandes. Los ni\u00f1os logran entender ciertos procesos naturales, una cosa es verlos en los libros y otra cosa es visualizarlos realmente\u00bb.<\/em><\/p>\n<p>Desde el Centro de Padres y Apoderados, la presidenta <strong>Gricel Villar<\/strong> cont\u00f3 que la idea naci\u00f3 a partir de una actividad realizada con el curso de Tercero B B\u00e1sico, a quienes se llev\u00f3 al evento \u2018Astrokids\u2019, donde se les explic\u00f3 que este mi\u00e9rcoles 2 de octubre ocurrir\u00eda el fen\u00f3meno:<\/p>\n<p>\u00ab<em>Nos motivamos a hacer este evento para que nuestra comunidad se uniera en un momento tan especial que nos entrega la naturaleza y aprovechar que los chicos lo vieran en directo y no a trav\u00e9s de una maqueta o videos, sino que lo vieran junto con su mam\u00e1, pap\u00e1 o hermanos con estos lentes certificados que nos encargamos de comprar para que los ni\u00f1os, los mil alumnos que estuvieran ac\u00e1, los tuvieran. Motivamos a los pap\u00e1s a trav\u00e9s de las redes, nuestra querida delegada <strong>Karina Pizarro<\/strong> arm\u00f3 unos afiches y v\u00eddeos.<\/em><\/p>\n<p>\u00ab<em>Hoy (mi\u00e9rcoles) se entregaron 700 con los que aprovechamos de ver el eclipse desde el principio hasta el final. Esta es una de nuestras primeras actividades para demostrar que s\u00ed se pueden hacer las cosas y sacar este mal visto a los Centros de Padres\u00bb,<\/em> mencion\u00f3.<\/p>\n<p>El Centro de Estudiantes calific\u00f3 \u2018Aprendizaje Experiencial\u2019 como una actividad atractiva: <em>\u00abMe parece algo s\u00faper orgulloso porque esto no se ha visto en otros colegios, entonces me parece algo fuera de lo normal. Es algo m\u00e1s din\u00e1mico, creativo y aparte que la mayor\u00eda del tiempo se pasa ac\u00e1 en el colegio, entonces igual es s\u00faper bueno para tener motivaci\u00f3n\u00bb,<\/em> comentaron <strong>Isidora Naranjo<\/strong> y <strong>Felipe Le\u00f3n<\/strong>.<\/p>\n<p>Por su parte, <strong>Aurora P\u00e1ez<\/strong> y <strong>H\u00e9ctor de Miguel<\/strong>, ambos apoderados del Colegio Sunnyland School, enfatizaron la novedad del evento y la oportunidad que otorga a los alumnos presenciar un eclipse solar con lentes certificados en un espacio adecuado para ello.<\/p>\n<p style=\"text-align: right;\"><strong>Jacqueline Le\u00f3n<\/strong><\/p>\n<figure id=\"attachment_132459\" aria-describedby=\"caption-attachment-132459\" style=\"width: 699px\" class=\"wp-caption alignnone\"><img loading=\"lazy\" decoding=\"async\" class=\"size-full wp-image-132459\" src=\"https:\/\/eltrabajo.cl\/web\/wp-content\/uploads\/2024\/10\/Eclipsesunnyland-1.jpg\" alt=\"La actividad \u2018Aprendizaje Experiencial\u2019 del Colegio Sunnyland School comenz\u00f3 a las 16:30 horas y finaliz\u00f3 a las 17:30 horas, coincidiendo con el final del eclipse solar que se observ\u00f3 de forma parcial en el Valle de Aconcagua.\" width=\"699\" height=\"413\" srcset=\"https:\/\/eltrabajo.cl\/web\/wp-content\/uploads\/2024\/10\/Eclipsesunnyland-1.jpg 699w, https:\/\/eltrabajo.cl\/web\/wp-content\/uploads\/2024\/10\/Eclipsesunnyland-1-300x177.jpg 300w, https:\/\/eltrabajo.cl\/web\/wp-content\/uploads\/2024\/10\/Eclipsesunnyland-1-150x89.jpg 150w, https:\/\/eltrabajo.cl\/web\/wp-content\/uploads\/2024\/10\/Eclipsesunnyland-1-696x411.jpg 696w\" sizes=\"auto, (max-width: 699px) 100vw, 699px\" \/><figcaption id=\"caption-attachment-132459\" class=\"wp-caption-text\">La actividad \u2018Aprendizaje Experiencial\u2019 del Colegio Sunnyland School comenz\u00f3 a las 16:30 horas y finaliz\u00f3 a las 17:30 horas, coincidiendo con el final del eclipse solar que se observ\u00f3 de forma parcial en el Valle de Aconcagua.<\/figcaption><\/figure>\n<figure id=\"attachment_132458\" aria-describedby=\"caption-attachment-132458\" style=\"width: 698px\" class=\"wp-caption alignnone\"><img loading=\"lazy\" decoding=\"async\" class=\"size-full wp-image-132458\" src=\"https:\/\/eltrabajo.cl\/web\/wp-content\/uploads\/2024\/10\/Eclipse-sunnyland-2.jpg\" alt=\"Se entregaron un total de 700 lentes certificados en colaboraci\u00f3n con el Centro de Padres y la administraci\u00f3n del colegio.\" width=\"698\" height=\"476\" srcset=\"https:\/\/eltrabajo.cl\/web\/wp-content\/uploads\/2024\/10\/Eclipse-sunnyland-2.jpg 698w, https:\/\/eltrabajo.cl\/web\/wp-content\/uploads\/2024\/10\/Eclipse-sunnyland-2-300x205.jpg 300w, https:\/\/eltrabajo.cl\/web\/wp-content\/uploads\/2024\/10\/Eclipse-sunnyland-2-616x420.jpg 616w, https:\/\/eltrabajo.cl\/web\/wp-content\/uploads\/2024\/10\/Eclipse-sunnyland-2-150x102.jpg 150w, https:\/\/eltrabajo.cl\/web\/wp-content\/uploads\/2024\/10\/Eclipse-sunnyland-2-218x150.jpg 218w, https:\/\/eltrabajo.cl\/web\/wp-content\/uploads\/2024\/10\/Eclipse-sunnyland-2-696x475.jpg 696w\" sizes=\"auto, (max-width: 698px) 100vw, 698px\" \/><figcaption id=\"caption-attachment-132458\" class=\"wp-caption-text\">Se entregaron un total de 700 lentes certificados en colaboraci\u00f3n con el Centro de Padres y la administraci\u00f3n del colegio.<\/figcaption><\/figure>\n<figure id=\"attachment_132460\" aria-describedby=\"caption-attachment-132460\" style=\"width: 700px\" class=\"wp-caption alignnone\"><img loading=\"lazy\" decoding=\"async\" class=\"size-full wp-image-132460\" src=\"https:\/\/eltrabajo.cl\/web\/wp-content\/uploads\/2024\/10\/Eclipsesunnyland-3.jpg\" alt=\"Centro de Padres y Apoderados del Colegio Sunnyland School, junto a sus hijos.\" width=\"700\" height=\"525\" srcset=\"https:\/\/eltrabajo.cl\/web\/wp-content\/uploads\/2024\/10\/Eclipsesunnyland-3.jpg 700w, https:\/\/eltrabajo.cl\/web\/wp-content\/uploads\/2024\/10\/Eclipsesunnyland-3-300x225.jpg 300w, https:\/\/eltrabajo.cl\/web\/wp-content\/uploads\/2024\/10\/Eclipsesunnyland-3-560x420.jpg 560w, https:\/\/eltrabajo.cl\/web\/wp-content\/uploads\/2024\/10\/Eclipsesunnyland-3-80x60.jpg 80w, https:\/\/eltrabajo.cl\/web\/wp-content\/uploads\/2024\/10\/Eclipsesunnyland-3-150x113.jpg 150w, https:\/\/eltrabajo.cl\/web\/wp-content\/uploads\/2024\/10\/Eclipsesunnyland-3-696x522.jpg 696w, https:\/\/eltrabajo.cl\/web\/wp-content\/uploads\/2024\/10\/Eclipsesunnyland-3-265x198.jpg 265w\" sizes=\"auto, (max-width: 700px) 100vw, 700px\" \/><figcaption id=\"caption-attachment-132460\" class=\"wp-caption-text\">Centro de Padres y Apoderados del Colegio Sunnyland School, junto a sus hijos.<\/figcaption><\/figure>\n","protected":false},"excerpt":{"rendered":"<p>En el marco de la Semana de la Ciencia: Durante la actividad se entregaron 700 lentes certificados, distribuidos entre estudiantes, familiares, docentes y funcionarios.- Este mi\u00e9rcoles 2 de octubre, el Colegio Sunnyland School, en el marco de la Semana de la Ciencia y del Festival de las Ciencias 2024 a nivel nacional, llev\u00f3 a cabo [&hellip;]<\/p>\n","protected":false},"author":1,"featured_media":132460,"comment_status":"open","ping_status":"closed","sticky":false,"template":"","format":"standard","meta":{"footnotes":""},"categories":[4],"tags":[],"class_list":{"0":"post-132457","1":"post","2":"type-post","3":"status-publish","4":"format-standard","5":"has-post-thumbnail","7":"category-comunidad"},"yoast_head":"<!-- This site is optimized with the Yoast SEO plugin v27.4 - https:\/\/yoast.com\/product\/yoast-seo-wordpress\/ -->\n<title>Sunnyland School organiza actividad familiar para la observaci\u00f3n del eclipse solar - Diario El Trabajo<\/title>\n<meta name=\"robots\" content=\"index, follow, max-snippet:-1, max-image-preview:large, max-video-preview:-1\" \/>\n<link rel=\"canonical\" href=\"https:\/\/eltrabajo.cl\/web\/sunnyland-school-organiza-actividad-familiar-para-la-observacion-del-eclipse-solar\/\" \/>\n<meta property=\"og:locale\" content=\"es_ES\" \/>\n<meta property=\"og:type\" content=\"article\" \/>\n<meta property=\"og:title\" content=\"Sunnyland School organiza actividad familiar para la observaci\u00f3n del eclipse solar - Diario El Trabajo\" \/>\n<meta property=\"og:description\" content=\"En el marco de la Semana de la Ciencia: Durante la actividad se entregaron 700 lentes certificados, distribuidos entre estudiantes, familiares, docentes y funcionarios.- Este mi\u00e9rcoles 2 de octubre, el Colegio Sunnyland School, en el marco de la Semana de la Ciencia y del Festival de las Ciencias 2024 a nivel nacional, llev\u00f3 a cabo [&hellip;]\" \/>\n<meta property=\"og:url\" content=\"https:\/\/eltrabajo.cl\/web\/sunnyland-school-organiza-actividad-familiar-para-la-observacion-del-eclipse-solar\/\" \/>\n<meta property=\"og:site_name\" content=\"Diario El Trabajo\" \/>\n<meta property=\"article:publisher\" content=\"https:\/\/www.facebook.com\/ElTrabajoDiario\" \/>\n<meta property=\"article:published_time\" content=\"2024-10-04T00:55:50+00:00\" \/>\n<meta property=\"og:image\" content=\"https:\/\/eltrabajo.cl\/web\/wp-content\/uploads\/2024\/10\/Eclipsesunnyland-3.jpg\" \/>\n\t<meta property=\"og:image:width\" content=\"700\" \/>\n\t<meta property=\"og:image:height\" content=\"525\" \/>\n\t<meta property=\"og:image:type\" content=\"image\/jpeg\" \/>\n<meta name=\"author\" content=\"Diario El Trabajo\" \/>\n<meta name=\"twitter:card\" content=\"summary_large_image\" \/>\n<meta name=\"twitter:creator\" content=\"@diarioeltrabajo\" \/>\n<meta name=\"twitter:site\" content=\"@diarioeltrabajo\" \/>\n<meta name=\"twitter:label1\" content=\"Escrito por\" \/>\n\t<meta name=\"twitter:data1\" content=\"Diario El Trabajo\" \/>\n\t<meta name=\"twitter:label2\" content=\"Tiempo estimado de lectura\" \/>\n\t<meta name=\"twitter:data2\" content=\"6 minutos\" \/>\n<script type=\"application\/ld+json\" class=\"yoast-schema-graph\">{\"@context\":\"https:\\\/\\\/schema.org\",\"@graph\":[{\"@type\":\"Article\",\"@id\":\"https:\\\/\\\/eltrabajo.cl\\\/web\\\/sunnyland-school-organiza-actividad-familiar-para-la-observacion-del-eclipse-solar\\\/#article\",\"isPartOf\":{\"@id\":\"https:\\\/\\\/eltrabajo.cl\\\/web\\\/sunnyland-school-organiza-actividad-familiar-para-la-observacion-del-eclipse-solar\\\/\"},\"author\":{\"name\":\"Diario El Trabajo\",\"@id\":\"https:\\\/\\\/eltrabajo.cl\\\/web\\\/#\\\/schema\\\/person\\\/45efd3d17f86ec456e44dd7debe1bf19\"},\"headline\":\"Sunnyland School organiza actividad familiar para la observaci\u00f3n del eclipse solar\",\"datePublished\":\"2024-10-04T00:55:50+00:00\",\"mainEntityOfPage\":{\"@id\":\"https:\\\/\\\/eltrabajo.cl\\\/web\\\/sunnyland-school-organiza-actividad-familiar-para-la-observacion-del-eclipse-solar\\\/\"},\"wordCount\":1077,\"commentCount\":0,\"publisher\":{\"@id\":\"https:\\\/\\\/eltrabajo.cl\\\/web\\\/#organization\"},\"image\":{\"@id\":\"https:\\\/\\\/eltrabajo.cl\\\/web\\\/sunnyland-school-organiza-actividad-familiar-para-la-observacion-del-eclipse-solar\\\/#primaryimage\"},\"thumbnailUrl\":\"https:\\\/\\\/eltrabajo.cl\\\/web\\\/wp-content\\\/uploads\\\/2024\\\/10\\\/Eclipsesunnyland-3.jpg\",\"articleSection\":[\"Comunidad\"],\"inLanguage\":\"es-CL\",\"potentialAction\":[{\"@type\":\"CommentAction\",\"name\":\"Comment\",\"target\":[\"https:\\\/\\\/eltrabajo.cl\\\/web\\\/sunnyland-school-organiza-actividad-familiar-para-la-observacion-del-eclipse-solar\\\/#respond\"]}]},{\"@type\":\"WebPage\",\"@id\":\"https:\\\/\\\/eltrabajo.cl\\\/web\\\/sunnyland-school-organiza-actividad-familiar-para-la-observacion-del-eclipse-solar\\\/\",\"url\":\"https:\\\/\\\/eltrabajo.cl\\\/web\\\/sunnyland-school-organiza-actividad-familiar-para-la-observacion-del-eclipse-solar\\\/\",\"name\":\"Sunnyland School organiza actividad familiar para la observaci\u00f3n del eclipse solar - Diario El Trabajo\",\"isPartOf\":{\"@id\":\"https:\\\/\\\/eltrabajo.cl\\\/web\\\/#website\"},\"primaryImageOfPage\":{\"@id\":\"https:\\\/\\\/eltrabajo.cl\\\/web\\\/sunnyland-school-organiza-actividad-familiar-para-la-observacion-del-eclipse-solar\\\/#primaryimage\"},\"image\":{\"@id\":\"https:\\\/\\\/eltrabajo.cl\\\/web\\\/sunnyland-school-organiza-actividad-familiar-para-la-observacion-del-eclipse-solar\\\/#primaryimage\"},\"thumbnailUrl\":\"https:\\\/\\\/eltrabajo.cl\\\/web\\\/wp-content\\\/uploads\\\/2024\\\/10\\\/Eclipsesunnyland-3.jpg\",\"datePublished\":\"2024-10-04T00:55:50+00:00\",\"breadcrumb\":{\"@id\":\"https:\\\/\\\/eltrabajo.cl\\\/web\\\/sunnyland-school-organiza-actividad-familiar-para-la-observacion-del-eclipse-solar\\\/#breadcrumb\"},\"inLanguage\":\"es-CL\",\"potentialAction\":[{\"@type\":\"ReadAction\",\"target\":[\"https:\\\/\\\/eltrabajo.cl\\\/web\\\/sunnyland-school-organiza-actividad-familiar-para-la-observacion-del-eclipse-solar\\\/\"]}]},{\"@type\":\"ImageObject\",\"inLanguage\":\"es-CL\",\"@id\":\"https:\\\/\\\/eltrabajo.cl\\\/web\\\/sunnyland-school-organiza-actividad-familiar-para-la-observacion-del-eclipse-solar\\\/#primaryimage\",\"url\":\"https:\\\/\\\/eltrabajo.cl\\\/web\\\/wp-content\\\/uploads\\\/2024\\\/10\\\/Eclipsesunnyland-3.jpg\",\"contentUrl\":\"https:\\\/\\\/eltrabajo.cl\\\/web\\\/wp-content\\\/uploads\\\/2024\\\/10\\\/Eclipsesunnyland-3.jpg\",\"width\":700,\"height\":525,\"caption\":\"Centro de Padres y Apoderados del Colegio Sunnyland School, junto a sus hijos.\"},{\"@type\":\"BreadcrumbList\",\"@id\":\"https:\\\/\\\/eltrabajo.cl\\\/web\\\/sunnyland-school-organiza-actividad-familiar-para-la-observacion-del-eclipse-solar\\\/#breadcrumb\",\"itemListElement\":[{\"@type\":\"ListItem\",\"position\":1,\"name\":\"Portada\",\"item\":\"https:\\\/\\\/eltrabajo.cl\\\/web\\\/\"},{\"@type\":\"ListItem\",\"position\":2,\"name\":\"Sunnyland School organiza actividad familiar para la observaci\u00f3n del eclipse solar\"}]},{\"@type\":\"WebSite\",\"@id\":\"https:\\\/\\\/eltrabajo.cl\\\/web\\\/#website\",\"url\":\"https:\\\/\\\/eltrabajo.cl\\\/web\\\/\",\"name\":\"Diario El Trabajo\",\"description\":\"Desde 1929 construyendo Identidad Local\",\"publisher\":{\"@id\":\"https:\\\/\\\/eltrabajo.cl\\\/web\\\/#organization\"},\"potentialAction\":[{\"@type\":\"SearchAction\",\"target\":{\"@type\":\"EntryPoint\",\"urlTemplate\":\"https:\\\/\\\/eltrabajo.cl\\\/web\\\/?s={search_term_string}\"},\"query-input\":{\"@type\":\"PropertyValueSpecification\",\"valueRequired\":true,\"valueName\":\"search_term_string\"}}],\"inLanguage\":\"es-CL\"},{\"@type\":\"Organization\",\"@id\":\"https:\\\/\\\/eltrabajo.cl\\\/web\\\/#organization\",\"name\":\"Diario El Trabajo\",\"url\":\"https:\\\/\\\/eltrabajo.cl\\\/web\\\/\",\"logo\":{\"@type\":\"ImageObject\",\"inLanguage\":\"es-CL\",\"@id\":\"https:\\\/\\\/eltrabajo.cl\\\/web\\\/#\\\/schema\\\/logo\\\/image\\\/\",\"url\":\"https:\\\/\\\/eltrabajo.cl\\\/web\\\/wp-content\\\/uploads\\\/2024\\\/06\\\/profile-image-ig-page-diarioeltrabajo.jpg\",\"contentUrl\":\"https:\\\/\\\/eltrabajo.cl\\\/web\\\/wp-content\\\/uploads\\\/2024\\\/06\\\/profile-image-ig-page-diarioeltrabajo.jpg\",\"width\":823,\"height\":823,\"caption\":\"Diario El Trabajo\"},\"image\":{\"@id\":\"https:\\\/\\\/eltrabajo.cl\\\/web\\\/#\\\/schema\\\/logo\\\/image\\\/\"},\"sameAs\":[\"https:\\\/\\\/www.facebook.com\\\/ElTrabajoDiario\",\"https:\\\/\\\/x.com\\\/diarioeltrabajo\"]},{\"@type\":\"Person\",\"@id\":\"https:\\\/\\\/eltrabajo.cl\\\/web\\\/#\\\/schema\\\/person\\\/45efd3d17f86ec456e44dd7debe1bf19\",\"name\":\"Diario El Trabajo\",\"image\":{\"@type\":\"ImageObject\",\"inLanguage\":\"es-CL\",\"@id\":\"https:\\\/\\\/secure.gravatar.com\\\/avatar\\\/7e6ec277dc4aea2677c2dc301d4227957219329c985ab69a3efc12518b5161aa?s=96&d=mm&r=g\",\"url\":\"https:\\\/\\\/secure.gravatar.com\\\/avatar\\\/7e6ec277dc4aea2677c2dc301d4227957219329c985ab69a3efc12518b5161aa?s=96&d=mm&r=g\",\"contentUrl\":\"https:\\\/\\\/secure.gravatar.com\\\/avatar\\\/7e6ec277dc4aea2677c2dc301d4227957219329c985ab69a3efc12518b5161aa?s=96&d=mm&r=g\",\"caption\":\"Diario El Trabajo\"},\"sameAs\":[\"https:\\\/\\\/eltrabajo.cl\\\/web\"],\"url\":\"https:\\\/\\\/eltrabajo.cl\\\/web\\\/author\\\/diario-el-trabajo\\\/\"}]}<\/script>\n<!-- \/ Yoast SEO plugin. -->","yoast_head_json":{"title":"Sunnyland School organiza actividad familiar para la observaci\u00f3n del eclipse solar - Diario El Trabajo","robots":{"index":"index","follow":"follow","max-snippet":"max-snippet:-1","max-image-preview":"max-image-preview:large","max-video-preview":"max-video-preview:-1"},"canonical":"https:\/\/eltrabajo.cl\/web\/sunnyland-school-organiza-actividad-familiar-para-la-observacion-del-eclipse-solar\/","og_locale":"es_ES","og_type":"article","og_title":"Sunnyland School organiza actividad familiar para la observaci\u00f3n del eclipse solar - Diario El Trabajo","og_description":"En el marco de la Semana de la Ciencia: Durante la actividad se entregaron 700 lentes certificados, distribuidos entre estudiantes, familiares, docentes y funcionarios.- Este mi\u00e9rcoles 2 de octubre, el Colegio Sunnyland School, en el marco de la Semana de la Ciencia y del Festival de las Ciencias 2024 a nivel nacional, llev\u00f3 a cabo [&hellip;]","og_url":"https:\/\/eltrabajo.cl\/web\/sunnyland-school-organiza-actividad-familiar-para-la-observacion-del-eclipse-solar\/","og_site_name":"Diario El Trabajo","article_publisher":"https:\/\/www.facebook.com\/ElTrabajoDiario","article_published_time":"2024-10-04T00:55:50+00:00","og_image":[{"width":700,"height":525,"url":"https:\/\/eltrabajo.cl\/web\/wp-content\/uploads\/2024\/10\/Eclipsesunnyland-3.jpg","type":"image\/jpeg"}],"author":"Diario El Trabajo","twitter_card":"summary_large_image","twitter_creator":"@diarioeltrabajo","twitter_site":"@diarioeltrabajo","twitter_misc":{"Escrito por":"Diario El Trabajo","Tiempo estimado de lectura":"6 minutos"},"schema":{"@context":"https:\/\/schema.org","@graph":[{"@type":"Article","@id":"https:\/\/eltrabajo.cl\/web\/sunnyland-school-organiza-actividad-familiar-para-la-observacion-del-eclipse-solar\/#article","isPartOf":{"@id":"https:\/\/eltrabajo.cl\/web\/sunnyland-school-organiza-actividad-familiar-para-la-observacion-del-eclipse-solar\/"},"author":{"name":"Diario El Trabajo","@id":"https:\/\/eltrabajo.cl\/web\/#\/schema\/person\/45efd3d17f86ec456e44dd7debe1bf19"},"headline":"Sunnyland School organiza actividad familiar para la observaci\u00f3n del eclipse solar","datePublished":"2024-10-04T00:55:50+00:00","mainEntityOfPage":{"@id":"https:\/\/eltrabajo.cl\/web\/sunnyland-school-organiza-actividad-familiar-para-la-observacion-del-eclipse-solar\/"},"wordCount":1077,"commentCount":0,"publisher":{"@id":"https:\/\/eltrabajo.cl\/web\/#organization"},"image":{"@id":"https:\/\/eltrabajo.cl\/web\/sunnyland-school-organiza-actividad-familiar-para-la-observacion-del-eclipse-solar\/#primaryimage"},"thumbnailUrl":"https:\/\/eltrabajo.cl\/web\/wp-content\/uploads\/2024\/10\/Eclipsesunnyland-3.jpg","articleSection":["Comunidad"],"inLanguage":"es-CL","potentialAction":[{"@type":"CommentAction","name":"Comment","target":["https:\/\/eltrabajo.cl\/web\/sunnyland-school-organiza-actividad-familiar-para-la-observacion-del-eclipse-solar\/#respond"]}]},{"@type":"WebPage","@id":"https:\/\/eltrabajo.cl\/web\/sunnyland-school-organiza-actividad-familiar-para-la-observacion-del-eclipse-solar\/","url":"https:\/\/eltrabajo.cl\/web\/sunnyland-school-organiza-actividad-familiar-para-la-observacion-del-eclipse-solar\/","name":"Sunnyland School organiza actividad familiar para la observaci\u00f3n del eclipse solar - Diario El Trabajo","isPartOf":{"@id":"https:\/\/eltrabajo.cl\/web\/#website"},"primaryImageOfPage":{"@id":"https:\/\/eltrabajo.cl\/web\/sunnyland-school-organiza-actividad-familiar-para-la-observacion-del-eclipse-solar\/#primaryimage"},"image":{"@id":"https:\/\/eltrabajo.cl\/web\/sunnyland-school-organiza-actividad-familiar-para-la-observacion-del-eclipse-solar\/#primaryimage"},"thumbnailUrl":"https:\/\/eltrabajo.cl\/web\/wp-content\/uploads\/2024\/10\/Eclipsesunnyland-3.jpg","datePublished":"2024-10-04T00:55:50+00:00","breadcrumb":{"@id":"https:\/\/eltrabajo.cl\/web\/sunnyland-school-organiza-actividad-familiar-para-la-observacion-del-eclipse-solar\/#breadcrumb"},"inLanguage":"es-CL","potentialAction":[{"@type":"ReadAction","target":["https:\/\/eltrabajo.cl\/web\/sunnyland-school-organiza-actividad-familiar-para-la-observacion-del-eclipse-solar\/"]}]},{"@type":"ImageObject","inLanguage":"es-CL","@id":"https:\/\/eltrabajo.cl\/web\/sunnyland-school-organiza-actividad-familiar-para-la-observacion-del-eclipse-solar\/#primaryimage","url":"https:\/\/eltrabajo.cl\/web\/wp-content\/uploads\/2024\/10\/Eclipsesunnyland-3.jpg","contentUrl":"https:\/\/eltrabajo.cl\/web\/wp-content\/uploads\/2024\/10\/Eclipsesunnyland-3.jpg","width":700,"height":525,"caption":"Centro de Padres y Apoderados del Colegio Sunnyland School, junto a sus hijos."},{"@type":"BreadcrumbList","@id":"https:\/\/eltrabajo.cl\/web\/sunnyland-school-organiza-actividad-familiar-para-la-observacion-del-eclipse-solar\/#breadcrumb","itemListElement":[{"@type":"ListItem","position":1,"name":"Portada","item":"https:\/\/eltrabajo.cl\/web\/"},{"@type":"ListItem","position":2,"name":"Sunnyland School organiza actividad familiar para la observaci\u00f3n del eclipse solar"}]},{"@type":"WebSite","@id":"https:\/\/eltrabajo.cl\/web\/#website","url":"https:\/\/eltrabajo.cl\/web\/","name":"Diario El Trabajo","description":"Desde 1929 construyendo Identidad Local","publisher":{"@id":"https:\/\/eltrabajo.cl\/web\/#organization"},"potentialAction":[{"@type":"SearchAction","target":{"@type":"EntryPoint","urlTemplate":"https:\/\/eltrabajo.cl\/web\/?s={search_term_string}"},"query-input":{"@type":"PropertyValueSpecification","valueRequired":true,"valueName":"search_term_string"}}],"inLanguage":"es-CL"},{"@type":"Organization","@id":"https:\/\/eltrabajo.cl\/web\/#organization","name":"Diario El Trabajo","url":"https:\/\/eltrabajo.cl\/web\/","logo":{"@type":"ImageObject","inLanguage":"es-CL","@id":"https:\/\/eltrabajo.cl\/web\/#\/schema\/logo\/image\/","url":"https:\/\/eltrabajo.cl\/web\/wp-content\/uploads\/2024\/06\/profile-image-ig-page-diarioeltrabajo.jpg","contentUrl":"https:\/\/eltrabajo.cl\/web\/wp-content\/uploads\/2024\/06\/profile-image-ig-page-diarioeltrabajo.jpg","width":823,"height":823,"caption":"Diario El Trabajo"},"image":{"@id":"https:\/\/eltrabajo.cl\/web\/#\/schema\/logo\/image\/"},"sameAs":["https:\/\/www.facebook.com\/ElTrabajoDiario","https:\/\/x.com\/diarioeltrabajo"]},{"@type":"Person","@id":"https:\/\/eltrabajo.cl\/web\/#\/schema\/person\/45efd3d17f86ec456e44dd7debe1bf19","name":"Diario El Trabajo","image":{"@type":"ImageObject","inLanguage":"es-CL","@id":"https:\/\/secure.gravatar.com\/avatar\/7e6ec277dc4aea2677c2dc301d4227957219329c985ab69a3efc12518b5161aa?s=96&d=mm&r=g","url":"https:\/\/secure.gravatar.com\/avatar\/7e6ec277dc4aea2677c2dc301d4227957219329c985ab69a3efc12518b5161aa?s=96&d=mm&r=g","contentUrl":"https:\/\/secure.gravatar.com\/avatar\/7e6ec277dc4aea2677c2dc301d4227957219329c985ab69a3efc12518b5161aa?s=96&d=mm&r=g","caption":"Diario El Trabajo"},"sameAs":["https:\/\/eltrabajo.cl\/web"],"url":"https:\/\/eltrabajo.cl\/web\/author\/diario-el-trabajo\/"}]}},"_links":{"self":[{"href":"https:\/\/eltrabajo.cl\/web\/wp-json\/wp\/v2\/posts\/132457","targetHints":{"allow":["GET"]}}],"collection":[{"href":"https:\/\/eltrabajo.cl\/web\/wp-json\/wp\/v2\/posts"}],"about":[{"href":"https:\/\/eltrabajo.cl\/web\/wp-json\/wp\/v2\/types\/post"}],"author":[{"embeddable":true,"href":"https:\/\/eltrabajo.cl\/web\/wp-json\/wp\/v2\/users\/1"}],"replies":[{"embeddable":true,"href":"https:\/\/eltrabajo.cl\/web\/wp-json\/wp\/v2\/comments?post=132457"}],"version-history":[{"count":1,"href":"https:\/\/eltrabajo.cl\/web\/wp-json\/wp\/v2\/posts\/132457\/revisions"}],"predecessor-version":[{"id":132462,"href":"https:\/\/eltrabajo.cl\/web\/wp-json\/wp\/v2\/posts\/132457\/revisions\/132462"}],"wp:featuredmedia":[{"embeddable":true,"href":"https:\/\/eltrabajo.cl\/web\/wp-json\/wp\/v2\/media\/132460"}],"wp:attachment":[{"href":"https:\/\/eltrabajo.cl\/web\/wp-json\/wp\/v2\/media?parent=132457"}],"wp:term":[{"taxonomy":"category","embeddable":true,"href":"https:\/\/eltrabajo.cl\/web\/wp-json\/wp\/v2\/categories?post=132457"},{"taxonomy":"post_tag","embeddable":true,"href":"https:\/\/eltrabajo.cl\/web\/wp-json\/wp\/v2\/tags?post=132457"}],"curies":[{"name":"wp","href":"https:\/\/api.w.org\/{rel}","templated":true}]}}