{"id":132756,"date":"2024-10-17T21:50:25","date_gmt":"2024-10-18T00:50:25","guid":{"rendered":"https:\/\/eltrabajo.cl\/web\/?p=132756"},"modified":"2024-10-17T21:32:41","modified_gmt":"2024-10-18T00:32:41","slug":"escuela-john-f-kennedy-de-san-felipe-realizara-primer-torneo-de-balonmano","status":"publish","type":"post","link":"https:\/\/eltrabajo.cl\/web\/escuela-john-f-kennedy-de-san-felipe-realizara-primer-torneo-de-balonmano\/","title":{"rendered":"Escuela John F. Kennedy de San Felipe realizar\u00e1 Primer Torneo de Balonmano"},"content":{"rendered":"<ul>\n<li><strong>Fiesta deportiva se vivir\u00e1 desde las 09:00 de la ma\u00f1ana en dependencias del mismo establecimiento educacional.-<\/strong><\/li>\n<\/ul>\n<p>Desde la Escuela John F. Kennedy de San Felipe, invitan a toda la comunidad a la jornada deportiva que llevar\u00e1n a cabo este s\u00e1bado 19 de octubre con la realizaci\u00f3n del primer Torneo de Balonmano, instancia que reunir\u00e1 a cinco establecimientos educacionales de la comuna.<\/p>\n<p>El evento deportivo comienza a las 09:00 horas, la entrada ser\u00e1 solo para los adultos, tendr\u00e1 un valor de $1.000 y contar\u00e1n con diferentes opciones para saciar el apetito con comida. En el Torneo de Balonmano participar\u00e1 la Escuela Juan G\u00f3mez Milla, el Liceo Mixto San Felipe, el Instituto Abd\u00f3n Cifuentes (IAC), la Escuela Ignacio Carrera Pinto y por supuesto, el organizador John F. Kennedy.<\/p>\n<p><strong>Mario Rodr\u00edguez<\/strong>, director de la escuela John F. Kennedy de San Felipe, se refiri\u00f3 a este evento deportivo. <em>\u00abLa comunidad educativa de San Felipe se prepara para un evento emocionante, la Escuela John F. Kennedy, junto con el profesor y entrenador de la disciplina de balonmano, adem\u00e1s del apoyo incondicional de los padres y madres de nuestros estudiantes, organizamos el primer torneo de balonmano en su categor\u00eda pre-mini, el cual se llevar\u00e1 a cabo este s\u00e1bado 19 de octubre en las dependencias de la escuela, ubicada en la Poblaci\u00f3n Pedro Aguirre Cerda, Alejandrina Carvajal N\u00b01675.<\/em><\/p>\n<p>\u00ab<em>Este importante evento busca no solo promover el balonmano entre los ni\u00f1os, sino tambi\u00e9n fomentar la importancia de la educaci\u00f3n y la formaci\u00f3n integral de los estudiantes. Nuestros ni\u00f1os y ni\u00f1as han demostrado su habilidad y destreza en el campo de juego, ocupando siempre los primeros lugares en los distintos campeonatos en que han representado su escuela\u00bb<\/em>, se\u00f1al\u00f3.<\/p>\n<p>En cuanto a lo que se busca con generar estas instancias deportivas, el director estableci\u00f3 que <em>\u00abel objetivo del campeonato es motivar a los estudiantes a seguir adelante sus estudios y completar su formaci\u00f3n acad\u00e9mica con actividades deportivas. El balonmano es un deporte que requiere habilidad, estrategia y trabajo en equipo, valores que se alinean perfectamente con los objetivos de la instituci\u00f3n. Esperamos recibir a distintos colegios y vivir una jornada llena de emoci\u00f3n y esp\u00edritu deportivo. No se pierdan la oportunidad de ser parte de este evento\u00bb<\/em>, precis\u00f3.<\/p>\n<p>Por su parte, <strong>Makarena Hern\u00e1ndez Z\u00fa\u00f1iga<\/strong>, tesorera del taller de balonmano y madre de <strong>Catalina<\/strong> y <strong>Basti\u00e1n<\/strong>, jugadores de pre-mini damas y pre-mini varones, detall\u00f3 algunos de los avances del taller de balonmano. <em>\u00abEs primera vez que nuestro colegio, la Escuela John Kennedy realiza esta copa, la denominamos \u2018Copa JFK\u2019 en las categor\u00edas de premini. Estamos muy contentas y contentos, porque nuestros ni\u00f1os vibran con este deporte, comenzamos con un taller peque\u00f1ito, de a poco se fueron sumando ni\u00f1os y ni\u00f1as <\/em>(\u2026) <em>En la actualidad tenemos varios campeonatos, fuimos a competir a Valpara\u00edso, donde sacamos el primer lugar en categor\u00eda mini; hemos competido tambi\u00e9n en la Handball Cup; hace un par de semanas estuvimos en la Copa Liceo Mixto, donde obtuvimos tambi\u00e9n un primer lugar en la categor\u00eda mini, y as\u00ed hemos ido avanzando, hemos ido obteniendo logros y nuestros ni\u00f1os est\u00e1n felices\u00bb.<\/em><\/p>\n<p>De esta manera, la tesorera extendi\u00f3 la invitaci\u00f3n para este fin de semana. <em>\u00abInvitarlos a apoyarnos en poder reunir fondos para nuestros ni\u00f1os y ni\u00f1as para poder tener sus colaciones, acompa\u00f1arlos, movilizarlos a diferentes campeonatos, etc\u00e9tera. La entrada solo va a ser para adultos y va a tener un valor m\u00ednimo de 1.000 pesos, pero solo los adultos pagan entrada y es tambi\u00e9n para la recolecci\u00f3n de fondos, as\u00ed que adem\u00e1s de pasar un d\u00eda agradable viendo un deporte que es maravilloso y que cada vez gana m\u00e1s adeptos, van a poder tambi\u00e9n compartir en familia, consumir cositas ricas; vamos a tener completos, handrolls, bebidas, quequitos, t\u00e9, caf\u00e9, un mont\u00f3n de cositas que poder ofrecerles, as\u00ed es que los dejamos invitados para pasar una linda jornada\u00bb<\/em>, cerr\u00f3 Hern\u00e1ndez.<\/p>\n<figure id=\"attachment_132757\" aria-describedby=\"caption-attachment-132757\" style=\"width: 700px\" class=\"wp-caption alignnone\"><img loading=\"lazy\" decoding=\"async\" class=\"size-full wp-image-132757\" src=\"https:\/\/eltrabajo.cl\/web\/wp-content\/uploads\/2024\/10\/balonmano-kennedy-1.jpg\" alt=\"Equipo de balonmano varones de la Escuela John Kennedy.\" width=\"700\" height=\"500\" srcset=\"https:\/\/eltrabajo.cl\/web\/wp-content\/uploads\/2024\/10\/balonmano-kennedy-1.jpg 700w, https:\/\/eltrabajo.cl\/web\/wp-content\/uploads\/2024\/10\/balonmano-kennedy-1-300x214.jpg 300w, https:\/\/eltrabajo.cl\/web\/wp-content\/uploads\/2024\/10\/balonmano-kennedy-1-588x420.jpg 588w, https:\/\/eltrabajo.cl\/web\/wp-content\/uploads\/2024\/10\/balonmano-kennedy-1-150x107.jpg 150w, https:\/\/eltrabajo.cl\/web\/wp-content\/uploads\/2024\/10\/balonmano-kennedy-1-696x497.jpg 696w, https:\/\/eltrabajo.cl\/web\/wp-content\/uploads\/2024\/10\/balonmano-kennedy-1-100x70.jpg 100w\" sizes=\"auto, (max-width: 700px) 100vw, 700px\" \/><figcaption id=\"caption-attachment-132757\" class=\"wp-caption-text\">Equipo de balonmano varones de la Escuela John Kennedy.<\/figcaption><\/figure>\n<figure id=\"attachment_132758\" aria-describedby=\"caption-attachment-132758\" style=\"width: 699px\" class=\"wp-caption alignnone\"><img loading=\"lazy\" decoding=\"async\" class=\"size-full wp-image-132758\" src=\"https:\/\/eltrabajo.cl\/web\/wp-content\/uploads\/2024\/10\/balonmano-kennedy-2.jpg\" alt=\"Evento deportivo comenzar\u00e1 a las 09:00 horas.\" width=\"699\" height=\"727\" srcset=\"https:\/\/eltrabajo.cl\/web\/wp-content\/uploads\/2024\/10\/balonmano-kennedy-2.jpg 699w, https:\/\/eltrabajo.cl\/web\/wp-content\/uploads\/2024\/10\/balonmano-kennedy-2-288x300.jpg 288w, https:\/\/eltrabajo.cl\/web\/wp-content\/uploads\/2024\/10\/balonmano-kennedy-2-404x420.jpg 404w, https:\/\/eltrabajo.cl\/web\/wp-content\/uploads\/2024\/10\/balonmano-kennedy-2-150x156.jpg 150w, https:\/\/eltrabajo.cl\/web\/wp-content\/uploads\/2024\/10\/balonmano-kennedy-2-300x312.jpg 300w, https:\/\/eltrabajo.cl\/web\/wp-content\/uploads\/2024\/10\/balonmano-kennedy-2-696x724.jpg 696w\" sizes=\"auto, (max-width: 699px) 100vw, 699px\" \/><figcaption id=\"caption-attachment-132758\" class=\"wp-caption-text\">Evento deportivo comenzar\u00e1 a las 09:00 horas.<\/figcaption><\/figure>\n","protected":false},"excerpt":{"rendered":"<p>Fiesta deportiva se vivir\u00e1 desde las 09:00 de la ma\u00f1ana en dependencias del mismo establecimiento educacional.- Desde la Escuela John F. Kennedy de San Felipe, invitan a toda la comunidad a la jornada deportiva que llevar\u00e1n a cabo este s\u00e1bado 19 de octubre con la realizaci\u00f3n del primer Torneo de Balonmano, instancia que reunir\u00e1 a [&hellip;]<\/p>\n","protected":false},"author":1,"featured_media":132757,"comment_status":"open","ping_status":"closed","sticky":false,"template":"","format":"standard","meta":{"footnotes":""},"categories":[4],"tags":[],"class_list":{"0":"post-132756","1":"post","2":"type-post","3":"status-publish","4":"format-standard","5":"has-post-thumbnail","7":"category-comunidad"},"yoast_head":"<!-- This site is optimized with the Yoast SEO plugin v27.5 - https:\/\/yoast.com\/product\/yoast-seo-wordpress\/ -->\n<title>Escuela John F. Kennedy de San Felipe realizar\u00e1 Primer Torneo de Balonmano - Diario El Trabajo<\/title>\n<meta name=\"robots\" content=\"index, follow, max-snippet:-1, max-image-preview:large, max-video-preview:-1\" \/>\n<link rel=\"canonical\" href=\"https:\/\/eltrabajo.cl\/web\/escuela-john-f-kennedy-de-san-felipe-realizara-primer-torneo-de-balonmano\/\" \/>\n<meta property=\"og:locale\" content=\"es_ES\" \/>\n<meta property=\"og:type\" content=\"article\" \/>\n<meta property=\"og:title\" content=\"Escuela John F. Kennedy de San Felipe realizar\u00e1 Primer Torneo de Balonmano - Diario El Trabajo\" \/>\n<meta property=\"og:description\" content=\"Fiesta deportiva se vivir\u00e1 desde las 09:00 de la ma\u00f1ana en dependencias del mismo establecimiento educacional.- Desde la Escuela John F. Kennedy de San Felipe, invitan a toda la comunidad a la jornada deportiva que llevar\u00e1n a cabo este s\u00e1bado 19 de octubre con la realizaci\u00f3n del primer Torneo de Balonmano, instancia que reunir\u00e1 a [&hellip;]\" \/>\n<meta property=\"og:url\" content=\"https:\/\/eltrabajo.cl\/web\/escuela-john-f-kennedy-de-san-felipe-realizara-primer-torneo-de-balonmano\/\" \/>\n<meta property=\"og:site_name\" content=\"Diario El Trabajo\" \/>\n<meta property=\"article:publisher\" content=\"https:\/\/www.facebook.com\/ElTrabajoDiario\" \/>\n<meta property=\"article:published_time\" content=\"2024-10-18T00:50:25+00:00\" \/>\n<meta property=\"og:image\" content=\"https:\/\/eltrabajo.cl\/web\/wp-content\/uploads\/2024\/10\/balonmano-kennedy-1.jpg\" \/>\n\t<meta property=\"og:image:width\" content=\"700\" \/>\n\t<meta property=\"og:image:height\" content=\"500\" \/>\n\t<meta property=\"og:image:type\" content=\"image\/jpeg\" \/>\n<meta name=\"author\" content=\"Diario El Trabajo\" \/>\n<meta name=\"twitter:card\" content=\"summary_large_image\" \/>\n<meta name=\"twitter:creator\" content=\"@diarioeltrabajo\" \/>\n<meta name=\"twitter:site\" content=\"@diarioeltrabajo\" \/>\n<meta name=\"twitter:label1\" content=\"Escrito por\" \/>\n\t<meta name=\"twitter:data1\" content=\"Diario El Trabajo\" \/>\n\t<meta name=\"twitter:label2\" content=\"Tiempo estimado de lectura\" \/>\n\t<meta name=\"twitter:data2\" content=\"4 minutos\" \/>\n<script type=\"application\/ld+json\" class=\"yoast-schema-graph\">{\"@context\":\"https:\\\/\\\/schema.org\",\"@graph\":[{\"@type\":\"Article\",\"@id\":\"https:\\\/\\\/eltrabajo.cl\\\/web\\\/escuela-john-f-kennedy-de-san-felipe-realizara-primer-torneo-de-balonmano\\\/#article\",\"isPartOf\":{\"@id\":\"https:\\\/\\\/eltrabajo.cl\\\/web\\\/escuela-john-f-kennedy-de-san-felipe-realizara-primer-torneo-de-balonmano\\\/\"},\"author\":{\"name\":\"Diario El Trabajo\",\"@id\":\"https:\\\/\\\/eltrabajo.cl\\\/web\\\/#\\\/schema\\\/person\\\/45efd3d17f86ec456e44dd7debe1bf19\"},\"headline\":\"Escuela John F. Kennedy de San Felipe realizar\u00e1 Primer Torneo de Balonmano\",\"datePublished\":\"2024-10-18T00:50:25+00:00\",\"mainEntityOfPage\":{\"@id\":\"https:\\\/\\\/eltrabajo.cl\\\/web\\\/escuela-john-f-kennedy-de-san-felipe-realizara-primer-torneo-de-balonmano\\\/\"},\"wordCount\":727,\"commentCount\":0,\"publisher\":{\"@id\":\"https:\\\/\\\/eltrabajo.cl\\\/web\\\/#organization\"},\"image\":{\"@id\":\"https:\\\/\\\/eltrabajo.cl\\\/web\\\/escuela-john-f-kennedy-de-san-felipe-realizara-primer-torneo-de-balonmano\\\/#primaryimage\"},\"thumbnailUrl\":\"https:\\\/\\\/eltrabajo.cl\\\/web\\\/wp-content\\\/uploads\\\/2024\\\/10\\\/balonmano-kennedy-1.jpg\",\"articleSection\":[\"Comunidad\"],\"inLanguage\":\"es-CL\",\"potentialAction\":[{\"@type\":\"CommentAction\",\"name\":\"Comment\",\"target\":[\"https:\\\/\\\/eltrabajo.cl\\\/web\\\/escuela-john-f-kennedy-de-san-felipe-realizara-primer-torneo-de-balonmano\\\/#respond\"]}]},{\"@type\":\"WebPage\",\"@id\":\"https:\\\/\\\/eltrabajo.cl\\\/web\\\/escuela-john-f-kennedy-de-san-felipe-realizara-primer-torneo-de-balonmano\\\/\",\"url\":\"https:\\\/\\\/eltrabajo.cl\\\/web\\\/escuela-john-f-kennedy-de-san-felipe-realizara-primer-torneo-de-balonmano\\\/\",\"name\":\"Escuela John F. Kennedy de San Felipe realizar\u00e1 Primer Torneo de Balonmano - Diario El Trabajo\",\"isPartOf\":{\"@id\":\"https:\\\/\\\/eltrabajo.cl\\\/web\\\/#website\"},\"primaryImageOfPage\":{\"@id\":\"https:\\\/\\\/eltrabajo.cl\\\/web\\\/escuela-john-f-kennedy-de-san-felipe-realizara-primer-torneo-de-balonmano\\\/#primaryimage\"},\"image\":{\"@id\":\"https:\\\/\\\/eltrabajo.cl\\\/web\\\/escuela-john-f-kennedy-de-san-felipe-realizara-primer-torneo-de-balonmano\\\/#primaryimage\"},\"thumbnailUrl\":\"https:\\\/\\\/eltrabajo.cl\\\/web\\\/wp-content\\\/uploads\\\/2024\\\/10\\\/balonmano-kennedy-1.jpg\",\"datePublished\":\"2024-10-18T00:50:25+00:00\",\"breadcrumb\":{\"@id\":\"https:\\\/\\\/eltrabajo.cl\\\/web\\\/escuela-john-f-kennedy-de-san-felipe-realizara-primer-torneo-de-balonmano\\\/#breadcrumb\"},\"inLanguage\":\"es-CL\",\"potentialAction\":[{\"@type\":\"ReadAction\",\"target\":[\"https:\\\/\\\/eltrabajo.cl\\\/web\\\/escuela-john-f-kennedy-de-san-felipe-realizara-primer-torneo-de-balonmano\\\/\"]}]},{\"@type\":\"ImageObject\",\"inLanguage\":\"es-CL\",\"@id\":\"https:\\\/\\\/eltrabajo.cl\\\/web\\\/escuela-john-f-kennedy-de-san-felipe-realizara-primer-torneo-de-balonmano\\\/#primaryimage\",\"url\":\"https:\\\/\\\/eltrabajo.cl\\\/web\\\/wp-content\\\/uploads\\\/2024\\\/10\\\/balonmano-kennedy-1.jpg\",\"contentUrl\":\"https:\\\/\\\/eltrabajo.cl\\\/web\\\/wp-content\\\/uploads\\\/2024\\\/10\\\/balonmano-kennedy-1.jpg\",\"width\":700,\"height\":500,\"caption\":\"Equipo de balonmano varones de la Escuela John Kennedy.\"},{\"@type\":\"BreadcrumbList\",\"@id\":\"https:\\\/\\\/eltrabajo.cl\\\/web\\\/escuela-john-f-kennedy-de-san-felipe-realizara-primer-torneo-de-balonmano\\\/#breadcrumb\",\"itemListElement\":[{\"@type\":\"ListItem\",\"position\":1,\"name\":\"Portada\",\"item\":\"https:\\\/\\\/eltrabajo.cl\\\/web\\\/\"},{\"@type\":\"ListItem\",\"position\":2,\"name\":\"Escuela John F. Kennedy de San Felipe realizar\u00e1 Primer Torneo de Balonmano\"}]},{\"@type\":\"WebSite\",\"@id\":\"https:\\\/\\\/eltrabajo.cl\\\/web\\\/#website\",\"url\":\"https:\\\/\\\/eltrabajo.cl\\\/web\\\/\",\"name\":\"Diario El Trabajo\",\"description\":\"Desde 1929 construyendo Identidad Local\",\"publisher\":{\"@id\":\"https:\\\/\\\/eltrabajo.cl\\\/web\\\/#organization\"},\"potentialAction\":[{\"@type\":\"SearchAction\",\"target\":{\"@type\":\"EntryPoint\",\"urlTemplate\":\"https:\\\/\\\/eltrabajo.cl\\\/web\\\/?s={search_term_string}\"},\"query-input\":{\"@type\":\"PropertyValueSpecification\",\"valueRequired\":true,\"valueName\":\"search_term_string\"}}],\"inLanguage\":\"es-CL\"},{\"@type\":\"Organization\",\"@id\":\"https:\\\/\\\/eltrabajo.cl\\\/web\\\/#organization\",\"name\":\"Diario El Trabajo\",\"url\":\"https:\\\/\\\/eltrabajo.cl\\\/web\\\/\",\"logo\":{\"@type\":\"ImageObject\",\"inLanguage\":\"es-CL\",\"@id\":\"https:\\\/\\\/eltrabajo.cl\\\/web\\\/#\\\/schema\\\/logo\\\/image\\\/\",\"url\":\"https:\\\/\\\/eltrabajo.cl\\\/web\\\/wp-content\\\/uploads\\\/2024\\\/06\\\/profile-image-ig-page-diarioeltrabajo.jpg\",\"contentUrl\":\"https:\\\/\\\/eltrabajo.cl\\\/web\\\/wp-content\\\/uploads\\\/2024\\\/06\\\/profile-image-ig-page-diarioeltrabajo.jpg\",\"width\":823,\"height\":823,\"caption\":\"Diario El Trabajo\"},\"image\":{\"@id\":\"https:\\\/\\\/eltrabajo.cl\\\/web\\\/#\\\/schema\\\/logo\\\/image\\\/\"},\"sameAs\":[\"https:\\\/\\\/www.facebook.com\\\/ElTrabajoDiario\",\"https:\\\/\\\/x.com\\\/diarioeltrabajo\"]},{\"@type\":\"Person\",\"@id\":\"https:\\\/\\\/eltrabajo.cl\\\/web\\\/#\\\/schema\\\/person\\\/45efd3d17f86ec456e44dd7debe1bf19\",\"name\":\"Diario El Trabajo\",\"image\":{\"@type\":\"ImageObject\",\"inLanguage\":\"es-CL\",\"@id\":\"https:\\\/\\\/secure.gravatar.com\\\/avatar\\\/7e6ec277dc4aea2677c2dc301d4227957219329c985ab69a3efc12518b5161aa?s=96&d=mm&r=g\",\"url\":\"https:\\\/\\\/secure.gravatar.com\\\/avatar\\\/7e6ec277dc4aea2677c2dc301d4227957219329c985ab69a3efc12518b5161aa?s=96&d=mm&r=g\",\"contentUrl\":\"https:\\\/\\\/secure.gravatar.com\\\/avatar\\\/7e6ec277dc4aea2677c2dc301d4227957219329c985ab69a3efc12518b5161aa?s=96&d=mm&r=g\",\"caption\":\"Diario El Trabajo\"},\"sameAs\":[\"https:\\\/\\\/eltrabajo.cl\\\/web\"],\"url\":\"https:\\\/\\\/eltrabajo.cl\\\/web\\\/author\\\/diario-el-trabajo\\\/\"}]}<\/script>\n<!-- \/ Yoast SEO plugin. -->","yoast_head_json":{"title":"Escuela John F. Kennedy de San Felipe realizar\u00e1 Primer Torneo de Balonmano - Diario El Trabajo","robots":{"index":"index","follow":"follow","max-snippet":"max-snippet:-1","max-image-preview":"max-image-preview:large","max-video-preview":"max-video-preview:-1"},"canonical":"https:\/\/eltrabajo.cl\/web\/escuela-john-f-kennedy-de-san-felipe-realizara-primer-torneo-de-balonmano\/","og_locale":"es_ES","og_type":"article","og_title":"Escuela John F. Kennedy de San Felipe realizar\u00e1 Primer Torneo de Balonmano - Diario El Trabajo","og_description":"Fiesta deportiva se vivir\u00e1 desde las 09:00 de la ma\u00f1ana en dependencias del mismo establecimiento educacional.- Desde la Escuela John F. Kennedy de San Felipe, invitan a toda la comunidad a la jornada deportiva que llevar\u00e1n a cabo este s\u00e1bado 19 de octubre con la realizaci\u00f3n del primer Torneo de Balonmano, instancia que reunir\u00e1 a [&hellip;]","og_url":"https:\/\/eltrabajo.cl\/web\/escuela-john-f-kennedy-de-san-felipe-realizara-primer-torneo-de-balonmano\/","og_site_name":"Diario El Trabajo","article_publisher":"https:\/\/www.facebook.com\/ElTrabajoDiario","article_published_time":"2024-10-18T00:50:25+00:00","og_image":[{"width":700,"height":500,"url":"https:\/\/eltrabajo.cl\/web\/wp-content\/uploads\/2024\/10\/balonmano-kennedy-1.jpg","type":"image\/jpeg"}],"author":"Diario El Trabajo","twitter_card":"summary_large_image","twitter_creator":"@diarioeltrabajo","twitter_site":"@diarioeltrabajo","twitter_misc":{"Escrito por":"Diario El Trabajo","Tiempo estimado de lectura":"4 minutos"},"schema":{"@context":"https:\/\/schema.org","@graph":[{"@type":"Article","@id":"https:\/\/eltrabajo.cl\/web\/escuela-john-f-kennedy-de-san-felipe-realizara-primer-torneo-de-balonmano\/#article","isPartOf":{"@id":"https:\/\/eltrabajo.cl\/web\/escuela-john-f-kennedy-de-san-felipe-realizara-primer-torneo-de-balonmano\/"},"author":{"name":"Diario El Trabajo","@id":"https:\/\/eltrabajo.cl\/web\/#\/schema\/person\/45efd3d17f86ec456e44dd7debe1bf19"},"headline":"Escuela John F. Kennedy de San Felipe realizar\u00e1 Primer Torneo de Balonmano","datePublished":"2024-10-18T00:50:25+00:00","mainEntityOfPage":{"@id":"https:\/\/eltrabajo.cl\/web\/escuela-john-f-kennedy-de-san-felipe-realizara-primer-torneo-de-balonmano\/"},"wordCount":727,"commentCount":0,"publisher":{"@id":"https:\/\/eltrabajo.cl\/web\/#organization"},"image":{"@id":"https:\/\/eltrabajo.cl\/web\/escuela-john-f-kennedy-de-san-felipe-realizara-primer-torneo-de-balonmano\/#primaryimage"},"thumbnailUrl":"https:\/\/eltrabajo.cl\/web\/wp-content\/uploads\/2024\/10\/balonmano-kennedy-1.jpg","articleSection":["Comunidad"],"inLanguage":"es-CL","potentialAction":[{"@type":"CommentAction","name":"Comment","target":["https:\/\/eltrabajo.cl\/web\/escuela-john-f-kennedy-de-san-felipe-realizara-primer-torneo-de-balonmano\/#respond"]}]},{"@type":"WebPage","@id":"https:\/\/eltrabajo.cl\/web\/escuela-john-f-kennedy-de-san-felipe-realizara-primer-torneo-de-balonmano\/","url":"https:\/\/eltrabajo.cl\/web\/escuela-john-f-kennedy-de-san-felipe-realizara-primer-torneo-de-balonmano\/","name":"Escuela John F. Kennedy de San Felipe realizar\u00e1 Primer Torneo de Balonmano - Diario El Trabajo","isPartOf":{"@id":"https:\/\/eltrabajo.cl\/web\/#website"},"primaryImageOfPage":{"@id":"https:\/\/eltrabajo.cl\/web\/escuela-john-f-kennedy-de-san-felipe-realizara-primer-torneo-de-balonmano\/#primaryimage"},"image":{"@id":"https:\/\/eltrabajo.cl\/web\/escuela-john-f-kennedy-de-san-felipe-realizara-primer-torneo-de-balonmano\/#primaryimage"},"thumbnailUrl":"https:\/\/eltrabajo.cl\/web\/wp-content\/uploads\/2024\/10\/balonmano-kennedy-1.jpg","datePublished":"2024-10-18T00:50:25+00:00","breadcrumb":{"@id":"https:\/\/eltrabajo.cl\/web\/escuela-john-f-kennedy-de-san-felipe-realizara-primer-torneo-de-balonmano\/#breadcrumb"},"inLanguage":"es-CL","potentialAction":[{"@type":"ReadAction","target":["https:\/\/eltrabajo.cl\/web\/escuela-john-f-kennedy-de-san-felipe-realizara-primer-torneo-de-balonmano\/"]}]},{"@type":"ImageObject","inLanguage":"es-CL","@id":"https:\/\/eltrabajo.cl\/web\/escuela-john-f-kennedy-de-san-felipe-realizara-primer-torneo-de-balonmano\/#primaryimage","url":"https:\/\/eltrabajo.cl\/web\/wp-content\/uploads\/2024\/10\/balonmano-kennedy-1.jpg","contentUrl":"https:\/\/eltrabajo.cl\/web\/wp-content\/uploads\/2024\/10\/balonmano-kennedy-1.jpg","width":700,"height":500,"caption":"Equipo de balonmano varones de la Escuela John Kennedy."},{"@type":"BreadcrumbList","@id":"https:\/\/eltrabajo.cl\/web\/escuela-john-f-kennedy-de-san-felipe-realizara-primer-torneo-de-balonmano\/#breadcrumb","itemListElement":[{"@type":"ListItem","position":1,"name":"Portada","item":"https:\/\/eltrabajo.cl\/web\/"},{"@type":"ListItem","position":2,"name":"Escuela John F. Kennedy de San Felipe realizar\u00e1 Primer Torneo de Balonmano"}]},{"@type":"WebSite","@id":"https:\/\/eltrabajo.cl\/web\/#website","url":"https:\/\/eltrabajo.cl\/web\/","name":"Diario El Trabajo","description":"Desde 1929 construyendo Identidad Local","publisher":{"@id":"https:\/\/eltrabajo.cl\/web\/#organization"},"potentialAction":[{"@type":"SearchAction","target":{"@type":"EntryPoint","urlTemplate":"https:\/\/eltrabajo.cl\/web\/?s={search_term_string}"},"query-input":{"@type":"PropertyValueSpecification","valueRequired":true,"valueName":"search_term_string"}}],"inLanguage":"es-CL"},{"@type":"Organization","@id":"https:\/\/eltrabajo.cl\/web\/#organization","name":"Diario El Trabajo","url":"https:\/\/eltrabajo.cl\/web\/","logo":{"@type":"ImageObject","inLanguage":"es-CL","@id":"https:\/\/eltrabajo.cl\/web\/#\/schema\/logo\/image\/","url":"https:\/\/eltrabajo.cl\/web\/wp-content\/uploads\/2024\/06\/profile-image-ig-page-diarioeltrabajo.jpg","contentUrl":"https:\/\/eltrabajo.cl\/web\/wp-content\/uploads\/2024\/06\/profile-image-ig-page-diarioeltrabajo.jpg","width":823,"height":823,"caption":"Diario El Trabajo"},"image":{"@id":"https:\/\/eltrabajo.cl\/web\/#\/schema\/logo\/image\/"},"sameAs":["https:\/\/www.facebook.com\/ElTrabajoDiario","https:\/\/x.com\/diarioeltrabajo"]},{"@type":"Person","@id":"https:\/\/eltrabajo.cl\/web\/#\/schema\/person\/45efd3d17f86ec456e44dd7debe1bf19","name":"Diario El Trabajo","image":{"@type":"ImageObject","inLanguage":"es-CL","@id":"https:\/\/secure.gravatar.com\/avatar\/7e6ec277dc4aea2677c2dc301d4227957219329c985ab69a3efc12518b5161aa?s=96&d=mm&r=g","url":"https:\/\/secure.gravatar.com\/avatar\/7e6ec277dc4aea2677c2dc301d4227957219329c985ab69a3efc12518b5161aa?s=96&d=mm&r=g","contentUrl":"https:\/\/secure.gravatar.com\/avatar\/7e6ec277dc4aea2677c2dc301d4227957219329c985ab69a3efc12518b5161aa?s=96&d=mm&r=g","caption":"Diario El Trabajo"},"sameAs":["https:\/\/eltrabajo.cl\/web"],"url":"https:\/\/eltrabajo.cl\/web\/author\/diario-el-trabajo\/"}]}},"_links":{"self":[{"href":"https:\/\/eltrabajo.cl\/web\/wp-json\/wp\/v2\/posts\/132756","targetHints":{"allow":["GET"]}}],"collection":[{"href":"https:\/\/eltrabajo.cl\/web\/wp-json\/wp\/v2\/posts"}],"about":[{"href":"https:\/\/eltrabajo.cl\/web\/wp-json\/wp\/v2\/types\/post"}],"author":[{"embeddable":true,"href":"https:\/\/eltrabajo.cl\/web\/wp-json\/wp\/v2\/users\/1"}],"replies":[{"embeddable":true,"href":"https:\/\/eltrabajo.cl\/web\/wp-json\/wp\/v2\/comments?post=132756"}],"version-history":[{"count":1,"href":"https:\/\/eltrabajo.cl\/web\/wp-json\/wp\/v2\/posts\/132756\/revisions"}],"predecessor-version":[{"id":132759,"href":"https:\/\/eltrabajo.cl\/web\/wp-json\/wp\/v2\/posts\/132756\/revisions\/132759"}],"wp:featuredmedia":[{"embeddable":true,"href":"https:\/\/eltrabajo.cl\/web\/wp-json\/wp\/v2\/media\/132757"}],"wp:attachment":[{"href":"https:\/\/eltrabajo.cl\/web\/wp-json\/wp\/v2\/media?parent=132756"}],"wp:term":[{"taxonomy":"category","embeddable":true,"href":"https:\/\/eltrabajo.cl\/web\/wp-json\/wp\/v2\/categories?post=132756"},{"taxonomy":"post_tag","embeddable":true,"href":"https:\/\/eltrabajo.cl\/web\/wp-json\/wp\/v2\/tags?post=132756"}],"curies":[{"name":"wp","href":"https:\/\/api.w.org\/{rel}","templated":true}]}}