{"id":132788,"date":"2024-10-20T21:34:03","date_gmt":"2024-10-21T00:34:03","guid":{"rendered":"https:\/\/eltrabajo.cl\/web\/?p=132788"},"modified":"2024-10-20T21:18:39","modified_gmt":"2024-10-21T00:18:39","slug":"ruth-delgado-el-camino-de-una-dirigente-social-hacia-el-concejo-municipal-de-san-felipe","status":"publish","type":"post","link":"https:\/\/eltrabajo.cl\/web\/ruth-delgado-el-camino-de-una-dirigente-social-hacia-el-concejo-municipal-de-san-felipe\/","title":{"rendered":"Ruth Delgado: el camino de una dirigente social hacia el Concejo Municipal de San Felipe"},"content":{"rendered":"<p><span style=\"color: #ff0000;\"><strong>CAMPA\u00d1A ELECTORAL MUNICIPALES 2024:<\/strong><\/span><\/p>\n<ul>\n<li><strong>\u00ab<em>Espero seguir trabajando por la comunidad, ver y velar, porque un dirigente sabe realmente d\u00f3nde est\u00e1 cada problem\u00e1tica que hay en las poblaciones\u00bb.-<\/em><\/strong><\/li>\n<\/ul>\n<p>Con m\u00e1s de 25 a\u00f1os como dirigente social y cerca de diez liderando la Uni\u00f3n Comunal de Juntas de Vecinos de San Felipe (UNCO), <strong>Ruth Delgado Barrera<\/strong> hoy es candidata a concejal por San Felipe y cuenta con el apoyo de vecinos y vecinas de las distintas poblaciones y villas de nuestra comuna; esto, no solo por apoyar las necesidades de cada comunidad, sino que tambi\u00e9n por el liderazgo con el que ha enfrentado los desaf\u00edos.<\/p>\n<p>Desde el a\u00f1o 2016, junto a los dem\u00e1s l\u00edderes de las UNCO de nuestra provincia, ha llevado la lucha de todos los pacientes oncol\u00f3gicos de nuestra zona, proyecto que est\u00e1 a punto de materializarse este 2025; una sala de quimioterapia en el Hospital San Camilo y que el c\u00e1ncer pueda ser tratado directamente en nuestra comuna. Lo anterior, evitando todo lo que conlleva, econ\u00f3mica y an\u00edmicamente, realizarlo en el Hospital Carlos Van Buren de Valpara\u00edso.<\/p>\n<p>La candidata independiente y apoyada por la lista del Partido Radical (PR), aspira a llegar al Concejo Municipal, donde espera continuar la labor con los distintos dirigentes y efectuar cambios concretos en materias de salud y educaci\u00f3n. Ya ha obtenido el voto de confianza en los \u2018puerta a puerta\u2019 y busca reafirmarlo este 26 y 27 de octubre, en las Elecciones Municipales 2024.<\/p>\n<p>La candidata a concejal, <strong>Ruth Delgado<\/strong>, realiz\u00f3 un repaso de su carrera como dirigente y los desaf\u00edos que se han enfrentado durante este 2024, destac\u00e1ndose el temporal que azot\u00f3 a San Felipe en agosto. <em>\u00abHace alrededor de 26 a\u00f1os m\u00e1s o menos soy dirigente vecinal, comenc\u00e9 con la Villa Cordillera y hasta ahora no he parado en ser una l\u00edder dirigente. La presidenta de la Uni\u00f3n Comunal lidera 170 juntas de vecinos y ahora, est\u00e1 en m\u00e1s o menos 132 juntas de vecinos activas y las presidentas o presidentes de las juntas de vecinos se encargan de liderar y resguardar lo que corresponde netamente a las juntas de vecinos, a los presidentes de la Junta de Vecinos, para nosotros ayudarlos, empoderarlos, ayudar en gesti\u00f3n con ellos y apoyarlos en todo lo que se requiere en cada junta de vecinos.<\/em><\/p>\n<p>\u00ab<em>Este a\u00f1o no ha sido muy bueno para todos los dirigentes como juntas de vecinos, sobre todo, lo que nos pas\u00f3 con el temporal, que quedamos todos los dirigentes pr\u00e1cticamente trabajando por los sectores que fueron maltratados por este temporal, con casas sin techo, sin luz el\u00e9ctrica, que ustedes saben perfectamente que estuvimos casi cinco d\u00edas sin luz el\u00e9ctrica en varios sectores, entonces, tuvimos que estar apoyando a cada junta de vecinos\u00bb<\/em>, precis\u00f3.<\/p>\n<p>Respecto a sus aspiraciones como edil de nuestra comuna, Delgado indic\u00f3 que <em>\u00abmi fin es que yo siempre he trabajado por el bien com\u00fan de todos los vecinos en general, me encanta ser dirigente y por qu\u00e9 no ser concejal; estar ah\u00ed, porque soy una mujer l\u00edder, fuerte, potente, luchadora y s\u00e9 que soy ejecutiva y resolutiva. <\/em>(Como concejala) e<em>spero seguir trabajando por la comunidad, ver y velar, porque un dirigente sabe realmente d\u00f3nde est\u00e1 cada problem\u00e1tica que hay en las poblaciones, entonces, eso me insta a ver y velar por el bien de mi comuna que, en general, veo que a veces no est\u00e1n bien equitativos los beneficios que lleva San Felipe en s\u00ed. A veces se ve afectado un lugar en donde no se ve el beneficio y este beneficio se ve en lugares distintos y se vuelve a repetir. Eso los dirigentes lo hacen ver y ven que su sector no est\u00e1 siendo beneficiado y otros s\u00ed, y eso es lo que me insta a ser concejala; velar para que esto sea equitativo, fiscalizar, que es un rol muy importante, para que se sean bien distribuidos los recursos que llegan al municipio\u00bb<\/em>, a\u00f1adi\u00f3.<\/p>\n<p>La candidata independiente estableci\u00f3 que uno de sus proyectos est\u00e1 pronto a volverse una realidad en San Felipe. <em>\u00abYo tengo una propuesta que llevo en mi lucha, que es la sala de quimioterapia, junto con todos los dirigentes que son presidentes de las UNCO de la provincia de San Felipe, donde estamos luchando y hemos avanzado desde el a\u00f1o 2016, que trabajamos por la sala de quimioterapia. Ahora ya en el 2025, ya comenzando en marzo con doce sillones para habilitar la sala, que ya est\u00e1 casi lista. Es un gran avance, ustedes tienen que pensar que ir a Valpara\u00edso a hacerse las quimios, desde tantos a\u00f1os, los sanfelipe\u00f1os, del Valle del Aconcagua en general y La Ligua, Petorca, hasta Los Andes, es un sacrificio enorme. Este logro es demasiado grande para nosotros, nos enorgullece estar presentes en esta lucha y creo que lo vamos a lograr\u00bb.<\/em><\/p>\n<p>En esta l\u00ednea, estableci\u00f3 cu\u00e1les son los ejes de su candidatura. Delgado expres\u00f3 que <em>\u00ablo otro que a m\u00ed me lleva a ser candidata, aparte de fiscalizar, que ese rol es fundamental de un concejal, es instar proyectos. Por ejemplo, yo he visto que los alumnos de los colegios, sobre todo municipales, viajan desde las zonas rurales en movilizaci\u00f3n propia. Creo que San Felipe debe tener una movilizaci\u00f3n para traer a los ni\u00f1os a los colegios, de acercamiento hacia los colegios. T\u00fa tienes que pensar que, desde Bellavista, El Asiento, vienen ni\u00f1os al <\/em>(liceo) <em>Cordillera, al <\/em>(liceo) <em>Mixto, a distintos colegios que son de ac\u00e1 del centro de San Felipe y lo tienen que hacer, entonces, la micro llega muy tarde o es muy lento. Hacer un bus de acercamiento yo creo que es prioridad y es una de las propuestas que yo creo que es importante. S\u00e9 que los colegios vienen siendo parte del Estado, pero como municipio debemos cooperar en este aspecto en cuanto a la educaci\u00f3n.<\/em><\/p>\n<p>\u00ab<em>En cuanto a la salud, creo que los Cesfam como el Segismundo Iturra, tiene que empoderarse, tiene que inyectarse m\u00e1s dinero, m\u00e1s recursos con doctores, para que sus horas de espera no sean demasiado. Yo pienso que hay que trabajar en todos los sectores, tanto salud como educaci\u00f3n, la parte de tr\u00e1nsito, porque yo veo como est\u00e1 saturado el camino hacia Putaendo desde San Felipe. Es fundamental trabajar en las calles, ya que las calles dejan mucho que desear, es el reclamo que yo lo veo con los dirigentes, ya que San Felipe est\u00e1 lleno de hoyos y no podemos negarlo. La seguridad es algo que se est\u00e1 trabajando, estamos en un Consejo de Seguridad, donde hay que trabajar y yo siempre digo, \u2018no hacer tantas reuniones y ser m\u00e1s ejecutivos\u2019. Creo que Carabineros es la parte fundamental ac\u00e1, creo que la Delegaci\u00f3n tiene que tomar parte enormemente y hacerse cargo, porque la municipalidad coopera con el OS-14 y es un aporte fundamental que hemos tenido\u00bb<\/em>, detall\u00f3 la presidenta de la UNCO de San Felipe.<\/p>\n<p>Finalmente, Ruth Delgado extendi\u00f3 su compromiso con la ciudadan\u00eda, a d\u00edas de un nuevo proceso eleccionario este fin de semana. <em>\u00abCada concejal tiene su rol, que es su comisi\u00f3n, yo siempre he dicho que si un concejal no tiene veh\u00edculo y le toc\u00f3 Tr\u00e1nsito, tiene que ir en bicicleta o por \u00faltimo a pie a darse una vuelta, a ver c\u00f3mo est\u00e1n las calles de San Felipe. Si es de Salud, me voy al Cesfam municipal que corresponda, a ver c\u00f3mo est\u00e1 el asunto de las horas. Tomar una hora con un m\u00e9dico, que despu\u00e9s te manda a hacer ex\u00e1menes y una vez que los tienes, hay que volver a pedir hora; ese protocolo no puede ser, est\u00e1 mal.<\/em><\/p>\n<p><em>\u00abDeber\u00edan votar por m\u00ed ya que soy una mujer empoderada, yo soy una l\u00edder, soy dirigente, soy ejecutiva, soy fuerte. Creo que a m\u00ed nadie me va a hacer callar, yo s\u00e9 que si algo est\u00e1 fallando, lo voy a decir. Crean en m\u00ed, conf\u00eden en m\u00ed y s\u00e9 que soy una mujer que resuelve\u00bb<\/em>, concluy\u00f3 la candidata a concejal por San Felipe.<\/p>\n<figure id=\"attachment_132789\" aria-describedby=\"caption-attachment-132789\" style=\"width: 700px\" class=\"wp-caption alignnone\"><img loading=\"lazy\" decoding=\"async\" class=\"size-full wp-image-132789\" src=\"https:\/\/eltrabajo.cl\/web\/wp-content\/uploads\/2024\/10\/RUTH-1.jpg\" alt=\"Ruth Delgado Barrera, candidata a concejal por San Felipe.\" width=\"700\" height=\"565\" srcset=\"https:\/\/eltrabajo.cl\/web\/wp-content\/uploads\/2024\/10\/RUTH-1.jpg 700w, https:\/\/eltrabajo.cl\/web\/wp-content\/uploads\/2024\/10\/RUTH-1-300x242.jpg 300w, https:\/\/eltrabajo.cl\/web\/wp-content\/uploads\/2024\/10\/RUTH-1-520x420.jpg 520w, https:\/\/eltrabajo.cl\/web\/wp-content\/uploads\/2024\/10\/RUTH-1-150x121.jpg 150w, https:\/\/eltrabajo.cl\/web\/wp-content\/uploads\/2024\/10\/RUTH-1-696x562.jpg 696w\" sizes=\"auto, (max-width: 700px) 100vw, 700px\" \/><figcaption id=\"caption-attachment-132789\" class=\"wp-caption-text\">Ruth Delgado Barrera, candidata a concejal por San Felipe.<\/figcaption><\/figure>\n<figure id=\"attachment_132790\" aria-describedby=\"caption-attachment-132790\" style=\"width: 700px\" class=\"wp-caption alignnone\"><img loading=\"lazy\" decoding=\"async\" class=\"size-full wp-image-132790\" src=\"https:\/\/eltrabajo.cl\/web\/wp-content\/uploads\/2024\/10\/RUTH-2.jpg\" alt=\"La dirigente social es la presidenta de la UNCO de San Felipe.\" width=\"700\" height=\"700\" srcset=\"https:\/\/eltrabajo.cl\/web\/wp-content\/uploads\/2024\/10\/RUTH-2.jpg 700w, https:\/\/eltrabajo.cl\/web\/wp-content\/uploads\/2024\/10\/RUTH-2-300x300.jpg 300w, https:\/\/eltrabajo.cl\/web\/wp-content\/uploads\/2024\/10\/RUTH-2-150x150.jpg 150w, https:\/\/eltrabajo.cl\/web\/wp-content\/uploads\/2024\/10\/RUTH-2-420x420.jpg 420w, https:\/\/eltrabajo.cl\/web\/wp-content\/uploads\/2024\/10\/RUTH-2-696x696.jpg 696w\" sizes=\"auto, (max-width: 700px) 100vw, 700px\" \/><figcaption id=\"caption-attachment-132790\" class=\"wp-caption-text\">La dirigente social es la presidenta de la UNCO de San Felipe.<\/figcaption><\/figure>\n","protected":false},"excerpt":{"rendered":"<p>CAMPA\u00d1A ELECTORAL MUNICIPALES 2024: \u00abEspero seguir trabajando por la comunidad, ver y velar, porque un dirigente sabe realmente d\u00f3nde est\u00e1 cada problem\u00e1tica que hay en las poblaciones\u00bb.- Con m\u00e1s de 25 a\u00f1os como dirigente social y cerca de diez liderando la Uni\u00f3n Comunal de Juntas de Vecinos de San Felipe (UNCO), Ruth Delgado Barrera hoy [&hellip;]<\/p>\n","protected":false},"author":1,"featured_media":132789,"comment_status":"open","ping_status":"closed","sticky":false,"template":"","format":"standard","meta":{"footnotes":""},"categories":[20],"tags":[],"class_list":{"0":"post-132788","1":"post","2":"type-post","3":"status-publish","4":"format-standard","5":"has-post-thumbnail","7":"category-politica"},"yoast_head":"<!-- This site is optimized with the Yoast SEO plugin v27.4 - https:\/\/yoast.com\/product\/yoast-seo-wordpress\/ -->\n<title>Ruth Delgado: el camino de una dirigente social hacia el Concejo Municipal de San Felipe - Diario El Trabajo<\/title>\n<meta name=\"robots\" content=\"index, follow, max-snippet:-1, max-image-preview:large, max-video-preview:-1\" \/>\n<link rel=\"canonical\" href=\"https:\/\/eltrabajo.cl\/web\/ruth-delgado-el-camino-de-una-dirigente-social-hacia-el-concejo-municipal-de-san-felipe\/\" \/>\n<meta property=\"og:locale\" content=\"es_ES\" \/>\n<meta property=\"og:type\" content=\"article\" \/>\n<meta property=\"og:title\" content=\"Ruth Delgado: el camino de una dirigente social hacia el Concejo Municipal de San Felipe - Diario El Trabajo\" \/>\n<meta property=\"og:description\" content=\"CAMPA\u00d1A ELECTORAL MUNICIPALES 2024: \u00abEspero seguir trabajando por la comunidad, ver y velar, porque un dirigente sabe realmente d\u00f3nde est\u00e1 cada problem\u00e1tica que hay en las poblaciones\u00bb.- Con m\u00e1s de 25 a\u00f1os como dirigente social y cerca de diez liderando la Uni\u00f3n Comunal de Juntas de Vecinos de San Felipe (UNCO), Ruth Delgado Barrera hoy [&hellip;]\" \/>\n<meta property=\"og:url\" content=\"https:\/\/eltrabajo.cl\/web\/ruth-delgado-el-camino-de-una-dirigente-social-hacia-el-concejo-municipal-de-san-felipe\/\" \/>\n<meta property=\"og:site_name\" content=\"Diario El Trabajo\" \/>\n<meta property=\"article:publisher\" content=\"https:\/\/www.facebook.com\/ElTrabajoDiario\" \/>\n<meta property=\"article:published_time\" content=\"2024-10-21T00:34:03+00:00\" \/>\n<meta property=\"og:image\" content=\"https:\/\/eltrabajo.cl\/web\/wp-content\/uploads\/2024\/10\/RUTH-1.jpg\" \/>\n\t<meta property=\"og:image:width\" content=\"700\" \/>\n\t<meta property=\"og:image:height\" content=\"565\" \/>\n\t<meta property=\"og:image:type\" content=\"image\/jpeg\" \/>\n<meta name=\"author\" content=\"Diario El Trabajo\" \/>\n<meta name=\"twitter:card\" content=\"summary_large_image\" \/>\n<meta name=\"twitter:creator\" content=\"@diarioeltrabajo\" \/>\n<meta name=\"twitter:site\" content=\"@diarioeltrabajo\" \/>\n<meta name=\"twitter:label1\" content=\"Escrito por\" \/>\n\t<meta name=\"twitter:data1\" content=\"Diario El Trabajo\" \/>\n\t<meta name=\"twitter:label2\" content=\"Tiempo estimado de lectura\" \/>\n\t<meta name=\"twitter:data2\" content=\"7 minutos\" \/>\n<script type=\"application\/ld+json\" class=\"yoast-schema-graph\">{\"@context\":\"https:\\\/\\\/schema.org\",\"@graph\":[{\"@type\":\"Article\",\"@id\":\"https:\\\/\\\/eltrabajo.cl\\\/web\\\/ruth-delgado-el-camino-de-una-dirigente-social-hacia-el-concejo-municipal-de-san-felipe\\\/#article\",\"isPartOf\":{\"@id\":\"https:\\\/\\\/eltrabajo.cl\\\/web\\\/ruth-delgado-el-camino-de-una-dirigente-social-hacia-el-concejo-municipal-de-san-felipe\\\/\"},\"author\":{\"name\":\"Diario El Trabajo\",\"@id\":\"https:\\\/\\\/eltrabajo.cl\\\/web\\\/#\\\/schema\\\/person\\\/45efd3d17f86ec456e44dd7debe1bf19\"},\"headline\":\"Ruth Delgado: el camino de una dirigente social hacia el Concejo Municipal de San Felipe\",\"datePublished\":\"2024-10-21T00:34:03+00:00\",\"mainEntityOfPage\":{\"@id\":\"https:\\\/\\\/eltrabajo.cl\\\/web\\\/ruth-delgado-el-camino-de-una-dirigente-social-hacia-el-concejo-municipal-de-san-felipe\\\/\"},\"wordCount\":1427,\"commentCount\":0,\"publisher\":{\"@id\":\"https:\\\/\\\/eltrabajo.cl\\\/web\\\/#organization\"},\"image\":{\"@id\":\"https:\\\/\\\/eltrabajo.cl\\\/web\\\/ruth-delgado-el-camino-de-una-dirigente-social-hacia-el-concejo-municipal-de-san-felipe\\\/#primaryimage\"},\"thumbnailUrl\":\"https:\\\/\\\/eltrabajo.cl\\\/web\\\/wp-content\\\/uploads\\\/2024\\\/10\\\/RUTH-1.jpg\",\"articleSection\":[\"Pol\u00edtica\"],\"inLanguage\":\"es-CL\",\"potentialAction\":[{\"@type\":\"CommentAction\",\"name\":\"Comment\",\"target\":[\"https:\\\/\\\/eltrabajo.cl\\\/web\\\/ruth-delgado-el-camino-de-una-dirigente-social-hacia-el-concejo-municipal-de-san-felipe\\\/#respond\"]}]},{\"@type\":\"WebPage\",\"@id\":\"https:\\\/\\\/eltrabajo.cl\\\/web\\\/ruth-delgado-el-camino-de-una-dirigente-social-hacia-el-concejo-municipal-de-san-felipe\\\/\",\"url\":\"https:\\\/\\\/eltrabajo.cl\\\/web\\\/ruth-delgado-el-camino-de-una-dirigente-social-hacia-el-concejo-municipal-de-san-felipe\\\/\",\"name\":\"Ruth Delgado: el camino de una dirigente social hacia el Concejo Municipal de San Felipe - Diario El Trabajo\",\"isPartOf\":{\"@id\":\"https:\\\/\\\/eltrabajo.cl\\\/web\\\/#website\"},\"primaryImageOfPage\":{\"@id\":\"https:\\\/\\\/eltrabajo.cl\\\/web\\\/ruth-delgado-el-camino-de-una-dirigente-social-hacia-el-concejo-municipal-de-san-felipe\\\/#primaryimage\"},\"image\":{\"@id\":\"https:\\\/\\\/eltrabajo.cl\\\/web\\\/ruth-delgado-el-camino-de-una-dirigente-social-hacia-el-concejo-municipal-de-san-felipe\\\/#primaryimage\"},\"thumbnailUrl\":\"https:\\\/\\\/eltrabajo.cl\\\/web\\\/wp-content\\\/uploads\\\/2024\\\/10\\\/RUTH-1.jpg\",\"datePublished\":\"2024-10-21T00:34:03+00:00\",\"breadcrumb\":{\"@id\":\"https:\\\/\\\/eltrabajo.cl\\\/web\\\/ruth-delgado-el-camino-de-una-dirigente-social-hacia-el-concejo-municipal-de-san-felipe\\\/#breadcrumb\"},\"inLanguage\":\"es-CL\",\"potentialAction\":[{\"@type\":\"ReadAction\",\"target\":[\"https:\\\/\\\/eltrabajo.cl\\\/web\\\/ruth-delgado-el-camino-de-una-dirigente-social-hacia-el-concejo-municipal-de-san-felipe\\\/\"]}]},{\"@type\":\"ImageObject\",\"inLanguage\":\"es-CL\",\"@id\":\"https:\\\/\\\/eltrabajo.cl\\\/web\\\/ruth-delgado-el-camino-de-una-dirigente-social-hacia-el-concejo-municipal-de-san-felipe\\\/#primaryimage\",\"url\":\"https:\\\/\\\/eltrabajo.cl\\\/web\\\/wp-content\\\/uploads\\\/2024\\\/10\\\/RUTH-1.jpg\",\"contentUrl\":\"https:\\\/\\\/eltrabajo.cl\\\/web\\\/wp-content\\\/uploads\\\/2024\\\/10\\\/RUTH-1.jpg\",\"width\":700,\"height\":565,\"caption\":\"Ruth Delgado Barrera, candidata a concejal por San Felipe.\"},{\"@type\":\"BreadcrumbList\",\"@id\":\"https:\\\/\\\/eltrabajo.cl\\\/web\\\/ruth-delgado-el-camino-de-una-dirigente-social-hacia-el-concejo-municipal-de-san-felipe\\\/#breadcrumb\",\"itemListElement\":[{\"@type\":\"ListItem\",\"position\":1,\"name\":\"Portada\",\"item\":\"https:\\\/\\\/eltrabajo.cl\\\/web\\\/\"},{\"@type\":\"ListItem\",\"position\":2,\"name\":\"Ruth Delgado: el camino de una dirigente social hacia el Concejo Municipal de San Felipe\"}]},{\"@type\":\"WebSite\",\"@id\":\"https:\\\/\\\/eltrabajo.cl\\\/web\\\/#website\",\"url\":\"https:\\\/\\\/eltrabajo.cl\\\/web\\\/\",\"name\":\"Diario El Trabajo\",\"description\":\"Desde 1929 construyendo Identidad Local\",\"publisher\":{\"@id\":\"https:\\\/\\\/eltrabajo.cl\\\/web\\\/#organization\"},\"potentialAction\":[{\"@type\":\"SearchAction\",\"target\":{\"@type\":\"EntryPoint\",\"urlTemplate\":\"https:\\\/\\\/eltrabajo.cl\\\/web\\\/?s={search_term_string}\"},\"query-input\":{\"@type\":\"PropertyValueSpecification\",\"valueRequired\":true,\"valueName\":\"search_term_string\"}}],\"inLanguage\":\"es-CL\"},{\"@type\":\"Organization\",\"@id\":\"https:\\\/\\\/eltrabajo.cl\\\/web\\\/#organization\",\"name\":\"Diario El Trabajo\",\"url\":\"https:\\\/\\\/eltrabajo.cl\\\/web\\\/\",\"logo\":{\"@type\":\"ImageObject\",\"inLanguage\":\"es-CL\",\"@id\":\"https:\\\/\\\/eltrabajo.cl\\\/web\\\/#\\\/schema\\\/logo\\\/image\\\/\",\"url\":\"https:\\\/\\\/eltrabajo.cl\\\/web\\\/wp-content\\\/uploads\\\/2024\\\/06\\\/profile-image-ig-page-diarioeltrabajo.jpg\",\"contentUrl\":\"https:\\\/\\\/eltrabajo.cl\\\/web\\\/wp-content\\\/uploads\\\/2024\\\/06\\\/profile-image-ig-page-diarioeltrabajo.jpg\",\"width\":823,\"height\":823,\"caption\":\"Diario El Trabajo\"},\"image\":{\"@id\":\"https:\\\/\\\/eltrabajo.cl\\\/web\\\/#\\\/schema\\\/logo\\\/image\\\/\"},\"sameAs\":[\"https:\\\/\\\/www.facebook.com\\\/ElTrabajoDiario\",\"https:\\\/\\\/x.com\\\/diarioeltrabajo\"]},{\"@type\":\"Person\",\"@id\":\"https:\\\/\\\/eltrabajo.cl\\\/web\\\/#\\\/schema\\\/person\\\/45efd3d17f86ec456e44dd7debe1bf19\",\"name\":\"Diario El Trabajo\",\"image\":{\"@type\":\"ImageObject\",\"inLanguage\":\"es-CL\",\"@id\":\"https:\\\/\\\/secure.gravatar.com\\\/avatar\\\/7e6ec277dc4aea2677c2dc301d4227957219329c985ab69a3efc12518b5161aa?s=96&d=mm&r=g\",\"url\":\"https:\\\/\\\/secure.gravatar.com\\\/avatar\\\/7e6ec277dc4aea2677c2dc301d4227957219329c985ab69a3efc12518b5161aa?s=96&d=mm&r=g\",\"contentUrl\":\"https:\\\/\\\/secure.gravatar.com\\\/avatar\\\/7e6ec277dc4aea2677c2dc301d4227957219329c985ab69a3efc12518b5161aa?s=96&d=mm&r=g\",\"caption\":\"Diario El Trabajo\"},\"sameAs\":[\"https:\\\/\\\/eltrabajo.cl\\\/web\"],\"url\":\"https:\\\/\\\/eltrabajo.cl\\\/web\\\/author\\\/diario-el-trabajo\\\/\"}]}<\/script>\n<!-- \/ Yoast SEO plugin. -->","yoast_head_json":{"title":"Ruth Delgado: el camino de una dirigente social hacia el Concejo Municipal de San Felipe - Diario El Trabajo","robots":{"index":"index","follow":"follow","max-snippet":"max-snippet:-1","max-image-preview":"max-image-preview:large","max-video-preview":"max-video-preview:-1"},"canonical":"https:\/\/eltrabajo.cl\/web\/ruth-delgado-el-camino-de-una-dirigente-social-hacia-el-concejo-municipal-de-san-felipe\/","og_locale":"es_ES","og_type":"article","og_title":"Ruth Delgado: el camino de una dirigente social hacia el Concejo Municipal de San Felipe - Diario El Trabajo","og_description":"CAMPA\u00d1A ELECTORAL MUNICIPALES 2024: \u00abEspero seguir trabajando por la comunidad, ver y velar, porque un dirigente sabe realmente d\u00f3nde est\u00e1 cada problem\u00e1tica que hay en las poblaciones\u00bb.- Con m\u00e1s de 25 a\u00f1os como dirigente social y cerca de diez liderando la Uni\u00f3n Comunal de Juntas de Vecinos de San Felipe (UNCO), Ruth Delgado Barrera hoy [&hellip;]","og_url":"https:\/\/eltrabajo.cl\/web\/ruth-delgado-el-camino-de-una-dirigente-social-hacia-el-concejo-municipal-de-san-felipe\/","og_site_name":"Diario El Trabajo","article_publisher":"https:\/\/www.facebook.com\/ElTrabajoDiario","article_published_time":"2024-10-21T00:34:03+00:00","og_image":[{"width":700,"height":565,"url":"https:\/\/eltrabajo.cl\/web\/wp-content\/uploads\/2024\/10\/RUTH-1.jpg","type":"image\/jpeg"}],"author":"Diario El Trabajo","twitter_card":"summary_large_image","twitter_creator":"@diarioeltrabajo","twitter_site":"@diarioeltrabajo","twitter_misc":{"Escrito por":"Diario El Trabajo","Tiempo estimado de lectura":"7 minutos"},"schema":{"@context":"https:\/\/schema.org","@graph":[{"@type":"Article","@id":"https:\/\/eltrabajo.cl\/web\/ruth-delgado-el-camino-de-una-dirigente-social-hacia-el-concejo-municipal-de-san-felipe\/#article","isPartOf":{"@id":"https:\/\/eltrabajo.cl\/web\/ruth-delgado-el-camino-de-una-dirigente-social-hacia-el-concejo-municipal-de-san-felipe\/"},"author":{"name":"Diario El Trabajo","@id":"https:\/\/eltrabajo.cl\/web\/#\/schema\/person\/45efd3d17f86ec456e44dd7debe1bf19"},"headline":"Ruth Delgado: el camino de una dirigente social hacia el Concejo Municipal de San Felipe","datePublished":"2024-10-21T00:34:03+00:00","mainEntityOfPage":{"@id":"https:\/\/eltrabajo.cl\/web\/ruth-delgado-el-camino-de-una-dirigente-social-hacia-el-concejo-municipal-de-san-felipe\/"},"wordCount":1427,"commentCount":0,"publisher":{"@id":"https:\/\/eltrabajo.cl\/web\/#organization"},"image":{"@id":"https:\/\/eltrabajo.cl\/web\/ruth-delgado-el-camino-de-una-dirigente-social-hacia-el-concejo-municipal-de-san-felipe\/#primaryimage"},"thumbnailUrl":"https:\/\/eltrabajo.cl\/web\/wp-content\/uploads\/2024\/10\/RUTH-1.jpg","articleSection":["Pol\u00edtica"],"inLanguage":"es-CL","potentialAction":[{"@type":"CommentAction","name":"Comment","target":["https:\/\/eltrabajo.cl\/web\/ruth-delgado-el-camino-de-una-dirigente-social-hacia-el-concejo-municipal-de-san-felipe\/#respond"]}]},{"@type":"WebPage","@id":"https:\/\/eltrabajo.cl\/web\/ruth-delgado-el-camino-de-una-dirigente-social-hacia-el-concejo-municipal-de-san-felipe\/","url":"https:\/\/eltrabajo.cl\/web\/ruth-delgado-el-camino-de-una-dirigente-social-hacia-el-concejo-municipal-de-san-felipe\/","name":"Ruth Delgado: el camino de una dirigente social hacia el Concejo Municipal de San Felipe - Diario El Trabajo","isPartOf":{"@id":"https:\/\/eltrabajo.cl\/web\/#website"},"primaryImageOfPage":{"@id":"https:\/\/eltrabajo.cl\/web\/ruth-delgado-el-camino-de-una-dirigente-social-hacia-el-concejo-municipal-de-san-felipe\/#primaryimage"},"image":{"@id":"https:\/\/eltrabajo.cl\/web\/ruth-delgado-el-camino-de-una-dirigente-social-hacia-el-concejo-municipal-de-san-felipe\/#primaryimage"},"thumbnailUrl":"https:\/\/eltrabajo.cl\/web\/wp-content\/uploads\/2024\/10\/RUTH-1.jpg","datePublished":"2024-10-21T00:34:03+00:00","breadcrumb":{"@id":"https:\/\/eltrabajo.cl\/web\/ruth-delgado-el-camino-de-una-dirigente-social-hacia-el-concejo-municipal-de-san-felipe\/#breadcrumb"},"inLanguage":"es-CL","potentialAction":[{"@type":"ReadAction","target":["https:\/\/eltrabajo.cl\/web\/ruth-delgado-el-camino-de-una-dirigente-social-hacia-el-concejo-municipal-de-san-felipe\/"]}]},{"@type":"ImageObject","inLanguage":"es-CL","@id":"https:\/\/eltrabajo.cl\/web\/ruth-delgado-el-camino-de-una-dirigente-social-hacia-el-concejo-municipal-de-san-felipe\/#primaryimage","url":"https:\/\/eltrabajo.cl\/web\/wp-content\/uploads\/2024\/10\/RUTH-1.jpg","contentUrl":"https:\/\/eltrabajo.cl\/web\/wp-content\/uploads\/2024\/10\/RUTH-1.jpg","width":700,"height":565,"caption":"Ruth Delgado Barrera, candidata a concejal por San Felipe."},{"@type":"BreadcrumbList","@id":"https:\/\/eltrabajo.cl\/web\/ruth-delgado-el-camino-de-una-dirigente-social-hacia-el-concejo-municipal-de-san-felipe\/#breadcrumb","itemListElement":[{"@type":"ListItem","position":1,"name":"Portada","item":"https:\/\/eltrabajo.cl\/web\/"},{"@type":"ListItem","position":2,"name":"Ruth Delgado: el camino de una dirigente social hacia el Concejo Municipal de San Felipe"}]},{"@type":"WebSite","@id":"https:\/\/eltrabajo.cl\/web\/#website","url":"https:\/\/eltrabajo.cl\/web\/","name":"Diario El Trabajo","description":"Desde 1929 construyendo Identidad Local","publisher":{"@id":"https:\/\/eltrabajo.cl\/web\/#organization"},"potentialAction":[{"@type":"SearchAction","target":{"@type":"EntryPoint","urlTemplate":"https:\/\/eltrabajo.cl\/web\/?s={search_term_string}"},"query-input":{"@type":"PropertyValueSpecification","valueRequired":true,"valueName":"search_term_string"}}],"inLanguage":"es-CL"},{"@type":"Organization","@id":"https:\/\/eltrabajo.cl\/web\/#organization","name":"Diario El Trabajo","url":"https:\/\/eltrabajo.cl\/web\/","logo":{"@type":"ImageObject","inLanguage":"es-CL","@id":"https:\/\/eltrabajo.cl\/web\/#\/schema\/logo\/image\/","url":"https:\/\/eltrabajo.cl\/web\/wp-content\/uploads\/2024\/06\/profile-image-ig-page-diarioeltrabajo.jpg","contentUrl":"https:\/\/eltrabajo.cl\/web\/wp-content\/uploads\/2024\/06\/profile-image-ig-page-diarioeltrabajo.jpg","width":823,"height":823,"caption":"Diario El Trabajo"},"image":{"@id":"https:\/\/eltrabajo.cl\/web\/#\/schema\/logo\/image\/"},"sameAs":["https:\/\/www.facebook.com\/ElTrabajoDiario","https:\/\/x.com\/diarioeltrabajo"]},{"@type":"Person","@id":"https:\/\/eltrabajo.cl\/web\/#\/schema\/person\/45efd3d17f86ec456e44dd7debe1bf19","name":"Diario El Trabajo","image":{"@type":"ImageObject","inLanguage":"es-CL","@id":"https:\/\/secure.gravatar.com\/avatar\/7e6ec277dc4aea2677c2dc301d4227957219329c985ab69a3efc12518b5161aa?s=96&d=mm&r=g","url":"https:\/\/secure.gravatar.com\/avatar\/7e6ec277dc4aea2677c2dc301d4227957219329c985ab69a3efc12518b5161aa?s=96&d=mm&r=g","contentUrl":"https:\/\/secure.gravatar.com\/avatar\/7e6ec277dc4aea2677c2dc301d4227957219329c985ab69a3efc12518b5161aa?s=96&d=mm&r=g","caption":"Diario El Trabajo"},"sameAs":["https:\/\/eltrabajo.cl\/web"],"url":"https:\/\/eltrabajo.cl\/web\/author\/diario-el-trabajo\/"}]}},"_links":{"self":[{"href":"https:\/\/eltrabajo.cl\/web\/wp-json\/wp\/v2\/posts\/132788","targetHints":{"allow":["GET"]}}],"collection":[{"href":"https:\/\/eltrabajo.cl\/web\/wp-json\/wp\/v2\/posts"}],"about":[{"href":"https:\/\/eltrabajo.cl\/web\/wp-json\/wp\/v2\/types\/post"}],"author":[{"embeddable":true,"href":"https:\/\/eltrabajo.cl\/web\/wp-json\/wp\/v2\/users\/1"}],"replies":[{"embeddable":true,"href":"https:\/\/eltrabajo.cl\/web\/wp-json\/wp\/v2\/comments?post=132788"}],"version-history":[{"count":1,"href":"https:\/\/eltrabajo.cl\/web\/wp-json\/wp\/v2\/posts\/132788\/revisions"}],"predecessor-version":[{"id":132791,"href":"https:\/\/eltrabajo.cl\/web\/wp-json\/wp\/v2\/posts\/132788\/revisions\/132791"}],"wp:featuredmedia":[{"embeddable":true,"href":"https:\/\/eltrabajo.cl\/web\/wp-json\/wp\/v2\/media\/132789"}],"wp:attachment":[{"href":"https:\/\/eltrabajo.cl\/web\/wp-json\/wp\/v2\/media?parent=132788"}],"wp:term":[{"taxonomy":"category","embeddable":true,"href":"https:\/\/eltrabajo.cl\/web\/wp-json\/wp\/v2\/categories?post=132788"},{"taxonomy":"post_tag","embeddable":true,"href":"https:\/\/eltrabajo.cl\/web\/wp-json\/wp\/v2\/tags?post=132788"}],"curies":[{"name":"wp","href":"https:\/\/api.w.org\/{rel}","templated":true}]}}