{"id":132792,"date":"2024-10-20T21:38:54","date_gmt":"2024-10-21T00:38:54","guid":{"rendered":"https:\/\/eltrabajo.cl\/web\/?p=132792"},"modified":"2024-10-20T21:20:12","modified_gmt":"2024-10-21T00:20:12","slug":"en-potente-senal-politica-exdirigenta-partido-republicano-llama-a-votar-por-christian-beals","status":"publish","type":"post","link":"https:\/\/eltrabajo.cl\/web\/en-potente-senal-politica-exdirigenta-partido-republicano-llama-a-votar-por-christian-beals\/","title":{"rendered":"En potente se\u00f1al pol\u00edtica exdirigenta Partido Republicano llama a votar por Christian Beals"},"content":{"rendered":"<p><span style=\"color: #ff0000;\"><strong>CAMPA\u00d1A ELECTORAL MUNICIPALES 2024:<\/strong><\/span><\/p>\n<ul>\n<li><strong>Deja en claro que si la gente vota a otro candidato de la oposici\u00f3n, estar\u00e1 apoyando directamente la actual gesti\u00f3n municipal.-<\/strong><\/li>\n<\/ul>\n<p>\u00abSacar a San Felipe del evidente e indesmentible estancamiento en que se ha visto inmerso en los \u00faltimos a\u00f1os, es una tarea de todos. Es innegable que la \u2018Ciudad Fuerte y Feliz\u2019 se encuentra en uno de sus peores momentos hist\u00f3ricos; por algo en la actualidad ya dej\u00f3 de ser la m\u00e1s importante de todo el valle de Aconcagua. Volver a instalarla en el lugar que se merece y del cual nunca debi\u00f3 salir, es el objetivo que me he propuesto cumplir\u00bb, asegur\u00f3 el candidato al sill\u00f3n de Manso de Velasco, <strong>Christian Beals<\/strong>.<\/p>\n<p>\u00abLos Andes, Quillota, La Calera, por solo mencionar algunas, hace mucho rato superan en infraestructura, \u00e1reas verdes y comercio a San Felipe, y es por lo mismo que en pocos d\u00edas m\u00e1s toda la ciudadan\u00eda ser\u00e1 convocada a cambiar la historia\u00bb, agreg\u00f3 Beals.<\/p>\n<p>Debido a todo lo anterior, la ex Secretaria Provincial de la Provincia de San Felipe del Partido Republicano, <strong>Maricarmen Moreno<\/strong>, realiz\u00f3 un ferviente llamado para que los militantes de ese partido y electores en general, apoyen con su voto al doctor Beals.<\/p>\n<p>La exdirigente fue muy clara respecto a que <em>\u00abs\u00e9 que me dir\u00e1n que el partido Republicano tiene un candidato a alcalde, pero no quiero entrar en detalles para explicar por qu\u00e9 muchos Republicanos no vamos a votar por un aspirante que por lo dem\u00e1s, no tiene opciones de ganar. No nos sentimos representados por alguien que en su corta vida activa en el partido perdi\u00f3 el apoyo de las bases locales que nunca entendieron porqu\u00e9 lo pusieron de candidato\u00bb,<\/em> sostuvo.<\/p>\n<p>Respecto al motivo central del apoyo a Beals, Maricarmen Moreno fue muy clara. <em>\u00abSi queremos recuperar San Felipe; la \u00fanica opci\u00f3n real para hacerlo es Christian Beals. Debemos recordar que estamos en una ciudad que est\u00e1 sumida en la decadencia, en la delincuencia y la falta de oportunidades, por lo que otro periodo en las mismas circunstancias ser\u00eda catastr\u00f3fico para esta comuna que amamos tanto, as\u00ed que pido a los militantes, simpatizantes del partido Republicano y todos los sanfelipe\u00f1os y sanfelipe\u00f1as, apoyar al doctor Beals, porque apoyar a otro candidato(a) de oposici\u00f3n, es votar por la actual alcaldesa\u00bb.<\/em><\/p>\n<figure id=\"attachment_132793\" aria-describedby=\"caption-attachment-132793\" style=\"width: 700px\" class=\"wp-caption alignnone\"><img loading=\"lazy\" decoding=\"async\" class=\"size-full wp-image-132793\" src=\"https:\/\/eltrabajo.cl\/web\/wp-content\/uploads\/2024\/10\/beals-maricarmen-moreno.jpg\" alt=\"Maricarmen Moreno junto a candidatos y militantes del partido Republicano.\" width=\"700\" height=\"548\" srcset=\"https:\/\/eltrabajo.cl\/web\/wp-content\/uploads\/2024\/10\/beals-maricarmen-moreno.jpg 700w, https:\/\/eltrabajo.cl\/web\/wp-content\/uploads\/2024\/10\/beals-maricarmen-moreno-300x235.jpg 300w, https:\/\/eltrabajo.cl\/web\/wp-content\/uploads\/2024\/10\/beals-maricarmen-moreno-536x420.jpg 536w, https:\/\/eltrabajo.cl\/web\/wp-content\/uploads\/2024\/10\/beals-maricarmen-moreno-150x117.jpg 150w, https:\/\/eltrabajo.cl\/web\/wp-content\/uploads\/2024\/10\/beals-maricarmen-moreno-696x545.jpg 696w\" sizes=\"auto, (max-width: 700px) 100vw, 700px\" \/><figcaption id=\"caption-attachment-132793\" class=\"wp-caption-text\">Maricarmen Moreno junto a candidatos y militantes del partido Republicano.<\/figcaption><\/figure>\n","protected":false},"excerpt":{"rendered":"<p>CAMPA\u00d1A ELECTORAL MUNICIPALES 2024: Deja en claro que si la gente vota a otro candidato de la oposici\u00f3n, estar\u00e1 apoyando directamente la actual gesti\u00f3n municipal.- \u00abSacar a San Felipe del evidente e indesmentible estancamiento en que se ha visto inmerso en los \u00faltimos a\u00f1os, es una tarea de todos. Es innegable que la \u2018Ciudad Fuerte [&hellip;]<\/p>\n","protected":false},"author":1,"featured_media":132793,"comment_status":"open","ping_status":"closed","sticky":false,"template":"","format":"standard","meta":{"footnotes":""},"categories":[20],"tags":[],"class_list":{"0":"post-132792","1":"post","2":"type-post","3":"status-publish","4":"format-standard","5":"has-post-thumbnail","7":"category-politica"},"yoast_head":"<!-- This site is optimized with the Yoast SEO plugin v27.4 - https:\/\/yoast.com\/product\/yoast-seo-wordpress\/ -->\n<title>En potente se\u00f1al pol\u00edtica exdirigenta Partido Republicano llama a votar por Christian Beals - Diario El Trabajo<\/title>\n<meta name=\"robots\" content=\"index, follow, max-snippet:-1, max-image-preview:large, max-video-preview:-1\" \/>\n<link rel=\"canonical\" href=\"https:\/\/eltrabajo.cl\/web\/en-potente-senal-politica-exdirigenta-partido-republicano-llama-a-votar-por-christian-beals\/\" \/>\n<meta property=\"og:locale\" content=\"es_ES\" \/>\n<meta property=\"og:type\" content=\"article\" \/>\n<meta property=\"og:title\" content=\"En potente se\u00f1al pol\u00edtica exdirigenta Partido Republicano llama a votar por Christian Beals - Diario El Trabajo\" \/>\n<meta property=\"og:description\" content=\"CAMPA\u00d1A ELECTORAL MUNICIPALES 2024: Deja en claro que si la gente vota a otro candidato de la oposici\u00f3n, estar\u00e1 apoyando directamente la actual gesti\u00f3n municipal.- \u00abSacar a San Felipe del evidente e indesmentible estancamiento en que se ha visto inmerso en los \u00faltimos a\u00f1os, es una tarea de todos. Es innegable que la \u2018Ciudad Fuerte [&hellip;]\" \/>\n<meta property=\"og:url\" content=\"https:\/\/eltrabajo.cl\/web\/en-potente-senal-politica-exdirigenta-partido-republicano-llama-a-votar-por-christian-beals\/\" \/>\n<meta property=\"og:site_name\" content=\"Diario El Trabajo\" \/>\n<meta property=\"article:publisher\" content=\"https:\/\/www.facebook.com\/ElTrabajoDiario\" \/>\n<meta property=\"article:published_time\" content=\"2024-10-21T00:38:54+00:00\" \/>\n<meta property=\"og:image\" content=\"https:\/\/eltrabajo.cl\/web\/wp-content\/uploads\/2024\/10\/beals-maricarmen-moreno.jpg\" \/>\n\t<meta property=\"og:image:width\" content=\"700\" \/>\n\t<meta property=\"og:image:height\" content=\"548\" \/>\n\t<meta property=\"og:image:type\" content=\"image\/jpeg\" \/>\n<meta name=\"author\" content=\"Diario El Trabajo\" \/>\n<meta name=\"twitter:card\" content=\"summary_large_image\" \/>\n<meta name=\"twitter:creator\" content=\"@diarioeltrabajo\" \/>\n<meta name=\"twitter:site\" content=\"@diarioeltrabajo\" \/>\n<meta name=\"twitter:label1\" content=\"Escrito por\" \/>\n\t<meta name=\"twitter:data1\" content=\"Diario El Trabajo\" \/>\n\t<meta name=\"twitter:label2\" content=\"Tiempo estimado de lectura\" \/>\n\t<meta name=\"twitter:data2\" content=\"3 minutos\" \/>\n<script type=\"application\/ld+json\" class=\"yoast-schema-graph\">{\"@context\":\"https:\\\/\\\/schema.org\",\"@graph\":[{\"@type\":\"Article\",\"@id\":\"https:\\\/\\\/eltrabajo.cl\\\/web\\\/en-potente-senal-politica-exdirigenta-partido-republicano-llama-a-votar-por-christian-beals\\\/#article\",\"isPartOf\":{\"@id\":\"https:\\\/\\\/eltrabajo.cl\\\/web\\\/en-potente-senal-politica-exdirigenta-partido-republicano-llama-a-votar-por-christian-beals\\\/\"},\"author\":{\"name\":\"Diario El Trabajo\",\"@id\":\"https:\\\/\\\/eltrabajo.cl\\\/web\\\/#\\\/schema\\\/person\\\/45efd3d17f86ec456e44dd7debe1bf19\"},\"headline\":\"En potente se\u00f1al pol\u00edtica exdirigenta Partido Republicano llama a votar por Christian Beals\",\"datePublished\":\"2024-10-21T00:38:54+00:00\",\"mainEntityOfPage\":{\"@id\":\"https:\\\/\\\/eltrabajo.cl\\\/web\\\/en-potente-senal-politica-exdirigenta-partido-republicano-llama-a-votar-por-christian-beals\\\/\"},\"wordCount\":432,\"commentCount\":0,\"publisher\":{\"@id\":\"https:\\\/\\\/eltrabajo.cl\\\/web\\\/#organization\"},\"image\":{\"@id\":\"https:\\\/\\\/eltrabajo.cl\\\/web\\\/en-potente-senal-politica-exdirigenta-partido-republicano-llama-a-votar-por-christian-beals\\\/#primaryimage\"},\"thumbnailUrl\":\"https:\\\/\\\/eltrabajo.cl\\\/web\\\/wp-content\\\/uploads\\\/2024\\\/10\\\/beals-maricarmen-moreno.jpg\",\"articleSection\":[\"Pol\u00edtica\"],\"inLanguage\":\"es-CL\",\"potentialAction\":[{\"@type\":\"CommentAction\",\"name\":\"Comment\",\"target\":[\"https:\\\/\\\/eltrabajo.cl\\\/web\\\/en-potente-senal-politica-exdirigenta-partido-republicano-llama-a-votar-por-christian-beals\\\/#respond\"]}]},{\"@type\":\"WebPage\",\"@id\":\"https:\\\/\\\/eltrabajo.cl\\\/web\\\/en-potente-senal-politica-exdirigenta-partido-republicano-llama-a-votar-por-christian-beals\\\/\",\"url\":\"https:\\\/\\\/eltrabajo.cl\\\/web\\\/en-potente-senal-politica-exdirigenta-partido-republicano-llama-a-votar-por-christian-beals\\\/\",\"name\":\"En potente se\u00f1al pol\u00edtica exdirigenta Partido Republicano llama a votar por Christian Beals - Diario El Trabajo\",\"isPartOf\":{\"@id\":\"https:\\\/\\\/eltrabajo.cl\\\/web\\\/#website\"},\"primaryImageOfPage\":{\"@id\":\"https:\\\/\\\/eltrabajo.cl\\\/web\\\/en-potente-senal-politica-exdirigenta-partido-republicano-llama-a-votar-por-christian-beals\\\/#primaryimage\"},\"image\":{\"@id\":\"https:\\\/\\\/eltrabajo.cl\\\/web\\\/en-potente-senal-politica-exdirigenta-partido-republicano-llama-a-votar-por-christian-beals\\\/#primaryimage\"},\"thumbnailUrl\":\"https:\\\/\\\/eltrabajo.cl\\\/web\\\/wp-content\\\/uploads\\\/2024\\\/10\\\/beals-maricarmen-moreno.jpg\",\"datePublished\":\"2024-10-21T00:38:54+00:00\",\"breadcrumb\":{\"@id\":\"https:\\\/\\\/eltrabajo.cl\\\/web\\\/en-potente-senal-politica-exdirigenta-partido-republicano-llama-a-votar-por-christian-beals\\\/#breadcrumb\"},\"inLanguage\":\"es-CL\",\"potentialAction\":[{\"@type\":\"ReadAction\",\"target\":[\"https:\\\/\\\/eltrabajo.cl\\\/web\\\/en-potente-senal-politica-exdirigenta-partido-republicano-llama-a-votar-por-christian-beals\\\/\"]}]},{\"@type\":\"ImageObject\",\"inLanguage\":\"es-CL\",\"@id\":\"https:\\\/\\\/eltrabajo.cl\\\/web\\\/en-potente-senal-politica-exdirigenta-partido-republicano-llama-a-votar-por-christian-beals\\\/#primaryimage\",\"url\":\"https:\\\/\\\/eltrabajo.cl\\\/web\\\/wp-content\\\/uploads\\\/2024\\\/10\\\/beals-maricarmen-moreno.jpg\",\"contentUrl\":\"https:\\\/\\\/eltrabajo.cl\\\/web\\\/wp-content\\\/uploads\\\/2024\\\/10\\\/beals-maricarmen-moreno.jpg\",\"width\":700,\"height\":548,\"caption\":\"Maricarmen Moreno junto a candidatos y militantes del partido Republicano.\"},{\"@type\":\"BreadcrumbList\",\"@id\":\"https:\\\/\\\/eltrabajo.cl\\\/web\\\/en-potente-senal-politica-exdirigenta-partido-republicano-llama-a-votar-por-christian-beals\\\/#breadcrumb\",\"itemListElement\":[{\"@type\":\"ListItem\",\"position\":1,\"name\":\"Portada\",\"item\":\"https:\\\/\\\/eltrabajo.cl\\\/web\\\/\"},{\"@type\":\"ListItem\",\"position\":2,\"name\":\"En potente se\u00f1al pol\u00edtica exdirigenta Partido Republicano llama a votar por Christian Beals\"}]},{\"@type\":\"WebSite\",\"@id\":\"https:\\\/\\\/eltrabajo.cl\\\/web\\\/#website\",\"url\":\"https:\\\/\\\/eltrabajo.cl\\\/web\\\/\",\"name\":\"Diario El Trabajo\",\"description\":\"Desde 1929 construyendo Identidad Local\",\"publisher\":{\"@id\":\"https:\\\/\\\/eltrabajo.cl\\\/web\\\/#organization\"},\"potentialAction\":[{\"@type\":\"SearchAction\",\"target\":{\"@type\":\"EntryPoint\",\"urlTemplate\":\"https:\\\/\\\/eltrabajo.cl\\\/web\\\/?s={search_term_string}\"},\"query-input\":{\"@type\":\"PropertyValueSpecification\",\"valueRequired\":true,\"valueName\":\"search_term_string\"}}],\"inLanguage\":\"es-CL\"},{\"@type\":\"Organization\",\"@id\":\"https:\\\/\\\/eltrabajo.cl\\\/web\\\/#organization\",\"name\":\"Diario El Trabajo\",\"url\":\"https:\\\/\\\/eltrabajo.cl\\\/web\\\/\",\"logo\":{\"@type\":\"ImageObject\",\"inLanguage\":\"es-CL\",\"@id\":\"https:\\\/\\\/eltrabajo.cl\\\/web\\\/#\\\/schema\\\/logo\\\/image\\\/\",\"url\":\"https:\\\/\\\/eltrabajo.cl\\\/web\\\/wp-content\\\/uploads\\\/2024\\\/06\\\/profile-image-ig-page-diarioeltrabajo.jpg\",\"contentUrl\":\"https:\\\/\\\/eltrabajo.cl\\\/web\\\/wp-content\\\/uploads\\\/2024\\\/06\\\/profile-image-ig-page-diarioeltrabajo.jpg\",\"width\":823,\"height\":823,\"caption\":\"Diario El Trabajo\"},\"image\":{\"@id\":\"https:\\\/\\\/eltrabajo.cl\\\/web\\\/#\\\/schema\\\/logo\\\/image\\\/\"},\"sameAs\":[\"https:\\\/\\\/www.facebook.com\\\/ElTrabajoDiario\",\"https:\\\/\\\/x.com\\\/diarioeltrabajo\"]},{\"@type\":\"Person\",\"@id\":\"https:\\\/\\\/eltrabajo.cl\\\/web\\\/#\\\/schema\\\/person\\\/45efd3d17f86ec456e44dd7debe1bf19\",\"name\":\"Diario El Trabajo\",\"image\":{\"@type\":\"ImageObject\",\"inLanguage\":\"es-CL\",\"@id\":\"https:\\\/\\\/secure.gravatar.com\\\/avatar\\\/7e6ec277dc4aea2677c2dc301d4227957219329c985ab69a3efc12518b5161aa?s=96&d=mm&r=g\",\"url\":\"https:\\\/\\\/secure.gravatar.com\\\/avatar\\\/7e6ec277dc4aea2677c2dc301d4227957219329c985ab69a3efc12518b5161aa?s=96&d=mm&r=g\",\"contentUrl\":\"https:\\\/\\\/secure.gravatar.com\\\/avatar\\\/7e6ec277dc4aea2677c2dc301d4227957219329c985ab69a3efc12518b5161aa?s=96&d=mm&r=g\",\"caption\":\"Diario El Trabajo\"},\"sameAs\":[\"https:\\\/\\\/eltrabajo.cl\\\/web\"],\"url\":\"https:\\\/\\\/eltrabajo.cl\\\/web\\\/author\\\/diario-el-trabajo\\\/\"}]}<\/script>\n<!-- \/ Yoast SEO plugin. -->","yoast_head_json":{"title":"En potente se\u00f1al pol\u00edtica exdirigenta Partido Republicano llama a votar por Christian Beals - Diario El Trabajo","robots":{"index":"index","follow":"follow","max-snippet":"max-snippet:-1","max-image-preview":"max-image-preview:large","max-video-preview":"max-video-preview:-1"},"canonical":"https:\/\/eltrabajo.cl\/web\/en-potente-senal-politica-exdirigenta-partido-republicano-llama-a-votar-por-christian-beals\/","og_locale":"es_ES","og_type":"article","og_title":"En potente se\u00f1al pol\u00edtica exdirigenta Partido Republicano llama a votar por Christian Beals - Diario El Trabajo","og_description":"CAMPA\u00d1A ELECTORAL MUNICIPALES 2024: Deja en claro que si la gente vota a otro candidato de la oposici\u00f3n, estar\u00e1 apoyando directamente la actual gesti\u00f3n municipal.- \u00abSacar a San Felipe del evidente e indesmentible estancamiento en que se ha visto inmerso en los \u00faltimos a\u00f1os, es una tarea de todos. Es innegable que la \u2018Ciudad Fuerte [&hellip;]","og_url":"https:\/\/eltrabajo.cl\/web\/en-potente-senal-politica-exdirigenta-partido-republicano-llama-a-votar-por-christian-beals\/","og_site_name":"Diario El Trabajo","article_publisher":"https:\/\/www.facebook.com\/ElTrabajoDiario","article_published_time":"2024-10-21T00:38:54+00:00","og_image":[{"width":700,"height":548,"url":"https:\/\/eltrabajo.cl\/web\/wp-content\/uploads\/2024\/10\/beals-maricarmen-moreno.jpg","type":"image\/jpeg"}],"author":"Diario El Trabajo","twitter_card":"summary_large_image","twitter_creator":"@diarioeltrabajo","twitter_site":"@diarioeltrabajo","twitter_misc":{"Escrito por":"Diario El Trabajo","Tiempo estimado de lectura":"3 minutos"},"schema":{"@context":"https:\/\/schema.org","@graph":[{"@type":"Article","@id":"https:\/\/eltrabajo.cl\/web\/en-potente-senal-politica-exdirigenta-partido-republicano-llama-a-votar-por-christian-beals\/#article","isPartOf":{"@id":"https:\/\/eltrabajo.cl\/web\/en-potente-senal-politica-exdirigenta-partido-republicano-llama-a-votar-por-christian-beals\/"},"author":{"name":"Diario El Trabajo","@id":"https:\/\/eltrabajo.cl\/web\/#\/schema\/person\/45efd3d17f86ec456e44dd7debe1bf19"},"headline":"En potente se\u00f1al pol\u00edtica exdirigenta Partido Republicano llama a votar por Christian Beals","datePublished":"2024-10-21T00:38:54+00:00","mainEntityOfPage":{"@id":"https:\/\/eltrabajo.cl\/web\/en-potente-senal-politica-exdirigenta-partido-republicano-llama-a-votar-por-christian-beals\/"},"wordCount":432,"commentCount":0,"publisher":{"@id":"https:\/\/eltrabajo.cl\/web\/#organization"},"image":{"@id":"https:\/\/eltrabajo.cl\/web\/en-potente-senal-politica-exdirigenta-partido-republicano-llama-a-votar-por-christian-beals\/#primaryimage"},"thumbnailUrl":"https:\/\/eltrabajo.cl\/web\/wp-content\/uploads\/2024\/10\/beals-maricarmen-moreno.jpg","articleSection":["Pol\u00edtica"],"inLanguage":"es-CL","potentialAction":[{"@type":"CommentAction","name":"Comment","target":["https:\/\/eltrabajo.cl\/web\/en-potente-senal-politica-exdirigenta-partido-republicano-llama-a-votar-por-christian-beals\/#respond"]}]},{"@type":"WebPage","@id":"https:\/\/eltrabajo.cl\/web\/en-potente-senal-politica-exdirigenta-partido-republicano-llama-a-votar-por-christian-beals\/","url":"https:\/\/eltrabajo.cl\/web\/en-potente-senal-politica-exdirigenta-partido-republicano-llama-a-votar-por-christian-beals\/","name":"En potente se\u00f1al pol\u00edtica exdirigenta Partido Republicano llama a votar por Christian Beals - Diario El Trabajo","isPartOf":{"@id":"https:\/\/eltrabajo.cl\/web\/#website"},"primaryImageOfPage":{"@id":"https:\/\/eltrabajo.cl\/web\/en-potente-senal-politica-exdirigenta-partido-republicano-llama-a-votar-por-christian-beals\/#primaryimage"},"image":{"@id":"https:\/\/eltrabajo.cl\/web\/en-potente-senal-politica-exdirigenta-partido-republicano-llama-a-votar-por-christian-beals\/#primaryimage"},"thumbnailUrl":"https:\/\/eltrabajo.cl\/web\/wp-content\/uploads\/2024\/10\/beals-maricarmen-moreno.jpg","datePublished":"2024-10-21T00:38:54+00:00","breadcrumb":{"@id":"https:\/\/eltrabajo.cl\/web\/en-potente-senal-politica-exdirigenta-partido-republicano-llama-a-votar-por-christian-beals\/#breadcrumb"},"inLanguage":"es-CL","potentialAction":[{"@type":"ReadAction","target":["https:\/\/eltrabajo.cl\/web\/en-potente-senal-politica-exdirigenta-partido-republicano-llama-a-votar-por-christian-beals\/"]}]},{"@type":"ImageObject","inLanguage":"es-CL","@id":"https:\/\/eltrabajo.cl\/web\/en-potente-senal-politica-exdirigenta-partido-republicano-llama-a-votar-por-christian-beals\/#primaryimage","url":"https:\/\/eltrabajo.cl\/web\/wp-content\/uploads\/2024\/10\/beals-maricarmen-moreno.jpg","contentUrl":"https:\/\/eltrabajo.cl\/web\/wp-content\/uploads\/2024\/10\/beals-maricarmen-moreno.jpg","width":700,"height":548,"caption":"Maricarmen Moreno junto a candidatos y militantes del partido Republicano."},{"@type":"BreadcrumbList","@id":"https:\/\/eltrabajo.cl\/web\/en-potente-senal-politica-exdirigenta-partido-republicano-llama-a-votar-por-christian-beals\/#breadcrumb","itemListElement":[{"@type":"ListItem","position":1,"name":"Portada","item":"https:\/\/eltrabajo.cl\/web\/"},{"@type":"ListItem","position":2,"name":"En potente se\u00f1al pol\u00edtica exdirigenta Partido Republicano llama a votar por Christian Beals"}]},{"@type":"WebSite","@id":"https:\/\/eltrabajo.cl\/web\/#website","url":"https:\/\/eltrabajo.cl\/web\/","name":"Diario El Trabajo","description":"Desde 1929 construyendo Identidad Local","publisher":{"@id":"https:\/\/eltrabajo.cl\/web\/#organization"},"potentialAction":[{"@type":"SearchAction","target":{"@type":"EntryPoint","urlTemplate":"https:\/\/eltrabajo.cl\/web\/?s={search_term_string}"},"query-input":{"@type":"PropertyValueSpecification","valueRequired":true,"valueName":"search_term_string"}}],"inLanguage":"es-CL"},{"@type":"Organization","@id":"https:\/\/eltrabajo.cl\/web\/#organization","name":"Diario El Trabajo","url":"https:\/\/eltrabajo.cl\/web\/","logo":{"@type":"ImageObject","inLanguage":"es-CL","@id":"https:\/\/eltrabajo.cl\/web\/#\/schema\/logo\/image\/","url":"https:\/\/eltrabajo.cl\/web\/wp-content\/uploads\/2024\/06\/profile-image-ig-page-diarioeltrabajo.jpg","contentUrl":"https:\/\/eltrabajo.cl\/web\/wp-content\/uploads\/2024\/06\/profile-image-ig-page-diarioeltrabajo.jpg","width":823,"height":823,"caption":"Diario El Trabajo"},"image":{"@id":"https:\/\/eltrabajo.cl\/web\/#\/schema\/logo\/image\/"},"sameAs":["https:\/\/www.facebook.com\/ElTrabajoDiario","https:\/\/x.com\/diarioeltrabajo"]},{"@type":"Person","@id":"https:\/\/eltrabajo.cl\/web\/#\/schema\/person\/45efd3d17f86ec456e44dd7debe1bf19","name":"Diario El Trabajo","image":{"@type":"ImageObject","inLanguage":"es-CL","@id":"https:\/\/secure.gravatar.com\/avatar\/7e6ec277dc4aea2677c2dc301d4227957219329c985ab69a3efc12518b5161aa?s=96&d=mm&r=g","url":"https:\/\/secure.gravatar.com\/avatar\/7e6ec277dc4aea2677c2dc301d4227957219329c985ab69a3efc12518b5161aa?s=96&d=mm&r=g","contentUrl":"https:\/\/secure.gravatar.com\/avatar\/7e6ec277dc4aea2677c2dc301d4227957219329c985ab69a3efc12518b5161aa?s=96&d=mm&r=g","caption":"Diario El Trabajo"},"sameAs":["https:\/\/eltrabajo.cl\/web"],"url":"https:\/\/eltrabajo.cl\/web\/author\/diario-el-trabajo\/"}]}},"_links":{"self":[{"href":"https:\/\/eltrabajo.cl\/web\/wp-json\/wp\/v2\/posts\/132792","targetHints":{"allow":["GET"]}}],"collection":[{"href":"https:\/\/eltrabajo.cl\/web\/wp-json\/wp\/v2\/posts"}],"about":[{"href":"https:\/\/eltrabajo.cl\/web\/wp-json\/wp\/v2\/types\/post"}],"author":[{"embeddable":true,"href":"https:\/\/eltrabajo.cl\/web\/wp-json\/wp\/v2\/users\/1"}],"replies":[{"embeddable":true,"href":"https:\/\/eltrabajo.cl\/web\/wp-json\/wp\/v2\/comments?post=132792"}],"version-history":[{"count":1,"href":"https:\/\/eltrabajo.cl\/web\/wp-json\/wp\/v2\/posts\/132792\/revisions"}],"predecessor-version":[{"id":132794,"href":"https:\/\/eltrabajo.cl\/web\/wp-json\/wp\/v2\/posts\/132792\/revisions\/132794"}],"wp:featuredmedia":[{"embeddable":true,"href":"https:\/\/eltrabajo.cl\/web\/wp-json\/wp\/v2\/media\/132793"}],"wp:attachment":[{"href":"https:\/\/eltrabajo.cl\/web\/wp-json\/wp\/v2\/media?parent=132792"}],"wp:term":[{"taxonomy":"category","embeddable":true,"href":"https:\/\/eltrabajo.cl\/web\/wp-json\/wp\/v2\/categories?post=132792"},{"taxonomy":"post_tag","embeddable":true,"href":"https:\/\/eltrabajo.cl\/web\/wp-json\/wp\/v2\/tags?post=132792"}],"curies":[{"name":"wp","href":"https:\/\/api.w.org\/{rel}","templated":true}]}}