{"id":132839,"date":"2024-10-22T21:30:50","date_gmt":"2024-10-23T00:30:50","guid":{"rendered":"https:\/\/eltrabajo.cl\/web\/?p=132839"},"modified":"2024-10-22T21:08:04","modified_gmt":"2024-10-23T00:08:04","slug":"guillermo-reyes-monardez-un-ingeniero-con-40-anos-de-experiencia-y-trabajo-comunitario-que-quiere-ser-concejal-de-san-felipe","status":"publish","type":"post","link":"https:\/\/eltrabajo.cl\/web\/guillermo-reyes-monardez-un-ingeniero-con-40-anos-de-experiencia-y-trabajo-comunitario-que-quiere-ser-concejal-de-san-felipe\/","title":{"rendered":"Guillermo Reyes Mon\u00e1rdez: Un ingeniero con 40 a\u00f1os de experiencia y trabajo comunitario que quiere ser Concejal de San Felipe"},"content":{"rendered":"<p><span style=\"color: #ff0000;\"><strong>CAMPA\u00d1A ELECTORAL MUNICIPALES 2024:<\/strong><\/span><\/p>\n<ul>\n<li><strong>Conozca al candidato a Concejal que en esta elecci\u00f3n ocupa la opci\u00f3n 300 en el voto, siendo la \u00fanica candidatura independiente en la comuna de San Felipe.-<\/strong><\/li>\n<\/ul>\n<p>Conversamos con el candidato a Concejal por San Felipe, <strong>Guillermo Reyes Mon\u00e1rdez<\/strong>, para saber un poco m\u00e1s sobre su vida y su obra, y esto fue lo que nos respondi\u00f3:<\/p>\n<p>\u00ab<em>Junto con ser padre, abuelo y esposo, soy el quinto de 13 hermanos. Somos una familia numerosa que llegamos a San Felipe en junio de 1964, con un peque\u00f1o periplo por la ciudad de Ovalle en el a\u00f1o 66, y luego La Serena en el 69, y desde el a\u00f1o 1970 que participo en distintas actividades principalmente laborales en la zona. Tambi\u00e9n, soy un dirigente vecinal del sector norte de la ciudad de San Felipe. En ese sector llevo 37 a\u00f1os relacionado con una tremenda comunidad. La verdad que son unas 200 personas, en las que ubico a sus familiares, a sus hijos, a su familia. Hemos dedicado una vida de servicio a la comunidad. Esa es una de las razones que me ha llevado a este proceso de intentar un trabajo desde el municipio. Plasmar estos 54 a\u00f1os de trabajo y estudio, sin desconocer algunos a\u00f1os que trabajamos en Valpara\u00edso, Rancagua, Los Andes dedicado a actividades de Prevenci\u00f3n de Riegos, que es mi principal actividad. Y me he dedicado a la capacitaci\u00f3n y a la docencia universitaria, siendo profesor de la Universidad de Aconcagua, de la Universidad de Playa Ancha y del Instituto Soeduc\u00bb.<\/em><\/p>\n<p>&#8211;<strong> \u00bfPor qu\u00e9 quiere ser concejal por la comuna de San Felipe?<\/strong><\/p>\n<p>&#8211; Para consolidar muchos proyectos en San Felipe. Yo me inici\u00e9 en lo que fueron los proyectos participativos y he tenido la oportunidad de conocer pr\u00e1cticamente todas las poblaciones de San Felipe, conocer los principales proyectos que se han instalado en los \u00faltimos 30 a\u00f1os, y los proyectos que est\u00e1n sin ejecutar. Poder desde el Municipio trabajar, tanto desde un apoyo t\u00e9cnico a la Municipalidad desde mi carrera de Prevenci\u00f3n de Riesgos y Medio Ambiente, y ayudar en esta \u00e1rea de la Salud y la Seguridad a la poblaci\u00f3n. Tambi\u00e9n poder fiscalizar en el tema de Medio Ambiente ya que he tenido la experiencia de trabajar en proyectos de aseo y ornamentaci\u00f3n. Poder colaborar y fiscalizar en el desarrollo de estos trabajos. Yo creo que ah\u00ed est\u00e1 mi fortaleza, mi conocimiento desde el punto de vista t\u00e9cnico apoyando a las juntas de vecinos y las organizaciones sociales a canalizar estas ideas y fomentar su participaci\u00f3n.<\/p>\n<p>&#8211; <strong>\u00bfC\u00f3mo se siente Guillermo Reyes a pocos d\u00edas de la Elecci\u00f3n Municipal? <\/strong><\/p>\n<p>&#8211; Estoy tranquilo, hemos trabajado fuertemente con un buen y amplio despliegue en diversos frentes. S\u00f3lo agradecer a las 295 personas que me entregaron su patrocinio para la postulaci\u00f3n, y agradecer a San Felipe la oportunidad que me dan mis vecinos de poder representarlos en el Concejo Municipal. Acoger el resultado con dignidad y respeto, y la evaluaci\u00f3n de la gente que es importante. Si la gente vota por uno, bien, y si no, igual de respetable. Desearle sobre todo a la gente joven que postula, y a las personas adultas con vasto recorrido, agradecerles la oportunidad de participaci\u00f3n. Es destacable la cantidad de m\u00e1s de 50 candidatos a concejal, y pienso que cada uno de su perspectiva quiere lo mejor para San Felipe. Espero poder representarlos y llegar al Concejo Municipal, y llevar la experiencia alcanzada en estos 40 a\u00f1os de servicio.<\/p>\n<figure id=\"attachment_132840\" aria-describedby=\"caption-attachment-132840\" style=\"width: 700px\" class=\"wp-caption alignnone\"><img loading=\"lazy\" decoding=\"async\" class=\"size-full wp-image-132840\" src=\"https:\/\/eltrabajo.cl\/web\/wp-content\/uploads\/2024\/10\/reyes-2.jpg\" alt=\"En su campa\u00f1a, Guillermo Reyes ha realizado una intensa labor de difusi\u00f3n para llegar al Concejo Municipal.\" width=\"700\" height=\"495\" srcset=\"https:\/\/eltrabajo.cl\/web\/wp-content\/uploads\/2024\/10\/reyes-2.jpg 700w, https:\/\/eltrabajo.cl\/web\/wp-content\/uploads\/2024\/10\/reyes-2-300x212.jpg 300w, https:\/\/eltrabajo.cl\/web\/wp-content\/uploads\/2024\/10\/reyes-2-594x420.jpg 594w, https:\/\/eltrabajo.cl\/web\/wp-content\/uploads\/2024\/10\/reyes-2-150x106.jpg 150w, https:\/\/eltrabajo.cl\/web\/wp-content\/uploads\/2024\/10\/reyes-2-696x492.jpg 696w, https:\/\/eltrabajo.cl\/web\/wp-content\/uploads\/2024\/10\/reyes-2-100x70.jpg 100w\" sizes=\"auto, (max-width: 700px) 100vw, 700px\" \/><figcaption id=\"caption-attachment-132840\" class=\"wp-caption-text\">En su campa\u00f1a, Guillermo Reyes ha realizado una intensa labor de difusi\u00f3n para llegar al Concejo Municipal.<\/figcaption><\/figure>\n","protected":false},"excerpt":{"rendered":"<p>CAMPA\u00d1A ELECTORAL MUNICIPALES 2024: Conozca al candidato a Concejal que en esta elecci\u00f3n ocupa la opci\u00f3n 300 en el voto, siendo la \u00fanica candidatura independiente en la comuna de San Felipe.- Conversamos con el candidato a Concejal por San Felipe, Guillermo Reyes Mon\u00e1rdez, para saber un poco m\u00e1s sobre su vida y su obra, y [&hellip;]<\/p>\n","protected":false},"author":1,"featured_media":132840,"comment_status":"open","ping_status":"closed","sticky":false,"template":"","format":"standard","meta":{"footnotes":""},"categories":[20],"tags":[],"class_list":{"0":"post-132839","1":"post","2":"type-post","3":"status-publish","4":"format-standard","5":"has-post-thumbnail","7":"category-politica"},"yoast_head":"<!-- This site is optimized with the Yoast SEO plugin v27.4 - https:\/\/yoast.com\/product\/yoast-seo-wordpress\/ -->\n<title>Guillermo Reyes Mon\u00e1rdez: Un ingeniero con 40 a\u00f1os de experiencia y trabajo comunitario que quiere ser Concejal de San Felipe - Diario El Trabajo<\/title>\n<meta name=\"robots\" content=\"index, follow, max-snippet:-1, max-image-preview:large, max-video-preview:-1\" \/>\n<link rel=\"canonical\" href=\"https:\/\/eltrabajo.cl\/web\/guillermo-reyes-monardez-un-ingeniero-con-40-anos-de-experiencia-y-trabajo-comunitario-que-quiere-ser-concejal-de-san-felipe\/\" \/>\n<meta property=\"og:locale\" content=\"es_ES\" \/>\n<meta property=\"og:type\" content=\"article\" \/>\n<meta property=\"og:title\" content=\"Guillermo Reyes Mon\u00e1rdez: Un ingeniero con 40 a\u00f1os de experiencia y trabajo comunitario que quiere ser Concejal de San Felipe - Diario El Trabajo\" \/>\n<meta property=\"og:description\" content=\"CAMPA\u00d1A ELECTORAL MUNICIPALES 2024: Conozca al candidato a Concejal que en esta elecci\u00f3n ocupa la opci\u00f3n 300 en el voto, siendo la \u00fanica candidatura independiente en la comuna de San Felipe.- Conversamos con el candidato a Concejal por San Felipe, Guillermo Reyes Mon\u00e1rdez, para saber un poco m\u00e1s sobre su vida y su obra, y [&hellip;]\" \/>\n<meta property=\"og:url\" content=\"https:\/\/eltrabajo.cl\/web\/guillermo-reyes-monardez-un-ingeniero-con-40-anos-de-experiencia-y-trabajo-comunitario-que-quiere-ser-concejal-de-san-felipe\/\" \/>\n<meta property=\"og:site_name\" content=\"Diario El Trabajo\" \/>\n<meta property=\"article:publisher\" content=\"https:\/\/www.facebook.com\/ElTrabajoDiario\" \/>\n<meta property=\"article:published_time\" content=\"2024-10-23T00:30:50+00:00\" \/>\n<meta property=\"og:image\" content=\"https:\/\/eltrabajo.cl\/web\/wp-content\/uploads\/2024\/10\/reyes-2.jpg\" \/>\n\t<meta property=\"og:image:width\" content=\"700\" \/>\n\t<meta property=\"og:image:height\" content=\"495\" \/>\n\t<meta property=\"og:image:type\" content=\"image\/jpeg\" \/>\n<meta name=\"author\" content=\"Diario El Trabajo\" \/>\n<meta name=\"twitter:card\" content=\"summary_large_image\" \/>\n<meta name=\"twitter:creator\" content=\"@diarioeltrabajo\" \/>\n<meta name=\"twitter:site\" content=\"@diarioeltrabajo\" \/>\n<meta name=\"twitter:label1\" content=\"Escrito por\" \/>\n\t<meta name=\"twitter:data1\" content=\"Diario El Trabajo\" \/>\n\t<meta name=\"twitter:label2\" content=\"Tiempo estimado de lectura\" \/>\n\t<meta name=\"twitter:data2\" content=\"4 minutos\" \/>\n<script type=\"application\/ld+json\" class=\"yoast-schema-graph\">{\"@context\":\"https:\\\/\\\/schema.org\",\"@graph\":[{\"@type\":\"Article\",\"@id\":\"https:\\\/\\\/eltrabajo.cl\\\/web\\\/guillermo-reyes-monardez-un-ingeniero-con-40-anos-de-experiencia-y-trabajo-comunitario-que-quiere-ser-concejal-de-san-felipe\\\/#article\",\"isPartOf\":{\"@id\":\"https:\\\/\\\/eltrabajo.cl\\\/web\\\/guillermo-reyes-monardez-un-ingeniero-con-40-anos-de-experiencia-y-trabajo-comunitario-que-quiere-ser-concejal-de-san-felipe\\\/\"},\"author\":{\"name\":\"Diario El Trabajo\",\"@id\":\"https:\\\/\\\/eltrabajo.cl\\\/web\\\/#\\\/schema\\\/person\\\/45efd3d17f86ec456e44dd7debe1bf19\"},\"headline\":\"Guillermo Reyes Mon\u00e1rdez: Un ingeniero con 40 a\u00f1os de experiencia y trabajo comunitario que quiere ser Concejal de San Felipe\",\"datePublished\":\"2024-10-23T00:30:50+00:00\",\"mainEntityOfPage\":{\"@id\":\"https:\\\/\\\/eltrabajo.cl\\\/web\\\/guillermo-reyes-monardez-un-ingeniero-con-40-anos-de-experiencia-y-trabajo-comunitario-que-quiere-ser-concejal-de-san-felipe\\\/\"},\"wordCount\":647,\"commentCount\":0,\"publisher\":{\"@id\":\"https:\\\/\\\/eltrabajo.cl\\\/web\\\/#organization\"},\"image\":{\"@id\":\"https:\\\/\\\/eltrabajo.cl\\\/web\\\/guillermo-reyes-monardez-un-ingeniero-con-40-anos-de-experiencia-y-trabajo-comunitario-que-quiere-ser-concejal-de-san-felipe\\\/#primaryimage\"},\"thumbnailUrl\":\"https:\\\/\\\/eltrabajo.cl\\\/web\\\/wp-content\\\/uploads\\\/2024\\\/10\\\/reyes-2.jpg\",\"articleSection\":[\"Pol\u00edtica\"],\"inLanguage\":\"es-CL\",\"potentialAction\":[{\"@type\":\"CommentAction\",\"name\":\"Comment\",\"target\":[\"https:\\\/\\\/eltrabajo.cl\\\/web\\\/guillermo-reyes-monardez-un-ingeniero-con-40-anos-de-experiencia-y-trabajo-comunitario-que-quiere-ser-concejal-de-san-felipe\\\/#respond\"]}]},{\"@type\":\"WebPage\",\"@id\":\"https:\\\/\\\/eltrabajo.cl\\\/web\\\/guillermo-reyes-monardez-un-ingeniero-con-40-anos-de-experiencia-y-trabajo-comunitario-que-quiere-ser-concejal-de-san-felipe\\\/\",\"url\":\"https:\\\/\\\/eltrabajo.cl\\\/web\\\/guillermo-reyes-monardez-un-ingeniero-con-40-anos-de-experiencia-y-trabajo-comunitario-que-quiere-ser-concejal-de-san-felipe\\\/\",\"name\":\"Guillermo Reyes Mon\u00e1rdez: Un ingeniero con 40 a\u00f1os de experiencia y trabajo comunitario que quiere ser Concejal de San Felipe - Diario El Trabajo\",\"isPartOf\":{\"@id\":\"https:\\\/\\\/eltrabajo.cl\\\/web\\\/#website\"},\"primaryImageOfPage\":{\"@id\":\"https:\\\/\\\/eltrabajo.cl\\\/web\\\/guillermo-reyes-monardez-un-ingeniero-con-40-anos-de-experiencia-y-trabajo-comunitario-que-quiere-ser-concejal-de-san-felipe\\\/#primaryimage\"},\"image\":{\"@id\":\"https:\\\/\\\/eltrabajo.cl\\\/web\\\/guillermo-reyes-monardez-un-ingeniero-con-40-anos-de-experiencia-y-trabajo-comunitario-que-quiere-ser-concejal-de-san-felipe\\\/#primaryimage\"},\"thumbnailUrl\":\"https:\\\/\\\/eltrabajo.cl\\\/web\\\/wp-content\\\/uploads\\\/2024\\\/10\\\/reyes-2.jpg\",\"datePublished\":\"2024-10-23T00:30:50+00:00\",\"breadcrumb\":{\"@id\":\"https:\\\/\\\/eltrabajo.cl\\\/web\\\/guillermo-reyes-monardez-un-ingeniero-con-40-anos-de-experiencia-y-trabajo-comunitario-que-quiere-ser-concejal-de-san-felipe\\\/#breadcrumb\"},\"inLanguage\":\"es-CL\",\"potentialAction\":[{\"@type\":\"ReadAction\",\"target\":[\"https:\\\/\\\/eltrabajo.cl\\\/web\\\/guillermo-reyes-monardez-un-ingeniero-con-40-anos-de-experiencia-y-trabajo-comunitario-que-quiere-ser-concejal-de-san-felipe\\\/\"]}]},{\"@type\":\"ImageObject\",\"inLanguage\":\"es-CL\",\"@id\":\"https:\\\/\\\/eltrabajo.cl\\\/web\\\/guillermo-reyes-monardez-un-ingeniero-con-40-anos-de-experiencia-y-trabajo-comunitario-que-quiere-ser-concejal-de-san-felipe\\\/#primaryimage\",\"url\":\"https:\\\/\\\/eltrabajo.cl\\\/web\\\/wp-content\\\/uploads\\\/2024\\\/10\\\/reyes-2.jpg\",\"contentUrl\":\"https:\\\/\\\/eltrabajo.cl\\\/web\\\/wp-content\\\/uploads\\\/2024\\\/10\\\/reyes-2.jpg\",\"width\":700,\"height\":495,\"caption\":\"En su campa\u00f1a, Guillermo Reyes ha realizado una intensa labor de difusi\u00f3n para llegar al Concejo Municipal.\"},{\"@type\":\"BreadcrumbList\",\"@id\":\"https:\\\/\\\/eltrabajo.cl\\\/web\\\/guillermo-reyes-monardez-un-ingeniero-con-40-anos-de-experiencia-y-trabajo-comunitario-que-quiere-ser-concejal-de-san-felipe\\\/#breadcrumb\",\"itemListElement\":[{\"@type\":\"ListItem\",\"position\":1,\"name\":\"Portada\",\"item\":\"https:\\\/\\\/eltrabajo.cl\\\/web\\\/\"},{\"@type\":\"ListItem\",\"position\":2,\"name\":\"Guillermo Reyes Mon\u00e1rdez: Un ingeniero con 40 a\u00f1os de experiencia y trabajo comunitario que quiere ser Concejal de San Felipe\"}]},{\"@type\":\"WebSite\",\"@id\":\"https:\\\/\\\/eltrabajo.cl\\\/web\\\/#website\",\"url\":\"https:\\\/\\\/eltrabajo.cl\\\/web\\\/\",\"name\":\"Diario El Trabajo\",\"description\":\"Desde 1929 construyendo Identidad Local\",\"publisher\":{\"@id\":\"https:\\\/\\\/eltrabajo.cl\\\/web\\\/#organization\"},\"potentialAction\":[{\"@type\":\"SearchAction\",\"target\":{\"@type\":\"EntryPoint\",\"urlTemplate\":\"https:\\\/\\\/eltrabajo.cl\\\/web\\\/?s={search_term_string}\"},\"query-input\":{\"@type\":\"PropertyValueSpecification\",\"valueRequired\":true,\"valueName\":\"search_term_string\"}}],\"inLanguage\":\"es-CL\"},{\"@type\":\"Organization\",\"@id\":\"https:\\\/\\\/eltrabajo.cl\\\/web\\\/#organization\",\"name\":\"Diario El Trabajo\",\"url\":\"https:\\\/\\\/eltrabajo.cl\\\/web\\\/\",\"logo\":{\"@type\":\"ImageObject\",\"inLanguage\":\"es-CL\",\"@id\":\"https:\\\/\\\/eltrabajo.cl\\\/web\\\/#\\\/schema\\\/logo\\\/image\\\/\",\"url\":\"https:\\\/\\\/eltrabajo.cl\\\/web\\\/wp-content\\\/uploads\\\/2024\\\/06\\\/profile-image-ig-page-diarioeltrabajo.jpg\",\"contentUrl\":\"https:\\\/\\\/eltrabajo.cl\\\/web\\\/wp-content\\\/uploads\\\/2024\\\/06\\\/profile-image-ig-page-diarioeltrabajo.jpg\",\"width\":823,\"height\":823,\"caption\":\"Diario El Trabajo\"},\"image\":{\"@id\":\"https:\\\/\\\/eltrabajo.cl\\\/web\\\/#\\\/schema\\\/logo\\\/image\\\/\"},\"sameAs\":[\"https:\\\/\\\/www.facebook.com\\\/ElTrabajoDiario\",\"https:\\\/\\\/x.com\\\/diarioeltrabajo\"]},{\"@type\":\"Person\",\"@id\":\"https:\\\/\\\/eltrabajo.cl\\\/web\\\/#\\\/schema\\\/person\\\/45efd3d17f86ec456e44dd7debe1bf19\",\"name\":\"Diario El Trabajo\",\"image\":{\"@type\":\"ImageObject\",\"inLanguage\":\"es-CL\",\"@id\":\"https:\\\/\\\/secure.gravatar.com\\\/avatar\\\/7e6ec277dc4aea2677c2dc301d4227957219329c985ab69a3efc12518b5161aa?s=96&d=mm&r=g\",\"url\":\"https:\\\/\\\/secure.gravatar.com\\\/avatar\\\/7e6ec277dc4aea2677c2dc301d4227957219329c985ab69a3efc12518b5161aa?s=96&d=mm&r=g\",\"contentUrl\":\"https:\\\/\\\/secure.gravatar.com\\\/avatar\\\/7e6ec277dc4aea2677c2dc301d4227957219329c985ab69a3efc12518b5161aa?s=96&d=mm&r=g\",\"caption\":\"Diario El Trabajo\"},\"sameAs\":[\"https:\\\/\\\/eltrabajo.cl\\\/web\"],\"url\":\"https:\\\/\\\/eltrabajo.cl\\\/web\\\/author\\\/diario-el-trabajo\\\/\"}]}<\/script>\n<!-- \/ Yoast SEO plugin. -->","yoast_head_json":{"title":"Guillermo Reyes Mon\u00e1rdez: Un ingeniero con 40 a\u00f1os de experiencia y trabajo comunitario que quiere ser Concejal de San Felipe - Diario El Trabajo","robots":{"index":"index","follow":"follow","max-snippet":"max-snippet:-1","max-image-preview":"max-image-preview:large","max-video-preview":"max-video-preview:-1"},"canonical":"https:\/\/eltrabajo.cl\/web\/guillermo-reyes-monardez-un-ingeniero-con-40-anos-de-experiencia-y-trabajo-comunitario-que-quiere-ser-concejal-de-san-felipe\/","og_locale":"es_ES","og_type":"article","og_title":"Guillermo Reyes Mon\u00e1rdez: Un ingeniero con 40 a\u00f1os de experiencia y trabajo comunitario que quiere ser Concejal de San Felipe - Diario El Trabajo","og_description":"CAMPA\u00d1A ELECTORAL MUNICIPALES 2024: Conozca al candidato a Concejal que en esta elecci\u00f3n ocupa la opci\u00f3n 300 en el voto, siendo la \u00fanica candidatura independiente en la comuna de San Felipe.- Conversamos con el candidato a Concejal por San Felipe, Guillermo Reyes Mon\u00e1rdez, para saber un poco m\u00e1s sobre su vida y su obra, y [&hellip;]","og_url":"https:\/\/eltrabajo.cl\/web\/guillermo-reyes-monardez-un-ingeniero-con-40-anos-de-experiencia-y-trabajo-comunitario-que-quiere-ser-concejal-de-san-felipe\/","og_site_name":"Diario El Trabajo","article_publisher":"https:\/\/www.facebook.com\/ElTrabajoDiario","article_published_time":"2024-10-23T00:30:50+00:00","og_image":[{"width":700,"height":495,"url":"https:\/\/eltrabajo.cl\/web\/wp-content\/uploads\/2024\/10\/reyes-2.jpg","type":"image\/jpeg"}],"author":"Diario El Trabajo","twitter_card":"summary_large_image","twitter_creator":"@diarioeltrabajo","twitter_site":"@diarioeltrabajo","twitter_misc":{"Escrito por":"Diario El Trabajo","Tiempo estimado de lectura":"4 minutos"},"schema":{"@context":"https:\/\/schema.org","@graph":[{"@type":"Article","@id":"https:\/\/eltrabajo.cl\/web\/guillermo-reyes-monardez-un-ingeniero-con-40-anos-de-experiencia-y-trabajo-comunitario-que-quiere-ser-concejal-de-san-felipe\/#article","isPartOf":{"@id":"https:\/\/eltrabajo.cl\/web\/guillermo-reyes-monardez-un-ingeniero-con-40-anos-de-experiencia-y-trabajo-comunitario-que-quiere-ser-concejal-de-san-felipe\/"},"author":{"name":"Diario El Trabajo","@id":"https:\/\/eltrabajo.cl\/web\/#\/schema\/person\/45efd3d17f86ec456e44dd7debe1bf19"},"headline":"Guillermo Reyes Mon\u00e1rdez: Un ingeniero con 40 a\u00f1os de experiencia y trabajo comunitario que quiere ser Concejal de San Felipe","datePublished":"2024-10-23T00:30:50+00:00","mainEntityOfPage":{"@id":"https:\/\/eltrabajo.cl\/web\/guillermo-reyes-monardez-un-ingeniero-con-40-anos-de-experiencia-y-trabajo-comunitario-que-quiere-ser-concejal-de-san-felipe\/"},"wordCount":647,"commentCount":0,"publisher":{"@id":"https:\/\/eltrabajo.cl\/web\/#organization"},"image":{"@id":"https:\/\/eltrabajo.cl\/web\/guillermo-reyes-monardez-un-ingeniero-con-40-anos-de-experiencia-y-trabajo-comunitario-que-quiere-ser-concejal-de-san-felipe\/#primaryimage"},"thumbnailUrl":"https:\/\/eltrabajo.cl\/web\/wp-content\/uploads\/2024\/10\/reyes-2.jpg","articleSection":["Pol\u00edtica"],"inLanguage":"es-CL","potentialAction":[{"@type":"CommentAction","name":"Comment","target":["https:\/\/eltrabajo.cl\/web\/guillermo-reyes-monardez-un-ingeniero-con-40-anos-de-experiencia-y-trabajo-comunitario-que-quiere-ser-concejal-de-san-felipe\/#respond"]}]},{"@type":"WebPage","@id":"https:\/\/eltrabajo.cl\/web\/guillermo-reyes-monardez-un-ingeniero-con-40-anos-de-experiencia-y-trabajo-comunitario-que-quiere-ser-concejal-de-san-felipe\/","url":"https:\/\/eltrabajo.cl\/web\/guillermo-reyes-monardez-un-ingeniero-con-40-anos-de-experiencia-y-trabajo-comunitario-que-quiere-ser-concejal-de-san-felipe\/","name":"Guillermo Reyes Mon\u00e1rdez: Un ingeniero con 40 a\u00f1os de experiencia y trabajo comunitario que quiere ser Concejal de San Felipe - Diario El Trabajo","isPartOf":{"@id":"https:\/\/eltrabajo.cl\/web\/#website"},"primaryImageOfPage":{"@id":"https:\/\/eltrabajo.cl\/web\/guillermo-reyes-monardez-un-ingeniero-con-40-anos-de-experiencia-y-trabajo-comunitario-que-quiere-ser-concejal-de-san-felipe\/#primaryimage"},"image":{"@id":"https:\/\/eltrabajo.cl\/web\/guillermo-reyes-monardez-un-ingeniero-con-40-anos-de-experiencia-y-trabajo-comunitario-que-quiere-ser-concejal-de-san-felipe\/#primaryimage"},"thumbnailUrl":"https:\/\/eltrabajo.cl\/web\/wp-content\/uploads\/2024\/10\/reyes-2.jpg","datePublished":"2024-10-23T00:30:50+00:00","breadcrumb":{"@id":"https:\/\/eltrabajo.cl\/web\/guillermo-reyes-monardez-un-ingeniero-con-40-anos-de-experiencia-y-trabajo-comunitario-que-quiere-ser-concejal-de-san-felipe\/#breadcrumb"},"inLanguage":"es-CL","potentialAction":[{"@type":"ReadAction","target":["https:\/\/eltrabajo.cl\/web\/guillermo-reyes-monardez-un-ingeniero-con-40-anos-de-experiencia-y-trabajo-comunitario-que-quiere-ser-concejal-de-san-felipe\/"]}]},{"@type":"ImageObject","inLanguage":"es-CL","@id":"https:\/\/eltrabajo.cl\/web\/guillermo-reyes-monardez-un-ingeniero-con-40-anos-de-experiencia-y-trabajo-comunitario-que-quiere-ser-concejal-de-san-felipe\/#primaryimage","url":"https:\/\/eltrabajo.cl\/web\/wp-content\/uploads\/2024\/10\/reyes-2.jpg","contentUrl":"https:\/\/eltrabajo.cl\/web\/wp-content\/uploads\/2024\/10\/reyes-2.jpg","width":700,"height":495,"caption":"En su campa\u00f1a, Guillermo Reyes ha realizado una intensa labor de difusi\u00f3n para llegar al Concejo Municipal."},{"@type":"BreadcrumbList","@id":"https:\/\/eltrabajo.cl\/web\/guillermo-reyes-monardez-un-ingeniero-con-40-anos-de-experiencia-y-trabajo-comunitario-que-quiere-ser-concejal-de-san-felipe\/#breadcrumb","itemListElement":[{"@type":"ListItem","position":1,"name":"Portada","item":"https:\/\/eltrabajo.cl\/web\/"},{"@type":"ListItem","position":2,"name":"Guillermo Reyes Mon\u00e1rdez: Un ingeniero con 40 a\u00f1os de experiencia y trabajo comunitario que quiere ser Concejal de San Felipe"}]},{"@type":"WebSite","@id":"https:\/\/eltrabajo.cl\/web\/#website","url":"https:\/\/eltrabajo.cl\/web\/","name":"Diario El Trabajo","description":"Desde 1929 construyendo Identidad Local","publisher":{"@id":"https:\/\/eltrabajo.cl\/web\/#organization"},"potentialAction":[{"@type":"SearchAction","target":{"@type":"EntryPoint","urlTemplate":"https:\/\/eltrabajo.cl\/web\/?s={search_term_string}"},"query-input":{"@type":"PropertyValueSpecification","valueRequired":true,"valueName":"search_term_string"}}],"inLanguage":"es-CL"},{"@type":"Organization","@id":"https:\/\/eltrabajo.cl\/web\/#organization","name":"Diario El Trabajo","url":"https:\/\/eltrabajo.cl\/web\/","logo":{"@type":"ImageObject","inLanguage":"es-CL","@id":"https:\/\/eltrabajo.cl\/web\/#\/schema\/logo\/image\/","url":"https:\/\/eltrabajo.cl\/web\/wp-content\/uploads\/2024\/06\/profile-image-ig-page-diarioeltrabajo.jpg","contentUrl":"https:\/\/eltrabajo.cl\/web\/wp-content\/uploads\/2024\/06\/profile-image-ig-page-diarioeltrabajo.jpg","width":823,"height":823,"caption":"Diario El Trabajo"},"image":{"@id":"https:\/\/eltrabajo.cl\/web\/#\/schema\/logo\/image\/"},"sameAs":["https:\/\/www.facebook.com\/ElTrabajoDiario","https:\/\/x.com\/diarioeltrabajo"]},{"@type":"Person","@id":"https:\/\/eltrabajo.cl\/web\/#\/schema\/person\/45efd3d17f86ec456e44dd7debe1bf19","name":"Diario El Trabajo","image":{"@type":"ImageObject","inLanguage":"es-CL","@id":"https:\/\/secure.gravatar.com\/avatar\/7e6ec277dc4aea2677c2dc301d4227957219329c985ab69a3efc12518b5161aa?s=96&d=mm&r=g","url":"https:\/\/secure.gravatar.com\/avatar\/7e6ec277dc4aea2677c2dc301d4227957219329c985ab69a3efc12518b5161aa?s=96&d=mm&r=g","contentUrl":"https:\/\/secure.gravatar.com\/avatar\/7e6ec277dc4aea2677c2dc301d4227957219329c985ab69a3efc12518b5161aa?s=96&d=mm&r=g","caption":"Diario El Trabajo"},"sameAs":["https:\/\/eltrabajo.cl\/web"],"url":"https:\/\/eltrabajo.cl\/web\/author\/diario-el-trabajo\/"}]}},"_links":{"self":[{"href":"https:\/\/eltrabajo.cl\/web\/wp-json\/wp\/v2\/posts\/132839","targetHints":{"allow":["GET"]}}],"collection":[{"href":"https:\/\/eltrabajo.cl\/web\/wp-json\/wp\/v2\/posts"}],"about":[{"href":"https:\/\/eltrabajo.cl\/web\/wp-json\/wp\/v2\/types\/post"}],"author":[{"embeddable":true,"href":"https:\/\/eltrabajo.cl\/web\/wp-json\/wp\/v2\/users\/1"}],"replies":[{"embeddable":true,"href":"https:\/\/eltrabajo.cl\/web\/wp-json\/wp\/v2\/comments?post=132839"}],"version-history":[{"count":1,"href":"https:\/\/eltrabajo.cl\/web\/wp-json\/wp\/v2\/posts\/132839\/revisions"}],"predecessor-version":[{"id":132841,"href":"https:\/\/eltrabajo.cl\/web\/wp-json\/wp\/v2\/posts\/132839\/revisions\/132841"}],"wp:featuredmedia":[{"embeddable":true,"href":"https:\/\/eltrabajo.cl\/web\/wp-json\/wp\/v2\/media\/132840"}],"wp:attachment":[{"href":"https:\/\/eltrabajo.cl\/web\/wp-json\/wp\/v2\/media?parent=132839"}],"wp:term":[{"taxonomy":"category","embeddable":true,"href":"https:\/\/eltrabajo.cl\/web\/wp-json\/wp\/v2\/categories?post=132839"},{"taxonomy":"post_tag","embeddable":true,"href":"https:\/\/eltrabajo.cl\/web\/wp-json\/wp\/v2\/tags?post=132839"}],"curies":[{"name":"wp","href":"https:\/\/api.w.org\/{rel}","templated":true}]}}