{"id":133122,"date":"2024-11-07T21:55:13","date_gmt":"2024-11-08T00:55:13","guid":{"rendered":"https:\/\/eltrabajo.cl\/web\/?p=133122"},"modified":"2024-11-07T21:36:23","modified_gmt":"2024-11-08T00:36:23","slug":"hasta-urgencia-del-hospital-san-camilo-llega-hombre-baleado-en-catemu","status":"publish","type":"post","link":"https:\/\/eltrabajo.cl\/web\/hasta-urgencia-del-hospital-san-camilo-llega-hombre-baleado-en-catemu\/","title":{"rendered":"Hasta Urgencia del Hospital San Camilo llega hombre baleado en Catemu"},"content":{"rendered":"<ul>\n<li><strong>El sujeto registraba tres impactos bal\u00edsticos y no realiz\u00f3 denuncia, por lo que Carabineros ofici\u00f3 el hecho al Ministerio P\u00fablico.-<\/strong><\/li>\n<\/ul>\n<p>Durante la madrugada de este jueves, un hombre lleg\u00f3 hasta el servicio de Urgencia del Hospital San Camilo de San Felipe, por tres impactos bal\u00edsticos -dos en su pierna y uno en un gl\u00fateo- que manten\u00eda en su cuerpo, hecho que se habr\u00eda suscitado en la comuna de Catemu. A pesar de las lesiones, el sujeto no estuvo en riesgo vital y fue dado de alta en el transcurso de las horas.<\/p>\n<p>Seg\u00fan detall\u00f3 Carabineros, el hombre no realiz\u00f3 una denuncia formal y no aport\u00f3 mayores antecedentes sobre lo ocurrido, ni de qui\u00e9n o qui\u00e9nes habr\u00edan efectuado los disparos. De igual manera, desde la instituci\u00f3n realizaron una denuncia de oficio al Ministerio P\u00fablico para iniciar una investigaci\u00f3n que esclarezca los hechos.<\/p>\n<p>El mayor <strong>Jorge Guzm\u00e1n<\/strong>, comisario de la Segunda Comisar\u00eda de Carabineros de San Felipe, se refiri\u00f3 a la situaci\u00f3n de este hombre que lleg\u00f3 con heridas de bala hasta Urgencia del San Camilo. <em>\u00abEfectivamente, la madrugada del d\u00eda de hoy (ayer) llega hasta el Servicio de Urgencia del Hospital San Camilo, una persona de sexo masculino y mayor de edad, el cual ingresa con tres impactos bal\u00edsticos; dos en su pierna y uno en su gl\u00fateo\u00bb<\/em>, consign\u00f3.<\/p>\n<p>En cuanto a c\u00f3mo ocurrieron los hechos, Guzm\u00e1n asegur\u00f3 que <em>\u00abel hombre manifiesta que momentos antes habr\u00eda sido baleado en el sector de la comuna de Catemu, no aportando mayor tipo de antecedentes, por tanto, personal de servicio en la poblaci\u00f3n realiza la denuncia de oficio al Ministerio P\u00fablico, con la finalidad que se inicie una investigaci\u00f3n al respecto\u00bb<\/em>, precis\u00f3 el comisario.<\/p>\n<p>Finalmente, el mayor de Carabineros coment\u00f3 que no se presentaron mayores complicaciones en la atenci\u00f3n de este hombre y sus lesiones. <em>\u00abLa persona se encuentra fuera de riesgo vital, fue atendida en el Hospital San Camilo y fue dado de alta en el transcurso de la madrugada\u00bb<\/em>, cerr\u00f3.<\/p>\n<figure id=\"attachment_133123\" aria-describedby=\"caption-attachment-133123\" style=\"width: 699px\" class=\"wp-caption alignnone\"><img loading=\"lazy\" decoding=\"async\" class=\"size-full wp-image-133123\" src=\"https:\/\/eltrabajo.cl\/web\/wp-content\/uploads\/2024\/11\/hospital-san-camilo.jpg\" alt=\"Hasta Urgencia del Hospital San Camilo lleg\u00f3 hombre con tres heridas de bala desde Catemu.\" width=\"699\" height=\"361\" srcset=\"https:\/\/eltrabajo.cl\/web\/wp-content\/uploads\/2024\/11\/hospital-san-camilo.jpg 699w, https:\/\/eltrabajo.cl\/web\/wp-content\/uploads\/2024\/11\/hospital-san-camilo-300x155.jpg 300w, https:\/\/eltrabajo.cl\/web\/wp-content\/uploads\/2024\/11\/hospital-san-camilo-150x77.jpg 150w, https:\/\/eltrabajo.cl\/web\/wp-content\/uploads\/2024\/11\/hospital-san-camilo-696x359.jpg 696w\" sizes=\"auto, (max-width: 699px) 100vw, 699px\" \/><figcaption id=\"caption-attachment-133123\" class=\"wp-caption-text\">Hasta Urgencia del Hospital San Camilo lleg\u00f3 hombre con tres heridas de bala desde Catemu.<\/figcaption><\/figure>\n","protected":false},"excerpt":{"rendered":"<p>El sujeto registraba tres impactos bal\u00edsticos y no realiz\u00f3 denuncia, por lo que Carabineros ofici\u00f3 el hecho al Ministerio P\u00fablico.- Durante la madrugada de este jueves, un hombre lleg\u00f3 hasta el servicio de Urgencia del Hospital San Camilo de San Felipe, por tres impactos bal\u00edsticos -dos en su pierna y uno en un gl\u00fateo- que [&hellip;]<\/p>\n","protected":false},"author":1,"featured_media":133123,"comment_status":"open","ping_status":"closed","sticky":false,"template":"","format":"standard","meta":{"footnotes":""},"categories":[5],"tags":[],"class_list":{"0":"post-133122","1":"post","2":"type-post","3":"status-publish","4":"format-standard","5":"has-post-thumbnail","7":"category-policial"},"yoast_head":"<!-- This site is optimized with the Yoast SEO plugin v27.5 - https:\/\/yoast.com\/product\/yoast-seo-wordpress\/ -->\n<title>Hasta Urgencia del Hospital San Camilo llega hombre baleado en Catemu - Diario El Trabajo<\/title>\n<meta name=\"robots\" content=\"index, follow, max-snippet:-1, max-image-preview:large, max-video-preview:-1\" \/>\n<link rel=\"canonical\" href=\"https:\/\/eltrabajo.cl\/web\/hasta-urgencia-del-hospital-san-camilo-llega-hombre-baleado-en-catemu\/\" \/>\n<meta property=\"og:locale\" content=\"es_ES\" \/>\n<meta property=\"og:type\" content=\"article\" \/>\n<meta property=\"og:title\" content=\"Hasta Urgencia del Hospital San Camilo llega hombre baleado en Catemu - Diario El Trabajo\" \/>\n<meta property=\"og:description\" content=\"El sujeto registraba tres impactos bal\u00edsticos y no realiz\u00f3 denuncia, por lo que Carabineros ofici\u00f3 el hecho al Ministerio P\u00fablico.- Durante la madrugada de este jueves, un hombre lleg\u00f3 hasta el servicio de Urgencia del Hospital San Camilo de San Felipe, por tres impactos bal\u00edsticos -dos en su pierna y uno en un gl\u00fateo- que [&hellip;]\" \/>\n<meta property=\"og:url\" content=\"https:\/\/eltrabajo.cl\/web\/hasta-urgencia-del-hospital-san-camilo-llega-hombre-baleado-en-catemu\/\" \/>\n<meta property=\"og:site_name\" content=\"Diario El Trabajo\" \/>\n<meta property=\"article:publisher\" content=\"https:\/\/www.facebook.com\/ElTrabajoDiario\" \/>\n<meta property=\"article:published_time\" content=\"2024-11-08T00:55:13+00:00\" \/>\n<meta property=\"og:image\" content=\"https:\/\/eltrabajo.cl\/web\/wp-content\/uploads\/2024\/11\/hospital-san-camilo.jpg\" \/>\n\t<meta property=\"og:image:width\" content=\"699\" \/>\n\t<meta property=\"og:image:height\" content=\"361\" \/>\n\t<meta property=\"og:image:type\" content=\"image\/jpeg\" \/>\n<meta name=\"author\" content=\"Diario El Trabajo\" \/>\n<meta name=\"twitter:card\" content=\"summary_large_image\" \/>\n<meta name=\"twitter:creator\" content=\"@diarioeltrabajo\" \/>\n<meta name=\"twitter:site\" content=\"@diarioeltrabajo\" \/>\n<meta name=\"twitter:label1\" content=\"Escrito por\" \/>\n\t<meta name=\"twitter:data1\" content=\"Diario El Trabajo\" \/>\n\t<meta name=\"twitter:label2\" content=\"Tiempo estimado de lectura\" \/>\n\t<meta name=\"twitter:data2\" content=\"2 minutos\" \/>\n<script type=\"application\/ld+json\" class=\"yoast-schema-graph\">{\"@context\":\"https:\\\/\\\/schema.org\",\"@graph\":[{\"@type\":\"Article\",\"@id\":\"https:\\\/\\\/eltrabajo.cl\\\/web\\\/hasta-urgencia-del-hospital-san-camilo-llega-hombre-baleado-en-catemu\\\/#article\",\"isPartOf\":{\"@id\":\"https:\\\/\\\/eltrabajo.cl\\\/web\\\/hasta-urgencia-del-hospital-san-camilo-llega-hombre-baleado-en-catemu\\\/\"},\"author\":{\"name\":\"Diario El Trabajo\",\"@id\":\"https:\\\/\\\/eltrabajo.cl\\\/web\\\/#\\\/schema\\\/person\\\/45efd3d17f86ec456e44dd7debe1bf19\"},\"headline\":\"Hasta Urgencia del Hospital San Camilo llega hombre baleado en Catemu\",\"datePublished\":\"2024-11-08T00:55:13+00:00\",\"mainEntityOfPage\":{\"@id\":\"https:\\\/\\\/eltrabajo.cl\\\/web\\\/hasta-urgencia-del-hospital-san-camilo-llega-hombre-baleado-en-catemu\\\/\"},\"wordCount\":388,\"commentCount\":0,\"publisher\":{\"@id\":\"https:\\\/\\\/eltrabajo.cl\\\/web\\\/#organization\"},\"image\":{\"@id\":\"https:\\\/\\\/eltrabajo.cl\\\/web\\\/hasta-urgencia-del-hospital-san-camilo-llega-hombre-baleado-en-catemu\\\/#primaryimage\"},\"thumbnailUrl\":\"https:\\\/\\\/eltrabajo.cl\\\/web\\\/wp-content\\\/uploads\\\/2024\\\/11\\\/hospital-san-camilo.jpg\",\"articleSection\":[\"Policial\"],\"inLanguage\":\"es-CL\",\"potentialAction\":[{\"@type\":\"CommentAction\",\"name\":\"Comment\",\"target\":[\"https:\\\/\\\/eltrabajo.cl\\\/web\\\/hasta-urgencia-del-hospital-san-camilo-llega-hombre-baleado-en-catemu\\\/#respond\"]}]},{\"@type\":\"WebPage\",\"@id\":\"https:\\\/\\\/eltrabajo.cl\\\/web\\\/hasta-urgencia-del-hospital-san-camilo-llega-hombre-baleado-en-catemu\\\/\",\"url\":\"https:\\\/\\\/eltrabajo.cl\\\/web\\\/hasta-urgencia-del-hospital-san-camilo-llega-hombre-baleado-en-catemu\\\/\",\"name\":\"Hasta Urgencia del Hospital San Camilo llega hombre baleado en Catemu - Diario El Trabajo\",\"isPartOf\":{\"@id\":\"https:\\\/\\\/eltrabajo.cl\\\/web\\\/#website\"},\"primaryImageOfPage\":{\"@id\":\"https:\\\/\\\/eltrabajo.cl\\\/web\\\/hasta-urgencia-del-hospital-san-camilo-llega-hombre-baleado-en-catemu\\\/#primaryimage\"},\"image\":{\"@id\":\"https:\\\/\\\/eltrabajo.cl\\\/web\\\/hasta-urgencia-del-hospital-san-camilo-llega-hombre-baleado-en-catemu\\\/#primaryimage\"},\"thumbnailUrl\":\"https:\\\/\\\/eltrabajo.cl\\\/web\\\/wp-content\\\/uploads\\\/2024\\\/11\\\/hospital-san-camilo.jpg\",\"datePublished\":\"2024-11-08T00:55:13+00:00\",\"breadcrumb\":{\"@id\":\"https:\\\/\\\/eltrabajo.cl\\\/web\\\/hasta-urgencia-del-hospital-san-camilo-llega-hombre-baleado-en-catemu\\\/#breadcrumb\"},\"inLanguage\":\"es-CL\",\"potentialAction\":[{\"@type\":\"ReadAction\",\"target\":[\"https:\\\/\\\/eltrabajo.cl\\\/web\\\/hasta-urgencia-del-hospital-san-camilo-llega-hombre-baleado-en-catemu\\\/\"]}]},{\"@type\":\"ImageObject\",\"inLanguage\":\"es-CL\",\"@id\":\"https:\\\/\\\/eltrabajo.cl\\\/web\\\/hasta-urgencia-del-hospital-san-camilo-llega-hombre-baleado-en-catemu\\\/#primaryimage\",\"url\":\"https:\\\/\\\/eltrabajo.cl\\\/web\\\/wp-content\\\/uploads\\\/2024\\\/11\\\/hospital-san-camilo.jpg\",\"contentUrl\":\"https:\\\/\\\/eltrabajo.cl\\\/web\\\/wp-content\\\/uploads\\\/2024\\\/11\\\/hospital-san-camilo.jpg\",\"width\":699,\"height\":361,\"caption\":\"Hasta Urgencia del Hospital San Camilo lleg\u00f3 hombre con tres heridas de bala desde Catemu.\"},{\"@type\":\"BreadcrumbList\",\"@id\":\"https:\\\/\\\/eltrabajo.cl\\\/web\\\/hasta-urgencia-del-hospital-san-camilo-llega-hombre-baleado-en-catemu\\\/#breadcrumb\",\"itemListElement\":[{\"@type\":\"ListItem\",\"position\":1,\"name\":\"Portada\",\"item\":\"https:\\\/\\\/eltrabajo.cl\\\/web\\\/\"},{\"@type\":\"ListItem\",\"position\":2,\"name\":\"Hasta Urgencia del Hospital San Camilo llega hombre baleado en Catemu\"}]},{\"@type\":\"WebSite\",\"@id\":\"https:\\\/\\\/eltrabajo.cl\\\/web\\\/#website\",\"url\":\"https:\\\/\\\/eltrabajo.cl\\\/web\\\/\",\"name\":\"Diario El Trabajo\",\"description\":\"Desde 1929 construyendo Identidad Local\",\"publisher\":{\"@id\":\"https:\\\/\\\/eltrabajo.cl\\\/web\\\/#organization\"},\"potentialAction\":[{\"@type\":\"SearchAction\",\"target\":{\"@type\":\"EntryPoint\",\"urlTemplate\":\"https:\\\/\\\/eltrabajo.cl\\\/web\\\/?s={search_term_string}\"},\"query-input\":{\"@type\":\"PropertyValueSpecification\",\"valueRequired\":true,\"valueName\":\"search_term_string\"}}],\"inLanguage\":\"es-CL\"},{\"@type\":\"Organization\",\"@id\":\"https:\\\/\\\/eltrabajo.cl\\\/web\\\/#organization\",\"name\":\"Diario El Trabajo\",\"url\":\"https:\\\/\\\/eltrabajo.cl\\\/web\\\/\",\"logo\":{\"@type\":\"ImageObject\",\"inLanguage\":\"es-CL\",\"@id\":\"https:\\\/\\\/eltrabajo.cl\\\/web\\\/#\\\/schema\\\/logo\\\/image\\\/\",\"url\":\"https:\\\/\\\/eltrabajo.cl\\\/web\\\/wp-content\\\/uploads\\\/2024\\\/06\\\/profile-image-ig-page-diarioeltrabajo.jpg\",\"contentUrl\":\"https:\\\/\\\/eltrabajo.cl\\\/web\\\/wp-content\\\/uploads\\\/2024\\\/06\\\/profile-image-ig-page-diarioeltrabajo.jpg\",\"width\":823,\"height\":823,\"caption\":\"Diario El Trabajo\"},\"image\":{\"@id\":\"https:\\\/\\\/eltrabajo.cl\\\/web\\\/#\\\/schema\\\/logo\\\/image\\\/\"},\"sameAs\":[\"https:\\\/\\\/www.facebook.com\\\/ElTrabajoDiario\",\"https:\\\/\\\/x.com\\\/diarioeltrabajo\"]},{\"@type\":\"Person\",\"@id\":\"https:\\\/\\\/eltrabajo.cl\\\/web\\\/#\\\/schema\\\/person\\\/45efd3d17f86ec456e44dd7debe1bf19\",\"name\":\"Diario El Trabajo\",\"image\":{\"@type\":\"ImageObject\",\"inLanguage\":\"es-CL\",\"@id\":\"https:\\\/\\\/secure.gravatar.com\\\/avatar\\\/7e6ec277dc4aea2677c2dc301d4227957219329c985ab69a3efc12518b5161aa?s=96&d=mm&r=g\",\"url\":\"https:\\\/\\\/secure.gravatar.com\\\/avatar\\\/7e6ec277dc4aea2677c2dc301d4227957219329c985ab69a3efc12518b5161aa?s=96&d=mm&r=g\",\"contentUrl\":\"https:\\\/\\\/secure.gravatar.com\\\/avatar\\\/7e6ec277dc4aea2677c2dc301d4227957219329c985ab69a3efc12518b5161aa?s=96&d=mm&r=g\",\"caption\":\"Diario El Trabajo\"},\"sameAs\":[\"https:\\\/\\\/eltrabajo.cl\\\/web\"],\"url\":\"https:\\\/\\\/eltrabajo.cl\\\/web\\\/author\\\/diario-el-trabajo\\\/\"}]}<\/script>\n<!-- \/ Yoast SEO plugin. -->","yoast_head_json":{"title":"Hasta Urgencia del Hospital San Camilo llega hombre baleado en Catemu - Diario El Trabajo","robots":{"index":"index","follow":"follow","max-snippet":"max-snippet:-1","max-image-preview":"max-image-preview:large","max-video-preview":"max-video-preview:-1"},"canonical":"https:\/\/eltrabajo.cl\/web\/hasta-urgencia-del-hospital-san-camilo-llega-hombre-baleado-en-catemu\/","og_locale":"es_ES","og_type":"article","og_title":"Hasta Urgencia del Hospital San Camilo llega hombre baleado en Catemu - Diario El Trabajo","og_description":"El sujeto registraba tres impactos bal\u00edsticos y no realiz\u00f3 denuncia, por lo que Carabineros ofici\u00f3 el hecho al Ministerio P\u00fablico.- Durante la madrugada de este jueves, un hombre lleg\u00f3 hasta el servicio de Urgencia del Hospital San Camilo de San Felipe, por tres impactos bal\u00edsticos -dos en su pierna y uno en un gl\u00fateo- que [&hellip;]","og_url":"https:\/\/eltrabajo.cl\/web\/hasta-urgencia-del-hospital-san-camilo-llega-hombre-baleado-en-catemu\/","og_site_name":"Diario El Trabajo","article_publisher":"https:\/\/www.facebook.com\/ElTrabajoDiario","article_published_time":"2024-11-08T00:55:13+00:00","og_image":[{"width":699,"height":361,"url":"https:\/\/eltrabajo.cl\/web\/wp-content\/uploads\/2024\/11\/hospital-san-camilo.jpg","type":"image\/jpeg"}],"author":"Diario El Trabajo","twitter_card":"summary_large_image","twitter_creator":"@diarioeltrabajo","twitter_site":"@diarioeltrabajo","twitter_misc":{"Escrito por":"Diario El Trabajo","Tiempo estimado de lectura":"2 minutos"},"schema":{"@context":"https:\/\/schema.org","@graph":[{"@type":"Article","@id":"https:\/\/eltrabajo.cl\/web\/hasta-urgencia-del-hospital-san-camilo-llega-hombre-baleado-en-catemu\/#article","isPartOf":{"@id":"https:\/\/eltrabajo.cl\/web\/hasta-urgencia-del-hospital-san-camilo-llega-hombre-baleado-en-catemu\/"},"author":{"name":"Diario El Trabajo","@id":"https:\/\/eltrabajo.cl\/web\/#\/schema\/person\/45efd3d17f86ec456e44dd7debe1bf19"},"headline":"Hasta Urgencia del Hospital San Camilo llega hombre baleado en Catemu","datePublished":"2024-11-08T00:55:13+00:00","mainEntityOfPage":{"@id":"https:\/\/eltrabajo.cl\/web\/hasta-urgencia-del-hospital-san-camilo-llega-hombre-baleado-en-catemu\/"},"wordCount":388,"commentCount":0,"publisher":{"@id":"https:\/\/eltrabajo.cl\/web\/#organization"},"image":{"@id":"https:\/\/eltrabajo.cl\/web\/hasta-urgencia-del-hospital-san-camilo-llega-hombre-baleado-en-catemu\/#primaryimage"},"thumbnailUrl":"https:\/\/eltrabajo.cl\/web\/wp-content\/uploads\/2024\/11\/hospital-san-camilo.jpg","articleSection":["Policial"],"inLanguage":"es-CL","potentialAction":[{"@type":"CommentAction","name":"Comment","target":["https:\/\/eltrabajo.cl\/web\/hasta-urgencia-del-hospital-san-camilo-llega-hombre-baleado-en-catemu\/#respond"]}]},{"@type":"WebPage","@id":"https:\/\/eltrabajo.cl\/web\/hasta-urgencia-del-hospital-san-camilo-llega-hombre-baleado-en-catemu\/","url":"https:\/\/eltrabajo.cl\/web\/hasta-urgencia-del-hospital-san-camilo-llega-hombre-baleado-en-catemu\/","name":"Hasta Urgencia del Hospital San Camilo llega hombre baleado en Catemu - Diario El Trabajo","isPartOf":{"@id":"https:\/\/eltrabajo.cl\/web\/#website"},"primaryImageOfPage":{"@id":"https:\/\/eltrabajo.cl\/web\/hasta-urgencia-del-hospital-san-camilo-llega-hombre-baleado-en-catemu\/#primaryimage"},"image":{"@id":"https:\/\/eltrabajo.cl\/web\/hasta-urgencia-del-hospital-san-camilo-llega-hombre-baleado-en-catemu\/#primaryimage"},"thumbnailUrl":"https:\/\/eltrabajo.cl\/web\/wp-content\/uploads\/2024\/11\/hospital-san-camilo.jpg","datePublished":"2024-11-08T00:55:13+00:00","breadcrumb":{"@id":"https:\/\/eltrabajo.cl\/web\/hasta-urgencia-del-hospital-san-camilo-llega-hombre-baleado-en-catemu\/#breadcrumb"},"inLanguage":"es-CL","potentialAction":[{"@type":"ReadAction","target":["https:\/\/eltrabajo.cl\/web\/hasta-urgencia-del-hospital-san-camilo-llega-hombre-baleado-en-catemu\/"]}]},{"@type":"ImageObject","inLanguage":"es-CL","@id":"https:\/\/eltrabajo.cl\/web\/hasta-urgencia-del-hospital-san-camilo-llega-hombre-baleado-en-catemu\/#primaryimage","url":"https:\/\/eltrabajo.cl\/web\/wp-content\/uploads\/2024\/11\/hospital-san-camilo.jpg","contentUrl":"https:\/\/eltrabajo.cl\/web\/wp-content\/uploads\/2024\/11\/hospital-san-camilo.jpg","width":699,"height":361,"caption":"Hasta Urgencia del Hospital San Camilo lleg\u00f3 hombre con tres heridas de bala desde Catemu."},{"@type":"BreadcrumbList","@id":"https:\/\/eltrabajo.cl\/web\/hasta-urgencia-del-hospital-san-camilo-llega-hombre-baleado-en-catemu\/#breadcrumb","itemListElement":[{"@type":"ListItem","position":1,"name":"Portada","item":"https:\/\/eltrabajo.cl\/web\/"},{"@type":"ListItem","position":2,"name":"Hasta Urgencia del Hospital San Camilo llega hombre baleado en Catemu"}]},{"@type":"WebSite","@id":"https:\/\/eltrabajo.cl\/web\/#website","url":"https:\/\/eltrabajo.cl\/web\/","name":"Diario El Trabajo","description":"Desde 1929 construyendo Identidad Local","publisher":{"@id":"https:\/\/eltrabajo.cl\/web\/#organization"},"potentialAction":[{"@type":"SearchAction","target":{"@type":"EntryPoint","urlTemplate":"https:\/\/eltrabajo.cl\/web\/?s={search_term_string}"},"query-input":{"@type":"PropertyValueSpecification","valueRequired":true,"valueName":"search_term_string"}}],"inLanguage":"es-CL"},{"@type":"Organization","@id":"https:\/\/eltrabajo.cl\/web\/#organization","name":"Diario El Trabajo","url":"https:\/\/eltrabajo.cl\/web\/","logo":{"@type":"ImageObject","inLanguage":"es-CL","@id":"https:\/\/eltrabajo.cl\/web\/#\/schema\/logo\/image\/","url":"https:\/\/eltrabajo.cl\/web\/wp-content\/uploads\/2024\/06\/profile-image-ig-page-diarioeltrabajo.jpg","contentUrl":"https:\/\/eltrabajo.cl\/web\/wp-content\/uploads\/2024\/06\/profile-image-ig-page-diarioeltrabajo.jpg","width":823,"height":823,"caption":"Diario El Trabajo"},"image":{"@id":"https:\/\/eltrabajo.cl\/web\/#\/schema\/logo\/image\/"},"sameAs":["https:\/\/www.facebook.com\/ElTrabajoDiario","https:\/\/x.com\/diarioeltrabajo"]},{"@type":"Person","@id":"https:\/\/eltrabajo.cl\/web\/#\/schema\/person\/45efd3d17f86ec456e44dd7debe1bf19","name":"Diario El Trabajo","image":{"@type":"ImageObject","inLanguage":"es-CL","@id":"https:\/\/secure.gravatar.com\/avatar\/7e6ec277dc4aea2677c2dc301d4227957219329c985ab69a3efc12518b5161aa?s=96&d=mm&r=g","url":"https:\/\/secure.gravatar.com\/avatar\/7e6ec277dc4aea2677c2dc301d4227957219329c985ab69a3efc12518b5161aa?s=96&d=mm&r=g","contentUrl":"https:\/\/secure.gravatar.com\/avatar\/7e6ec277dc4aea2677c2dc301d4227957219329c985ab69a3efc12518b5161aa?s=96&d=mm&r=g","caption":"Diario El Trabajo"},"sameAs":["https:\/\/eltrabajo.cl\/web"],"url":"https:\/\/eltrabajo.cl\/web\/author\/diario-el-trabajo\/"}]}},"_links":{"self":[{"href":"https:\/\/eltrabajo.cl\/web\/wp-json\/wp\/v2\/posts\/133122","targetHints":{"allow":["GET"]}}],"collection":[{"href":"https:\/\/eltrabajo.cl\/web\/wp-json\/wp\/v2\/posts"}],"about":[{"href":"https:\/\/eltrabajo.cl\/web\/wp-json\/wp\/v2\/types\/post"}],"author":[{"embeddable":true,"href":"https:\/\/eltrabajo.cl\/web\/wp-json\/wp\/v2\/users\/1"}],"replies":[{"embeddable":true,"href":"https:\/\/eltrabajo.cl\/web\/wp-json\/wp\/v2\/comments?post=133122"}],"version-history":[{"count":1,"href":"https:\/\/eltrabajo.cl\/web\/wp-json\/wp\/v2\/posts\/133122\/revisions"}],"predecessor-version":[{"id":133124,"href":"https:\/\/eltrabajo.cl\/web\/wp-json\/wp\/v2\/posts\/133122\/revisions\/133124"}],"wp:featuredmedia":[{"embeddable":true,"href":"https:\/\/eltrabajo.cl\/web\/wp-json\/wp\/v2\/media\/133123"}],"wp:attachment":[{"href":"https:\/\/eltrabajo.cl\/web\/wp-json\/wp\/v2\/media?parent=133122"}],"wp:term":[{"taxonomy":"category","embeddable":true,"href":"https:\/\/eltrabajo.cl\/web\/wp-json\/wp\/v2\/categories?post=133122"},{"taxonomy":"post_tag","embeddable":true,"href":"https:\/\/eltrabajo.cl\/web\/wp-json\/wp\/v2\/tags?post=133122"}],"curies":[{"name":"wp","href":"https:\/\/api.w.org\/{rel}","templated":true}]}}