{"id":133213,"date":"2024-11-12T22:00:37","date_gmt":"2024-11-13T01:00:37","guid":{"rendered":"https:\/\/eltrabajo.cl\/web\/?p=133213"},"modified":"2024-11-12T21:28:47","modified_gmt":"2024-11-13T00:28:47","slug":"realizan-educacion-vial-para-que-estudiantes-sean-buenos-conductores-y-peatones-en-su-vida","status":"publish","type":"post","link":"https:\/\/eltrabajo.cl\/web\/realizan-educacion-vial-para-que-estudiantes-sean-buenos-conductores-y-peatones-en-su-vida\/","title":{"rendered":"Realizan Educaci\u00f3n Vial para que estudiantes sean buenos conductores y peatones en su vida"},"content":{"rendered":"<p>Este martes en la multicancha de la Escuela Jos\u00e9 de San Mart\u00edn se llev\u00f3 a cabo una muy interesante actividad que tiene que ver con Educaci\u00f3n Vial, donde alumnas y alumnos de educaci\u00f3n Preescolar y Primer ciclo se transformaron en conductores, carabineros y peatones, aprendiendo c\u00f3mo comportarse en el futuro cuando sean adultos.<\/p>\n<p>Para ello se implement\u00f3 una ciudadela por donde los estudiantes pasaban, ya sea cumpliendo un rol de automovilista, carabinero o peatones.<\/p>\n<p>Sobre esta actividad conversamos con la directora del establecimiento, <strong>Tatiana Guerrero<\/strong>, quien se\u00f1al\u00f3 que agradec\u00eda el trabajo realizado por el grupo V\u00edas Chile, en especial a la Autopista Los Andes, quienes en un proyecto de sustentabilidad y de responsabilidad social empresarial han tra\u00eddo un trabajo de \u2018Realia\u2019.<\/p>\n<p>&#8211; <strong>\u00bfQu\u00e9 es la \u2018Realia\u2019?<\/strong><\/p>\n<p>&#8211; Es incorporar de manera real, pero a escala, episodios interactivos para que los ni\u00f1os puedan ir aprendiendo en la pr\u00e1ctica cu\u00e1l es el comportamiento vial. Hoy se ha simulado una ciudadela en la cual los ni\u00f1os han tenido juegos de rol simulando ser polic\u00edas, bomberos, conductores, y han aprendido no solamente la se\u00f1al\u00e9tica de tr\u00e1nsito, sino que c\u00f3mo se va desarrollando cada proceso dentro de un comportamiento vial responsable. Han aprendido sobre el cintur\u00f3n de seguridad, cu\u00e1les son las normas de precauci\u00f3n en la v\u00eda, por lo tanto estamos muy agradecidos de que hayan incorporado este trabajo al aprendizaje del Primer Ciclo de los preescolares de nuestra escuela de Jos\u00e9 de San Mart\u00edn.<\/p>\n<p>&#8211; <strong>\u00bfQu\u00e9 cursos son?<\/strong><\/p>\n<p>&#8211; Desde Preescolar hasta Primer Ciclo, hoy d\u00eda se atendi\u00f3 un universo aproximado de 400 estudiantes.<\/p>\n<p>&#8211; <strong>\u00bfCu\u00e1l es la idea u objetivo principal?<\/strong><\/p>\n<p>&#8211; El objetivo principal es hacer educaci\u00f3n vial de manera pr\u00e1ctica, entretenida y l\u00fadica, por eso agradecemos tanto a que por el proyecto de responsabilidad social empresarial, hayan tra\u00eddo estos elementos que para nosotros es inviable poder financiarlos, poder hacer estas simulaci\u00f3n de una ciudadela con los recursos de la escuela es muy dif\u00edcil, pero hoy d\u00eda que lo trajeron, los ni\u00f1os lo han disfrutado de manera magn\u00edfica.<\/p>\n<p>&#8211; <strong>Eso mismo, los ni\u00f1os se ven muy contentos.<\/strong><\/p>\n<p>&#8211; Lo han pasado muy bien, aprendieron junto a sus profesores, trabajaron con monitores ac\u00e1 de Conaset, de la Autopista y por ah\u00ed estaba un corp\u00f3reo que ha sido muy simp\u00e1tico, que es el monito de las v\u00edas.<\/p>\n<p>Por su parte <strong>Mar\u00eda P\u00eda Tejos<\/strong>, gerente de Relaciones Institucionales y Sostenibilidad del Grupo V\u00edas Chile, representante de la Autopista Los Andes, se\u00f1al\u00f3 sobre esta actividad que <em>\u00abse ha vivido una gran jornada de seguridad vial ac\u00e1 en la Escuela Jos\u00e9 de San Mart\u00edn, con el apoyo de la Autopista de Los Andes, de la Conaset, de los Carabineros, y donde lo que hemos hecho es invitar a los ni\u00f1os a conocer m\u00e1s de normas de seguridad vial en nuestras rutas, de una manera did\u00e1ctica y entretenida para poder saber. El parque vial es un proyecto que recrea una ciudad peque\u00f1a a escala, est\u00e1 dise\u00f1ado para poderle ense\u00f1ar educaci\u00f3n vial de forma l\u00fadica a los ni\u00f1os, carpeta de 10&#215;20 (metros) donde tenemos distintos tipos de pasos, tenemos bicicletas, scooter, cascos, tenemos tambi\u00e9n para reforzarle medidas de seguridad a trav\u00e9s del cintur\u00f3n de seguridad, el uso de butacas, de sillas de retenci\u00f3n infantil, de c\u00f3mo ser finalmente un buen peat\u00f3n, pasajero y un buen conductor el d\u00eda de ma\u00f1ana. Para nosotros es tan importante\u00bb.<\/em><\/p>\n<p>En un momento de la actividad, un monitor hizo que llamaba por tel\u00e9fono celular a una conductora, quien por educaci\u00f3n vial y demostrando lo aprendido, no contest\u00f3.<\/p>\n<figure id=\"attachment_133216\" aria-describedby=\"caption-attachment-133216\" style=\"width: 698px\" class=\"wp-caption alignnone\"><img loading=\"lazy\" decoding=\"async\" class=\"size-full wp-image-133216\" src=\"https:\/\/eltrabajo.cl\/web\/wp-content\/uploads\/2024\/11\/Educacion-4.jpg\" alt=\"Estudiantes en scooter y bicicleta durante una buena convivencia vial.\" width=\"698\" height=\"338\" srcset=\"https:\/\/eltrabajo.cl\/web\/wp-content\/uploads\/2024\/11\/Educacion-4.jpg 698w, https:\/\/eltrabajo.cl\/web\/wp-content\/uploads\/2024\/11\/Educacion-4-300x145.jpg 300w, https:\/\/eltrabajo.cl\/web\/wp-content\/uploads\/2024\/11\/Educacion-4-150x73.jpg 150w, https:\/\/eltrabajo.cl\/web\/wp-content\/uploads\/2024\/11\/Educacion-4-696x338.jpg 696w\" sizes=\"auto, (max-width: 698px) 100vw, 698px\" \/><figcaption id=\"caption-attachment-133216\" class=\"wp-caption-text\">Estudiantes en scooter y bicicleta durante una buena convivencia vial.<\/figcaption><\/figure>\n<figure id=\"attachment_133215\" aria-describedby=\"caption-attachment-133215\" style=\"width: 698px\" class=\"wp-caption alignnone\"><img loading=\"lazy\" decoding=\"async\" class=\"size-full wp-image-133215\" src=\"https:\/\/eltrabajo.cl\/web\/wp-content\/uploads\/2024\/11\/Educacion-2.jpg\" alt=\"Estudiantes haciendo las veces de automovilistas.\" width=\"698\" height=\"382\" srcset=\"https:\/\/eltrabajo.cl\/web\/wp-content\/uploads\/2024\/11\/Educacion-2.jpg 698w, https:\/\/eltrabajo.cl\/web\/wp-content\/uploads\/2024\/11\/Educacion-2-300x164.jpg 300w, https:\/\/eltrabajo.cl\/web\/wp-content\/uploads\/2024\/11\/Educacion-2-150x82.jpg 150w, https:\/\/eltrabajo.cl\/web\/wp-content\/uploads\/2024\/11\/Educacion-2-696x382.jpg 696w\" sizes=\"auto, (max-width: 698px) 100vw, 698px\" \/><figcaption id=\"caption-attachment-133215\" class=\"wp-caption-text\">Estudiantes haciendo las veces de automovilistas.<\/figcaption><\/figure>\n<figure id=\"attachment_133214\" aria-describedby=\"caption-attachment-133214\" style=\"width: 699px\" class=\"wp-caption alignnone\"><img loading=\"lazy\" decoding=\"async\" class=\"size-full wp-image-133214\" src=\"https:\/\/eltrabajo.cl\/web\/wp-content\/uploads\/2024\/11\/Educacion-1.jpg\" alt=\"Una vez finalizada la actividad, todos reunidos con caritas felices por lo aprendido.\" width=\"699\" height=\"458\" srcset=\"https:\/\/eltrabajo.cl\/web\/wp-content\/uploads\/2024\/11\/Educacion-1.jpg 699w, https:\/\/eltrabajo.cl\/web\/wp-content\/uploads\/2024\/11\/Educacion-1-300x197.jpg 300w, https:\/\/eltrabajo.cl\/web\/wp-content\/uploads\/2024\/11\/Educacion-1-641x420.jpg 641w, https:\/\/eltrabajo.cl\/web\/wp-content\/uploads\/2024\/11\/Educacion-1-150x98.jpg 150w, https:\/\/eltrabajo.cl\/web\/wp-content\/uploads\/2024\/11\/Educacion-1-696x456.jpg 696w\" sizes=\"auto, (max-width: 699px) 100vw, 699px\" \/><figcaption id=\"caption-attachment-133214\" class=\"wp-caption-text\">Una vez finalizada la actividad, todos reunidos con caritas felices por lo aprendido.<\/figcaption><\/figure>\n","protected":false},"excerpt":{"rendered":"<p>Este martes en la multicancha de la Escuela Jos\u00e9 de San Mart\u00edn se llev\u00f3 a cabo una muy interesante actividad que tiene que ver con Educaci\u00f3n Vial, donde alumnas y alumnos de educaci\u00f3n Preescolar y Primer ciclo se transformaron en conductores, carabineros y peatones, aprendiendo c\u00f3mo comportarse en el futuro cuando sean adultos. Para ello [&hellip;]<\/p>\n","protected":false},"author":1,"featured_media":133215,"comment_status":"open","ping_status":"closed","sticky":false,"template":"","format":"standard","meta":{"footnotes":""},"categories":[4],"tags":[],"class_list":{"0":"post-133213","1":"post","2":"type-post","3":"status-publish","4":"format-standard","5":"has-post-thumbnail","7":"category-comunidad"},"yoast_head":"<!-- This site is optimized with the Yoast SEO plugin v27.5 - https:\/\/yoast.com\/product\/yoast-seo-wordpress\/ -->\n<title>Realizan Educaci\u00f3n Vial para que estudiantes sean buenos conductores y peatones en su vida - Diario El Trabajo<\/title>\n<meta name=\"robots\" content=\"index, follow, max-snippet:-1, max-image-preview:large, max-video-preview:-1\" \/>\n<link rel=\"canonical\" href=\"https:\/\/eltrabajo.cl\/web\/realizan-educacion-vial-para-que-estudiantes-sean-buenos-conductores-y-peatones-en-su-vida\/\" \/>\n<meta property=\"og:locale\" content=\"es_ES\" \/>\n<meta property=\"og:type\" content=\"article\" \/>\n<meta property=\"og:title\" content=\"Realizan Educaci\u00f3n Vial para que estudiantes sean buenos conductores y peatones en su vida - Diario El Trabajo\" \/>\n<meta property=\"og:description\" content=\"Este martes en la multicancha de la Escuela Jos\u00e9 de San Mart\u00edn se llev\u00f3 a cabo una muy interesante actividad que tiene que ver con Educaci\u00f3n Vial, donde alumnas y alumnos de educaci\u00f3n Preescolar y Primer ciclo se transformaron en conductores, carabineros y peatones, aprendiendo c\u00f3mo comportarse en el futuro cuando sean adultos. Para ello [&hellip;]\" \/>\n<meta property=\"og:url\" content=\"https:\/\/eltrabajo.cl\/web\/realizan-educacion-vial-para-que-estudiantes-sean-buenos-conductores-y-peatones-en-su-vida\/\" \/>\n<meta property=\"og:site_name\" content=\"Diario El Trabajo\" \/>\n<meta property=\"article:publisher\" content=\"https:\/\/www.facebook.com\/ElTrabajoDiario\" \/>\n<meta property=\"article:published_time\" content=\"2024-11-13T01:00:37+00:00\" \/>\n<meta property=\"og:image\" content=\"https:\/\/eltrabajo.cl\/web\/wp-content\/uploads\/2024\/11\/Educacion-2.jpg\" \/>\n\t<meta property=\"og:image:width\" content=\"698\" \/>\n\t<meta property=\"og:image:height\" content=\"382\" \/>\n\t<meta property=\"og:image:type\" content=\"image\/jpeg\" \/>\n<meta name=\"author\" content=\"Diario El Trabajo\" \/>\n<meta name=\"twitter:card\" content=\"summary_large_image\" \/>\n<meta name=\"twitter:creator\" content=\"@diarioeltrabajo\" \/>\n<meta name=\"twitter:site\" content=\"@diarioeltrabajo\" \/>\n<meta name=\"twitter:label1\" content=\"Escrito por\" \/>\n\t<meta name=\"twitter:data1\" content=\"Diario El Trabajo\" \/>\n\t<meta name=\"twitter:label2\" content=\"Tiempo estimado de lectura\" \/>\n\t<meta name=\"twitter:data2\" content=\"4 minutos\" \/>\n<script type=\"application\/ld+json\" class=\"yoast-schema-graph\">{\"@context\":\"https:\\\/\\\/schema.org\",\"@graph\":[{\"@type\":\"Article\",\"@id\":\"https:\\\/\\\/eltrabajo.cl\\\/web\\\/realizan-educacion-vial-para-que-estudiantes-sean-buenos-conductores-y-peatones-en-su-vida\\\/#article\",\"isPartOf\":{\"@id\":\"https:\\\/\\\/eltrabajo.cl\\\/web\\\/realizan-educacion-vial-para-que-estudiantes-sean-buenos-conductores-y-peatones-en-su-vida\\\/\"},\"author\":{\"name\":\"Diario El Trabajo\",\"@id\":\"https:\\\/\\\/eltrabajo.cl\\\/web\\\/#\\\/schema\\\/person\\\/45efd3d17f86ec456e44dd7debe1bf19\"},\"headline\":\"Realizan Educaci\u00f3n Vial para que estudiantes sean buenos conductores y peatones en su vida\",\"datePublished\":\"2024-11-13T01:00:37+00:00\",\"mainEntityOfPage\":{\"@id\":\"https:\\\/\\\/eltrabajo.cl\\\/web\\\/realizan-educacion-vial-para-que-estudiantes-sean-buenos-conductores-y-peatones-en-su-vida\\\/\"},\"wordCount\":708,\"commentCount\":0,\"publisher\":{\"@id\":\"https:\\\/\\\/eltrabajo.cl\\\/web\\\/#organization\"},\"image\":{\"@id\":\"https:\\\/\\\/eltrabajo.cl\\\/web\\\/realizan-educacion-vial-para-que-estudiantes-sean-buenos-conductores-y-peatones-en-su-vida\\\/#primaryimage\"},\"thumbnailUrl\":\"https:\\\/\\\/eltrabajo.cl\\\/web\\\/wp-content\\\/uploads\\\/2024\\\/11\\\/Educacion-2.jpg\",\"articleSection\":[\"Comunidad\"],\"inLanguage\":\"es-CL\",\"potentialAction\":[{\"@type\":\"CommentAction\",\"name\":\"Comment\",\"target\":[\"https:\\\/\\\/eltrabajo.cl\\\/web\\\/realizan-educacion-vial-para-que-estudiantes-sean-buenos-conductores-y-peatones-en-su-vida\\\/#respond\"]}]},{\"@type\":\"WebPage\",\"@id\":\"https:\\\/\\\/eltrabajo.cl\\\/web\\\/realizan-educacion-vial-para-que-estudiantes-sean-buenos-conductores-y-peatones-en-su-vida\\\/\",\"url\":\"https:\\\/\\\/eltrabajo.cl\\\/web\\\/realizan-educacion-vial-para-que-estudiantes-sean-buenos-conductores-y-peatones-en-su-vida\\\/\",\"name\":\"Realizan Educaci\u00f3n Vial para que estudiantes sean buenos conductores y peatones en su vida - Diario El Trabajo\",\"isPartOf\":{\"@id\":\"https:\\\/\\\/eltrabajo.cl\\\/web\\\/#website\"},\"primaryImageOfPage\":{\"@id\":\"https:\\\/\\\/eltrabajo.cl\\\/web\\\/realizan-educacion-vial-para-que-estudiantes-sean-buenos-conductores-y-peatones-en-su-vida\\\/#primaryimage\"},\"image\":{\"@id\":\"https:\\\/\\\/eltrabajo.cl\\\/web\\\/realizan-educacion-vial-para-que-estudiantes-sean-buenos-conductores-y-peatones-en-su-vida\\\/#primaryimage\"},\"thumbnailUrl\":\"https:\\\/\\\/eltrabajo.cl\\\/web\\\/wp-content\\\/uploads\\\/2024\\\/11\\\/Educacion-2.jpg\",\"datePublished\":\"2024-11-13T01:00:37+00:00\",\"breadcrumb\":{\"@id\":\"https:\\\/\\\/eltrabajo.cl\\\/web\\\/realizan-educacion-vial-para-que-estudiantes-sean-buenos-conductores-y-peatones-en-su-vida\\\/#breadcrumb\"},\"inLanguage\":\"es-CL\",\"potentialAction\":[{\"@type\":\"ReadAction\",\"target\":[\"https:\\\/\\\/eltrabajo.cl\\\/web\\\/realizan-educacion-vial-para-que-estudiantes-sean-buenos-conductores-y-peatones-en-su-vida\\\/\"]}]},{\"@type\":\"ImageObject\",\"inLanguage\":\"es-CL\",\"@id\":\"https:\\\/\\\/eltrabajo.cl\\\/web\\\/realizan-educacion-vial-para-que-estudiantes-sean-buenos-conductores-y-peatones-en-su-vida\\\/#primaryimage\",\"url\":\"https:\\\/\\\/eltrabajo.cl\\\/web\\\/wp-content\\\/uploads\\\/2024\\\/11\\\/Educacion-2.jpg\",\"contentUrl\":\"https:\\\/\\\/eltrabajo.cl\\\/web\\\/wp-content\\\/uploads\\\/2024\\\/11\\\/Educacion-2.jpg\",\"width\":698,\"height\":382,\"caption\":\"Estudiantes haciendo las veces de automovilistas.\"},{\"@type\":\"BreadcrumbList\",\"@id\":\"https:\\\/\\\/eltrabajo.cl\\\/web\\\/realizan-educacion-vial-para-que-estudiantes-sean-buenos-conductores-y-peatones-en-su-vida\\\/#breadcrumb\",\"itemListElement\":[{\"@type\":\"ListItem\",\"position\":1,\"name\":\"Portada\",\"item\":\"https:\\\/\\\/eltrabajo.cl\\\/web\\\/\"},{\"@type\":\"ListItem\",\"position\":2,\"name\":\"Realizan Educaci\u00f3n Vial para que estudiantes sean buenos conductores y peatones en su vida\"}]},{\"@type\":\"WebSite\",\"@id\":\"https:\\\/\\\/eltrabajo.cl\\\/web\\\/#website\",\"url\":\"https:\\\/\\\/eltrabajo.cl\\\/web\\\/\",\"name\":\"Diario El Trabajo\",\"description\":\"Desde 1929 construyendo Identidad Local\",\"publisher\":{\"@id\":\"https:\\\/\\\/eltrabajo.cl\\\/web\\\/#organization\"},\"potentialAction\":[{\"@type\":\"SearchAction\",\"target\":{\"@type\":\"EntryPoint\",\"urlTemplate\":\"https:\\\/\\\/eltrabajo.cl\\\/web\\\/?s={search_term_string}\"},\"query-input\":{\"@type\":\"PropertyValueSpecification\",\"valueRequired\":true,\"valueName\":\"search_term_string\"}}],\"inLanguage\":\"es-CL\"},{\"@type\":\"Organization\",\"@id\":\"https:\\\/\\\/eltrabajo.cl\\\/web\\\/#organization\",\"name\":\"Diario El Trabajo\",\"url\":\"https:\\\/\\\/eltrabajo.cl\\\/web\\\/\",\"logo\":{\"@type\":\"ImageObject\",\"inLanguage\":\"es-CL\",\"@id\":\"https:\\\/\\\/eltrabajo.cl\\\/web\\\/#\\\/schema\\\/logo\\\/image\\\/\",\"url\":\"https:\\\/\\\/eltrabajo.cl\\\/web\\\/wp-content\\\/uploads\\\/2024\\\/06\\\/profile-image-ig-page-diarioeltrabajo.jpg\",\"contentUrl\":\"https:\\\/\\\/eltrabajo.cl\\\/web\\\/wp-content\\\/uploads\\\/2024\\\/06\\\/profile-image-ig-page-diarioeltrabajo.jpg\",\"width\":823,\"height\":823,\"caption\":\"Diario El Trabajo\"},\"image\":{\"@id\":\"https:\\\/\\\/eltrabajo.cl\\\/web\\\/#\\\/schema\\\/logo\\\/image\\\/\"},\"sameAs\":[\"https:\\\/\\\/www.facebook.com\\\/ElTrabajoDiario\",\"https:\\\/\\\/x.com\\\/diarioeltrabajo\"]},{\"@type\":\"Person\",\"@id\":\"https:\\\/\\\/eltrabajo.cl\\\/web\\\/#\\\/schema\\\/person\\\/45efd3d17f86ec456e44dd7debe1bf19\",\"name\":\"Diario El Trabajo\",\"image\":{\"@type\":\"ImageObject\",\"inLanguage\":\"es-CL\",\"@id\":\"https:\\\/\\\/secure.gravatar.com\\\/avatar\\\/7e6ec277dc4aea2677c2dc301d4227957219329c985ab69a3efc12518b5161aa?s=96&d=mm&r=g\",\"url\":\"https:\\\/\\\/secure.gravatar.com\\\/avatar\\\/7e6ec277dc4aea2677c2dc301d4227957219329c985ab69a3efc12518b5161aa?s=96&d=mm&r=g\",\"contentUrl\":\"https:\\\/\\\/secure.gravatar.com\\\/avatar\\\/7e6ec277dc4aea2677c2dc301d4227957219329c985ab69a3efc12518b5161aa?s=96&d=mm&r=g\",\"caption\":\"Diario El Trabajo\"},\"sameAs\":[\"https:\\\/\\\/eltrabajo.cl\\\/web\"],\"url\":\"https:\\\/\\\/eltrabajo.cl\\\/web\\\/author\\\/diario-el-trabajo\\\/\"}]}<\/script>\n<!-- \/ Yoast SEO plugin. -->","yoast_head_json":{"title":"Realizan Educaci\u00f3n Vial para que estudiantes sean buenos conductores y peatones en su vida - Diario El Trabajo","robots":{"index":"index","follow":"follow","max-snippet":"max-snippet:-1","max-image-preview":"max-image-preview:large","max-video-preview":"max-video-preview:-1"},"canonical":"https:\/\/eltrabajo.cl\/web\/realizan-educacion-vial-para-que-estudiantes-sean-buenos-conductores-y-peatones-en-su-vida\/","og_locale":"es_ES","og_type":"article","og_title":"Realizan Educaci\u00f3n Vial para que estudiantes sean buenos conductores y peatones en su vida - Diario El Trabajo","og_description":"Este martes en la multicancha de la Escuela Jos\u00e9 de San Mart\u00edn se llev\u00f3 a cabo una muy interesante actividad que tiene que ver con Educaci\u00f3n Vial, donde alumnas y alumnos de educaci\u00f3n Preescolar y Primer ciclo se transformaron en conductores, carabineros y peatones, aprendiendo c\u00f3mo comportarse en el futuro cuando sean adultos. Para ello [&hellip;]","og_url":"https:\/\/eltrabajo.cl\/web\/realizan-educacion-vial-para-que-estudiantes-sean-buenos-conductores-y-peatones-en-su-vida\/","og_site_name":"Diario El Trabajo","article_publisher":"https:\/\/www.facebook.com\/ElTrabajoDiario","article_published_time":"2024-11-13T01:00:37+00:00","og_image":[{"width":698,"height":382,"url":"https:\/\/eltrabajo.cl\/web\/wp-content\/uploads\/2024\/11\/Educacion-2.jpg","type":"image\/jpeg"}],"author":"Diario El Trabajo","twitter_card":"summary_large_image","twitter_creator":"@diarioeltrabajo","twitter_site":"@diarioeltrabajo","twitter_misc":{"Escrito por":"Diario El Trabajo","Tiempo estimado de lectura":"4 minutos"},"schema":{"@context":"https:\/\/schema.org","@graph":[{"@type":"Article","@id":"https:\/\/eltrabajo.cl\/web\/realizan-educacion-vial-para-que-estudiantes-sean-buenos-conductores-y-peatones-en-su-vida\/#article","isPartOf":{"@id":"https:\/\/eltrabajo.cl\/web\/realizan-educacion-vial-para-que-estudiantes-sean-buenos-conductores-y-peatones-en-su-vida\/"},"author":{"name":"Diario El Trabajo","@id":"https:\/\/eltrabajo.cl\/web\/#\/schema\/person\/45efd3d17f86ec456e44dd7debe1bf19"},"headline":"Realizan Educaci\u00f3n Vial para que estudiantes sean buenos conductores y peatones en su vida","datePublished":"2024-11-13T01:00:37+00:00","mainEntityOfPage":{"@id":"https:\/\/eltrabajo.cl\/web\/realizan-educacion-vial-para-que-estudiantes-sean-buenos-conductores-y-peatones-en-su-vida\/"},"wordCount":708,"commentCount":0,"publisher":{"@id":"https:\/\/eltrabajo.cl\/web\/#organization"},"image":{"@id":"https:\/\/eltrabajo.cl\/web\/realizan-educacion-vial-para-que-estudiantes-sean-buenos-conductores-y-peatones-en-su-vida\/#primaryimage"},"thumbnailUrl":"https:\/\/eltrabajo.cl\/web\/wp-content\/uploads\/2024\/11\/Educacion-2.jpg","articleSection":["Comunidad"],"inLanguage":"es-CL","potentialAction":[{"@type":"CommentAction","name":"Comment","target":["https:\/\/eltrabajo.cl\/web\/realizan-educacion-vial-para-que-estudiantes-sean-buenos-conductores-y-peatones-en-su-vida\/#respond"]}]},{"@type":"WebPage","@id":"https:\/\/eltrabajo.cl\/web\/realizan-educacion-vial-para-que-estudiantes-sean-buenos-conductores-y-peatones-en-su-vida\/","url":"https:\/\/eltrabajo.cl\/web\/realizan-educacion-vial-para-que-estudiantes-sean-buenos-conductores-y-peatones-en-su-vida\/","name":"Realizan Educaci\u00f3n Vial para que estudiantes sean buenos conductores y peatones en su vida - Diario El Trabajo","isPartOf":{"@id":"https:\/\/eltrabajo.cl\/web\/#website"},"primaryImageOfPage":{"@id":"https:\/\/eltrabajo.cl\/web\/realizan-educacion-vial-para-que-estudiantes-sean-buenos-conductores-y-peatones-en-su-vida\/#primaryimage"},"image":{"@id":"https:\/\/eltrabajo.cl\/web\/realizan-educacion-vial-para-que-estudiantes-sean-buenos-conductores-y-peatones-en-su-vida\/#primaryimage"},"thumbnailUrl":"https:\/\/eltrabajo.cl\/web\/wp-content\/uploads\/2024\/11\/Educacion-2.jpg","datePublished":"2024-11-13T01:00:37+00:00","breadcrumb":{"@id":"https:\/\/eltrabajo.cl\/web\/realizan-educacion-vial-para-que-estudiantes-sean-buenos-conductores-y-peatones-en-su-vida\/#breadcrumb"},"inLanguage":"es-CL","potentialAction":[{"@type":"ReadAction","target":["https:\/\/eltrabajo.cl\/web\/realizan-educacion-vial-para-que-estudiantes-sean-buenos-conductores-y-peatones-en-su-vida\/"]}]},{"@type":"ImageObject","inLanguage":"es-CL","@id":"https:\/\/eltrabajo.cl\/web\/realizan-educacion-vial-para-que-estudiantes-sean-buenos-conductores-y-peatones-en-su-vida\/#primaryimage","url":"https:\/\/eltrabajo.cl\/web\/wp-content\/uploads\/2024\/11\/Educacion-2.jpg","contentUrl":"https:\/\/eltrabajo.cl\/web\/wp-content\/uploads\/2024\/11\/Educacion-2.jpg","width":698,"height":382,"caption":"Estudiantes haciendo las veces de automovilistas."},{"@type":"BreadcrumbList","@id":"https:\/\/eltrabajo.cl\/web\/realizan-educacion-vial-para-que-estudiantes-sean-buenos-conductores-y-peatones-en-su-vida\/#breadcrumb","itemListElement":[{"@type":"ListItem","position":1,"name":"Portada","item":"https:\/\/eltrabajo.cl\/web\/"},{"@type":"ListItem","position":2,"name":"Realizan Educaci\u00f3n Vial para que estudiantes sean buenos conductores y peatones en su vida"}]},{"@type":"WebSite","@id":"https:\/\/eltrabajo.cl\/web\/#website","url":"https:\/\/eltrabajo.cl\/web\/","name":"Diario El Trabajo","description":"Desde 1929 construyendo Identidad Local","publisher":{"@id":"https:\/\/eltrabajo.cl\/web\/#organization"},"potentialAction":[{"@type":"SearchAction","target":{"@type":"EntryPoint","urlTemplate":"https:\/\/eltrabajo.cl\/web\/?s={search_term_string}"},"query-input":{"@type":"PropertyValueSpecification","valueRequired":true,"valueName":"search_term_string"}}],"inLanguage":"es-CL"},{"@type":"Organization","@id":"https:\/\/eltrabajo.cl\/web\/#organization","name":"Diario El Trabajo","url":"https:\/\/eltrabajo.cl\/web\/","logo":{"@type":"ImageObject","inLanguage":"es-CL","@id":"https:\/\/eltrabajo.cl\/web\/#\/schema\/logo\/image\/","url":"https:\/\/eltrabajo.cl\/web\/wp-content\/uploads\/2024\/06\/profile-image-ig-page-diarioeltrabajo.jpg","contentUrl":"https:\/\/eltrabajo.cl\/web\/wp-content\/uploads\/2024\/06\/profile-image-ig-page-diarioeltrabajo.jpg","width":823,"height":823,"caption":"Diario El Trabajo"},"image":{"@id":"https:\/\/eltrabajo.cl\/web\/#\/schema\/logo\/image\/"},"sameAs":["https:\/\/www.facebook.com\/ElTrabajoDiario","https:\/\/x.com\/diarioeltrabajo"]},{"@type":"Person","@id":"https:\/\/eltrabajo.cl\/web\/#\/schema\/person\/45efd3d17f86ec456e44dd7debe1bf19","name":"Diario El Trabajo","image":{"@type":"ImageObject","inLanguage":"es-CL","@id":"https:\/\/secure.gravatar.com\/avatar\/7e6ec277dc4aea2677c2dc301d4227957219329c985ab69a3efc12518b5161aa?s=96&d=mm&r=g","url":"https:\/\/secure.gravatar.com\/avatar\/7e6ec277dc4aea2677c2dc301d4227957219329c985ab69a3efc12518b5161aa?s=96&d=mm&r=g","contentUrl":"https:\/\/secure.gravatar.com\/avatar\/7e6ec277dc4aea2677c2dc301d4227957219329c985ab69a3efc12518b5161aa?s=96&d=mm&r=g","caption":"Diario El Trabajo"},"sameAs":["https:\/\/eltrabajo.cl\/web"],"url":"https:\/\/eltrabajo.cl\/web\/author\/diario-el-trabajo\/"}]}},"_links":{"self":[{"href":"https:\/\/eltrabajo.cl\/web\/wp-json\/wp\/v2\/posts\/133213","targetHints":{"allow":["GET"]}}],"collection":[{"href":"https:\/\/eltrabajo.cl\/web\/wp-json\/wp\/v2\/posts"}],"about":[{"href":"https:\/\/eltrabajo.cl\/web\/wp-json\/wp\/v2\/types\/post"}],"author":[{"embeddable":true,"href":"https:\/\/eltrabajo.cl\/web\/wp-json\/wp\/v2\/users\/1"}],"replies":[{"embeddable":true,"href":"https:\/\/eltrabajo.cl\/web\/wp-json\/wp\/v2\/comments?post=133213"}],"version-history":[{"count":1,"href":"https:\/\/eltrabajo.cl\/web\/wp-json\/wp\/v2\/posts\/133213\/revisions"}],"predecessor-version":[{"id":133217,"href":"https:\/\/eltrabajo.cl\/web\/wp-json\/wp\/v2\/posts\/133213\/revisions\/133217"}],"wp:featuredmedia":[{"embeddable":true,"href":"https:\/\/eltrabajo.cl\/web\/wp-json\/wp\/v2\/media\/133215"}],"wp:attachment":[{"href":"https:\/\/eltrabajo.cl\/web\/wp-json\/wp\/v2\/media?parent=133213"}],"wp:term":[{"taxonomy":"category","embeddable":true,"href":"https:\/\/eltrabajo.cl\/web\/wp-json\/wp\/v2\/categories?post=133213"},{"taxonomy":"post_tag","embeddable":true,"href":"https:\/\/eltrabajo.cl\/web\/wp-json\/wp\/v2\/tags?post=133213"}],"curies":[{"name":"wp","href":"https:\/\/api.w.org\/{rel}","templated":true}]}}