{"id":133221,"date":"2024-11-12T22:10:26","date_gmt":"2024-11-13T01:10:26","guid":{"rendered":"https:\/\/eltrabajo.cl\/web\/?p=133221"},"modified":"2024-11-12T21:31:22","modified_gmt":"2024-11-13T00:31:22","slug":"pdi-desarticula-banda-dedicada-a-la-compra-y-venta-de-armas-robadas","status":"publish","type":"post","link":"https:\/\/eltrabajo.cl\/web\/pdi-desarticula-banda-dedicada-a-la-compra-y-venta-de-armas-robadas\/","title":{"rendered":"PDI desarticula banda dedicada a la compra y venta de armas robadas"},"content":{"rendered":"<ul>\n<li><strong>Efectivos de la Brianco incautaron veh\u00edculos de alta gama, los que eran utilizados para ostentar las ganancias il\u00edcitas de esta organizaci\u00f3n criminal.-<\/strong><\/li>\n<\/ul>\n<p>Detectives de la Brigada Anti Narc\u00f3ticos y Contra el Crimen Organizado (Brianco) de la PDI, lograron desarticular una banda criminal compuesta por dos hombres y una mujer que se dedicaban a la compra y posterior venta de armas de fuego robadas en las comunas de Calle Larga y Los Andes.<\/p>\n<p>Los detenidos fueron identificados por sus iniciales <strong>C.M.C.H.<\/strong>, mujer de 50 a\u00f1os de edad; y los hombres <strong>S.A.R.C.<\/strong>, de 23 a\u00f1os, y <strong>J.A.V.B.<\/strong>, de 20 a\u00f1os de edad, todos sin antecedentes policiales.<\/p>\n<p>Tras un proceso investigativo de poco m\u00e1s de dos a\u00f1os, efectivos de la Brianco detuvieron a estos sujetos, adem\u00e1s de incautar dos armas de fuego y autos de alta gama que eran utilizados para ostentar las ganancias il\u00edcitas. Las armas que compraban, posteriormente eran arrendadas o vendidas a diversos delincuentes de la zona.<\/p>\n<p>El subprefecto <strong>Ronny Ibaceta<\/strong>, jefe de la Brianco de la PDI, se\u00f1al\u00f3 que <em>\u00abeste es el resultado de un proceso investigativo llevado bajo la direcci\u00f3n del Ministerio P\u00fablico, el cual permiti\u00f3 desarticular una banda criminal compuesta por tres personas, dos hombres y una mujer, todos adultos, de nacionalidad chilena, quienes se dedicaban al acopio y posterior venta de armas de fuego de un alto poder, quienes, adem\u00e1s, manten\u00edan autos de alta gama para cometer sus il\u00edcitos\u00bb. <\/em><\/p>\n<p>En este contexto, Ibaceta detall\u00f3 que <em>\u00abcon este procedimiento, se incautaron dos armas modificadas para el disparo con mayor poder de fuego, dos cargadores convencionales y dos extendidos. Las armas tambi\u00e9n son periciadas a fin de establecer alg\u00fan tipo de conexi\u00f3n con hechos de violencia que han ocurrido en la regi\u00f3n.<\/em><\/p>\n<p>\u00ab<em>Este es un enriquecimiento il\u00edcito en el cual, aqu\u00ed, producto de las ventas de estas armas, adquir\u00edan este tipo de veh\u00edculos para ostentar el poder adquisitivo de la banda\u00bb,<\/em> agreg\u00f3.<\/p>\n<p>En cuanto a c\u00f3mo adquir\u00edan estas armas, el subprefecto explic\u00f3 que <em>\u00abla adquisici\u00f3n, estas armas eran objeto de robo a parte de sus propietarios, las que posteriormente llegaban a esta organizaci\u00f3n que las acopiaban y las comercializaban en diferentes organizaciones criminales de la regi\u00f3n\u00bb. <\/em><\/p>\n<p>Asimismo, Ronny Ibaceta a\u00f1adi\u00f3 que estos delincuentes comercializaban estas armas en dos comunas de la provincia andina en un monto millonario, <em>\u00abestos operaban en la comuna de Calle Larga y Los Andes. De acuerdo a antecedentes de la investigaci\u00f3n, estas pistolas eran tranzadas entre 2 a 4 millones de pesos, habitualmente. Todas las armas mantienen encargo por robo y hurto\u00bb.<\/em><\/p>\n<p>Por su parte, el prefecto <strong>Manuel Mu\u00f1oz<\/strong>, jefe de la prefectura provincial de Los Andes, sostuvo que esta banda criminal adem\u00e1s modificaba estas armas para que pudieran tener un mayor poder de fuego, <em>\u00abestamos muy satisfechos por la labor de la Brianco porque permite la detenci\u00f3n de tres personas que est\u00e1n relacionadas con la adquisici\u00f3n de forma irregular de este delito, adulteraci\u00f3n y venta de armas de fuego\u00bb.<\/em><\/p>\n<p>En este sentido, el prefecto indic\u00f3 que <em>\u00abesto da cuenta de la importancia del tipo de armas incautadas, apetecidas por delincuentes, de hecho hay canciones del g\u00e9nero urbano que hacen apolog\u00eda a este tipo de armas y son apetecidas porque permiten hacer lo que se conoce en la jerga delictual como \u2018chipear\u2019 un arma, y eso consiste en adulterar la parte trasera del ca\u00f1\u00f3n, en t\u00e9rminos de que cuando se realiza un disparo, la aguja percutora no se trabe tiro a tiro, y en consecuencia, lo que ocurre es que cuando se aprieta el disparador, y todos los proyectiles son impulsados en un s\u00f3lo segundo\u00bb. <\/em><\/p>\n<p>Los tres delincuentes pasaron a control de detenci\u00f3n en el Juzgado de Garant\u00eda de Los Andes, donde los dos hombres quedaron con la medida cautelar de prisi\u00f3n preventiva, mientras que la mujer qued\u00f3 con arresto domiciliario total.<\/p>\n<figure id=\"attachment_133222\" aria-describedby=\"caption-attachment-133222\" style=\"width: 698px\" class=\"wp-caption alignnone\"><img loading=\"lazy\" decoding=\"async\" class=\"size-full wp-image-133222\" src=\"https:\/\/eltrabajo.cl\/web\/wp-content\/uploads\/2024\/11\/armas-robadas.jpg\" alt=\"Estas son las armas y veh\u00edculos incautados por la PDI. \" width=\"698\" height=\"366\" srcset=\"https:\/\/eltrabajo.cl\/web\/wp-content\/uploads\/2024\/11\/armas-robadas.jpg 698w, https:\/\/eltrabajo.cl\/web\/wp-content\/uploads\/2024\/11\/armas-robadas-300x157.jpg 300w, https:\/\/eltrabajo.cl\/web\/wp-content\/uploads\/2024\/11\/armas-robadas-150x79.jpg 150w, https:\/\/eltrabajo.cl\/web\/wp-content\/uploads\/2024\/11\/armas-robadas-696x366.jpg 696w\" sizes=\"auto, (max-width: 698px) 100vw, 698px\" \/><figcaption id=\"caption-attachment-133222\" class=\"wp-caption-text\">Estas son las armas y veh\u00edculos incautados por la PDI.<\/figcaption><\/figure>\n","protected":false},"excerpt":{"rendered":"<p>Efectivos de la Brianco incautaron veh\u00edculos de alta gama, los que eran utilizados para ostentar las ganancias il\u00edcitas de esta organizaci\u00f3n criminal.- Detectives de la Brigada Anti Narc\u00f3ticos y Contra el Crimen Organizado (Brianco) de la PDI, lograron desarticular una banda criminal compuesta por dos hombres y una mujer que se dedicaban a la compra [&hellip;]<\/p>\n","protected":false},"author":1,"featured_media":133222,"comment_status":"open","ping_status":"closed","sticky":false,"template":"","format":"standard","meta":{"footnotes":""},"categories":[5],"tags":[],"class_list":{"0":"post-133221","1":"post","2":"type-post","3":"status-publish","4":"format-standard","5":"has-post-thumbnail","7":"category-policial"},"yoast_head":"<!-- This site is optimized with the Yoast SEO plugin v27.5 - https:\/\/yoast.com\/product\/yoast-seo-wordpress\/ -->\n<title>PDI desarticula banda dedicada a la compra y venta de armas robadas - Diario El Trabajo<\/title>\n<meta name=\"robots\" content=\"index, follow, max-snippet:-1, max-image-preview:large, max-video-preview:-1\" \/>\n<link rel=\"canonical\" href=\"https:\/\/eltrabajo.cl\/web\/pdi-desarticula-banda-dedicada-a-la-compra-y-venta-de-armas-robadas\/\" \/>\n<meta property=\"og:locale\" content=\"es_ES\" \/>\n<meta property=\"og:type\" content=\"article\" \/>\n<meta property=\"og:title\" content=\"PDI desarticula banda dedicada a la compra y venta de armas robadas - Diario El Trabajo\" \/>\n<meta property=\"og:description\" content=\"Efectivos de la Brianco incautaron veh\u00edculos de alta gama, los que eran utilizados para ostentar las ganancias il\u00edcitas de esta organizaci\u00f3n criminal.- Detectives de la Brigada Anti Narc\u00f3ticos y Contra el Crimen Organizado (Brianco) de la PDI, lograron desarticular una banda criminal compuesta por dos hombres y una mujer que se dedicaban a la compra [&hellip;]\" \/>\n<meta property=\"og:url\" content=\"https:\/\/eltrabajo.cl\/web\/pdi-desarticula-banda-dedicada-a-la-compra-y-venta-de-armas-robadas\/\" \/>\n<meta property=\"og:site_name\" content=\"Diario El Trabajo\" \/>\n<meta property=\"article:publisher\" content=\"https:\/\/www.facebook.com\/ElTrabajoDiario\" \/>\n<meta property=\"article:published_time\" content=\"2024-11-13T01:10:26+00:00\" \/>\n<meta property=\"og:image\" content=\"https:\/\/eltrabajo.cl\/web\/wp-content\/uploads\/2024\/11\/armas-robadas.jpg\" \/>\n\t<meta property=\"og:image:width\" content=\"698\" \/>\n\t<meta property=\"og:image:height\" content=\"366\" \/>\n\t<meta property=\"og:image:type\" content=\"image\/jpeg\" \/>\n<meta name=\"author\" content=\"Diario El Trabajo\" \/>\n<meta name=\"twitter:card\" content=\"summary_large_image\" \/>\n<meta name=\"twitter:creator\" content=\"@diarioeltrabajo\" \/>\n<meta name=\"twitter:site\" content=\"@diarioeltrabajo\" \/>\n<meta name=\"twitter:label1\" content=\"Escrito por\" \/>\n\t<meta name=\"twitter:data1\" content=\"Diario El Trabajo\" \/>\n\t<meta name=\"twitter:label2\" content=\"Tiempo estimado de lectura\" \/>\n\t<meta name=\"twitter:data2\" content=\"4 minutos\" \/>\n<script type=\"application\/ld+json\" class=\"yoast-schema-graph\">{\"@context\":\"https:\\\/\\\/schema.org\",\"@graph\":[{\"@type\":\"Article\",\"@id\":\"https:\\\/\\\/eltrabajo.cl\\\/web\\\/pdi-desarticula-banda-dedicada-a-la-compra-y-venta-de-armas-robadas\\\/#article\",\"isPartOf\":{\"@id\":\"https:\\\/\\\/eltrabajo.cl\\\/web\\\/pdi-desarticula-banda-dedicada-a-la-compra-y-venta-de-armas-robadas\\\/\"},\"author\":{\"name\":\"Diario El Trabajo\",\"@id\":\"https:\\\/\\\/eltrabajo.cl\\\/web\\\/#\\\/schema\\\/person\\\/45efd3d17f86ec456e44dd7debe1bf19\"},\"headline\":\"PDI desarticula banda dedicada a la compra y venta de armas robadas\",\"datePublished\":\"2024-11-13T01:10:26+00:00\",\"mainEntityOfPage\":{\"@id\":\"https:\\\/\\\/eltrabajo.cl\\\/web\\\/pdi-desarticula-banda-dedicada-a-la-compra-y-venta-de-armas-robadas\\\/\"},\"wordCount\":708,\"commentCount\":0,\"publisher\":{\"@id\":\"https:\\\/\\\/eltrabajo.cl\\\/web\\\/#organization\"},\"image\":{\"@id\":\"https:\\\/\\\/eltrabajo.cl\\\/web\\\/pdi-desarticula-banda-dedicada-a-la-compra-y-venta-de-armas-robadas\\\/#primaryimage\"},\"thumbnailUrl\":\"https:\\\/\\\/eltrabajo.cl\\\/web\\\/wp-content\\\/uploads\\\/2024\\\/11\\\/armas-robadas.jpg\",\"articleSection\":[\"Policial\"],\"inLanguage\":\"es-CL\",\"potentialAction\":[{\"@type\":\"CommentAction\",\"name\":\"Comment\",\"target\":[\"https:\\\/\\\/eltrabajo.cl\\\/web\\\/pdi-desarticula-banda-dedicada-a-la-compra-y-venta-de-armas-robadas\\\/#respond\"]}]},{\"@type\":\"WebPage\",\"@id\":\"https:\\\/\\\/eltrabajo.cl\\\/web\\\/pdi-desarticula-banda-dedicada-a-la-compra-y-venta-de-armas-robadas\\\/\",\"url\":\"https:\\\/\\\/eltrabajo.cl\\\/web\\\/pdi-desarticula-banda-dedicada-a-la-compra-y-venta-de-armas-robadas\\\/\",\"name\":\"PDI desarticula banda dedicada a la compra y venta de armas robadas - Diario El Trabajo\",\"isPartOf\":{\"@id\":\"https:\\\/\\\/eltrabajo.cl\\\/web\\\/#website\"},\"primaryImageOfPage\":{\"@id\":\"https:\\\/\\\/eltrabajo.cl\\\/web\\\/pdi-desarticula-banda-dedicada-a-la-compra-y-venta-de-armas-robadas\\\/#primaryimage\"},\"image\":{\"@id\":\"https:\\\/\\\/eltrabajo.cl\\\/web\\\/pdi-desarticula-banda-dedicada-a-la-compra-y-venta-de-armas-robadas\\\/#primaryimage\"},\"thumbnailUrl\":\"https:\\\/\\\/eltrabajo.cl\\\/web\\\/wp-content\\\/uploads\\\/2024\\\/11\\\/armas-robadas.jpg\",\"datePublished\":\"2024-11-13T01:10:26+00:00\",\"breadcrumb\":{\"@id\":\"https:\\\/\\\/eltrabajo.cl\\\/web\\\/pdi-desarticula-banda-dedicada-a-la-compra-y-venta-de-armas-robadas\\\/#breadcrumb\"},\"inLanguage\":\"es-CL\",\"potentialAction\":[{\"@type\":\"ReadAction\",\"target\":[\"https:\\\/\\\/eltrabajo.cl\\\/web\\\/pdi-desarticula-banda-dedicada-a-la-compra-y-venta-de-armas-robadas\\\/\"]}]},{\"@type\":\"ImageObject\",\"inLanguage\":\"es-CL\",\"@id\":\"https:\\\/\\\/eltrabajo.cl\\\/web\\\/pdi-desarticula-banda-dedicada-a-la-compra-y-venta-de-armas-robadas\\\/#primaryimage\",\"url\":\"https:\\\/\\\/eltrabajo.cl\\\/web\\\/wp-content\\\/uploads\\\/2024\\\/11\\\/armas-robadas.jpg\",\"contentUrl\":\"https:\\\/\\\/eltrabajo.cl\\\/web\\\/wp-content\\\/uploads\\\/2024\\\/11\\\/armas-robadas.jpg\",\"width\":698,\"height\":366,\"caption\":\"Estas son las armas y veh\u00edculos incautados por la PDI.\"},{\"@type\":\"BreadcrumbList\",\"@id\":\"https:\\\/\\\/eltrabajo.cl\\\/web\\\/pdi-desarticula-banda-dedicada-a-la-compra-y-venta-de-armas-robadas\\\/#breadcrumb\",\"itemListElement\":[{\"@type\":\"ListItem\",\"position\":1,\"name\":\"Portada\",\"item\":\"https:\\\/\\\/eltrabajo.cl\\\/web\\\/\"},{\"@type\":\"ListItem\",\"position\":2,\"name\":\"PDI desarticula banda dedicada a la compra y venta de armas robadas\"}]},{\"@type\":\"WebSite\",\"@id\":\"https:\\\/\\\/eltrabajo.cl\\\/web\\\/#website\",\"url\":\"https:\\\/\\\/eltrabajo.cl\\\/web\\\/\",\"name\":\"Diario El Trabajo\",\"description\":\"Desde 1929 construyendo Identidad Local\",\"publisher\":{\"@id\":\"https:\\\/\\\/eltrabajo.cl\\\/web\\\/#organization\"},\"potentialAction\":[{\"@type\":\"SearchAction\",\"target\":{\"@type\":\"EntryPoint\",\"urlTemplate\":\"https:\\\/\\\/eltrabajo.cl\\\/web\\\/?s={search_term_string}\"},\"query-input\":{\"@type\":\"PropertyValueSpecification\",\"valueRequired\":true,\"valueName\":\"search_term_string\"}}],\"inLanguage\":\"es-CL\"},{\"@type\":\"Organization\",\"@id\":\"https:\\\/\\\/eltrabajo.cl\\\/web\\\/#organization\",\"name\":\"Diario El Trabajo\",\"url\":\"https:\\\/\\\/eltrabajo.cl\\\/web\\\/\",\"logo\":{\"@type\":\"ImageObject\",\"inLanguage\":\"es-CL\",\"@id\":\"https:\\\/\\\/eltrabajo.cl\\\/web\\\/#\\\/schema\\\/logo\\\/image\\\/\",\"url\":\"https:\\\/\\\/eltrabajo.cl\\\/web\\\/wp-content\\\/uploads\\\/2024\\\/06\\\/profile-image-ig-page-diarioeltrabajo.jpg\",\"contentUrl\":\"https:\\\/\\\/eltrabajo.cl\\\/web\\\/wp-content\\\/uploads\\\/2024\\\/06\\\/profile-image-ig-page-diarioeltrabajo.jpg\",\"width\":823,\"height\":823,\"caption\":\"Diario El Trabajo\"},\"image\":{\"@id\":\"https:\\\/\\\/eltrabajo.cl\\\/web\\\/#\\\/schema\\\/logo\\\/image\\\/\"},\"sameAs\":[\"https:\\\/\\\/www.facebook.com\\\/ElTrabajoDiario\",\"https:\\\/\\\/x.com\\\/diarioeltrabajo\"]},{\"@type\":\"Person\",\"@id\":\"https:\\\/\\\/eltrabajo.cl\\\/web\\\/#\\\/schema\\\/person\\\/45efd3d17f86ec456e44dd7debe1bf19\",\"name\":\"Diario El Trabajo\",\"image\":{\"@type\":\"ImageObject\",\"inLanguage\":\"es-CL\",\"@id\":\"https:\\\/\\\/secure.gravatar.com\\\/avatar\\\/7e6ec277dc4aea2677c2dc301d4227957219329c985ab69a3efc12518b5161aa?s=96&d=mm&r=g\",\"url\":\"https:\\\/\\\/secure.gravatar.com\\\/avatar\\\/7e6ec277dc4aea2677c2dc301d4227957219329c985ab69a3efc12518b5161aa?s=96&d=mm&r=g\",\"contentUrl\":\"https:\\\/\\\/secure.gravatar.com\\\/avatar\\\/7e6ec277dc4aea2677c2dc301d4227957219329c985ab69a3efc12518b5161aa?s=96&d=mm&r=g\",\"caption\":\"Diario El Trabajo\"},\"sameAs\":[\"https:\\\/\\\/eltrabajo.cl\\\/web\"],\"url\":\"https:\\\/\\\/eltrabajo.cl\\\/web\\\/author\\\/diario-el-trabajo\\\/\"}]}<\/script>\n<!-- \/ Yoast SEO plugin. -->","yoast_head_json":{"title":"PDI desarticula banda dedicada a la compra y venta de armas robadas - Diario El Trabajo","robots":{"index":"index","follow":"follow","max-snippet":"max-snippet:-1","max-image-preview":"max-image-preview:large","max-video-preview":"max-video-preview:-1"},"canonical":"https:\/\/eltrabajo.cl\/web\/pdi-desarticula-banda-dedicada-a-la-compra-y-venta-de-armas-robadas\/","og_locale":"es_ES","og_type":"article","og_title":"PDI desarticula banda dedicada a la compra y venta de armas robadas - Diario El Trabajo","og_description":"Efectivos de la Brianco incautaron veh\u00edculos de alta gama, los que eran utilizados para ostentar las ganancias il\u00edcitas de esta organizaci\u00f3n criminal.- Detectives de la Brigada Anti Narc\u00f3ticos y Contra el Crimen Organizado (Brianco) de la PDI, lograron desarticular una banda criminal compuesta por dos hombres y una mujer que se dedicaban a la compra [&hellip;]","og_url":"https:\/\/eltrabajo.cl\/web\/pdi-desarticula-banda-dedicada-a-la-compra-y-venta-de-armas-robadas\/","og_site_name":"Diario El Trabajo","article_publisher":"https:\/\/www.facebook.com\/ElTrabajoDiario","article_published_time":"2024-11-13T01:10:26+00:00","og_image":[{"width":698,"height":366,"url":"https:\/\/eltrabajo.cl\/web\/wp-content\/uploads\/2024\/11\/armas-robadas.jpg","type":"image\/jpeg"}],"author":"Diario El Trabajo","twitter_card":"summary_large_image","twitter_creator":"@diarioeltrabajo","twitter_site":"@diarioeltrabajo","twitter_misc":{"Escrito por":"Diario El Trabajo","Tiempo estimado de lectura":"4 minutos"},"schema":{"@context":"https:\/\/schema.org","@graph":[{"@type":"Article","@id":"https:\/\/eltrabajo.cl\/web\/pdi-desarticula-banda-dedicada-a-la-compra-y-venta-de-armas-robadas\/#article","isPartOf":{"@id":"https:\/\/eltrabajo.cl\/web\/pdi-desarticula-banda-dedicada-a-la-compra-y-venta-de-armas-robadas\/"},"author":{"name":"Diario El Trabajo","@id":"https:\/\/eltrabajo.cl\/web\/#\/schema\/person\/45efd3d17f86ec456e44dd7debe1bf19"},"headline":"PDI desarticula banda dedicada a la compra y venta de armas robadas","datePublished":"2024-11-13T01:10:26+00:00","mainEntityOfPage":{"@id":"https:\/\/eltrabajo.cl\/web\/pdi-desarticula-banda-dedicada-a-la-compra-y-venta-de-armas-robadas\/"},"wordCount":708,"commentCount":0,"publisher":{"@id":"https:\/\/eltrabajo.cl\/web\/#organization"},"image":{"@id":"https:\/\/eltrabajo.cl\/web\/pdi-desarticula-banda-dedicada-a-la-compra-y-venta-de-armas-robadas\/#primaryimage"},"thumbnailUrl":"https:\/\/eltrabajo.cl\/web\/wp-content\/uploads\/2024\/11\/armas-robadas.jpg","articleSection":["Policial"],"inLanguage":"es-CL","potentialAction":[{"@type":"CommentAction","name":"Comment","target":["https:\/\/eltrabajo.cl\/web\/pdi-desarticula-banda-dedicada-a-la-compra-y-venta-de-armas-robadas\/#respond"]}]},{"@type":"WebPage","@id":"https:\/\/eltrabajo.cl\/web\/pdi-desarticula-banda-dedicada-a-la-compra-y-venta-de-armas-robadas\/","url":"https:\/\/eltrabajo.cl\/web\/pdi-desarticula-banda-dedicada-a-la-compra-y-venta-de-armas-robadas\/","name":"PDI desarticula banda dedicada a la compra y venta de armas robadas - Diario El Trabajo","isPartOf":{"@id":"https:\/\/eltrabajo.cl\/web\/#website"},"primaryImageOfPage":{"@id":"https:\/\/eltrabajo.cl\/web\/pdi-desarticula-banda-dedicada-a-la-compra-y-venta-de-armas-robadas\/#primaryimage"},"image":{"@id":"https:\/\/eltrabajo.cl\/web\/pdi-desarticula-banda-dedicada-a-la-compra-y-venta-de-armas-robadas\/#primaryimage"},"thumbnailUrl":"https:\/\/eltrabajo.cl\/web\/wp-content\/uploads\/2024\/11\/armas-robadas.jpg","datePublished":"2024-11-13T01:10:26+00:00","breadcrumb":{"@id":"https:\/\/eltrabajo.cl\/web\/pdi-desarticula-banda-dedicada-a-la-compra-y-venta-de-armas-robadas\/#breadcrumb"},"inLanguage":"es-CL","potentialAction":[{"@type":"ReadAction","target":["https:\/\/eltrabajo.cl\/web\/pdi-desarticula-banda-dedicada-a-la-compra-y-venta-de-armas-robadas\/"]}]},{"@type":"ImageObject","inLanguage":"es-CL","@id":"https:\/\/eltrabajo.cl\/web\/pdi-desarticula-banda-dedicada-a-la-compra-y-venta-de-armas-robadas\/#primaryimage","url":"https:\/\/eltrabajo.cl\/web\/wp-content\/uploads\/2024\/11\/armas-robadas.jpg","contentUrl":"https:\/\/eltrabajo.cl\/web\/wp-content\/uploads\/2024\/11\/armas-robadas.jpg","width":698,"height":366,"caption":"Estas son las armas y veh\u00edculos incautados por la PDI."},{"@type":"BreadcrumbList","@id":"https:\/\/eltrabajo.cl\/web\/pdi-desarticula-banda-dedicada-a-la-compra-y-venta-de-armas-robadas\/#breadcrumb","itemListElement":[{"@type":"ListItem","position":1,"name":"Portada","item":"https:\/\/eltrabajo.cl\/web\/"},{"@type":"ListItem","position":2,"name":"PDI desarticula banda dedicada a la compra y venta de armas robadas"}]},{"@type":"WebSite","@id":"https:\/\/eltrabajo.cl\/web\/#website","url":"https:\/\/eltrabajo.cl\/web\/","name":"Diario El Trabajo","description":"Desde 1929 construyendo Identidad Local","publisher":{"@id":"https:\/\/eltrabajo.cl\/web\/#organization"},"potentialAction":[{"@type":"SearchAction","target":{"@type":"EntryPoint","urlTemplate":"https:\/\/eltrabajo.cl\/web\/?s={search_term_string}"},"query-input":{"@type":"PropertyValueSpecification","valueRequired":true,"valueName":"search_term_string"}}],"inLanguage":"es-CL"},{"@type":"Organization","@id":"https:\/\/eltrabajo.cl\/web\/#organization","name":"Diario El Trabajo","url":"https:\/\/eltrabajo.cl\/web\/","logo":{"@type":"ImageObject","inLanguage":"es-CL","@id":"https:\/\/eltrabajo.cl\/web\/#\/schema\/logo\/image\/","url":"https:\/\/eltrabajo.cl\/web\/wp-content\/uploads\/2024\/06\/profile-image-ig-page-diarioeltrabajo.jpg","contentUrl":"https:\/\/eltrabajo.cl\/web\/wp-content\/uploads\/2024\/06\/profile-image-ig-page-diarioeltrabajo.jpg","width":823,"height":823,"caption":"Diario El Trabajo"},"image":{"@id":"https:\/\/eltrabajo.cl\/web\/#\/schema\/logo\/image\/"},"sameAs":["https:\/\/www.facebook.com\/ElTrabajoDiario","https:\/\/x.com\/diarioeltrabajo"]},{"@type":"Person","@id":"https:\/\/eltrabajo.cl\/web\/#\/schema\/person\/45efd3d17f86ec456e44dd7debe1bf19","name":"Diario El Trabajo","image":{"@type":"ImageObject","inLanguage":"es-CL","@id":"https:\/\/secure.gravatar.com\/avatar\/7e6ec277dc4aea2677c2dc301d4227957219329c985ab69a3efc12518b5161aa?s=96&d=mm&r=g","url":"https:\/\/secure.gravatar.com\/avatar\/7e6ec277dc4aea2677c2dc301d4227957219329c985ab69a3efc12518b5161aa?s=96&d=mm&r=g","contentUrl":"https:\/\/secure.gravatar.com\/avatar\/7e6ec277dc4aea2677c2dc301d4227957219329c985ab69a3efc12518b5161aa?s=96&d=mm&r=g","caption":"Diario El Trabajo"},"sameAs":["https:\/\/eltrabajo.cl\/web"],"url":"https:\/\/eltrabajo.cl\/web\/author\/diario-el-trabajo\/"}]}},"_links":{"self":[{"href":"https:\/\/eltrabajo.cl\/web\/wp-json\/wp\/v2\/posts\/133221","targetHints":{"allow":["GET"]}}],"collection":[{"href":"https:\/\/eltrabajo.cl\/web\/wp-json\/wp\/v2\/posts"}],"about":[{"href":"https:\/\/eltrabajo.cl\/web\/wp-json\/wp\/v2\/types\/post"}],"author":[{"embeddable":true,"href":"https:\/\/eltrabajo.cl\/web\/wp-json\/wp\/v2\/users\/1"}],"replies":[{"embeddable":true,"href":"https:\/\/eltrabajo.cl\/web\/wp-json\/wp\/v2\/comments?post=133221"}],"version-history":[{"count":1,"href":"https:\/\/eltrabajo.cl\/web\/wp-json\/wp\/v2\/posts\/133221\/revisions"}],"predecessor-version":[{"id":133223,"href":"https:\/\/eltrabajo.cl\/web\/wp-json\/wp\/v2\/posts\/133221\/revisions\/133223"}],"wp:featuredmedia":[{"embeddable":true,"href":"https:\/\/eltrabajo.cl\/web\/wp-json\/wp\/v2\/media\/133222"}],"wp:attachment":[{"href":"https:\/\/eltrabajo.cl\/web\/wp-json\/wp\/v2\/media?parent=133221"}],"wp:term":[{"taxonomy":"category","embeddable":true,"href":"https:\/\/eltrabajo.cl\/web\/wp-json\/wp\/v2\/categories?post=133221"},{"taxonomy":"post_tag","embeddable":true,"href":"https:\/\/eltrabajo.cl\/web\/wp-json\/wp\/v2\/tags?post=133221"}],"curies":[{"name":"wp","href":"https:\/\/api.w.org\/{rel}","templated":true}]}}