{"id":133339,"date":"2024-11-18T21:58:47","date_gmt":"2024-11-19T00:58:47","guid":{"rendered":"https:\/\/eltrabajo.cl\/web\/?p=133339"},"modified":"2024-11-18T21:58:47","modified_gmt":"2024-11-19T00:58:47","slug":"tres-locales-comerciales-resultaron-afectados-por-incendio-estructural","status":"publish","type":"post","link":"https:\/\/eltrabajo.cl\/web\/tres-locales-comerciales-resultaron-afectados-por-incendio-estructural\/","title":{"rendered":"Tres locales comerciales resultaron afectados por incendio estructural"},"content":{"rendered":"<p>Cerca de las dos de la tarde del domingo, el Cuerpo de Bomberos de San Felipe es alertado por un incendio estructural que afectaba una carnicer\u00eda ubicada en la alameda Yungay de nuestra ciudad. A la llegada de los primeros voluntarios, pudieron establecer que el fuego y el humo avanzaba r\u00e1pidamente por el entretecho de esta estructura.<\/p>\n<p>El comandante del Cuerpo de Bomberos de San Felipe, <strong>Walter Staforelli<\/strong>, se\u00f1al\u00f3 que <em>\u00abaproximadamente a las 14:00 horas se nos comunic\u00f3 de un incendio que estaba ocurriendo en la alameda Yungay, casi en la esquina Chacabuco, el cual estaba afectando a unos locales comerciales en aquel momento. A la llegada de Bomberos los negocios estaban cerrados y se ve\u00eda una gran cantidad de humo que emanaba de tres locales, estos son una seguidilla de locales, son cinco de la misma construcci\u00f3n, solamente divididos entre s\u00ed para diferenciar los locales\u00bb. <\/em><\/p>\n<p>En este contexto, Staforelli agreg\u00f3 que <em>\u00abel entretecho que ten\u00edan era como bodegas, en los cuales almacenaban diferentes tipos de cosas. En una primera instancia se puede decir de que el fuego parti\u00f3 en la parte alta de la estructura, lo m\u00e1s probable en el entretecho\u00bb. <\/em><\/p>\n<p>En cuanto a c\u00f3mo fue el trabajo que desarroll\u00f3 Bomberos en el lugar para evitar la propagaci\u00f3n de las llamas, el comandante indic\u00f3 que <em>\u00abla mayor\u00eda de los incendios la propagaci\u00f3n que tienen es por la parte alta de las estructuras, una de las labores m\u00e1s r\u00e1pidas que podemos realizar, es hacer un cortafuegos, subir al techo, levantar planchas y generar una l\u00ednea que segregue la temperatura y el fuego de un lugar a otro, y sofocar el fuego solamente donde podamos dejarlo circunscrito\u00bb. <\/em><\/p>\n<p>Finalmente, y en relaci\u00f3n a los da\u00f1os que provoc\u00f3 este incendio, Walter Staforelli expres\u00f3 que <em>\u00abfueron tres locales afectados, los cuales el fuego traspas\u00f3 por el entretecho y tuvo algunas afectaciones en la parte baja, la planta uno por decirlo de alguna manera, tanto por fuego como tambi\u00e9n por agua\u00bb. <\/em><\/p>\n<p>Junto con esto, el comandante del Cuerpo de Bomberos dio cuenta de un incendio producido el pasado viernes por la tarde en el sector de la Punta El Olivo, donde tres veh\u00edculos resultaron quemados.<\/p>\n<p>\u00ab<em>Tambi\u00e9n un incendio estructural que afect\u00f3 a contenedores y algunos veh\u00edculos que hab\u00eda, veh\u00edculos y camiones en el lugar. Eran veh\u00edculos que estaban a un costado de un conteiner. Tambi\u00e9n est\u00e1 el Departamento de Investigaci\u00f3n de incendios para determinar el origen y causa de ese incendio. Resultaron involucrados tres veh\u00edculos\u00bb,<\/em> cerr\u00f3.<\/p>\n<figure id=\"attachment_133340\" aria-describedby=\"caption-attachment-133340\" style=\"width: 699px\" class=\"wp-caption alignnone\"><img loading=\"lazy\" decoding=\"async\" class=\"size-full wp-image-133340\" src=\"https:\/\/eltrabajo.cl\/web\/wp-content\/uploads\/2024\/11\/incendio-5.jpg\" alt=\"Bomberos trabajando en incendio de locales comerciales en la alameda Yungay.\" width=\"699\" height=\"552\" srcset=\"https:\/\/eltrabajo.cl\/web\/wp-content\/uploads\/2024\/11\/incendio-5.jpg 699w, https:\/\/eltrabajo.cl\/web\/wp-content\/uploads\/2024\/11\/incendio-5-300x237.jpg 300w, https:\/\/eltrabajo.cl\/web\/wp-content\/uploads\/2024\/11\/incendio-5-532x420.jpg 532w, https:\/\/eltrabajo.cl\/web\/wp-content\/uploads\/2024\/11\/incendio-5-150x118.jpg 150w, https:\/\/eltrabajo.cl\/web\/wp-content\/uploads\/2024\/11\/incendio-5-696x550.jpg 696w\" sizes=\"auto, (max-width: 699px) 100vw, 699px\" \/><figcaption id=\"caption-attachment-133340\" class=\"wp-caption-text\">Bomberos trabajando en incendio de locales comerciales en la alameda Yungay.<\/figcaption><\/figure>\n","protected":false},"excerpt":{"rendered":"<p>Cerca de las dos de la tarde del domingo, el Cuerpo de Bomberos de San Felipe es alertado por un incendio estructural que afectaba una carnicer\u00eda ubicada en la alameda Yungay de nuestra ciudad. A la llegada de los primeros voluntarios, pudieron establecer que el fuego y el humo avanzaba r\u00e1pidamente por el entretecho de [&hellip;]<\/p>\n","protected":false},"author":1,"featured_media":133340,"comment_status":"open","ping_status":"closed","sticky":false,"template":"","format":"standard","meta":{"footnotes":""},"categories":[5],"tags":[],"class_list":{"0":"post-133339","1":"post","2":"type-post","3":"status-publish","4":"format-standard","5":"has-post-thumbnail","7":"category-policial"},"yoast_head":"<!-- This site is optimized with the Yoast SEO plugin v27.5 - https:\/\/yoast.com\/product\/yoast-seo-wordpress\/ -->\n<title>Tres locales comerciales resultaron afectados por incendio estructural - Diario El Trabajo<\/title>\n<meta name=\"robots\" content=\"index, follow, max-snippet:-1, max-image-preview:large, max-video-preview:-1\" \/>\n<link rel=\"canonical\" href=\"https:\/\/eltrabajo.cl\/web\/tres-locales-comerciales-resultaron-afectados-por-incendio-estructural\/\" \/>\n<meta property=\"og:locale\" content=\"es_ES\" \/>\n<meta property=\"og:type\" content=\"article\" \/>\n<meta property=\"og:title\" content=\"Tres locales comerciales resultaron afectados por incendio estructural - Diario El Trabajo\" \/>\n<meta property=\"og:description\" content=\"Cerca de las dos de la tarde del domingo, el Cuerpo de Bomberos de San Felipe es alertado por un incendio estructural que afectaba una carnicer\u00eda ubicada en la alameda Yungay de nuestra ciudad. A la llegada de los primeros voluntarios, pudieron establecer que el fuego y el humo avanzaba r\u00e1pidamente por el entretecho de [&hellip;]\" \/>\n<meta property=\"og:url\" content=\"https:\/\/eltrabajo.cl\/web\/tres-locales-comerciales-resultaron-afectados-por-incendio-estructural\/\" \/>\n<meta property=\"og:site_name\" content=\"Diario El Trabajo\" \/>\n<meta property=\"article:publisher\" content=\"https:\/\/www.facebook.com\/ElTrabajoDiario\" \/>\n<meta property=\"article:published_time\" content=\"2024-11-19T00:58:47+00:00\" \/>\n<meta property=\"og:image\" content=\"https:\/\/eltrabajo.cl\/web\/wp-content\/uploads\/2024\/11\/incendio-5.jpg\" \/>\n\t<meta property=\"og:image:width\" content=\"699\" \/>\n\t<meta property=\"og:image:height\" content=\"552\" \/>\n\t<meta property=\"og:image:type\" content=\"image\/jpeg\" \/>\n<meta name=\"author\" content=\"Diario El Trabajo\" \/>\n<meta name=\"twitter:card\" content=\"summary_large_image\" \/>\n<meta name=\"twitter:creator\" content=\"@diarioeltrabajo\" \/>\n<meta name=\"twitter:site\" content=\"@diarioeltrabajo\" \/>\n<meta name=\"twitter:label1\" content=\"Escrito por\" \/>\n\t<meta name=\"twitter:data1\" content=\"Diario El Trabajo\" \/>\n\t<meta name=\"twitter:label2\" content=\"Tiempo estimado de lectura\" \/>\n\t<meta name=\"twitter:data2\" content=\"3 minutos\" \/>\n<script type=\"application\/ld+json\" class=\"yoast-schema-graph\">{\"@context\":\"https:\\\/\\\/schema.org\",\"@graph\":[{\"@type\":\"Article\",\"@id\":\"https:\\\/\\\/eltrabajo.cl\\\/web\\\/tres-locales-comerciales-resultaron-afectados-por-incendio-estructural\\\/#article\",\"isPartOf\":{\"@id\":\"https:\\\/\\\/eltrabajo.cl\\\/web\\\/tres-locales-comerciales-resultaron-afectados-por-incendio-estructural\\\/\"},\"author\":{\"name\":\"Diario El Trabajo\",\"@id\":\"https:\\\/\\\/eltrabajo.cl\\\/web\\\/#\\\/schema\\\/person\\\/45efd3d17f86ec456e44dd7debe1bf19\"},\"headline\":\"Tres locales comerciales resultaron afectados por incendio estructural\",\"datePublished\":\"2024-11-19T00:58:47+00:00\",\"mainEntityOfPage\":{\"@id\":\"https:\\\/\\\/eltrabajo.cl\\\/web\\\/tres-locales-comerciales-resultaron-afectados-por-incendio-estructural\\\/\"},\"wordCount\":462,\"commentCount\":0,\"publisher\":{\"@id\":\"https:\\\/\\\/eltrabajo.cl\\\/web\\\/#organization\"},\"image\":{\"@id\":\"https:\\\/\\\/eltrabajo.cl\\\/web\\\/tres-locales-comerciales-resultaron-afectados-por-incendio-estructural\\\/#primaryimage\"},\"thumbnailUrl\":\"https:\\\/\\\/eltrabajo.cl\\\/web\\\/wp-content\\\/uploads\\\/2024\\\/11\\\/incendio-5.jpg\",\"articleSection\":[\"Policial\"],\"inLanguage\":\"es-CL\",\"potentialAction\":[{\"@type\":\"CommentAction\",\"name\":\"Comment\",\"target\":[\"https:\\\/\\\/eltrabajo.cl\\\/web\\\/tres-locales-comerciales-resultaron-afectados-por-incendio-estructural\\\/#respond\"]}]},{\"@type\":\"WebPage\",\"@id\":\"https:\\\/\\\/eltrabajo.cl\\\/web\\\/tres-locales-comerciales-resultaron-afectados-por-incendio-estructural\\\/\",\"url\":\"https:\\\/\\\/eltrabajo.cl\\\/web\\\/tres-locales-comerciales-resultaron-afectados-por-incendio-estructural\\\/\",\"name\":\"Tres locales comerciales resultaron afectados por incendio estructural - Diario El Trabajo\",\"isPartOf\":{\"@id\":\"https:\\\/\\\/eltrabajo.cl\\\/web\\\/#website\"},\"primaryImageOfPage\":{\"@id\":\"https:\\\/\\\/eltrabajo.cl\\\/web\\\/tres-locales-comerciales-resultaron-afectados-por-incendio-estructural\\\/#primaryimage\"},\"image\":{\"@id\":\"https:\\\/\\\/eltrabajo.cl\\\/web\\\/tres-locales-comerciales-resultaron-afectados-por-incendio-estructural\\\/#primaryimage\"},\"thumbnailUrl\":\"https:\\\/\\\/eltrabajo.cl\\\/web\\\/wp-content\\\/uploads\\\/2024\\\/11\\\/incendio-5.jpg\",\"datePublished\":\"2024-11-19T00:58:47+00:00\",\"breadcrumb\":{\"@id\":\"https:\\\/\\\/eltrabajo.cl\\\/web\\\/tres-locales-comerciales-resultaron-afectados-por-incendio-estructural\\\/#breadcrumb\"},\"inLanguage\":\"es-CL\",\"potentialAction\":[{\"@type\":\"ReadAction\",\"target\":[\"https:\\\/\\\/eltrabajo.cl\\\/web\\\/tres-locales-comerciales-resultaron-afectados-por-incendio-estructural\\\/\"]}]},{\"@type\":\"ImageObject\",\"inLanguage\":\"es-CL\",\"@id\":\"https:\\\/\\\/eltrabajo.cl\\\/web\\\/tres-locales-comerciales-resultaron-afectados-por-incendio-estructural\\\/#primaryimage\",\"url\":\"https:\\\/\\\/eltrabajo.cl\\\/web\\\/wp-content\\\/uploads\\\/2024\\\/11\\\/incendio-5.jpg\",\"contentUrl\":\"https:\\\/\\\/eltrabajo.cl\\\/web\\\/wp-content\\\/uploads\\\/2024\\\/11\\\/incendio-5.jpg\",\"width\":699,\"height\":552,\"caption\":\"Bomberos trabajando en incendio de locales comerciales en la alameda Yungay.\"},{\"@type\":\"BreadcrumbList\",\"@id\":\"https:\\\/\\\/eltrabajo.cl\\\/web\\\/tres-locales-comerciales-resultaron-afectados-por-incendio-estructural\\\/#breadcrumb\",\"itemListElement\":[{\"@type\":\"ListItem\",\"position\":1,\"name\":\"Portada\",\"item\":\"https:\\\/\\\/eltrabajo.cl\\\/web\\\/\"},{\"@type\":\"ListItem\",\"position\":2,\"name\":\"Tres locales comerciales resultaron afectados por incendio estructural\"}]},{\"@type\":\"WebSite\",\"@id\":\"https:\\\/\\\/eltrabajo.cl\\\/web\\\/#website\",\"url\":\"https:\\\/\\\/eltrabajo.cl\\\/web\\\/\",\"name\":\"Diario El Trabajo\",\"description\":\"Desde 1929 construyendo Identidad Local\",\"publisher\":{\"@id\":\"https:\\\/\\\/eltrabajo.cl\\\/web\\\/#organization\"},\"potentialAction\":[{\"@type\":\"SearchAction\",\"target\":{\"@type\":\"EntryPoint\",\"urlTemplate\":\"https:\\\/\\\/eltrabajo.cl\\\/web\\\/?s={search_term_string}\"},\"query-input\":{\"@type\":\"PropertyValueSpecification\",\"valueRequired\":true,\"valueName\":\"search_term_string\"}}],\"inLanguage\":\"es-CL\"},{\"@type\":\"Organization\",\"@id\":\"https:\\\/\\\/eltrabajo.cl\\\/web\\\/#organization\",\"name\":\"Diario El Trabajo\",\"url\":\"https:\\\/\\\/eltrabajo.cl\\\/web\\\/\",\"logo\":{\"@type\":\"ImageObject\",\"inLanguage\":\"es-CL\",\"@id\":\"https:\\\/\\\/eltrabajo.cl\\\/web\\\/#\\\/schema\\\/logo\\\/image\\\/\",\"url\":\"https:\\\/\\\/eltrabajo.cl\\\/web\\\/wp-content\\\/uploads\\\/2024\\\/06\\\/profile-image-ig-page-diarioeltrabajo.jpg\",\"contentUrl\":\"https:\\\/\\\/eltrabajo.cl\\\/web\\\/wp-content\\\/uploads\\\/2024\\\/06\\\/profile-image-ig-page-diarioeltrabajo.jpg\",\"width\":823,\"height\":823,\"caption\":\"Diario El Trabajo\"},\"image\":{\"@id\":\"https:\\\/\\\/eltrabajo.cl\\\/web\\\/#\\\/schema\\\/logo\\\/image\\\/\"},\"sameAs\":[\"https:\\\/\\\/www.facebook.com\\\/ElTrabajoDiario\",\"https:\\\/\\\/x.com\\\/diarioeltrabajo\"]},{\"@type\":\"Person\",\"@id\":\"https:\\\/\\\/eltrabajo.cl\\\/web\\\/#\\\/schema\\\/person\\\/45efd3d17f86ec456e44dd7debe1bf19\",\"name\":\"Diario El Trabajo\",\"image\":{\"@type\":\"ImageObject\",\"inLanguage\":\"es-CL\",\"@id\":\"https:\\\/\\\/secure.gravatar.com\\\/avatar\\\/7e6ec277dc4aea2677c2dc301d4227957219329c985ab69a3efc12518b5161aa?s=96&d=mm&r=g\",\"url\":\"https:\\\/\\\/secure.gravatar.com\\\/avatar\\\/7e6ec277dc4aea2677c2dc301d4227957219329c985ab69a3efc12518b5161aa?s=96&d=mm&r=g\",\"contentUrl\":\"https:\\\/\\\/secure.gravatar.com\\\/avatar\\\/7e6ec277dc4aea2677c2dc301d4227957219329c985ab69a3efc12518b5161aa?s=96&d=mm&r=g\",\"caption\":\"Diario El Trabajo\"},\"sameAs\":[\"https:\\\/\\\/eltrabajo.cl\\\/web\"],\"url\":\"https:\\\/\\\/eltrabajo.cl\\\/web\\\/author\\\/diario-el-trabajo\\\/\"}]}<\/script>\n<!-- \/ Yoast SEO plugin. -->","yoast_head_json":{"title":"Tres locales comerciales resultaron afectados por incendio estructural - Diario El Trabajo","robots":{"index":"index","follow":"follow","max-snippet":"max-snippet:-1","max-image-preview":"max-image-preview:large","max-video-preview":"max-video-preview:-1"},"canonical":"https:\/\/eltrabajo.cl\/web\/tres-locales-comerciales-resultaron-afectados-por-incendio-estructural\/","og_locale":"es_ES","og_type":"article","og_title":"Tres locales comerciales resultaron afectados por incendio estructural - Diario El Trabajo","og_description":"Cerca de las dos de la tarde del domingo, el Cuerpo de Bomberos de San Felipe es alertado por un incendio estructural que afectaba una carnicer\u00eda ubicada en la alameda Yungay de nuestra ciudad. A la llegada de los primeros voluntarios, pudieron establecer que el fuego y el humo avanzaba r\u00e1pidamente por el entretecho de [&hellip;]","og_url":"https:\/\/eltrabajo.cl\/web\/tres-locales-comerciales-resultaron-afectados-por-incendio-estructural\/","og_site_name":"Diario El Trabajo","article_publisher":"https:\/\/www.facebook.com\/ElTrabajoDiario","article_published_time":"2024-11-19T00:58:47+00:00","og_image":[{"width":699,"height":552,"url":"https:\/\/eltrabajo.cl\/web\/wp-content\/uploads\/2024\/11\/incendio-5.jpg","type":"image\/jpeg"}],"author":"Diario El Trabajo","twitter_card":"summary_large_image","twitter_creator":"@diarioeltrabajo","twitter_site":"@diarioeltrabajo","twitter_misc":{"Escrito por":"Diario El Trabajo","Tiempo estimado de lectura":"3 minutos"},"schema":{"@context":"https:\/\/schema.org","@graph":[{"@type":"Article","@id":"https:\/\/eltrabajo.cl\/web\/tres-locales-comerciales-resultaron-afectados-por-incendio-estructural\/#article","isPartOf":{"@id":"https:\/\/eltrabajo.cl\/web\/tres-locales-comerciales-resultaron-afectados-por-incendio-estructural\/"},"author":{"name":"Diario El Trabajo","@id":"https:\/\/eltrabajo.cl\/web\/#\/schema\/person\/45efd3d17f86ec456e44dd7debe1bf19"},"headline":"Tres locales comerciales resultaron afectados por incendio estructural","datePublished":"2024-11-19T00:58:47+00:00","mainEntityOfPage":{"@id":"https:\/\/eltrabajo.cl\/web\/tres-locales-comerciales-resultaron-afectados-por-incendio-estructural\/"},"wordCount":462,"commentCount":0,"publisher":{"@id":"https:\/\/eltrabajo.cl\/web\/#organization"},"image":{"@id":"https:\/\/eltrabajo.cl\/web\/tres-locales-comerciales-resultaron-afectados-por-incendio-estructural\/#primaryimage"},"thumbnailUrl":"https:\/\/eltrabajo.cl\/web\/wp-content\/uploads\/2024\/11\/incendio-5.jpg","articleSection":["Policial"],"inLanguage":"es-CL","potentialAction":[{"@type":"CommentAction","name":"Comment","target":["https:\/\/eltrabajo.cl\/web\/tres-locales-comerciales-resultaron-afectados-por-incendio-estructural\/#respond"]}]},{"@type":"WebPage","@id":"https:\/\/eltrabajo.cl\/web\/tres-locales-comerciales-resultaron-afectados-por-incendio-estructural\/","url":"https:\/\/eltrabajo.cl\/web\/tres-locales-comerciales-resultaron-afectados-por-incendio-estructural\/","name":"Tres locales comerciales resultaron afectados por incendio estructural - Diario El Trabajo","isPartOf":{"@id":"https:\/\/eltrabajo.cl\/web\/#website"},"primaryImageOfPage":{"@id":"https:\/\/eltrabajo.cl\/web\/tres-locales-comerciales-resultaron-afectados-por-incendio-estructural\/#primaryimage"},"image":{"@id":"https:\/\/eltrabajo.cl\/web\/tres-locales-comerciales-resultaron-afectados-por-incendio-estructural\/#primaryimage"},"thumbnailUrl":"https:\/\/eltrabajo.cl\/web\/wp-content\/uploads\/2024\/11\/incendio-5.jpg","datePublished":"2024-11-19T00:58:47+00:00","breadcrumb":{"@id":"https:\/\/eltrabajo.cl\/web\/tres-locales-comerciales-resultaron-afectados-por-incendio-estructural\/#breadcrumb"},"inLanguage":"es-CL","potentialAction":[{"@type":"ReadAction","target":["https:\/\/eltrabajo.cl\/web\/tres-locales-comerciales-resultaron-afectados-por-incendio-estructural\/"]}]},{"@type":"ImageObject","inLanguage":"es-CL","@id":"https:\/\/eltrabajo.cl\/web\/tres-locales-comerciales-resultaron-afectados-por-incendio-estructural\/#primaryimage","url":"https:\/\/eltrabajo.cl\/web\/wp-content\/uploads\/2024\/11\/incendio-5.jpg","contentUrl":"https:\/\/eltrabajo.cl\/web\/wp-content\/uploads\/2024\/11\/incendio-5.jpg","width":699,"height":552,"caption":"Bomberos trabajando en incendio de locales comerciales en la alameda Yungay."},{"@type":"BreadcrumbList","@id":"https:\/\/eltrabajo.cl\/web\/tres-locales-comerciales-resultaron-afectados-por-incendio-estructural\/#breadcrumb","itemListElement":[{"@type":"ListItem","position":1,"name":"Portada","item":"https:\/\/eltrabajo.cl\/web\/"},{"@type":"ListItem","position":2,"name":"Tres locales comerciales resultaron afectados por incendio estructural"}]},{"@type":"WebSite","@id":"https:\/\/eltrabajo.cl\/web\/#website","url":"https:\/\/eltrabajo.cl\/web\/","name":"Diario El Trabajo","description":"Desde 1929 construyendo Identidad Local","publisher":{"@id":"https:\/\/eltrabajo.cl\/web\/#organization"},"potentialAction":[{"@type":"SearchAction","target":{"@type":"EntryPoint","urlTemplate":"https:\/\/eltrabajo.cl\/web\/?s={search_term_string}"},"query-input":{"@type":"PropertyValueSpecification","valueRequired":true,"valueName":"search_term_string"}}],"inLanguage":"es-CL"},{"@type":"Organization","@id":"https:\/\/eltrabajo.cl\/web\/#organization","name":"Diario El Trabajo","url":"https:\/\/eltrabajo.cl\/web\/","logo":{"@type":"ImageObject","inLanguage":"es-CL","@id":"https:\/\/eltrabajo.cl\/web\/#\/schema\/logo\/image\/","url":"https:\/\/eltrabajo.cl\/web\/wp-content\/uploads\/2024\/06\/profile-image-ig-page-diarioeltrabajo.jpg","contentUrl":"https:\/\/eltrabajo.cl\/web\/wp-content\/uploads\/2024\/06\/profile-image-ig-page-diarioeltrabajo.jpg","width":823,"height":823,"caption":"Diario El Trabajo"},"image":{"@id":"https:\/\/eltrabajo.cl\/web\/#\/schema\/logo\/image\/"},"sameAs":["https:\/\/www.facebook.com\/ElTrabajoDiario","https:\/\/x.com\/diarioeltrabajo"]},{"@type":"Person","@id":"https:\/\/eltrabajo.cl\/web\/#\/schema\/person\/45efd3d17f86ec456e44dd7debe1bf19","name":"Diario El Trabajo","image":{"@type":"ImageObject","inLanguage":"es-CL","@id":"https:\/\/secure.gravatar.com\/avatar\/7e6ec277dc4aea2677c2dc301d4227957219329c985ab69a3efc12518b5161aa?s=96&d=mm&r=g","url":"https:\/\/secure.gravatar.com\/avatar\/7e6ec277dc4aea2677c2dc301d4227957219329c985ab69a3efc12518b5161aa?s=96&d=mm&r=g","contentUrl":"https:\/\/secure.gravatar.com\/avatar\/7e6ec277dc4aea2677c2dc301d4227957219329c985ab69a3efc12518b5161aa?s=96&d=mm&r=g","caption":"Diario El Trabajo"},"sameAs":["https:\/\/eltrabajo.cl\/web"],"url":"https:\/\/eltrabajo.cl\/web\/author\/diario-el-trabajo\/"}]}},"_links":{"self":[{"href":"https:\/\/eltrabajo.cl\/web\/wp-json\/wp\/v2\/posts\/133339","targetHints":{"allow":["GET"]}}],"collection":[{"href":"https:\/\/eltrabajo.cl\/web\/wp-json\/wp\/v2\/posts"}],"about":[{"href":"https:\/\/eltrabajo.cl\/web\/wp-json\/wp\/v2\/types\/post"}],"author":[{"embeddable":true,"href":"https:\/\/eltrabajo.cl\/web\/wp-json\/wp\/v2\/users\/1"}],"replies":[{"embeddable":true,"href":"https:\/\/eltrabajo.cl\/web\/wp-json\/wp\/v2\/comments?post=133339"}],"version-history":[{"count":1,"href":"https:\/\/eltrabajo.cl\/web\/wp-json\/wp\/v2\/posts\/133339\/revisions"}],"predecessor-version":[{"id":133341,"href":"https:\/\/eltrabajo.cl\/web\/wp-json\/wp\/v2\/posts\/133339\/revisions\/133341"}],"wp:featuredmedia":[{"embeddable":true,"href":"https:\/\/eltrabajo.cl\/web\/wp-json\/wp\/v2\/media\/133340"}],"wp:attachment":[{"href":"https:\/\/eltrabajo.cl\/web\/wp-json\/wp\/v2\/media?parent=133339"}],"wp:term":[{"taxonomy":"category","embeddable":true,"href":"https:\/\/eltrabajo.cl\/web\/wp-json\/wp\/v2\/categories?post=133339"},{"taxonomy":"post_tag","embeddable":true,"href":"https:\/\/eltrabajo.cl\/web\/wp-json\/wp\/v2\/tags?post=133339"}],"curies":[{"name":"wp","href":"https:\/\/api.w.org\/{rel}","templated":true}]}}