{"id":133345,"date":"2024-11-18T22:05:00","date_gmt":"2024-11-19T01:05:00","guid":{"rendered":"https:\/\/eltrabajo.cl\/web\/?p=133345"},"modified":"2024-11-18T22:05:00","modified_gmt":"2024-11-19T01:05:00","slug":"millonario-robo-afecto-a-centrica-relojeria-donde-lalito-de-san-felipe","status":"publish","type":"post","link":"https:\/\/eltrabajo.cl\/web\/millonario-robo-afecto-a-centrica-relojeria-donde-lalito-de-san-felipe\/","title":{"rendered":"Millonario robo afect\u00f3 a c\u00e9ntrica relojer\u00eda \u2018Donde Lalito\u2019 de San Felipe"},"content":{"rendered":"<ul>\n<li><strong>Dos sujetos ingresaron la noche del s\u00e1bado y se llevaron diversas especies, todo avaluado en m\u00e1s de 12 millones de pesos.-<\/strong><\/li>\n<\/ul>\n<p>Un millonario robo afect\u00f3, lamentablemente una vez m\u00e1s, a don <strong>Luis C\u00e1rcamo<\/strong>, conocido por su relojer\u00eda <strong>\u2018Donde Lalito\u2019<\/strong>, ubicada en calle Salinas, entre Prat y Santo Domingo. Dos delincuentes ingresaron la noche del s\u00e1bado por la parte trasera del recinto y se llevaron diversas especies, entre joyas, relojes y art\u00edculos de clientes que estaban para su reparaci\u00f3n.<\/p>\n<p>El hecho qued\u00f3 al descubierto luego que su hijo revisara las c\u00e1maras de seguridad, algo que hacen rutinariamente todos los d\u00edas, y se percataran que estaba abierta una puerta. De inmediato se dirigieron al lugar, descubriendo que hab\u00edan sido v\u00edctimas de la delincuencia.<\/p>\n<p>El due\u00f1o del local comercial, don Luis C\u00e1rcamo, conocido como <strong>\u2018Lalito\u2019<\/strong>, cont\u00f3 que <em>\u00abmi hijo en la noche ve las c\u00e1maras y las vio como despu\u00e9s de la 1:00 y de ah\u00ed me dice que est\u00e1 la puerta abierta, llegamos all\u00e1 y nos encontramos con la sorpresa que hicieron tira los candados y se metieron por atr\u00e1s\u00bb.<\/em><\/p>\n<p>Ya en su lugar de trabajo, pudieron establecer lo que estos delincuentes se hab\u00edan llevado; <em>\u00abcuando llegamos al local nos encontramos con la sorpresa y vaciaron, barrieron con las vitrinas, se llevaron joyas de plata, oro, abrieron la caja donde siempre guardo sencillo para dar vuelto, se llevaron relojes de bolsillo, ten\u00eda en un bolso m\u00e1s de 20 relojes para colocarles pilas\u00bb.<\/em><\/p>\n<p>Por la rapidez con la que salieron de su casa, don Luis y su hijo salieron sin celulares, por lo que acudieron al municipio y fue el guardia que estaba de turno quien llam\u00f3 a Carabineros, quienes llegaron r\u00e1pidamente a su local comercial.<\/p>\n<p>\u00ab<em>Fui a molestar al guardia de la municipalidad y \u00e9l llam\u00f3 a Carabineros, llegaron r\u00e1pido y nos preguntaron y mirando las c\u00e1maras estuvieron como desde las 22:30 hasta las 23:15, m\u00e1s o menos\u00bb,<\/em> agreg\u00f3.<\/p>\n<p>En cuanto a c\u00f3mo quedaron luego de este robo, que lamentablemente no es el primero que sufren, ya en el 2020 hab\u00edan sido v\u00edctimas de otro hecho de las mismas caracter\u00edsticas, \u2018Lalito\u2019 coment\u00f3 que <em>\u00abes una p\u00e9rdida grande porque vamos a tener que reponer toda esa mercader\u00eda, me dejaron sin cadenas, sin plata para hacer pulseras. Eso me tiene mal porque no s\u00e9 c\u00f3mo hacerlo, uno se las rebusca, trabaja y para que lleguen en un rato, te dejan muy mal. <\/em><\/p>\n<p>\u00ab<em>Ahora nos encontramos con la sorpresa que como abrieron otras cosas, vaciaron los sobres y se llevaron pura mercader\u00eda, y ahora hay que reponerlo para la gente\u00bb, <\/em>a\u00f1adi\u00f3 el comerciante, quien adem\u00e1s detall\u00f3 que<em> \u00abnosotros cuando miramos estamos hablando de m\u00e1s de 12 millones de pesos\u00bb,<\/em> cerr\u00f3.<\/p>\n<figure id=\"attachment_133346\" aria-describedby=\"caption-attachment-133346\" style=\"width: 699px\" class=\"wp-caption alignnone\"><img loading=\"lazy\" decoding=\"async\" class=\"size-full wp-image-133346\" src=\"https:\/\/eltrabajo.cl\/web\/wp-content\/uploads\/2024\/11\/robo-lalito-1.jpg\" alt=\"Una vez m\u00e1s delincuentes cometen millonario robo en el local \u2018Donde Lalito\u2019. \" width=\"699\" height=\"415\" srcset=\"https:\/\/eltrabajo.cl\/web\/wp-content\/uploads\/2024\/11\/robo-lalito-1.jpg 699w, https:\/\/eltrabajo.cl\/web\/wp-content\/uploads\/2024\/11\/robo-lalito-1-300x178.jpg 300w, https:\/\/eltrabajo.cl\/web\/wp-content\/uploads\/2024\/11\/robo-lalito-1-150x89.jpg 150w, https:\/\/eltrabajo.cl\/web\/wp-content\/uploads\/2024\/11\/robo-lalito-1-696x413.jpg 696w\" sizes=\"auto, (max-width: 699px) 100vw, 699px\" \/><figcaption id=\"caption-attachment-133346\" class=\"wp-caption-text\">Una vez m\u00e1s delincuentes cometen millonario robo en el local \u2018Donde Lalito\u2019.<\/figcaption><\/figure>\n<figure id=\"attachment_133347\" aria-describedby=\"caption-attachment-133347\" style=\"width: 699px\" class=\"wp-caption alignnone\"><img loading=\"lazy\" decoding=\"async\" class=\"size-full wp-image-133347\" src=\"https:\/\/eltrabajo.cl\/web\/wp-content\/uploads\/2024\/11\/robo-lalito-2.jpg\" alt=\"Haciendo un forado por esta muralla los delincuentes ingresaron a la relojer\u00eda.\" width=\"699\" height=\"933\" srcset=\"https:\/\/eltrabajo.cl\/web\/wp-content\/uploads\/2024\/11\/robo-lalito-2.jpg 699w, https:\/\/eltrabajo.cl\/web\/wp-content\/uploads\/2024\/11\/robo-lalito-2-225x300.jpg 225w, https:\/\/eltrabajo.cl\/web\/wp-content\/uploads\/2024\/11\/robo-lalito-2-315x420.jpg 315w, https:\/\/eltrabajo.cl\/web\/wp-content\/uploads\/2024\/11\/robo-lalito-2-150x200.jpg 150w, https:\/\/eltrabajo.cl\/web\/wp-content\/uploads\/2024\/11\/robo-lalito-2-300x400.jpg 300w, https:\/\/eltrabajo.cl\/web\/wp-content\/uploads\/2024\/11\/robo-lalito-2-696x929.jpg 696w\" sizes=\"auto, (max-width: 699px) 100vw, 699px\" \/><figcaption id=\"caption-attachment-133347\" class=\"wp-caption-text\">Haciendo un forado por esta muralla los delincuentes ingresaron a la relojer\u00eda.<\/figcaption><\/figure>\n","protected":false},"excerpt":{"rendered":"<p>Dos sujetos ingresaron la noche del s\u00e1bado y se llevaron diversas especies, todo avaluado en m\u00e1s de 12 millones de pesos.- Un millonario robo afect\u00f3, lamentablemente una vez m\u00e1s, a don Luis C\u00e1rcamo, conocido por su relojer\u00eda \u2018Donde Lalito\u2019, ubicada en calle Salinas, entre Prat y Santo Domingo. Dos delincuentes ingresaron la noche del s\u00e1bado [&hellip;]<\/p>\n","protected":false},"author":1,"featured_media":133346,"comment_status":"open","ping_status":"closed","sticky":false,"template":"","format":"standard","meta":{"footnotes":""},"categories":[5],"tags":[],"class_list":{"0":"post-133345","1":"post","2":"type-post","3":"status-publish","4":"format-standard","5":"has-post-thumbnail","7":"category-policial"},"yoast_head":"<!-- This site is optimized with the Yoast SEO plugin v27.5 - https:\/\/yoast.com\/product\/yoast-seo-wordpress\/ -->\n<title>Millonario robo afect\u00f3 a c\u00e9ntrica relojer\u00eda \u2018Donde Lalito\u2019 de San Felipe - Diario El Trabajo<\/title>\n<meta name=\"robots\" content=\"index, follow, max-snippet:-1, max-image-preview:large, max-video-preview:-1\" \/>\n<link rel=\"canonical\" href=\"https:\/\/eltrabajo.cl\/web\/millonario-robo-afecto-a-centrica-relojeria-donde-lalito-de-san-felipe\/\" \/>\n<meta property=\"og:locale\" content=\"es_ES\" \/>\n<meta property=\"og:type\" content=\"article\" \/>\n<meta property=\"og:title\" content=\"Millonario robo afect\u00f3 a c\u00e9ntrica relojer\u00eda \u2018Donde Lalito\u2019 de San Felipe - Diario El Trabajo\" \/>\n<meta property=\"og:description\" content=\"Dos sujetos ingresaron la noche del s\u00e1bado y se llevaron diversas especies, todo avaluado en m\u00e1s de 12 millones de pesos.- Un millonario robo afect\u00f3, lamentablemente una vez m\u00e1s, a don Luis C\u00e1rcamo, conocido por su relojer\u00eda \u2018Donde Lalito\u2019, ubicada en calle Salinas, entre Prat y Santo Domingo. Dos delincuentes ingresaron la noche del s\u00e1bado [&hellip;]\" \/>\n<meta property=\"og:url\" content=\"https:\/\/eltrabajo.cl\/web\/millonario-robo-afecto-a-centrica-relojeria-donde-lalito-de-san-felipe\/\" \/>\n<meta property=\"og:site_name\" content=\"Diario El Trabajo\" \/>\n<meta property=\"article:publisher\" content=\"https:\/\/www.facebook.com\/ElTrabajoDiario\" \/>\n<meta property=\"article:published_time\" content=\"2024-11-19T01:05:00+00:00\" \/>\n<meta property=\"og:image\" content=\"https:\/\/eltrabajo.cl\/web\/wp-content\/uploads\/2024\/11\/robo-lalito-1.jpg\" \/>\n\t<meta property=\"og:image:width\" content=\"699\" \/>\n\t<meta property=\"og:image:height\" content=\"415\" \/>\n\t<meta property=\"og:image:type\" content=\"image\/jpeg\" \/>\n<meta name=\"author\" content=\"Diario El Trabajo\" \/>\n<meta name=\"twitter:card\" content=\"summary_large_image\" \/>\n<meta name=\"twitter:creator\" content=\"@diarioeltrabajo\" \/>\n<meta name=\"twitter:site\" content=\"@diarioeltrabajo\" \/>\n<meta name=\"twitter:label1\" content=\"Escrito por\" \/>\n\t<meta name=\"twitter:data1\" content=\"Diario El Trabajo\" \/>\n\t<meta name=\"twitter:label2\" content=\"Tiempo estimado de lectura\" \/>\n\t<meta name=\"twitter:data2\" content=\"3 minutos\" \/>\n<script type=\"application\/ld+json\" class=\"yoast-schema-graph\">{\"@context\":\"https:\\\/\\\/schema.org\",\"@graph\":[{\"@type\":\"Article\",\"@id\":\"https:\\\/\\\/eltrabajo.cl\\\/web\\\/millonario-robo-afecto-a-centrica-relojeria-donde-lalito-de-san-felipe\\\/#article\",\"isPartOf\":{\"@id\":\"https:\\\/\\\/eltrabajo.cl\\\/web\\\/millonario-robo-afecto-a-centrica-relojeria-donde-lalito-de-san-felipe\\\/\"},\"author\":{\"name\":\"Diario El Trabajo\",\"@id\":\"https:\\\/\\\/eltrabajo.cl\\\/web\\\/#\\\/schema\\\/person\\\/45efd3d17f86ec456e44dd7debe1bf19\"},\"headline\":\"Millonario robo afect\u00f3 a c\u00e9ntrica relojer\u00eda \u2018Donde Lalito\u2019 de San Felipe\",\"datePublished\":\"2024-11-19T01:05:00+00:00\",\"mainEntityOfPage\":{\"@id\":\"https:\\\/\\\/eltrabajo.cl\\\/web\\\/millonario-robo-afecto-a-centrica-relojeria-donde-lalito-de-san-felipe\\\/\"},\"wordCount\":527,\"commentCount\":0,\"publisher\":{\"@id\":\"https:\\\/\\\/eltrabajo.cl\\\/web\\\/#organization\"},\"image\":{\"@id\":\"https:\\\/\\\/eltrabajo.cl\\\/web\\\/millonario-robo-afecto-a-centrica-relojeria-donde-lalito-de-san-felipe\\\/#primaryimage\"},\"thumbnailUrl\":\"https:\\\/\\\/eltrabajo.cl\\\/web\\\/wp-content\\\/uploads\\\/2024\\\/11\\\/robo-lalito-1.jpg\",\"articleSection\":[\"Policial\"],\"inLanguage\":\"es-CL\",\"potentialAction\":[{\"@type\":\"CommentAction\",\"name\":\"Comment\",\"target\":[\"https:\\\/\\\/eltrabajo.cl\\\/web\\\/millonario-robo-afecto-a-centrica-relojeria-donde-lalito-de-san-felipe\\\/#respond\"]}]},{\"@type\":\"WebPage\",\"@id\":\"https:\\\/\\\/eltrabajo.cl\\\/web\\\/millonario-robo-afecto-a-centrica-relojeria-donde-lalito-de-san-felipe\\\/\",\"url\":\"https:\\\/\\\/eltrabajo.cl\\\/web\\\/millonario-robo-afecto-a-centrica-relojeria-donde-lalito-de-san-felipe\\\/\",\"name\":\"Millonario robo afect\u00f3 a c\u00e9ntrica relojer\u00eda \u2018Donde Lalito\u2019 de San Felipe - Diario El Trabajo\",\"isPartOf\":{\"@id\":\"https:\\\/\\\/eltrabajo.cl\\\/web\\\/#website\"},\"primaryImageOfPage\":{\"@id\":\"https:\\\/\\\/eltrabajo.cl\\\/web\\\/millonario-robo-afecto-a-centrica-relojeria-donde-lalito-de-san-felipe\\\/#primaryimage\"},\"image\":{\"@id\":\"https:\\\/\\\/eltrabajo.cl\\\/web\\\/millonario-robo-afecto-a-centrica-relojeria-donde-lalito-de-san-felipe\\\/#primaryimage\"},\"thumbnailUrl\":\"https:\\\/\\\/eltrabajo.cl\\\/web\\\/wp-content\\\/uploads\\\/2024\\\/11\\\/robo-lalito-1.jpg\",\"datePublished\":\"2024-11-19T01:05:00+00:00\",\"breadcrumb\":{\"@id\":\"https:\\\/\\\/eltrabajo.cl\\\/web\\\/millonario-robo-afecto-a-centrica-relojeria-donde-lalito-de-san-felipe\\\/#breadcrumb\"},\"inLanguage\":\"es-CL\",\"potentialAction\":[{\"@type\":\"ReadAction\",\"target\":[\"https:\\\/\\\/eltrabajo.cl\\\/web\\\/millonario-robo-afecto-a-centrica-relojeria-donde-lalito-de-san-felipe\\\/\"]}]},{\"@type\":\"ImageObject\",\"inLanguage\":\"es-CL\",\"@id\":\"https:\\\/\\\/eltrabajo.cl\\\/web\\\/millonario-robo-afecto-a-centrica-relojeria-donde-lalito-de-san-felipe\\\/#primaryimage\",\"url\":\"https:\\\/\\\/eltrabajo.cl\\\/web\\\/wp-content\\\/uploads\\\/2024\\\/11\\\/robo-lalito-1.jpg\",\"contentUrl\":\"https:\\\/\\\/eltrabajo.cl\\\/web\\\/wp-content\\\/uploads\\\/2024\\\/11\\\/robo-lalito-1.jpg\",\"width\":699,\"height\":415,\"caption\":\"Una vez m\u00e1s delincuentes cometen millonario robo en el local \u2018Donde Lalito\u2019.\"},{\"@type\":\"BreadcrumbList\",\"@id\":\"https:\\\/\\\/eltrabajo.cl\\\/web\\\/millonario-robo-afecto-a-centrica-relojeria-donde-lalito-de-san-felipe\\\/#breadcrumb\",\"itemListElement\":[{\"@type\":\"ListItem\",\"position\":1,\"name\":\"Portada\",\"item\":\"https:\\\/\\\/eltrabajo.cl\\\/web\\\/\"},{\"@type\":\"ListItem\",\"position\":2,\"name\":\"Millonario robo afect\u00f3 a c\u00e9ntrica relojer\u00eda \u2018Donde Lalito\u2019 de San Felipe\"}]},{\"@type\":\"WebSite\",\"@id\":\"https:\\\/\\\/eltrabajo.cl\\\/web\\\/#website\",\"url\":\"https:\\\/\\\/eltrabajo.cl\\\/web\\\/\",\"name\":\"Diario El Trabajo\",\"description\":\"Desde 1929 construyendo Identidad Local\",\"publisher\":{\"@id\":\"https:\\\/\\\/eltrabajo.cl\\\/web\\\/#organization\"},\"potentialAction\":[{\"@type\":\"SearchAction\",\"target\":{\"@type\":\"EntryPoint\",\"urlTemplate\":\"https:\\\/\\\/eltrabajo.cl\\\/web\\\/?s={search_term_string}\"},\"query-input\":{\"@type\":\"PropertyValueSpecification\",\"valueRequired\":true,\"valueName\":\"search_term_string\"}}],\"inLanguage\":\"es-CL\"},{\"@type\":\"Organization\",\"@id\":\"https:\\\/\\\/eltrabajo.cl\\\/web\\\/#organization\",\"name\":\"Diario El Trabajo\",\"url\":\"https:\\\/\\\/eltrabajo.cl\\\/web\\\/\",\"logo\":{\"@type\":\"ImageObject\",\"inLanguage\":\"es-CL\",\"@id\":\"https:\\\/\\\/eltrabajo.cl\\\/web\\\/#\\\/schema\\\/logo\\\/image\\\/\",\"url\":\"https:\\\/\\\/eltrabajo.cl\\\/web\\\/wp-content\\\/uploads\\\/2024\\\/06\\\/profile-image-ig-page-diarioeltrabajo.jpg\",\"contentUrl\":\"https:\\\/\\\/eltrabajo.cl\\\/web\\\/wp-content\\\/uploads\\\/2024\\\/06\\\/profile-image-ig-page-diarioeltrabajo.jpg\",\"width\":823,\"height\":823,\"caption\":\"Diario El Trabajo\"},\"image\":{\"@id\":\"https:\\\/\\\/eltrabajo.cl\\\/web\\\/#\\\/schema\\\/logo\\\/image\\\/\"},\"sameAs\":[\"https:\\\/\\\/www.facebook.com\\\/ElTrabajoDiario\",\"https:\\\/\\\/x.com\\\/diarioeltrabajo\"]},{\"@type\":\"Person\",\"@id\":\"https:\\\/\\\/eltrabajo.cl\\\/web\\\/#\\\/schema\\\/person\\\/45efd3d17f86ec456e44dd7debe1bf19\",\"name\":\"Diario El Trabajo\",\"image\":{\"@type\":\"ImageObject\",\"inLanguage\":\"es-CL\",\"@id\":\"https:\\\/\\\/secure.gravatar.com\\\/avatar\\\/7e6ec277dc4aea2677c2dc301d4227957219329c985ab69a3efc12518b5161aa?s=96&d=mm&r=g\",\"url\":\"https:\\\/\\\/secure.gravatar.com\\\/avatar\\\/7e6ec277dc4aea2677c2dc301d4227957219329c985ab69a3efc12518b5161aa?s=96&d=mm&r=g\",\"contentUrl\":\"https:\\\/\\\/secure.gravatar.com\\\/avatar\\\/7e6ec277dc4aea2677c2dc301d4227957219329c985ab69a3efc12518b5161aa?s=96&d=mm&r=g\",\"caption\":\"Diario El Trabajo\"},\"sameAs\":[\"https:\\\/\\\/eltrabajo.cl\\\/web\"],\"url\":\"https:\\\/\\\/eltrabajo.cl\\\/web\\\/author\\\/diario-el-trabajo\\\/\"}]}<\/script>\n<!-- \/ Yoast SEO plugin. -->","yoast_head_json":{"title":"Millonario robo afect\u00f3 a c\u00e9ntrica relojer\u00eda \u2018Donde Lalito\u2019 de San Felipe - Diario El Trabajo","robots":{"index":"index","follow":"follow","max-snippet":"max-snippet:-1","max-image-preview":"max-image-preview:large","max-video-preview":"max-video-preview:-1"},"canonical":"https:\/\/eltrabajo.cl\/web\/millonario-robo-afecto-a-centrica-relojeria-donde-lalito-de-san-felipe\/","og_locale":"es_ES","og_type":"article","og_title":"Millonario robo afect\u00f3 a c\u00e9ntrica relojer\u00eda \u2018Donde Lalito\u2019 de San Felipe - Diario El Trabajo","og_description":"Dos sujetos ingresaron la noche del s\u00e1bado y se llevaron diversas especies, todo avaluado en m\u00e1s de 12 millones de pesos.- Un millonario robo afect\u00f3, lamentablemente una vez m\u00e1s, a don Luis C\u00e1rcamo, conocido por su relojer\u00eda \u2018Donde Lalito\u2019, ubicada en calle Salinas, entre Prat y Santo Domingo. Dos delincuentes ingresaron la noche del s\u00e1bado [&hellip;]","og_url":"https:\/\/eltrabajo.cl\/web\/millonario-robo-afecto-a-centrica-relojeria-donde-lalito-de-san-felipe\/","og_site_name":"Diario El Trabajo","article_publisher":"https:\/\/www.facebook.com\/ElTrabajoDiario","article_published_time":"2024-11-19T01:05:00+00:00","og_image":[{"width":699,"height":415,"url":"https:\/\/eltrabajo.cl\/web\/wp-content\/uploads\/2024\/11\/robo-lalito-1.jpg","type":"image\/jpeg"}],"author":"Diario El Trabajo","twitter_card":"summary_large_image","twitter_creator":"@diarioeltrabajo","twitter_site":"@diarioeltrabajo","twitter_misc":{"Escrito por":"Diario El Trabajo","Tiempo estimado de lectura":"3 minutos"},"schema":{"@context":"https:\/\/schema.org","@graph":[{"@type":"Article","@id":"https:\/\/eltrabajo.cl\/web\/millonario-robo-afecto-a-centrica-relojeria-donde-lalito-de-san-felipe\/#article","isPartOf":{"@id":"https:\/\/eltrabajo.cl\/web\/millonario-robo-afecto-a-centrica-relojeria-donde-lalito-de-san-felipe\/"},"author":{"name":"Diario El Trabajo","@id":"https:\/\/eltrabajo.cl\/web\/#\/schema\/person\/45efd3d17f86ec456e44dd7debe1bf19"},"headline":"Millonario robo afect\u00f3 a c\u00e9ntrica relojer\u00eda \u2018Donde Lalito\u2019 de San Felipe","datePublished":"2024-11-19T01:05:00+00:00","mainEntityOfPage":{"@id":"https:\/\/eltrabajo.cl\/web\/millonario-robo-afecto-a-centrica-relojeria-donde-lalito-de-san-felipe\/"},"wordCount":527,"commentCount":0,"publisher":{"@id":"https:\/\/eltrabajo.cl\/web\/#organization"},"image":{"@id":"https:\/\/eltrabajo.cl\/web\/millonario-robo-afecto-a-centrica-relojeria-donde-lalito-de-san-felipe\/#primaryimage"},"thumbnailUrl":"https:\/\/eltrabajo.cl\/web\/wp-content\/uploads\/2024\/11\/robo-lalito-1.jpg","articleSection":["Policial"],"inLanguage":"es-CL","potentialAction":[{"@type":"CommentAction","name":"Comment","target":["https:\/\/eltrabajo.cl\/web\/millonario-robo-afecto-a-centrica-relojeria-donde-lalito-de-san-felipe\/#respond"]}]},{"@type":"WebPage","@id":"https:\/\/eltrabajo.cl\/web\/millonario-robo-afecto-a-centrica-relojeria-donde-lalito-de-san-felipe\/","url":"https:\/\/eltrabajo.cl\/web\/millonario-robo-afecto-a-centrica-relojeria-donde-lalito-de-san-felipe\/","name":"Millonario robo afect\u00f3 a c\u00e9ntrica relojer\u00eda \u2018Donde Lalito\u2019 de San Felipe - Diario El Trabajo","isPartOf":{"@id":"https:\/\/eltrabajo.cl\/web\/#website"},"primaryImageOfPage":{"@id":"https:\/\/eltrabajo.cl\/web\/millonario-robo-afecto-a-centrica-relojeria-donde-lalito-de-san-felipe\/#primaryimage"},"image":{"@id":"https:\/\/eltrabajo.cl\/web\/millonario-robo-afecto-a-centrica-relojeria-donde-lalito-de-san-felipe\/#primaryimage"},"thumbnailUrl":"https:\/\/eltrabajo.cl\/web\/wp-content\/uploads\/2024\/11\/robo-lalito-1.jpg","datePublished":"2024-11-19T01:05:00+00:00","breadcrumb":{"@id":"https:\/\/eltrabajo.cl\/web\/millonario-robo-afecto-a-centrica-relojeria-donde-lalito-de-san-felipe\/#breadcrumb"},"inLanguage":"es-CL","potentialAction":[{"@type":"ReadAction","target":["https:\/\/eltrabajo.cl\/web\/millonario-robo-afecto-a-centrica-relojeria-donde-lalito-de-san-felipe\/"]}]},{"@type":"ImageObject","inLanguage":"es-CL","@id":"https:\/\/eltrabajo.cl\/web\/millonario-robo-afecto-a-centrica-relojeria-donde-lalito-de-san-felipe\/#primaryimage","url":"https:\/\/eltrabajo.cl\/web\/wp-content\/uploads\/2024\/11\/robo-lalito-1.jpg","contentUrl":"https:\/\/eltrabajo.cl\/web\/wp-content\/uploads\/2024\/11\/robo-lalito-1.jpg","width":699,"height":415,"caption":"Una vez m\u00e1s delincuentes cometen millonario robo en el local \u2018Donde Lalito\u2019."},{"@type":"BreadcrumbList","@id":"https:\/\/eltrabajo.cl\/web\/millonario-robo-afecto-a-centrica-relojeria-donde-lalito-de-san-felipe\/#breadcrumb","itemListElement":[{"@type":"ListItem","position":1,"name":"Portada","item":"https:\/\/eltrabajo.cl\/web\/"},{"@type":"ListItem","position":2,"name":"Millonario robo afect\u00f3 a c\u00e9ntrica relojer\u00eda \u2018Donde Lalito\u2019 de San Felipe"}]},{"@type":"WebSite","@id":"https:\/\/eltrabajo.cl\/web\/#website","url":"https:\/\/eltrabajo.cl\/web\/","name":"Diario El Trabajo","description":"Desde 1929 construyendo Identidad Local","publisher":{"@id":"https:\/\/eltrabajo.cl\/web\/#organization"},"potentialAction":[{"@type":"SearchAction","target":{"@type":"EntryPoint","urlTemplate":"https:\/\/eltrabajo.cl\/web\/?s={search_term_string}"},"query-input":{"@type":"PropertyValueSpecification","valueRequired":true,"valueName":"search_term_string"}}],"inLanguage":"es-CL"},{"@type":"Organization","@id":"https:\/\/eltrabajo.cl\/web\/#organization","name":"Diario El Trabajo","url":"https:\/\/eltrabajo.cl\/web\/","logo":{"@type":"ImageObject","inLanguage":"es-CL","@id":"https:\/\/eltrabajo.cl\/web\/#\/schema\/logo\/image\/","url":"https:\/\/eltrabajo.cl\/web\/wp-content\/uploads\/2024\/06\/profile-image-ig-page-diarioeltrabajo.jpg","contentUrl":"https:\/\/eltrabajo.cl\/web\/wp-content\/uploads\/2024\/06\/profile-image-ig-page-diarioeltrabajo.jpg","width":823,"height":823,"caption":"Diario El Trabajo"},"image":{"@id":"https:\/\/eltrabajo.cl\/web\/#\/schema\/logo\/image\/"},"sameAs":["https:\/\/www.facebook.com\/ElTrabajoDiario","https:\/\/x.com\/diarioeltrabajo"]},{"@type":"Person","@id":"https:\/\/eltrabajo.cl\/web\/#\/schema\/person\/45efd3d17f86ec456e44dd7debe1bf19","name":"Diario El Trabajo","image":{"@type":"ImageObject","inLanguage":"es-CL","@id":"https:\/\/secure.gravatar.com\/avatar\/7e6ec277dc4aea2677c2dc301d4227957219329c985ab69a3efc12518b5161aa?s=96&d=mm&r=g","url":"https:\/\/secure.gravatar.com\/avatar\/7e6ec277dc4aea2677c2dc301d4227957219329c985ab69a3efc12518b5161aa?s=96&d=mm&r=g","contentUrl":"https:\/\/secure.gravatar.com\/avatar\/7e6ec277dc4aea2677c2dc301d4227957219329c985ab69a3efc12518b5161aa?s=96&d=mm&r=g","caption":"Diario El Trabajo"},"sameAs":["https:\/\/eltrabajo.cl\/web"],"url":"https:\/\/eltrabajo.cl\/web\/author\/diario-el-trabajo\/"}]}},"_links":{"self":[{"href":"https:\/\/eltrabajo.cl\/web\/wp-json\/wp\/v2\/posts\/133345","targetHints":{"allow":["GET"]}}],"collection":[{"href":"https:\/\/eltrabajo.cl\/web\/wp-json\/wp\/v2\/posts"}],"about":[{"href":"https:\/\/eltrabajo.cl\/web\/wp-json\/wp\/v2\/types\/post"}],"author":[{"embeddable":true,"href":"https:\/\/eltrabajo.cl\/web\/wp-json\/wp\/v2\/users\/1"}],"replies":[{"embeddable":true,"href":"https:\/\/eltrabajo.cl\/web\/wp-json\/wp\/v2\/comments?post=133345"}],"version-history":[{"count":1,"href":"https:\/\/eltrabajo.cl\/web\/wp-json\/wp\/v2\/posts\/133345\/revisions"}],"predecessor-version":[{"id":133348,"href":"https:\/\/eltrabajo.cl\/web\/wp-json\/wp\/v2\/posts\/133345\/revisions\/133348"}],"wp:featuredmedia":[{"embeddable":true,"href":"https:\/\/eltrabajo.cl\/web\/wp-json\/wp\/v2\/media\/133346"}],"wp:attachment":[{"href":"https:\/\/eltrabajo.cl\/web\/wp-json\/wp\/v2\/media?parent=133345"}],"wp:term":[{"taxonomy":"category","embeddable":true,"href":"https:\/\/eltrabajo.cl\/web\/wp-json\/wp\/v2\/categories?post=133345"},{"taxonomy":"post_tag","embeddable":true,"href":"https:\/\/eltrabajo.cl\/web\/wp-json\/wp\/v2\/tags?post=133345"}],"curies":[{"name":"wp","href":"https:\/\/api.w.org\/{rel}","templated":true}]}}