{"id":133435,"date":"2024-11-24T21:30:39","date_gmt":"2024-11-25T00:30:39","guid":{"rendered":"https:\/\/eltrabajo.cl\/web\/?p=133435"},"modified":"2024-11-24T21:12:05","modified_gmt":"2024-11-25T00:12:05","slug":"inicia-campana-de-recoleccion-de-dulces-en-la-primera-compania-de-bomberos","status":"publish","type":"post","link":"https:\/\/eltrabajo.cl\/web\/inicia-campana-de-recoleccion-de-dulces-en-la-primera-compania-de-bomberos\/","title":{"rendered":"Inicia campa\u00f1a de recolecci\u00f3n de dulces en la Primera Compa\u00f1\u00eda de Bomberos"},"content":{"rendered":"<ul>\n<li><strong>Como es costumbre, cada una de las compa\u00f1\u00edas del Cuerpo de Bomberos de la comuna realiza esta noble causa todos los a\u00f1os.-<\/strong><\/li>\n<\/ul>\n<p>Ya comenz\u00f3 la campa\u00f1a de recolecci\u00f3n de dulces en la Primera Compa\u00f1\u00eda de Bomberos de San Felipe, ubicada en calle Merced #832, frente a la Plaza de Armas. Como es tradici\u00f3n, desde hace aproximadamente 6 a\u00f1os, los voluntarios se organizan para los d\u00edas 23 y 24 de diciembre salir a entregar caramelos a ni\u00f1as y ni\u00f1os junto a un viejito pascuero.<\/p>\n<p>Cada una de las compa\u00f1\u00edas del Cuerpo de Bomberos de la comuna realiza lo mismo bajo su jurisdicci\u00f3n. En este caso, la Primera Bomba Aconcagua cubrir\u00e1 las cuatro alamedas, adem\u00e1s del sector de El Tambo y El Algarrobal.<\/p>\n<p>Sobre el motivo por el cual Bomberos realiza esta noble causa, el capit\u00e1n (s) de la Primera Compa\u00f1\u00eda, <strong>Gabriel Fuentes<\/strong>, nos cont\u00f3 que <em>\u00abuno de los motivos es que siempre los ni\u00f1os asocian el carro de bomberos de color rojo con el viejito pascuero, entonces nosotros ya tomamos esa iniciativa y generalmente contratamos un viejito pascuero para que ande con nosotros en el carro repartiendo los dulces\u00bb<\/em>.<\/p>\n<p>Asimismo, Fuentes se refiri\u00f3 a los voluntarios que participan de esta iniciativa. <em>\u00abComo somos voluntarios, nosotros citamos a la compa\u00f1\u00eda y llegan alrededor de 15 a 20 bomberos generalmente a ayudarnos con la repartici\u00f3n de dulces\u00bb<\/em>.<\/p>\n<p>En el recinto se recibir\u00e1n confites hasta el d\u00eda 23 de diciembre. Quienes deseen aportar con esta campa\u00f1a, pueden realizar sus donaciones entreg\u00e1ndolas a los mismos voluntarios, dirigi\u00e9ndose al cuartel o cooperando con dinero para que los bomberos puedan comprar las golosinas.<\/p>\n<figure id=\"attachment_133436\" aria-describedby=\"caption-attachment-133436\" style=\"width: 700px\" class=\"wp-caption alignnone\"><img loading=\"lazy\" decoding=\"async\" class=\"size-full wp-image-133436\" src=\"https:\/\/eltrabajo.cl\/web\/wp-content\/uploads\/2024\/11\/campana-dulces-bomberos-3.jpg\" alt=\"Voluntarios de la Primera Compa\u00f1\u00eda que han participado en la campa\u00f1a anteriormente. (Archivo)\" width=\"700\" height=\"518\" srcset=\"https:\/\/eltrabajo.cl\/web\/wp-content\/uploads\/2024\/11\/campana-dulces-bomberos-3.jpg 700w, https:\/\/eltrabajo.cl\/web\/wp-content\/uploads\/2024\/11\/campana-dulces-bomberos-3-300x222.jpg 300w, https:\/\/eltrabajo.cl\/web\/wp-content\/uploads\/2024\/11\/campana-dulces-bomberos-3-568x420.jpg 568w, https:\/\/eltrabajo.cl\/web\/wp-content\/uploads\/2024\/11\/campana-dulces-bomberos-3-80x60.jpg 80w, https:\/\/eltrabajo.cl\/web\/wp-content\/uploads\/2024\/11\/campana-dulces-bomberos-3-150x111.jpg 150w, https:\/\/eltrabajo.cl\/web\/wp-content\/uploads\/2024\/11\/campana-dulces-bomberos-3-485x360.jpg 485w, https:\/\/eltrabajo.cl\/web\/wp-content\/uploads\/2024\/11\/campana-dulces-bomberos-3-696x515.jpg 696w\" sizes=\"auto, (max-width: 700px) 100vw, 700px\" \/><figcaption id=\"caption-attachment-133436\" class=\"wp-caption-text\">Voluntarios de la Primera Compa\u00f1\u00eda que han participado en la campa\u00f1a anteriormente. (Archivo)<\/figcaption><\/figure>\n","protected":false},"excerpt":{"rendered":"<p>Como es costumbre, cada una de las compa\u00f1\u00edas del Cuerpo de Bomberos de la comuna realiza esta noble causa todos los a\u00f1os.- Ya comenz\u00f3 la campa\u00f1a de recolecci\u00f3n de dulces en la Primera Compa\u00f1\u00eda de Bomberos de San Felipe, ubicada en calle Merced #832, frente a la Plaza de Armas. Como es tradici\u00f3n, desde hace [&hellip;]<\/p>\n","protected":false},"author":1,"featured_media":133436,"comment_status":"open","ping_status":"closed","sticky":false,"template":"","format":"standard","meta":{"footnotes":""},"categories":[4],"tags":[],"class_list":{"0":"post-133435","1":"post","2":"type-post","3":"status-publish","4":"format-standard","5":"has-post-thumbnail","7":"category-comunidad"},"yoast_head":"<!-- This site is optimized with the Yoast SEO plugin v27.5 - https:\/\/yoast.com\/product\/yoast-seo-wordpress\/ -->\n<title>Inicia campa\u00f1a de recolecci\u00f3n de dulces en la Primera Compa\u00f1\u00eda de Bomberos - Diario El Trabajo<\/title>\n<meta name=\"robots\" content=\"index, follow, max-snippet:-1, max-image-preview:large, max-video-preview:-1\" \/>\n<link rel=\"canonical\" href=\"https:\/\/eltrabajo.cl\/web\/inicia-campana-de-recoleccion-de-dulces-en-la-primera-compania-de-bomberos\/\" \/>\n<meta property=\"og:locale\" content=\"es_ES\" \/>\n<meta property=\"og:type\" content=\"article\" \/>\n<meta property=\"og:title\" content=\"Inicia campa\u00f1a de recolecci\u00f3n de dulces en la Primera Compa\u00f1\u00eda de Bomberos - Diario El Trabajo\" \/>\n<meta property=\"og:description\" content=\"Como es costumbre, cada una de las compa\u00f1\u00edas del Cuerpo de Bomberos de la comuna realiza esta noble causa todos los a\u00f1os.- Ya comenz\u00f3 la campa\u00f1a de recolecci\u00f3n de dulces en la Primera Compa\u00f1\u00eda de Bomberos de San Felipe, ubicada en calle Merced #832, frente a la Plaza de Armas. Como es tradici\u00f3n, desde hace [&hellip;]\" \/>\n<meta property=\"og:url\" content=\"https:\/\/eltrabajo.cl\/web\/inicia-campana-de-recoleccion-de-dulces-en-la-primera-compania-de-bomberos\/\" \/>\n<meta property=\"og:site_name\" content=\"Diario El Trabajo\" \/>\n<meta property=\"article:publisher\" content=\"https:\/\/www.facebook.com\/ElTrabajoDiario\" \/>\n<meta property=\"article:published_time\" content=\"2024-11-25T00:30:39+00:00\" \/>\n<meta property=\"og:image\" content=\"https:\/\/eltrabajo.cl\/web\/wp-content\/uploads\/2024\/11\/campana-dulces-bomberos-3.jpg\" \/>\n\t<meta property=\"og:image:width\" content=\"700\" \/>\n\t<meta property=\"og:image:height\" content=\"518\" \/>\n\t<meta property=\"og:image:type\" content=\"image\/jpeg\" \/>\n<meta name=\"author\" content=\"Diario El Trabajo\" \/>\n<meta name=\"twitter:card\" content=\"summary_large_image\" \/>\n<meta name=\"twitter:creator\" content=\"@diarioeltrabajo\" \/>\n<meta name=\"twitter:site\" content=\"@diarioeltrabajo\" \/>\n<meta name=\"twitter:label1\" content=\"Escrito por\" \/>\n\t<meta name=\"twitter:data1\" content=\"Diario El Trabajo\" \/>\n\t<meta name=\"twitter:label2\" content=\"Tiempo estimado de lectura\" \/>\n\t<meta name=\"twitter:data2\" content=\"2 minutos\" \/>\n<script type=\"application\/ld+json\" class=\"yoast-schema-graph\">{\"@context\":\"https:\\\/\\\/schema.org\",\"@graph\":[{\"@type\":\"Article\",\"@id\":\"https:\\\/\\\/eltrabajo.cl\\\/web\\\/inicia-campana-de-recoleccion-de-dulces-en-la-primera-compania-de-bomberos\\\/#article\",\"isPartOf\":{\"@id\":\"https:\\\/\\\/eltrabajo.cl\\\/web\\\/inicia-campana-de-recoleccion-de-dulces-en-la-primera-compania-de-bomberos\\\/\"},\"author\":{\"name\":\"Diario El Trabajo\",\"@id\":\"https:\\\/\\\/eltrabajo.cl\\\/web\\\/#\\\/schema\\\/person\\\/45efd3d17f86ec456e44dd7debe1bf19\"},\"headline\":\"Inicia campa\u00f1a de recolecci\u00f3n de dulces en la Primera Compa\u00f1\u00eda de Bomberos\",\"datePublished\":\"2024-11-25T00:30:39+00:00\",\"mainEntityOfPage\":{\"@id\":\"https:\\\/\\\/eltrabajo.cl\\\/web\\\/inicia-campana-de-recoleccion-de-dulces-en-la-primera-compania-de-bomberos\\\/\"},\"wordCount\":320,\"commentCount\":0,\"publisher\":{\"@id\":\"https:\\\/\\\/eltrabajo.cl\\\/web\\\/#organization\"},\"image\":{\"@id\":\"https:\\\/\\\/eltrabajo.cl\\\/web\\\/inicia-campana-de-recoleccion-de-dulces-en-la-primera-compania-de-bomberos\\\/#primaryimage\"},\"thumbnailUrl\":\"https:\\\/\\\/eltrabajo.cl\\\/web\\\/wp-content\\\/uploads\\\/2024\\\/11\\\/campana-dulces-bomberos-3.jpg\",\"articleSection\":[\"Comunidad\"],\"inLanguage\":\"es-CL\",\"potentialAction\":[{\"@type\":\"CommentAction\",\"name\":\"Comment\",\"target\":[\"https:\\\/\\\/eltrabajo.cl\\\/web\\\/inicia-campana-de-recoleccion-de-dulces-en-la-primera-compania-de-bomberos\\\/#respond\"]}]},{\"@type\":\"WebPage\",\"@id\":\"https:\\\/\\\/eltrabajo.cl\\\/web\\\/inicia-campana-de-recoleccion-de-dulces-en-la-primera-compania-de-bomberos\\\/\",\"url\":\"https:\\\/\\\/eltrabajo.cl\\\/web\\\/inicia-campana-de-recoleccion-de-dulces-en-la-primera-compania-de-bomberos\\\/\",\"name\":\"Inicia campa\u00f1a de recolecci\u00f3n de dulces en la Primera Compa\u00f1\u00eda de Bomberos - Diario El Trabajo\",\"isPartOf\":{\"@id\":\"https:\\\/\\\/eltrabajo.cl\\\/web\\\/#website\"},\"primaryImageOfPage\":{\"@id\":\"https:\\\/\\\/eltrabajo.cl\\\/web\\\/inicia-campana-de-recoleccion-de-dulces-en-la-primera-compania-de-bomberos\\\/#primaryimage\"},\"image\":{\"@id\":\"https:\\\/\\\/eltrabajo.cl\\\/web\\\/inicia-campana-de-recoleccion-de-dulces-en-la-primera-compania-de-bomberos\\\/#primaryimage\"},\"thumbnailUrl\":\"https:\\\/\\\/eltrabajo.cl\\\/web\\\/wp-content\\\/uploads\\\/2024\\\/11\\\/campana-dulces-bomberos-3.jpg\",\"datePublished\":\"2024-11-25T00:30:39+00:00\",\"breadcrumb\":{\"@id\":\"https:\\\/\\\/eltrabajo.cl\\\/web\\\/inicia-campana-de-recoleccion-de-dulces-en-la-primera-compania-de-bomberos\\\/#breadcrumb\"},\"inLanguage\":\"es-CL\",\"potentialAction\":[{\"@type\":\"ReadAction\",\"target\":[\"https:\\\/\\\/eltrabajo.cl\\\/web\\\/inicia-campana-de-recoleccion-de-dulces-en-la-primera-compania-de-bomberos\\\/\"]}]},{\"@type\":\"ImageObject\",\"inLanguage\":\"es-CL\",\"@id\":\"https:\\\/\\\/eltrabajo.cl\\\/web\\\/inicia-campana-de-recoleccion-de-dulces-en-la-primera-compania-de-bomberos\\\/#primaryimage\",\"url\":\"https:\\\/\\\/eltrabajo.cl\\\/web\\\/wp-content\\\/uploads\\\/2024\\\/11\\\/campana-dulces-bomberos-3.jpg\",\"contentUrl\":\"https:\\\/\\\/eltrabajo.cl\\\/web\\\/wp-content\\\/uploads\\\/2024\\\/11\\\/campana-dulces-bomberos-3.jpg\",\"width\":700,\"height\":518,\"caption\":\"Voluntarios de la Primera Compa\u00f1\u00eda que han participado en la campa\u00f1a anteriormente. (Archivo)\"},{\"@type\":\"BreadcrumbList\",\"@id\":\"https:\\\/\\\/eltrabajo.cl\\\/web\\\/inicia-campana-de-recoleccion-de-dulces-en-la-primera-compania-de-bomberos\\\/#breadcrumb\",\"itemListElement\":[{\"@type\":\"ListItem\",\"position\":1,\"name\":\"Portada\",\"item\":\"https:\\\/\\\/eltrabajo.cl\\\/web\\\/\"},{\"@type\":\"ListItem\",\"position\":2,\"name\":\"Inicia campa\u00f1a de recolecci\u00f3n de dulces en la Primera Compa\u00f1\u00eda de Bomberos\"}]},{\"@type\":\"WebSite\",\"@id\":\"https:\\\/\\\/eltrabajo.cl\\\/web\\\/#website\",\"url\":\"https:\\\/\\\/eltrabajo.cl\\\/web\\\/\",\"name\":\"Diario El Trabajo\",\"description\":\"Desde 1929 construyendo Identidad Local\",\"publisher\":{\"@id\":\"https:\\\/\\\/eltrabajo.cl\\\/web\\\/#organization\"},\"potentialAction\":[{\"@type\":\"SearchAction\",\"target\":{\"@type\":\"EntryPoint\",\"urlTemplate\":\"https:\\\/\\\/eltrabajo.cl\\\/web\\\/?s={search_term_string}\"},\"query-input\":{\"@type\":\"PropertyValueSpecification\",\"valueRequired\":true,\"valueName\":\"search_term_string\"}}],\"inLanguage\":\"es-CL\"},{\"@type\":\"Organization\",\"@id\":\"https:\\\/\\\/eltrabajo.cl\\\/web\\\/#organization\",\"name\":\"Diario El Trabajo\",\"url\":\"https:\\\/\\\/eltrabajo.cl\\\/web\\\/\",\"logo\":{\"@type\":\"ImageObject\",\"inLanguage\":\"es-CL\",\"@id\":\"https:\\\/\\\/eltrabajo.cl\\\/web\\\/#\\\/schema\\\/logo\\\/image\\\/\",\"url\":\"https:\\\/\\\/eltrabajo.cl\\\/web\\\/wp-content\\\/uploads\\\/2024\\\/06\\\/profile-image-ig-page-diarioeltrabajo.jpg\",\"contentUrl\":\"https:\\\/\\\/eltrabajo.cl\\\/web\\\/wp-content\\\/uploads\\\/2024\\\/06\\\/profile-image-ig-page-diarioeltrabajo.jpg\",\"width\":823,\"height\":823,\"caption\":\"Diario El Trabajo\"},\"image\":{\"@id\":\"https:\\\/\\\/eltrabajo.cl\\\/web\\\/#\\\/schema\\\/logo\\\/image\\\/\"},\"sameAs\":[\"https:\\\/\\\/www.facebook.com\\\/ElTrabajoDiario\",\"https:\\\/\\\/x.com\\\/diarioeltrabajo\"]},{\"@type\":\"Person\",\"@id\":\"https:\\\/\\\/eltrabajo.cl\\\/web\\\/#\\\/schema\\\/person\\\/45efd3d17f86ec456e44dd7debe1bf19\",\"name\":\"Diario El Trabajo\",\"image\":{\"@type\":\"ImageObject\",\"inLanguage\":\"es-CL\",\"@id\":\"https:\\\/\\\/secure.gravatar.com\\\/avatar\\\/7e6ec277dc4aea2677c2dc301d4227957219329c985ab69a3efc12518b5161aa?s=96&d=mm&r=g\",\"url\":\"https:\\\/\\\/secure.gravatar.com\\\/avatar\\\/7e6ec277dc4aea2677c2dc301d4227957219329c985ab69a3efc12518b5161aa?s=96&d=mm&r=g\",\"contentUrl\":\"https:\\\/\\\/secure.gravatar.com\\\/avatar\\\/7e6ec277dc4aea2677c2dc301d4227957219329c985ab69a3efc12518b5161aa?s=96&d=mm&r=g\",\"caption\":\"Diario El Trabajo\"},\"sameAs\":[\"https:\\\/\\\/eltrabajo.cl\\\/web\"],\"url\":\"https:\\\/\\\/eltrabajo.cl\\\/web\\\/author\\\/diario-el-trabajo\\\/\"}]}<\/script>\n<!-- \/ Yoast SEO plugin. -->","yoast_head_json":{"title":"Inicia campa\u00f1a de recolecci\u00f3n de dulces en la Primera Compa\u00f1\u00eda de Bomberos - Diario El Trabajo","robots":{"index":"index","follow":"follow","max-snippet":"max-snippet:-1","max-image-preview":"max-image-preview:large","max-video-preview":"max-video-preview:-1"},"canonical":"https:\/\/eltrabajo.cl\/web\/inicia-campana-de-recoleccion-de-dulces-en-la-primera-compania-de-bomberos\/","og_locale":"es_ES","og_type":"article","og_title":"Inicia campa\u00f1a de recolecci\u00f3n de dulces en la Primera Compa\u00f1\u00eda de Bomberos - Diario El Trabajo","og_description":"Como es costumbre, cada una de las compa\u00f1\u00edas del Cuerpo de Bomberos de la comuna realiza esta noble causa todos los a\u00f1os.- Ya comenz\u00f3 la campa\u00f1a de recolecci\u00f3n de dulces en la Primera Compa\u00f1\u00eda de Bomberos de San Felipe, ubicada en calle Merced #832, frente a la Plaza de Armas. Como es tradici\u00f3n, desde hace [&hellip;]","og_url":"https:\/\/eltrabajo.cl\/web\/inicia-campana-de-recoleccion-de-dulces-en-la-primera-compania-de-bomberos\/","og_site_name":"Diario El Trabajo","article_publisher":"https:\/\/www.facebook.com\/ElTrabajoDiario","article_published_time":"2024-11-25T00:30:39+00:00","og_image":[{"width":700,"height":518,"url":"https:\/\/eltrabajo.cl\/web\/wp-content\/uploads\/2024\/11\/campana-dulces-bomberos-3.jpg","type":"image\/jpeg"}],"author":"Diario El Trabajo","twitter_card":"summary_large_image","twitter_creator":"@diarioeltrabajo","twitter_site":"@diarioeltrabajo","twitter_misc":{"Escrito por":"Diario El Trabajo","Tiempo estimado de lectura":"2 minutos"},"schema":{"@context":"https:\/\/schema.org","@graph":[{"@type":"Article","@id":"https:\/\/eltrabajo.cl\/web\/inicia-campana-de-recoleccion-de-dulces-en-la-primera-compania-de-bomberos\/#article","isPartOf":{"@id":"https:\/\/eltrabajo.cl\/web\/inicia-campana-de-recoleccion-de-dulces-en-la-primera-compania-de-bomberos\/"},"author":{"name":"Diario El Trabajo","@id":"https:\/\/eltrabajo.cl\/web\/#\/schema\/person\/45efd3d17f86ec456e44dd7debe1bf19"},"headline":"Inicia campa\u00f1a de recolecci\u00f3n de dulces en la Primera Compa\u00f1\u00eda de Bomberos","datePublished":"2024-11-25T00:30:39+00:00","mainEntityOfPage":{"@id":"https:\/\/eltrabajo.cl\/web\/inicia-campana-de-recoleccion-de-dulces-en-la-primera-compania-de-bomberos\/"},"wordCount":320,"commentCount":0,"publisher":{"@id":"https:\/\/eltrabajo.cl\/web\/#organization"},"image":{"@id":"https:\/\/eltrabajo.cl\/web\/inicia-campana-de-recoleccion-de-dulces-en-la-primera-compania-de-bomberos\/#primaryimage"},"thumbnailUrl":"https:\/\/eltrabajo.cl\/web\/wp-content\/uploads\/2024\/11\/campana-dulces-bomberos-3.jpg","articleSection":["Comunidad"],"inLanguage":"es-CL","potentialAction":[{"@type":"CommentAction","name":"Comment","target":["https:\/\/eltrabajo.cl\/web\/inicia-campana-de-recoleccion-de-dulces-en-la-primera-compania-de-bomberos\/#respond"]}]},{"@type":"WebPage","@id":"https:\/\/eltrabajo.cl\/web\/inicia-campana-de-recoleccion-de-dulces-en-la-primera-compania-de-bomberos\/","url":"https:\/\/eltrabajo.cl\/web\/inicia-campana-de-recoleccion-de-dulces-en-la-primera-compania-de-bomberos\/","name":"Inicia campa\u00f1a de recolecci\u00f3n de dulces en la Primera Compa\u00f1\u00eda de Bomberos - Diario El Trabajo","isPartOf":{"@id":"https:\/\/eltrabajo.cl\/web\/#website"},"primaryImageOfPage":{"@id":"https:\/\/eltrabajo.cl\/web\/inicia-campana-de-recoleccion-de-dulces-en-la-primera-compania-de-bomberos\/#primaryimage"},"image":{"@id":"https:\/\/eltrabajo.cl\/web\/inicia-campana-de-recoleccion-de-dulces-en-la-primera-compania-de-bomberos\/#primaryimage"},"thumbnailUrl":"https:\/\/eltrabajo.cl\/web\/wp-content\/uploads\/2024\/11\/campana-dulces-bomberos-3.jpg","datePublished":"2024-11-25T00:30:39+00:00","breadcrumb":{"@id":"https:\/\/eltrabajo.cl\/web\/inicia-campana-de-recoleccion-de-dulces-en-la-primera-compania-de-bomberos\/#breadcrumb"},"inLanguage":"es-CL","potentialAction":[{"@type":"ReadAction","target":["https:\/\/eltrabajo.cl\/web\/inicia-campana-de-recoleccion-de-dulces-en-la-primera-compania-de-bomberos\/"]}]},{"@type":"ImageObject","inLanguage":"es-CL","@id":"https:\/\/eltrabajo.cl\/web\/inicia-campana-de-recoleccion-de-dulces-en-la-primera-compania-de-bomberos\/#primaryimage","url":"https:\/\/eltrabajo.cl\/web\/wp-content\/uploads\/2024\/11\/campana-dulces-bomberos-3.jpg","contentUrl":"https:\/\/eltrabajo.cl\/web\/wp-content\/uploads\/2024\/11\/campana-dulces-bomberos-3.jpg","width":700,"height":518,"caption":"Voluntarios de la Primera Compa\u00f1\u00eda que han participado en la campa\u00f1a anteriormente. (Archivo)"},{"@type":"BreadcrumbList","@id":"https:\/\/eltrabajo.cl\/web\/inicia-campana-de-recoleccion-de-dulces-en-la-primera-compania-de-bomberos\/#breadcrumb","itemListElement":[{"@type":"ListItem","position":1,"name":"Portada","item":"https:\/\/eltrabajo.cl\/web\/"},{"@type":"ListItem","position":2,"name":"Inicia campa\u00f1a de recolecci\u00f3n de dulces en la Primera Compa\u00f1\u00eda de Bomberos"}]},{"@type":"WebSite","@id":"https:\/\/eltrabajo.cl\/web\/#website","url":"https:\/\/eltrabajo.cl\/web\/","name":"Diario El Trabajo","description":"Desde 1929 construyendo Identidad Local","publisher":{"@id":"https:\/\/eltrabajo.cl\/web\/#organization"},"potentialAction":[{"@type":"SearchAction","target":{"@type":"EntryPoint","urlTemplate":"https:\/\/eltrabajo.cl\/web\/?s={search_term_string}"},"query-input":{"@type":"PropertyValueSpecification","valueRequired":true,"valueName":"search_term_string"}}],"inLanguage":"es-CL"},{"@type":"Organization","@id":"https:\/\/eltrabajo.cl\/web\/#organization","name":"Diario El Trabajo","url":"https:\/\/eltrabajo.cl\/web\/","logo":{"@type":"ImageObject","inLanguage":"es-CL","@id":"https:\/\/eltrabajo.cl\/web\/#\/schema\/logo\/image\/","url":"https:\/\/eltrabajo.cl\/web\/wp-content\/uploads\/2024\/06\/profile-image-ig-page-diarioeltrabajo.jpg","contentUrl":"https:\/\/eltrabajo.cl\/web\/wp-content\/uploads\/2024\/06\/profile-image-ig-page-diarioeltrabajo.jpg","width":823,"height":823,"caption":"Diario El Trabajo"},"image":{"@id":"https:\/\/eltrabajo.cl\/web\/#\/schema\/logo\/image\/"},"sameAs":["https:\/\/www.facebook.com\/ElTrabajoDiario","https:\/\/x.com\/diarioeltrabajo"]},{"@type":"Person","@id":"https:\/\/eltrabajo.cl\/web\/#\/schema\/person\/45efd3d17f86ec456e44dd7debe1bf19","name":"Diario El Trabajo","image":{"@type":"ImageObject","inLanguage":"es-CL","@id":"https:\/\/secure.gravatar.com\/avatar\/7e6ec277dc4aea2677c2dc301d4227957219329c985ab69a3efc12518b5161aa?s=96&d=mm&r=g","url":"https:\/\/secure.gravatar.com\/avatar\/7e6ec277dc4aea2677c2dc301d4227957219329c985ab69a3efc12518b5161aa?s=96&d=mm&r=g","contentUrl":"https:\/\/secure.gravatar.com\/avatar\/7e6ec277dc4aea2677c2dc301d4227957219329c985ab69a3efc12518b5161aa?s=96&d=mm&r=g","caption":"Diario El Trabajo"},"sameAs":["https:\/\/eltrabajo.cl\/web"],"url":"https:\/\/eltrabajo.cl\/web\/author\/diario-el-trabajo\/"}]}},"_links":{"self":[{"href":"https:\/\/eltrabajo.cl\/web\/wp-json\/wp\/v2\/posts\/133435","targetHints":{"allow":["GET"]}}],"collection":[{"href":"https:\/\/eltrabajo.cl\/web\/wp-json\/wp\/v2\/posts"}],"about":[{"href":"https:\/\/eltrabajo.cl\/web\/wp-json\/wp\/v2\/types\/post"}],"author":[{"embeddable":true,"href":"https:\/\/eltrabajo.cl\/web\/wp-json\/wp\/v2\/users\/1"}],"replies":[{"embeddable":true,"href":"https:\/\/eltrabajo.cl\/web\/wp-json\/wp\/v2\/comments?post=133435"}],"version-history":[{"count":1,"href":"https:\/\/eltrabajo.cl\/web\/wp-json\/wp\/v2\/posts\/133435\/revisions"}],"predecessor-version":[{"id":133437,"href":"https:\/\/eltrabajo.cl\/web\/wp-json\/wp\/v2\/posts\/133435\/revisions\/133437"}],"wp:featuredmedia":[{"embeddable":true,"href":"https:\/\/eltrabajo.cl\/web\/wp-json\/wp\/v2\/media\/133436"}],"wp:attachment":[{"href":"https:\/\/eltrabajo.cl\/web\/wp-json\/wp\/v2\/media?parent=133435"}],"wp:term":[{"taxonomy":"category","embeddable":true,"href":"https:\/\/eltrabajo.cl\/web\/wp-json\/wp\/v2\/categories?post=133435"},{"taxonomy":"post_tag","embeddable":true,"href":"https:\/\/eltrabajo.cl\/web\/wp-json\/wp\/v2\/tags?post=133435"}],"curies":[{"name":"wp","href":"https:\/\/api.w.org\/{rel}","templated":true}]}}