{"id":133490,"date":"2024-11-26T21:30:04","date_gmt":"2024-11-27T00:30:04","guid":{"rendered":"https:\/\/eltrabajo.cl\/web\/?p=133490"},"modified":"2024-11-26T21:20:32","modified_gmt":"2024-11-27T00:20:32","slug":"neonatologia-del-hospital-san-camilo-celebra-dia-internacional-del-prematuro","status":"publish","type":"post","link":"https:\/\/eltrabajo.cl\/web\/neonatologia-del-hospital-san-camilo-celebra-dia-internacional-del-prematuro\/","title":{"rendered":"Neonatolog\u00eda del Hospital\u00a0San Camilo celebra d\u00eda Internacional del Prematuro"},"content":{"rendered":"<ul>\n<li><strong>A la actividad asistieron decenas de menores junto a sus familias que pasaron por esta unidad.-<\/strong><\/li>\n<\/ul>\n<p>Muy contentos se encuentran en el servicio de Neonatolog\u00eda del Hospital San Camilo luego de organizar la tradicional <strong>Fiesta del Prematuro<\/strong>, actividad enmarcada en el d\u00eda internacional de esta patolog\u00eda y que realizan desde hace 23 a\u00f1os.<\/p>\n<p>De esta manera, y aprovechando la multicancha del establecimiento, organizaron una verdadera fiesta con juegos inflables, cabina de fotos, zona de pintura, taca-taca y muchas m\u00e1s sorpresas y regalos. Todo esto, con la finalidad de reunir a quienes han egresado de este importante servicio y as\u00ed demostrar que, con los cuidados correspondientes, un menor prematuro tiene las mismas posibilidades de crecimiento que cualquier otro.<\/p>\n<p>El doctor <strong>Gabriel Pe\u00f1aloza<\/strong>, jefe de la Unidad de Neonatolog\u00eda del Hospital, se\u00f1al\u00f3 que <em>\u00abhoy estamos muy orgullosos de celebrar otro d\u00eda m\u00e1s una conmemoraci\u00f3n hist\u00f3rica, en donde la unidad de forma interna se prepara y celebra a nuestros expacientes que nos vienen a visitar desde los m\u00e1s grandes hasta los m\u00e1s peque\u00f1itos, lo que es un orgullo ya que muchos de ellos fueron prematuros extremos de alrededor de 600 gramos o menos de 30 semanas, y hoy est\u00e1n grandes y fuertes. Estamos orgullosos de eso y sobre todo ahora que cumplimos 30 a\u00f1os de la unidad que cuenta con todo para sacar adelante este tipo de casos, en especial, un gran equipo humano que nuestros usuarios reconocen\u00bb. <\/em><\/p>\n<p>Por su parte, <strong>Paula Chaparro<\/strong>, mam\u00e1 de los mellizos <strong>Mar\u00eda Jos\u00e9 <\/strong>y<strong> Jos\u00e9 Tom\u00e1s<\/strong>, todos ellos de San Felipe, estuvieron hace nueve a\u00f1os hospitalizados. A sus hijos durante dos meses se les brind\u00f3 todo el tratamiento y atenci\u00f3n respectiva para que hoy puedan crecer sanos.<\/p>\n<p>\u00ab<em>Es un momento muy dif\u00edcil, pero nunca se pierde la fe. Gracias a Dios nos toc\u00f3 un buen m\u00e9dico que es el Dr. Pe\u00f1aloza y un gran equipo, as\u00ed que estamos muy agradecidos de ellos y del cuidado que mis hijos tuvieron siendo prematuros extremos de 900 gramos. Fue una experiencia muy dif\u00edcil, pero bonita a la vez gracias al cari\u00f1o que entregan en esta unidad\u00bb,<\/em> se\u00f1al\u00f3 la madre.<\/p>\n<p>Los ni\u00f1os prematuros pasan largo tiempo en las unidades de Neonatolog\u00eda antes de ser dados de alta y, cuando egresan, algunos de ellos contin\u00faan con problemas y por eso existe seguimiento de hasta 10 a\u00f1os. <em>\u00abPor lo mismo, son pacientes muy queridos por nosotros y en esta instancia, doctores, matronas, matrones y Tens de la Neonatolog\u00eda vuelven a verlos, lo que es motivo de orgullo y emoci\u00f3n ya que ahora los vemos felices con sus familias, que es donde siempre debieron haber estado\u00bb,<\/em> cerr\u00f3 el jefe de la unidad.<\/p>\n<figure id=\"attachment_133491\" aria-describedby=\"caption-attachment-133491\" style=\"width: 698px\" class=\"wp-caption alignnone\"><img loading=\"lazy\" decoding=\"async\" class=\"size-full wp-image-133491\" src=\"https:\/\/eltrabajo.cl\/web\/wp-content\/uploads\/2024\/11\/prematuro.jpg\" alt=\"Unidad de Neonatolog\u00eda del Hospital San Camilo celebr\u00f3 el d\u00eda Internacional del Prematuro.\" width=\"698\" height=\"481\" srcset=\"https:\/\/eltrabajo.cl\/web\/wp-content\/uploads\/2024\/11\/prematuro.jpg 698w, https:\/\/eltrabajo.cl\/web\/wp-content\/uploads\/2024\/11\/prematuro-300x207.jpg 300w, https:\/\/eltrabajo.cl\/web\/wp-content\/uploads\/2024\/11\/prematuro-609x420.jpg 609w, https:\/\/eltrabajo.cl\/web\/wp-content\/uploads\/2024\/11\/prematuro-150x103.jpg 150w, https:\/\/eltrabajo.cl\/web\/wp-content\/uploads\/2024\/11\/prematuro-218x150.jpg 218w, https:\/\/eltrabajo.cl\/web\/wp-content\/uploads\/2024\/11\/prematuro-696x480.jpg 696w, https:\/\/eltrabajo.cl\/web\/wp-content\/uploads\/2024\/11\/prematuro-100x70.jpg 100w\" sizes=\"auto, (max-width: 698px) 100vw, 698px\" \/><figcaption id=\"caption-attachment-133491\" class=\"wp-caption-text\">Unidad de Neonatolog\u00eda del Hospital San Camilo celebr\u00f3 el d\u00eda Internacional del Prematuro.<\/figcaption><\/figure>\n","protected":false},"excerpt":{"rendered":"<p>A la actividad asistieron decenas de menores junto a sus familias que pasaron por esta unidad.- Muy contentos se encuentran en el servicio de Neonatolog\u00eda del Hospital San Camilo luego de organizar la tradicional Fiesta del Prematuro, actividad enmarcada en el d\u00eda internacional de esta patolog\u00eda y que realizan desde hace 23 a\u00f1os. De esta [&hellip;]<\/p>\n","protected":false},"author":1,"featured_media":133491,"comment_status":"open","ping_status":"closed","sticky":false,"template":"","format":"standard","meta":{"footnotes":""},"categories":[3],"tags":[],"class_list":{"0":"post-133490","1":"post","2":"type-post","3":"status-publish","4":"format-standard","5":"has-post-thumbnail","7":"category-cronica-2"},"yoast_head":"<!-- This site is optimized with the Yoast SEO plugin v27.5 - https:\/\/yoast.com\/product\/yoast-seo-wordpress\/ -->\n<title>Neonatolog\u00eda del Hospital\u00a0San Camilo celebra d\u00eda Internacional del Prematuro - Diario El Trabajo<\/title>\n<meta name=\"robots\" content=\"index, follow, max-snippet:-1, max-image-preview:large, max-video-preview:-1\" \/>\n<link rel=\"canonical\" href=\"https:\/\/eltrabajo.cl\/web\/neonatologia-del-hospital-san-camilo-celebra-dia-internacional-del-prematuro\/\" \/>\n<meta property=\"og:locale\" content=\"es_ES\" \/>\n<meta property=\"og:type\" content=\"article\" \/>\n<meta property=\"og:title\" content=\"Neonatolog\u00eda del Hospital\u00a0San Camilo celebra d\u00eda Internacional del Prematuro - Diario El Trabajo\" \/>\n<meta property=\"og:description\" content=\"A la actividad asistieron decenas de menores junto a sus familias que pasaron por esta unidad.- Muy contentos se encuentran en el servicio de Neonatolog\u00eda del Hospital San Camilo luego de organizar la tradicional Fiesta del Prematuro, actividad enmarcada en el d\u00eda internacional de esta patolog\u00eda y que realizan desde hace 23 a\u00f1os. De esta [&hellip;]\" \/>\n<meta property=\"og:url\" content=\"https:\/\/eltrabajo.cl\/web\/neonatologia-del-hospital-san-camilo-celebra-dia-internacional-del-prematuro\/\" \/>\n<meta property=\"og:site_name\" content=\"Diario El Trabajo\" \/>\n<meta property=\"article:publisher\" content=\"https:\/\/www.facebook.com\/ElTrabajoDiario\" \/>\n<meta property=\"article:published_time\" content=\"2024-11-27T00:30:04+00:00\" \/>\n<meta property=\"og:image\" content=\"https:\/\/eltrabajo.cl\/web\/wp-content\/uploads\/2024\/11\/prematuro.jpg\" \/>\n\t<meta property=\"og:image:width\" content=\"698\" \/>\n\t<meta property=\"og:image:height\" content=\"481\" \/>\n\t<meta property=\"og:image:type\" content=\"image\/jpeg\" \/>\n<meta name=\"author\" content=\"Diario El Trabajo\" \/>\n<meta name=\"twitter:card\" content=\"summary_large_image\" \/>\n<meta name=\"twitter:creator\" content=\"@diarioeltrabajo\" \/>\n<meta name=\"twitter:site\" content=\"@diarioeltrabajo\" \/>\n<meta name=\"twitter:label1\" content=\"Escrito por\" \/>\n\t<meta name=\"twitter:data1\" content=\"Diario El Trabajo\" \/>\n\t<meta name=\"twitter:label2\" content=\"Tiempo estimado de lectura\" \/>\n\t<meta name=\"twitter:data2\" content=\"3 minutos\" \/>\n<script type=\"application\/ld+json\" class=\"yoast-schema-graph\">{\"@context\":\"https:\\\/\\\/schema.org\",\"@graph\":[{\"@type\":\"Article\",\"@id\":\"https:\\\/\\\/eltrabajo.cl\\\/web\\\/neonatologia-del-hospital-san-camilo-celebra-dia-internacional-del-prematuro\\\/#article\",\"isPartOf\":{\"@id\":\"https:\\\/\\\/eltrabajo.cl\\\/web\\\/neonatologia-del-hospital-san-camilo-celebra-dia-internacional-del-prematuro\\\/\"},\"author\":{\"name\":\"Diario El Trabajo\",\"@id\":\"https:\\\/\\\/eltrabajo.cl\\\/web\\\/#\\\/schema\\\/person\\\/45efd3d17f86ec456e44dd7debe1bf19\"},\"headline\":\"Neonatolog\u00eda del Hospital\u00a0San Camilo celebra d\u00eda Internacional del Prematuro\",\"datePublished\":\"2024-11-27T00:30:04+00:00\",\"mainEntityOfPage\":{\"@id\":\"https:\\\/\\\/eltrabajo.cl\\\/web\\\/neonatologia-del-hospital-san-camilo-celebra-dia-internacional-del-prematuro\\\/\"},\"wordCount\":500,\"commentCount\":0,\"publisher\":{\"@id\":\"https:\\\/\\\/eltrabajo.cl\\\/web\\\/#organization\"},\"image\":{\"@id\":\"https:\\\/\\\/eltrabajo.cl\\\/web\\\/neonatologia-del-hospital-san-camilo-celebra-dia-internacional-del-prematuro\\\/#primaryimage\"},\"thumbnailUrl\":\"https:\\\/\\\/eltrabajo.cl\\\/web\\\/wp-content\\\/uploads\\\/2024\\\/11\\\/prematuro.jpg\",\"articleSection\":[\"Cr\u00f3nica\"],\"inLanguage\":\"es-CL\",\"potentialAction\":[{\"@type\":\"CommentAction\",\"name\":\"Comment\",\"target\":[\"https:\\\/\\\/eltrabajo.cl\\\/web\\\/neonatologia-del-hospital-san-camilo-celebra-dia-internacional-del-prematuro\\\/#respond\"]}]},{\"@type\":\"WebPage\",\"@id\":\"https:\\\/\\\/eltrabajo.cl\\\/web\\\/neonatologia-del-hospital-san-camilo-celebra-dia-internacional-del-prematuro\\\/\",\"url\":\"https:\\\/\\\/eltrabajo.cl\\\/web\\\/neonatologia-del-hospital-san-camilo-celebra-dia-internacional-del-prematuro\\\/\",\"name\":\"Neonatolog\u00eda del Hospital\u00a0San Camilo celebra d\u00eda Internacional del Prematuro - Diario El Trabajo\",\"isPartOf\":{\"@id\":\"https:\\\/\\\/eltrabajo.cl\\\/web\\\/#website\"},\"primaryImageOfPage\":{\"@id\":\"https:\\\/\\\/eltrabajo.cl\\\/web\\\/neonatologia-del-hospital-san-camilo-celebra-dia-internacional-del-prematuro\\\/#primaryimage\"},\"image\":{\"@id\":\"https:\\\/\\\/eltrabajo.cl\\\/web\\\/neonatologia-del-hospital-san-camilo-celebra-dia-internacional-del-prematuro\\\/#primaryimage\"},\"thumbnailUrl\":\"https:\\\/\\\/eltrabajo.cl\\\/web\\\/wp-content\\\/uploads\\\/2024\\\/11\\\/prematuro.jpg\",\"datePublished\":\"2024-11-27T00:30:04+00:00\",\"breadcrumb\":{\"@id\":\"https:\\\/\\\/eltrabajo.cl\\\/web\\\/neonatologia-del-hospital-san-camilo-celebra-dia-internacional-del-prematuro\\\/#breadcrumb\"},\"inLanguage\":\"es-CL\",\"potentialAction\":[{\"@type\":\"ReadAction\",\"target\":[\"https:\\\/\\\/eltrabajo.cl\\\/web\\\/neonatologia-del-hospital-san-camilo-celebra-dia-internacional-del-prematuro\\\/\"]}]},{\"@type\":\"ImageObject\",\"inLanguage\":\"es-CL\",\"@id\":\"https:\\\/\\\/eltrabajo.cl\\\/web\\\/neonatologia-del-hospital-san-camilo-celebra-dia-internacional-del-prematuro\\\/#primaryimage\",\"url\":\"https:\\\/\\\/eltrabajo.cl\\\/web\\\/wp-content\\\/uploads\\\/2024\\\/11\\\/prematuro.jpg\",\"contentUrl\":\"https:\\\/\\\/eltrabajo.cl\\\/web\\\/wp-content\\\/uploads\\\/2024\\\/11\\\/prematuro.jpg\",\"width\":698,\"height\":481,\"caption\":\"Unidad de Neonatolog\u00eda del Hospital San Camilo celebr\u00f3 el d\u00eda Internacional del Prematuro.\"},{\"@type\":\"BreadcrumbList\",\"@id\":\"https:\\\/\\\/eltrabajo.cl\\\/web\\\/neonatologia-del-hospital-san-camilo-celebra-dia-internacional-del-prematuro\\\/#breadcrumb\",\"itemListElement\":[{\"@type\":\"ListItem\",\"position\":1,\"name\":\"Portada\",\"item\":\"https:\\\/\\\/eltrabajo.cl\\\/web\\\/\"},{\"@type\":\"ListItem\",\"position\":2,\"name\":\"Neonatolog\u00eda del Hospital\u00a0San Camilo celebra d\u00eda Internacional del Prematuro\"}]},{\"@type\":\"WebSite\",\"@id\":\"https:\\\/\\\/eltrabajo.cl\\\/web\\\/#website\",\"url\":\"https:\\\/\\\/eltrabajo.cl\\\/web\\\/\",\"name\":\"Diario El Trabajo\",\"description\":\"Desde 1929 construyendo Identidad Local\",\"publisher\":{\"@id\":\"https:\\\/\\\/eltrabajo.cl\\\/web\\\/#organization\"},\"potentialAction\":[{\"@type\":\"SearchAction\",\"target\":{\"@type\":\"EntryPoint\",\"urlTemplate\":\"https:\\\/\\\/eltrabajo.cl\\\/web\\\/?s={search_term_string}\"},\"query-input\":{\"@type\":\"PropertyValueSpecification\",\"valueRequired\":true,\"valueName\":\"search_term_string\"}}],\"inLanguage\":\"es-CL\"},{\"@type\":\"Organization\",\"@id\":\"https:\\\/\\\/eltrabajo.cl\\\/web\\\/#organization\",\"name\":\"Diario El Trabajo\",\"url\":\"https:\\\/\\\/eltrabajo.cl\\\/web\\\/\",\"logo\":{\"@type\":\"ImageObject\",\"inLanguage\":\"es-CL\",\"@id\":\"https:\\\/\\\/eltrabajo.cl\\\/web\\\/#\\\/schema\\\/logo\\\/image\\\/\",\"url\":\"https:\\\/\\\/eltrabajo.cl\\\/web\\\/wp-content\\\/uploads\\\/2024\\\/06\\\/profile-image-ig-page-diarioeltrabajo.jpg\",\"contentUrl\":\"https:\\\/\\\/eltrabajo.cl\\\/web\\\/wp-content\\\/uploads\\\/2024\\\/06\\\/profile-image-ig-page-diarioeltrabajo.jpg\",\"width\":823,\"height\":823,\"caption\":\"Diario El Trabajo\"},\"image\":{\"@id\":\"https:\\\/\\\/eltrabajo.cl\\\/web\\\/#\\\/schema\\\/logo\\\/image\\\/\"},\"sameAs\":[\"https:\\\/\\\/www.facebook.com\\\/ElTrabajoDiario\",\"https:\\\/\\\/x.com\\\/diarioeltrabajo\"]},{\"@type\":\"Person\",\"@id\":\"https:\\\/\\\/eltrabajo.cl\\\/web\\\/#\\\/schema\\\/person\\\/45efd3d17f86ec456e44dd7debe1bf19\",\"name\":\"Diario El Trabajo\",\"image\":{\"@type\":\"ImageObject\",\"inLanguage\":\"es-CL\",\"@id\":\"https:\\\/\\\/secure.gravatar.com\\\/avatar\\\/7e6ec277dc4aea2677c2dc301d4227957219329c985ab69a3efc12518b5161aa?s=96&d=mm&r=g\",\"url\":\"https:\\\/\\\/secure.gravatar.com\\\/avatar\\\/7e6ec277dc4aea2677c2dc301d4227957219329c985ab69a3efc12518b5161aa?s=96&d=mm&r=g\",\"contentUrl\":\"https:\\\/\\\/secure.gravatar.com\\\/avatar\\\/7e6ec277dc4aea2677c2dc301d4227957219329c985ab69a3efc12518b5161aa?s=96&d=mm&r=g\",\"caption\":\"Diario El Trabajo\"},\"sameAs\":[\"https:\\\/\\\/eltrabajo.cl\\\/web\"],\"url\":\"https:\\\/\\\/eltrabajo.cl\\\/web\\\/author\\\/diario-el-trabajo\\\/\"}]}<\/script>\n<!-- \/ Yoast SEO plugin. -->","yoast_head_json":{"title":"Neonatolog\u00eda del Hospital\u00a0San Camilo celebra d\u00eda Internacional del Prematuro - Diario El Trabajo","robots":{"index":"index","follow":"follow","max-snippet":"max-snippet:-1","max-image-preview":"max-image-preview:large","max-video-preview":"max-video-preview:-1"},"canonical":"https:\/\/eltrabajo.cl\/web\/neonatologia-del-hospital-san-camilo-celebra-dia-internacional-del-prematuro\/","og_locale":"es_ES","og_type":"article","og_title":"Neonatolog\u00eda del Hospital\u00a0San Camilo celebra d\u00eda Internacional del Prematuro - Diario El Trabajo","og_description":"A la actividad asistieron decenas de menores junto a sus familias que pasaron por esta unidad.- Muy contentos se encuentran en el servicio de Neonatolog\u00eda del Hospital San Camilo luego de organizar la tradicional Fiesta del Prematuro, actividad enmarcada en el d\u00eda internacional de esta patolog\u00eda y que realizan desde hace 23 a\u00f1os. De esta [&hellip;]","og_url":"https:\/\/eltrabajo.cl\/web\/neonatologia-del-hospital-san-camilo-celebra-dia-internacional-del-prematuro\/","og_site_name":"Diario El Trabajo","article_publisher":"https:\/\/www.facebook.com\/ElTrabajoDiario","article_published_time":"2024-11-27T00:30:04+00:00","og_image":[{"width":698,"height":481,"url":"https:\/\/eltrabajo.cl\/web\/wp-content\/uploads\/2024\/11\/prematuro.jpg","type":"image\/jpeg"}],"author":"Diario El Trabajo","twitter_card":"summary_large_image","twitter_creator":"@diarioeltrabajo","twitter_site":"@diarioeltrabajo","twitter_misc":{"Escrito por":"Diario El Trabajo","Tiempo estimado de lectura":"3 minutos"},"schema":{"@context":"https:\/\/schema.org","@graph":[{"@type":"Article","@id":"https:\/\/eltrabajo.cl\/web\/neonatologia-del-hospital-san-camilo-celebra-dia-internacional-del-prematuro\/#article","isPartOf":{"@id":"https:\/\/eltrabajo.cl\/web\/neonatologia-del-hospital-san-camilo-celebra-dia-internacional-del-prematuro\/"},"author":{"name":"Diario El Trabajo","@id":"https:\/\/eltrabajo.cl\/web\/#\/schema\/person\/45efd3d17f86ec456e44dd7debe1bf19"},"headline":"Neonatolog\u00eda del Hospital\u00a0San Camilo celebra d\u00eda Internacional del Prematuro","datePublished":"2024-11-27T00:30:04+00:00","mainEntityOfPage":{"@id":"https:\/\/eltrabajo.cl\/web\/neonatologia-del-hospital-san-camilo-celebra-dia-internacional-del-prematuro\/"},"wordCount":500,"commentCount":0,"publisher":{"@id":"https:\/\/eltrabajo.cl\/web\/#organization"},"image":{"@id":"https:\/\/eltrabajo.cl\/web\/neonatologia-del-hospital-san-camilo-celebra-dia-internacional-del-prematuro\/#primaryimage"},"thumbnailUrl":"https:\/\/eltrabajo.cl\/web\/wp-content\/uploads\/2024\/11\/prematuro.jpg","articleSection":["Cr\u00f3nica"],"inLanguage":"es-CL","potentialAction":[{"@type":"CommentAction","name":"Comment","target":["https:\/\/eltrabajo.cl\/web\/neonatologia-del-hospital-san-camilo-celebra-dia-internacional-del-prematuro\/#respond"]}]},{"@type":"WebPage","@id":"https:\/\/eltrabajo.cl\/web\/neonatologia-del-hospital-san-camilo-celebra-dia-internacional-del-prematuro\/","url":"https:\/\/eltrabajo.cl\/web\/neonatologia-del-hospital-san-camilo-celebra-dia-internacional-del-prematuro\/","name":"Neonatolog\u00eda del Hospital\u00a0San Camilo celebra d\u00eda Internacional del Prematuro - Diario El Trabajo","isPartOf":{"@id":"https:\/\/eltrabajo.cl\/web\/#website"},"primaryImageOfPage":{"@id":"https:\/\/eltrabajo.cl\/web\/neonatologia-del-hospital-san-camilo-celebra-dia-internacional-del-prematuro\/#primaryimage"},"image":{"@id":"https:\/\/eltrabajo.cl\/web\/neonatologia-del-hospital-san-camilo-celebra-dia-internacional-del-prematuro\/#primaryimage"},"thumbnailUrl":"https:\/\/eltrabajo.cl\/web\/wp-content\/uploads\/2024\/11\/prematuro.jpg","datePublished":"2024-11-27T00:30:04+00:00","breadcrumb":{"@id":"https:\/\/eltrabajo.cl\/web\/neonatologia-del-hospital-san-camilo-celebra-dia-internacional-del-prematuro\/#breadcrumb"},"inLanguage":"es-CL","potentialAction":[{"@type":"ReadAction","target":["https:\/\/eltrabajo.cl\/web\/neonatologia-del-hospital-san-camilo-celebra-dia-internacional-del-prematuro\/"]}]},{"@type":"ImageObject","inLanguage":"es-CL","@id":"https:\/\/eltrabajo.cl\/web\/neonatologia-del-hospital-san-camilo-celebra-dia-internacional-del-prematuro\/#primaryimage","url":"https:\/\/eltrabajo.cl\/web\/wp-content\/uploads\/2024\/11\/prematuro.jpg","contentUrl":"https:\/\/eltrabajo.cl\/web\/wp-content\/uploads\/2024\/11\/prematuro.jpg","width":698,"height":481,"caption":"Unidad de Neonatolog\u00eda del Hospital San Camilo celebr\u00f3 el d\u00eda Internacional del Prematuro."},{"@type":"BreadcrumbList","@id":"https:\/\/eltrabajo.cl\/web\/neonatologia-del-hospital-san-camilo-celebra-dia-internacional-del-prematuro\/#breadcrumb","itemListElement":[{"@type":"ListItem","position":1,"name":"Portada","item":"https:\/\/eltrabajo.cl\/web\/"},{"@type":"ListItem","position":2,"name":"Neonatolog\u00eda del Hospital\u00a0San Camilo celebra d\u00eda Internacional del Prematuro"}]},{"@type":"WebSite","@id":"https:\/\/eltrabajo.cl\/web\/#website","url":"https:\/\/eltrabajo.cl\/web\/","name":"Diario El Trabajo","description":"Desde 1929 construyendo Identidad Local","publisher":{"@id":"https:\/\/eltrabajo.cl\/web\/#organization"},"potentialAction":[{"@type":"SearchAction","target":{"@type":"EntryPoint","urlTemplate":"https:\/\/eltrabajo.cl\/web\/?s={search_term_string}"},"query-input":{"@type":"PropertyValueSpecification","valueRequired":true,"valueName":"search_term_string"}}],"inLanguage":"es-CL"},{"@type":"Organization","@id":"https:\/\/eltrabajo.cl\/web\/#organization","name":"Diario El Trabajo","url":"https:\/\/eltrabajo.cl\/web\/","logo":{"@type":"ImageObject","inLanguage":"es-CL","@id":"https:\/\/eltrabajo.cl\/web\/#\/schema\/logo\/image\/","url":"https:\/\/eltrabajo.cl\/web\/wp-content\/uploads\/2024\/06\/profile-image-ig-page-diarioeltrabajo.jpg","contentUrl":"https:\/\/eltrabajo.cl\/web\/wp-content\/uploads\/2024\/06\/profile-image-ig-page-diarioeltrabajo.jpg","width":823,"height":823,"caption":"Diario El Trabajo"},"image":{"@id":"https:\/\/eltrabajo.cl\/web\/#\/schema\/logo\/image\/"},"sameAs":["https:\/\/www.facebook.com\/ElTrabajoDiario","https:\/\/x.com\/diarioeltrabajo"]},{"@type":"Person","@id":"https:\/\/eltrabajo.cl\/web\/#\/schema\/person\/45efd3d17f86ec456e44dd7debe1bf19","name":"Diario El Trabajo","image":{"@type":"ImageObject","inLanguage":"es-CL","@id":"https:\/\/secure.gravatar.com\/avatar\/7e6ec277dc4aea2677c2dc301d4227957219329c985ab69a3efc12518b5161aa?s=96&d=mm&r=g","url":"https:\/\/secure.gravatar.com\/avatar\/7e6ec277dc4aea2677c2dc301d4227957219329c985ab69a3efc12518b5161aa?s=96&d=mm&r=g","contentUrl":"https:\/\/secure.gravatar.com\/avatar\/7e6ec277dc4aea2677c2dc301d4227957219329c985ab69a3efc12518b5161aa?s=96&d=mm&r=g","caption":"Diario El Trabajo"},"sameAs":["https:\/\/eltrabajo.cl\/web"],"url":"https:\/\/eltrabajo.cl\/web\/author\/diario-el-trabajo\/"}]}},"_links":{"self":[{"href":"https:\/\/eltrabajo.cl\/web\/wp-json\/wp\/v2\/posts\/133490","targetHints":{"allow":["GET"]}}],"collection":[{"href":"https:\/\/eltrabajo.cl\/web\/wp-json\/wp\/v2\/posts"}],"about":[{"href":"https:\/\/eltrabajo.cl\/web\/wp-json\/wp\/v2\/types\/post"}],"author":[{"embeddable":true,"href":"https:\/\/eltrabajo.cl\/web\/wp-json\/wp\/v2\/users\/1"}],"replies":[{"embeddable":true,"href":"https:\/\/eltrabajo.cl\/web\/wp-json\/wp\/v2\/comments?post=133490"}],"version-history":[{"count":1,"href":"https:\/\/eltrabajo.cl\/web\/wp-json\/wp\/v2\/posts\/133490\/revisions"}],"predecessor-version":[{"id":133492,"href":"https:\/\/eltrabajo.cl\/web\/wp-json\/wp\/v2\/posts\/133490\/revisions\/133492"}],"wp:featuredmedia":[{"embeddable":true,"href":"https:\/\/eltrabajo.cl\/web\/wp-json\/wp\/v2\/media\/133491"}],"wp:attachment":[{"href":"https:\/\/eltrabajo.cl\/web\/wp-json\/wp\/v2\/media?parent=133490"}],"wp:term":[{"taxonomy":"category","embeddable":true,"href":"https:\/\/eltrabajo.cl\/web\/wp-json\/wp\/v2\/categories?post=133490"},{"taxonomy":"post_tag","embeddable":true,"href":"https:\/\/eltrabajo.cl\/web\/wp-json\/wp\/v2\/tags?post=133490"}],"curies":[{"name":"wp","href":"https:\/\/api.w.org\/{rel}","templated":true}]}}