{"id":133496,"date":"2024-11-26T21:40:09","date_gmt":"2024-11-27T00:40:09","guid":{"rendered":"https:\/\/eltrabajo.cl\/web\/?p=133496"},"modified":"2024-11-26T21:23:18","modified_gmt":"2024-11-27T00:23:18","slug":"banda-ketterer-celebrara-lanzamiento-de-senorita-con-un-show-en-san-felipe","status":"publish","type":"post","link":"https:\/\/eltrabajo.cl\/web\/banda-ketterer-celebrara-lanzamiento-de-senorita-con-un-show-en-san-felipe\/","title":{"rendered":"Banda Ketterer celebrar\u00e1 lanzamiento de \u2018Se\u00f1orita\u2019 con un show en San Felipe"},"content":{"rendered":"<ul>\n<li><strong>El videoclip fue dirigido por el cineasta sanfelipe\u00f1o Bernardo Quesney.-<\/strong><\/li>\n<\/ul>\n<p>El s\u00e1bado 7 de diciembre, la banda sanfelipe\u00f1a <strong>Ketterer<\/strong> presentar\u00e1 la canci\u00f3n y el videoclip de \u2018Se\u00f1orita\u2019 en el Club San Felipe, a partir de las 20:00 horas. Durante el evento, el p\u00fablico podr\u00e1 disfrutar de su nuevo sencillo y un repaso por lo mejor de su discograf\u00eda.<\/p>\n<p>A la jornada tambi\u00e9n se sumar\u00e1n artistas locales, entre ellos el d\u00fao electropop Pista Celof\u00e1n, Natalia Montenegro, DJ Spiedo, y desde Vi\u00f1a del Mar, DJ Maronga.<\/p>\n<p>Ketterer, descrita como \u2018pop playero en el Valle\u2019, se form\u00f3 en 2017 y est\u00e1 conformada por Koke Figueroa Ketterer, productor musical, compositor y l\u00edder de la banda; Christian Lazo Morales en la guitarra solista; y Sim\u00f3n Leiva Puelles en el bajo el\u00e9ctrico y coros.<\/p>\n<p>Actualmente cuentan con tres \u00e1lbumes: Sonido Valens (2017), Coco Bon (2020) y el disco doble \u2018Nada fue lo que dec\u00edan\u2019 (2022), los cuales podr\u00e1n disfrutarse el 7 de diciembre en \u2018Ketterer en el Club: lanzamiento del clip Se\u00f1orita\u2019.<\/p>\n<p>La canci\u00f3n principal de la velada estar\u00e1 disponible en plataformas de streaming como Spotify y en el canal de YouTube de la banda.<\/p>\n<p>\u00ab\u2018<em>Se\u00f1orita\u2019 es una canci\u00f3n de corte indie pop que habla de una persona enferma de c\u00e1ncer y adicta al casino que le pide una \u00faltima ficha para vivir a una crupier (se\u00f1orita), que en este caso ser\u00eda la muerte.<\/em><\/p>\n<p>\u00ab<em>La canci\u00f3n fue producida por m\u00ed y el video dirigido por el destacado cineasta Bernardo Quesney\u00bb,<\/em> explic\u00f3 Koke Figueroa.<\/p>\n<p>Las entradas para \u2018Ketterer en el Club\u2019 se pueden adquirir a trav\u00e9s de Portal Tickets.<\/p>\n<p>\u00ab<em>La banda Ketterer invita a toda la gente de San Felipe y alrededores a ser parte de este hito para la banda y poder deleitarse con lo mejor de su discograf\u00eda, con sus cuatro discos editados hasta la fecha sorprender\u00e1 con un show de calidad y tambi\u00e9n con los destacados artistas invitados que se est\u00e1n abriendo camino en la escena nacional, m\u00e1s la fiesta post show con DJ destacados de la regi\u00f3n\u00bb,<\/em> se\u00f1al\u00f3 Koke Figueroa, l\u00edder de la banda.<\/p>\n<p style=\"text-align: right;\"><strong>Jacqueline Le\u00f3n<\/strong><\/p>\n<figure id=\"attachment_133497\" aria-describedby=\"caption-attachment-133497\" style=\"width: 699px\" class=\"wp-caption alignnone\"><img loading=\"lazy\" decoding=\"async\" class=\"size-full wp-image-133497\" src=\"https:\/\/eltrabajo.cl\/web\/wp-content\/uploads\/2024\/11\/Ketterer-1.jpg\" alt=\"Los integrantes de Ketterer, Sim\u00f3n Leiva, Koke Figueroa y Christian Lazo, se presentar\u00e1n el 7 de diciembre para lanzar su single \u2018Se\u00f1orita\u2019. (Foto: siham_.i en Instagram).\" width=\"699\" height=\"393\" srcset=\"https:\/\/eltrabajo.cl\/web\/wp-content\/uploads\/2024\/11\/Ketterer-1.jpg 699w, https:\/\/eltrabajo.cl\/web\/wp-content\/uploads\/2024\/11\/Ketterer-1-300x169.jpg 300w, https:\/\/eltrabajo.cl\/web\/wp-content\/uploads\/2024\/11\/Ketterer-1-150x84.jpg 150w, https:\/\/eltrabajo.cl\/web\/wp-content\/uploads\/2024\/11\/Ketterer-1-696x391.jpg 696w\" sizes=\"auto, (max-width: 699px) 100vw, 699px\" \/><figcaption id=\"caption-attachment-133497\" class=\"wp-caption-text\">Los integrantes de Ketterer, Sim\u00f3n Leiva, Koke Figueroa y Christian Lazo, se presentar\u00e1n el 7 de diciembre para lanzar su single \u2018Se\u00f1orita\u2019. (Foto: siham_.i en Instagram).<\/figcaption><\/figure>\n","protected":false},"excerpt":{"rendered":"<p>El videoclip fue dirigido por el cineasta sanfelipe\u00f1o Bernardo Quesney.- El s\u00e1bado 7 de diciembre, la banda sanfelipe\u00f1a Ketterer presentar\u00e1 la canci\u00f3n y el videoclip de \u2018Se\u00f1orita\u2019 en el Club San Felipe, a partir de las 20:00 horas. Durante el evento, el p\u00fablico podr\u00e1 disfrutar de su nuevo sencillo y un repaso por lo mejor [&hellip;]<\/p>\n","protected":false},"author":1,"featured_media":133497,"comment_status":"open","ping_status":"closed","sticky":false,"template":"","format":"standard","meta":{"footnotes":""},"categories":[12],"tags":[],"class_list":{"0":"post-133496","1":"post","2":"type-post","3":"status-publish","4":"format-standard","5":"has-post-thumbnail","7":"category-arte-y-cultura"},"yoast_head":"<!-- This site is optimized with the Yoast SEO plugin v27.5 - https:\/\/yoast.com\/product\/yoast-seo-wordpress\/ -->\n<title>Banda Ketterer celebrar\u00e1 lanzamiento de \u2018Se\u00f1orita\u2019 con un show en San Felipe - Diario El Trabajo<\/title>\n<meta name=\"robots\" content=\"index, follow, max-snippet:-1, max-image-preview:large, max-video-preview:-1\" \/>\n<link rel=\"canonical\" href=\"https:\/\/eltrabajo.cl\/web\/banda-ketterer-celebrara-lanzamiento-de-senorita-con-un-show-en-san-felipe\/\" \/>\n<meta property=\"og:locale\" content=\"es_ES\" \/>\n<meta property=\"og:type\" content=\"article\" \/>\n<meta property=\"og:title\" content=\"Banda Ketterer celebrar\u00e1 lanzamiento de \u2018Se\u00f1orita\u2019 con un show en San Felipe - Diario El Trabajo\" \/>\n<meta property=\"og:description\" content=\"El videoclip fue dirigido por el cineasta sanfelipe\u00f1o Bernardo Quesney.- El s\u00e1bado 7 de diciembre, la banda sanfelipe\u00f1a Ketterer presentar\u00e1 la canci\u00f3n y el videoclip de \u2018Se\u00f1orita\u2019 en el Club San Felipe, a partir de las 20:00 horas. Durante el evento, el p\u00fablico podr\u00e1 disfrutar de su nuevo sencillo y un repaso por lo mejor [&hellip;]\" \/>\n<meta property=\"og:url\" content=\"https:\/\/eltrabajo.cl\/web\/banda-ketterer-celebrara-lanzamiento-de-senorita-con-un-show-en-san-felipe\/\" \/>\n<meta property=\"og:site_name\" content=\"Diario El Trabajo\" \/>\n<meta property=\"article:publisher\" content=\"https:\/\/www.facebook.com\/ElTrabajoDiario\" \/>\n<meta property=\"article:published_time\" content=\"2024-11-27T00:40:09+00:00\" \/>\n<meta property=\"og:image\" content=\"https:\/\/eltrabajo.cl\/web\/wp-content\/uploads\/2024\/11\/Ketterer-1.jpg\" \/>\n\t<meta property=\"og:image:width\" content=\"699\" \/>\n\t<meta property=\"og:image:height\" content=\"393\" \/>\n\t<meta property=\"og:image:type\" content=\"image\/jpeg\" \/>\n<meta name=\"author\" content=\"Diario El Trabajo\" \/>\n<meta name=\"twitter:card\" content=\"summary_large_image\" \/>\n<meta name=\"twitter:creator\" content=\"@diarioeltrabajo\" \/>\n<meta name=\"twitter:site\" content=\"@diarioeltrabajo\" \/>\n<meta name=\"twitter:label1\" content=\"Escrito por\" \/>\n\t<meta name=\"twitter:data1\" content=\"Diario El Trabajo\" \/>\n\t<meta name=\"twitter:label2\" content=\"Tiempo estimado de lectura\" \/>\n\t<meta name=\"twitter:data2\" content=\"3 minutos\" \/>\n<script type=\"application\/ld+json\" class=\"yoast-schema-graph\">{\"@context\":\"https:\\\/\\\/schema.org\",\"@graph\":[{\"@type\":\"Article\",\"@id\":\"https:\\\/\\\/eltrabajo.cl\\\/web\\\/banda-ketterer-celebrara-lanzamiento-de-senorita-con-un-show-en-san-felipe\\\/#article\",\"isPartOf\":{\"@id\":\"https:\\\/\\\/eltrabajo.cl\\\/web\\\/banda-ketterer-celebrara-lanzamiento-de-senorita-con-un-show-en-san-felipe\\\/\"},\"author\":{\"name\":\"Diario El Trabajo\",\"@id\":\"https:\\\/\\\/eltrabajo.cl\\\/web\\\/#\\\/schema\\\/person\\\/45efd3d17f86ec456e44dd7debe1bf19\"},\"headline\":\"Banda Ketterer celebrar\u00e1 lanzamiento de \u2018Se\u00f1orita\u2019 con un show en San Felipe\",\"datePublished\":\"2024-11-27T00:40:09+00:00\",\"mainEntityOfPage\":{\"@id\":\"https:\\\/\\\/eltrabajo.cl\\\/web\\\/banda-ketterer-celebrara-lanzamiento-de-senorita-con-un-show-en-san-felipe\\\/\"},\"wordCount\":420,\"commentCount\":0,\"publisher\":{\"@id\":\"https:\\\/\\\/eltrabajo.cl\\\/web\\\/#organization\"},\"image\":{\"@id\":\"https:\\\/\\\/eltrabajo.cl\\\/web\\\/banda-ketterer-celebrara-lanzamiento-de-senorita-con-un-show-en-san-felipe\\\/#primaryimage\"},\"thumbnailUrl\":\"https:\\\/\\\/eltrabajo.cl\\\/web\\\/wp-content\\\/uploads\\\/2024\\\/11\\\/Ketterer-1.jpg\",\"articleSection\":[\"Arte y Cultura\"],\"inLanguage\":\"es-CL\",\"potentialAction\":[{\"@type\":\"CommentAction\",\"name\":\"Comment\",\"target\":[\"https:\\\/\\\/eltrabajo.cl\\\/web\\\/banda-ketterer-celebrara-lanzamiento-de-senorita-con-un-show-en-san-felipe\\\/#respond\"]}]},{\"@type\":\"WebPage\",\"@id\":\"https:\\\/\\\/eltrabajo.cl\\\/web\\\/banda-ketterer-celebrara-lanzamiento-de-senorita-con-un-show-en-san-felipe\\\/\",\"url\":\"https:\\\/\\\/eltrabajo.cl\\\/web\\\/banda-ketterer-celebrara-lanzamiento-de-senorita-con-un-show-en-san-felipe\\\/\",\"name\":\"Banda Ketterer celebrar\u00e1 lanzamiento de \u2018Se\u00f1orita\u2019 con un show en San Felipe - Diario El Trabajo\",\"isPartOf\":{\"@id\":\"https:\\\/\\\/eltrabajo.cl\\\/web\\\/#website\"},\"primaryImageOfPage\":{\"@id\":\"https:\\\/\\\/eltrabajo.cl\\\/web\\\/banda-ketterer-celebrara-lanzamiento-de-senorita-con-un-show-en-san-felipe\\\/#primaryimage\"},\"image\":{\"@id\":\"https:\\\/\\\/eltrabajo.cl\\\/web\\\/banda-ketterer-celebrara-lanzamiento-de-senorita-con-un-show-en-san-felipe\\\/#primaryimage\"},\"thumbnailUrl\":\"https:\\\/\\\/eltrabajo.cl\\\/web\\\/wp-content\\\/uploads\\\/2024\\\/11\\\/Ketterer-1.jpg\",\"datePublished\":\"2024-11-27T00:40:09+00:00\",\"breadcrumb\":{\"@id\":\"https:\\\/\\\/eltrabajo.cl\\\/web\\\/banda-ketterer-celebrara-lanzamiento-de-senorita-con-un-show-en-san-felipe\\\/#breadcrumb\"},\"inLanguage\":\"es-CL\",\"potentialAction\":[{\"@type\":\"ReadAction\",\"target\":[\"https:\\\/\\\/eltrabajo.cl\\\/web\\\/banda-ketterer-celebrara-lanzamiento-de-senorita-con-un-show-en-san-felipe\\\/\"]}]},{\"@type\":\"ImageObject\",\"inLanguage\":\"es-CL\",\"@id\":\"https:\\\/\\\/eltrabajo.cl\\\/web\\\/banda-ketterer-celebrara-lanzamiento-de-senorita-con-un-show-en-san-felipe\\\/#primaryimage\",\"url\":\"https:\\\/\\\/eltrabajo.cl\\\/web\\\/wp-content\\\/uploads\\\/2024\\\/11\\\/Ketterer-1.jpg\",\"contentUrl\":\"https:\\\/\\\/eltrabajo.cl\\\/web\\\/wp-content\\\/uploads\\\/2024\\\/11\\\/Ketterer-1.jpg\",\"width\":699,\"height\":393,\"caption\":\"Los integrantes de Ketterer, Sim\u00f3n Leiva, Koke Figueroa y Christian Lazo, se presentar\u00e1n el 7 de diciembre para lanzar su single \u2018Se\u00f1orita\u2019. (Foto: siham_.i en Instagram).\"},{\"@type\":\"BreadcrumbList\",\"@id\":\"https:\\\/\\\/eltrabajo.cl\\\/web\\\/banda-ketterer-celebrara-lanzamiento-de-senorita-con-un-show-en-san-felipe\\\/#breadcrumb\",\"itemListElement\":[{\"@type\":\"ListItem\",\"position\":1,\"name\":\"Portada\",\"item\":\"https:\\\/\\\/eltrabajo.cl\\\/web\\\/\"},{\"@type\":\"ListItem\",\"position\":2,\"name\":\"Banda Ketterer celebrar\u00e1 lanzamiento de \u2018Se\u00f1orita\u2019 con un show en San Felipe\"}]},{\"@type\":\"WebSite\",\"@id\":\"https:\\\/\\\/eltrabajo.cl\\\/web\\\/#website\",\"url\":\"https:\\\/\\\/eltrabajo.cl\\\/web\\\/\",\"name\":\"Diario El Trabajo\",\"description\":\"Desde 1929 construyendo Identidad Local\",\"publisher\":{\"@id\":\"https:\\\/\\\/eltrabajo.cl\\\/web\\\/#organization\"},\"potentialAction\":[{\"@type\":\"SearchAction\",\"target\":{\"@type\":\"EntryPoint\",\"urlTemplate\":\"https:\\\/\\\/eltrabajo.cl\\\/web\\\/?s={search_term_string}\"},\"query-input\":{\"@type\":\"PropertyValueSpecification\",\"valueRequired\":true,\"valueName\":\"search_term_string\"}}],\"inLanguage\":\"es-CL\"},{\"@type\":\"Organization\",\"@id\":\"https:\\\/\\\/eltrabajo.cl\\\/web\\\/#organization\",\"name\":\"Diario El Trabajo\",\"url\":\"https:\\\/\\\/eltrabajo.cl\\\/web\\\/\",\"logo\":{\"@type\":\"ImageObject\",\"inLanguage\":\"es-CL\",\"@id\":\"https:\\\/\\\/eltrabajo.cl\\\/web\\\/#\\\/schema\\\/logo\\\/image\\\/\",\"url\":\"https:\\\/\\\/eltrabajo.cl\\\/web\\\/wp-content\\\/uploads\\\/2024\\\/06\\\/profile-image-ig-page-diarioeltrabajo.jpg\",\"contentUrl\":\"https:\\\/\\\/eltrabajo.cl\\\/web\\\/wp-content\\\/uploads\\\/2024\\\/06\\\/profile-image-ig-page-diarioeltrabajo.jpg\",\"width\":823,\"height\":823,\"caption\":\"Diario El Trabajo\"},\"image\":{\"@id\":\"https:\\\/\\\/eltrabajo.cl\\\/web\\\/#\\\/schema\\\/logo\\\/image\\\/\"},\"sameAs\":[\"https:\\\/\\\/www.facebook.com\\\/ElTrabajoDiario\",\"https:\\\/\\\/x.com\\\/diarioeltrabajo\"]},{\"@type\":\"Person\",\"@id\":\"https:\\\/\\\/eltrabajo.cl\\\/web\\\/#\\\/schema\\\/person\\\/45efd3d17f86ec456e44dd7debe1bf19\",\"name\":\"Diario El Trabajo\",\"image\":{\"@type\":\"ImageObject\",\"inLanguage\":\"es-CL\",\"@id\":\"https:\\\/\\\/secure.gravatar.com\\\/avatar\\\/7e6ec277dc4aea2677c2dc301d4227957219329c985ab69a3efc12518b5161aa?s=96&d=mm&r=g\",\"url\":\"https:\\\/\\\/secure.gravatar.com\\\/avatar\\\/7e6ec277dc4aea2677c2dc301d4227957219329c985ab69a3efc12518b5161aa?s=96&d=mm&r=g\",\"contentUrl\":\"https:\\\/\\\/secure.gravatar.com\\\/avatar\\\/7e6ec277dc4aea2677c2dc301d4227957219329c985ab69a3efc12518b5161aa?s=96&d=mm&r=g\",\"caption\":\"Diario El Trabajo\"},\"sameAs\":[\"https:\\\/\\\/eltrabajo.cl\\\/web\"],\"url\":\"https:\\\/\\\/eltrabajo.cl\\\/web\\\/author\\\/diario-el-trabajo\\\/\"}]}<\/script>\n<!-- \/ Yoast SEO plugin. -->","yoast_head_json":{"title":"Banda Ketterer celebrar\u00e1 lanzamiento de \u2018Se\u00f1orita\u2019 con un show en San Felipe - Diario El Trabajo","robots":{"index":"index","follow":"follow","max-snippet":"max-snippet:-1","max-image-preview":"max-image-preview:large","max-video-preview":"max-video-preview:-1"},"canonical":"https:\/\/eltrabajo.cl\/web\/banda-ketterer-celebrara-lanzamiento-de-senorita-con-un-show-en-san-felipe\/","og_locale":"es_ES","og_type":"article","og_title":"Banda Ketterer celebrar\u00e1 lanzamiento de \u2018Se\u00f1orita\u2019 con un show en San Felipe - Diario El Trabajo","og_description":"El videoclip fue dirigido por el cineasta sanfelipe\u00f1o Bernardo Quesney.- El s\u00e1bado 7 de diciembre, la banda sanfelipe\u00f1a Ketterer presentar\u00e1 la canci\u00f3n y el videoclip de \u2018Se\u00f1orita\u2019 en el Club San Felipe, a partir de las 20:00 horas. Durante el evento, el p\u00fablico podr\u00e1 disfrutar de su nuevo sencillo y un repaso por lo mejor [&hellip;]","og_url":"https:\/\/eltrabajo.cl\/web\/banda-ketterer-celebrara-lanzamiento-de-senorita-con-un-show-en-san-felipe\/","og_site_name":"Diario El Trabajo","article_publisher":"https:\/\/www.facebook.com\/ElTrabajoDiario","article_published_time":"2024-11-27T00:40:09+00:00","og_image":[{"width":699,"height":393,"url":"https:\/\/eltrabajo.cl\/web\/wp-content\/uploads\/2024\/11\/Ketterer-1.jpg","type":"image\/jpeg"}],"author":"Diario El Trabajo","twitter_card":"summary_large_image","twitter_creator":"@diarioeltrabajo","twitter_site":"@diarioeltrabajo","twitter_misc":{"Escrito por":"Diario El Trabajo","Tiempo estimado de lectura":"3 minutos"},"schema":{"@context":"https:\/\/schema.org","@graph":[{"@type":"Article","@id":"https:\/\/eltrabajo.cl\/web\/banda-ketterer-celebrara-lanzamiento-de-senorita-con-un-show-en-san-felipe\/#article","isPartOf":{"@id":"https:\/\/eltrabajo.cl\/web\/banda-ketterer-celebrara-lanzamiento-de-senorita-con-un-show-en-san-felipe\/"},"author":{"name":"Diario El Trabajo","@id":"https:\/\/eltrabajo.cl\/web\/#\/schema\/person\/45efd3d17f86ec456e44dd7debe1bf19"},"headline":"Banda Ketterer celebrar\u00e1 lanzamiento de \u2018Se\u00f1orita\u2019 con un show en San Felipe","datePublished":"2024-11-27T00:40:09+00:00","mainEntityOfPage":{"@id":"https:\/\/eltrabajo.cl\/web\/banda-ketterer-celebrara-lanzamiento-de-senorita-con-un-show-en-san-felipe\/"},"wordCount":420,"commentCount":0,"publisher":{"@id":"https:\/\/eltrabajo.cl\/web\/#organization"},"image":{"@id":"https:\/\/eltrabajo.cl\/web\/banda-ketterer-celebrara-lanzamiento-de-senorita-con-un-show-en-san-felipe\/#primaryimage"},"thumbnailUrl":"https:\/\/eltrabajo.cl\/web\/wp-content\/uploads\/2024\/11\/Ketterer-1.jpg","articleSection":["Arte y Cultura"],"inLanguage":"es-CL","potentialAction":[{"@type":"CommentAction","name":"Comment","target":["https:\/\/eltrabajo.cl\/web\/banda-ketterer-celebrara-lanzamiento-de-senorita-con-un-show-en-san-felipe\/#respond"]}]},{"@type":"WebPage","@id":"https:\/\/eltrabajo.cl\/web\/banda-ketterer-celebrara-lanzamiento-de-senorita-con-un-show-en-san-felipe\/","url":"https:\/\/eltrabajo.cl\/web\/banda-ketterer-celebrara-lanzamiento-de-senorita-con-un-show-en-san-felipe\/","name":"Banda Ketterer celebrar\u00e1 lanzamiento de \u2018Se\u00f1orita\u2019 con un show en San Felipe - Diario El Trabajo","isPartOf":{"@id":"https:\/\/eltrabajo.cl\/web\/#website"},"primaryImageOfPage":{"@id":"https:\/\/eltrabajo.cl\/web\/banda-ketterer-celebrara-lanzamiento-de-senorita-con-un-show-en-san-felipe\/#primaryimage"},"image":{"@id":"https:\/\/eltrabajo.cl\/web\/banda-ketterer-celebrara-lanzamiento-de-senorita-con-un-show-en-san-felipe\/#primaryimage"},"thumbnailUrl":"https:\/\/eltrabajo.cl\/web\/wp-content\/uploads\/2024\/11\/Ketterer-1.jpg","datePublished":"2024-11-27T00:40:09+00:00","breadcrumb":{"@id":"https:\/\/eltrabajo.cl\/web\/banda-ketterer-celebrara-lanzamiento-de-senorita-con-un-show-en-san-felipe\/#breadcrumb"},"inLanguage":"es-CL","potentialAction":[{"@type":"ReadAction","target":["https:\/\/eltrabajo.cl\/web\/banda-ketterer-celebrara-lanzamiento-de-senorita-con-un-show-en-san-felipe\/"]}]},{"@type":"ImageObject","inLanguage":"es-CL","@id":"https:\/\/eltrabajo.cl\/web\/banda-ketterer-celebrara-lanzamiento-de-senorita-con-un-show-en-san-felipe\/#primaryimage","url":"https:\/\/eltrabajo.cl\/web\/wp-content\/uploads\/2024\/11\/Ketterer-1.jpg","contentUrl":"https:\/\/eltrabajo.cl\/web\/wp-content\/uploads\/2024\/11\/Ketterer-1.jpg","width":699,"height":393,"caption":"Los integrantes de Ketterer, Sim\u00f3n Leiva, Koke Figueroa y Christian Lazo, se presentar\u00e1n el 7 de diciembre para lanzar su single \u2018Se\u00f1orita\u2019. (Foto: siham_.i en Instagram)."},{"@type":"BreadcrumbList","@id":"https:\/\/eltrabajo.cl\/web\/banda-ketterer-celebrara-lanzamiento-de-senorita-con-un-show-en-san-felipe\/#breadcrumb","itemListElement":[{"@type":"ListItem","position":1,"name":"Portada","item":"https:\/\/eltrabajo.cl\/web\/"},{"@type":"ListItem","position":2,"name":"Banda Ketterer celebrar\u00e1 lanzamiento de \u2018Se\u00f1orita\u2019 con un show en San Felipe"}]},{"@type":"WebSite","@id":"https:\/\/eltrabajo.cl\/web\/#website","url":"https:\/\/eltrabajo.cl\/web\/","name":"Diario El Trabajo","description":"Desde 1929 construyendo Identidad Local","publisher":{"@id":"https:\/\/eltrabajo.cl\/web\/#organization"},"potentialAction":[{"@type":"SearchAction","target":{"@type":"EntryPoint","urlTemplate":"https:\/\/eltrabajo.cl\/web\/?s={search_term_string}"},"query-input":{"@type":"PropertyValueSpecification","valueRequired":true,"valueName":"search_term_string"}}],"inLanguage":"es-CL"},{"@type":"Organization","@id":"https:\/\/eltrabajo.cl\/web\/#organization","name":"Diario El Trabajo","url":"https:\/\/eltrabajo.cl\/web\/","logo":{"@type":"ImageObject","inLanguage":"es-CL","@id":"https:\/\/eltrabajo.cl\/web\/#\/schema\/logo\/image\/","url":"https:\/\/eltrabajo.cl\/web\/wp-content\/uploads\/2024\/06\/profile-image-ig-page-diarioeltrabajo.jpg","contentUrl":"https:\/\/eltrabajo.cl\/web\/wp-content\/uploads\/2024\/06\/profile-image-ig-page-diarioeltrabajo.jpg","width":823,"height":823,"caption":"Diario El Trabajo"},"image":{"@id":"https:\/\/eltrabajo.cl\/web\/#\/schema\/logo\/image\/"},"sameAs":["https:\/\/www.facebook.com\/ElTrabajoDiario","https:\/\/x.com\/diarioeltrabajo"]},{"@type":"Person","@id":"https:\/\/eltrabajo.cl\/web\/#\/schema\/person\/45efd3d17f86ec456e44dd7debe1bf19","name":"Diario El Trabajo","image":{"@type":"ImageObject","inLanguage":"es-CL","@id":"https:\/\/secure.gravatar.com\/avatar\/7e6ec277dc4aea2677c2dc301d4227957219329c985ab69a3efc12518b5161aa?s=96&d=mm&r=g","url":"https:\/\/secure.gravatar.com\/avatar\/7e6ec277dc4aea2677c2dc301d4227957219329c985ab69a3efc12518b5161aa?s=96&d=mm&r=g","contentUrl":"https:\/\/secure.gravatar.com\/avatar\/7e6ec277dc4aea2677c2dc301d4227957219329c985ab69a3efc12518b5161aa?s=96&d=mm&r=g","caption":"Diario El Trabajo"},"sameAs":["https:\/\/eltrabajo.cl\/web"],"url":"https:\/\/eltrabajo.cl\/web\/author\/diario-el-trabajo\/"}]}},"_links":{"self":[{"href":"https:\/\/eltrabajo.cl\/web\/wp-json\/wp\/v2\/posts\/133496","targetHints":{"allow":["GET"]}}],"collection":[{"href":"https:\/\/eltrabajo.cl\/web\/wp-json\/wp\/v2\/posts"}],"about":[{"href":"https:\/\/eltrabajo.cl\/web\/wp-json\/wp\/v2\/types\/post"}],"author":[{"embeddable":true,"href":"https:\/\/eltrabajo.cl\/web\/wp-json\/wp\/v2\/users\/1"}],"replies":[{"embeddable":true,"href":"https:\/\/eltrabajo.cl\/web\/wp-json\/wp\/v2\/comments?post=133496"}],"version-history":[{"count":1,"href":"https:\/\/eltrabajo.cl\/web\/wp-json\/wp\/v2\/posts\/133496\/revisions"}],"predecessor-version":[{"id":133498,"href":"https:\/\/eltrabajo.cl\/web\/wp-json\/wp\/v2\/posts\/133496\/revisions\/133498"}],"wp:featuredmedia":[{"embeddable":true,"href":"https:\/\/eltrabajo.cl\/web\/wp-json\/wp\/v2\/media\/133497"}],"wp:attachment":[{"href":"https:\/\/eltrabajo.cl\/web\/wp-json\/wp\/v2\/media?parent=133496"}],"wp:term":[{"taxonomy":"category","embeddable":true,"href":"https:\/\/eltrabajo.cl\/web\/wp-json\/wp\/v2\/categories?post=133496"},{"taxonomy":"post_tag","embeddable":true,"href":"https:\/\/eltrabajo.cl\/web\/wp-json\/wp\/v2\/tags?post=133496"}],"curies":[{"name":"wp","href":"https:\/\/api.w.org\/{rel}","templated":true}]}}