{"id":133545,"date":"2024-11-28T21:51:20","date_gmt":"2024-11-29T00:51:20","guid":{"rendered":"https:\/\/eltrabajo.cl\/web\/?p=133545"},"modified":"2024-11-28T21:51:04","modified_gmt":"2024-11-29T00:51:04","slug":"multitudinarias-marchas-en-el-marco-del-paro-nacional-del-sector-publico","status":"publish","type":"post","link":"https:\/\/eltrabajo.cl\/web\/multitudinarias-marchas-en-el-marco-del-paro-nacional-del-sector-publico\/","title":{"rendered":"Multitudinarias marchas en el marco del paro nacional del sector p\u00fablico"},"content":{"rendered":"<ul>\n<li><strong>Diversos gremios se unieron como medida de presi\u00f3n al Gobierno.-<\/strong><\/li>\n<\/ul>\n<p>Durante la jornada del jueves los trabajadores y trabajadoras del sector p\u00fablico se sumaron al paro nacional convocado por la CUT y la mesa del sector p\u00fablico como medida de presi\u00f3n al Gobierno en el contexto de las negociaciones presupuestarias y mejoras laborales que se llevan a cabo en la parte final del a\u00f1o.<\/p>\n<p>En nuestra zona de Aconcagua, multitudinarias y pac\u00edficas marchas se produjeron poco antes del mediod\u00eda, en donde agrupaciones como salud, educaci\u00f3n y los propios municipios, caminaron por las calles de las comunas.<\/p>\n<p>En el caso de San Felipe, m\u00e1s de mil funcionarios y funcionarias p\u00fablicos marcharon. En este contexto, <strong>Mar\u00eda Cuellar<\/strong>, presidenta provincial de la CUT, se\u00f1al\u00f3 que <em>\u00abeste es un llamado a paro que hace la mesa del sector p\u00fablico en conjunto con la CUT, que a\u00f1o a a\u00f1o se da la negociaci\u00f3n colectiva del sector p\u00fablico; esta vez, la situaci\u00f3n es bastante compleja porque el pliego tiene que ver sobre el 3% sobre el IPC, y eso est\u00e1 bastante lejos de llegar a acercamiento\u00bb. <\/em><\/p>\n<p>Junto con esto, la dirigente indic\u00f3 que <em>\u00abadem\u00e1s, se suma a todo lo que es la inseguridad laboral con el decreto que da contralor\u00eda sobre el tema de confianza leg\u00edtima, y que deja a libre albedr\u00edo a las organizaciones municipales de despedir a los trabajadores porque ellos no se van a meter en las querellas que se p\u00fablicos puedan ser despedidos el d\u00eda que se les d\u00e9 la gana\u00bb. <\/em><\/p>\n<p>Respecto de la masiva convocatoria que tuvo esta marcha, Cuellar coment\u00f3 que <em>\u00abcreo que obedece a eso, al clima de inseguridad que hoy d\u00eda est\u00e1n viviendo los funcionarios p\u00fablicos con su carrera funcionaria y todo lo que significa con la estabilidad laboral. Yo creo que eso a todos les hace ruido, producto de la inseguridad sumado al reajuste que se est\u00e1 teniendo, porque en el presupuesto 2025 hay una rebaja importante, donde todas las carteras est\u00e1n sufriendo bajas. Eso significa calidad en el trabajo, condiciones laborales y el servicio hacia la comunidad, porque eso no est\u00e1 garantizado\u00bb. <\/em><\/p>\n<p>Asimismo, y en cuanto a la posibilidad de que se pueda agudizar o prolongar esta movilizaci\u00f3n, Mar\u00eda Cuellar sostuvo que <em>\u00absiempre cabe la posibilidad de que no se llegue a acuerdo, se reunir\u00e1n con la ministra y de ah\u00ed depende el llamado a radicalizar o no, es todo un tema de negociaci\u00f3n\u00bb,<\/em> cerr\u00f3.<\/p>\n<figure id=\"attachment_133546\" aria-describedby=\"caption-attachment-133546\" style=\"width: 699px\" class=\"wp-caption alignnone\"><img loading=\"lazy\" decoding=\"async\" class=\"size-full wp-image-133546\" src=\"https:\/\/eltrabajo.cl\/web\/wp-content\/uploads\/2024\/11\/marcha-portada-2.jpg\" alt=\"Miles de trabajadores p\u00fablicos participaron de la marcha. \" width=\"699\" height=\"524\" srcset=\"https:\/\/eltrabajo.cl\/web\/wp-content\/uploads\/2024\/11\/marcha-portada-2.jpg 699w, https:\/\/eltrabajo.cl\/web\/wp-content\/uploads\/2024\/11\/marcha-portada-2-300x225.jpg 300w, https:\/\/eltrabajo.cl\/web\/wp-content\/uploads\/2024\/11\/marcha-portada-2-560x420.jpg 560w, https:\/\/eltrabajo.cl\/web\/wp-content\/uploads\/2024\/11\/marcha-portada-2-80x60.jpg 80w, https:\/\/eltrabajo.cl\/web\/wp-content\/uploads\/2024\/11\/marcha-portada-2-150x112.jpg 150w, https:\/\/eltrabajo.cl\/web\/wp-content\/uploads\/2024\/11\/marcha-portada-2-696x522.jpg 696w, https:\/\/eltrabajo.cl\/web\/wp-content\/uploads\/2024\/11\/marcha-portada-2-265x198.jpg 265w\" sizes=\"auto, (max-width: 699px) 100vw, 699px\" \/><figcaption id=\"caption-attachment-133546\" class=\"wp-caption-text\">Miles de trabajadores p\u00fablicos participaron de la marcha.<\/figcaption><\/figure>\n","protected":false},"excerpt":{"rendered":"<p>Diversos gremios se unieron como medida de presi\u00f3n al Gobierno.- Durante la jornada del jueves los trabajadores y trabajadoras del sector p\u00fablico se sumaron al paro nacional convocado por la CUT y la mesa del sector p\u00fablico como medida de presi\u00f3n al Gobierno en el contexto de las negociaciones presupuestarias y mejoras laborales que se [&hellip;]<\/p>\n","protected":false},"author":1,"featured_media":133546,"comment_status":"open","ping_status":"closed","sticky":false,"template":"","format":"standard","meta":{"footnotes":""},"categories":[3],"tags":[],"class_list":{"0":"post-133545","1":"post","2":"type-post","3":"status-publish","4":"format-standard","5":"has-post-thumbnail","7":"category-cronica-2"},"yoast_head":"<!-- This site is optimized with the Yoast SEO plugin v27.4 - https:\/\/yoast.com\/product\/yoast-seo-wordpress\/ -->\n<title>Multitudinarias marchas en el marco del paro nacional del sector p\u00fablico - Diario El Trabajo<\/title>\n<meta name=\"robots\" content=\"index, follow, max-snippet:-1, max-image-preview:large, max-video-preview:-1\" \/>\n<link rel=\"canonical\" href=\"https:\/\/eltrabajo.cl\/web\/multitudinarias-marchas-en-el-marco-del-paro-nacional-del-sector-publico\/\" \/>\n<meta property=\"og:locale\" content=\"es_ES\" \/>\n<meta property=\"og:type\" content=\"article\" \/>\n<meta property=\"og:title\" content=\"Multitudinarias marchas en el marco del paro nacional del sector p\u00fablico - Diario El Trabajo\" \/>\n<meta property=\"og:description\" content=\"Diversos gremios se unieron como medida de presi\u00f3n al Gobierno.- Durante la jornada del jueves los trabajadores y trabajadoras del sector p\u00fablico se sumaron al paro nacional convocado por la CUT y la mesa del sector p\u00fablico como medida de presi\u00f3n al Gobierno en el contexto de las negociaciones presupuestarias y mejoras laborales que se [&hellip;]\" \/>\n<meta property=\"og:url\" content=\"https:\/\/eltrabajo.cl\/web\/multitudinarias-marchas-en-el-marco-del-paro-nacional-del-sector-publico\/\" \/>\n<meta property=\"og:site_name\" content=\"Diario El Trabajo\" \/>\n<meta property=\"article:publisher\" content=\"https:\/\/www.facebook.com\/ElTrabajoDiario\" \/>\n<meta property=\"article:published_time\" content=\"2024-11-29T00:51:20+00:00\" \/>\n<meta property=\"og:image\" content=\"https:\/\/eltrabajo.cl\/web\/wp-content\/uploads\/2024\/11\/marcha-portada-2.jpg\" \/>\n\t<meta property=\"og:image:width\" content=\"699\" \/>\n\t<meta property=\"og:image:height\" content=\"524\" \/>\n\t<meta property=\"og:image:type\" content=\"image\/jpeg\" \/>\n<meta name=\"author\" content=\"Diario El Trabajo\" \/>\n<meta name=\"twitter:card\" content=\"summary_large_image\" \/>\n<meta name=\"twitter:creator\" content=\"@diarioeltrabajo\" \/>\n<meta name=\"twitter:site\" content=\"@diarioeltrabajo\" \/>\n<meta name=\"twitter:label1\" content=\"Escrito por\" \/>\n\t<meta name=\"twitter:data1\" content=\"Diario El Trabajo\" \/>\n\t<meta name=\"twitter:label2\" content=\"Tiempo estimado de lectura\" \/>\n\t<meta name=\"twitter:data2\" content=\"3 minutos\" \/>\n<script type=\"application\/ld+json\" class=\"yoast-schema-graph\">{\"@context\":\"https:\\\/\\\/schema.org\",\"@graph\":[{\"@type\":\"Article\",\"@id\":\"https:\\\/\\\/eltrabajo.cl\\\/web\\\/multitudinarias-marchas-en-el-marco-del-paro-nacional-del-sector-publico\\\/#article\",\"isPartOf\":{\"@id\":\"https:\\\/\\\/eltrabajo.cl\\\/web\\\/multitudinarias-marchas-en-el-marco-del-paro-nacional-del-sector-publico\\\/\"},\"author\":{\"name\":\"Diario El Trabajo\",\"@id\":\"https:\\\/\\\/eltrabajo.cl\\\/web\\\/#\\\/schema\\\/person\\\/45efd3d17f86ec456e44dd7debe1bf19\"},\"headline\":\"Multitudinarias marchas en el marco del paro nacional del sector p\u00fablico\",\"datePublished\":\"2024-11-29T00:51:20+00:00\",\"mainEntityOfPage\":{\"@id\":\"https:\\\/\\\/eltrabajo.cl\\\/web\\\/multitudinarias-marchas-en-el-marco-del-paro-nacional-del-sector-publico\\\/\"},\"wordCount\":458,\"commentCount\":0,\"publisher\":{\"@id\":\"https:\\\/\\\/eltrabajo.cl\\\/web\\\/#organization\"},\"image\":{\"@id\":\"https:\\\/\\\/eltrabajo.cl\\\/web\\\/multitudinarias-marchas-en-el-marco-del-paro-nacional-del-sector-publico\\\/#primaryimage\"},\"thumbnailUrl\":\"https:\\\/\\\/eltrabajo.cl\\\/web\\\/wp-content\\\/uploads\\\/2024\\\/11\\\/marcha-portada-2.jpg\",\"articleSection\":[\"Cr\u00f3nica\"],\"inLanguage\":\"es-CL\",\"potentialAction\":[{\"@type\":\"CommentAction\",\"name\":\"Comment\",\"target\":[\"https:\\\/\\\/eltrabajo.cl\\\/web\\\/multitudinarias-marchas-en-el-marco-del-paro-nacional-del-sector-publico\\\/#respond\"]}]},{\"@type\":\"WebPage\",\"@id\":\"https:\\\/\\\/eltrabajo.cl\\\/web\\\/multitudinarias-marchas-en-el-marco-del-paro-nacional-del-sector-publico\\\/\",\"url\":\"https:\\\/\\\/eltrabajo.cl\\\/web\\\/multitudinarias-marchas-en-el-marco-del-paro-nacional-del-sector-publico\\\/\",\"name\":\"Multitudinarias marchas en el marco del paro nacional del sector p\u00fablico - Diario El Trabajo\",\"isPartOf\":{\"@id\":\"https:\\\/\\\/eltrabajo.cl\\\/web\\\/#website\"},\"primaryImageOfPage\":{\"@id\":\"https:\\\/\\\/eltrabajo.cl\\\/web\\\/multitudinarias-marchas-en-el-marco-del-paro-nacional-del-sector-publico\\\/#primaryimage\"},\"image\":{\"@id\":\"https:\\\/\\\/eltrabajo.cl\\\/web\\\/multitudinarias-marchas-en-el-marco-del-paro-nacional-del-sector-publico\\\/#primaryimage\"},\"thumbnailUrl\":\"https:\\\/\\\/eltrabajo.cl\\\/web\\\/wp-content\\\/uploads\\\/2024\\\/11\\\/marcha-portada-2.jpg\",\"datePublished\":\"2024-11-29T00:51:20+00:00\",\"breadcrumb\":{\"@id\":\"https:\\\/\\\/eltrabajo.cl\\\/web\\\/multitudinarias-marchas-en-el-marco-del-paro-nacional-del-sector-publico\\\/#breadcrumb\"},\"inLanguage\":\"es-CL\",\"potentialAction\":[{\"@type\":\"ReadAction\",\"target\":[\"https:\\\/\\\/eltrabajo.cl\\\/web\\\/multitudinarias-marchas-en-el-marco-del-paro-nacional-del-sector-publico\\\/\"]}]},{\"@type\":\"ImageObject\",\"inLanguage\":\"es-CL\",\"@id\":\"https:\\\/\\\/eltrabajo.cl\\\/web\\\/multitudinarias-marchas-en-el-marco-del-paro-nacional-del-sector-publico\\\/#primaryimage\",\"url\":\"https:\\\/\\\/eltrabajo.cl\\\/web\\\/wp-content\\\/uploads\\\/2024\\\/11\\\/marcha-portada-2.jpg\",\"contentUrl\":\"https:\\\/\\\/eltrabajo.cl\\\/web\\\/wp-content\\\/uploads\\\/2024\\\/11\\\/marcha-portada-2.jpg\",\"width\":699,\"height\":524,\"caption\":\"Miles de trabajadores p\u00fablicos participaron de la marcha.\"},{\"@type\":\"BreadcrumbList\",\"@id\":\"https:\\\/\\\/eltrabajo.cl\\\/web\\\/multitudinarias-marchas-en-el-marco-del-paro-nacional-del-sector-publico\\\/#breadcrumb\",\"itemListElement\":[{\"@type\":\"ListItem\",\"position\":1,\"name\":\"Portada\",\"item\":\"https:\\\/\\\/eltrabajo.cl\\\/web\\\/\"},{\"@type\":\"ListItem\",\"position\":2,\"name\":\"Multitudinarias marchas en el marco del paro nacional del sector p\u00fablico\"}]},{\"@type\":\"WebSite\",\"@id\":\"https:\\\/\\\/eltrabajo.cl\\\/web\\\/#website\",\"url\":\"https:\\\/\\\/eltrabajo.cl\\\/web\\\/\",\"name\":\"Diario El Trabajo\",\"description\":\"Desde 1929 construyendo Identidad Local\",\"publisher\":{\"@id\":\"https:\\\/\\\/eltrabajo.cl\\\/web\\\/#organization\"},\"potentialAction\":[{\"@type\":\"SearchAction\",\"target\":{\"@type\":\"EntryPoint\",\"urlTemplate\":\"https:\\\/\\\/eltrabajo.cl\\\/web\\\/?s={search_term_string}\"},\"query-input\":{\"@type\":\"PropertyValueSpecification\",\"valueRequired\":true,\"valueName\":\"search_term_string\"}}],\"inLanguage\":\"es-CL\"},{\"@type\":\"Organization\",\"@id\":\"https:\\\/\\\/eltrabajo.cl\\\/web\\\/#organization\",\"name\":\"Diario El Trabajo\",\"url\":\"https:\\\/\\\/eltrabajo.cl\\\/web\\\/\",\"logo\":{\"@type\":\"ImageObject\",\"inLanguage\":\"es-CL\",\"@id\":\"https:\\\/\\\/eltrabajo.cl\\\/web\\\/#\\\/schema\\\/logo\\\/image\\\/\",\"url\":\"https:\\\/\\\/eltrabajo.cl\\\/web\\\/wp-content\\\/uploads\\\/2024\\\/06\\\/profile-image-ig-page-diarioeltrabajo.jpg\",\"contentUrl\":\"https:\\\/\\\/eltrabajo.cl\\\/web\\\/wp-content\\\/uploads\\\/2024\\\/06\\\/profile-image-ig-page-diarioeltrabajo.jpg\",\"width\":823,\"height\":823,\"caption\":\"Diario El Trabajo\"},\"image\":{\"@id\":\"https:\\\/\\\/eltrabajo.cl\\\/web\\\/#\\\/schema\\\/logo\\\/image\\\/\"},\"sameAs\":[\"https:\\\/\\\/www.facebook.com\\\/ElTrabajoDiario\",\"https:\\\/\\\/x.com\\\/diarioeltrabajo\"]},{\"@type\":\"Person\",\"@id\":\"https:\\\/\\\/eltrabajo.cl\\\/web\\\/#\\\/schema\\\/person\\\/45efd3d17f86ec456e44dd7debe1bf19\",\"name\":\"Diario El Trabajo\",\"image\":{\"@type\":\"ImageObject\",\"inLanguage\":\"es-CL\",\"@id\":\"https:\\\/\\\/secure.gravatar.com\\\/avatar\\\/7e6ec277dc4aea2677c2dc301d4227957219329c985ab69a3efc12518b5161aa?s=96&d=mm&r=g\",\"url\":\"https:\\\/\\\/secure.gravatar.com\\\/avatar\\\/7e6ec277dc4aea2677c2dc301d4227957219329c985ab69a3efc12518b5161aa?s=96&d=mm&r=g\",\"contentUrl\":\"https:\\\/\\\/secure.gravatar.com\\\/avatar\\\/7e6ec277dc4aea2677c2dc301d4227957219329c985ab69a3efc12518b5161aa?s=96&d=mm&r=g\",\"caption\":\"Diario El Trabajo\"},\"sameAs\":[\"https:\\\/\\\/eltrabajo.cl\\\/web\"],\"url\":\"https:\\\/\\\/eltrabajo.cl\\\/web\\\/author\\\/diario-el-trabajo\\\/\"}]}<\/script>\n<!-- \/ Yoast SEO plugin. -->","yoast_head_json":{"title":"Multitudinarias marchas en el marco del paro nacional del sector p\u00fablico - Diario El Trabajo","robots":{"index":"index","follow":"follow","max-snippet":"max-snippet:-1","max-image-preview":"max-image-preview:large","max-video-preview":"max-video-preview:-1"},"canonical":"https:\/\/eltrabajo.cl\/web\/multitudinarias-marchas-en-el-marco-del-paro-nacional-del-sector-publico\/","og_locale":"es_ES","og_type":"article","og_title":"Multitudinarias marchas en el marco del paro nacional del sector p\u00fablico - Diario El Trabajo","og_description":"Diversos gremios se unieron como medida de presi\u00f3n al Gobierno.- Durante la jornada del jueves los trabajadores y trabajadoras del sector p\u00fablico se sumaron al paro nacional convocado por la CUT y la mesa del sector p\u00fablico como medida de presi\u00f3n al Gobierno en el contexto de las negociaciones presupuestarias y mejoras laborales que se [&hellip;]","og_url":"https:\/\/eltrabajo.cl\/web\/multitudinarias-marchas-en-el-marco-del-paro-nacional-del-sector-publico\/","og_site_name":"Diario El Trabajo","article_publisher":"https:\/\/www.facebook.com\/ElTrabajoDiario","article_published_time":"2024-11-29T00:51:20+00:00","og_image":[{"width":699,"height":524,"url":"https:\/\/eltrabajo.cl\/web\/wp-content\/uploads\/2024\/11\/marcha-portada-2.jpg","type":"image\/jpeg"}],"author":"Diario El Trabajo","twitter_card":"summary_large_image","twitter_creator":"@diarioeltrabajo","twitter_site":"@diarioeltrabajo","twitter_misc":{"Escrito por":"Diario El Trabajo","Tiempo estimado de lectura":"3 minutos"},"schema":{"@context":"https:\/\/schema.org","@graph":[{"@type":"Article","@id":"https:\/\/eltrabajo.cl\/web\/multitudinarias-marchas-en-el-marco-del-paro-nacional-del-sector-publico\/#article","isPartOf":{"@id":"https:\/\/eltrabajo.cl\/web\/multitudinarias-marchas-en-el-marco-del-paro-nacional-del-sector-publico\/"},"author":{"name":"Diario El Trabajo","@id":"https:\/\/eltrabajo.cl\/web\/#\/schema\/person\/45efd3d17f86ec456e44dd7debe1bf19"},"headline":"Multitudinarias marchas en el marco del paro nacional del sector p\u00fablico","datePublished":"2024-11-29T00:51:20+00:00","mainEntityOfPage":{"@id":"https:\/\/eltrabajo.cl\/web\/multitudinarias-marchas-en-el-marco-del-paro-nacional-del-sector-publico\/"},"wordCount":458,"commentCount":0,"publisher":{"@id":"https:\/\/eltrabajo.cl\/web\/#organization"},"image":{"@id":"https:\/\/eltrabajo.cl\/web\/multitudinarias-marchas-en-el-marco-del-paro-nacional-del-sector-publico\/#primaryimage"},"thumbnailUrl":"https:\/\/eltrabajo.cl\/web\/wp-content\/uploads\/2024\/11\/marcha-portada-2.jpg","articleSection":["Cr\u00f3nica"],"inLanguage":"es-CL","potentialAction":[{"@type":"CommentAction","name":"Comment","target":["https:\/\/eltrabajo.cl\/web\/multitudinarias-marchas-en-el-marco-del-paro-nacional-del-sector-publico\/#respond"]}]},{"@type":"WebPage","@id":"https:\/\/eltrabajo.cl\/web\/multitudinarias-marchas-en-el-marco-del-paro-nacional-del-sector-publico\/","url":"https:\/\/eltrabajo.cl\/web\/multitudinarias-marchas-en-el-marco-del-paro-nacional-del-sector-publico\/","name":"Multitudinarias marchas en el marco del paro nacional del sector p\u00fablico - Diario El Trabajo","isPartOf":{"@id":"https:\/\/eltrabajo.cl\/web\/#website"},"primaryImageOfPage":{"@id":"https:\/\/eltrabajo.cl\/web\/multitudinarias-marchas-en-el-marco-del-paro-nacional-del-sector-publico\/#primaryimage"},"image":{"@id":"https:\/\/eltrabajo.cl\/web\/multitudinarias-marchas-en-el-marco-del-paro-nacional-del-sector-publico\/#primaryimage"},"thumbnailUrl":"https:\/\/eltrabajo.cl\/web\/wp-content\/uploads\/2024\/11\/marcha-portada-2.jpg","datePublished":"2024-11-29T00:51:20+00:00","breadcrumb":{"@id":"https:\/\/eltrabajo.cl\/web\/multitudinarias-marchas-en-el-marco-del-paro-nacional-del-sector-publico\/#breadcrumb"},"inLanguage":"es-CL","potentialAction":[{"@type":"ReadAction","target":["https:\/\/eltrabajo.cl\/web\/multitudinarias-marchas-en-el-marco-del-paro-nacional-del-sector-publico\/"]}]},{"@type":"ImageObject","inLanguage":"es-CL","@id":"https:\/\/eltrabajo.cl\/web\/multitudinarias-marchas-en-el-marco-del-paro-nacional-del-sector-publico\/#primaryimage","url":"https:\/\/eltrabajo.cl\/web\/wp-content\/uploads\/2024\/11\/marcha-portada-2.jpg","contentUrl":"https:\/\/eltrabajo.cl\/web\/wp-content\/uploads\/2024\/11\/marcha-portada-2.jpg","width":699,"height":524,"caption":"Miles de trabajadores p\u00fablicos participaron de la marcha."},{"@type":"BreadcrumbList","@id":"https:\/\/eltrabajo.cl\/web\/multitudinarias-marchas-en-el-marco-del-paro-nacional-del-sector-publico\/#breadcrumb","itemListElement":[{"@type":"ListItem","position":1,"name":"Portada","item":"https:\/\/eltrabajo.cl\/web\/"},{"@type":"ListItem","position":2,"name":"Multitudinarias marchas en el marco del paro nacional del sector p\u00fablico"}]},{"@type":"WebSite","@id":"https:\/\/eltrabajo.cl\/web\/#website","url":"https:\/\/eltrabajo.cl\/web\/","name":"Diario El Trabajo","description":"Desde 1929 construyendo Identidad Local","publisher":{"@id":"https:\/\/eltrabajo.cl\/web\/#organization"},"potentialAction":[{"@type":"SearchAction","target":{"@type":"EntryPoint","urlTemplate":"https:\/\/eltrabajo.cl\/web\/?s={search_term_string}"},"query-input":{"@type":"PropertyValueSpecification","valueRequired":true,"valueName":"search_term_string"}}],"inLanguage":"es-CL"},{"@type":"Organization","@id":"https:\/\/eltrabajo.cl\/web\/#organization","name":"Diario El Trabajo","url":"https:\/\/eltrabajo.cl\/web\/","logo":{"@type":"ImageObject","inLanguage":"es-CL","@id":"https:\/\/eltrabajo.cl\/web\/#\/schema\/logo\/image\/","url":"https:\/\/eltrabajo.cl\/web\/wp-content\/uploads\/2024\/06\/profile-image-ig-page-diarioeltrabajo.jpg","contentUrl":"https:\/\/eltrabajo.cl\/web\/wp-content\/uploads\/2024\/06\/profile-image-ig-page-diarioeltrabajo.jpg","width":823,"height":823,"caption":"Diario El Trabajo"},"image":{"@id":"https:\/\/eltrabajo.cl\/web\/#\/schema\/logo\/image\/"},"sameAs":["https:\/\/www.facebook.com\/ElTrabajoDiario","https:\/\/x.com\/diarioeltrabajo"]},{"@type":"Person","@id":"https:\/\/eltrabajo.cl\/web\/#\/schema\/person\/45efd3d17f86ec456e44dd7debe1bf19","name":"Diario El Trabajo","image":{"@type":"ImageObject","inLanguage":"es-CL","@id":"https:\/\/secure.gravatar.com\/avatar\/7e6ec277dc4aea2677c2dc301d4227957219329c985ab69a3efc12518b5161aa?s=96&d=mm&r=g","url":"https:\/\/secure.gravatar.com\/avatar\/7e6ec277dc4aea2677c2dc301d4227957219329c985ab69a3efc12518b5161aa?s=96&d=mm&r=g","contentUrl":"https:\/\/secure.gravatar.com\/avatar\/7e6ec277dc4aea2677c2dc301d4227957219329c985ab69a3efc12518b5161aa?s=96&d=mm&r=g","caption":"Diario El Trabajo"},"sameAs":["https:\/\/eltrabajo.cl\/web"],"url":"https:\/\/eltrabajo.cl\/web\/author\/diario-el-trabajo\/"}]}},"_links":{"self":[{"href":"https:\/\/eltrabajo.cl\/web\/wp-json\/wp\/v2\/posts\/133545","targetHints":{"allow":["GET"]}}],"collection":[{"href":"https:\/\/eltrabajo.cl\/web\/wp-json\/wp\/v2\/posts"}],"about":[{"href":"https:\/\/eltrabajo.cl\/web\/wp-json\/wp\/v2\/types\/post"}],"author":[{"embeddable":true,"href":"https:\/\/eltrabajo.cl\/web\/wp-json\/wp\/v2\/users\/1"}],"replies":[{"embeddable":true,"href":"https:\/\/eltrabajo.cl\/web\/wp-json\/wp\/v2\/comments?post=133545"}],"version-history":[{"count":1,"href":"https:\/\/eltrabajo.cl\/web\/wp-json\/wp\/v2\/posts\/133545\/revisions"}],"predecessor-version":[{"id":133547,"href":"https:\/\/eltrabajo.cl\/web\/wp-json\/wp\/v2\/posts\/133545\/revisions\/133547"}],"wp:featuredmedia":[{"embeddable":true,"href":"https:\/\/eltrabajo.cl\/web\/wp-json\/wp\/v2\/media\/133546"}],"wp:attachment":[{"href":"https:\/\/eltrabajo.cl\/web\/wp-json\/wp\/v2\/media?parent=133545"}],"wp:term":[{"taxonomy":"category","embeddable":true,"href":"https:\/\/eltrabajo.cl\/web\/wp-json\/wp\/v2\/categories?post=133545"},{"taxonomy":"post_tag","embeddable":true,"href":"https:\/\/eltrabajo.cl\/web\/wp-json\/wp\/v2\/tags?post=133545"}],"curies":[{"name":"wp","href":"https:\/\/api.w.org\/{rel}","templated":true}]}}